{"id":13819,"date":"2023-09-08T11:30:55","date_gmt":"2023-09-08T09:30:55","guid":{"rendered":"https:\/\/www.casaldelsinfants.org\/?p=13819"},"modified":"2023-11-07T16:08:42","modified_gmt":"2023-11-07T14:08:42","slug":"fortalecemoslaeducacion","status":"publish","type":"post","link":"https:\/\/www.casaldelsinfants.org\/es\/actualidad\/fortalecemoslaeducacion\/","title":{"rendered":"\u00bfC\u00f3mo fortalecemos la educaci\u00f3n de ni\u00f1os y ni\u00f1as en riesgo?"},"content":{"rendered":"<p>Empezamos un nuevo curso, y uno de los principales retos vuelve a ser combatir las desigualdades en la educaci\u00f3n. Queremos evitar que marquen el aprendizaje de los ni\u00f1os, ni\u00f1as y adolescentes y, como consecuencia, su bienestar en el futuro. En Catalunya, <strong>el alumnado de familias con pocos ingresos, un nivel educativo bajo o de origen migrante tiene m\u00e1s riesgo de sufrir bajos resultados educativos.\u00a0<\/strong>Tambi\u00e9n lo tiene m\u00e1s dif\u00edcil para graduarse de la ESO y continuar estudiando m\u00e1s all\u00e1 de esta etapa (abandono escolar prematuro). Las desigualdades educativas no s\u00f3lo se dan dentro de las aulas. Porque cuando acaban las clases, quedan muchas horas para aprender, y no todo el mundo tiene las mismas herramientas y apoyos para hacerlo. Para afrontarlo, en el Casal dels Infants fortalecemos la educaci\u00f3n de m\u00e1s de 3.000 ni\u00f1os, ni\u00f1as y adolescentes en riesgo de exclusi\u00f3n.<\/p>\n<h2 style=\"text-align: center;\"><a href=\"https:\/\/www.casaldelsinfants.org\/es\/dona-ahora\/\"><span style=\"color: #00664a;\"><strong>AY\u00daDANOS A HACERLO POSIBLE<\/strong><\/span><\/a><\/h2>\n<h2><\/h2>\n<p>&nbsp;<\/p>\n<h2 style=\"text-align: left;\"><b>Las desigualdades en las aulas<\/b><\/h2>\n<p>La etapa<strong> de los 0 a los 3 a\u00f1os<\/strong> es decisiva en el desarrollo de la infancia. Sin embargo, las desigualdades en los centros educativos empiezan muy pronto. Los jardines de infancia no son un servicio universal ni gratuito. La excepci\u00f3n es el curso I2, en el que la escolarizaci\u00f3n no tiene coste. Esto provoca que los ni\u00f1os y ni\u00f1as en situaci\u00f3n social desfavorecida y de nacionalidad extranjera sean los que menos acceden a estos centros educativos.<\/p>\n<p>En la educaci\u00f3n primaria y secundaria, como hemos visto, la situaci\u00f3n social de las familias y su origen tambi\u00e9n determinan el \u00e9xito educativo de sus hijos e hijas. Tiene mucho que ver con ello la segregaci\u00f3n escolar (el alumnado socialmente vulnerable se concentra en determinadas escuelas e institutos). Otro de los deberes pendientes es corregir una inversi\u00f3n p\u00fablica insuficiente en educaci\u00f3n: actualmente es del 4,2% del PIB, por debajo del 6% que establece la Ley de Educaci\u00f3n de Catalunya.<\/p>\n<h2><b>Las desigualdades fuera de las aulas<\/b><\/h2>\n<p>Cada tarde, <strong>muchos chicos y chicas no tienen acceso a actividades que enriquezcan sus aprendizajes<\/strong>. Cuando quieren realizar tareas de la escuela o del instituto, los hay que <strong>no disponen de un espacio adecuado<\/strong>. E<span style=\"font-weight: 400;\">n Barcelona, el 14% de los ni\u00f1os y ni\u00f1as viven en habitaciones sobreocupadas, con habitaciones insuficientes para las personas que viven.<\/span><\/p>\n<p>A menudo su familia no tiene tiempo o recursos para ofrecerles apoyo educativo. Las jornadas laborales largas, muchas veces en condiciones precarias, y las cargas familiares son para muchas un impedimento. M\u00e1s all\u00e1 del tiempo, muchos padres y madres no tienen las competencias necesarias para apoyar a sus hijos e hijas en los estudios, a causa de un nivel educativo mayoritariamente bajo. En muchos casos tampoco dominan suficientemente el catal\u00e1n y el castellano.<\/p>\n<p><span style=\"font-weight: 400;\">Son hogares en las que <strong>dif\u00edcilmente hay libros, y algunas no disponen de conexi\u00f3n a internet o de acceso a dispositivos digitales<\/strong>. A la hora de aprender, tan importante como estas carencias es el <strong>malestar emocional<\/strong> que genera a los ni\u00f1os y ni\u00f1as vivir en una situaci\u00f3n socioecon\u00f3mica dif\u00edcil.<\/span><\/p>\n<h2><b>\u00bfC\u00f3mo fortalecemos su educaci\u00f3n desde el Casal dels Infants?<\/b><\/h2>\n<p>En el Casal dels Infants una de nuestras prioridades para conseguir que los ni\u00f1os y ni\u00f1as superen el riesgo de exclusi\u00f3n social es garantizarles espacios de <strong>refuerzo y orientaci\u00f3n en su itinerario educativo<\/strong>. Con el <strong>apoyo constante del equipo educativo y de personas voluntarias<\/strong> buscamos, en definitiva, que ninguno de ellos se quede atr\u00e1s.<\/p>\n<p>Empezamos desde bien temprano, cuando tienen <strong>entre los 0 y los 3 a\u00f1os<\/strong>. En nuestro servicio maternoinfantil V\u00ednculos adquieren h\u00e1bitos y competencias necesarios en esta etapa clave en su desarrollo.<\/p>\n<p><strong>De los 3 a los 16 a\u00f1os<\/strong>, les garantizamos un <strong>acompa\u00f1amiento individualizado y de refuerzo educativo<\/strong>, a trav\u00e9s del Centro Abierto, los Casals Familiares y los Espacios y Servicios Socioeducativos. Somos un referente con el que consolidan y ampl\u00edan lo que han aprendido en la escuelo. Involucramos a las familias, y los orientamos para que hagan la<strong> transici\u00f3n entre etapas educativas con garant\u00edas de \u00e9xito<\/strong>.<\/p>\n<p><b>De los 16 a los 21 a\u00f1os<\/b>, nuestro esfuerzo para que continuen form\u00e1ndose da continuidad al refuerzo educativo que les garantizamos en la infancia y la adolescencia. En esta etapa tambi\u00e9n es clave nuestro <strong>Programa de Becas<\/strong>, porque buscamos <strong>que no se les cierre ninguna puerta para formarse<\/strong>. Lo hacemos con la financiaci\u00f3n de la Fundaci\u00f3n Nous Cims, la Fundaci\u00f3n Kasperle y la Fundaci\u00f3n Sandra Salgado Montells.<\/p>\n<p>En todas estas etapas, el apoyo educativo es parte del acompa\u00f1amiento integral que garantizamos a los ni\u00f1os y ni\u00f1as y a sus familias. Nuestro objetivo es que superen el riesgo de exclusi\u00f3n social. Buscamos soluciones para cubrir sus necesidades b\u00e1sicas y actuamos ante otras vulneraciones de derechos que sufren, trabajando en red con los servicios sociales, los centros educativos y otros recursos de cada barrio.<\/p>\n<h2><strong>Algunas cifras relevantes:<\/strong><\/h2>\n<ul>\n<li>En los resultados del informe PISA, el alumnado de clase baja consigue de media 50 puntos menos que los de clase media y 80 puntos menos que el de clase alta en las diferentes competencias. <span style=\"font-weight: 400;\"><em>Fuente: <\/em><\/span><em><a href=\"https:\/\/fundaciobofill.cat\/es\/anuari-2020\"><span style=\"font-weight: 400;\">\u201cEl estado de la educaci\u00f3n en Catalunya\u201d<\/span><\/a><span style=\"font-weight: 400;\"> (2020), Fundaci\u00f3 Bofill.<\/span><\/em><\/li>\n<li><span style=\"font-weight: 400;\">El 16,9% de j\u00f3venes entre los 18 y los 24 a\u00f1os no estudian y se han graduado, como m\u00e1ximo, de la ESO. El abandono escolar prematuro entre personas de nacionalidad de pa\u00edses que no pertenecen a la Uni\u00f3n Europea (38%) triplica el de las de nacionalidad espa\u00f1ola (13%). <em>Fuente: <a href=\"https:\/\/www.idescat.cat\/indicadors\/?id=ods&amp;n=13913&amp;lang=es\">Idescat<\/a>, a partir de la Encuesta de Poblaci\u00f3n Activa del INE (2022).<\/em><\/span><\/li>\n<li>El abandono prematuro tambi\u00e9n afecta a uno de cada cinco j\u00f3venes con ingresos bajos, y s\u00f3lo al 1% de los que tienen ingresos altos. <em>Fuente: \u00ab<a href=\"https:\/\/fundaciobofill.cat\/es\/plataforma-cero-abandono\">El abandono escolar prematuro en Catalunya. Radiograf\u00eda de la situaci\u00f3n actual\u00bb<\/a> (2022), Fundaci\u00f3 Bofill.<\/em><\/li>\n<li>Pr\u00e1cticamente 1 de cada 5 personas que s\u00f3lo han conseguido la ESO se encuentra en riesgo de pobreza, mientras que s\u00f3lo est\u00e1n en esta situaci\u00f3n un 10% de las que tienen estudios superiores. <em>Fuente: I<a href=\"https:\/\/www.idescat.cat\/pub\/?id=ecv&amp;n=7610&amp;lang=es\">descat<\/a>, Encuesta de Condiciones de Vida.<\/em><\/li>\n<\/ul>\n<blockquote><p>Ay\u00fadanos a seguir apoyando a m\u00e1s de 3.000 ni\u00f1os, ni\u00f1as y adolescentes en riesgo para que fortalezcan su educaci\u00f3n.<\/p>\n<p>&nbsp;<\/p>\n<p><strong>Haz un <a href=\"https:\/\/www.casaldelsinfants.org\/es\/dona-ahora\/\">donativo<\/a><\/strong><\/p>\n<p><strong>Haz <a href=\"https:\/\/www.casaldelsinfants.org\/es\/que-puedes-hacer-tu\/voluntariado\/\">voluntariado<\/a><\/strong><\/p><\/blockquote>\n<p>&nbsp;<\/p>\n","protected":false},"excerpt":{"rendered":"<p>Empezamos un nuevo curso, y uno de los principales retos vuelve a ser combatir las desigualdades en la educaci\u00f3n. Queremos evitar que marquen el aprendizaje de los ni\u00f1os, ni\u00f1as y adolescentes y, como consecuencia, su bienestar en el futuro. En Catalunya, el alumnado de familias con pocos ingresos, un nivel educativo bajo o de origen [&hellip;]<\/p>\n","protected":false},"author":10,"featured_media":13806,"comment_status":"open","ping_status":"open","sticky":false,"template":"","format":"standard","meta":{"_acf_changed":false,"_et_pb_use_builder":"","_et_pb_old_content":"","_et_gb_content_width":"","inline_featured_image":false,"footnotes":""},"categories":[125],"tags":[],"seus":[],"eixos":[99,107],"class_list":["post-13819","post","type-post","status-publish","format-standard","has-post-thumbnail","hentry","category-noticias","eixos-infancia-y-adolescencia","eixos-pequena-infancia"],"acf":[],"yoast_head":"<!-- This site is optimized with the Yoast SEO plugin v27.4 - https:\/\/yoast.com\/product\/yoast-seo-wordpress\/ -->\n<title>\u00bfC\u00f3mo fortalecemos la educaci\u00f3n de ni\u00f1os y ni\u00f1as en riesgo? - Casal dels Infants<\/title>\n<meta name=\"description\" content=\"En el Casal dels Infants fortalecemos la educaci\u00f3n de m\u00e1s de 3.000 ni\u00f1os, ni\u00f1as y adolescentes en riesgo de exclusi\u00f3n social.\" \/>\n<meta name=\"robots\" content=\"index, follow, max-snippet:-1, max-image-preview:large, max-video-preview:-1\" \/>\n<link rel=\"canonical\" href=\"https:\/\/www.casaldelsinfants.org\/es\/actualidad\/fortalecemoslaeducacion\/\" \/>\n<meta property=\"og:locale\" content=\"es_ES\" \/>\n<meta property=\"og:type\" content=\"article\" \/>\n<meta property=\"og:title\" content=\"\u00bfC\u00f3mo fortalecemos la educaci\u00f3n de ni\u00f1os y ni\u00f1as en riesgo? - Casal dels Infants\" \/>\n<meta property=\"og:description\" content=\"En el Casal dels Infants fortalecemos la educaci\u00f3n de m\u00e1s de 3.000 ni\u00f1os, ni\u00f1as y adolescentes en riesgo de exclusi\u00f3n social.\" \/>\n<meta property=\"og:url\" content=\"https:\/\/www.casaldelsinfants.org\/es\/actualidad\/fortalecemoslaeducacion\/\" \/>\n<meta property=\"og:site_name\" content=\"Casal dels Infants\" \/>\n<meta property=\"article:publisher\" content=\"https:\/\/www.facebook.com\/casalinfants\" \/>\n<meta property=\"article:published_time\" content=\"2023-09-08T09:30:55+00:00\" \/>\n<meta property=\"article:modified_time\" content=\"2023-11-07T14:08:42+00:00\" \/>\n<meta property=\"og:image\" content=\"https:\/\/www.casaldelsinfants.org\/wp-content\/uploads\/Aqui-comenca-tot-enfortim-educacio-Casal-dels-Infants-1.webp\" \/>\n\t<meta property=\"og:image:width\" content=\"2074\" \/>\n\t<meta property=\"og:image:height\" content=\"1383\" \/>\n\t<meta property=\"og:image:type\" content=\"image\/jpeg\" \/>\n<meta name=\"author\" content=\"Pau\" \/>\n<meta name=\"twitter:card\" content=\"summary_large_image\" \/>\n<meta name=\"twitter:creator\" content=\"@casalinfants\" \/>\n<meta name=\"twitter:site\" content=\"@casalinfants\" \/>\n<meta name=\"twitter:label1\" content=\"Escrito por\" \/>\n\t<meta name=\"twitter:data1\" content=\"Pau\" \/>\n\t<meta name=\"twitter:label2\" content=\"Tiempo de lectura\" \/>\n\t<meta name=\"twitter:data2\" content=\"6 minutos\" \/>\n<script type=\"application\/ld+json\" class=\"yoast-schema-graph\">{\"@context\":\"https:\\\/\\\/schema.org\",\"@graph\":[{\"@type\":\"Article\",\"@id\":\"https:\\\/\\\/www.casaldelsinfants.org\\\/es\\\/actualidad\\\/fortalecemoslaeducacion\\\/#article\",\"isPartOf\":{\"@id\":\"https:\\\/\\\/www.casaldelsinfants.org\\\/es\\\/actualidad\\\/fortalecemoslaeducacion\\\/\"},\"author\":{\"name\":\"Pau\",\"@id\":\"https:\\\/\\\/www.casaldelsinfants.org\\\/es\\\/#\\\/schema\\\/person\\\/2ef4311d50d338a60b5e32ef2d303033\"},\"headline\":\"\u00bfC\u00f3mo fortalecemos la educaci\u00f3n de ni\u00f1os y ni\u00f1as en riesgo?\",\"datePublished\":\"2023-09-08T09:30:55+00:00\",\"dateModified\":\"2023-11-07T14:08:42+00:00\",\"mainEntityOfPage\":{\"@id\":\"https:\\\/\\\/www.casaldelsinfants.org\\\/es\\\/actualidad\\\/fortalecemoslaeducacion\\\/\"},\"wordCount\":1073,\"commentCount\":0,\"publisher\":{\"@id\":\"https:\\\/\\\/www.casaldelsinfants.org\\\/es\\\/#organization\"},\"image\":{\"@id\":\"https:\\\/\\\/www.casaldelsinfants.org\\\/es\\\/actualidad\\\/fortalecemoslaeducacion\\\/#primaryimage\"},\"thumbnailUrl\":\"https:\\\/\\\/www.casaldelsinfants.org\\\/wp-content\\\/uploads\\\/Aqui-comenca-tot-enfortim-educacio-Casal-dels-Infants-1.webp\",\"articleSection\":[\"Noticia\"],\"inLanguage\":\"es\",\"potentialAction\":[{\"@type\":\"CommentAction\",\"name\":\"Comment\",\"target\":[\"https:\\\/\\\/www.casaldelsinfants.org\\\/es\\\/actualidad\\\/fortalecemoslaeducacion\\\/#respond\"]}]},{\"@type\":\"WebPage\",\"@id\":\"https:\\\/\\\/www.casaldelsinfants.org\\\/es\\\/actualidad\\\/fortalecemoslaeducacion\\\/\",\"url\":\"https:\\\/\\\/www.casaldelsinfants.org\\\/es\\\/actualidad\\\/fortalecemoslaeducacion\\\/\",\"name\":\"\u00bfC\u00f3mo fortalecemos la educaci\u00f3n de ni\u00f1os y ni\u00f1as en riesgo? - Casal dels Infants\",\"isPartOf\":{\"@id\":\"https:\\\/\\\/www.casaldelsinfants.org\\\/es\\\/#website\"},\"primaryImageOfPage\":{\"@id\":\"https:\\\/\\\/www.casaldelsinfants.org\\\/es\\\/actualidad\\\/fortalecemoslaeducacion\\\/#primaryimage\"},\"image\":{\"@id\":\"https:\\\/\\\/www.casaldelsinfants.org\\\/es\\\/actualidad\\\/fortalecemoslaeducacion\\\/#primaryimage\"},\"thumbnailUrl\":\"https:\\\/\\\/www.casaldelsinfants.org\\\/wp-content\\\/uploads\\\/Aqui-comenca-tot-enfortim-educacio-Casal-dels-Infants-1.webp\",\"datePublished\":\"2023-09-08T09:30:55+00:00\",\"dateModified\":\"2023-11-07T14:08:42+00:00\",\"description\":\"En el Casal dels Infants fortalecemos la educaci\u00f3n de m\u00e1s de 3.000 ni\u00f1os, ni\u00f1as y adolescentes en riesgo de exclusi\u00f3n social.\",\"breadcrumb\":{\"@id\":\"https:\\\/\\\/www.casaldelsinfants.org\\\/es\\\/actualidad\\\/fortalecemoslaeducacion\\\/#breadcrumb\"},\"inLanguage\":\"es\",\"potentialAction\":[{\"@type\":\"ReadAction\",\"target\":[\"https:\\\/\\\/www.casaldelsinfants.org\\\/es\\\/actualidad\\\/fortalecemoslaeducacion\\\/\"]}]},{\"@type\":\"ImageObject\",\"inLanguage\":\"es\",\"@id\":\"https:\\\/\\\/www.casaldelsinfants.org\\\/es\\\/actualidad\\\/fortalecemoslaeducacion\\\/#primaryimage\",\"url\":\"https:\\\/\\\/www.casaldelsinfants.org\\\/wp-content\\\/uploads\\\/Aqui-comenca-tot-enfortim-educacio-Casal-dels-Infants-1.webp\",\"contentUrl\":\"https:\\\/\\\/www.casaldelsinfants.org\\\/wp-content\\\/uploads\\\/Aqui-comenca-tot-enfortim-educacio-Casal-dels-Infants-1.webp\",\"width\":2074,\"height\":1383,\"caption\":\"refor\u00e7-escolar\"},{\"@type\":\"BreadcrumbList\",\"@id\":\"https:\\\/\\\/www.casaldelsinfants.org\\\/es\\\/actualidad\\\/fortalecemoslaeducacion\\\/#breadcrumb\",\"itemListElement\":[{\"@type\":\"ListItem\",\"position\":1,\"name\":\"Inici\",\"item\":\"https:\\\/\\\/www.casaldelsinfants.org\\\/es\\\/\"},{\"@type\":\"ListItem\",\"position\":2,\"name\":\"\u00bfC\u00f3mo fortalecemos la educaci\u00f3n de ni\u00f1os y ni\u00f1as en riesgo?\"}]},{\"@type\":\"WebSite\",\"@id\":\"https:\\\/\\\/www.casaldelsinfants.org\\\/es\\\/#website\",\"url\":\"https:\\\/\\\/www.casaldelsinfants.org\\\/es\\\/\",\"name\":\"Casal dels Infants\",\"description\":\"\",\"publisher\":{\"@id\":\"https:\\\/\\\/www.casaldelsinfants.org\\\/es\\\/#organization\"},\"potentialAction\":[{\"@type\":\"SearchAction\",\"target\":{\"@type\":\"EntryPoint\",\"urlTemplate\":\"https:\\\/\\\/www.casaldelsinfants.org\\\/es\\\/?s={search_term_string}\"},\"query-input\":{\"@type\":\"PropertyValueSpecification\",\"valueRequired\":true,\"valueName\":\"search_term_string\"}}],\"inLanguage\":\"es\"},{\"@type\":\"Organization\",\"@id\":\"https:\\\/\\\/www.casaldelsinfants.org\\\/es\\\/#organization\",\"name\":\"Casal dels Infants\",\"url\":\"https:\\\/\\\/www.casaldelsinfants.org\\\/es\\\/\",\"logo\":{\"@type\":\"ImageObject\",\"inLanguage\":\"es\",\"@id\":\"https:\\\/\\\/www.casaldelsinfants.org\\\/es\\\/#\\\/schema\\\/logo\\\/image\\\/\",\"url\":\"https:\\\/\\\/www.casaldelsinfants.org\\\/wp-content\\\/uploads\\\/logo-mail.png\",\"contentUrl\":\"https:\\\/\\\/www.casaldelsinfants.org\\\/wp-content\\\/uploads\\\/logo-mail.png\",\"width\":380,\"height\":158,\"caption\":\"Casal dels Infants\"},\"image\":{\"@id\":\"https:\\\/\\\/www.casaldelsinfants.org\\\/es\\\/#\\\/schema\\\/logo\\\/image\\\/\"},\"sameAs\":[\"https:\\\/\\\/www.facebook.com\\\/casalinfants\",\"https:\\\/\\\/x.com\\\/casalinfants\",\"https:\\\/\\\/www.youtube.com\\\/user\\\/CasaldelsInfants1\",\"https:\\\/\\\/www.instagram.com\\\/casalinfants\\\/\",\"https:\\\/\\\/www.linkedin.com\\\/company\\\/casaldelsinfants?trk=organization-update_share-update_actor-text\"]},{\"@type\":\"Person\",\"@id\":\"https:\\\/\\\/www.casaldelsinfants.org\\\/es\\\/#\\\/schema\\\/person\\\/2ef4311d50d338a60b5e32ef2d303033\",\"name\":\"Pau\"}]}<\/script>\n<!-- \/ Yoast SEO plugin. -->","yoast_head_json":{"title":"\u00bfC\u00f3mo fortalecemos la educaci\u00f3n de ni\u00f1os y ni\u00f1as en riesgo? - Casal dels Infants","description":"En el Casal dels Infants fortalecemos la educaci\u00f3n de m\u00e1s de 3.000 ni\u00f1os, ni\u00f1as y adolescentes en riesgo de exclusi\u00f3n social.","robots":{"index":"index","follow":"follow","max-snippet":"max-snippet:-1","max-image-preview":"max-image-preview:large","max-video-preview":"max-video-preview:-1"},"canonical":"https:\/\/www.casaldelsinfants.org\/es\/actualidad\/fortalecemoslaeducacion\/","og_locale":"es_ES","og_type":"article","og_title":"\u00bfC\u00f3mo fortalecemos la educaci\u00f3n de ni\u00f1os y ni\u00f1as en riesgo? - Casal dels Infants","og_description":"En el Casal dels Infants fortalecemos la educaci\u00f3n de m\u00e1s de 3.000 ni\u00f1os, ni\u00f1as y adolescentes en riesgo de exclusi\u00f3n social.","og_url":"https:\/\/www.casaldelsinfants.org\/es\/actualidad\/fortalecemoslaeducacion\/","og_site_name":"Casal dels Infants","article_publisher":"https:\/\/www.facebook.com\/casalinfants","article_published_time":"2023-09-08T09:30:55+00:00","article_modified_time":"2023-11-07T14:08:42+00:00","og_image":[{"width":2074,"height":1383,"url":"https:\/\/www.casaldelsinfants.org\/wp-content\/uploads\/Aqui-comenca-tot-enfortim-educacio-Casal-dels-Infants-1.webp","type":"image\/jpeg"}],"author":"Pau","twitter_card":"summary_large_image","twitter_creator":"@casalinfants","twitter_site":"@casalinfants","twitter_misc":{"Escrito por":"Pau","Tiempo de lectura":"6 minutos"},"schema":{"@context":"https:\/\/schema.org","@graph":[{"@type":"Article","@id":"https:\/\/www.casaldelsinfants.org\/es\/actualidad\/fortalecemoslaeducacion\/#article","isPartOf":{"@id":"https:\/\/www.casaldelsinfants.org\/es\/actualidad\/fortalecemoslaeducacion\/"},"author":{"name":"Pau","@id":"https:\/\/www.casaldelsinfants.org\/es\/#\/schema\/person\/2ef4311d50d338a60b5e32ef2d303033"},"headline":"\u00bfC\u00f3mo fortalecemos la educaci\u00f3n de ni\u00f1os y ni\u00f1as en riesgo?","datePublished":"2023-09-08T09:30:55+00:00","dateModified":"2023-11-07T14:08:42+00:00","mainEntityOfPage":{"@id":"https:\/\/www.casaldelsinfants.org\/es\/actualidad\/fortalecemoslaeducacion\/"},"wordCount":1073,"commentCount":0,"publisher":{"@id":"https:\/\/www.casaldelsinfants.org\/es\/#organization"},"image":{"@id":"https:\/\/www.casaldelsinfants.org\/es\/actualidad\/fortalecemoslaeducacion\/#primaryimage"},"thumbnailUrl":"https:\/\/www.casaldelsinfants.org\/wp-content\/uploads\/Aqui-comenca-tot-enfortim-educacio-Casal-dels-Infants-1.webp","articleSection":["Noticia"],"inLanguage":"es","potentialAction":[{"@type":"CommentAction","name":"Comment","target":["https:\/\/www.casaldelsinfants.org\/es\/actualidad\/fortalecemoslaeducacion\/#respond"]}]},{"@type":"WebPage","@id":"https:\/\/www.casaldelsinfants.org\/es\/actualidad\/fortalecemoslaeducacion\/","url":"https:\/\/www.casaldelsinfants.org\/es\/actualidad\/fortalecemoslaeducacion\/","name":"\u00bfC\u00f3mo fortalecemos la educaci\u00f3n de ni\u00f1os y ni\u00f1as en riesgo? - Casal dels Infants","isPartOf":{"@id":"https:\/\/www.casaldelsinfants.org\/es\/#website"},"primaryImageOfPage":{"@id":"https:\/\/www.casaldelsinfants.org\/es\/actualidad\/fortalecemoslaeducacion\/#primaryimage"},"image":{"@id":"https:\/\/www.casaldelsinfants.org\/es\/actualidad\/fortalecemoslaeducacion\/#primaryimage"},"thumbnailUrl":"https:\/\/www.casaldelsinfants.org\/wp-content\/uploads\/Aqui-comenca-tot-enfortim-educacio-Casal-dels-Infants-1.webp","datePublished":"2023-09-08T09:30:55+00:00","dateModified":"2023-11-07T14:08:42+00:00","description":"En el Casal dels Infants fortalecemos la educaci\u00f3n de m\u00e1s de 3.000 ni\u00f1os, ni\u00f1as y adolescentes en riesgo de exclusi\u00f3n social.","breadcrumb":{"@id":"https:\/\/www.casaldelsinfants.org\/es\/actualidad\/fortalecemoslaeducacion\/#breadcrumb"},"inLanguage":"es","potentialAction":[{"@type":"ReadAction","target":["https:\/\/www.casaldelsinfants.org\/es\/actualidad\/fortalecemoslaeducacion\/"]}]},{"@type":"ImageObject","inLanguage":"es","@id":"https:\/\/www.casaldelsinfants.org\/es\/actualidad\/fortalecemoslaeducacion\/#primaryimage","url":"https:\/\/www.casaldelsinfants.org\/wp-content\/uploads\/Aqui-comenca-tot-enfortim-educacio-Casal-dels-Infants-1.webp","contentUrl":"https:\/\/www.casaldelsinfants.org\/wp-content\/uploads\/Aqui-comenca-tot-enfortim-educacio-Casal-dels-Infants-1.webp","width":2074,"height":1383,"caption":"refor\u00e7-escolar"},{"@type":"BreadcrumbList","@id":"https:\/\/www.casaldelsinfants.org\/es\/actualidad\/fortalecemoslaeducacion\/#breadcrumb","itemListElement":[{"@type":"ListItem","position":1,"name":"Inici","item":"https:\/\/www.casaldelsinfants.org\/es\/"},{"@type":"ListItem","position":2,"name":"\u00bfC\u00f3mo fortalecemos la educaci\u00f3n de ni\u00f1os y ni\u00f1as en riesgo?"}]},{"@type":"WebSite","@id":"https:\/\/www.casaldelsinfants.org\/es\/#website","url":"https:\/\/www.casaldelsinfants.org\/es\/","name":"Casal dels Infants","description":"","publisher":{"@id":"https:\/\/www.casaldelsinfants.org\/es\/#organization"},"potentialAction":[{"@type":"SearchAction","target":{"@type":"EntryPoint","urlTemplate":"https:\/\/www.casaldelsinfants.org\/es\/?s={search_term_string}"},"query-input":{"@type":"PropertyValueSpecification","valueRequired":true,"valueName":"search_term_string"}}],"inLanguage":"es"},{"@type":"Organization","@id":"https:\/\/www.casaldelsinfants.org\/es\/#organization","name":"Casal dels Infants","url":"https:\/\/www.casaldelsinfants.org\/es\/","logo":{"@type":"ImageObject","inLanguage":"es","@id":"https:\/\/www.casaldelsinfants.org\/es\/#\/schema\/logo\/image\/","url":"https:\/\/www.casaldelsinfants.org\/wp-content\/uploads\/logo-mail.png","contentUrl":"https:\/\/www.casaldelsinfants.org\/wp-content\/uploads\/logo-mail.png","width":380,"height":158,"caption":"Casal dels Infants"},"image":{"@id":"https:\/\/www.casaldelsinfants.org\/es\/#\/schema\/logo\/image\/"},"sameAs":["https:\/\/www.facebook.com\/casalinfants","https:\/\/x.com\/casalinfants","https:\/\/www.youtube.com\/user\/CasaldelsInfants1","https:\/\/www.instagram.com\/casalinfants\/","https:\/\/www.linkedin.com\/company\/casaldelsinfants?trk=organization-update_share-update_actor-text"]},{"@type":"Person","@id":"https:\/\/www.casaldelsinfants.org\/es\/#\/schema\/person\/2ef4311d50d338a60b5e32ef2d303033","name":"Pau"}]}},"publishpress_future_action":{"enabled":false,"date":"2026-05-09 11:19:13","action":"change-status","newStatus":"draft","terms":[],"taxonomy":"category","extraData":[]},"publishpress_future_workflow_manual_trigger":{"enabledWorkflows":[]},"_links":{"self":[{"href":"https:\/\/www.casaldelsinfants.org\/es\/wp-json\/wp\/v2\/posts\/13819","targetHints":{"allow":["GET"]}}],"collection":[{"href":"https:\/\/www.casaldelsinfants.org\/es\/wp-json\/wp\/v2\/posts"}],"about":[{"href":"https:\/\/www.casaldelsinfants.org\/es\/wp-json\/wp\/v2\/types\/post"}],"author":[{"embeddable":true,"href":"https:\/\/www.casaldelsinfants.org\/es\/wp-json\/wp\/v2\/users\/10"}],"replies":[{"embeddable":true,"href":"https:\/\/www.casaldelsinfants.org\/es\/wp-json\/wp\/v2\/comments?post=13819"}],"version-history":[{"count":10,"href":"https:\/\/www.casaldelsinfants.org\/es\/wp-json\/wp\/v2\/posts\/13819\/revisions"}],"predecessor-version":[{"id":15443,"href":"https:\/\/www.casaldelsinfants.org\/es\/wp-json\/wp\/v2\/posts\/13819\/revisions\/15443"}],"wp:featuredmedia":[{"embeddable":true,"href":"https:\/\/www.casaldelsinfants.org\/es\/wp-json\/wp\/v2\/media\/13806"}],"wp:attachment":[{"href":"https:\/\/www.casaldelsinfants.org\/es\/wp-json\/wp\/v2\/media?parent=13819"}],"wp:term":[{"taxonomy":"category","embeddable":true,"href":"https:\/\/www.casaldelsinfants.org\/es\/wp-json\/wp\/v2\/categories?post=13819"},{"taxonomy":"post_tag","embeddable":true,"href":"https:\/\/www.casaldelsinfants.org\/es\/wp-json\/wp\/v2\/tags?post=13819"},{"taxonomy":"seus","embeddable":true,"href":"https:\/\/www.casaldelsinfants.org\/es\/wp-json\/wp\/v2\/seus?post=13819"},{"taxonomy":"eixos","embeddable":true,"href":"https:\/\/www.casaldelsinfants.org\/es\/wp-json\/wp\/v2\/eixos?post=13819"}],"curies":[{"name":"wp","href":"https:\/\/api.w.org\/{rel}","templated":true}]}}