{"id":13964,"date":"2023-09-18T16:14:34","date_gmt":"2023-09-18T14:14:34","guid":{"rendered":"https:\/\/www.casaldelsinfants.org\/?p=13964"},"modified":"2023-09-18T16:16:21","modified_gmt":"2023-09-18T14:16:21","slug":"conciertosolidarioxiula","status":"publish","type":"post","link":"https:\/\/www.casaldelsinfants.org\/es\/actualidad\/conciertosolidarioxiula\/","title":{"rendered":"Xiula organiza un concierto solidario a favor del Casal dels Infants"},"content":{"rendered":"<p><span style=\"font-weight: 400;\">\u00a1Ritmo y solidaridad garantizados en el concierto de <strong>Xiula<\/strong>! El grupo musical har\u00e1 un <a href=\"https:\/\/www.ticketic.org\/ca\/entrades\/xiula-concert-solidari-amb-el-casal-dels-infants\" target=\"_blank\" rel=\"noopener\"><span style=\"text-decoration: underline;\">concierto solidario<\/span><\/a> a favor del Casal dels Infants. Ser\u00e1 el pr\u00f3ximo <strong>20 de octubre, a las 18 h, en la m\u00edtica sala La Paloma<\/strong> (<span style=\"text-decoration: underline;\"><a href=\"https:\/\/www.google.com\/maps\/place\/Sala+La+Paloma\/@41.3823944,2.1642397,15z\/data=!4m2!3m1!1s0x0:0xbcd47f54a42c2e8a?sa=X&amp;ved=2ahUKEwjLnI2NqLSBAxUWVKQEHeJmAVgQ_BJ6BAheEAA&amp;ved=2ahUKEwjLnI2NqLSBAxUWVKQEHeJmAVgQ_BJ6BAhpEAg\" target=\"_blank\" rel=\"noopener\">calle del Tigre, 27<\/a><\/span>). El dinero recaudado se destinar\u00e1 a que podamos continuar dando apoyo a los casi 7.000 ni\u00f1os, ni\u00f1as, j\u00f3venes y familias en situaci\u00f3n de vulnerabilidad. El donativo para una entrada es de un m\u00ednimo de 10 \u20ac, y los menores de tres a\u00f1os entran de manera gratuita.\u00a0<\/span><\/p>\n<p style=\"text-align: center;\"><a href=\"https:\/\/www.ticketic.org\/ca\/entrades\/xiula-concert-solidari-amb-el-casal-dels-infants\" target=\"_blank\" rel=\"noopener\"><span style=\"text-decoration: underline;\"><strong>CONSEGUID AQU\u00cd VUESTRAS ENTRADAS<\/strong><\/span><\/a><\/p>\n<p>El concierto solidario, con el nombre \u00ab<strong>Los sue\u00f1os no se aturan<\/strong>\u00ab, ser\u00e1 una experiencia \u00fanica de animaci\u00f3n musical. El espect\u00e1culo incluye canciones que animan a todo tipo de p\u00fablicos, empezando por los m\u00e1s peque\u00f1os y peque\u00f1as. En sus canciones, el grupo catal\u00e1n trabaja con contenidos cr\u00edticos y con esp\u00edritu. Tambi\u00e9n est\u00e1n muy <strong>conectados al mundo de la educaci\u00f3n<\/strong> y a las necesidades y conflictos de nuestra sociedad.<\/p>\n<p>Con este concierto solidario,<strong> Xiula ayudar\u00e1 al Casal a seguir su <a href=\"https:\/\/www.casaldelsinfants.org\/es\/actualidad\/fortalecemoslaeducacion\/\" target=\"_blank\" rel=\"noopener\"><span style=\"text-decoration: underline;\">acci\u00f3n social<\/span><\/a> con infancia en riesgo y sus familias<\/strong> en Barcelona, <span style=\"font-weight: 400;\">Santa Coloma, Badalona, Sant Adri\u00e0 de Bes\u00f2s y Salt (Girona). <\/span><\/p>\n","protected":false},"excerpt":{"rendered":"<p>\u00a1Ritmo y solidaridad garantizados en el concierto de Xiula! El grupo musical har\u00e1 un concierto solidario a favor del Casal dels Infants. Ser\u00e1 el pr\u00f3ximo 20 de octubre, a las 18 h, en la m\u00edtica sala La Paloma (calle del Tigre, 27). El dinero recaudado se destinar\u00e1 a que podamos continuar dando apoyo a los [&hellip;]<\/p>\n","protected":false},"author":9,"featured_media":13962,"comment_status":"open","ping_status":"open","sticky":false,"template":"","format":"standard","meta":{"_acf_changed":false,"_et_pb_use_builder":"","_et_pb_old_content":"","_et_gb_content_width":"","inline_featured_image":false,"footnotes":""},"categories":[125],"tags":[],"seus":[],"eixos":[153],"class_list":["post-13964","post","type-post","status-publish","format-standard","has-post-thumbnail","hentry","category-noticias","eixos-proyectos-solidarios"],"acf":[],"yoast_head":"<!-- This site is optimized with the Yoast SEO plugin v27.4 - https:\/\/yoast.com\/product\/yoast-seo-wordpress\/ -->\n<title>Concierto solidario de Xiula - Casal dels Infants<\/title>\n<meta name=\"description\" content=\"El grupo Xiula har\u00e1 un concierto solidario a favor del Casal dels Infants el pr\u00f3ximo 20 de octubre, a las 18 h, en la m\u00edtica sala La Paloma.\" \/>\n<meta name=\"robots\" content=\"index, follow, max-snippet:-1, max-image-preview:large, max-video-preview:-1\" \/>\n<link rel=\"canonical\" href=\"https:\/\/www.casaldelsinfants.org\/es\/actualidad\/conciertosolidarioxiula\/\" \/>\n<meta property=\"og:locale\" content=\"es_ES\" \/>\n<meta property=\"og:type\" content=\"article\" \/>\n<meta property=\"og:title\" content=\"Concierto solidario de Xiula - Casal dels Infants\" \/>\n<meta property=\"og:description\" content=\"El grupo Xiula har\u00e1 un concierto solidario a favor del Casal dels Infants el pr\u00f3ximo 20 de octubre, a las 18 h, en la m\u00edtica sala La Paloma.\" \/>\n<meta property=\"og:url\" content=\"https:\/\/www.casaldelsinfants.org\/es\/actualidad\/conciertosolidarioxiula\/\" \/>\n<meta property=\"og:site_name\" content=\"Casal dels Infants\" \/>\n<meta property=\"article:publisher\" content=\"https:\/\/www.facebook.com\/casalinfants\" \/>\n<meta property=\"article:published_time\" content=\"2023-09-18T14:14:34+00:00\" \/>\n<meta property=\"article:modified_time\" content=\"2023-09-18T14:16:21+00:00\" \/>\n<meta property=\"og:image\" content=\"https:\/\/www.casaldelsinfants.org\/wp-content\/uploads\/Copia-de-xiula-feed-intagram-1.webp\" \/>\n\t<meta property=\"og:image:width\" content=\"1080\" \/>\n\t<meta property=\"og:image:height\" content=\"1080\" \/>\n\t<meta property=\"og:image:type\" content=\"image\/png\" \/>\n<meta name=\"author\" content=\"julia\" \/>\n<meta name=\"twitter:card\" content=\"summary_large_image\" \/>\n<meta name=\"twitter:creator\" content=\"@casalinfants\" \/>\n<meta name=\"twitter:site\" content=\"@casalinfants\" \/>\n<meta name=\"twitter:label1\" content=\"Escrito por\" \/>\n\t<meta name=\"twitter:data1\" content=\"julia\" \/>\n\t<meta name=\"twitter:label2\" content=\"Tiempo de lectura\" \/>\n\t<meta name=\"twitter:data2\" content=\"2 minutos\" \/>\n<script type=\"application\/ld+json\" class=\"yoast-schema-graph\">{\"@context\":\"https:\\\/\\\/schema.org\",\"@graph\":[{\"@type\":\"Article\",\"@id\":\"https:\\\/\\\/www.casaldelsinfants.org\\\/es\\\/actualidad\\\/conciertosolidarioxiula\\\/#article\",\"isPartOf\":{\"@id\":\"https:\\\/\\\/www.casaldelsinfants.org\\\/es\\\/actualidad\\\/conciertosolidarioxiula\\\/\"},\"author\":{\"name\":\"julia\",\"@id\":\"https:\\\/\\\/www.casaldelsinfants.org\\\/es\\\/#\\\/schema\\\/person\\\/e870791b50f03fd60f872e1cd83910fc\"},\"headline\":\"Xiula organiza un concierto solidario a favor del Casal dels Infants\",\"datePublished\":\"2023-09-18T14:14:34+00:00\",\"dateModified\":\"2023-09-18T14:16:21+00:00\",\"mainEntityOfPage\":{\"@id\":\"https:\\\/\\\/www.casaldelsinfants.org\\\/es\\\/actualidad\\\/conciertosolidarioxiula\\\/\"},\"wordCount\":219,\"commentCount\":0,\"publisher\":{\"@id\":\"https:\\\/\\\/www.casaldelsinfants.org\\\/es\\\/#organization\"},\"image\":{\"@id\":\"https:\\\/\\\/www.casaldelsinfants.org\\\/es\\\/actualidad\\\/conciertosolidarioxiula\\\/#primaryimage\"},\"thumbnailUrl\":\"https:\\\/\\\/www.casaldelsinfants.org\\\/wp-content\\\/uploads\\\/Copia-de-xiula-feed-intagram-1.webp\",\"articleSection\":[\"Noticia\"],\"inLanguage\":\"es\",\"potentialAction\":[{\"@type\":\"CommentAction\",\"name\":\"Comment\",\"target\":[\"https:\\\/\\\/www.casaldelsinfants.org\\\/es\\\/actualidad\\\/conciertosolidarioxiula\\\/#respond\"]}]},{\"@type\":\"WebPage\",\"@id\":\"https:\\\/\\\/www.casaldelsinfants.org\\\/es\\\/actualidad\\\/conciertosolidarioxiula\\\/\",\"url\":\"https:\\\/\\\/www.casaldelsinfants.org\\\/es\\\/actualidad\\\/conciertosolidarioxiula\\\/\",\"name\":\"Concierto solidario de Xiula - Casal dels Infants\",\"isPartOf\":{\"@id\":\"https:\\\/\\\/www.casaldelsinfants.org\\\/es\\\/#website\"},\"primaryImageOfPage\":{\"@id\":\"https:\\\/\\\/www.casaldelsinfants.org\\\/es\\\/actualidad\\\/conciertosolidarioxiula\\\/#primaryimage\"},\"image\":{\"@id\":\"https:\\\/\\\/www.casaldelsinfants.org\\\/es\\\/actualidad\\\/conciertosolidarioxiula\\\/#primaryimage\"},\"thumbnailUrl\":\"https:\\\/\\\/www.casaldelsinfants.org\\\/wp-content\\\/uploads\\\/Copia-de-xiula-feed-intagram-1.webp\",\"datePublished\":\"2023-09-18T14:14:34+00:00\",\"dateModified\":\"2023-09-18T14:16:21+00:00\",\"description\":\"El grupo Xiula har\u00e1 un concierto solidario a favor del Casal dels Infants el pr\u00f3ximo 20 de octubre, a las 18 h, en la m\u00edtica sala La Paloma.\",\"breadcrumb\":{\"@id\":\"https:\\\/\\\/www.casaldelsinfants.org\\\/es\\\/actualidad\\\/conciertosolidarioxiula\\\/#breadcrumb\"},\"inLanguage\":\"es\",\"potentialAction\":[{\"@type\":\"ReadAction\",\"target\":[\"https:\\\/\\\/www.casaldelsinfants.org\\\/es\\\/actualidad\\\/conciertosolidarioxiula\\\/\"]}]},{\"@type\":\"ImageObject\",\"inLanguage\":\"es\",\"@id\":\"https:\\\/\\\/www.casaldelsinfants.org\\\/es\\\/actualidad\\\/conciertosolidarioxiula\\\/#primaryimage\",\"url\":\"https:\\\/\\\/www.casaldelsinfants.org\\\/wp-content\\\/uploads\\\/Copia-de-xiula-feed-intagram-1.webp\",\"contentUrl\":\"https:\\\/\\\/www.casaldelsinfants.org\\\/wp-content\\\/uploads\\\/Copia-de-xiula-feed-intagram-1.webp\",\"width\":1080,\"height\":1080,\"caption\":\"Concert solidari Xiula\"},{\"@type\":\"BreadcrumbList\",\"@id\":\"https:\\\/\\\/www.casaldelsinfants.org\\\/es\\\/actualidad\\\/conciertosolidarioxiula\\\/#breadcrumb\",\"itemListElement\":[{\"@type\":\"ListItem\",\"position\":1,\"name\":\"Inici\",\"item\":\"https:\\\/\\\/www.casaldelsinfants.org\\\/es\\\/\"},{\"@type\":\"ListItem\",\"position\":2,\"name\":\"Xiula organiza un concierto solidario a favor del Casal dels Infants\"}]},{\"@type\":\"WebSite\",\"@id\":\"https:\\\/\\\/www.casaldelsinfants.org\\\/es\\\/#website\",\"url\":\"https:\\\/\\\/www.casaldelsinfants.org\\\/es\\\/\",\"name\":\"Casal dels Infants\",\"description\":\"\",\"publisher\":{\"@id\":\"https:\\\/\\\/www.casaldelsinfants.org\\\/es\\\/#organization\"},\"potentialAction\":[{\"@type\":\"SearchAction\",\"target\":{\"@type\":\"EntryPoint\",\"urlTemplate\":\"https:\\\/\\\/www.casaldelsinfants.org\\\/es\\\/?s={search_term_string}\"},\"query-input\":{\"@type\":\"PropertyValueSpecification\",\"valueRequired\":true,\"valueName\":\"search_term_string\"}}],\"inLanguage\":\"es\"},{\"@type\":\"Organization\",\"@id\":\"https:\\\/\\\/www.casaldelsinfants.org\\\/es\\\/#organization\",\"name\":\"Casal dels Infants\",\"url\":\"https:\\\/\\\/www.casaldelsinfants.org\\\/es\\\/\",\"logo\":{\"@type\":\"ImageObject\",\"inLanguage\":\"es\",\"@id\":\"https:\\\/\\\/www.casaldelsinfants.org\\\/es\\\/#\\\/schema\\\/logo\\\/image\\\/\",\"url\":\"https:\\\/\\\/www.casaldelsinfants.org\\\/wp-content\\\/uploads\\\/logo-mail.png\",\"contentUrl\":\"https:\\\/\\\/www.casaldelsinfants.org\\\/wp-content\\\/uploads\\\/logo-mail.png\",\"width\":380,\"height\":158,\"caption\":\"Casal dels Infants\"},\"image\":{\"@id\":\"https:\\\/\\\/www.casaldelsinfants.org\\\/es\\\/#\\\/schema\\\/logo\\\/image\\\/\"},\"sameAs\":[\"https:\\\/\\\/www.facebook.com\\\/casalinfants\",\"https:\\\/\\\/x.com\\\/casalinfants\",\"https:\\\/\\\/www.youtube.com\\\/user\\\/CasaldelsInfants1\",\"https:\\\/\\\/www.instagram.com\\\/casalinfants\\\/\",\"https:\\\/\\\/www.linkedin.com\\\/company\\\/casaldelsinfants?trk=organization-update_share-update_actor-text\"]},{\"@type\":\"Person\",\"@id\":\"https:\\\/\\\/www.casaldelsinfants.org\\\/es\\\/#\\\/schema\\\/person\\\/e870791b50f03fd60f872e1cd83910fc\",\"name\":\"julia\"}]}<\/script>\n<!-- \/ Yoast SEO plugin. -->","yoast_head_json":{"title":"Concierto solidario de Xiula - Casal dels Infants","description":"El grupo Xiula har\u00e1 un concierto solidario a favor del Casal dels Infants el pr\u00f3ximo 20 de octubre, a las 18 h, en la m\u00edtica sala La Paloma.","robots":{"index":"index","follow":"follow","max-snippet":"max-snippet:-1","max-image-preview":"max-image-preview:large","max-video-preview":"max-video-preview:-1"},"canonical":"https:\/\/www.casaldelsinfants.org\/es\/actualidad\/conciertosolidarioxiula\/","og_locale":"es_ES","og_type":"article","og_title":"Concierto solidario de Xiula - Casal dels Infants","og_description":"El grupo Xiula har\u00e1 un concierto solidario a favor del Casal dels Infants el pr\u00f3ximo 20 de octubre, a las 18 h, en la m\u00edtica sala La Paloma.","og_url":"https:\/\/www.casaldelsinfants.org\/es\/actualidad\/conciertosolidarioxiula\/","og_site_name":"Casal dels Infants","article_publisher":"https:\/\/www.facebook.com\/casalinfants","article_published_time":"2023-09-18T14:14:34+00:00","article_modified_time":"2023-09-18T14:16:21+00:00","og_image":[{"width":1080,"height":1080,"url":"https:\/\/www.casaldelsinfants.org\/wp-content\/uploads\/Copia-de-xiula-feed-intagram-1.webp","type":"image\/png"}],"author":"julia","twitter_card":"summary_large_image","twitter_creator":"@casalinfants","twitter_site":"@casalinfants","twitter_misc":{"Escrito por":"julia","Tiempo de lectura":"2 minutos"},"schema":{"@context":"https:\/\/schema.org","@graph":[{"@type":"Article","@id":"https:\/\/www.casaldelsinfants.org\/es\/actualidad\/conciertosolidarioxiula\/#article","isPartOf":{"@id":"https:\/\/www.casaldelsinfants.org\/es\/actualidad\/conciertosolidarioxiula\/"},"author":{"name":"julia","@id":"https:\/\/www.casaldelsinfants.org\/es\/#\/schema\/person\/e870791b50f03fd60f872e1cd83910fc"},"headline":"Xiula organiza un concierto solidario a favor del Casal dels Infants","datePublished":"2023-09-18T14:14:34+00:00","dateModified":"2023-09-18T14:16:21+00:00","mainEntityOfPage":{"@id":"https:\/\/www.casaldelsinfants.org\/es\/actualidad\/conciertosolidarioxiula\/"},"wordCount":219,"commentCount":0,"publisher":{"@id":"https:\/\/www.casaldelsinfants.org\/es\/#organization"},"image":{"@id":"https:\/\/www.casaldelsinfants.org\/es\/actualidad\/conciertosolidarioxiula\/#primaryimage"},"thumbnailUrl":"https:\/\/www.casaldelsinfants.org\/wp-content\/uploads\/Copia-de-xiula-feed-intagram-1.webp","articleSection":["Noticia"],"inLanguage":"es","potentialAction":[{"@type":"CommentAction","name":"Comment","target":["https:\/\/www.casaldelsinfants.org\/es\/actualidad\/conciertosolidarioxiula\/#respond"]}]},{"@type":"WebPage","@id":"https:\/\/www.casaldelsinfants.org\/es\/actualidad\/conciertosolidarioxiula\/","url":"https:\/\/www.casaldelsinfants.org\/es\/actualidad\/conciertosolidarioxiula\/","name":"Concierto solidario de Xiula - Casal dels Infants","isPartOf":{"@id":"https:\/\/www.casaldelsinfants.org\/es\/#website"},"primaryImageOfPage":{"@id":"https:\/\/www.casaldelsinfants.org\/es\/actualidad\/conciertosolidarioxiula\/#primaryimage"},"image":{"@id":"https:\/\/www.casaldelsinfants.org\/es\/actualidad\/conciertosolidarioxiula\/#primaryimage"},"thumbnailUrl":"https:\/\/www.casaldelsinfants.org\/wp-content\/uploads\/Copia-de-xiula-feed-intagram-1.webp","datePublished":"2023-09-18T14:14:34+00:00","dateModified":"2023-09-18T14:16:21+00:00","description":"El grupo Xiula har\u00e1 un concierto solidario a favor del Casal dels Infants el pr\u00f3ximo 20 de octubre, a las 18 h, en la m\u00edtica sala La Paloma.","breadcrumb":{"@id":"https:\/\/www.casaldelsinfants.org\/es\/actualidad\/conciertosolidarioxiula\/#breadcrumb"},"inLanguage":"es","potentialAction":[{"@type":"ReadAction","target":["https:\/\/www.casaldelsinfants.org\/es\/actualidad\/conciertosolidarioxiula\/"]}]},{"@type":"ImageObject","inLanguage":"es","@id":"https:\/\/www.casaldelsinfants.org\/es\/actualidad\/conciertosolidarioxiula\/#primaryimage","url":"https:\/\/www.casaldelsinfants.org\/wp-content\/uploads\/Copia-de-xiula-feed-intagram-1.webp","contentUrl":"https:\/\/www.casaldelsinfants.org\/wp-content\/uploads\/Copia-de-xiula-feed-intagram-1.webp","width":1080,"height":1080,"caption":"Concert solidari Xiula"},{"@type":"BreadcrumbList","@id":"https:\/\/www.casaldelsinfants.org\/es\/actualidad\/conciertosolidarioxiula\/#breadcrumb","itemListElement":[{"@type":"ListItem","position":1,"name":"Inici","item":"https:\/\/www.casaldelsinfants.org\/es\/"},{"@type":"ListItem","position":2,"name":"Xiula organiza un concierto solidario a favor del Casal dels Infants"}]},{"@type":"WebSite","@id":"https:\/\/www.casaldelsinfants.org\/es\/#website","url":"https:\/\/www.casaldelsinfants.org\/es\/","name":"Casal dels Infants","description":"","publisher":{"@id":"https:\/\/www.casaldelsinfants.org\/es\/#organization"},"potentialAction":[{"@type":"SearchAction","target":{"@type":"EntryPoint","urlTemplate":"https:\/\/www.casaldelsinfants.org\/es\/?s={search_term_string}"},"query-input":{"@type":"PropertyValueSpecification","valueRequired":true,"valueName":"search_term_string"}}],"inLanguage":"es"},{"@type":"Organization","@id":"https:\/\/www.casaldelsinfants.org\/es\/#organization","name":"Casal dels Infants","url":"https:\/\/www.casaldelsinfants.org\/es\/","logo":{"@type":"ImageObject","inLanguage":"es","@id":"https:\/\/www.casaldelsinfants.org\/es\/#\/schema\/logo\/image\/","url":"https:\/\/www.casaldelsinfants.org\/wp-content\/uploads\/logo-mail.png","contentUrl":"https:\/\/www.casaldelsinfants.org\/wp-content\/uploads\/logo-mail.png","width":380,"height":158,"caption":"Casal dels Infants"},"image":{"@id":"https:\/\/www.casaldelsinfants.org\/es\/#\/schema\/logo\/image\/"},"sameAs":["https:\/\/www.facebook.com\/casalinfants","https:\/\/x.com\/casalinfants","https:\/\/www.youtube.com\/user\/CasaldelsInfants1","https:\/\/www.instagram.com\/casalinfants\/","https:\/\/www.linkedin.com\/company\/casaldelsinfants?trk=organization-update_share-update_actor-text"]},{"@type":"Person","@id":"https:\/\/www.casaldelsinfants.org\/es\/#\/schema\/person\/e870791b50f03fd60f872e1cd83910fc","name":"julia"}]}},"publishpress_future_action":{"enabled":false,"date":"2026-05-08 03:02:38","action":"change-status","newStatus":"draft","terms":[],"taxonomy":"category","extraData":[]},"publishpress_future_workflow_manual_trigger":{"enabledWorkflows":[]},"_links":{"self":[{"href":"https:\/\/www.casaldelsinfants.org\/es\/wp-json\/wp\/v2\/posts\/13964","targetHints":{"allow":["GET"]}}],"collection":[{"href":"https:\/\/www.casaldelsinfants.org\/es\/wp-json\/wp\/v2\/posts"}],"about":[{"href":"https:\/\/www.casaldelsinfants.org\/es\/wp-json\/wp\/v2\/types\/post"}],"author":[{"embeddable":true,"href":"https:\/\/www.casaldelsinfants.org\/es\/wp-json\/wp\/v2\/users\/9"}],"replies":[{"embeddable":true,"href":"https:\/\/www.casaldelsinfants.org\/es\/wp-json\/wp\/v2\/comments?post=13964"}],"version-history":[{"count":3,"href":"https:\/\/www.casaldelsinfants.org\/es\/wp-json\/wp\/v2\/posts\/13964\/revisions"}],"predecessor-version":[{"id":13968,"href":"https:\/\/www.casaldelsinfants.org\/es\/wp-json\/wp\/v2\/posts\/13964\/revisions\/13968"}],"wp:featuredmedia":[{"embeddable":true,"href":"https:\/\/www.casaldelsinfants.org\/es\/wp-json\/wp\/v2\/media\/13962"}],"wp:attachment":[{"href":"https:\/\/www.casaldelsinfants.org\/es\/wp-json\/wp\/v2\/media?parent=13964"}],"wp:term":[{"taxonomy":"category","embeddable":true,"href":"https:\/\/www.casaldelsinfants.org\/es\/wp-json\/wp\/v2\/categories?post=13964"},{"taxonomy":"post_tag","embeddable":true,"href":"https:\/\/www.casaldelsinfants.org\/es\/wp-json\/wp\/v2\/tags?post=13964"},{"taxonomy":"seus","embeddable":true,"href":"https:\/\/www.casaldelsinfants.org\/es\/wp-json\/wp\/v2\/seus?post=13964"},{"taxonomy":"eixos","embeddable":true,"href":"https:\/\/www.casaldelsinfants.org\/es\/wp-json\/wp\/v2\/eixos?post=13964"}],"curies":[{"name":"wp","href":"https:\/\/api.w.org\/{rel}","templated":true}]}}