{"id":14144,"date":"2023-09-26T16:27:32","date_gmt":"2023-09-26T14:27:32","guid":{"rendered":"https:\/\/www.casaldelsinfants.org\/?p=14144"},"modified":"2023-09-26T16:27:32","modified_gmt":"2023-09-26T14:27:32","slug":"sellodonaconconfianza","status":"publish","type":"post","link":"https:\/\/www.casaldelsinfants.org\/es\/actualidad\/sellodonaconconfianza\/","title":{"rendered":"El Casal dels Infants renueva el sello Dona con confianza"},"content":{"rendered":"<p>Estamos de enhorabuena. El Casal dels Infants renueva el <a href=\"https:\/\/www.fundacionlealtad.org\/noticias\/casal-dels-infants-per-laccio-social-als-barris-es-ong-acreditada\/\">sello Dona con confianza<\/a>, un reconocimiento de la Fundaci\u00f3n Lealtad a la transparencia y las buenas pr\u00e1cticas de la asociaci\u00f3n, que pretende visibilizar nuestro trabajo y dar m\u00e1s confianza a los colaboradores de la entidad.<\/p>\n<p>Durante el proceso de renovaci\u00f3n se ha contrastado el buen funcionamiento de los \u00f3rganos de gobierno del Casal dels Infants, el uso eficiente de los recursos, la sostenibilidad de la entidad y la fiabilidad de nuestra comunicaci\u00f3n, as\u00ed como la coherencia de nuestras actividades con la misi\u00f3n de nuestra acci\u00f3n social, entre otras.<\/p>\n<p>El sello es un reconocimiento a nuestra acci\u00f3n social, a trav\u00e9s de la cual garantizamos acompa\u00f1amiento cada a\u00f1o a 7.000 ni\u00f1os, ni\u00f1as, adolescentes, j\u00f3venes madres y padres en riesgo de exclusi\u00f3n social. Actuamos en el barrio del Raval y del Bes\u00f2s i el Maresme (Barcelona); en la Mina i el Bes\u00f2s (Sant Adri\u00e0 de Bes\u00f2s); en Santa Rosa, el Raval y Fondo (Santa Coloma de Gramenet); en Llefi\u00e0 y Sant Roc (Badalona) y en el municipio de Salt (Girona).<\/p>\n<h2>9 principios de transparencia y buneas pr\u00e1cticas<\/h2>\n<p>Los 9 principios de transparencia y buenas pr\u00e1cticas de gesti\u00f3n que se han comprobado son los siguientes:<\/p>\n<h3><span style=\"color: #000000;\">1. Misi\u00f3n clara y p\u00fablica<\/span><\/h3>\n<h3><span style=\"color: #000000;\">2. Planificaci\u00f3n, seguimiento y an\u00e1lisis de impacto<\/span><\/h3>\n<h3><span style=\"color: #000000;\">3. \u00d3rgano de Gobierno independiente, activo y p\u00fablico<\/span><\/h3>\n<h3><span style=\"color: #000000;\">4. Financiaci\u00f3n diversificada y transparente<\/span><\/h3>\n<h3><span style=\"color: #000000;\">5. Control del uso de los fondos<\/span><\/h3>\n<h3><span style=\"color: #000000;\">6. Sostenibilidad financiera<\/span><\/h3>\n<h3><span style=\"color: #000000;\">7. Comunicaci\u00f3n transparente y veraz<\/span><\/h3>\n<h3><span style=\"color: #000000;\">8. Voluntariado formado y Participativo<\/span><\/h3>\n<h3><span style=\"color: #000000;\">9. Cuestiones normativas<\/span><\/h3>\n<p>&nbsp;<\/p>\n<blockquote><p><strong>Com ves, somos de confianza. Ay\u00fadanos a seguir apoyando a ni\u00f1os, ni\u00f1as, adolescentes, j\u00f3venes y familias en riesgo de exclusi\u00f3n social.<\/strong><\/p>\n<p>Haz un donativo <a href=\"https:\/\/www.casaldelsinfants.org\/es\/dona-ahora\/\">aqu\u00ed<\/a>.<\/p>\n<p>Haz voluntariado <a href=\"https:\/\/www.casaldelsinfants.org\/es\/que-puedes-hacer-tu\/voluntariado\/\">aqu\u00ed<\/a>.<\/p><\/blockquote>\n","protected":false},"excerpt":{"rendered":"<p>Estamos de enhorabuena. El Casal dels Infants renueva el sello Dona con confianza, un reconocimiento de la Fundaci\u00f3n Lealtad a la transparencia y las buenas pr\u00e1cticas de la asociaci\u00f3n, que pretende visibilizar nuestro trabajo y dar m\u00e1s confianza a los colaboradores de la entidad. Durante el proceso de renovaci\u00f3n se ha contrastado el buen funcionamiento [&hellip;]<\/p>\n","protected":false},"author":10,"featured_media":14141,"comment_status":"open","ping_status":"open","sticky":false,"template":"","format":"standard","meta":{"_acf_changed":false,"_et_pb_use_builder":"","_et_pb_old_content":"","_et_gb_content_width":"","inline_featured_image":false,"footnotes":""},"categories":[125],"tags":[],"seus":[],"eixos":[110],"class_list":["post-14144","post","type-post","status-publish","format-standard","has-post-thumbnail","hentry","category-noticias","eixos-comunidad-casal-dels-infants"],"acf":[],"yoast_head":"<!-- This site is optimized with the Yoast SEO plugin v27.4 - https:\/\/yoast.com\/product\/yoast-seo-wordpress\/ -->\n<title>El Casal dels Infants renueva el sello Dona con confianza - Casal dels Infants<\/title>\n<meta name=\"description\" content=\"El Casal dels Infants renueva el sello Dona con confianza, de la Fundaci\u00f3n Lealtad, a la transparencia i las buenas pr\u00e1cticas.\" \/>\n<meta name=\"robots\" content=\"index, follow, max-snippet:-1, max-image-preview:large, max-video-preview:-1\" \/>\n<link rel=\"canonical\" href=\"https:\/\/www.casaldelsinfants.org\/es\/actualidad\/sellodonaconconfianza\/\" \/>\n<meta property=\"og:locale\" content=\"es_ES\" \/>\n<meta property=\"og:type\" content=\"article\" \/>\n<meta property=\"og:title\" content=\"El Casal dels Infants renueva el sello Dona con confianza - Casal dels Infants\" \/>\n<meta property=\"og:description\" content=\"El Casal dels Infants renueva el sello Dona con confianza, de la Fundaci\u00f3n Lealtad, a la transparencia i las buenas pr\u00e1cticas.\" \/>\n<meta property=\"og:url\" content=\"https:\/\/www.casaldelsinfants.org\/es\/actualidad\/sellodonaconconfianza\/\" \/>\n<meta property=\"og:site_name\" content=\"Casal dels Infants\" \/>\n<meta property=\"article:publisher\" content=\"https:\/\/www.facebook.com\/casalinfants\" \/>\n<meta property=\"article:published_time\" content=\"2023-09-26T14:27:32+00:00\" \/>\n<meta property=\"og:image\" content=\"https:\/\/www.casaldelsinfants.org\/wp-content\/uploads\/Casal-dels-Infants-segell-Dona-amb-confianca-1.webp\" \/>\n\t<meta property=\"og:image:width\" content=\"1728\" \/>\n\t<meta property=\"og:image:height\" content=\"1152\" \/>\n\t<meta property=\"og:image:type\" content=\"image\/jpeg\" \/>\n<meta name=\"author\" content=\"Pau\" \/>\n<meta name=\"twitter:card\" content=\"summary_large_image\" \/>\n<meta name=\"twitter:creator\" content=\"@casalinfants\" \/>\n<meta name=\"twitter:site\" content=\"@casalinfants\" \/>\n<meta name=\"twitter:label1\" content=\"Escrito por\" \/>\n\t<meta name=\"twitter:data1\" content=\"Pau\" \/>\n\t<meta name=\"twitter:label2\" content=\"Tiempo de lectura\" \/>\n\t<meta name=\"twitter:data2\" content=\"2 minutos\" \/>\n<script type=\"application\/ld+json\" class=\"yoast-schema-graph\">{\"@context\":\"https:\\\/\\\/schema.org\",\"@graph\":[{\"@type\":\"Article\",\"@id\":\"https:\\\/\\\/www.casaldelsinfants.org\\\/es\\\/actualidad\\\/sellodonaconconfianza\\\/#article\",\"isPartOf\":{\"@id\":\"https:\\\/\\\/www.casaldelsinfants.org\\\/es\\\/actualidad\\\/sellodonaconconfianza\\\/\"},\"author\":{\"name\":\"Pau\",\"@id\":\"https:\\\/\\\/www.casaldelsinfants.org\\\/es\\\/#\\\/schema\\\/person\\\/2ef4311d50d338a60b5e32ef2d303033\"},\"headline\":\"El Casal dels Infants renueva el sello Dona con confianza\",\"datePublished\":\"2023-09-26T14:27:32+00:00\",\"mainEntityOfPage\":{\"@id\":\"https:\\\/\\\/www.casaldelsinfants.org\\\/es\\\/actualidad\\\/sellodonaconconfianza\\\/\"},\"wordCount\":309,\"commentCount\":0,\"publisher\":{\"@id\":\"https:\\\/\\\/www.casaldelsinfants.org\\\/es\\\/#organization\"},\"image\":{\"@id\":\"https:\\\/\\\/www.casaldelsinfants.org\\\/es\\\/actualidad\\\/sellodonaconconfianza\\\/#primaryimage\"},\"thumbnailUrl\":\"https:\\\/\\\/www.casaldelsinfants.org\\\/wp-content\\\/uploads\\\/Casal-dels-Infants-segell-Dona-amb-confianca-1.webp\",\"articleSection\":[\"Noticia\"],\"inLanguage\":\"es\",\"potentialAction\":[{\"@type\":\"CommentAction\",\"name\":\"Comment\",\"target\":[\"https:\\\/\\\/www.casaldelsinfants.org\\\/es\\\/actualidad\\\/sellodonaconconfianza\\\/#respond\"]}]},{\"@type\":\"WebPage\",\"@id\":\"https:\\\/\\\/www.casaldelsinfants.org\\\/es\\\/actualidad\\\/sellodonaconconfianza\\\/\",\"url\":\"https:\\\/\\\/www.casaldelsinfants.org\\\/es\\\/actualidad\\\/sellodonaconconfianza\\\/\",\"name\":\"El Casal dels Infants renueva el sello Dona con confianza - Casal dels Infants\",\"isPartOf\":{\"@id\":\"https:\\\/\\\/www.casaldelsinfants.org\\\/es\\\/#website\"},\"primaryImageOfPage\":{\"@id\":\"https:\\\/\\\/www.casaldelsinfants.org\\\/es\\\/actualidad\\\/sellodonaconconfianza\\\/#primaryimage\"},\"image\":{\"@id\":\"https:\\\/\\\/www.casaldelsinfants.org\\\/es\\\/actualidad\\\/sellodonaconconfianza\\\/#primaryimage\"},\"thumbnailUrl\":\"https:\\\/\\\/www.casaldelsinfants.org\\\/wp-content\\\/uploads\\\/Casal-dels-Infants-segell-Dona-amb-confianca-1.webp\",\"datePublished\":\"2023-09-26T14:27:32+00:00\",\"description\":\"El Casal dels Infants renueva el sello Dona con confianza, de la Fundaci\u00f3n Lealtad, a la transparencia i las buenas pr\u00e1cticas.\",\"breadcrumb\":{\"@id\":\"https:\\\/\\\/www.casaldelsinfants.org\\\/es\\\/actualidad\\\/sellodonaconconfianza\\\/#breadcrumb\"},\"inLanguage\":\"es\",\"potentialAction\":[{\"@type\":\"ReadAction\",\"target\":[\"https:\\\/\\\/www.casaldelsinfants.org\\\/es\\\/actualidad\\\/sellodonaconconfianza\\\/\"]}]},{\"@type\":\"ImageObject\",\"inLanguage\":\"es\",\"@id\":\"https:\\\/\\\/www.casaldelsinfants.org\\\/es\\\/actualidad\\\/sellodonaconconfianza\\\/#primaryimage\",\"url\":\"https:\\\/\\\/www.casaldelsinfants.org\\\/wp-content\\\/uploads\\\/Casal-dels-Infants-segell-Dona-amb-confianca-1.webp\",\"contentUrl\":\"https:\\\/\\\/www.casaldelsinfants.org\\\/wp-content\\\/uploads\\\/Casal-dels-Infants-segell-Dona-amb-confianca-1.webp\",\"width\":1728,\"height\":1152,\"caption\":\"El sello Dona con confianza reconoce la transparencia y las buenas pr\u00e1cticas de gesti\u00f3n del Casal dels Infants\"},{\"@type\":\"BreadcrumbList\",\"@id\":\"https:\\\/\\\/www.casaldelsinfants.org\\\/es\\\/actualidad\\\/sellodonaconconfianza\\\/#breadcrumb\",\"itemListElement\":[{\"@type\":\"ListItem\",\"position\":1,\"name\":\"Inici\",\"item\":\"https:\\\/\\\/www.casaldelsinfants.org\\\/es\\\/\"},{\"@type\":\"ListItem\",\"position\":2,\"name\":\"El Casal dels Infants renueva el sello Dona con confianza\"}]},{\"@type\":\"WebSite\",\"@id\":\"https:\\\/\\\/www.casaldelsinfants.org\\\/es\\\/#website\",\"url\":\"https:\\\/\\\/www.casaldelsinfants.org\\\/es\\\/\",\"name\":\"Casal dels Infants\",\"description\":\"\",\"publisher\":{\"@id\":\"https:\\\/\\\/www.casaldelsinfants.org\\\/es\\\/#organization\"},\"potentialAction\":[{\"@type\":\"SearchAction\",\"target\":{\"@type\":\"EntryPoint\",\"urlTemplate\":\"https:\\\/\\\/www.casaldelsinfants.org\\\/es\\\/?s={search_term_string}\"},\"query-input\":{\"@type\":\"PropertyValueSpecification\",\"valueRequired\":true,\"valueName\":\"search_term_string\"}}],\"inLanguage\":\"es\"},{\"@type\":\"Organization\",\"@id\":\"https:\\\/\\\/www.casaldelsinfants.org\\\/es\\\/#organization\",\"name\":\"Casal dels Infants\",\"url\":\"https:\\\/\\\/www.casaldelsinfants.org\\\/es\\\/\",\"logo\":{\"@type\":\"ImageObject\",\"inLanguage\":\"es\",\"@id\":\"https:\\\/\\\/www.casaldelsinfants.org\\\/es\\\/#\\\/schema\\\/logo\\\/image\\\/\",\"url\":\"https:\\\/\\\/www.casaldelsinfants.org\\\/wp-content\\\/uploads\\\/logo-mail.png\",\"contentUrl\":\"https:\\\/\\\/www.casaldelsinfants.org\\\/wp-content\\\/uploads\\\/logo-mail.png\",\"width\":380,\"height\":158,\"caption\":\"Casal dels Infants\"},\"image\":{\"@id\":\"https:\\\/\\\/www.casaldelsinfants.org\\\/es\\\/#\\\/schema\\\/logo\\\/image\\\/\"},\"sameAs\":[\"https:\\\/\\\/www.facebook.com\\\/casalinfants\",\"https:\\\/\\\/x.com\\\/casalinfants\",\"https:\\\/\\\/www.youtube.com\\\/user\\\/CasaldelsInfants1\",\"https:\\\/\\\/www.instagram.com\\\/casalinfants\\\/\",\"https:\\\/\\\/www.linkedin.com\\\/company\\\/casaldelsinfants?trk=organization-update_share-update_actor-text\"]},{\"@type\":\"Person\",\"@id\":\"https:\\\/\\\/www.casaldelsinfants.org\\\/es\\\/#\\\/schema\\\/person\\\/2ef4311d50d338a60b5e32ef2d303033\",\"name\":\"Pau\"}]}<\/script>\n<!-- \/ Yoast SEO plugin. -->","yoast_head_json":{"title":"El Casal dels Infants renueva el sello Dona con confianza - Casal dels Infants","description":"El Casal dels Infants renueva el sello Dona con confianza, de la Fundaci\u00f3n Lealtad, a la transparencia i las buenas pr\u00e1cticas.","robots":{"index":"index","follow":"follow","max-snippet":"max-snippet:-1","max-image-preview":"max-image-preview:large","max-video-preview":"max-video-preview:-1"},"canonical":"https:\/\/www.casaldelsinfants.org\/es\/actualidad\/sellodonaconconfianza\/","og_locale":"es_ES","og_type":"article","og_title":"El Casal dels Infants renueva el sello Dona con confianza - Casal dels Infants","og_description":"El Casal dels Infants renueva el sello Dona con confianza, de la Fundaci\u00f3n Lealtad, a la transparencia i las buenas pr\u00e1cticas.","og_url":"https:\/\/www.casaldelsinfants.org\/es\/actualidad\/sellodonaconconfianza\/","og_site_name":"Casal dels Infants","article_publisher":"https:\/\/www.facebook.com\/casalinfants","article_published_time":"2023-09-26T14:27:32+00:00","og_image":[{"width":1728,"height":1152,"url":"https:\/\/www.casaldelsinfants.org\/wp-content\/uploads\/Casal-dels-Infants-segell-Dona-amb-confianca-1.webp","type":"image\/jpeg"}],"author":"Pau","twitter_card":"summary_large_image","twitter_creator":"@casalinfants","twitter_site":"@casalinfants","twitter_misc":{"Escrito por":"Pau","Tiempo de lectura":"2 minutos"},"schema":{"@context":"https:\/\/schema.org","@graph":[{"@type":"Article","@id":"https:\/\/www.casaldelsinfants.org\/es\/actualidad\/sellodonaconconfianza\/#article","isPartOf":{"@id":"https:\/\/www.casaldelsinfants.org\/es\/actualidad\/sellodonaconconfianza\/"},"author":{"name":"Pau","@id":"https:\/\/www.casaldelsinfants.org\/es\/#\/schema\/person\/2ef4311d50d338a60b5e32ef2d303033"},"headline":"El Casal dels Infants renueva el sello Dona con confianza","datePublished":"2023-09-26T14:27:32+00:00","mainEntityOfPage":{"@id":"https:\/\/www.casaldelsinfants.org\/es\/actualidad\/sellodonaconconfianza\/"},"wordCount":309,"commentCount":0,"publisher":{"@id":"https:\/\/www.casaldelsinfants.org\/es\/#organization"},"image":{"@id":"https:\/\/www.casaldelsinfants.org\/es\/actualidad\/sellodonaconconfianza\/#primaryimage"},"thumbnailUrl":"https:\/\/www.casaldelsinfants.org\/wp-content\/uploads\/Casal-dels-Infants-segell-Dona-amb-confianca-1.webp","articleSection":["Noticia"],"inLanguage":"es","potentialAction":[{"@type":"CommentAction","name":"Comment","target":["https:\/\/www.casaldelsinfants.org\/es\/actualidad\/sellodonaconconfianza\/#respond"]}]},{"@type":"WebPage","@id":"https:\/\/www.casaldelsinfants.org\/es\/actualidad\/sellodonaconconfianza\/","url":"https:\/\/www.casaldelsinfants.org\/es\/actualidad\/sellodonaconconfianza\/","name":"El Casal dels Infants renueva el sello Dona con confianza - Casal dels Infants","isPartOf":{"@id":"https:\/\/www.casaldelsinfants.org\/es\/#website"},"primaryImageOfPage":{"@id":"https:\/\/www.casaldelsinfants.org\/es\/actualidad\/sellodonaconconfianza\/#primaryimage"},"image":{"@id":"https:\/\/www.casaldelsinfants.org\/es\/actualidad\/sellodonaconconfianza\/#primaryimage"},"thumbnailUrl":"https:\/\/www.casaldelsinfants.org\/wp-content\/uploads\/Casal-dels-Infants-segell-Dona-amb-confianca-1.webp","datePublished":"2023-09-26T14:27:32+00:00","description":"El Casal dels Infants renueva el sello Dona con confianza, de la Fundaci\u00f3n Lealtad, a la transparencia i las buenas pr\u00e1cticas.","breadcrumb":{"@id":"https:\/\/www.casaldelsinfants.org\/es\/actualidad\/sellodonaconconfianza\/#breadcrumb"},"inLanguage":"es","potentialAction":[{"@type":"ReadAction","target":["https:\/\/www.casaldelsinfants.org\/es\/actualidad\/sellodonaconconfianza\/"]}]},{"@type":"ImageObject","inLanguage":"es","@id":"https:\/\/www.casaldelsinfants.org\/es\/actualidad\/sellodonaconconfianza\/#primaryimage","url":"https:\/\/www.casaldelsinfants.org\/wp-content\/uploads\/Casal-dels-Infants-segell-Dona-amb-confianca-1.webp","contentUrl":"https:\/\/www.casaldelsinfants.org\/wp-content\/uploads\/Casal-dels-Infants-segell-Dona-amb-confianca-1.webp","width":1728,"height":1152,"caption":"El sello Dona con confianza reconoce la transparencia y las buenas pr\u00e1cticas de gesti\u00f3n del Casal dels Infants"},{"@type":"BreadcrumbList","@id":"https:\/\/www.casaldelsinfants.org\/es\/actualidad\/sellodonaconconfianza\/#breadcrumb","itemListElement":[{"@type":"ListItem","position":1,"name":"Inici","item":"https:\/\/www.casaldelsinfants.org\/es\/"},{"@type":"ListItem","position":2,"name":"El Casal dels Infants renueva el sello Dona con confianza"}]},{"@type":"WebSite","@id":"https:\/\/www.casaldelsinfants.org\/es\/#website","url":"https:\/\/www.casaldelsinfants.org\/es\/","name":"Casal dels Infants","description":"","publisher":{"@id":"https:\/\/www.casaldelsinfants.org\/es\/#organization"},"potentialAction":[{"@type":"SearchAction","target":{"@type":"EntryPoint","urlTemplate":"https:\/\/www.casaldelsinfants.org\/es\/?s={search_term_string}"},"query-input":{"@type":"PropertyValueSpecification","valueRequired":true,"valueName":"search_term_string"}}],"inLanguage":"es"},{"@type":"Organization","@id":"https:\/\/www.casaldelsinfants.org\/es\/#organization","name":"Casal dels Infants","url":"https:\/\/www.casaldelsinfants.org\/es\/","logo":{"@type":"ImageObject","inLanguage":"es","@id":"https:\/\/www.casaldelsinfants.org\/es\/#\/schema\/logo\/image\/","url":"https:\/\/www.casaldelsinfants.org\/wp-content\/uploads\/logo-mail.png","contentUrl":"https:\/\/www.casaldelsinfants.org\/wp-content\/uploads\/logo-mail.png","width":380,"height":158,"caption":"Casal dels Infants"},"image":{"@id":"https:\/\/www.casaldelsinfants.org\/es\/#\/schema\/logo\/image\/"},"sameAs":["https:\/\/www.facebook.com\/casalinfants","https:\/\/x.com\/casalinfants","https:\/\/www.youtube.com\/user\/CasaldelsInfants1","https:\/\/www.instagram.com\/casalinfants\/","https:\/\/www.linkedin.com\/company\/casaldelsinfants?trk=organization-update_share-update_actor-text"]},{"@type":"Person","@id":"https:\/\/www.casaldelsinfants.org\/es\/#\/schema\/person\/2ef4311d50d338a60b5e32ef2d303033","name":"Pau"}]}},"publishpress_future_action":{"enabled":false,"date":"2026-05-09 00:48:08","action":"change-status","newStatus":"draft","terms":[],"taxonomy":"category","extraData":[]},"publishpress_future_workflow_manual_trigger":{"enabledWorkflows":[]},"_links":{"self":[{"href":"https:\/\/www.casaldelsinfants.org\/es\/wp-json\/wp\/v2\/posts\/14144","targetHints":{"allow":["GET"]}}],"collection":[{"href":"https:\/\/www.casaldelsinfants.org\/es\/wp-json\/wp\/v2\/posts"}],"about":[{"href":"https:\/\/www.casaldelsinfants.org\/es\/wp-json\/wp\/v2\/types\/post"}],"author":[{"embeddable":true,"href":"https:\/\/www.casaldelsinfants.org\/es\/wp-json\/wp\/v2\/users\/10"}],"replies":[{"embeddable":true,"href":"https:\/\/www.casaldelsinfants.org\/es\/wp-json\/wp\/v2\/comments?post=14144"}],"version-history":[{"count":1,"href":"https:\/\/www.casaldelsinfants.org\/es\/wp-json\/wp\/v2\/posts\/14144\/revisions"}],"predecessor-version":[{"id":14145,"href":"https:\/\/www.casaldelsinfants.org\/es\/wp-json\/wp\/v2\/posts\/14144\/revisions\/14145"}],"wp:featuredmedia":[{"embeddable":true,"href":"https:\/\/www.casaldelsinfants.org\/es\/wp-json\/wp\/v2\/media\/14141"}],"wp:attachment":[{"href":"https:\/\/www.casaldelsinfants.org\/es\/wp-json\/wp\/v2\/media?parent=14144"}],"wp:term":[{"taxonomy":"category","embeddable":true,"href":"https:\/\/www.casaldelsinfants.org\/es\/wp-json\/wp\/v2\/categories?post=14144"},{"taxonomy":"post_tag","embeddable":true,"href":"https:\/\/www.casaldelsinfants.org\/es\/wp-json\/wp\/v2\/tags?post=14144"},{"taxonomy":"seus","embeddable":true,"href":"https:\/\/www.casaldelsinfants.org\/es\/wp-json\/wp\/v2\/seus?post=14144"},{"taxonomy":"eixos","embeddable":true,"href":"https:\/\/www.casaldelsinfants.org\/es\/wp-json\/wp\/v2\/eixos?post=14144"}],"curies":[{"name":"wp","href":"https:\/\/api.w.org\/{rel}","templated":true}]}}