{"id":14365,"date":"2023-10-09T10:19:58","date_gmt":"2023-10-09T08:19:58","guid":{"rendered":"https:\/\/www.casaldelsinfants.org\/?p=14365"},"modified":"2023-10-09T10:19:58","modified_gmt":"2023-10-09T08:19:58","slug":"cinco-claves-del-refuerzo-educativo-en-el-casal-dels-infants","status":"publish","type":"post","link":"https:\/\/www.casaldelsinfants.org\/es\/actualidad\/cinco-claves-del-refuerzo-educativo-en-el-casal-dels-infants\/","title":{"rendered":"Cinco claves del refuerzo educativo en el Casal dels Infants"},"content":{"rendered":"<p><iframe loading=\"lazy\" title=\"5 claves del refuerzo educativo en el Casal dels Infants\" width=\"1080\" height=\"608\" src=\"https:\/\/www.youtube.com\/embed\/F2ey_D4piuU?feature=oembed&#038;enablejsapi=1&#038;origin=https:\/\/www.casaldelsinfants.org\"  allow=\"accelerometer; autoplay; clipboard-write; encrypted-media; gyroscope; picture-in-picture; web-share\" allowfullscreen><\/iframe><\/p>\n<p>&nbsp;<\/p>\n<p>En el Casal dels Infants, uno de nuestros objetivos para que los ni\u00f1os, ni\u00f1as, adolescentes y j\u00f3venes que acompa\u00f1amos superen el riesgo de exclusi\u00f3n social es <a href=\"https:\/\/www.casaldelsinfants.org\/es\/actualidad\/fortalecemoslaeducacion\/\">hacer frente a las desigualdades educativas<\/a>. Por ello apostamos por garantizarles espacios de apoyo en el aprendizaje fuera del horario lectiva. Porque cada tarde, cuando salen de la escuela o el instituto, todav\u00eda les quedan muchas horas para aprender que pueden servir para fortalecer su itinerario educativo. As\u00ed, actuamos contra el riesgo de fracaso escolar o de abandono escolar prematuro. A continuaci\u00f3n detallamos las cinco claves del refuerzo educativo en el Casal dels Infants, explicadas por Laura Garcia, educadora del Centro Abierto Anem i Tornem del <a href=\"https:\/\/www.casaldelsinfants.org\/es\/donde-trabajamos\/santa-coloma-de-gramenet\/\">Casal dels Infants de Santa Coloma de Gramenet<\/a>.<\/p>\n<h2>1. Individualizado<\/h2>\n<p>Pese a que uno de los aspectos que trabajamos con los ni\u00f1os y ni\u00f1as es la cohesi\u00f3n del grupo, las competencias relacionales y la resoluci\u00f3n de conflictos entre iguales, en el caso del apoyo educativo buscamos dar respuesta a las necesidades de cada uno de ellos y ellas.<\/p>\n<p><img decoding=\"async\" class=\"aligncenter wp-image-14366\" src=\"https:\/\/www.casaldelsinfants.org\/wp-content\/uploads\/Reforc-educatiu-individualitzat-Casal-dels-Infants-1-1.webp\" alt=\"El apoyo individualizado es una de las cinco claves del refuerzo educativo en el Casal dels Infants\" width=\"400\" height=\"225\" \/><\/p>\n<h2>2. Promueve h\u00e1bitos de estudio<\/h2>\n<p>Cada tarde trabajamos que los ni\u00f1os, ni\u00f1as, adolescentes y j\u00f3venes tengan el h\u00e1bito de hacer un seguimiento de su agenda de tareas educativas. Tambi\u00e9n insistimos en que planifiquen y se organicen el tiempo de estudio y encuentren estrategias para concentrarse, entre otros h\u00e1bitos.<\/p>\n<h2>3. El catal\u00e1n como herramienta de igualdad de oportunidades<\/h2>\n<p>Desde el Casal dels Infants defendemos el modelo de inmersi\u00f3n ling\u00fc\u00edstica en los centros educativos. Este se impuls\u00f3 para dar respuesta a la demanda popular que reclamaba que todos los ni\u00f1os y ni\u00f1as tuvieran igualdad de oportunidades para aprender el catal\u00e1n. Sin embargo, para garantizar una equidad real es clave garantizar espacios de apoyo educativo fuera del horario lectivo donde el catal\u00e1n tambi\u00e9n sea la lengua vehicular.<\/p>\n<p><img decoding=\"async\" class=\"aligncenter wp-image-14368\" src=\"https:\/\/www.casaldelsinfants.org\/wp-content\/uploads\/El-catala-eina-digualtat-doportunitats-Casal-dels-Infants-1-1.webp\" alt=\"En el Casal dels Infants defendemos el modelo de inmersi\u00f3n ling\u00fc\u00edstica y creemos en el catal\u00e1n como herramienta para la equidad.\" width=\"400\" height=\"225\" \/><\/p>\n<h2>4. Trabajamos en red con las escuelas y los institutos<\/h2>\n<p>En cada barrio nos coordinamos con el profesorado de los chicos y chicas que acompa\u00f1amos para trabajar en red todo el acompa\u00f1amiento socioeducativo. Gracias a esta coordinaci\u00f3n detectamos necesidades educativas de cada ni\u00f1o o ni\u00f1a y podemos darles respuesta.<\/p>\n<h2>5. Involucramos a las familias<\/h2>\n<p>Sabemos que la implicaci\u00f3n de las familias en los itinerarios educativos de sus hijos e hijas es muy positiva para el \u00e9xito educativo. Incluso cuando los padres y madres no tienen las competencias necesarias para ayudarles en las tareas escolares. El hecho de sentarse a su lado y dedicarles esta atenci\u00f3n es una motivaci\u00f3n para los peque\u00f1os y peque\u00f1as. As\u00ed, estos \u00faltimos ven reconocido su esfuerzo y se sienten acompa\u00f1ados por los de casa a la hora de aprender.<\/p>\n<p>&nbsp;<\/p>\n<blockquote><p>Ay\u00fadanos a seguir apoyando a m\u00e1s de 3.000 ni\u00f1os, ni\u00f1as y adolescentes en riesgo para que fortalezcan su educaci\u00f3n.<\/p>\n<p><strong>Haz un <a href=\"https:\/\/www.casaldelsinfants.org\/es\/dona-ahora\/\">donativo<\/a><\/strong><\/p>\n<p><strong>Haz <a href=\"https:\/\/www.casaldelsinfants.org\/es\/que-puedes-hacer-tu\/voluntariado\/\">voluntariado<\/a><\/strong><\/p><\/blockquote>\n","protected":false},"excerpt":{"rendered":"<p>&nbsp; En el Casal dels Infants, uno de nuestros objetivos para que los ni\u00f1os, ni\u00f1as, adolescentes y j\u00f3venes que acompa\u00f1amos superen el riesgo de exclusi\u00f3n social es hacer frente a las desigualdades educativas. Por ello apostamos por garantizarles espacios de apoyo en el aprendizaje fuera del horario lectiva. Porque cada tarde, cuando salen de la [&hellip;]<\/p>\n","protected":false},"author":10,"featured_media":0,"comment_status":"open","ping_status":"open","sticky":false,"template":"","format":"standard","meta":{"_acf_changed":false,"_et_pb_use_builder":"","_et_pb_old_content":"","_et_gb_content_width":"","inline_featured_image":false,"footnotes":""},"categories":[125],"tags":[],"seus":[],"eixos":[203],"class_list":["post-14365","post","type-post","status-publish","format-standard","hentry","category-noticias","eixos-infancia-i-adolescencia-es"],"acf":[],"yoast_head":"<!-- This site is optimized with the Yoast SEO plugin v27.4 - https:\/\/yoast.com\/product\/yoast-seo-wordpress\/ -->\n<title>Cinco claves del refuerzo educativo en el Casal dels Infants - Casal dels Infants<\/title>\n<meta name=\"description\" content=\"Las cinco calves del refuerzo educativo que trabajamos en el Casal dels Infants son una herramienta para conseguir la equidad educativa.\" \/>\n<meta name=\"robots\" content=\"index, follow, max-snippet:-1, max-image-preview:large, max-video-preview:-1\" \/>\n<link rel=\"canonical\" href=\"https:\/\/www.casaldelsinfants.org\/es\/actualidad\/cinco-claves-del-refuerzo-educativo-en-el-casal-dels-infants\/\" \/>\n<meta property=\"og:locale\" content=\"es_ES\" \/>\n<meta property=\"og:type\" content=\"article\" \/>\n<meta property=\"og:title\" content=\"Cinco claves del refuerzo educativo en el Casal dels Infants - Casal dels Infants\" \/>\n<meta property=\"og:description\" content=\"Las cinco calves del refuerzo educativo que trabajamos en el Casal dels Infants son una herramienta para conseguir la equidad educativa.\" \/>\n<meta property=\"og:url\" content=\"https:\/\/www.casaldelsinfants.org\/es\/actualidad\/cinco-claves-del-refuerzo-educativo-en-el-casal-dels-infants\/\" \/>\n<meta property=\"og:site_name\" content=\"Casal dels Infants\" \/>\n<meta property=\"article:publisher\" content=\"https:\/\/www.facebook.com\/casalinfants\" \/>\n<meta property=\"article:published_time\" content=\"2023-10-09T08:19:58+00:00\" \/>\n<meta property=\"og:image\" content=\"https:\/\/www.casaldelsinfants.org\/wp-content\/uploads\/Reforc-educatiu-individualitzat-Casal-dels-Infants-1-1.webp\" \/>\n<meta name=\"author\" content=\"Pau\" \/>\n<meta name=\"twitter:card\" content=\"summary_large_image\" \/>\n<meta name=\"twitter:creator\" content=\"@casalinfants\" \/>\n<meta name=\"twitter:site\" content=\"@casalinfants\" \/>\n<meta name=\"twitter:label1\" content=\"Escrito por\" \/>\n\t<meta name=\"twitter:data1\" content=\"Pau\" \/>\n\t<meta name=\"twitter:label2\" content=\"Tiempo de lectura\" \/>\n\t<meta name=\"twitter:data2\" content=\"3 minutos\" \/>\n<script type=\"application\/ld+json\" class=\"yoast-schema-graph\">{\"@context\":\"https:\\\/\\\/schema.org\",\"@graph\":[{\"@type\":\"Article\",\"@id\":\"https:\\\/\\\/www.casaldelsinfants.org\\\/es\\\/actualidad\\\/cinco-claves-del-refuerzo-educativo-en-el-casal-dels-infants\\\/#article\",\"isPartOf\":{\"@id\":\"https:\\\/\\\/www.casaldelsinfants.org\\\/es\\\/actualidad\\\/cinco-claves-del-refuerzo-educativo-en-el-casal-dels-infants\\\/\"},\"author\":{\"name\":\"Pau\",\"@id\":\"https:\\\/\\\/www.casaldelsinfants.org\\\/es\\\/#\\\/schema\\\/person\\\/2ef4311d50d338a60b5e32ef2d303033\"},\"headline\":\"Cinco claves del refuerzo educativo en el Casal dels Infants\",\"datePublished\":\"2023-10-09T08:19:58+00:00\",\"mainEntityOfPage\":{\"@id\":\"https:\\\/\\\/www.casaldelsinfants.org\\\/es\\\/actualidad\\\/cinco-claves-del-refuerzo-educativo-en-el-casal-dels-infants\\\/\"},\"wordCount\":511,\"commentCount\":0,\"publisher\":{\"@id\":\"https:\\\/\\\/www.casaldelsinfants.org\\\/es\\\/#organization\"},\"image\":{\"@id\":\"https:\\\/\\\/www.casaldelsinfants.org\\\/es\\\/actualidad\\\/cinco-claves-del-refuerzo-educativo-en-el-casal-dels-infants\\\/#primaryimage\"},\"thumbnailUrl\":\"https:\\\/\\\/www.casaldelsinfants.org\\\/wp-content\\\/uploads\\\/Reforc-educatiu-individualitzat-Casal-dels-Infants-1-1.webp\",\"articleSection\":[\"Noticia\"],\"inLanguage\":\"es\",\"potentialAction\":[{\"@type\":\"CommentAction\",\"name\":\"Comment\",\"target\":[\"https:\\\/\\\/www.casaldelsinfants.org\\\/es\\\/actualidad\\\/cinco-claves-del-refuerzo-educativo-en-el-casal-dels-infants\\\/#respond\"]}]},{\"@type\":\"WebPage\",\"@id\":\"https:\\\/\\\/www.casaldelsinfants.org\\\/es\\\/actualidad\\\/cinco-claves-del-refuerzo-educativo-en-el-casal-dels-infants\\\/\",\"url\":\"https:\\\/\\\/www.casaldelsinfants.org\\\/es\\\/actualidad\\\/cinco-claves-del-refuerzo-educativo-en-el-casal-dels-infants\\\/\",\"name\":\"Cinco claves del refuerzo educativo en el Casal dels Infants - Casal dels Infants\",\"isPartOf\":{\"@id\":\"https:\\\/\\\/www.casaldelsinfants.org\\\/es\\\/#website\"},\"primaryImageOfPage\":{\"@id\":\"https:\\\/\\\/www.casaldelsinfants.org\\\/es\\\/actualidad\\\/cinco-claves-del-refuerzo-educativo-en-el-casal-dels-infants\\\/#primaryimage\"},\"image\":{\"@id\":\"https:\\\/\\\/www.casaldelsinfants.org\\\/es\\\/actualidad\\\/cinco-claves-del-refuerzo-educativo-en-el-casal-dels-infants\\\/#primaryimage\"},\"thumbnailUrl\":\"https:\\\/\\\/www.casaldelsinfants.org\\\/wp-content\\\/uploads\\\/Reforc-educatiu-individualitzat-Casal-dels-Infants-1-1.webp\",\"datePublished\":\"2023-10-09T08:19:58+00:00\",\"description\":\"Las cinco calves del refuerzo educativo que trabajamos en el Casal dels Infants son una herramienta para conseguir la equidad educativa.\",\"breadcrumb\":{\"@id\":\"https:\\\/\\\/www.casaldelsinfants.org\\\/es\\\/actualidad\\\/cinco-claves-del-refuerzo-educativo-en-el-casal-dels-infants\\\/#breadcrumb\"},\"inLanguage\":\"es\",\"potentialAction\":[{\"@type\":\"ReadAction\",\"target\":[\"https:\\\/\\\/www.casaldelsinfants.org\\\/es\\\/actualidad\\\/cinco-claves-del-refuerzo-educativo-en-el-casal-dels-infants\\\/\"]}]},{\"@type\":\"ImageObject\",\"inLanguage\":\"es\",\"@id\":\"https:\\\/\\\/www.casaldelsinfants.org\\\/es\\\/actualidad\\\/cinco-claves-del-refuerzo-educativo-en-el-casal-dels-infants\\\/#primaryimage\",\"url\":\"https:\\\/\\\/www.casaldelsinfants.org\\\/wp-content\\\/uploads\\\/Reforc-educatiu-individualitzat-Casal-dels-Infants-1-1.webp\",\"contentUrl\":\"https:\\\/\\\/www.casaldelsinfants.org\\\/wp-content\\\/uploads\\\/Reforc-educatiu-individualitzat-Casal-dels-Infants-1-1.webp\"},{\"@type\":\"BreadcrumbList\",\"@id\":\"https:\\\/\\\/www.casaldelsinfants.org\\\/es\\\/actualidad\\\/cinco-claves-del-refuerzo-educativo-en-el-casal-dels-infants\\\/#breadcrumb\",\"itemListElement\":[{\"@type\":\"ListItem\",\"position\":1,\"name\":\"Inici\",\"item\":\"https:\\\/\\\/www.casaldelsinfants.org\\\/es\\\/\"},{\"@type\":\"ListItem\",\"position\":2,\"name\":\"Cinco claves del refuerzo educativo en el Casal dels Infants\"}]},{\"@type\":\"WebSite\",\"@id\":\"https:\\\/\\\/www.casaldelsinfants.org\\\/es\\\/#website\",\"url\":\"https:\\\/\\\/www.casaldelsinfants.org\\\/es\\\/\",\"name\":\"Casal dels Infants\",\"description\":\"\",\"publisher\":{\"@id\":\"https:\\\/\\\/www.casaldelsinfants.org\\\/es\\\/#organization\"},\"potentialAction\":[{\"@type\":\"SearchAction\",\"target\":{\"@type\":\"EntryPoint\",\"urlTemplate\":\"https:\\\/\\\/www.casaldelsinfants.org\\\/es\\\/?s={search_term_string}\"},\"query-input\":{\"@type\":\"PropertyValueSpecification\",\"valueRequired\":true,\"valueName\":\"search_term_string\"}}],\"inLanguage\":\"es\"},{\"@type\":\"Organization\",\"@id\":\"https:\\\/\\\/www.casaldelsinfants.org\\\/es\\\/#organization\",\"name\":\"Casal dels Infants\",\"url\":\"https:\\\/\\\/www.casaldelsinfants.org\\\/es\\\/\",\"logo\":{\"@type\":\"ImageObject\",\"inLanguage\":\"es\",\"@id\":\"https:\\\/\\\/www.casaldelsinfants.org\\\/es\\\/#\\\/schema\\\/logo\\\/image\\\/\",\"url\":\"https:\\\/\\\/www.casaldelsinfants.org\\\/wp-content\\\/uploads\\\/logo-mail.png\",\"contentUrl\":\"https:\\\/\\\/www.casaldelsinfants.org\\\/wp-content\\\/uploads\\\/logo-mail.png\",\"width\":380,\"height\":158,\"caption\":\"Casal dels Infants\"},\"image\":{\"@id\":\"https:\\\/\\\/www.casaldelsinfants.org\\\/es\\\/#\\\/schema\\\/logo\\\/image\\\/\"},\"sameAs\":[\"https:\\\/\\\/www.facebook.com\\\/casalinfants\",\"https:\\\/\\\/x.com\\\/casalinfants\",\"https:\\\/\\\/www.youtube.com\\\/user\\\/CasaldelsInfants1\",\"https:\\\/\\\/www.instagram.com\\\/casalinfants\\\/\",\"https:\\\/\\\/www.linkedin.com\\\/company\\\/casaldelsinfants?trk=organization-update_share-update_actor-text\"]},{\"@type\":\"Person\",\"@id\":\"https:\\\/\\\/www.casaldelsinfants.org\\\/es\\\/#\\\/schema\\\/person\\\/2ef4311d50d338a60b5e32ef2d303033\",\"name\":\"Pau\"}]}<\/script>\n<!-- \/ Yoast SEO plugin. -->","yoast_head_json":{"title":"Cinco claves del refuerzo educativo en el Casal dels Infants - Casal dels Infants","description":"Las cinco calves del refuerzo educativo que trabajamos en el Casal dels Infants son una herramienta para conseguir la equidad educativa.","robots":{"index":"index","follow":"follow","max-snippet":"max-snippet:-1","max-image-preview":"max-image-preview:large","max-video-preview":"max-video-preview:-1"},"canonical":"https:\/\/www.casaldelsinfants.org\/es\/actualidad\/cinco-claves-del-refuerzo-educativo-en-el-casal-dels-infants\/","og_locale":"es_ES","og_type":"article","og_title":"Cinco claves del refuerzo educativo en el Casal dels Infants - Casal dels Infants","og_description":"Las cinco calves del refuerzo educativo que trabajamos en el Casal dels Infants son una herramienta para conseguir la equidad educativa.","og_url":"https:\/\/www.casaldelsinfants.org\/es\/actualidad\/cinco-claves-del-refuerzo-educativo-en-el-casal-dels-infants\/","og_site_name":"Casal dels Infants","article_publisher":"https:\/\/www.facebook.com\/casalinfants","article_published_time":"2023-10-09T08:19:58+00:00","og_image":[{"url":"https:\/\/www.casaldelsinfants.org\/wp-content\/uploads\/Reforc-educatiu-individualitzat-Casal-dels-Infants-1-1.webp","type":"","width":"","height":""}],"author":"Pau","twitter_card":"summary_large_image","twitter_creator":"@casalinfants","twitter_site":"@casalinfants","twitter_misc":{"Escrito por":"Pau","Tiempo de lectura":"3 minutos"},"schema":{"@context":"https:\/\/schema.org","@graph":[{"@type":"Article","@id":"https:\/\/www.casaldelsinfants.org\/es\/actualidad\/cinco-claves-del-refuerzo-educativo-en-el-casal-dels-infants\/#article","isPartOf":{"@id":"https:\/\/www.casaldelsinfants.org\/es\/actualidad\/cinco-claves-del-refuerzo-educativo-en-el-casal-dels-infants\/"},"author":{"name":"Pau","@id":"https:\/\/www.casaldelsinfants.org\/es\/#\/schema\/person\/2ef4311d50d338a60b5e32ef2d303033"},"headline":"Cinco claves del refuerzo educativo en el Casal dels Infants","datePublished":"2023-10-09T08:19:58+00:00","mainEntityOfPage":{"@id":"https:\/\/www.casaldelsinfants.org\/es\/actualidad\/cinco-claves-del-refuerzo-educativo-en-el-casal-dels-infants\/"},"wordCount":511,"commentCount":0,"publisher":{"@id":"https:\/\/www.casaldelsinfants.org\/es\/#organization"},"image":{"@id":"https:\/\/www.casaldelsinfants.org\/es\/actualidad\/cinco-claves-del-refuerzo-educativo-en-el-casal-dels-infants\/#primaryimage"},"thumbnailUrl":"https:\/\/www.casaldelsinfants.org\/wp-content\/uploads\/Reforc-educatiu-individualitzat-Casal-dels-Infants-1-1.webp","articleSection":["Noticia"],"inLanguage":"es","potentialAction":[{"@type":"CommentAction","name":"Comment","target":["https:\/\/www.casaldelsinfants.org\/es\/actualidad\/cinco-claves-del-refuerzo-educativo-en-el-casal-dels-infants\/#respond"]}]},{"@type":"WebPage","@id":"https:\/\/www.casaldelsinfants.org\/es\/actualidad\/cinco-claves-del-refuerzo-educativo-en-el-casal-dels-infants\/","url":"https:\/\/www.casaldelsinfants.org\/es\/actualidad\/cinco-claves-del-refuerzo-educativo-en-el-casal-dels-infants\/","name":"Cinco claves del refuerzo educativo en el Casal dels Infants - Casal dels Infants","isPartOf":{"@id":"https:\/\/www.casaldelsinfants.org\/es\/#website"},"primaryImageOfPage":{"@id":"https:\/\/www.casaldelsinfants.org\/es\/actualidad\/cinco-claves-del-refuerzo-educativo-en-el-casal-dels-infants\/#primaryimage"},"image":{"@id":"https:\/\/www.casaldelsinfants.org\/es\/actualidad\/cinco-claves-del-refuerzo-educativo-en-el-casal-dels-infants\/#primaryimage"},"thumbnailUrl":"https:\/\/www.casaldelsinfants.org\/wp-content\/uploads\/Reforc-educatiu-individualitzat-Casal-dels-Infants-1-1.webp","datePublished":"2023-10-09T08:19:58+00:00","description":"Las cinco calves del refuerzo educativo que trabajamos en el Casal dels Infants son una herramienta para conseguir la equidad educativa.","breadcrumb":{"@id":"https:\/\/www.casaldelsinfants.org\/es\/actualidad\/cinco-claves-del-refuerzo-educativo-en-el-casal-dels-infants\/#breadcrumb"},"inLanguage":"es","potentialAction":[{"@type":"ReadAction","target":["https:\/\/www.casaldelsinfants.org\/es\/actualidad\/cinco-claves-del-refuerzo-educativo-en-el-casal-dels-infants\/"]}]},{"@type":"ImageObject","inLanguage":"es","@id":"https:\/\/www.casaldelsinfants.org\/es\/actualidad\/cinco-claves-del-refuerzo-educativo-en-el-casal-dels-infants\/#primaryimage","url":"https:\/\/www.casaldelsinfants.org\/wp-content\/uploads\/Reforc-educatiu-individualitzat-Casal-dels-Infants-1-1.webp","contentUrl":"https:\/\/www.casaldelsinfants.org\/wp-content\/uploads\/Reforc-educatiu-individualitzat-Casal-dels-Infants-1-1.webp"},{"@type":"BreadcrumbList","@id":"https:\/\/www.casaldelsinfants.org\/es\/actualidad\/cinco-claves-del-refuerzo-educativo-en-el-casal-dels-infants\/#breadcrumb","itemListElement":[{"@type":"ListItem","position":1,"name":"Inici","item":"https:\/\/www.casaldelsinfants.org\/es\/"},{"@type":"ListItem","position":2,"name":"Cinco claves del refuerzo educativo en el Casal dels Infants"}]},{"@type":"WebSite","@id":"https:\/\/www.casaldelsinfants.org\/es\/#website","url":"https:\/\/www.casaldelsinfants.org\/es\/","name":"Casal dels Infants","description":"","publisher":{"@id":"https:\/\/www.casaldelsinfants.org\/es\/#organization"},"potentialAction":[{"@type":"SearchAction","target":{"@type":"EntryPoint","urlTemplate":"https:\/\/www.casaldelsinfants.org\/es\/?s={search_term_string}"},"query-input":{"@type":"PropertyValueSpecification","valueRequired":true,"valueName":"search_term_string"}}],"inLanguage":"es"},{"@type":"Organization","@id":"https:\/\/www.casaldelsinfants.org\/es\/#organization","name":"Casal dels Infants","url":"https:\/\/www.casaldelsinfants.org\/es\/","logo":{"@type":"ImageObject","inLanguage":"es","@id":"https:\/\/www.casaldelsinfants.org\/es\/#\/schema\/logo\/image\/","url":"https:\/\/www.casaldelsinfants.org\/wp-content\/uploads\/logo-mail.png","contentUrl":"https:\/\/www.casaldelsinfants.org\/wp-content\/uploads\/logo-mail.png","width":380,"height":158,"caption":"Casal dels Infants"},"image":{"@id":"https:\/\/www.casaldelsinfants.org\/es\/#\/schema\/logo\/image\/"},"sameAs":["https:\/\/www.facebook.com\/casalinfants","https:\/\/x.com\/casalinfants","https:\/\/www.youtube.com\/user\/CasaldelsInfants1","https:\/\/www.instagram.com\/casalinfants\/","https:\/\/www.linkedin.com\/company\/casaldelsinfants?trk=organization-update_share-update_actor-text"]},{"@type":"Person","@id":"https:\/\/www.casaldelsinfants.org\/es\/#\/schema\/person\/2ef4311d50d338a60b5e32ef2d303033","name":"Pau"}]}},"publishpress_future_action":{"enabled":false,"date":"2026-05-09 10:36:34","action":"change-status","newStatus":"draft","terms":[],"taxonomy":"category","extraData":[]},"publishpress_future_workflow_manual_trigger":{"enabledWorkflows":[]},"_links":{"self":[{"href":"https:\/\/www.casaldelsinfants.org\/es\/wp-json\/wp\/v2\/posts\/14365","targetHints":{"allow":["GET"]}}],"collection":[{"href":"https:\/\/www.casaldelsinfants.org\/es\/wp-json\/wp\/v2\/posts"}],"about":[{"href":"https:\/\/www.casaldelsinfants.org\/es\/wp-json\/wp\/v2\/types\/post"}],"author":[{"embeddable":true,"href":"https:\/\/www.casaldelsinfants.org\/es\/wp-json\/wp\/v2\/users\/10"}],"replies":[{"embeddable":true,"href":"https:\/\/www.casaldelsinfants.org\/es\/wp-json\/wp\/v2\/comments?post=14365"}],"version-history":[{"count":1,"href":"https:\/\/www.casaldelsinfants.org\/es\/wp-json\/wp\/v2\/posts\/14365\/revisions"}],"predecessor-version":[{"id":14370,"href":"https:\/\/www.casaldelsinfants.org\/es\/wp-json\/wp\/v2\/posts\/14365\/revisions\/14370"}],"wp:attachment":[{"href":"https:\/\/www.casaldelsinfants.org\/es\/wp-json\/wp\/v2\/media?parent=14365"}],"wp:term":[{"taxonomy":"category","embeddable":true,"href":"https:\/\/www.casaldelsinfants.org\/es\/wp-json\/wp\/v2\/categories?post=14365"},{"taxonomy":"post_tag","embeddable":true,"href":"https:\/\/www.casaldelsinfants.org\/es\/wp-json\/wp\/v2\/tags?post=14365"},{"taxonomy":"seus","embeddable":true,"href":"https:\/\/www.casaldelsinfants.org\/es\/wp-json\/wp\/v2\/seus?post=14365"},{"taxonomy":"eixos","embeddable":true,"href":"https:\/\/www.casaldelsinfants.org\/es\/wp-json\/wp\/v2\/eixos?post=14365"}],"curies":[{"name":"wp","href":"https:\/\/api.w.org\/{rel}","templated":true}]}}