{"id":14411,"date":"2023-11-27T12:30:02","date_gmt":"2023-11-27T10:30:02","guid":{"rendered":"https:\/\/www.casaldelsinfants.org\/?p=14411"},"modified":"2023-11-27T13:02:37","modified_gmt":"2023-11-27T11:02:37","slug":"nuevocursoescuelasuma","status":"publish","type":"post","link":"https:\/\/www.casaldelsinfants.org\/es\/actualidad\/nuevocursoescuelasuma\/","title":{"rendered":"Arranca el nuevo curso de la Escuela Suma"},"content":{"rendered":"<p>Hemos arrancado con las actividades de<strong> Escuela Suma, el programa de educaci\u00f3n en valores del Casal dels Infants que trabaja codo con codo con las escuelas<\/strong>. Con el nuevo curso escolar, hemos reanudado nuestra actividad de <strong>sensibilizaci\u00f3n del alumnado sobre las desigualdades sociales<\/strong>, con la que queremos acercar a los alumnos y alumnas a realidades que a menudo sienten muy alejadas pero que pasan en sus ciudades, muy cerca de ellos .<\/p>\n<p>En una de las primeras charlas de este curso, Tchacka Doumbia, ex participante del Servicio de Transici\u00f3n a la Autonom\u00eda del Casal y voluntario de Escuela Suma, y Aina Ruiz, t\u00e9cnica del proyecto, se desplazaron a la escuela Sagrat Cor de Sarri\u00e0 para realizar la actividad \u00abPodr\u00edas ser t\u00fa\u00bb con el alumnado de 6\u00ba de primaria.<\/p>\n<p>La charla de sensibilizaci\u00f3n, enmarcada dentro de un itinerario formativo sobre migraciones que est\u00e1 estudiando el alumnado de la escuela, ha permitido a los ni\u00f1os y ni\u00f1as escuchar en primera persona el <span style=\"text-decoration: underline; color: #026451;\"><a style=\"color: #026451; text-decoration: underline;\" href=\"https:\/\/youtu.be\/GebYC5EWTyc?si=VGW6peRUkG9Da_GH\">testimonio de Tchacka<\/a><\/span>, que migr\u00f3 solo desde Mali cuando ten\u00eda 15 a\u00f1os.<\/p>\n<p>&nbsp;<\/p>\n<h3><strong><span style=\"color: #026451;\">Testimonios en primera persona<\/span><\/strong><\/h3>\n<p>Se aprende a trav\u00e9s de la emoci\u00f3n, y estamos convencidas que la relaci\u00f3n directa con los y las protagonistas es fundamental para transmitir, de forma testimonial y emocional, nuestra misi\u00f3n. Por eso <strong>ofrecemos charlas protagonizadas por chicos y chicas en situaci\u00f3n de vulnerabilidad social<\/strong> participantes de las actividades del Casal dels Infants.<\/p>\n<p>Son testimonios en primera persona de j\u00f3venes de origen extranjero que han sufrido el racismo y la desigualdad, y lo han superado. <strong>Con estos testimonios, generamos debate e intercambio entre j\u00f3venes del Casal y el alumnado, fomentando su empat\u00eda y reflexionando sobre desigualdad de oportunidades, procesos migratorios y discriminaci\u00f3n.<\/strong><\/p>\n<p>Como ocurre siempre que visitamos escuelas con Tchacka, la actividad fue un \u00e9xito y la hora se nos qued\u00f3 corta. Manos alzadas de los ni\u00f1os y ni\u00f1as que todav\u00eda quer\u00edan seguir haciendo preguntas, sabiendo m\u00e1s cosas sobre la historia de Tchacka.<\/p>\n<p>&nbsp;<\/p>\n<h3><strong><span style=\"color: #026451;\">Una actividad que fomenta el empoderamiento y la empat\u00eda<\/span><\/strong><\/h3>\n<p>Cuando nos desped\u00edamos, sin darnos cuenta los y las alumnas ya lo hab\u00edan rodeado, pidi\u00e9ndole que les chocara las manos, hacerse una foto\u2026 Y Tchacka se ha sentido protagonista y quiz\u00e1, incluso, un poco importante. No le debe pasar demasiado a menudo en su d\u00eda a d\u00eda, donde sigue encontr\u00e1ndose con el racismo y la discriminaci\u00f3n de muchas personas. Pero hoy, para estos ni\u00f1os y ni\u00f1as Tchacka era la estrella. Porque con la actividad \u201cPodr\u00edas ser t\u00fa\u201d no s\u00f3lo conseguimos acercar al alumnado a las historias de vida de estos chicos y chicas en situaci\u00f3n de vulnerabilidad social y generar empat\u00eda, sino que tambi\u00e9n <strong>ayudamos a los j\u00f3venes a ganar confianza y seguridad, a empoderarse, y darles m\u00e1s herramientas para salir adelante.<\/strong><\/p>\n<p>&nbsp;<\/p>\n<blockquote>\n<h4><strong><span style=\"color: #026451;\">Descubre qu\u00e9 m\u00e1s hacemos en Escuela Suma <span style=\"text-decoration: underline;\"><a href=\"https:\/\/www.casaldelsinfants.org\/es\/que-puedes-hacer-tu\/escuelas\/escuela-suma\/\">aqu\u00ed<\/a><\/span><\/span><\/strong><\/h4>\n<\/blockquote>\n","protected":false},"excerpt":{"rendered":"<p>Hemos arrancado con las actividades de Escuela Suma, el programa de educaci\u00f3n en valores del Casal dels Infants que trabaja codo con codo con las escuelas. Con el nuevo curso escolar, hemos reanudado nuestra actividad de sensibilizaci\u00f3n del alumnado sobre las desigualdades sociales, con la que queremos acercar a los alumnos y alumnas a realidades [&hellip;]<\/p>\n","protected":false},"author":11,"featured_media":14400,"comment_status":"open","ping_status":"open","sticky":false,"template":"","format":"standard","meta":{"_acf_changed":false,"_et_pb_use_builder":"","_et_pb_old_content":"","_et_gb_content_width":"","inline_featured_image":false,"footnotes":""},"categories":[125],"tags":[],"seus":[],"eixos":[152],"class_list":["post-14411","post","type-post","status-publish","format-standard","has-post-thumbnail","hentry","category-noticias","eixos-programa-educativo"],"acf":[],"yoast_head":"<!-- This site is optimized with the Yoast SEO plugin v27.4 - https:\/\/yoast.com\/product\/yoast-seo-wordpress\/ -->\n<title>Arranca el nuevo curso de la Escuela Suma - Casal dels Infants<\/title>\n<meta name=\"description\" content=\"Hemos arrancado con las actividades de Escuela Suma, el programa de educaci\u00f3n en valores del Casal que trabaja con las escuelas.\" \/>\n<meta name=\"robots\" content=\"index, follow, max-snippet:-1, max-image-preview:large, max-video-preview:-1\" \/>\n<link rel=\"canonical\" href=\"https:\/\/www.casaldelsinfants.org\/es\/actualidad\/nuevocursoescuelasuma\/\" \/>\n<meta property=\"og:locale\" content=\"es_ES\" \/>\n<meta property=\"og:type\" content=\"article\" \/>\n<meta property=\"og:title\" content=\"Arranca el nuevo curso de la Escuela Suma - Casal dels Infants\" \/>\n<meta property=\"og:description\" content=\"Hemos arrancado con las actividades de Escuela Suma, el programa de educaci\u00f3n en valores del Casal que trabaja con las escuelas.\" \/>\n<meta property=\"og:url\" content=\"https:\/\/www.casaldelsinfants.org\/es\/actualidad\/nuevocursoescuelasuma\/\" \/>\n<meta property=\"og:site_name\" content=\"Casal dels Infants\" \/>\n<meta property=\"article:publisher\" content=\"https:\/\/www.facebook.com\/casalinfants\" \/>\n<meta property=\"article:published_time\" content=\"2023-11-27T10:30:02+00:00\" \/>\n<meta property=\"article:modified_time\" content=\"2023-11-27T11:02:37+00:00\" \/>\n<meta property=\"og:image\" content=\"https:\/\/www.casaldelsinfants.org\/wp-content\/uploads\/escolasuma-1.webp\" \/>\n\t<meta property=\"og:image:width\" content=\"640\" \/>\n\t<meta property=\"og:image:height\" content=\"480\" \/>\n\t<meta property=\"og:image:type\" content=\"image\/jpeg\" \/>\n<meta name=\"author\" content=\"aina\" \/>\n<meta name=\"twitter:card\" content=\"summary_large_image\" \/>\n<meta name=\"twitter:creator\" content=\"@casalinfants\" \/>\n<meta name=\"twitter:site\" content=\"@casalinfants\" \/>\n<meta name=\"twitter:label1\" content=\"Escrito por\" \/>\n\t<meta name=\"twitter:data1\" content=\"aina\" \/>\n\t<meta name=\"twitter:label2\" content=\"Tiempo de lectura\" \/>\n\t<meta name=\"twitter:data2\" content=\"3 minutos\" \/>\n<script type=\"application\/ld+json\" class=\"yoast-schema-graph\">{\"@context\":\"https:\\\/\\\/schema.org\",\"@graph\":[{\"@type\":\"Article\",\"@id\":\"https:\\\/\\\/www.casaldelsinfants.org\\\/es\\\/actualidad\\\/nuevocursoescuelasuma\\\/#article\",\"isPartOf\":{\"@id\":\"https:\\\/\\\/www.casaldelsinfants.org\\\/es\\\/actualidad\\\/nuevocursoescuelasuma\\\/\"},\"author\":{\"name\":\"aina\",\"@id\":\"https:\\\/\\\/www.casaldelsinfants.org\\\/es\\\/#\\\/schema\\\/person\\\/760a729c39b48cb86928de163caeeefa\"},\"headline\":\"Arranca el nuevo curso de la Escuela Suma\",\"datePublished\":\"2023-11-27T10:30:02+00:00\",\"dateModified\":\"2023-11-27T11:02:37+00:00\",\"mainEntityOfPage\":{\"@id\":\"https:\\\/\\\/www.casaldelsinfants.org\\\/es\\\/actualidad\\\/nuevocursoescuelasuma\\\/\"},\"wordCount\":508,\"commentCount\":0,\"publisher\":{\"@id\":\"https:\\\/\\\/www.casaldelsinfants.org\\\/es\\\/#organization\"},\"image\":{\"@id\":\"https:\\\/\\\/www.casaldelsinfants.org\\\/es\\\/actualidad\\\/nuevocursoescuelasuma\\\/#primaryimage\"},\"thumbnailUrl\":\"https:\\\/\\\/www.casaldelsinfants.org\\\/wp-content\\\/uploads\\\/escolasuma-1.webp\",\"articleSection\":[\"Noticia\"],\"inLanguage\":\"es\",\"potentialAction\":[{\"@type\":\"CommentAction\",\"name\":\"Comment\",\"target\":[\"https:\\\/\\\/www.casaldelsinfants.org\\\/es\\\/actualidad\\\/nuevocursoescuelasuma\\\/#respond\"]}]},{\"@type\":\"WebPage\",\"@id\":\"https:\\\/\\\/www.casaldelsinfants.org\\\/es\\\/actualidad\\\/nuevocursoescuelasuma\\\/\",\"url\":\"https:\\\/\\\/www.casaldelsinfants.org\\\/es\\\/actualidad\\\/nuevocursoescuelasuma\\\/\",\"name\":\"Arranca el nuevo curso de la Escuela Suma - Casal dels Infants\",\"isPartOf\":{\"@id\":\"https:\\\/\\\/www.casaldelsinfants.org\\\/es\\\/#website\"},\"primaryImageOfPage\":{\"@id\":\"https:\\\/\\\/www.casaldelsinfants.org\\\/es\\\/actualidad\\\/nuevocursoescuelasuma\\\/#primaryimage\"},\"image\":{\"@id\":\"https:\\\/\\\/www.casaldelsinfants.org\\\/es\\\/actualidad\\\/nuevocursoescuelasuma\\\/#primaryimage\"},\"thumbnailUrl\":\"https:\\\/\\\/www.casaldelsinfants.org\\\/wp-content\\\/uploads\\\/escolasuma-1.webp\",\"datePublished\":\"2023-11-27T10:30:02+00:00\",\"dateModified\":\"2023-11-27T11:02:37+00:00\",\"description\":\"Hemos arrancado con las actividades de Escuela Suma, el programa de educaci\u00f3n en valores del Casal que trabaja con las escuelas.\",\"breadcrumb\":{\"@id\":\"https:\\\/\\\/www.casaldelsinfants.org\\\/es\\\/actualidad\\\/nuevocursoescuelasuma\\\/#breadcrumb\"},\"inLanguage\":\"es\",\"potentialAction\":[{\"@type\":\"ReadAction\",\"target\":[\"https:\\\/\\\/www.casaldelsinfants.org\\\/es\\\/actualidad\\\/nuevocursoescuelasuma\\\/\"]}]},{\"@type\":\"ImageObject\",\"inLanguage\":\"es\",\"@id\":\"https:\\\/\\\/www.casaldelsinfants.org\\\/es\\\/actualidad\\\/nuevocursoescuelasuma\\\/#primaryimage\",\"url\":\"https:\\\/\\\/www.casaldelsinfants.org\\\/wp-content\\\/uploads\\\/escolasuma-1.webp\",\"contentUrl\":\"https:\\\/\\\/www.casaldelsinfants.org\\\/wp-content\\\/uploads\\\/escolasuma-1.webp\",\"width\":640,\"height\":480,\"caption\":\"Tchacka en la escuela Sagrat Cor de Barcelona\"},{\"@type\":\"BreadcrumbList\",\"@id\":\"https:\\\/\\\/www.casaldelsinfants.org\\\/es\\\/actualidad\\\/nuevocursoescuelasuma\\\/#breadcrumb\",\"itemListElement\":[{\"@type\":\"ListItem\",\"position\":1,\"name\":\"Inici\",\"item\":\"https:\\\/\\\/www.casaldelsinfants.org\\\/es\\\/\"},{\"@type\":\"ListItem\",\"position\":2,\"name\":\"Arranca el nuevo curso de la Escuela Suma\"}]},{\"@type\":\"WebSite\",\"@id\":\"https:\\\/\\\/www.casaldelsinfants.org\\\/es\\\/#website\",\"url\":\"https:\\\/\\\/www.casaldelsinfants.org\\\/es\\\/\",\"name\":\"Casal dels Infants\",\"description\":\"\",\"publisher\":{\"@id\":\"https:\\\/\\\/www.casaldelsinfants.org\\\/es\\\/#organization\"},\"potentialAction\":[{\"@type\":\"SearchAction\",\"target\":{\"@type\":\"EntryPoint\",\"urlTemplate\":\"https:\\\/\\\/www.casaldelsinfants.org\\\/es\\\/?s={search_term_string}\"},\"query-input\":{\"@type\":\"PropertyValueSpecification\",\"valueRequired\":true,\"valueName\":\"search_term_string\"}}],\"inLanguage\":\"es\"},{\"@type\":\"Organization\",\"@id\":\"https:\\\/\\\/www.casaldelsinfants.org\\\/es\\\/#organization\",\"name\":\"Casal dels Infants\",\"url\":\"https:\\\/\\\/www.casaldelsinfants.org\\\/es\\\/\",\"logo\":{\"@type\":\"ImageObject\",\"inLanguage\":\"es\",\"@id\":\"https:\\\/\\\/www.casaldelsinfants.org\\\/es\\\/#\\\/schema\\\/logo\\\/image\\\/\",\"url\":\"https:\\\/\\\/www.casaldelsinfants.org\\\/wp-content\\\/uploads\\\/logo-mail.png\",\"contentUrl\":\"https:\\\/\\\/www.casaldelsinfants.org\\\/wp-content\\\/uploads\\\/logo-mail.png\",\"width\":380,\"height\":158,\"caption\":\"Casal dels Infants\"},\"image\":{\"@id\":\"https:\\\/\\\/www.casaldelsinfants.org\\\/es\\\/#\\\/schema\\\/logo\\\/image\\\/\"},\"sameAs\":[\"https:\\\/\\\/www.facebook.com\\\/casalinfants\",\"https:\\\/\\\/x.com\\\/casalinfants\",\"https:\\\/\\\/www.youtube.com\\\/user\\\/CasaldelsInfants1\",\"https:\\\/\\\/www.instagram.com\\\/casalinfants\\\/\",\"https:\\\/\\\/www.linkedin.com\\\/company\\\/casaldelsinfants?trk=organization-update_share-update_actor-text\"]},{\"@type\":\"Person\",\"@id\":\"https:\\\/\\\/www.casaldelsinfants.org\\\/es\\\/#\\\/schema\\\/person\\\/760a729c39b48cb86928de163caeeefa\",\"name\":\"aina\"}]}<\/script>\n<!-- \/ Yoast SEO plugin. -->","yoast_head_json":{"title":"Arranca el nuevo curso de la Escuela Suma - Casal dels Infants","description":"Hemos arrancado con las actividades de Escuela Suma, el programa de educaci\u00f3n en valores del Casal que trabaja con las escuelas.","robots":{"index":"index","follow":"follow","max-snippet":"max-snippet:-1","max-image-preview":"max-image-preview:large","max-video-preview":"max-video-preview:-1"},"canonical":"https:\/\/www.casaldelsinfants.org\/es\/actualidad\/nuevocursoescuelasuma\/","og_locale":"es_ES","og_type":"article","og_title":"Arranca el nuevo curso de la Escuela Suma - Casal dels Infants","og_description":"Hemos arrancado con las actividades de Escuela Suma, el programa de educaci\u00f3n en valores del Casal que trabaja con las escuelas.","og_url":"https:\/\/www.casaldelsinfants.org\/es\/actualidad\/nuevocursoescuelasuma\/","og_site_name":"Casal dels Infants","article_publisher":"https:\/\/www.facebook.com\/casalinfants","article_published_time":"2023-11-27T10:30:02+00:00","article_modified_time":"2023-11-27T11:02:37+00:00","og_image":[{"width":640,"height":480,"url":"https:\/\/www.casaldelsinfants.org\/wp-content\/uploads\/escolasuma-1.webp","type":"image\/jpeg"}],"author":"aina","twitter_card":"summary_large_image","twitter_creator":"@casalinfants","twitter_site":"@casalinfants","twitter_misc":{"Escrito por":"aina","Tiempo de lectura":"3 minutos"},"schema":{"@context":"https:\/\/schema.org","@graph":[{"@type":"Article","@id":"https:\/\/www.casaldelsinfants.org\/es\/actualidad\/nuevocursoescuelasuma\/#article","isPartOf":{"@id":"https:\/\/www.casaldelsinfants.org\/es\/actualidad\/nuevocursoescuelasuma\/"},"author":{"name":"aina","@id":"https:\/\/www.casaldelsinfants.org\/es\/#\/schema\/person\/760a729c39b48cb86928de163caeeefa"},"headline":"Arranca el nuevo curso de la Escuela Suma","datePublished":"2023-11-27T10:30:02+00:00","dateModified":"2023-11-27T11:02:37+00:00","mainEntityOfPage":{"@id":"https:\/\/www.casaldelsinfants.org\/es\/actualidad\/nuevocursoescuelasuma\/"},"wordCount":508,"commentCount":0,"publisher":{"@id":"https:\/\/www.casaldelsinfants.org\/es\/#organization"},"image":{"@id":"https:\/\/www.casaldelsinfants.org\/es\/actualidad\/nuevocursoescuelasuma\/#primaryimage"},"thumbnailUrl":"https:\/\/www.casaldelsinfants.org\/wp-content\/uploads\/escolasuma-1.webp","articleSection":["Noticia"],"inLanguage":"es","potentialAction":[{"@type":"CommentAction","name":"Comment","target":["https:\/\/www.casaldelsinfants.org\/es\/actualidad\/nuevocursoescuelasuma\/#respond"]}]},{"@type":"WebPage","@id":"https:\/\/www.casaldelsinfants.org\/es\/actualidad\/nuevocursoescuelasuma\/","url":"https:\/\/www.casaldelsinfants.org\/es\/actualidad\/nuevocursoescuelasuma\/","name":"Arranca el nuevo curso de la Escuela Suma - Casal dels Infants","isPartOf":{"@id":"https:\/\/www.casaldelsinfants.org\/es\/#website"},"primaryImageOfPage":{"@id":"https:\/\/www.casaldelsinfants.org\/es\/actualidad\/nuevocursoescuelasuma\/#primaryimage"},"image":{"@id":"https:\/\/www.casaldelsinfants.org\/es\/actualidad\/nuevocursoescuelasuma\/#primaryimage"},"thumbnailUrl":"https:\/\/www.casaldelsinfants.org\/wp-content\/uploads\/escolasuma-1.webp","datePublished":"2023-11-27T10:30:02+00:00","dateModified":"2023-11-27T11:02:37+00:00","description":"Hemos arrancado con las actividades de Escuela Suma, el programa de educaci\u00f3n en valores del Casal que trabaja con las escuelas.","breadcrumb":{"@id":"https:\/\/www.casaldelsinfants.org\/es\/actualidad\/nuevocursoescuelasuma\/#breadcrumb"},"inLanguage":"es","potentialAction":[{"@type":"ReadAction","target":["https:\/\/www.casaldelsinfants.org\/es\/actualidad\/nuevocursoescuelasuma\/"]}]},{"@type":"ImageObject","inLanguage":"es","@id":"https:\/\/www.casaldelsinfants.org\/es\/actualidad\/nuevocursoescuelasuma\/#primaryimage","url":"https:\/\/www.casaldelsinfants.org\/wp-content\/uploads\/escolasuma-1.webp","contentUrl":"https:\/\/www.casaldelsinfants.org\/wp-content\/uploads\/escolasuma-1.webp","width":640,"height":480,"caption":"Tchacka en la escuela Sagrat Cor de Barcelona"},{"@type":"BreadcrumbList","@id":"https:\/\/www.casaldelsinfants.org\/es\/actualidad\/nuevocursoescuelasuma\/#breadcrumb","itemListElement":[{"@type":"ListItem","position":1,"name":"Inici","item":"https:\/\/www.casaldelsinfants.org\/es\/"},{"@type":"ListItem","position":2,"name":"Arranca el nuevo curso de la Escuela Suma"}]},{"@type":"WebSite","@id":"https:\/\/www.casaldelsinfants.org\/es\/#website","url":"https:\/\/www.casaldelsinfants.org\/es\/","name":"Casal dels Infants","description":"","publisher":{"@id":"https:\/\/www.casaldelsinfants.org\/es\/#organization"},"potentialAction":[{"@type":"SearchAction","target":{"@type":"EntryPoint","urlTemplate":"https:\/\/www.casaldelsinfants.org\/es\/?s={search_term_string}"},"query-input":{"@type":"PropertyValueSpecification","valueRequired":true,"valueName":"search_term_string"}}],"inLanguage":"es"},{"@type":"Organization","@id":"https:\/\/www.casaldelsinfants.org\/es\/#organization","name":"Casal dels Infants","url":"https:\/\/www.casaldelsinfants.org\/es\/","logo":{"@type":"ImageObject","inLanguage":"es","@id":"https:\/\/www.casaldelsinfants.org\/es\/#\/schema\/logo\/image\/","url":"https:\/\/www.casaldelsinfants.org\/wp-content\/uploads\/logo-mail.png","contentUrl":"https:\/\/www.casaldelsinfants.org\/wp-content\/uploads\/logo-mail.png","width":380,"height":158,"caption":"Casal dels Infants"},"image":{"@id":"https:\/\/www.casaldelsinfants.org\/es\/#\/schema\/logo\/image\/"},"sameAs":["https:\/\/www.facebook.com\/casalinfants","https:\/\/x.com\/casalinfants","https:\/\/www.youtube.com\/user\/CasaldelsInfants1","https:\/\/www.instagram.com\/casalinfants\/","https:\/\/www.linkedin.com\/company\/casaldelsinfants?trk=organization-update_share-update_actor-text"]},{"@type":"Person","@id":"https:\/\/www.casaldelsinfants.org\/es\/#\/schema\/person\/760a729c39b48cb86928de163caeeefa","name":"aina"}]}},"publishpress_future_action":{"enabled":false,"date":"2026-05-08 01:03:34","action":"change-status","newStatus":"draft","terms":[],"taxonomy":"category","extraData":[]},"publishpress_future_workflow_manual_trigger":{"enabledWorkflows":[]},"_links":{"self":[{"href":"https:\/\/www.casaldelsinfants.org\/es\/wp-json\/wp\/v2\/posts\/14411","targetHints":{"allow":["GET"]}}],"collection":[{"href":"https:\/\/www.casaldelsinfants.org\/es\/wp-json\/wp\/v2\/posts"}],"about":[{"href":"https:\/\/www.casaldelsinfants.org\/es\/wp-json\/wp\/v2\/types\/post"}],"author":[{"embeddable":true,"href":"https:\/\/www.casaldelsinfants.org\/es\/wp-json\/wp\/v2\/users\/11"}],"replies":[{"embeddable":true,"href":"https:\/\/www.casaldelsinfants.org\/es\/wp-json\/wp\/v2\/comments?post=14411"}],"version-history":[{"count":6,"href":"https:\/\/www.casaldelsinfants.org\/es\/wp-json\/wp\/v2\/posts\/14411\/revisions"}],"predecessor-version":[{"id":16271,"href":"https:\/\/www.casaldelsinfants.org\/es\/wp-json\/wp\/v2\/posts\/14411\/revisions\/16271"}],"wp:featuredmedia":[{"embeddable":true,"href":"https:\/\/www.casaldelsinfants.org\/es\/wp-json\/wp\/v2\/media\/14400"}],"wp:attachment":[{"href":"https:\/\/www.casaldelsinfants.org\/es\/wp-json\/wp\/v2\/media?parent=14411"}],"wp:term":[{"taxonomy":"category","embeddable":true,"href":"https:\/\/www.casaldelsinfants.org\/es\/wp-json\/wp\/v2\/categories?post=14411"},{"taxonomy":"post_tag","embeddable":true,"href":"https:\/\/www.casaldelsinfants.org\/es\/wp-json\/wp\/v2\/tags?post=14411"},{"taxonomy":"seus","embeddable":true,"href":"https:\/\/www.casaldelsinfants.org\/es\/wp-json\/wp\/v2\/seus?post=14411"},{"taxonomy":"eixos","embeddable":true,"href":"https:\/\/www.casaldelsinfants.org\/es\/wp-json\/wp\/v2\/eixos?post=14411"}],"curies":[{"name":"wp","href":"https:\/\/api.w.org\/{rel}","templated":true}]}}