{"id":14638,"date":"2023-10-23T12:32:17","date_gmt":"2023-10-23T10:32:17","guid":{"rendered":"https:\/\/www.casaldelsinfants.org\/?p=14638"},"modified":"2024-04-29T09:59:08","modified_gmt":"2024-04-29T07:59:08","slug":"shamirvoluntariado","status":"publish","type":"post","link":"https:\/\/www.casaldelsinfants.org\/es\/actualidad\/shamirvoluntariado\/","title":{"rendered":"De participante a voluntario en el Casal dels Infants"},"content":{"rendered":"<p><iframe loading=\"lazy\" title=\"Shamir: &quot;Animo a hacerse voluntario porque se aprende mucho y te lo pasas muy bien&quot;\" width=\"1080\" height=\"608\" src=\"https:\/\/www.youtube.com\/embed\/WQEwH9aD2sY?feature=oembed&#038;enablejsapi=1&#038;origin=https:\/\/www.casaldelsinfants.org\"  allow=\"accelerometer; autoplay; clipboard-write; encrypted-media; gyroscope; picture-in-picture; web-share\" referrerpolicy=\"strict-origin-when-cross-origin\" allowfullscreen><\/iframe><\/p>\n<p>&nbsp;<\/p>\n<p style=\"text-align: center;\"><strong><a href=\"https:\/\/www.casaldelsinfants.org\/que-pots-fer-tu\/voluntariat\/\"><span style=\"text-decoration: underline;\">HAZ VOLUNTARIADO EN EL CASAL!<\/span><\/a><\/strong><\/p>\n<p>&nbsp;<\/p>\n<p><b>Shamir entra en el Casal como si entrara en su casa.<\/b><span style=\"font-weight: 400;\"> Solo cruzar la puerta, recibe miradas familiares, encajadas de manos entre sonrisas y alguno que otro abrazo del equipo educativo y personas voluntarias del <strong>Casal dels Infants de Badalona<\/strong>. \u00abVoy un momento arriba a saludar\u00bb, dice antes que empecemos la entrevista y nos explique su paso de participante a voluntario en el Casal. \u00abArriba\u00bb quiere decir al segundo piso del edificio de la antigua escuela La Betsaida, que hoy es la central del Casal en Badalona. All\u00ed hay la sala de j\u00f3venes, y como \u00e9l esperaba, se encuentra con compa\u00f1eros y compa\u00f1eras del Casal Jove, su educadora, Anna Fab\u00f3n, y personas voluntarias, todo el mundo alegrado por la visita de Shamir.\u00a0<\/span><\/p>\n<p>Shamir Ahmed Rifat tiene 21 a\u00f1os. <strong>Hace doce a\u00f1os que est\u00e1 como participante del Casal y seis meses de voluntario<\/strong>. La idea de hacer voluntariado le surgi\u00f3 a ra\u00edz del impulso que los educadores y educadoras daban al grupo para autogestionar actividades y din\u00e1micas. As\u00ed, Shamir decidi\u00f3 hacerse voluntario en el mismo grupo que era participante. Un d\u00eda era voluntario, el resto de la semana, joven. Aquellas tardes ayudaba a los compa\u00f1eros y compa\u00f1eras con <strong>refuerzo escolar<\/strong>. Ayudaba, sobre todo, con las matem\u00e1ticas, que es su asignatura preferida, y en ingl\u00e9s.<\/p>\n<p>&nbsp;<\/p>\n<p><img decoding=\"async\" class=\" wp-image-14433 aligncenter\" src=\"https:\/\/www.casaldelsinfants.org\/wp-content\/uploads\/shamir-1-1.webp\" alt=\"En Shamir al costat del riu Bes\u00f2s.\" width=\"722\" height=\"510\" \/><\/p>\n<p>&nbsp;<\/p>\n<p><span style=\"font-weight: 400;\">Adem\u00e1s, <strong>pudo proponer una actividad m\u00e1s din\u00e1mica<\/strong>, de la cual era responsable: <strong>el criquet<\/strong>. \u00abEs un deporte muy popular en Asia, y muchos j\u00f3venes somos del mismo pa\u00eds o de la misma regi\u00f3n, as\u00ed que \u00edbamos con los educadores y las personas voluntarias a jugar a criquet\u00bb, explica Shamir. Este rato de deporte se acab\u00f3 transformando en un espacio improvisando de refuerzo de la lengua catalana, ya que establecieron como norma hablando en catal\u00e1n para poder jugar a criquet. Durante el <strong>verano<\/strong>, Shamir continu\u00f3 haciendo voluntariado, ayudado con la <strong>organizaci\u00f3n de las actividades, los campamento y los campos de trabajo<\/strong>.\u00a0<\/span><\/p>\n<p>En este per\u00edodo, en el cual ha estado codo con codo con sus educadores y educadoras, <strong>ha aprendido todo el esfuerzo y dedicaci\u00f3n que hay detr\u00e1s de la intervenci\u00f3n<\/strong>. \u00abEra inconsciente de todo el trabajo que hac\u00edan, estando como voluntario lo he visto y me he quedado alucinado. Nos dedican muchas horas, nunca se nota que est\u00e1n cansados y siempre tienen ganas de hacerlo lo mejor posible, nos animan y nos dan motivaci\u00f3n\u00bb, afirma.<\/p>\n<blockquote><p><b>\u00abSiempre est\u00e1 bien recibir esta ayuda en el \u00e1mbito del estudio, pero tambi\u00e9n en el \u00e1mbito de la vida, porque aprendes cosas que te marcan\u00bb.<\/b><\/p><\/blockquote>\n<p><span style=\"font-weight: 400;\">Tambi\u00e9n reconoce el trabajo de las personas voluntarias, y como de necesarias son, tanto en la actividad diaria del Casal como a nivel personal. \u00abLos voluntarios ayudan mucho. <strong>Siempre est\u00e1 bien recibir esta ayuda en el \u00e1mbito del estudio, pero tambi\u00e9n en el \u00e1mbito de la vida, porque aprendes cosas que te marcan<\/strong>\u00ab.\u00a0<\/span><\/p>\n<p style=\"text-align: center;\"><strong><a href=\"https:\/\/www.casaldelsinfants.org\/que-pots-fer-tu\/voluntariat\/\"><span style=\"text-decoration: underline;\">HAZ VOLUNTARIADO EN EL CASAL!<\/span><\/a><\/strong><\/p>\n<p style=\"text-align: center;\">\n","protected":false},"excerpt":{"rendered":"<p>&nbsp; HAZ VOLUNTARIADO EN EL CASAL! &nbsp; Shamir entra en el Casal como si entrara en su casa. Solo cruzar la puerta, recibe miradas familiares, encajadas de manos entre sonrisas y alguno que otro abrazo del equipo educativo y personas voluntarias del Casal dels Infants de Badalona. \u00abVoy un momento arriba a saludar\u00bb, dice antes [&hellip;]<\/p>\n","protected":false},"author":9,"featured_media":0,"comment_status":"open","ping_status":"open","sticky":false,"template":"","format":"standard","meta":{"_acf_changed":false,"_et_pb_use_builder":"","_et_pb_old_content":"","_et_gb_content_width":"","inline_featured_image":false,"footnotes":""},"categories":[127],"tags":[],"seus":[155],"eixos":[102,223],"class_list":["post-14638","post","type-post","status-publish","format-standard","hentry","category-entrevista","seus-badalona","eixos-jovenes","eixos-joves-es"],"acf":[],"yoast_head":"<!-- This site is optimized with the Yoast SEO plugin v27.4 - https:\/\/yoast.com\/product\/yoast-seo-wordpress\/ -->\n<title>De participante a voluntario en el Casal dels Infants<\/title>\n<meta name=\"description\" content=\"Shamir tiene 21 a\u00f1os, hace cuatro a\u00f1os que est\u00e1 en el Casal Jove la Betsaida, doce como participante del Casal, y seis meses de voluntario.\" \/>\n<meta name=\"robots\" content=\"index, follow, max-snippet:-1, max-image-preview:large, max-video-preview:-1\" \/>\n<link rel=\"canonical\" href=\"https:\/\/www.casaldelsinfants.org\/es\/actualidad\/shamirvoluntariado\/\" \/>\n<meta property=\"og:locale\" content=\"es_ES\" \/>\n<meta property=\"og:type\" content=\"article\" \/>\n<meta property=\"og:title\" content=\"De participante a voluntario en el Casal dels Infants\" \/>\n<meta property=\"og:description\" content=\"Shamir tiene 21 a\u00f1os, hace cuatro a\u00f1os que est\u00e1 en el Casal Jove la Betsaida, doce como participante del Casal, y seis meses de voluntario.\" \/>\n<meta property=\"og:url\" content=\"https:\/\/www.casaldelsinfants.org\/es\/actualidad\/shamirvoluntariado\/\" \/>\n<meta property=\"og:site_name\" content=\"Casal dels Infants\" \/>\n<meta property=\"article:publisher\" content=\"https:\/\/www.facebook.com\/casalinfants\" \/>\n<meta property=\"article:published_time\" content=\"2023-10-23T10:32:17+00:00\" \/>\n<meta property=\"article:modified_time\" content=\"2024-04-29T07:59:08+00:00\" \/>\n<meta property=\"og:image\" content=\"https:\/\/www.casaldelsinfants.org\/wp-content\/uploads\/shamir-1-1.webp\" \/>\n<meta name=\"author\" content=\"julia\" \/>\n<meta name=\"twitter:card\" content=\"summary_large_image\" \/>\n<meta name=\"twitter:creator\" content=\"@casalinfants\" \/>\n<meta name=\"twitter:site\" content=\"@casalinfants\" \/>\n<meta name=\"twitter:label1\" content=\"Escrito por\" \/>\n\t<meta name=\"twitter:data1\" content=\"julia\" \/>\n\t<meta name=\"twitter:label2\" content=\"Tiempo de lectura\" \/>\n\t<meta name=\"twitter:data2\" content=\"3 minutos\" \/>\n<script type=\"application\/ld+json\" class=\"yoast-schema-graph\">{\"@context\":\"https:\\\/\\\/schema.org\",\"@graph\":[{\"@type\":\"Article\",\"@id\":\"https:\\\/\\\/www.casaldelsinfants.org\\\/es\\\/actualidad\\\/shamirvoluntariado\\\/#article\",\"isPartOf\":{\"@id\":\"https:\\\/\\\/www.casaldelsinfants.org\\\/es\\\/actualidad\\\/shamirvoluntariado\\\/\"},\"author\":{\"name\":\"julia\",\"@id\":\"https:\\\/\\\/www.casaldelsinfants.org\\\/es\\\/#\\\/schema\\\/person\\\/e870791b50f03fd60f872e1cd83910fc\"},\"headline\":\"De participante a voluntario en el Casal dels Infants\",\"datePublished\":\"2023-10-23T10:32:17+00:00\",\"dateModified\":\"2024-04-29T07:59:08+00:00\",\"mainEntityOfPage\":{\"@id\":\"https:\\\/\\\/www.casaldelsinfants.org\\\/es\\\/actualidad\\\/shamirvoluntariado\\\/\"},\"wordCount\":526,\"commentCount\":0,\"publisher\":{\"@id\":\"https:\\\/\\\/www.casaldelsinfants.org\\\/es\\\/#organization\"},\"image\":{\"@id\":\"https:\\\/\\\/www.casaldelsinfants.org\\\/es\\\/actualidad\\\/shamirvoluntariado\\\/#primaryimage\"},\"thumbnailUrl\":\"https:\\\/\\\/www.casaldelsinfants.org\\\/wp-content\\\/uploads\\\/shamir-1-1.webp\",\"articleSection\":[\"Entrevista\"],\"inLanguage\":\"es\",\"potentialAction\":[{\"@type\":\"CommentAction\",\"name\":\"Comment\",\"target\":[\"https:\\\/\\\/www.casaldelsinfants.org\\\/es\\\/actualidad\\\/shamirvoluntariado\\\/#respond\"]}]},{\"@type\":\"WebPage\",\"@id\":\"https:\\\/\\\/www.casaldelsinfants.org\\\/es\\\/actualidad\\\/shamirvoluntariado\\\/\",\"url\":\"https:\\\/\\\/www.casaldelsinfants.org\\\/es\\\/actualidad\\\/shamirvoluntariado\\\/\",\"name\":\"De participante a voluntario en el Casal dels Infants\",\"isPartOf\":{\"@id\":\"https:\\\/\\\/www.casaldelsinfants.org\\\/es\\\/#website\"},\"primaryImageOfPage\":{\"@id\":\"https:\\\/\\\/www.casaldelsinfants.org\\\/es\\\/actualidad\\\/shamirvoluntariado\\\/#primaryimage\"},\"image\":{\"@id\":\"https:\\\/\\\/www.casaldelsinfants.org\\\/es\\\/actualidad\\\/shamirvoluntariado\\\/#primaryimage\"},\"thumbnailUrl\":\"https:\\\/\\\/www.casaldelsinfants.org\\\/wp-content\\\/uploads\\\/shamir-1-1.webp\",\"datePublished\":\"2023-10-23T10:32:17+00:00\",\"dateModified\":\"2024-04-29T07:59:08+00:00\",\"description\":\"Shamir tiene 21 a\u00f1os, hace cuatro a\u00f1os que est\u00e1 en el Casal Jove la Betsaida, doce como participante del Casal, y seis meses de voluntario.\",\"breadcrumb\":{\"@id\":\"https:\\\/\\\/www.casaldelsinfants.org\\\/es\\\/actualidad\\\/shamirvoluntariado\\\/#breadcrumb\"},\"inLanguage\":\"es\",\"potentialAction\":[{\"@type\":\"ReadAction\",\"target\":[\"https:\\\/\\\/www.casaldelsinfants.org\\\/es\\\/actualidad\\\/shamirvoluntariado\\\/\"]}]},{\"@type\":\"ImageObject\",\"inLanguage\":\"es\",\"@id\":\"https:\\\/\\\/www.casaldelsinfants.org\\\/es\\\/actualidad\\\/shamirvoluntariado\\\/#primaryimage\",\"url\":\"https:\\\/\\\/www.casaldelsinfants.org\\\/wp-content\\\/uploads\\\/shamir-1-1.webp\",\"contentUrl\":\"https:\\\/\\\/www.casaldelsinfants.org\\\/wp-content\\\/uploads\\\/shamir-1-1.webp\"},{\"@type\":\"BreadcrumbList\",\"@id\":\"https:\\\/\\\/www.casaldelsinfants.org\\\/es\\\/actualidad\\\/shamirvoluntariado\\\/#breadcrumb\",\"itemListElement\":[{\"@type\":\"ListItem\",\"position\":1,\"name\":\"Inici\",\"item\":\"https:\\\/\\\/www.casaldelsinfants.org\\\/es\\\/\"},{\"@type\":\"ListItem\",\"position\":2,\"name\":\"De participante a voluntario en el Casal dels Infants\"}]},{\"@type\":\"WebSite\",\"@id\":\"https:\\\/\\\/www.casaldelsinfants.org\\\/es\\\/#website\",\"url\":\"https:\\\/\\\/www.casaldelsinfants.org\\\/es\\\/\",\"name\":\"Casal dels Infants\",\"description\":\"\",\"publisher\":{\"@id\":\"https:\\\/\\\/www.casaldelsinfants.org\\\/es\\\/#organization\"},\"potentialAction\":[{\"@type\":\"SearchAction\",\"target\":{\"@type\":\"EntryPoint\",\"urlTemplate\":\"https:\\\/\\\/www.casaldelsinfants.org\\\/es\\\/?s={search_term_string}\"},\"query-input\":{\"@type\":\"PropertyValueSpecification\",\"valueRequired\":true,\"valueName\":\"search_term_string\"}}],\"inLanguage\":\"es\"},{\"@type\":\"Organization\",\"@id\":\"https:\\\/\\\/www.casaldelsinfants.org\\\/es\\\/#organization\",\"name\":\"Casal dels Infants\",\"url\":\"https:\\\/\\\/www.casaldelsinfants.org\\\/es\\\/\",\"logo\":{\"@type\":\"ImageObject\",\"inLanguage\":\"es\",\"@id\":\"https:\\\/\\\/www.casaldelsinfants.org\\\/es\\\/#\\\/schema\\\/logo\\\/image\\\/\",\"url\":\"https:\\\/\\\/www.casaldelsinfants.org\\\/wp-content\\\/uploads\\\/logo-mail.png\",\"contentUrl\":\"https:\\\/\\\/www.casaldelsinfants.org\\\/wp-content\\\/uploads\\\/logo-mail.png\",\"width\":380,\"height\":158,\"caption\":\"Casal dels Infants\"},\"image\":{\"@id\":\"https:\\\/\\\/www.casaldelsinfants.org\\\/es\\\/#\\\/schema\\\/logo\\\/image\\\/\"},\"sameAs\":[\"https:\\\/\\\/www.facebook.com\\\/casalinfants\",\"https:\\\/\\\/x.com\\\/casalinfants\",\"https:\\\/\\\/www.youtube.com\\\/user\\\/CasaldelsInfants1\",\"https:\\\/\\\/www.instagram.com\\\/casalinfants\\\/\",\"https:\\\/\\\/www.linkedin.com\\\/company\\\/casaldelsinfants?trk=organization-update_share-update_actor-text\"]},{\"@type\":\"Person\",\"@id\":\"https:\\\/\\\/www.casaldelsinfants.org\\\/es\\\/#\\\/schema\\\/person\\\/e870791b50f03fd60f872e1cd83910fc\",\"name\":\"julia\"}]}<\/script>\n<!-- \/ Yoast SEO plugin. -->","yoast_head_json":{"title":"De participante a voluntario en el Casal dels Infants","description":"Shamir tiene 21 a\u00f1os, hace cuatro a\u00f1os que est\u00e1 en el Casal Jove la Betsaida, doce como participante del Casal, y seis meses de voluntario.","robots":{"index":"index","follow":"follow","max-snippet":"max-snippet:-1","max-image-preview":"max-image-preview:large","max-video-preview":"max-video-preview:-1"},"canonical":"https:\/\/www.casaldelsinfants.org\/es\/actualidad\/shamirvoluntariado\/","og_locale":"es_ES","og_type":"article","og_title":"De participante a voluntario en el Casal dels Infants","og_description":"Shamir tiene 21 a\u00f1os, hace cuatro a\u00f1os que est\u00e1 en el Casal Jove la Betsaida, doce como participante del Casal, y seis meses de voluntario.","og_url":"https:\/\/www.casaldelsinfants.org\/es\/actualidad\/shamirvoluntariado\/","og_site_name":"Casal dels Infants","article_publisher":"https:\/\/www.facebook.com\/casalinfants","article_published_time":"2023-10-23T10:32:17+00:00","article_modified_time":"2024-04-29T07:59:08+00:00","og_image":[{"url":"https:\/\/www.casaldelsinfants.org\/wp-content\/uploads\/shamir-1-1.webp","type":"","width":"","height":""}],"author":"julia","twitter_card":"summary_large_image","twitter_creator":"@casalinfants","twitter_site":"@casalinfants","twitter_misc":{"Escrito por":"julia","Tiempo de lectura":"3 minutos"},"schema":{"@context":"https:\/\/schema.org","@graph":[{"@type":"Article","@id":"https:\/\/www.casaldelsinfants.org\/es\/actualidad\/shamirvoluntariado\/#article","isPartOf":{"@id":"https:\/\/www.casaldelsinfants.org\/es\/actualidad\/shamirvoluntariado\/"},"author":{"name":"julia","@id":"https:\/\/www.casaldelsinfants.org\/es\/#\/schema\/person\/e870791b50f03fd60f872e1cd83910fc"},"headline":"De participante a voluntario en el Casal dels Infants","datePublished":"2023-10-23T10:32:17+00:00","dateModified":"2024-04-29T07:59:08+00:00","mainEntityOfPage":{"@id":"https:\/\/www.casaldelsinfants.org\/es\/actualidad\/shamirvoluntariado\/"},"wordCount":526,"commentCount":0,"publisher":{"@id":"https:\/\/www.casaldelsinfants.org\/es\/#organization"},"image":{"@id":"https:\/\/www.casaldelsinfants.org\/es\/actualidad\/shamirvoluntariado\/#primaryimage"},"thumbnailUrl":"https:\/\/www.casaldelsinfants.org\/wp-content\/uploads\/shamir-1-1.webp","articleSection":["Entrevista"],"inLanguage":"es","potentialAction":[{"@type":"CommentAction","name":"Comment","target":["https:\/\/www.casaldelsinfants.org\/es\/actualidad\/shamirvoluntariado\/#respond"]}]},{"@type":"WebPage","@id":"https:\/\/www.casaldelsinfants.org\/es\/actualidad\/shamirvoluntariado\/","url":"https:\/\/www.casaldelsinfants.org\/es\/actualidad\/shamirvoluntariado\/","name":"De participante a voluntario en el Casal dels Infants","isPartOf":{"@id":"https:\/\/www.casaldelsinfants.org\/es\/#website"},"primaryImageOfPage":{"@id":"https:\/\/www.casaldelsinfants.org\/es\/actualidad\/shamirvoluntariado\/#primaryimage"},"image":{"@id":"https:\/\/www.casaldelsinfants.org\/es\/actualidad\/shamirvoluntariado\/#primaryimage"},"thumbnailUrl":"https:\/\/www.casaldelsinfants.org\/wp-content\/uploads\/shamir-1-1.webp","datePublished":"2023-10-23T10:32:17+00:00","dateModified":"2024-04-29T07:59:08+00:00","description":"Shamir tiene 21 a\u00f1os, hace cuatro a\u00f1os que est\u00e1 en el Casal Jove la Betsaida, doce como participante del Casal, y seis meses de voluntario.","breadcrumb":{"@id":"https:\/\/www.casaldelsinfants.org\/es\/actualidad\/shamirvoluntariado\/#breadcrumb"},"inLanguage":"es","potentialAction":[{"@type":"ReadAction","target":["https:\/\/www.casaldelsinfants.org\/es\/actualidad\/shamirvoluntariado\/"]}]},{"@type":"ImageObject","inLanguage":"es","@id":"https:\/\/www.casaldelsinfants.org\/es\/actualidad\/shamirvoluntariado\/#primaryimage","url":"https:\/\/www.casaldelsinfants.org\/wp-content\/uploads\/shamir-1-1.webp","contentUrl":"https:\/\/www.casaldelsinfants.org\/wp-content\/uploads\/shamir-1-1.webp"},{"@type":"BreadcrumbList","@id":"https:\/\/www.casaldelsinfants.org\/es\/actualidad\/shamirvoluntariado\/#breadcrumb","itemListElement":[{"@type":"ListItem","position":1,"name":"Inici","item":"https:\/\/www.casaldelsinfants.org\/es\/"},{"@type":"ListItem","position":2,"name":"De participante a voluntario en el Casal dels Infants"}]},{"@type":"WebSite","@id":"https:\/\/www.casaldelsinfants.org\/es\/#website","url":"https:\/\/www.casaldelsinfants.org\/es\/","name":"Casal dels Infants","description":"","publisher":{"@id":"https:\/\/www.casaldelsinfants.org\/es\/#organization"},"potentialAction":[{"@type":"SearchAction","target":{"@type":"EntryPoint","urlTemplate":"https:\/\/www.casaldelsinfants.org\/es\/?s={search_term_string}"},"query-input":{"@type":"PropertyValueSpecification","valueRequired":true,"valueName":"search_term_string"}}],"inLanguage":"es"},{"@type":"Organization","@id":"https:\/\/www.casaldelsinfants.org\/es\/#organization","name":"Casal dels Infants","url":"https:\/\/www.casaldelsinfants.org\/es\/","logo":{"@type":"ImageObject","inLanguage":"es","@id":"https:\/\/www.casaldelsinfants.org\/es\/#\/schema\/logo\/image\/","url":"https:\/\/www.casaldelsinfants.org\/wp-content\/uploads\/logo-mail.png","contentUrl":"https:\/\/www.casaldelsinfants.org\/wp-content\/uploads\/logo-mail.png","width":380,"height":158,"caption":"Casal dels Infants"},"image":{"@id":"https:\/\/www.casaldelsinfants.org\/es\/#\/schema\/logo\/image\/"},"sameAs":["https:\/\/www.facebook.com\/casalinfants","https:\/\/x.com\/casalinfants","https:\/\/www.youtube.com\/user\/CasaldelsInfants1","https:\/\/www.instagram.com\/casalinfants\/","https:\/\/www.linkedin.com\/company\/casaldelsinfants?trk=organization-update_share-update_actor-text"]},{"@type":"Person","@id":"https:\/\/www.casaldelsinfants.org\/es\/#\/schema\/person\/e870791b50f03fd60f872e1cd83910fc","name":"julia"}]}},"publishpress_future_action":{"enabled":false,"date":"2026-05-09 00:48:33","action":"change-status","newStatus":"draft","terms":[],"taxonomy":"category","extraData":[]},"publishpress_future_workflow_manual_trigger":{"enabledWorkflows":[]},"_links":{"self":[{"href":"https:\/\/www.casaldelsinfants.org\/es\/wp-json\/wp\/v2\/posts\/14638","targetHints":{"allow":["GET"]}}],"collection":[{"href":"https:\/\/www.casaldelsinfants.org\/es\/wp-json\/wp\/v2\/posts"}],"about":[{"href":"https:\/\/www.casaldelsinfants.org\/es\/wp-json\/wp\/v2\/types\/post"}],"author":[{"embeddable":true,"href":"https:\/\/www.casaldelsinfants.org\/es\/wp-json\/wp\/v2\/users\/9"}],"replies":[{"embeddable":true,"href":"https:\/\/www.casaldelsinfants.org\/es\/wp-json\/wp\/v2\/comments?post=14638"}],"version-history":[{"count":3,"href":"https:\/\/www.casaldelsinfants.org\/es\/wp-json\/wp\/v2\/posts\/14638\/revisions"}],"predecessor-version":[{"id":20167,"href":"https:\/\/www.casaldelsinfants.org\/es\/wp-json\/wp\/v2\/posts\/14638\/revisions\/20167"}],"wp:attachment":[{"href":"https:\/\/www.casaldelsinfants.org\/es\/wp-json\/wp\/v2\/media?parent=14638"}],"wp:term":[{"taxonomy":"category","embeddable":true,"href":"https:\/\/www.casaldelsinfants.org\/es\/wp-json\/wp\/v2\/categories?post=14638"},{"taxonomy":"post_tag","embeddable":true,"href":"https:\/\/www.casaldelsinfants.org\/es\/wp-json\/wp\/v2\/tags?post=14638"},{"taxonomy":"seus","embeddable":true,"href":"https:\/\/www.casaldelsinfants.org\/es\/wp-json\/wp\/v2\/seus?post=14638"},{"taxonomy":"eixos","embeddable":true,"href":"https:\/\/www.casaldelsinfants.org\/es\/wp-json\/wp\/v2\/eixos?post=14638"}],"curies":[{"name":"wp","href":"https:\/\/api.w.org\/{rel}","templated":true}]}}