{"id":15040,"date":"2023-10-31T18:38:14","date_gmt":"2023-10-31T16:38:14","guid":{"rendered":"https:\/\/www.casaldelsinfants.org\/?p=15040"},"modified":"2023-10-31T18:38:14","modified_gmt":"2023-10-31T16:38:14","slug":"diainternacionaldelninoexplicacion","status":"publish","type":"post","link":"https:\/\/www.casaldelsinfants.org\/es\/actualidad\/diainternacionaldelninoexplicacion\/","title":{"rendered":"\u00bfConoces el D\u00eda Internacional del Ni\u00f1o?"},"content":{"rendered":"<p><span style=\"font-weight: 400;\">Diariamente, en el Casal dels Infants trabajamos para defender y reivindicar los derechos de los ni\u00f1os, ni\u00f1as y adolescentes. Lo reivindicamos especialmente el mes de noviembre con el D\u00eda Internacional del Ni\u00f1o, que se celebra el d\u00eda 20 de este mes.<\/span><\/p>\n<p><span style=\"font-weight: 400;\">El 20N, el d\u00eda de los derechos de la infancia<\/span><span style=\"font-weight: 400;\">, <\/span><span style=\"font-weight: 400;\">es un d\u00eda reivindicativo, para recordar que estos derechos existen para todos los ni\u00f1os y ni\u00f1as y que tenemos que hacer cumplir. Porque muchos ni\u00f1os y ni\u00f1as contin\u00faan sufriendo m\u00faltiples vulneraciones de sus derechos, como disfrutar de una educaci\u00f3n en igualdad de condiciones o tener un nivel de vida adecuado para el desarrollo f\u00edsico, mental y social. <\/span><span style=\"font-weight: 400;\">En este art\u00edculo, exploraremos el origen y el significado de este d\u00eda, por qu\u00e9 es importante y cu\u00e1les son los derechos de la infancia que se conmemoran.<\/span><\/p>\n<h2><b>D\u00eda Internacional del Ni\u00f1o: Su origen y significado<\/b><\/h2>\n<p><span style=\"font-weight: 400;\">El D\u00eda Internacional del Ni\u00f1o tiene su origen en la <span style=\"text-decoration: underline;\"><a href=\"https:\/\/dretssocials.gencat.cat\/web\/.content\/03ambits_tematics\/07infanciaiadolescencia\/observatori_drets_infancia\/destacats_columna_dreta\/Convencio_drets_infancia.pdf\" target=\"_blank\" rel=\"noopener\">Convenci\u00f3n sobre los Derechos del Ni\u00f1o.<\/a><\/span> Fue adoptada por la Asamblea General de las Naciones Unidas el 20 de noviembre de 1989. Esta convenci\u00f3n es un tratado internacional que establece los derechos fundamentales de todos los ni\u00f1os y ni\u00f1as, sin importar su origen \u00e9tnico, religi\u00f3n, g\u00e9nero, nacionalidad u otras circunstancias.<\/span><\/p>\n<p><span style=\"font-weight: 400;\">El objetivo de este d\u00eda es conmemorar la adopci\u00f3n de la Convenci\u00f3n y recordar a nivel mundial la importancia de promover y proteger los derechos de la infancia. Tambi\u00e9n se busca sensibilizar a la sociedad sobre las condiciones de vida de los ni\u00f1os en todo el mundo y la necesidad de garantizar su bienestar. Tambi\u00e9n, reivindicar a las administraciones p\u00fablicas cumplir con su obligaci\u00f3n de velar por el bienestar de todos los ni\u00f1os y ni\u00f1as.\u00a0<\/span><\/p>\n<p>&nbsp;<\/p>\n<h2><b>\u00bfPor qu\u00e9 es importante el D\u00eda de los Derechos de la Infancia?<\/b><\/h2>\n<p><span style=\"font-weight: 400;\">La importancia del D\u00eda Universal de los Derechos de la Infancia radica en varios aspectos fundamentales:<\/span><\/p>\n<p>&nbsp;<\/p>\n<h3><span style=\"font-weight: 400;\">Concienciaci\u00f3n global<\/span><\/h3>\n<p><span style=\"font-weight: 400;\">Este d\u00eda brinda una oportunidad para recordar a nivel mundial la importancia de proteger y promover los derechos de los ni\u00f1os.<\/span><\/p>\n<p>&nbsp;<\/p>\n<h3><span style=\"font-weight: 400;\">Compromiso con la infancia<\/span><\/h3>\n<p><span style=\"font-weight: 400;\">El D\u00eda Internacional del Ni\u00f1o es un recordatorio anual para los gobiernos, organizaciones y comunidades de su compromiso de velar por el bienestar de los ni\u00f1os. Es una oportunidad para evaluar los avances y los desaf\u00edos pendientes en la promoci\u00f3n de los derechos de la infancia. En Catalunya, 436.400 ni\u00f1os y ni\u00f1as, casi 1 de cada 3, se encuentran en situaci\u00f3n de riesgo de pobreza o exclusi\u00f3n social, seg\u00fan datos del 2022 de la Encuesta de Condiciones de Vida. La evoluci\u00f3n de los datos demuestra que no hablamos solo de los golpes de las crisis que hemos vivido los \u00faltimos a\u00f1os, sino que hay una cronificaci\u00f3n de la vulnerabilidad social entre los ni\u00f1os y ni\u00f1as.\u00a0<\/span><\/p>\n<p>&nbsp;<\/p>\n<h3>Educaci\u00f3n y empoderamiento<\/h3>\n<p><span style=\"font-weight: 400;\">La fecha ofrece la posibilidad de educar a las personas, tanto j\u00f3venes como adultas, sobre los derechos de la infancia. Para los ni\u00f1os y ni\u00f1as, es un momento para hacerles conocedores de sus derechos, para que se empoderen y se vean capaces de alzar la voz para que los responsables los tengan que cumplir con garant\u00edas.\u00a0<\/span><\/p>\n<p>&nbsp;<\/p>\n<h3><span style=\"font-weight: 400;\">Promoci\u00f3n de pol\u00edticas y leyes adecuadas<\/span><\/h3>\n<p><span style=\"font-weight: 400;\">La fecha destaca la necesidad de pol\u00edticas y leyes que protejan y promuevan los derechos de los ni\u00f1os. Los gobiernos y las organizaciones pueden utilizar este d\u00eda para revisar y fortalecer sus compromisos en este \u00e1mbito.<\/span><\/p>\n<p>&nbsp;<\/p>\n<h2><b>\u00bfCu\u00e1les son los derechos de la infancia?<\/b><\/h2>\n<p><span style=\"font-weight: 400;\">La Convenci\u00f3n sobre los Derechos del Ni\u00f1o establece una serie de derechos fundamentales que todos los ni\u00f1os deben tener garantizados. A lo largo de 54 art\u00edculos y tres protocolos facultativos, estos derechos se sustentan en cuatro principios inquebrantable:\u00a0\u00a0<\/span><\/p>\n<p>&nbsp;<\/p>\n<h3><span style=\"font-weight: 400;\">No discriminaci\u00f3n\u00a0<\/span><\/h3>\n<p><span style=\"font-weight: 400;\">Los estados tienen que garantizar los derechos de la Convenci\u00f3n a todo ni\u00f1o y ni\u00f1a, sin excepci\u00f3n. Tambi\u00e9n deber\u00e1n tomar las medidas necesarias para proteger los ni\u00f1os y ni\u00f1as de todo tipo de discriminaci\u00f3n.\u00a0<\/span><\/p>\n<p>&nbsp;<\/p>\n<h3><span style=\"font-weight: 400;\">Primac\u00eda del inter\u00e9s superior del menor<\/span><\/h3>\n<p><span style=\"font-weight: 400;\">Todas las medidas relacionadas con los ni\u00f1os y ni\u00f1as tienen que tener como base su consideraci\u00f3n y su inter\u00e9s. Es responsabilidad del estado asegurar una protecci\u00f3n y cuidado adecuados, cuando los padres u otras personas no puedan hacerlo.\u00a0<\/span><\/p>\n<p>&nbsp;<\/p>\n<h3><span style=\"font-weight: 400;\">Garant\u00eda de la supervivencia y el pleno desarrollo<\/span><\/h3>\n<p><span style=\"font-weight: 400;\">Incluye el derecho a la vida, la atenci\u00f3n m\u00e9dica adecuada y la nutrici\u00f3n, la protecci\u00f3n contra los maltratos. Tambi\u00e9n, el derecho a la educaci\u00f3n, la libertad de juego y recreaci\u00f3n, y el acceso a oportunidades para el desarrollo completo de sus capacidades.<\/span><\/p>\n<p>&nbsp;<\/p>\n<h3><span style=\"font-weight: 400;\">Participaci\u00f3n infantil\u00a0<\/span><\/h3>\n<p><span style=\"font-weight: 400;\">Estos derechos implican que los ni\u00f1os tienen derecho a expresar sus opiniones, ser escuchados y participar en decisiones que afecten sus vidas. Tambi\u00e9n incluyen el derecho a la libertad de pensamiento, conciencia y religi\u00f3n.<\/span><\/p>\n<p>&nbsp;<\/p>\n<p><span style=\"font-weight: 400;\">En el Casal dels Infants trabajamos cada d\u00eda para garantizar estos derechos a los ni\u00f1os y ni\u00f1as que participan,<span style=\"text-decoration: underline;\"><a href=\"https:\/\/www.casaldelsinfants.org\/es\/actualidad\/cinco-claves-del-refuerzo-educativo-en-el-casal-dels-infants\/\" target=\"_blank\" rel=\"noopener\"> reforzando el aprendizaje educativo<\/a><\/span> y el ocio saludable, en red con las familias y las escuelas, en un espacio seguro y de confianza. Tambi\u00e9n somos un agente activo en incidencia con las administraciones p\u00fablicas para recordar su obligaci\u00f3n de velar por el bienestar de los ni\u00f1os y ni\u00f1as.<\/span><\/p>\n","protected":false},"excerpt":{"rendered":"<p>Diariamente, en el Casal dels Infants trabajamos para defender y reivindicar los derechos de los ni\u00f1os, ni\u00f1as y adolescentes. Lo reivindicamos especialmente el mes de noviembre con el D\u00eda Internacional del Ni\u00f1o, que se celebra el d\u00eda 20 de este mes. El 20N, el d\u00eda de los derechos de la infancia, es un d\u00eda reivindicativo, [&hellip;]<\/p>\n","protected":false},"author":9,"featured_media":15038,"comment_status":"open","ping_status":"open","sticky":false,"template":"","format":"standard","meta":{"_acf_changed":false,"_et_pb_use_builder":"","_et_pb_old_content":"","_et_gb_content_width":"","inline_featured_image":false,"footnotes":""},"categories":[125],"tags":[],"seus":[],"eixos":[],"class_list":["post-15040","post","type-post","status-publish","format-standard","has-post-thumbnail","hentry","category-noticias"],"acf":[],"yoast_head":"<!-- This site is optimized with the Yoast SEO plugin v27.4 - https:\/\/yoast.com\/product\/yoast-seo-wordpress\/ -->\n<title>\u00bfConoces el D\u00eda Internacional del Ni\u00f1o? - Casal dels Infants<\/title>\n<meta name=\"description\" content=\"En el Casal trabajamos para defender y reivindicar los derechos de los ni\u00f1os, que recordamos especialmente en el D\u00eda Internacional del Ni\u00f1o.\" \/>\n<meta name=\"robots\" content=\"index, follow, max-snippet:-1, max-image-preview:large, max-video-preview:-1\" \/>\n<link rel=\"canonical\" href=\"https:\/\/www.casaldelsinfants.org\/es\/actualidad\/diainternacionaldelninoexplicacion\/\" \/>\n<meta property=\"og:locale\" content=\"es_ES\" \/>\n<meta property=\"og:type\" content=\"article\" \/>\n<meta property=\"og:title\" content=\"\u00bfConoces el D\u00eda Internacional del Ni\u00f1o? - Casal dels Infants\" \/>\n<meta property=\"og:description\" content=\"En el Casal trabajamos para defender y reivindicar los derechos de los ni\u00f1os, que recordamos especialmente en el D\u00eda Internacional del Ni\u00f1o.\" \/>\n<meta property=\"og:url\" content=\"https:\/\/www.casaldelsinfants.org\/es\/actualidad\/diainternacionaldelninoexplicacion\/\" \/>\n<meta property=\"og:site_name\" content=\"Casal dels Infants\" \/>\n<meta property=\"article:publisher\" content=\"https:\/\/www.facebook.com\/casalinfants\" \/>\n<meta property=\"article:published_time\" content=\"2023-10-31T16:38:14+00:00\" \/>\n<meta property=\"og:image\" content=\"https:\/\/www.casaldelsinfants.org\/wp-content\/uploads\/1090695_CF19_Bad-scaled-1.webp\" \/>\n\t<meta property=\"og:image:width\" content=\"2560\" \/>\n\t<meta property=\"og:image:height\" content=\"1922\" \/>\n\t<meta property=\"og:image:type\" content=\"image\/jpeg\" \/>\n<meta name=\"author\" content=\"julia\" \/>\n<meta name=\"twitter:card\" content=\"summary_large_image\" \/>\n<meta name=\"twitter:creator\" content=\"@casalinfants\" \/>\n<meta name=\"twitter:site\" content=\"@casalinfants\" \/>\n<meta name=\"twitter:label1\" content=\"Escrito por\" \/>\n\t<meta name=\"twitter:data1\" content=\"julia\" \/>\n\t<meta name=\"twitter:label2\" content=\"Tiempo de lectura\" \/>\n\t<meta name=\"twitter:data2\" content=\"5 minutos\" \/>\n<script type=\"application\/ld+json\" class=\"yoast-schema-graph\">{\"@context\":\"https:\\\/\\\/schema.org\",\"@graph\":[{\"@type\":\"Article\",\"@id\":\"https:\\\/\\\/www.casaldelsinfants.org\\\/es\\\/actualidad\\\/diainternacionaldelninoexplicacion\\\/#article\",\"isPartOf\":{\"@id\":\"https:\\\/\\\/www.casaldelsinfants.org\\\/es\\\/actualidad\\\/diainternacionaldelninoexplicacion\\\/\"},\"author\":{\"name\":\"julia\",\"@id\":\"https:\\\/\\\/www.casaldelsinfants.org\\\/es\\\/#\\\/schema\\\/person\\\/e870791b50f03fd60f872e1cd83910fc\"},\"headline\":\"\u00bfConoces el D\u00eda Internacional del Ni\u00f1o?\",\"datePublished\":\"2023-10-31T16:38:14+00:00\",\"mainEntityOfPage\":{\"@id\":\"https:\\\/\\\/www.casaldelsinfants.org\\\/es\\\/actualidad\\\/diainternacionaldelninoexplicacion\\\/\"},\"wordCount\":949,\"commentCount\":0,\"publisher\":{\"@id\":\"https:\\\/\\\/www.casaldelsinfants.org\\\/es\\\/#organization\"},\"image\":{\"@id\":\"https:\\\/\\\/www.casaldelsinfants.org\\\/es\\\/actualidad\\\/diainternacionaldelninoexplicacion\\\/#primaryimage\"},\"thumbnailUrl\":\"https:\\\/\\\/www.casaldelsinfants.org\\\/wp-content\\\/uploads\\\/1090695_CF19_Bad-scaled-1.webp\",\"articleSection\":[\"Noticia\"],\"inLanguage\":\"es\",\"potentialAction\":[{\"@type\":\"CommentAction\",\"name\":\"Comment\",\"target\":[\"https:\\\/\\\/www.casaldelsinfants.org\\\/es\\\/actualidad\\\/diainternacionaldelninoexplicacion\\\/#respond\"]}]},{\"@type\":\"WebPage\",\"@id\":\"https:\\\/\\\/www.casaldelsinfants.org\\\/es\\\/actualidad\\\/diainternacionaldelninoexplicacion\\\/\",\"url\":\"https:\\\/\\\/www.casaldelsinfants.org\\\/es\\\/actualidad\\\/diainternacionaldelninoexplicacion\\\/\",\"name\":\"\u00bfConoces el D\u00eda Internacional del Ni\u00f1o? - Casal dels Infants\",\"isPartOf\":{\"@id\":\"https:\\\/\\\/www.casaldelsinfants.org\\\/es\\\/#website\"},\"primaryImageOfPage\":{\"@id\":\"https:\\\/\\\/www.casaldelsinfants.org\\\/es\\\/actualidad\\\/diainternacionaldelninoexplicacion\\\/#primaryimage\"},\"image\":{\"@id\":\"https:\\\/\\\/www.casaldelsinfants.org\\\/es\\\/actualidad\\\/diainternacionaldelninoexplicacion\\\/#primaryimage\"},\"thumbnailUrl\":\"https:\\\/\\\/www.casaldelsinfants.org\\\/wp-content\\\/uploads\\\/1090695_CF19_Bad-scaled-1.webp\",\"datePublished\":\"2023-10-31T16:38:14+00:00\",\"description\":\"En el Casal trabajamos para defender y reivindicar los derechos de los ni\u00f1os, que recordamos especialmente en el D\u00eda Internacional del Ni\u00f1o.\",\"breadcrumb\":{\"@id\":\"https:\\\/\\\/www.casaldelsinfants.org\\\/es\\\/actualidad\\\/diainternacionaldelninoexplicacion\\\/#breadcrumb\"},\"inLanguage\":\"es\",\"potentialAction\":[{\"@type\":\"ReadAction\",\"target\":[\"https:\\\/\\\/www.casaldelsinfants.org\\\/es\\\/actualidad\\\/diainternacionaldelninoexplicacion\\\/\"]}]},{\"@type\":\"ImageObject\",\"inLanguage\":\"es\",\"@id\":\"https:\\\/\\\/www.casaldelsinfants.org\\\/es\\\/actualidad\\\/diainternacionaldelninoexplicacion\\\/#primaryimage\",\"url\":\"https:\\\/\\\/www.casaldelsinfants.org\\\/wp-content\\\/uploads\\\/1090695_CF19_Bad-scaled-1.webp\",\"contentUrl\":\"https:\\\/\\\/www.casaldelsinfants.org\\\/wp-content\\\/uploads\\\/1090695_CF19_Bad-scaled-1.webp\",\"width\":2560,\"height\":1922,\"caption\":\"Nens i nenes en una rotllana.\"},{\"@type\":\"BreadcrumbList\",\"@id\":\"https:\\\/\\\/www.casaldelsinfants.org\\\/es\\\/actualidad\\\/diainternacionaldelninoexplicacion\\\/#breadcrumb\",\"itemListElement\":[{\"@type\":\"ListItem\",\"position\":1,\"name\":\"Inici\",\"item\":\"https:\\\/\\\/www.casaldelsinfants.org\\\/es\\\/\"},{\"@type\":\"ListItem\",\"position\":2,\"name\":\"\u00bfConoces el D\u00eda Internacional del Ni\u00f1o?\"}]},{\"@type\":\"WebSite\",\"@id\":\"https:\\\/\\\/www.casaldelsinfants.org\\\/es\\\/#website\",\"url\":\"https:\\\/\\\/www.casaldelsinfants.org\\\/es\\\/\",\"name\":\"Casal dels Infants\",\"description\":\"\",\"publisher\":{\"@id\":\"https:\\\/\\\/www.casaldelsinfants.org\\\/es\\\/#organization\"},\"potentialAction\":[{\"@type\":\"SearchAction\",\"target\":{\"@type\":\"EntryPoint\",\"urlTemplate\":\"https:\\\/\\\/www.casaldelsinfants.org\\\/es\\\/?s={search_term_string}\"},\"query-input\":{\"@type\":\"PropertyValueSpecification\",\"valueRequired\":true,\"valueName\":\"search_term_string\"}}],\"inLanguage\":\"es\"},{\"@type\":\"Organization\",\"@id\":\"https:\\\/\\\/www.casaldelsinfants.org\\\/es\\\/#organization\",\"name\":\"Casal dels Infants\",\"url\":\"https:\\\/\\\/www.casaldelsinfants.org\\\/es\\\/\",\"logo\":{\"@type\":\"ImageObject\",\"inLanguage\":\"es\",\"@id\":\"https:\\\/\\\/www.casaldelsinfants.org\\\/es\\\/#\\\/schema\\\/logo\\\/image\\\/\",\"url\":\"https:\\\/\\\/www.casaldelsinfants.org\\\/wp-content\\\/uploads\\\/logo-mail.png\",\"contentUrl\":\"https:\\\/\\\/www.casaldelsinfants.org\\\/wp-content\\\/uploads\\\/logo-mail.png\",\"width\":380,\"height\":158,\"caption\":\"Casal dels Infants\"},\"image\":{\"@id\":\"https:\\\/\\\/www.casaldelsinfants.org\\\/es\\\/#\\\/schema\\\/logo\\\/image\\\/\"},\"sameAs\":[\"https:\\\/\\\/www.facebook.com\\\/casalinfants\",\"https:\\\/\\\/x.com\\\/casalinfants\",\"https:\\\/\\\/www.youtube.com\\\/user\\\/CasaldelsInfants1\",\"https:\\\/\\\/www.instagram.com\\\/casalinfants\\\/\",\"https:\\\/\\\/www.linkedin.com\\\/company\\\/casaldelsinfants?trk=organization-update_share-update_actor-text\"]},{\"@type\":\"Person\",\"@id\":\"https:\\\/\\\/www.casaldelsinfants.org\\\/es\\\/#\\\/schema\\\/person\\\/e870791b50f03fd60f872e1cd83910fc\",\"name\":\"julia\"}]}<\/script>\n<!-- \/ Yoast SEO plugin. -->","yoast_head_json":{"title":"\u00bfConoces el D\u00eda Internacional del Ni\u00f1o? - Casal dels Infants","description":"En el Casal trabajamos para defender y reivindicar los derechos de los ni\u00f1os, que recordamos especialmente en el D\u00eda Internacional del Ni\u00f1o.","robots":{"index":"index","follow":"follow","max-snippet":"max-snippet:-1","max-image-preview":"max-image-preview:large","max-video-preview":"max-video-preview:-1"},"canonical":"https:\/\/www.casaldelsinfants.org\/es\/actualidad\/diainternacionaldelninoexplicacion\/","og_locale":"es_ES","og_type":"article","og_title":"\u00bfConoces el D\u00eda Internacional del Ni\u00f1o? - Casal dels Infants","og_description":"En el Casal trabajamos para defender y reivindicar los derechos de los ni\u00f1os, que recordamos especialmente en el D\u00eda Internacional del Ni\u00f1o.","og_url":"https:\/\/www.casaldelsinfants.org\/es\/actualidad\/diainternacionaldelninoexplicacion\/","og_site_name":"Casal dels Infants","article_publisher":"https:\/\/www.facebook.com\/casalinfants","article_published_time":"2023-10-31T16:38:14+00:00","og_image":[{"width":2560,"height":1922,"url":"https:\/\/www.casaldelsinfants.org\/wp-content\/uploads\/1090695_CF19_Bad-scaled-1.webp","type":"image\/jpeg"}],"author":"julia","twitter_card":"summary_large_image","twitter_creator":"@casalinfants","twitter_site":"@casalinfants","twitter_misc":{"Escrito por":"julia","Tiempo de lectura":"5 minutos"},"schema":{"@context":"https:\/\/schema.org","@graph":[{"@type":"Article","@id":"https:\/\/www.casaldelsinfants.org\/es\/actualidad\/diainternacionaldelninoexplicacion\/#article","isPartOf":{"@id":"https:\/\/www.casaldelsinfants.org\/es\/actualidad\/diainternacionaldelninoexplicacion\/"},"author":{"name":"julia","@id":"https:\/\/www.casaldelsinfants.org\/es\/#\/schema\/person\/e870791b50f03fd60f872e1cd83910fc"},"headline":"\u00bfConoces el D\u00eda Internacional del Ni\u00f1o?","datePublished":"2023-10-31T16:38:14+00:00","mainEntityOfPage":{"@id":"https:\/\/www.casaldelsinfants.org\/es\/actualidad\/diainternacionaldelninoexplicacion\/"},"wordCount":949,"commentCount":0,"publisher":{"@id":"https:\/\/www.casaldelsinfants.org\/es\/#organization"},"image":{"@id":"https:\/\/www.casaldelsinfants.org\/es\/actualidad\/diainternacionaldelninoexplicacion\/#primaryimage"},"thumbnailUrl":"https:\/\/www.casaldelsinfants.org\/wp-content\/uploads\/1090695_CF19_Bad-scaled-1.webp","articleSection":["Noticia"],"inLanguage":"es","potentialAction":[{"@type":"CommentAction","name":"Comment","target":["https:\/\/www.casaldelsinfants.org\/es\/actualidad\/diainternacionaldelninoexplicacion\/#respond"]}]},{"@type":"WebPage","@id":"https:\/\/www.casaldelsinfants.org\/es\/actualidad\/diainternacionaldelninoexplicacion\/","url":"https:\/\/www.casaldelsinfants.org\/es\/actualidad\/diainternacionaldelninoexplicacion\/","name":"\u00bfConoces el D\u00eda Internacional del Ni\u00f1o? - Casal dels Infants","isPartOf":{"@id":"https:\/\/www.casaldelsinfants.org\/es\/#website"},"primaryImageOfPage":{"@id":"https:\/\/www.casaldelsinfants.org\/es\/actualidad\/diainternacionaldelninoexplicacion\/#primaryimage"},"image":{"@id":"https:\/\/www.casaldelsinfants.org\/es\/actualidad\/diainternacionaldelninoexplicacion\/#primaryimage"},"thumbnailUrl":"https:\/\/www.casaldelsinfants.org\/wp-content\/uploads\/1090695_CF19_Bad-scaled-1.webp","datePublished":"2023-10-31T16:38:14+00:00","description":"En el Casal trabajamos para defender y reivindicar los derechos de los ni\u00f1os, que recordamos especialmente en el D\u00eda Internacional del Ni\u00f1o.","breadcrumb":{"@id":"https:\/\/www.casaldelsinfants.org\/es\/actualidad\/diainternacionaldelninoexplicacion\/#breadcrumb"},"inLanguage":"es","potentialAction":[{"@type":"ReadAction","target":["https:\/\/www.casaldelsinfants.org\/es\/actualidad\/diainternacionaldelninoexplicacion\/"]}]},{"@type":"ImageObject","inLanguage":"es","@id":"https:\/\/www.casaldelsinfants.org\/es\/actualidad\/diainternacionaldelninoexplicacion\/#primaryimage","url":"https:\/\/www.casaldelsinfants.org\/wp-content\/uploads\/1090695_CF19_Bad-scaled-1.webp","contentUrl":"https:\/\/www.casaldelsinfants.org\/wp-content\/uploads\/1090695_CF19_Bad-scaled-1.webp","width":2560,"height":1922,"caption":"Nens i nenes en una rotllana."},{"@type":"BreadcrumbList","@id":"https:\/\/www.casaldelsinfants.org\/es\/actualidad\/diainternacionaldelninoexplicacion\/#breadcrumb","itemListElement":[{"@type":"ListItem","position":1,"name":"Inici","item":"https:\/\/www.casaldelsinfants.org\/es\/"},{"@type":"ListItem","position":2,"name":"\u00bfConoces el D\u00eda Internacional del Ni\u00f1o?"}]},{"@type":"WebSite","@id":"https:\/\/www.casaldelsinfants.org\/es\/#website","url":"https:\/\/www.casaldelsinfants.org\/es\/","name":"Casal dels Infants","description":"","publisher":{"@id":"https:\/\/www.casaldelsinfants.org\/es\/#organization"},"potentialAction":[{"@type":"SearchAction","target":{"@type":"EntryPoint","urlTemplate":"https:\/\/www.casaldelsinfants.org\/es\/?s={search_term_string}"},"query-input":{"@type":"PropertyValueSpecification","valueRequired":true,"valueName":"search_term_string"}}],"inLanguage":"es"},{"@type":"Organization","@id":"https:\/\/www.casaldelsinfants.org\/es\/#organization","name":"Casal dels Infants","url":"https:\/\/www.casaldelsinfants.org\/es\/","logo":{"@type":"ImageObject","inLanguage":"es","@id":"https:\/\/www.casaldelsinfants.org\/es\/#\/schema\/logo\/image\/","url":"https:\/\/www.casaldelsinfants.org\/wp-content\/uploads\/logo-mail.png","contentUrl":"https:\/\/www.casaldelsinfants.org\/wp-content\/uploads\/logo-mail.png","width":380,"height":158,"caption":"Casal dels Infants"},"image":{"@id":"https:\/\/www.casaldelsinfants.org\/es\/#\/schema\/logo\/image\/"},"sameAs":["https:\/\/www.facebook.com\/casalinfants","https:\/\/x.com\/casalinfants","https:\/\/www.youtube.com\/user\/CasaldelsInfants1","https:\/\/www.instagram.com\/casalinfants\/","https:\/\/www.linkedin.com\/company\/casaldelsinfants?trk=organization-update_share-update_actor-text"]},{"@type":"Person","@id":"https:\/\/www.casaldelsinfants.org\/es\/#\/schema\/person\/e870791b50f03fd60f872e1cd83910fc","name":"julia"}]}},"publishpress_future_action":{"enabled":false,"date":"2026-05-08 22:00:08","action":"change-status","newStatus":"draft","terms":[],"taxonomy":"category","extraData":[]},"publishpress_future_workflow_manual_trigger":{"enabledWorkflows":[]},"_links":{"self":[{"href":"https:\/\/www.casaldelsinfants.org\/es\/wp-json\/wp\/v2\/posts\/15040","targetHints":{"allow":["GET"]}}],"collection":[{"href":"https:\/\/www.casaldelsinfants.org\/es\/wp-json\/wp\/v2\/posts"}],"about":[{"href":"https:\/\/www.casaldelsinfants.org\/es\/wp-json\/wp\/v2\/types\/post"}],"author":[{"embeddable":true,"href":"https:\/\/www.casaldelsinfants.org\/es\/wp-json\/wp\/v2\/users\/9"}],"replies":[{"embeddable":true,"href":"https:\/\/www.casaldelsinfants.org\/es\/wp-json\/wp\/v2\/comments?post=15040"}],"version-history":[{"count":2,"href":"https:\/\/www.casaldelsinfants.org\/es\/wp-json\/wp\/v2\/posts\/15040\/revisions"}],"predecessor-version":[{"id":15080,"href":"https:\/\/www.casaldelsinfants.org\/es\/wp-json\/wp\/v2\/posts\/15040\/revisions\/15080"}],"wp:featuredmedia":[{"embeddable":true,"href":"https:\/\/www.casaldelsinfants.org\/es\/wp-json\/wp\/v2\/media\/15038"}],"wp:attachment":[{"href":"https:\/\/www.casaldelsinfants.org\/es\/wp-json\/wp\/v2\/media?parent=15040"}],"wp:term":[{"taxonomy":"category","embeddable":true,"href":"https:\/\/www.casaldelsinfants.org\/es\/wp-json\/wp\/v2\/categories?post=15040"},{"taxonomy":"post_tag","embeddable":true,"href":"https:\/\/www.casaldelsinfants.org\/es\/wp-json\/wp\/v2\/tags?post=15040"},{"taxonomy":"seus","embeddable":true,"href":"https:\/\/www.casaldelsinfants.org\/es\/wp-json\/wp\/v2\/seus?post=15040"},{"taxonomy":"eixos","embeddable":true,"href":"https:\/\/www.casaldelsinfants.org\/es\/wp-json\/wp\/v2\/eixos?post=15040"}],"curies":[{"name":"wp","href":"https:\/\/api.w.org\/{rel}","templated":true}]}}