{"id":15045,"date":"2023-10-31T18:51:43","date_gmt":"2023-10-31T16:51:43","guid":{"rendered":"https:\/\/www.casaldelsinfants.org\/?p=15045"},"modified":"2023-10-31T18:51:43","modified_gmt":"2023-10-31T16:51:43","slug":"impactocampanarecogidadejuguetes","status":"publish","type":"post","link":"https:\/\/www.casaldelsinfants.org\/es\/actualidad\/impactocampanarecogidadejuguetes\/","title":{"rendered":"El impacto de las campa\u00f1as de recogida de juguetes"},"content":{"rendered":"<p><span style=\"font-weight: 400;\">La \u00e9poca navide\u00f1a es un momento del a\u00f1o marcado por la ilusi\u00f3n y las ganas de compartir momentos en compa\u00f1\u00eda. Tambi\u00e9n son fechas en las que hacemos regalos a nuestros seres queridos. Sin embargo, si tenemos en cuenta a los ni\u00f1os, no todo el mundo tiene los mismos recursos para regalar juguetes nuevos a los peque\u00f1os y peque\u00f1as de casa. Por este motivo, en esta \u00e9poca arrancan las campa\u00f1as de recogida de juguetes, llamando a la solidaridad de los ciudadanos y ciudadanas, en favor de ni\u00f1os y ni\u00f1as en situaci\u00f3n de vulnerabilidad social.\u00a0<\/span><\/p>\n<p><span style=\"font-weight: 400;\">El impacto de la donaci\u00f3n de juguetes es profundo y beneficioso tanto para los receptores como para los donantes. Especialmente si buscamos opciones de juguetes educativos y que favorezcan el desarrollo de la infancia, y haciendo el esfuerzo de evitar caer en el fomento del consumismo. En este art\u00edculo, exploraremos por qu\u00e9 son importantes las campa\u00f1as de recogida de juguetes, su poder transformador y c\u00f3mo podemos impulsar una campa\u00f1a de este tipo a favor del Casal dels Infants.<\/span><\/p>\n<p>&nbsp;<\/p>\n<h2><b>\u00bfPor qu\u00e9 son importantes las campa\u00f1as de recogida de juguetes?<\/b><\/h2>\n<p><span style=\"font-weight: 400;\">Las campa\u00f1as de recogida de juguetes desempe\u00f1an un papel crucial en la construcci\u00f3n de una sociedad m\u00e1s solidaria. Donar juguetes en Navidad vela por la ilusi\u00f3n de los ni\u00f1os y ni\u00f1as que se encuentran en situaciones dif\u00edciles. A continuaci\u00f3n, destacamos algunas de las razones por las que estas campa\u00f1as son importantes:<\/span><\/p>\n<h3><span style=\"font-weight: 400;\">Igualdad de oportunidades<\/span><\/h3>\n<p><span style=\"font-weight: 400;\">Los juguetes son una parte fundamental del crecimiento y el desarrollo de un ni\u00f1o. En el servicio socioeducativo Vincles del Casal dels Infants, ni\u00f1os y ni\u00f1as de 0 a 3 a\u00f1os cuentan con juguetes que estimulan su desarrollo cognitivo y psicomotor. Sin embargo, familias en situaci\u00f3n de vulnerabilidad no siempre pueden permitirse comprar juguetes nuevos para sus hijos. Las campa\u00f1as de recogida de juguetes brindan la oportunidad de cerrar la brecha entre ni\u00f1os de diferentes estratos socioecon\u00f3micos.<\/span><\/p>\n<p>&nbsp;<\/p>\n<h3><span style=\"font-weight: 400;\">Fomento de la solidaridad<\/span><\/h3>\n<p><span style=\"font-weight: 400;\">Estas campa\u00f1as promueven valores de generosidad y empat\u00eda. Participar en las campa\u00f1as de recogida de juguetes fomenta compartir y ayudar a otros, lo que contribuye a la formaci\u00f3n de ciudadanos m\u00e1s compasivos y conscientes.\u00a0\u00a0<\/span><\/p>\n<p>&nbsp;<\/p>\n<h3><span style=\"font-weight: 400;\">Cohesi\u00f3n comunitaria<\/span><\/h3>\n<p><span style=\"font-weight: 400;\">Las campa\u00f1as de recogida de juguetes involucran a un grupo de personas organizadas o la comunidad en su conjunto, lo que fortalece los lazos sociales y la sensaci\u00f3n de pertenencia. La colaboraci\u00f3n entre vecinos, organizaciones locales y empresas contribuye a crear una comunidad m\u00e1s unida.<\/span><\/p>\n<p>&nbsp;<\/p>\n<h2><b>Un gesto que lo cambia todo: Donar juguetes nuevos<\/b><\/h2>\n<p><span style=\"font-weight: 400;\">La donaci\u00f3n de juguetes es un acto de generosidad que puede tener un gran impacto en un ni\u00f1o o ni\u00f1a, que recibe con ilusi\u00f3n los regalos en una \u00e9poca de gran consumismo y materialismo. Aqu\u00ed se detallan algunas de las razones por las cuales donar juguetes es significativo:<\/span><\/p>\n<p>&nbsp;<\/p>\n<h3><span style=\"font-weight: 400;\">Recuerdos y emociones<\/span><\/h3>\n<p><span style=\"font-weight: 400;\">Los juguetes a menudo est\u00e1n asociados con recuerdos de la infancia. Al donar un juguete, se est\u00e1 contribuyendo a crear los recuerdos de un ni\u00f1o o ni\u00f1a en tiempos de fiestas, lo que puede dar lugar a momentos emocionales y especiales.<\/span><\/p>\n<p>&nbsp;<\/p>\n<h3><span style=\"font-weight: 400;\">Fomento de la gratitud<\/span><\/h3>\n<p><span style=\"font-weight: 400;\">Recibir un juguete puede inculcar en los ni\u00f1os el valor de la gratitud. Saber que su juguete proviene de la generosidad de otros puede motivarlos a ser agradecidos y a devolver el favor en el futuro.<\/span><\/p>\n<p>&nbsp;<\/p>\n<h3><span style=\"font-weight: 400;\">Estimulaci\u00f3n del juego creativo<\/span><\/h3>\n<p><span style=\"font-weight: 400;\">Jugar es imaginar, crear historias y relatos. Esto puede impulsar la imaginaci\u00f3n y la creatividad de los ni\u00f1os al estar estimulados por juegos y juguetes nuevos.<\/span><\/p>\n<p>&nbsp;<\/p>\n<h3><span style=\"font-weight: 400;\">Menor presi\u00f3n econ\u00f3mica<\/span><\/h3>\n<p><span style=\"font-weight: 400;\">Para las familias con recursos limitados, recibir juguetes puede aliviar la presi\u00f3n econ\u00f3mica que implica comprar juguetes nuevos. Esto les permite destinar sus recursos a otras necesidades fundamentales.<\/span><\/p>\n<p>&nbsp;<\/p>\n<h3><span style=\"font-weight: 400;\">Conexi\u00f3n con la comunidad<\/span><\/h3>\n<p><span style=\"font-weight: 400;\">Donar juguetes es una forma de fortalecer la comunidad, de hacer algo en equipo para ayudar a gente que queda muy cerca. Al compartir objetos con otros miembros de la comunidad, se crea un sentido de solidaridad y apoyo mutuo.<\/span><\/p>\n<p>&nbsp;<\/p>\n<p>&nbsp;<\/p>\n<h2><b>Impulsar la donaci\u00f3n de juguetes<\/b><\/h2>\n<p><span style=\"font-weight: 400;\">En el Casal dels Infants impulsamos la donaci\u00f3n de juguetes nuevos entre escuelas y empresas. Estas fiestas, <a href=\"https:\/\/www.casaldelsinfants.org\/es\/actualidad\/los-ninos-y-ninas-del-casal-dels-infants-abren-regalos-gracias-las-escuelas-y-empresas\/\" target=\"_blank\" rel=\"noopener\">el Casal se propone hacer realidad los sue\u00f1os de ni\u00f1os, ni\u00f1as, adolescentes y j\u00f3venes<\/a> que participan en nuestros servicios socioeducativos. Por eso arrancamos nuestra campa\u00f1a de recogida de juguetes, material escolar y deportivo para estas fiestas y para todas las actividades del a\u00f1o que viene.\u00a0<\/span><\/p>\n<p><span style=\"font-weight: 400;\">A continuaci\u00f3n te explicamos c\u00f3mo puedes participar con tu empresa o escuela:\u00a0<\/span><\/p>\n<p>&nbsp;<\/p>\n<h3><span style=\"font-weight: 400;\">Organizar una recogida<\/span><\/h3>\n<p><span style=\"font-weight: 400;\">Primero tendr\u00e9is que escoger el Rey Mago que prefir\u00e1is para llenar su cesta (el Rey Melchor se encarga de los juguetes, el Rey Gaspar del material escolar y el Rey Baltasar del material deportivo). La donaci\u00f3n tendr\u00e1 que ser de juguetes y material nuevo y educativo, y se tendr\u00e1n que entregar sin envolver.<\/span><\/p>\n<p>&nbsp;<\/p>\n<h3><span style=\"font-weight: 400;\">Financiar becas<\/span><\/h3>\n<p><span style=\"font-weight: 400;\">Otra forma de colaborar con el Casal dels Infants estas fiestas es financiar becas socioeducativas para que ni\u00f1os, ni\u00f1as, chicos y chicas contin\u00faen viniendo cada tarde al Casal y sigan siendo acompa\u00f1ados por sus referentes y el equipo educativo.\u00a0<\/span><\/p>\n<p>&nbsp;<\/p>\n<p><span style=\"font-weight: 400;\">Para m\u00e1s informaci\u00f3n, contacta con <\/span><a href=\"mailto:csavin@casaldelsinfants.org\"><span style=\"font-weight: 400;\">csavin@casaldelsinfants.org<\/span><\/a><span style=\"font-weight: 400;\"> si eres una empresa o con <\/span><a href=\"mailto:aruiz@casaldelsinfants.org\"><span style=\"font-weight: 400;\">aruiz@casaldelsinfants.org<\/span><\/a><span style=\"font-weight: 400;\"> si eres una escuela.\u00a0<\/span><\/p>\n","protected":false},"excerpt":{"rendered":"<p>La \u00e9poca navide\u00f1a es un momento del a\u00f1o marcado por la ilusi\u00f3n y las ganas de compartir momentos en compa\u00f1\u00eda. Tambi\u00e9n son fechas en las que hacemos regalos a nuestros seres queridos. Sin embargo, si tenemos en cuenta a los ni\u00f1os, no todo el mundo tiene los mismos recursos para regalar juguetes nuevos a los [&hellip;]<\/p>\n","protected":false},"author":9,"featured_media":15047,"comment_status":"open","ping_status":"open","sticky":false,"template":"","format":"standard","meta":{"_acf_changed":false,"_et_pb_use_builder":"","_et_pb_old_content":"","_et_gb_content_width":"","inline_featured_image":false,"footnotes":""},"categories":[125],"tags":[],"seus":[],"eixos":[],"class_list":["post-15045","post","type-post","status-publish","format-standard","has-post-thumbnail","hentry","category-noticias"],"acf":[],"yoast_head":"<!-- This site is optimized with the Yoast SEO plugin v27.4 - https:\/\/yoast.com\/product\/yoast-seo-wordpress\/ -->\n<title>El impacto de las campa\u00f1as de recogida de juguetes - Casal dels Infants<\/title>\n<meta name=\"description\" content=\"En \u00e9poca de fiestas arrancan las campa\u00f1as de recogida de juguetes, llamando a la solidaridad de ciudadanas y cuidadanos.\" \/>\n<meta name=\"robots\" content=\"index, follow, max-snippet:-1, max-image-preview:large, max-video-preview:-1\" \/>\n<link rel=\"canonical\" href=\"https:\/\/www.casaldelsinfants.org\/es\/actualidad\/impactocampanarecogidadejuguetes\/\" \/>\n<meta property=\"og:locale\" content=\"es_ES\" \/>\n<meta property=\"og:type\" content=\"article\" \/>\n<meta property=\"og:title\" content=\"El impacto de las campa\u00f1as de recogida de juguetes - Casal dels Infants\" \/>\n<meta property=\"og:description\" content=\"En \u00e9poca de fiestas arrancan las campa\u00f1as de recogida de juguetes, llamando a la solidaridad de ciudadanas y cuidadanos.\" \/>\n<meta property=\"og:url\" content=\"https:\/\/www.casaldelsinfants.org\/es\/actualidad\/impactocampanarecogidadejuguetes\/\" \/>\n<meta property=\"og:site_name\" content=\"Casal dels Infants\" \/>\n<meta property=\"article:publisher\" content=\"https:\/\/www.facebook.com\/casalinfants\" \/>\n<meta property=\"article:published_time\" content=\"2023-10-31T16:51:43+00:00\" \/>\n<meta property=\"og:image\" content=\"https:\/\/www.casaldelsinfants.org\/wp-content\/uploads\/DSC04742-scaled.jpg\" \/>\n\t<meta property=\"og:image:width\" content=\"2560\" \/>\n\t<meta property=\"og:image:height\" content=\"1708\" \/>\n\t<meta property=\"og:image:type\" content=\"image\/jpeg\" \/>\n<meta name=\"author\" content=\"julia\" \/>\n<meta name=\"twitter:card\" content=\"summary_large_image\" \/>\n<meta name=\"twitter:creator\" content=\"@casalinfants\" \/>\n<meta name=\"twitter:site\" content=\"@casalinfants\" \/>\n<meta name=\"twitter:label1\" content=\"Escrito por\" \/>\n\t<meta name=\"twitter:data1\" content=\"julia\" \/>\n\t<meta name=\"twitter:label2\" content=\"Tiempo de lectura\" \/>\n\t<meta name=\"twitter:data2\" content=\"5 minutos\" \/>\n<script type=\"application\/ld+json\" class=\"yoast-schema-graph\">{\"@context\":\"https:\\\/\\\/schema.org\",\"@graph\":[{\"@type\":\"Article\",\"@id\":\"https:\\\/\\\/www.casaldelsinfants.org\\\/es\\\/actualidad\\\/impactocampanarecogidadejuguetes\\\/#article\",\"isPartOf\":{\"@id\":\"https:\\\/\\\/www.casaldelsinfants.org\\\/es\\\/actualidad\\\/impactocampanarecogidadejuguetes\\\/\"},\"author\":{\"name\":\"julia\",\"@id\":\"https:\\\/\\\/www.casaldelsinfants.org\\\/es\\\/#\\\/schema\\\/person\\\/e870791b50f03fd60f872e1cd83910fc\"},\"headline\":\"El impacto de las campa\u00f1as de recogida de juguetes\",\"datePublished\":\"2023-10-31T16:51:43+00:00\",\"mainEntityOfPage\":{\"@id\":\"https:\\\/\\\/www.casaldelsinfants.org\\\/es\\\/actualidad\\\/impactocampanarecogidadejuguetes\\\/\"},\"wordCount\":944,\"commentCount\":0,\"publisher\":{\"@id\":\"https:\\\/\\\/www.casaldelsinfants.org\\\/es\\\/#organization\"},\"image\":{\"@id\":\"https:\\\/\\\/www.casaldelsinfants.org\\\/es\\\/actualidad\\\/impactocampanarecogidadejuguetes\\\/#primaryimage\"},\"thumbnailUrl\":\"https:\\\/\\\/www.casaldelsinfants.org\\\/wp-content\\\/uploads\\\/DSC04742-scaled.jpg\",\"articleSection\":[\"Noticia\"],\"inLanguage\":\"es\",\"potentialAction\":[{\"@type\":\"CommentAction\",\"name\":\"Comment\",\"target\":[\"https:\\\/\\\/www.casaldelsinfants.org\\\/es\\\/actualidad\\\/impactocampanarecogidadejuguetes\\\/#respond\"]}]},{\"@type\":\"WebPage\",\"@id\":\"https:\\\/\\\/www.casaldelsinfants.org\\\/es\\\/actualidad\\\/impactocampanarecogidadejuguetes\\\/\",\"url\":\"https:\\\/\\\/www.casaldelsinfants.org\\\/es\\\/actualidad\\\/impactocampanarecogidadejuguetes\\\/\",\"name\":\"El impacto de las campa\u00f1as de recogida de juguetes - Casal dels Infants\",\"isPartOf\":{\"@id\":\"https:\\\/\\\/www.casaldelsinfants.org\\\/es\\\/#website\"},\"primaryImageOfPage\":{\"@id\":\"https:\\\/\\\/www.casaldelsinfants.org\\\/es\\\/actualidad\\\/impactocampanarecogidadejuguetes\\\/#primaryimage\"},\"image\":{\"@id\":\"https:\\\/\\\/www.casaldelsinfants.org\\\/es\\\/actualidad\\\/impactocampanarecogidadejuguetes\\\/#primaryimage\"},\"thumbnailUrl\":\"https:\\\/\\\/www.casaldelsinfants.org\\\/wp-content\\\/uploads\\\/DSC04742-scaled.jpg\",\"datePublished\":\"2023-10-31T16:51:43+00:00\",\"description\":\"En \u00e9poca de fiestas arrancan las campa\u00f1as de recogida de juguetes, llamando a la solidaridad de ciudadanas y cuidadanos.\",\"breadcrumb\":{\"@id\":\"https:\\\/\\\/www.casaldelsinfants.org\\\/es\\\/actualidad\\\/impactocampanarecogidadejuguetes\\\/#breadcrumb\"},\"inLanguage\":\"es\",\"potentialAction\":[{\"@type\":\"ReadAction\",\"target\":[\"https:\\\/\\\/www.casaldelsinfants.org\\\/es\\\/actualidad\\\/impactocampanarecogidadejuguetes\\\/\"]}]},{\"@type\":\"ImageObject\",\"inLanguage\":\"es\",\"@id\":\"https:\\\/\\\/www.casaldelsinfants.org\\\/es\\\/actualidad\\\/impactocampanarecogidadejuguetes\\\/#primaryimage\",\"url\":\"https:\\\/\\\/www.casaldelsinfants.org\\\/wp-content\\\/uploads\\\/DSC04742-scaled.jpg\",\"contentUrl\":\"https:\\\/\\\/www.casaldelsinfants.org\\\/wp-content\\\/uploads\\\/DSC04742-scaled.jpg\",\"width\":2560,\"height\":1708,\"caption\":\"Nen petit juga amb cotxes de joguina.\"},{\"@type\":\"BreadcrumbList\",\"@id\":\"https:\\\/\\\/www.casaldelsinfants.org\\\/es\\\/actualidad\\\/impactocampanarecogidadejuguetes\\\/#breadcrumb\",\"itemListElement\":[{\"@type\":\"ListItem\",\"position\":1,\"name\":\"Inici\",\"item\":\"https:\\\/\\\/www.casaldelsinfants.org\\\/es\\\/\"},{\"@type\":\"ListItem\",\"position\":2,\"name\":\"El impacto de las campa\u00f1as de recogida de juguetes\"}]},{\"@type\":\"WebSite\",\"@id\":\"https:\\\/\\\/www.casaldelsinfants.org\\\/es\\\/#website\",\"url\":\"https:\\\/\\\/www.casaldelsinfants.org\\\/es\\\/\",\"name\":\"Casal dels Infants\",\"description\":\"\",\"publisher\":{\"@id\":\"https:\\\/\\\/www.casaldelsinfants.org\\\/es\\\/#organization\"},\"potentialAction\":[{\"@type\":\"SearchAction\",\"target\":{\"@type\":\"EntryPoint\",\"urlTemplate\":\"https:\\\/\\\/www.casaldelsinfants.org\\\/es\\\/?s={search_term_string}\"},\"query-input\":{\"@type\":\"PropertyValueSpecification\",\"valueRequired\":true,\"valueName\":\"search_term_string\"}}],\"inLanguage\":\"es\"},{\"@type\":\"Organization\",\"@id\":\"https:\\\/\\\/www.casaldelsinfants.org\\\/es\\\/#organization\",\"name\":\"Casal dels Infants\",\"url\":\"https:\\\/\\\/www.casaldelsinfants.org\\\/es\\\/\",\"logo\":{\"@type\":\"ImageObject\",\"inLanguage\":\"es\",\"@id\":\"https:\\\/\\\/www.casaldelsinfants.org\\\/es\\\/#\\\/schema\\\/logo\\\/image\\\/\",\"url\":\"https:\\\/\\\/www.casaldelsinfants.org\\\/wp-content\\\/uploads\\\/logo-mail.png\",\"contentUrl\":\"https:\\\/\\\/www.casaldelsinfants.org\\\/wp-content\\\/uploads\\\/logo-mail.png\",\"width\":380,\"height\":158,\"caption\":\"Casal dels Infants\"},\"image\":{\"@id\":\"https:\\\/\\\/www.casaldelsinfants.org\\\/es\\\/#\\\/schema\\\/logo\\\/image\\\/\"},\"sameAs\":[\"https:\\\/\\\/www.facebook.com\\\/casalinfants\",\"https:\\\/\\\/x.com\\\/casalinfants\",\"https:\\\/\\\/www.youtube.com\\\/user\\\/CasaldelsInfants1\",\"https:\\\/\\\/www.instagram.com\\\/casalinfants\\\/\",\"https:\\\/\\\/www.linkedin.com\\\/company\\\/casaldelsinfants?trk=organization-update_share-update_actor-text\"]},{\"@type\":\"Person\",\"@id\":\"https:\\\/\\\/www.casaldelsinfants.org\\\/es\\\/#\\\/schema\\\/person\\\/e870791b50f03fd60f872e1cd83910fc\",\"name\":\"julia\"}]}<\/script>\n<!-- \/ Yoast SEO plugin. -->","yoast_head_json":{"title":"El impacto de las campa\u00f1as de recogida de juguetes - Casal dels Infants","description":"En \u00e9poca de fiestas arrancan las campa\u00f1as de recogida de juguetes, llamando a la solidaridad de ciudadanas y cuidadanos.","robots":{"index":"index","follow":"follow","max-snippet":"max-snippet:-1","max-image-preview":"max-image-preview:large","max-video-preview":"max-video-preview:-1"},"canonical":"https:\/\/www.casaldelsinfants.org\/es\/actualidad\/impactocampanarecogidadejuguetes\/","og_locale":"es_ES","og_type":"article","og_title":"El impacto de las campa\u00f1as de recogida de juguetes - Casal dels Infants","og_description":"En \u00e9poca de fiestas arrancan las campa\u00f1as de recogida de juguetes, llamando a la solidaridad de ciudadanas y cuidadanos.","og_url":"https:\/\/www.casaldelsinfants.org\/es\/actualidad\/impactocampanarecogidadejuguetes\/","og_site_name":"Casal dels Infants","article_publisher":"https:\/\/www.facebook.com\/casalinfants","article_published_time":"2023-10-31T16:51:43+00:00","og_image":[{"width":2560,"height":1708,"url":"https:\/\/www.casaldelsinfants.org\/wp-content\/uploads\/DSC04742-scaled.jpg","type":"image\/jpeg"}],"author":"julia","twitter_card":"summary_large_image","twitter_creator":"@casalinfants","twitter_site":"@casalinfants","twitter_misc":{"Escrito por":"julia","Tiempo de lectura":"5 minutos"},"schema":{"@context":"https:\/\/schema.org","@graph":[{"@type":"Article","@id":"https:\/\/www.casaldelsinfants.org\/es\/actualidad\/impactocampanarecogidadejuguetes\/#article","isPartOf":{"@id":"https:\/\/www.casaldelsinfants.org\/es\/actualidad\/impactocampanarecogidadejuguetes\/"},"author":{"name":"julia","@id":"https:\/\/www.casaldelsinfants.org\/es\/#\/schema\/person\/e870791b50f03fd60f872e1cd83910fc"},"headline":"El impacto de las campa\u00f1as de recogida de juguetes","datePublished":"2023-10-31T16:51:43+00:00","mainEntityOfPage":{"@id":"https:\/\/www.casaldelsinfants.org\/es\/actualidad\/impactocampanarecogidadejuguetes\/"},"wordCount":944,"commentCount":0,"publisher":{"@id":"https:\/\/www.casaldelsinfants.org\/es\/#organization"},"image":{"@id":"https:\/\/www.casaldelsinfants.org\/es\/actualidad\/impactocampanarecogidadejuguetes\/#primaryimage"},"thumbnailUrl":"https:\/\/www.casaldelsinfants.org\/wp-content\/uploads\/DSC04742-scaled.jpg","articleSection":["Noticia"],"inLanguage":"es","potentialAction":[{"@type":"CommentAction","name":"Comment","target":["https:\/\/www.casaldelsinfants.org\/es\/actualidad\/impactocampanarecogidadejuguetes\/#respond"]}]},{"@type":"WebPage","@id":"https:\/\/www.casaldelsinfants.org\/es\/actualidad\/impactocampanarecogidadejuguetes\/","url":"https:\/\/www.casaldelsinfants.org\/es\/actualidad\/impactocampanarecogidadejuguetes\/","name":"El impacto de las campa\u00f1as de recogida de juguetes - Casal dels Infants","isPartOf":{"@id":"https:\/\/www.casaldelsinfants.org\/es\/#website"},"primaryImageOfPage":{"@id":"https:\/\/www.casaldelsinfants.org\/es\/actualidad\/impactocampanarecogidadejuguetes\/#primaryimage"},"image":{"@id":"https:\/\/www.casaldelsinfants.org\/es\/actualidad\/impactocampanarecogidadejuguetes\/#primaryimage"},"thumbnailUrl":"https:\/\/www.casaldelsinfants.org\/wp-content\/uploads\/DSC04742-scaled.jpg","datePublished":"2023-10-31T16:51:43+00:00","description":"En \u00e9poca de fiestas arrancan las campa\u00f1as de recogida de juguetes, llamando a la solidaridad de ciudadanas y cuidadanos.","breadcrumb":{"@id":"https:\/\/www.casaldelsinfants.org\/es\/actualidad\/impactocampanarecogidadejuguetes\/#breadcrumb"},"inLanguage":"es","potentialAction":[{"@type":"ReadAction","target":["https:\/\/www.casaldelsinfants.org\/es\/actualidad\/impactocampanarecogidadejuguetes\/"]}]},{"@type":"ImageObject","inLanguage":"es","@id":"https:\/\/www.casaldelsinfants.org\/es\/actualidad\/impactocampanarecogidadejuguetes\/#primaryimage","url":"https:\/\/www.casaldelsinfants.org\/wp-content\/uploads\/DSC04742-scaled.jpg","contentUrl":"https:\/\/www.casaldelsinfants.org\/wp-content\/uploads\/DSC04742-scaled.jpg","width":2560,"height":1708,"caption":"Nen petit juga amb cotxes de joguina."},{"@type":"BreadcrumbList","@id":"https:\/\/www.casaldelsinfants.org\/es\/actualidad\/impactocampanarecogidadejuguetes\/#breadcrumb","itemListElement":[{"@type":"ListItem","position":1,"name":"Inici","item":"https:\/\/www.casaldelsinfants.org\/es\/"},{"@type":"ListItem","position":2,"name":"El impacto de las campa\u00f1as de recogida de juguetes"}]},{"@type":"WebSite","@id":"https:\/\/www.casaldelsinfants.org\/es\/#website","url":"https:\/\/www.casaldelsinfants.org\/es\/","name":"Casal dels Infants","description":"","publisher":{"@id":"https:\/\/www.casaldelsinfants.org\/es\/#organization"},"potentialAction":[{"@type":"SearchAction","target":{"@type":"EntryPoint","urlTemplate":"https:\/\/www.casaldelsinfants.org\/es\/?s={search_term_string}"},"query-input":{"@type":"PropertyValueSpecification","valueRequired":true,"valueName":"search_term_string"}}],"inLanguage":"es"},{"@type":"Organization","@id":"https:\/\/www.casaldelsinfants.org\/es\/#organization","name":"Casal dels Infants","url":"https:\/\/www.casaldelsinfants.org\/es\/","logo":{"@type":"ImageObject","inLanguage":"es","@id":"https:\/\/www.casaldelsinfants.org\/es\/#\/schema\/logo\/image\/","url":"https:\/\/www.casaldelsinfants.org\/wp-content\/uploads\/logo-mail.png","contentUrl":"https:\/\/www.casaldelsinfants.org\/wp-content\/uploads\/logo-mail.png","width":380,"height":158,"caption":"Casal dels Infants"},"image":{"@id":"https:\/\/www.casaldelsinfants.org\/es\/#\/schema\/logo\/image\/"},"sameAs":["https:\/\/www.facebook.com\/casalinfants","https:\/\/x.com\/casalinfants","https:\/\/www.youtube.com\/user\/CasaldelsInfants1","https:\/\/www.instagram.com\/casalinfants\/","https:\/\/www.linkedin.com\/company\/casaldelsinfants?trk=organization-update_share-update_actor-text"]},{"@type":"Person","@id":"https:\/\/www.casaldelsinfants.org\/es\/#\/schema\/person\/e870791b50f03fd60f872e1cd83910fc","name":"julia"}]}},"publishpress_future_action":{"enabled":false,"date":"2026-05-08 23:53:20","action":"change-status","newStatus":"draft","terms":[],"taxonomy":"category","extraData":[]},"publishpress_future_workflow_manual_trigger":{"enabledWorkflows":[]},"_links":{"self":[{"href":"https:\/\/www.casaldelsinfants.org\/es\/wp-json\/wp\/v2\/posts\/15045","targetHints":{"allow":["GET"]}}],"collection":[{"href":"https:\/\/www.casaldelsinfants.org\/es\/wp-json\/wp\/v2\/posts"}],"about":[{"href":"https:\/\/www.casaldelsinfants.org\/es\/wp-json\/wp\/v2\/types\/post"}],"author":[{"embeddable":true,"href":"https:\/\/www.casaldelsinfants.org\/es\/wp-json\/wp\/v2\/users\/9"}],"replies":[{"embeddable":true,"href":"https:\/\/www.casaldelsinfants.org\/es\/wp-json\/wp\/v2\/comments?post=15045"}],"version-history":[{"count":3,"href":"https:\/\/www.casaldelsinfants.org\/es\/wp-json\/wp\/v2\/posts\/15045\/revisions"}],"predecessor-version":[{"id":15084,"href":"https:\/\/www.casaldelsinfants.org\/es\/wp-json\/wp\/v2\/posts\/15045\/revisions\/15084"}],"wp:featuredmedia":[{"embeddable":true,"href":"https:\/\/www.casaldelsinfants.org\/es\/wp-json\/wp\/v2\/media\/15047"}],"wp:attachment":[{"href":"https:\/\/www.casaldelsinfants.org\/es\/wp-json\/wp\/v2\/media?parent=15045"}],"wp:term":[{"taxonomy":"category","embeddable":true,"href":"https:\/\/www.casaldelsinfants.org\/es\/wp-json\/wp\/v2\/categories?post=15045"},{"taxonomy":"post_tag","embeddable":true,"href":"https:\/\/www.casaldelsinfants.org\/es\/wp-json\/wp\/v2\/tags?post=15045"},{"taxonomy":"seus","embeddable":true,"href":"https:\/\/www.casaldelsinfants.org\/es\/wp-json\/wp\/v2\/seus?post=15045"},{"taxonomy":"eixos","embeddable":true,"href":"https:\/\/www.casaldelsinfants.org\/es\/wp-json\/wp\/v2\/eixos?post=15045"}],"curies":[{"name":"wp","href":"https:\/\/api.w.org\/{rel}","templated":true}]}}