{"id":15057,"date":"2023-10-31T18:45:35","date_gmt":"2023-10-31T16:45:35","guid":{"rendered":"https:\/\/www.casaldelsinfants.org\/?p=15057"},"modified":"2023-10-31T18:45:35","modified_gmt":"2023-10-31T16:45:35","slug":"insercionsociolaboral","status":"publish","type":"post","link":"https:\/\/www.casaldelsinfants.org\/es\/actualidad\/insercionsociolaboral\/","title":{"rendered":"\u00bfEn qu\u00e9 consiste la inserci\u00f3n sociolaboral?"},"content":{"rendered":"<p>La inserci\u00f3n sociolaboral es un concepto crucial en el \u00e1mbito de la empleabilidad y el bienestar social. La definici\u00f3n de la inserci\u00f3n sociolaboral es el conjunto de acciones dirigidas a acompa\u00f1ar e integrar personas en el mercado laboral de manera sostenible. Es decir, en condiciones que les permitan un pleno desarrollo de sus capacidades y un perfil profesional competitivo, contribuyendo a su bienestar y al de la sociedad en su conjunto. En este art\u00edculo, explicamos en detalle qu\u00e9 es la inserci\u00f3n sociolaboral, c\u00f3mo se diferencia de la inserci\u00f3n laboral, cu\u00e1les son sus beneficios y objetivos, y algunas actividades clave para fomentarla.<\/p>\n<p>&nbsp;<\/p>\n<h2>\u00bfQu\u00e9 es la inserci\u00f3n sociolaboral y en qu\u00e9 se diferencia de la laboral?<\/h2>\n<p>La inserci\u00f3n sociolaboral es un concepto amplio que va m\u00e1s all\u00e1 del objetivo de conseguir un empleo. Tambi\u00e9n implica la entrada de una persona en el mercado laboral en buenas condiciones y de forma sostenible. Esto significa que el trabajo que ha conseguido se mantiene a lo largo del tiempo y permite a la persona empleada desarrollarse en el \u00e1mbito profesional y personal.<\/p>\n<p>Contrariamente, la inserci\u00f3n laboral se centra exclusivamente en la obtenci\u00f3n de un empleo. La inserci\u00f3n laboral se logra cuando una persona consigue un empleo remunerado, ya sea a trav\u00e9s de una b\u00fasqueda de empleo independiente o a trav\u00e9s de un programa de empleo temporal. En cambio, la inserci\u00f3n sociolaboral aborda un enfoque m\u00e1s hol\u00edstico. Tiene en cuenta la calidad del empleo, la estabilidad, el crecimiento profesional, la satisfacci\u00f3n y el impacto en la vida de la persona.<\/p>\n<h2>Inserci\u00f3n sociolaboral: Beneficios y objetivos<\/h2>\n<p>La inserci\u00f3n sociolaboral conlleva una serie de beneficios tanto para las personas como para la sociedad en su conjunto. Algunos de estos beneficios son:<\/p>\n<h3>Mejora del bienestar individual<\/h3>\n<p>Cuando una persona logra una inserci\u00f3n sociolaboral exitosa, experimenta un mayor bienestar emocional, social y econ\u00f3mico. Esto se traduce en una mejor calidad de vida y una mayor satisfacci\u00f3n personal.<\/p>\n<p>&nbsp;<\/p>\n<h3>Reducci\u00f3n de la exclusi\u00f3n social y estabilidad econ\u00f3mica<\/h3>\n<p>La inserci\u00f3n sociolaboral contribuye a reducir la exclusi\u00f3n social. Personas en riesgo de exclusi\u00f3n social participan activamente en la sociedad y pasan a tener una fuente estable de ingresos. Esto puede reducir la presi\u00f3n econ\u00f3mica y satisfacer sus necesidades b\u00e1sicas.<\/p>\n<h3>Desarrollo profesional y personal<\/h3>\n<p>La inserci\u00f3n sociolaboral implica la posibilidad de crecimiento y desarrollo en el \u00e1mbito laboral, lo que a la vez permite a aquellas personas que han logrado una inserci\u00f3n potenciar sus competencias y cumplir sus metas personales y profesionales.<\/p>\n<p>&nbsp;<\/p>\n<h3>Contribuci\u00f3n a la comunidad<\/h3>\n<p>Las personas insertadas sociolaboralmente tambi\u00e9n contribuyen a la comunidad al pagar impuestos, participar en actividades sociales y apoyar la econom\u00eda local.<\/p>\n<p>&nbsp;<\/p>\n<p>Los objetivos de las actividades de inserci\u00f3n sociolaboral incluyen:<\/p>\n<h3>Facilitar el acceso al empleo<\/h3>\n<p>Garantizar que las personas tengan la oportunidad de acceder a puestos de trabajo que se ajusten a sus habilidades y capacidades.<\/p>\n<h3>Promover la formaci\u00f3n y el desarrollo profesional<\/h3>\n<p>Proporcionar itinerarios de inserci\u00f3n sociolaboral que permitan a las personas formarse, mejorar sus habilidades y avanzar en sus carreras.<\/p>\n<h3>Garantizar la igualdad de oportunidades<\/h3>\n<p>Contribuir a eliminar barreras y discriminaciones estructurales del \u00e1mbito laboral para que todos tengan igualdad de oportunidades.<\/p>\n<h3>Fomentar la estabilidad laboral<\/h3>\n<p>Trabajar en la creaci\u00f3n de empleos estables y seguros que brinden a las personas la seguridad econ\u00f3mica que necesitan.<\/p>\n<p>&nbsp;<\/p>\n<h2>Estas son algunas de las actividades claves para fomentar la inserci\u00f3n sociolaboral<\/h2>\n<p>Para promover la inserci\u00f3n sociolaboral, es fundamental llevar a cabo una serie de actividades que aborden tanto las necesidades de las personas como las demandas del mercado laboral. En el Casal dels Infants, promovemos itinerarios de inserci\u00f3n sociolaboral a j\u00f3venes y personas en riesgo de exclusi\u00f3n social, a trav\u00e9s de nuestros servicios socioeducativos del programa de Formaci\u00f3n e Inserci\u00f3n laboral (FIL).<\/p>\n<p>Aqu\u00ed, te presentamos algunas de las actividades clave que desarrollamos en nuestros servicios socioeducativos:<\/p>\n<h3>Orientaci\u00f3n y asesoramiento laboral<\/h3>\n<p>Proporcionamos servicios de orientaci\u00f3n y asesoramiento, que ayudan a nuestros participantes a desarrollar sus habilidades e intereses, as\u00ed como a desarrollar estrategias efectivas de b\u00fasqueda de empleo.<\/p>\n<h3>Formaci\u00f3n y capacitaci\u00f3n<\/h3>\n<p>Tambi\u00e9n, ofrecemos programas de formaci\u00f3n en oficios y profesiones varias, como el curso de <span style=\"text-decoration: underline;\"><a href=\"https:\/\/www.casaldelsinfants.org\/actualitat\/cursassistentpersonalsuperantbarreres\/\" target=\"_blank\" rel=\"noopener\">Asistente Personal del servicio Superant Barreres<\/a><\/span>, clases de competencias b\u00e1sicas, como el estudio de catal\u00e1n, castellano e ingl\u00e9s, y transversales, como la puntualidad, la responsabilidad y el trabajo en equipo.<\/p>\n<h3>Inclusi\u00f3n de grupos vulnerables<\/h3>\n<p>En el Casal dels Infants <span style=\"text-decoration: underline;\"><a href=\"https:\/\/www.casaldelsinfants.org\/actualitat\/joves-extutelats-i-extutelades-treballen-al-casal-dels-infants-facilitar-los-itineraris\/\" target=\"_blank\" rel=\"noopener\">contratamos durante un a\u00f1o personas de colectivos vulnerables<\/a><\/span>, como j\u00f3venes extutelados y mujeres y personas trans* en situaci\u00f3n de vulnerabilidad. Gracias a la convocatoria del <span style=\"text-decoration: underline;\"><a href=\"https:\/\/serveiocupacio.gencat.cat\/ca\/soc\/ambits-actuacio\/foment-ocupacio\/programa-treball-i-formacio\/\" target=\"_blank\" rel=\"noopener\">Programa de Treball i Formaci\u00f3 del Servei d\u2019Ocupaci\u00f3 de Catalunya (SOC)<\/a><\/span>, les facilitamos itinerarios de inserci\u00f3n sociolaboral, acompa\u00f1\u00e1ndolos durante el proceso.<\/p>\n<h3>Seguimiento y evaluaci\u00f3n<\/h3>\n<p>Hacemos seguimiento de cada itinerario de inserci\u00f3n sociolaboral, acompa\u00f1ando a las personas de manera integral y evaluando su progreso.<\/p>\n","protected":false},"excerpt":{"rendered":"<p>La inserci\u00f3n sociolaboral es un concepto crucial en el \u00e1mbito de la empleabilidad y el bienestar social. La definici\u00f3n de la inserci\u00f3n sociolaboral es el conjunto de acciones dirigidas a acompa\u00f1ar e integrar personas en el mercado laboral de manera sostenible. Es decir, en condiciones que les permitan un pleno desarrollo de sus capacidades y [&hellip;]<\/p>\n","protected":false},"author":9,"featured_media":15055,"comment_status":"open","ping_status":"open","sticky":false,"template":"","format":"standard","meta":{"_acf_changed":false,"_et_pb_use_builder":"","_et_pb_old_content":"","_et_gb_content_width":"","inline_featured_image":false,"footnotes":""},"categories":[125],"tags":[],"seus":[],"eixos":[],"class_list":["post-15057","post","type-post","status-publish","format-standard","has-post-thumbnail","hentry","category-noticias"],"acf":[],"yoast_head":"<!-- This site is optimized with the Yoast SEO plugin v27.4 - https:\/\/yoast.com\/product\/yoast-seo-wordpress\/ -->\n<title>\u00bfEn qu\u00e9 consiste la inserci\u00f3n sociolaboral? - Casal dels Infants<\/title>\n<meta name=\"description\" content=\"La inserci\u00f3n sociolaboral es un concepto crucial en el \u00e1mbito de la empleabilidad y el bienestar social. En este art\u00edculo te lo explicamos.\" \/>\n<meta name=\"robots\" content=\"index, follow, max-snippet:-1, max-image-preview:large, max-video-preview:-1\" \/>\n<link rel=\"canonical\" href=\"https:\/\/www.casaldelsinfants.org\/es\/actualidad\/insercionsociolaboral\/\" \/>\n<meta property=\"og:locale\" content=\"es_ES\" \/>\n<meta property=\"og:type\" content=\"article\" \/>\n<meta property=\"og:title\" content=\"\u00bfEn qu\u00e9 consiste la inserci\u00f3n sociolaboral? - Casal dels Infants\" \/>\n<meta property=\"og:description\" content=\"La inserci\u00f3n sociolaboral es un concepto crucial en el \u00e1mbito de la empleabilidad y el bienestar social. En este art\u00edculo te lo explicamos.\" \/>\n<meta property=\"og:url\" content=\"https:\/\/www.casaldelsinfants.org\/es\/actualidad\/insercionsociolaboral\/\" \/>\n<meta property=\"og:site_name\" content=\"Casal dels Infants\" \/>\n<meta property=\"article:publisher\" content=\"https:\/\/www.facebook.com\/casalinfants\" \/>\n<meta property=\"article:published_time\" content=\"2023-10-31T16:45:35+00:00\" \/>\n<meta property=\"og:image\" content=\"https:\/\/www.casaldelsinfants.org\/wp-content\/uploads\/IMG_4927_C17-scaled-1.webp\" \/>\n\t<meta property=\"og:image:width\" content=\"2560\" \/>\n\t<meta property=\"og:image:height\" content=\"1707\" \/>\n\t<meta property=\"og:image:type\" content=\"image\/jpeg\" \/>\n<meta name=\"author\" content=\"julia\" \/>\n<meta name=\"twitter:card\" content=\"summary_large_image\" \/>\n<meta name=\"twitter:creator\" content=\"@casalinfants\" \/>\n<meta name=\"twitter:site\" content=\"@casalinfants\" \/>\n<meta name=\"twitter:label1\" content=\"Escrito por\" \/>\n\t<meta name=\"twitter:data1\" content=\"julia\" \/>\n\t<meta name=\"twitter:label2\" content=\"Tiempo de lectura\" \/>\n\t<meta name=\"twitter:data2\" content=\"5 minutos\" \/>\n<script type=\"application\/ld+json\" class=\"yoast-schema-graph\">{\"@context\":\"https:\\\/\\\/schema.org\",\"@graph\":[{\"@type\":\"Article\",\"@id\":\"https:\\\/\\\/www.casaldelsinfants.org\\\/es\\\/actualidad\\\/insercionsociolaboral\\\/#article\",\"isPartOf\":{\"@id\":\"https:\\\/\\\/www.casaldelsinfants.org\\\/es\\\/actualidad\\\/insercionsociolaboral\\\/\"},\"author\":{\"name\":\"julia\",\"@id\":\"https:\\\/\\\/www.casaldelsinfants.org\\\/es\\\/#\\\/schema\\\/person\\\/e870791b50f03fd60f872e1cd83910fc\"},\"headline\":\"\u00bfEn qu\u00e9 consiste la inserci\u00f3n sociolaboral?\",\"datePublished\":\"2023-10-31T16:45:35+00:00\",\"mainEntityOfPage\":{\"@id\":\"https:\\\/\\\/www.casaldelsinfants.org\\\/es\\\/actualidad\\\/insercionsociolaboral\\\/\"},\"wordCount\":867,\"commentCount\":0,\"publisher\":{\"@id\":\"https:\\\/\\\/www.casaldelsinfants.org\\\/es\\\/#organization\"},\"image\":{\"@id\":\"https:\\\/\\\/www.casaldelsinfants.org\\\/es\\\/actualidad\\\/insercionsociolaboral\\\/#primaryimage\"},\"thumbnailUrl\":\"https:\\\/\\\/www.casaldelsinfants.org\\\/wp-content\\\/uploads\\\/IMG_4927_C17-scaled-1.webp\",\"articleSection\":[\"Noticia\"],\"inLanguage\":\"es\",\"potentialAction\":[{\"@type\":\"CommentAction\",\"name\":\"Comment\",\"target\":[\"https:\\\/\\\/www.casaldelsinfants.org\\\/es\\\/actualidad\\\/insercionsociolaboral\\\/#respond\"]}]},{\"@type\":\"WebPage\",\"@id\":\"https:\\\/\\\/www.casaldelsinfants.org\\\/es\\\/actualidad\\\/insercionsociolaboral\\\/\",\"url\":\"https:\\\/\\\/www.casaldelsinfants.org\\\/es\\\/actualidad\\\/insercionsociolaboral\\\/\",\"name\":\"\u00bfEn qu\u00e9 consiste la inserci\u00f3n sociolaboral? - Casal dels Infants\",\"isPartOf\":{\"@id\":\"https:\\\/\\\/www.casaldelsinfants.org\\\/es\\\/#website\"},\"primaryImageOfPage\":{\"@id\":\"https:\\\/\\\/www.casaldelsinfants.org\\\/es\\\/actualidad\\\/insercionsociolaboral\\\/#primaryimage\"},\"image\":{\"@id\":\"https:\\\/\\\/www.casaldelsinfants.org\\\/es\\\/actualidad\\\/insercionsociolaboral\\\/#primaryimage\"},\"thumbnailUrl\":\"https:\\\/\\\/www.casaldelsinfants.org\\\/wp-content\\\/uploads\\\/IMG_4927_C17-scaled-1.webp\",\"datePublished\":\"2023-10-31T16:45:35+00:00\",\"description\":\"La inserci\u00f3n sociolaboral es un concepto crucial en el \u00e1mbito de la empleabilidad y el bienestar social. En este art\u00edculo te lo explicamos.\",\"breadcrumb\":{\"@id\":\"https:\\\/\\\/www.casaldelsinfants.org\\\/es\\\/actualidad\\\/insercionsociolaboral\\\/#breadcrumb\"},\"inLanguage\":\"es\",\"potentialAction\":[{\"@type\":\"ReadAction\",\"target\":[\"https:\\\/\\\/www.casaldelsinfants.org\\\/es\\\/actualidad\\\/insercionsociolaboral\\\/\"]}]},{\"@type\":\"ImageObject\",\"inLanguage\":\"es\",\"@id\":\"https:\\\/\\\/www.casaldelsinfants.org\\\/es\\\/actualidad\\\/insercionsociolaboral\\\/#primaryimage\",\"url\":\"https:\\\/\\\/www.casaldelsinfants.org\\\/wp-content\\\/uploads\\\/IMG_4927_C17-scaled-1.webp\",\"contentUrl\":\"https:\\\/\\\/www.casaldelsinfants.org\\\/wp-content\\\/uploads\\\/IMG_4927_C17-scaled-1.webp\",\"width\":2560,\"height\":1707,\"caption\":\"Nois i noies amb els uniformes de cambrers en la seva feina d'inserci\u00f3 sociolaboral.\"},{\"@type\":\"BreadcrumbList\",\"@id\":\"https:\\\/\\\/www.casaldelsinfants.org\\\/es\\\/actualidad\\\/insercionsociolaboral\\\/#breadcrumb\",\"itemListElement\":[{\"@type\":\"ListItem\",\"position\":1,\"name\":\"Inici\",\"item\":\"https:\\\/\\\/www.casaldelsinfants.org\\\/es\\\/\"},{\"@type\":\"ListItem\",\"position\":2,\"name\":\"\u00bfEn qu\u00e9 consiste la inserci\u00f3n sociolaboral?\"}]},{\"@type\":\"WebSite\",\"@id\":\"https:\\\/\\\/www.casaldelsinfants.org\\\/es\\\/#website\",\"url\":\"https:\\\/\\\/www.casaldelsinfants.org\\\/es\\\/\",\"name\":\"Casal dels Infants\",\"description\":\"\",\"publisher\":{\"@id\":\"https:\\\/\\\/www.casaldelsinfants.org\\\/es\\\/#organization\"},\"potentialAction\":[{\"@type\":\"SearchAction\",\"target\":{\"@type\":\"EntryPoint\",\"urlTemplate\":\"https:\\\/\\\/www.casaldelsinfants.org\\\/es\\\/?s={search_term_string}\"},\"query-input\":{\"@type\":\"PropertyValueSpecification\",\"valueRequired\":true,\"valueName\":\"search_term_string\"}}],\"inLanguage\":\"es\"},{\"@type\":\"Organization\",\"@id\":\"https:\\\/\\\/www.casaldelsinfants.org\\\/es\\\/#organization\",\"name\":\"Casal dels Infants\",\"url\":\"https:\\\/\\\/www.casaldelsinfants.org\\\/es\\\/\",\"logo\":{\"@type\":\"ImageObject\",\"inLanguage\":\"es\",\"@id\":\"https:\\\/\\\/www.casaldelsinfants.org\\\/es\\\/#\\\/schema\\\/logo\\\/image\\\/\",\"url\":\"https:\\\/\\\/www.casaldelsinfants.org\\\/wp-content\\\/uploads\\\/logo-mail.png\",\"contentUrl\":\"https:\\\/\\\/www.casaldelsinfants.org\\\/wp-content\\\/uploads\\\/logo-mail.png\",\"width\":380,\"height\":158,\"caption\":\"Casal dels Infants\"},\"image\":{\"@id\":\"https:\\\/\\\/www.casaldelsinfants.org\\\/es\\\/#\\\/schema\\\/logo\\\/image\\\/\"},\"sameAs\":[\"https:\\\/\\\/www.facebook.com\\\/casalinfants\",\"https:\\\/\\\/x.com\\\/casalinfants\",\"https:\\\/\\\/www.youtube.com\\\/user\\\/CasaldelsInfants1\",\"https:\\\/\\\/www.instagram.com\\\/casalinfants\\\/\",\"https:\\\/\\\/www.linkedin.com\\\/company\\\/casaldelsinfants?trk=organization-update_share-update_actor-text\"]},{\"@type\":\"Person\",\"@id\":\"https:\\\/\\\/www.casaldelsinfants.org\\\/es\\\/#\\\/schema\\\/person\\\/e870791b50f03fd60f872e1cd83910fc\",\"name\":\"julia\"}]}<\/script>\n<!-- \/ Yoast SEO plugin. -->","yoast_head_json":{"title":"\u00bfEn qu\u00e9 consiste la inserci\u00f3n sociolaboral? - Casal dels Infants","description":"La inserci\u00f3n sociolaboral es un concepto crucial en el \u00e1mbito de la empleabilidad y el bienestar social. En este art\u00edculo te lo explicamos.","robots":{"index":"index","follow":"follow","max-snippet":"max-snippet:-1","max-image-preview":"max-image-preview:large","max-video-preview":"max-video-preview:-1"},"canonical":"https:\/\/www.casaldelsinfants.org\/es\/actualidad\/insercionsociolaboral\/","og_locale":"es_ES","og_type":"article","og_title":"\u00bfEn qu\u00e9 consiste la inserci\u00f3n sociolaboral? - Casal dels Infants","og_description":"La inserci\u00f3n sociolaboral es un concepto crucial en el \u00e1mbito de la empleabilidad y el bienestar social. En este art\u00edculo te lo explicamos.","og_url":"https:\/\/www.casaldelsinfants.org\/es\/actualidad\/insercionsociolaboral\/","og_site_name":"Casal dels Infants","article_publisher":"https:\/\/www.facebook.com\/casalinfants","article_published_time":"2023-10-31T16:45:35+00:00","og_image":[{"width":2560,"height":1707,"url":"https:\/\/www.casaldelsinfants.org\/wp-content\/uploads\/IMG_4927_C17-scaled-1.webp","type":"image\/jpeg"}],"author":"julia","twitter_card":"summary_large_image","twitter_creator":"@casalinfants","twitter_site":"@casalinfants","twitter_misc":{"Escrito por":"julia","Tiempo de lectura":"5 minutos"},"schema":{"@context":"https:\/\/schema.org","@graph":[{"@type":"Article","@id":"https:\/\/www.casaldelsinfants.org\/es\/actualidad\/insercionsociolaboral\/#article","isPartOf":{"@id":"https:\/\/www.casaldelsinfants.org\/es\/actualidad\/insercionsociolaboral\/"},"author":{"name":"julia","@id":"https:\/\/www.casaldelsinfants.org\/es\/#\/schema\/person\/e870791b50f03fd60f872e1cd83910fc"},"headline":"\u00bfEn qu\u00e9 consiste la inserci\u00f3n sociolaboral?","datePublished":"2023-10-31T16:45:35+00:00","mainEntityOfPage":{"@id":"https:\/\/www.casaldelsinfants.org\/es\/actualidad\/insercionsociolaboral\/"},"wordCount":867,"commentCount":0,"publisher":{"@id":"https:\/\/www.casaldelsinfants.org\/es\/#organization"},"image":{"@id":"https:\/\/www.casaldelsinfants.org\/es\/actualidad\/insercionsociolaboral\/#primaryimage"},"thumbnailUrl":"https:\/\/www.casaldelsinfants.org\/wp-content\/uploads\/IMG_4927_C17-scaled-1.webp","articleSection":["Noticia"],"inLanguage":"es","potentialAction":[{"@type":"CommentAction","name":"Comment","target":["https:\/\/www.casaldelsinfants.org\/es\/actualidad\/insercionsociolaboral\/#respond"]}]},{"@type":"WebPage","@id":"https:\/\/www.casaldelsinfants.org\/es\/actualidad\/insercionsociolaboral\/","url":"https:\/\/www.casaldelsinfants.org\/es\/actualidad\/insercionsociolaboral\/","name":"\u00bfEn qu\u00e9 consiste la inserci\u00f3n sociolaboral? - Casal dels Infants","isPartOf":{"@id":"https:\/\/www.casaldelsinfants.org\/es\/#website"},"primaryImageOfPage":{"@id":"https:\/\/www.casaldelsinfants.org\/es\/actualidad\/insercionsociolaboral\/#primaryimage"},"image":{"@id":"https:\/\/www.casaldelsinfants.org\/es\/actualidad\/insercionsociolaboral\/#primaryimage"},"thumbnailUrl":"https:\/\/www.casaldelsinfants.org\/wp-content\/uploads\/IMG_4927_C17-scaled-1.webp","datePublished":"2023-10-31T16:45:35+00:00","description":"La inserci\u00f3n sociolaboral es un concepto crucial en el \u00e1mbito de la empleabilidad y el bienestar social. En este art\u00edculo te lo explicamos.","breadcrumb":{"@id":"https:\/\/www.casaldelsinfants.org\/es\/actualidad\/insercionsociolaboral\/#breadcrumb"},"inLanguage":"es","potentialAction":[{"@type":"ReadAction","target":["https:\/\/www.casaldelsinfants.org\/es\/actualidad\/insercionsociolaboral\/"]}]},{"@type":"ImageObject","inLanguage":"es","@id":"https:\/\/www.casaldelsinfants.org\/es\/actualidad\/insercionsociolaboral\/#primaryimage","url":"https:\/\/www.casaldelsinfants.org\/wp-content\/uploads\/IMG_4927_C17-scaled-1.webp","contentUrl":"https:\/\/www.casaldelsinfants.org\/wp-content\/uploads\/IMG_4927_C17-scaled-1.webp","width":2560,"height":1707,"caption":"Nois i noies amb els uniformes de cambrers en la seva feina d'inserci\u00f3 sociolaboral."},{"@type":"BreadcrumbList","@id":"https:\/\/www.casaldelsinfants.org\/es\/actualidad\/insercionsociolaboral\/#breadcrumb","itemListElement":[{"@type":"ListItem","position":1,"name":"Inici","item":"https:\/\/www.casaldelsinfants.org\/es\/"},{"@type":"ListItem","position":2,"name":"\u00bfEn qu\u00e9 consiste la inserci\u00f3n sociolaboral?"}]},{"@type":"WebSite","@id":"https:\/\/www.casaldelsinfants.org\/es\/#website","url":"https:\/\/www.casaldelsinfants.org\/es\/","name":"Casal dels Infants","description":"","publisher":{"@id":"https:\/\/www.casaldelsinfants.org\/es\/#organization"},"potentialAction":[{"@type":"SearchAction","target":{"@type":"EntryPoint","urlTemplate":"https:\/\/www.casaldelsinfants.org\/es\/?s={search_term_string}"},"query-input":{"@type":"PropertyValueSpecification","valueRequired":true,"valueName":"search_term_string"}}],"inLanguage":"es"},{"@type":"Organization","@id":"https:\/\/www.casaldelsinfants.org\/es\/#organization","name":"Casal dels Infants","url":"https:\/\/www.casaldelsinfants.org\/es\/","logo":{"@type":"ImageObject","inLanguage":"es","@id":"https:\/\/www.casaldelsinfants.org\/es\/#\/schema\/logo\/image\/","url":"https:\/\/www.casaldelsinfants.org\/wp-content\/uploads\/logo-mail.png","contentUrl":"https:\/\/www.casaldelsinfants.org\/wp-content\/uploads\/logo-mail.png","width":380,"height":158,"caption":"Casal dels Infants"},"image":{"@id":"https:\/\/www.casaldelsinfants.org\/es\/#\/schema\/logo\/image\/"},"sameAs":["https:\/\/www.facebook.com\/casalinfants","https:\/\/x.com\/casalinfants","https:\/\/www.youtube.com\/user\/CasaldelsInfants1","https:\/\/www.instagram.com\/casalinfants\/","https:\/\/www.linkedin.com\/company\/casaldelsinfants?trk=organization-update_share-update_actor-text"]},{"@type":"Person","@id":"https:\/\/www.casaldelsinfants.org\/es\/#\/schema\/person\/e870791b50f03fd60f872e1cd83910fc","name":"julia"}]}},"publishpress_future_action":{"enabled":false,"date":"2026-05-08 17:58:09","action":"change-status","newStatus":"draft","terms":[],"taxonomy":"category","extraData":[]},"publishpress_future_workflow_manual_trigger":{"enabledWorkflows":[]},"_links":{"self":[{"href":"https:\/\/www.casaldelsinfants.org\/es\/wp-json\/wp\/v2\/posts\/15057","targetHints":{"allow":["GET"]}}],"collection":[{"href":"https:\/\/www.casaldelsinfants.org\/es\/wp-json\/wp\/v2\/posts"}],"about":[{"href":"https:\/\/www.casaldelsinfants.org\/es\/wp-json\/wp\/v2\/types\/post"}],"author":[{"embeddable":true,"href":"https:\/\/www.casaldelsinfants.org\/es\/wp-json\/wp\/v2\/users\/9"}],"replies":[{"embeddable":true,"href":"https:\/\/www.casaldelsinfants.org\/es\/wp-json\/wp\/v2\/comments?post=15057"}],"version-history":[{"count":2,"href":"https:\/\/www.casaldelsinfants.org\/es\/wp-json\/wp\/v2\/posts\/15057\/revisions"}],"predecessor-version":[{"id":15083,"href":"https:\/\/www.casaldelsinfants.org\/es\/wp-json\/wp\/v2\/posts\/15057\/revisions\/15083"}],"wp:featuredmedia":[{"embeddable":true,"href":"https:\/\/www.casaldelsinfants.org\/es\/wp-json\/wp\/v2\/media\/15055"}],"wp:attachment":[{"href":"https:\/\/www.casaldelsinfants.org\/es\/wp-json\/wp\/v2\/media?parent=15057"}],"wp:term":[{"taxonomy":"category","embeddable":true,"href":"https:\/\/www.casaldelsinfants.org\/es\/wp-json\/wp\/v2\/categories?post=15057"},{"taxonomy":"post_tag","embeddable":true,"href":"https:\/\/www.casaldelsinfants.org\/es\/wp-json\/wp\/v2\/tags?post=15057"},{"taxonomy":"seus","embeddable":true,"href":"https:\/\/www.casaldelsinfants.org\/es\/wp-json\/wp\/v2\/seus?post=15057"},{"taxonomy":"eixos","embeddable":true,"href":"https:\/\/www.casaldelsinfants.org\/es\/wp-json\/wp\/v2\/eixos?post=15057"}],"curies":[{"name":"wp","href":"https:\/\/api.w.org\/{rel}","templated":true}]}}