{"id":15518,"date":"2023-11-10T15:49:25","date_gmt":"2023-11-10T13:49:25","guid":{"rendered":"https:\/\/www.casaldelsinfants.org\/?p=15518"},"modified":"2023-11-10T15:49:25","modified_gmt":"2023-11-10T13:49:25","slug":"empezar-de-cero-en-el-casal-dels-infants","status":"publish","type":"post","link":"https:\/\/www.casaldelsinfants.org\/es\/actualidad\/empezar-de-cero-en-el-casal-dels-infants\/","title":{"rendered":"Empezar de cero en el Casal dels Infants"},"content":{"rendered":"<p><iframe loading=\"lazy\" title=\"Empezar de cero en el Casal dels Infants\" width=\"1080\" height=\"608\" src=\"https:\/\/www.youtube.com\/embed\/T-s0OqMATv4?feature=oembed&#038;enablejsapi=1&#038;origin=https:\/\/www.casaldelsinfants.org\"  allow=\"accelerometer; autoplay; clipboard-write; encrypted-media; gyroscope; picture-in-picture; web-share\" allowfullscreen><\/iframe><\/p>\n<p>&nbsp;<\/p>\n<p><strong>G\u00e9nesis<\/strong> entr\u00f3 por primera vez en el Casal dels Infants de Badalona con siete meses, bien pegada al cuerpo de su madre, <strong>Raquel Membre\u00f1o<\/strong>. En todo momento necesitaba verla y sentirla cerca, como es natural en el primer a\u00f1o de vida de las criaturas. El beb\u00e9 establec\u00e9 por supervivencia el <strong>v\u00ednculo afectivo<\/strong> con los referentes adultos que lo cuidan, principalmente la madre. Pese a no separarse de Raquel, en el servicio maternoinfantil Vincles se le abri\u00f3 un nuevo mundo de est\u00edmulos y de primeras relaciones con otros beb\u00e9s. Hoy nos adentramos en \u00e9l compartiendo una ma\u00f1ana con ellas en el servicio. Descubrimos <strong>qu\u00e9 puede suponer para un beb\u00e9 en situaci\u00f3n de vulnerabilidad empezar de cero en el Casal dels Infants<\/strong>. Y para su madre, que tambi\u00e9n inicia una nueva etapa.<\/p>\n<p>\u00abEn solo un mes, he notado un gran cambio: empez\u00f3 a mover sus manitas, a cantar canciones, a gatear m\u00e1s r\u00e1pido. \u00a1Se ha espabilado!\u00bb, explica Raquel. Lo hemos podido ver desde primera hora: G\u00e9nesis est\u00e1 juguetona. Ahora con unas bolas plateadas donde se ve reflejada, ahora con cubos apilables. Gatea arriba y abajo. Muevo las manos mientras el grupo canta la canci\u00f3n del\u00a0<em>bon dia.\u00a0<\/em>Sonr\u00ede.<\/p>\n<blockquote><p><strong>Raquel Membre\u00f1o, participante de V\u00ednculos:<\/strong> \u00abEn solo un mes, he notado un gran cambio en mi hija: empez\u00f3 a mover sus manitas, a cantar canciones, a gatear m\u00e1s de prisa. \u00a1Se ha espabilado!<\/p><\/blockquote>\n<p>Este es precisamente uno de los principales objetivos de V\u00ednculos con los peque\u00f1os y peque\u00f1as: estimular su aprendizaje a trav\u00e9s del juego y la experimentaci\u00f3n. As\u00ed mismo, busca fortalecer el lazo maternoinfantil y establecer h\u00e1bitos y rutinas saludables. \u00abTener est\u00edmulos correctos a una edad tan temprana har\u00e1 que estos ni\u00f1os y ni\u00f1as sean capaces de aprender, de comunicarse, de relacionarse&#8230; Todo est\u00edmulo y aprendizaje que se haga ahora es la base del desarrollo posterior. Sin esta base, empiezan con un pie cojo\u00bb, explica Laura Morella, educadora del servicio.<\/p>\n<blockquote><p><strong>Laura Morella<\/strong>, educadora de V\u00ednculos: \u00abTener est\u00edmulos correctos a una edad tan temprana har\u00e1 que estos ni\u00f1os y ni\u00f1as sean capaces de aprender, de comunicarse, de relacionarse&#8230; Sin esta base, empiezan con un pie cojo\u00bb.<\/p><\/blockquote>\n<p>&nbsp;<\/p>\n<div id=\"attachment_15495\" style=\"width: 410px\" class=\"wp-caption aligncenter\"><img decoding=\"async\" aria-describedby=\"caption-attachment-15495\" class=\"wp-image-15495\" src=\"https:\/\/www.casaldelsinfants.org\/wp-content\/uploads\/Raquel-Membreno-Casal-dels-Infants-Vincles-Badalona.webp\" alt=\"La Raquel i la G\u00e9nesis participant a Vincles Badalona.\" width=\"400\" height=\"400\" \/><p id=\"caption-attachment-15495\" class=\"wp-caption-text\">Raquel y G\u00e9nesis participando en V\u00ednculos de Badalona.<\/p><\/div>\n<h2><\/h2>\n<p>&nbsp;<\/p>\n<h2>0-3: una etapa clave para combatir las desigualdades<\/h2>\n<p>Laura lo sabe de primera mano, pero tambi\u00e9n lo dice la <a href=\"https:\/\/heckmanequation.org\/wp-content\/uploads\/2017\/01\/F_080613_HeckmanSpanishOne_0.pdf\">evidencia cient\u00edfica<\/a>:<strong> los primeros a\u00f1os de vida son cruciales<\/strong>, ya que determinan el desarrollo del cerebro y buena del bienestar emocional de las personas. Es por ello que invertir en <strong>educaci\u00f3n de los 0 a los 3 a\u00f1os<\/strong>, m\u00e1s all\u00e1 de garantizar un derecho de todos los ni\u00f1os y ni\u00f1as, es una de las herramientas m\u00e1s eficientes para <strong>combatir las desigualdades<\/strong>.<\/p>\n<p>En Catalunya, sin embargo, solo 4 de cada 10 ni\u00f1os y ni\u00f1as menores de 3 a\u00f1os van a la guarder\u00eda, en buena parte porque el acceso a estos centros no es universal ni gratuito -\u00fanicamente la escolarizaci\u00f3n no tiene coste en el curso de I2-. Es tambi\u00e9n una etapa marca por las desigualdades, ya que la proporci\u00f3n de ni\u00f1os y ni\u00f1as escolarizados en situaci\u00f3n social desfavorecida o de nacionalidad extranjera es baja. Por ello, mientras no sean centros gratuitos y con plazas para todos los ni\u00f1os y ni\u00f1as, hemos reclamado que los criterios de prioridad para acceder a las guarder\u00edas favorezcan m\u00e1s a los ni\u00f1os y ni\u00f1as en situaci\u00f3n de vulnerabilidad, como recogemos en el dosier<a href=\"https:\/\/www.casaldelsinfants.org\/es\/actualidad\/dossier-petita-infancia-grans-desigualtats-lacces-leducacio-0-3-catalunya\/\"><strong> &#8216;Peque\u00f1a infancia, grandes desigualdades: el acceso a la educaci\u00f3n de los 0 a los 3 a\u00f1os en Catalunya&#8217;<\/strong><\/a>.<\/p>\n<p>&nbsp;<\/p>\n<div id=\"attachment_15498\" style=\"width: 410px\" class=\"wp-caption aligncenter\"><img decoding=\"async\" aria-describedby=\"caption-attachment-15498\" class=\"wp-image-15498\" src=\"https:\/\/www.casaldelsinfants.org\/wp-content\/uploads\/Estimuls-i-educacio-0-3-Vincles-Casal-dels-Infants.webp\" alt=\"\" width=\"400\" height=\"400\" \/><p id=\"caption-attachment-15498\" class=\"wp-caption-text\">G\u00e9nesis con cuentos y juegos para la primera infancia.<\/p><\/div>\n<h2><\/h2>\n<p>&nbsp;<\/p>\n<h2>Apoyo integral en la crianza<\/h2>\n<p>En esta etapa, sin embargo, fortalecer el desarrollo de los ni\u00f1os y ni\u00f1as est\u00e1 estrechamente ligado al apoyo y el cuidado de sus cuidadores. En este aspecto, las mujeres son las que asumen m\u00e1s protagonismo en la crianza, tanto por la naturaleza del v\u00ednculo afecto entre la madre y el ni\u00f1o o ni\u00f1a como porque, mayoritariamente, son ellas las que cargan m\u00e1s con el <strong>peso de los cuidados<\/strong>.<\/p>\n<p>En V\u00ednculos las mujeres reciben toda la informaci\u00f3n necesaria para tener m\u00e1s herramientas en la crianza, y tambi\u00e9n para conocer servicios especializados que tienen a su alcance. Este apoyo es aliviador, en una \u00e9poca de grandes cambios que pueden desestabilizar a las mujeres y al conjunto de la familia.<\/p>\n<h2>Una red contra los miedos<\/h2>\n<p>Hay que tener en cuentas que muchas de las participantes han vivido procesos migratorios. El hecho de no contar con una red familiar y de amistades puede generar todav\u00eda m\u00e1s aislamiento en la maternidad. En el caso de Raquel, es nacida en Nicaragua y lleg\u00f3 a Catalunya por su cuenta con solo 18 a\u00f1os. Ya ten\u00eda una hija, Valentina, que tuvo que dejar en su pa\u00eds de origen a cargo de su madre y unas t\u00edas. Finalmente, tras mucha lucha para salir adelante por parte de Raquel, su pareja y Valentina pudieron venir a vivir a Catalunya por la v\u00eda del reagrupamiento familiar.<\/p>\n<p>Su experiencia ahora, pues, es muy diferente a la de su primer maternidad. \u00abV\u00ednculos me ha ayudado mucho a relajarme, porque ten\u00eda muchos miedos con la crianza\u00bb, comparte Raquel. \u00abMe preguntaba si lo estaba haciendo bien o no, con dudas, como por ejemplo si era normal que G\u00e9nesis todav\u00eda no gateara a los siete meses. Aqu\u00ed me dijeron que s\u00ed, que cada ni\u00f1o o ni\u00f1a tiene su proceso evolutivo\u00bb.<\/p>\n<p>&nbsp;<\/p>\n<div id=\"attachment_15506\" style=\"width: 510px\" class=\"wp-caption aligncenter\"><img decoding=\"async\" aria-describedby=\"caption-attachment-15506\" class=\"wp-image-15506\" src=\"https:\/\/www.casaldelsinfants.org\/wp-content\/uploads\/DSC04906-scaled-1.webp\" alt=\"\" width=\"500\" height=\"281\" \/><p id=\"caption-attachment-15506\" class=\"wp-caption-text\">V\u00ednculos es un punto de encuentro y apoyo mutuo para las participantes.<\/p><\/div>\n<h2><\/h2>\n<p>&nbsp;<\/p>\n<h2>Empoderamiento de las mujeres<\/h2>\n<p>El apoyo a las mujeres de Vincles va m\u00e1s all\u00e1 de lo que tienen que ver con sus criaturas. Uno de los objetivos del servicio es que ellas <strong>se pongan en el centro<\/strong>, m\u00e1s all\u00e1 de su rol de madres. Y por ello cuentan con el Espacio Mujer, donde se dedican tiempo a s\u00ed mismas y establecen lazos entre las compa\u00f1eras. \u00abQueremos que las madres se empoderen, que recuerden que no solo son madres, que antes eran hijas, hermanas, amigas, trabajadoras&#8230; que eran muchas cosas. Que tengan un espacio respetuoso y seguro, que sea como su casa, donde se sientas acogidas y puedan abrirse tal como son\u00bb, explica Laura. As\u00ed es como lo ha vivido Raquel, que agradece contar con un espacio de confianza donde sentirse escuchada, como madre y como mujer.<\/p>\n<p>La mirada empoderadora tambi\u00e9n es hacia el <strong>futuro<\/strong>. Hacia el camino que las mujeres emprender\u00e1n despu\u00e9s de haber criado. \u00abTrabajamos aspectos como la inserci\u00f3n laboral y la formaci\u00f3n, y el aprendizaje del catal\u00e1n y el castellano. Se trata de que salgan del c\u00edrculo de la maternidad y amplien miras\u00bb, a\u00f1ade. Por todo ello, V\u00ednculos es, en definitiva, donde empieza todo. El inicio seguro y con est\u00edmulos de un itinerario vital para los ni\u00f1os y ni\u00f1as, una nueva etapa de retos y proyectos para las mujeres que los han tra\u00eddo al mundo y una trama colectiva de historias compartidas y apoyo mutuo.<\/p>\n","protected":false},"excerpt":{"rendered":"<p>&nbsp; G\u00e9nesis entr\u00f3 por primera vez en el Casal dels Infants de Badalona con siete meses, bien pegada al cuerpo de su madre, Raquel Membre\u00f1o. En todo momento necesitaba verla y sentirla cerca, como es natural en el primer a\u00f1o de vida de las criaturas. El beb\u00e9 establec\u00e9 por supervivencia el v\u00ednculo afectivo con los [&hellip;]<\/p>\n","protected":false},"author":10,"featured_media":0,"comment_status":"open","ping_status":"open","sticky":false,"template":"","format":"standard","meta":{"_acf_changed":false,"_et_pb_use_builder":"","_et_pb_old_content":"","_et_gb_content_width":"","inline_featured_image":false,"footnotes":""},"categories":[105],"tags":[],"seus":[155],"eixos":[107],"class_list":["post-15518","post","type-post","status-publish","format-standard","hentry","category-reportaje","seus-badalona","eixos-pequena-infancia"],"acf":[],"yoast_head":"<!-- This site is optimized with the Yoast SEO plugin v27.4 - https:\/\/yoast.com\/product\/yoast-seo-wordpress\/ -->\n<title>Empezar de cero en el Casal dels Infants - Casal dels Infants<\/title>\n<meta name=\"description\" content=\"El servicio V\u00ednculos ofrece a ni\u00f1os y ni\u00f1as en situaci\u00f3n de vulnerabilidad empezar de cero en el Casal dels Infants con apoyo socioeducativo\" \/>\n<meta name=\"robots\" content=\"index, follow, max-snippet:-1, max-image-preview:large, max-video-preview:-1\" \/>\n<link rel=\"canonical\" href=\"https:\/\/www.casaldelsinfants.org\/es\/actualidad\/empezar-de-cero-en-el-casal-dels-infants\/\" \/>\n<meta property=\"og:locale\" content=\"es_ES\" \/>\n<meta property=\"og:type\" content=\"article\" \/>\n<meta property=\"og:title\" content=\"Empezar de cero en el Casal dels Infants - Casal dels Infants\" \/>\n<meta property=\"og:description\" content=\"El servicio V\u00ednculos ofrece a ni\u00f1os y ni\u00f1as en situaci\u00f3n de vulnerabilidad empezar de cero en el Casal dels Infants con apoyo socioeducativo\" \/>\n<meta property=\"og:url\" content=\"https:\/\/www.casaldelsinfants.org\/es\/actualidad\/empezar-de-cero-en-el-casal-dels-infants\/\" \/>\n<meta property=\"og:site_name\" content=\"Casal dels Infants\" \/>\n<meta property=\"article:publisher\" content=\"https:\/\/www.facebook.com\/casalinfants\" \/>\n<meta property=\"article:published_time\" content=\"2023-11-10T13:49:25+00:00\" \/>\n<meta property=\"og:image\" content=\"https:\/\/www.casaldelsinfants.org\/wp-content\/uploads\/Raquel-Membreno-Casal-dels-Infants-Vincles-Badalona.webp\" \/>\n<meta name=\"author\" content=\"Pau\" \/>\n<meta name=\"twitter:card\" content=\"summary_large_image\" \/>\n<meta name=\"twitter:creator\" content=\"@casalinfants\" \/>\n<meta name=\"twitter:site\" content=\"@casalinfants\" \/>\n<meta name=\"twitter:label1\" content=\"Escrito por\" \/>\n\t<meta name=\"twitter:data1\" content=\"Pau\" \/>\n\t<meta name=\"twitter:label2\" content=\"Tiempo de lectura\" \/>\n\t<meta name=\"twitter:data2\" content=\"7 minutos\" \/>\n<script type=\"application\/ld+json\" class=\"yoast-schema-graph\">{\"@context\":\"https:\\\/\\\/schema.org\",\"@graph\":[{\"@type\":\"Article\",\"@id\":\"https:\\\/\\\/www.casaldelsinfants.org\\\/es\\\/actualidad\\\/empezar-de-cero-en-el-casal-dels-infants\\\/#article\",\"isPartOf\":{\"@id\":\"https:\\\/\\\/www.casaldelsinfants.org\\\/es\\\/actualidad\\\/empezar-de-cero-en-el-casal-dels-infants\\\/\"},\"author\":{\"name\":\"Pau\",\"@id\":\"https:\\\/\\\/www.casaldelsinfants.org\\\/es\\\/#\\\/schema\\\/person\\\/2ef4311d50d338a60b5e32ef2d303033\"},\"headline\":\"Empezar de cero en el Casal dels Infants\",\"datePublished\":\"2023-11-10T13:49:25+00:00\",\"mainEntityOfPage\":{\"@id\":\"https:\\\/\\\/www.casaldelsinfants.org\\\/es\\\/actualidad\\\/empezar-de-cero-en-el-casal-dels-infants\\\/\"},\"wordCount\":1275,\"commentCount\":0,\"publisher\":{\"@id\":\"https:\\\/\\\/www.casaldelsinfants.org\\\/es\\\/#organization\"},\"image\":{\"@id\":\"https:\\\/\\\/www.casaldelsinfants.org\\\/es\\\/actualidad\\\/empezar-de-cero-en-el-casal-dels-infants\\\/#primaryimage\"},\"thumbnailUrl\":\"https:\\\/\\\/www.casaldelsinfants.org\\\/wp-content\\\/uploads\\\/Raquel-Membreno-Casal-dels-Infants-Vincles-Badalona.webp\",\"articleSection\":[\"Reportaje\"],\"inLanguage\":\"es\",\"potentialAction\":[{\"@type\":\"CommentAction\",\"name\":\"Comment\",\"target\":[\"https:\\\/\\\/www.casaldelsinfants.org\\\/es\\\/actualidad\\\/empezar-de-cero-en-el-casal-dels-infants\\\/#respond\"]}]},{\"@type\":\"WebPage\",\"@id\":\"https:\\\/\\\/www.casaldelsinfants.org\\\/es\\\/actualidad\\\/empezar-de-cero-en-el-casal-dels-infants\\\/\",\"url\":\"https:\\\/\\\/www.casaldelsinfants.org\\\/es\\\/actualidad\\\/empezar-de-cero-en-el-casal-dels-infants\\\/\",\"name\":\"Empezar de cero en el Casal dels Infants - Casal dels Infants\",\"isPartOf\":{\"@id\":\"https:\\\/\\\/www.casaldelsinfants.org\\\/es\\\/#website\"},\"primaryImageOfPage\":{\"@id\":\"https:\\\/\\\/www.casaldelsinfants.org\\\/es\\\/actualidad\\\/empezar-de-cero-en-el-casal-dels-infants\\\/#primaryimage\"},\"image\":{\"@id\":\"https:\\\/\\\/www.casaldelsinfants.org\\\/es\\\/actualidad\\\/empezar-de-cero-en-el-casal-dels-infants\\\/#primaryimage\"},\"thumbnailUrl\":\"https:\\\/\\\/www.casaldelsinfants.org\\\/wp-content\\\/uploads\\\/Raquel-Membreno-Casal-dels-Infants-Vincles-Badalona.webp\",\"datePublished\":\"2023-11-10T13:49:25+00:00\",\"description\":\"El servicio V\u00ednculos ofrece a ni\u00f1os y ni\u00f1as en situaci\u00f3n de vulnerabilidad empezar de cero en el Casal dels Infants con apoyo socioeducativo\",\"breadcrumb\":{\"@id\":\"https:\\\/\\\/www.casaldelsinfants.org\\\/es\\\/actualidad\\\/empezar-de-cero-en-el-casal-dels-infants\\\/#breadcrumb\"},\"inLanguage\":\"es\",\"potentialAction\":[{\"@type\":\"ReadAction\",\"target\":[\"https:\\\/\\\/www.casaldelsinfants.org\\\/es\\\/actualidad\\\/empezar-de-cero-en-el-casal-dels-infants\\\/\"]}]},{\"@type\":\"ImageObject\",\"inLanguage\":\"es\",\"@id\":\"https:\\\/\\\/www.casaldelsinfants.org\\\/es\\\/actualidad\\\/empezar-de-cero-en-el-casal-dels-infants\\\/#primaryimage\",\"url\":\"https:\\\/\\\/www.casaldelsinfants.org\\\/wp-content\\\/uploads\\\/Raquel-Membreno-Casal-dels-Infants-Vincles-Badalona.webp\",\"contentUrl\":\"https:\\\/\\\/www.casaldelsinfants.org\\\/wp-content\\\/uploads\\\/Raquel-Membreno-Casal-dels-Infants-Vincles-Badalona.webp\"},{\"@type\":\"BreadcrumbList\",\"@id\":\"https:\\\/\\\/www.casaldelsinfants.org\\\/es\\\/actualidad\\\/empezar-de-cero-en-el-casal-dels-infants\\\/#breadcrumb\",\"itemListElement\":[{\"@type\":\"ListItem\",\"position\":1,\"name\":\"Inici\",\"item\":\"https:\\\/\\\/www.casaldelsinfants.org\\\/es\\\/\"},{\"@type\":\"ListItem\",\"position\":2,\"name\":\"Empezar de cero en el Casal dels Infants\"}]},{\"@type\":\"WebSite\",\"@id\":\"https:\\\/\\\/www.casaldelsinfants.org\\\/es\\\/#website\",\"url\":\"https:\\\/\\\/www.casaldelsinfants.org\\\/es\\\/\",\"name\":\"Casal dels Infants\",\"description\":\"\",\"publisher\":{\"@id\":\"https:\\\/\\\/www.casaldelsinfants.org\\\/es\\\/#organization\"},\"potentialAction\":[{\"@type\":\"SearchAction\",\"target\":{\"@type\":\"EntryPoint\",\"urlTemplate\":\"https:\\\/\\\/www.casaldelsinfants.org\\\/es\\\/?s={search_term_string}\"},\"query-input\":{\"@type\":\"PropertyValueSpecification\",\"valueRequired\":true,\"valueName\":\"search_term_string\"}}],\"inLanguage\":\"es\"},{\"@type\":\"Organization\",\"@id\":\"https:\\\/\\\/www.casaldelsinfants.org\\\/es\\\/#organization\",\"name\":\"Casal dels Infants\",\"url\":\"https:\\\/\\\/www.casaldelsinfants.org\\\/es\\\/\",\"logo\":{\"@type\":\"ImageObject\",\"inLanguage\":\"es\",\"@id\":\"https:\\\/\\\/www.casaldelsinfants.org\\\/es\\\/#\\\/schema\\\/logo\\\/image\\\/\",\"url\":\"https:\\\/\\\/www.casaldelsinfants.org\\\/wp-content\\\/uploads\\\/logo-mail.png\",\"contentUrl\":\"https:\\\/\\\/www.casaldelsinfants.org\\\/wp-content\\\/uploads\\\/logo-mail.png\",\"width\":380,\"height\":158,\"caption\":\"Casal dels Infants\"},\"image\":{\"@id\":\"https:\\\/\\\/www.casaldelsinfants.org\\\/es\\\/#\\\/schema\\\/logo\\\/image\\\/\"},\"sameAs\":[\"https:\\\/\\\/www.facebook.com\\\/casalinfants\",\"https:\\\/\\\/x.com\\\/casalinfants\",\"https:\\\/\\\/www.youtube.com\\\/user\\\/CasaldelsInfants1\",\"https:\\\/\\\/www.instagram.com\\\/casalinfants\\\/\",\"https:\\\/\\\/www.linkedin.com\\\/company\\\/casaldelsinfants?trk=organization-update_share-update_actor-text\"]},{\"@type\":\"Person\",\"@id\":\"https:\\\/\\\/www.casaldelsinfants.org\\\/es\\\/#\\\/schema\\\/person\\\/2ef4311d50d338a60b5e32ef2d303033\",\"name\":\"Pau\"}]}<\/script>\n<!-- \/ Yoast SEO plugin. -->","yoast_head_json":{"title":"Empezar de cero en el Casal dels Infants - Casal dels Infants","description":"El servicio V\u00ednculos ofrece a ni\u00f1os y ni\u00f1as en situaci\u00f3n de vulnerabilidad empezar de cero en el Casal dels Infants con apoyo socioeducativo","robots":{"index":"index","follow":"follow","max-snippet":"max-snippet:-1","max-image-preview":"max-image-preview:large","max-video-preview":"max-video-preview:-1"},"canonical":"https:\/\/www.casaldelsinfants.org\/es\/actualidad\/empezar-de-cero-en-el-casal-dels-infants\/","og_locale":"es_ES","og_type":"article","og_title":"Empezar de cero en el Casal dels Infants - Casal dels Infants","og_description":"El servicio V\u00ednculos ofrece a ni\u00f1os y ni\u00f1as en situaci\u00f3n de vulnerabilidad empezar de cero en el Casal dels Infants con apoyo socioeducativo","og_url":"https:\/\/www.casaldelsinfants.org\/es\/actualidad\/empezar-de-cero-en-el-casal-dels-infants\/","og_site_name":"Casal dels Infants","article_publisher":"https:\/\/www.facebook.com\/casalinfants","article_published_time":"2023-11-10T13:49:25+00:00","og_image":[{"url":"https:\/\/www.casaldelsinfants.org\/wp-content\/uploads\/Raquel-Membreno-Casal-dels-Infants-Vincles-Badalona.webp","type":"","width":"","height":""}],"author":"Pau","twitter_card":"summary_large_image","twitter_creator":"@casalinfants","twitter_site":"@casalinfants","twitter_misc":{"Escrito por":"Pau","Tiempo de lectura":"7 minutos"},"schema":{"@context":"https:\/\/schema.org","@graph":[{"@type":"Article","@id":"https:\/\/www.casaldelsinfants.org\/es\/actualidad\/empezar-de-cero-en-el-casal-dels-infants\/#article","isPartOf":{"@id":"https:\/\/www.casaldelsinfants.org\/es\/actualidad\/empezar-de-cero-en-el-casal-dels-infants\/"},"author":{"name":"Pau","@id":"https:\/\/www.casaldelsinfants.org\/es\/#\/schema\/person\/2ef4311d50d338a60b5e32ef2d303033"},"headline":"Empezar de cero en el Casal dels Infants","datePublished":"2023-11-10T13:49:25+00:00","mainEntityOfPage":{"@id":"https:\/\/www.casaldelsinfants.org\/es\/actualidad\/empezar-de-cero-en-el-casal-dels-infants\/"},"wordCount":1275,"commentCount":0,"publisher":{"@id":"https:\/\/www.casaldelsinfants.org\/es\/#organization"},"image":{"@id":"https:\/\/www.casaldelsinfants.org\/es\/actualidad\/empezar-de-cero-en-el-casal-dels-infants\/#primaryimage"},"thumbnailUrl":"https:\/\/www.casaldelsinfants.org\/wp-content\/uploads\/Raquel-Membreno-Casal-dels-Infants-Vincles-Badalona.webp","articleSection":["Reportaje"],"inLanguage":"es","potentialAction":[{"@type":"CommentAction","name":"Comment","target":["https:\/\/www.casaldelsinfants.org\/es\/actualidad\/empezar-de-cero-en-el-casal-dels-infants\/#respond"]}]},{"@type":"WebPage","@id":"https:\/\/www.casaldelsinfants.org\/es\/actualidad\/empezar-de-cero-en-el-casal-dels-infants\/","url":"https:\/\/www.casaldelsinfants.org\/es\/actualidad\/empezar-de-cero-en-el-casal-dels-infants\/","name":"Empezar de cero en el Casal dels Infants - Casal dels Infants","isPartOf":{"@id":"https:\/\/www.casaldelsinfants.org\/es\/#website"},"primaryImageOfPage":{"@id":"https:\/\/www.casaldelsinfants.org\/es\/actualidad\/empezar-de-cero-en-el-casal-dels-infants\/#primaryimage"},"image":{"@id":"https:\/\/www.casaldelsinfants.org\/es\/actualidad\/empezar-de-cero-en-el-casal-dels-infants\/#primaryimage"},"thumbnailUrl":"https:\/\/www.casaldelsinfants.org\/wp-content\/uploads\/Raquel-Membreno-Casal-dels-Infants-Vincles-Badalona.webp","datePublished":"2023-11-10T13:49:25+00:00","description":"El servicio V\u00ednculos ofrece a ni\u00f1os y ni\u00f1as en situaci\u00f3n de vulnerabilidad empezar de cero en el Casal dels Infants con apoyo socioeducativo","breadcrumb":{"@id":"https:\/\/www.casaldelsinfants.org\/es\/actualidad\/empezar-de-cero-en-el-casal-dels-infants\/#breadcrumb"},"inLanguage":"es","potentialAction":[{"@type":"ReadAction","target":["https:\/\/www.casaldelsinfants.org\/es\/actualidad\/empezar-de-cero-en-el-casal-dels-infants\/"]}]},{"@type":"ImageObject","inLanguage":"es","@id":"https:\/\/www.casaldelsinfants.org\/es\/actualidad\/empezar-de-cero-en-el-casal-dels-infants\/#primaryimage","url":"https:\/\/www.casaldelsinfants.org\/wp-content\/uploads\/Raquel-Membreno-Casal-dels-Infants-Vincles-Badalona.webp","contentUrl":"https:\/\/www.casaldelsinfants.org\/wp-content\/uploads\/Raquel-Membreno-Casal-dels-Infants-Vincles-Badalona.webp"},{"@type":"BreadcrumbList","@id":"https:\/\/www.casaldelsinfants.org\/es\/actualidad\/empezar-de-cero-en-el-casal-dels-infants\/#breadcrumb","itemListElement":[{"@type":"ListItem","position":1,"name":"Inici","item":"https:\/\/www.casaldelsinfants.org\/es\/"},{"@type":"ListItem","position":2,"name":"Empezar de cero en el Casal dels Infants"}]},{"@type":"WebSite","@id":"https:\/\/www.casaldelsinfants.org\/es\/#website","url":"https:\/\/www.casaldelsinfants.org\/es\/","name":"Casal dels Infants","description":"","publisher":{"@id":"https:\/\/www.casaldelsinfants.org\/es\/#organization"},"potentialAction":[{"@type":"SearchAction","target":{"@type":"EntryPoint","urlTemplate":"https:\/\/www.casaldelsinfants.org\/es\/?s={search_term_string}"},"query-input":{"@type":"PropertyValueSpecification","valueRequired":true,"valueName":"search_term_string"}}],"inLanguage":"es"},{"@type":"Organization","@id":"https:\/\/www.casaldelsinfants.org\/es\/#organization","name":"Casal dels Infants","url":"https:\/\/www.casaldelsinfants.org\/es\/","logo":{"@type":"ImageObject","inLanguage":"es","@id":"https:\/\/www.casaldelsinfants.org\/es\/#\/schema\/logo\/image\/","url":"https:\/\/www.casaldelsinfants.org\/wp-content\/uploads\/logo-mail.png","contentUrl":"https:\/\/www.casaldelsinfants.org\/wp-content\/uploads\/logo-mail.png","width":380,"height":158,"caption":"Casal dels Infants"},"image":{"@id":"https:\/\/www.casaldelsinfants.org\/es\/#\/schema\/logo\/image\/"},"sameAs":["https:\/\/www.facebook.com\/casalinfants","https:\/\/x.com\/casalinfants","https:\/\/www.youtube.com\/user\/CasaldelsInfants1","https:\/\/www.instagram.com\/casalinfants\/","https:\/\/www.linkedin.com\/company\/casaldelsinfants?trk=organization-update_share-update_actor-text"]},{"@type":"Person","@id":"https:\/\/www.casaldelsinfants.org\/es\/#\/schema\/person\/2ef4311d50d338a60b5e32ef2d303033","name":"Pau"}]}},"publishpress_future_action":{"enabled":false,"date":"2026-05-07 06:05:40","action":"change-status","newStatus":"draft","terms":[],"taxonomy":"category","extraData":[]},"publishpress_future_workflow_manual_trigger":{"enabledWorkflows":[]},"_links":{"self":[{"href":"https:\/\/www.casaldelsinfants.org\/es\/wp-json\/wp\/v2\/posts\/15518","targetHints":{"allow":["GET"]}}],"collection":[{"href":"https:\/\/www.casaldelsinfants.org\/es\/wp-json\/wp\/v2\/posts"}],"about":[{"href":"https:\/\/www.casaldelsinfants.org\/es\/wp-json\/wp\/v2\/types\/post"}],"author":[{"embeddable":true,"href":"https:\/\/www.casaldelsinfants.org\/es\/wp-json\/wp\/v2\/users\/10"}],"replies":[{"embeddable":true,"href":"https:\/\/www.casaldelsinfants.org\/es\/wp-json\/wp\/v2\/comments?post=15518"}],"version-history":[{"count":1,"href":"https:\/\/www.casaldelsinfants.org\/es\/wp-json\/wp\/v2\/posts\/15518\/revisions"}],"predecessor-version":[{"id":15522,"href":"https:\/\/www.casaldelsinfants.org\/es\/wp-json\/wp\/v2\/posts\/15518\/revisions\/15522"}],"wp:attachment":[{"href":"https:\/\/www.casaldelsinfants.org\/es\/wp-json\/wp\/v2\/media?parent=15518"}],"wp:term":[{"taxonomy":"category","embeddable":true,"href":"https:\/\/www.casaldelsinfants.org\/es\/wp-json\/wp\/v2\/categories?post=15518"},{"taxonomy":"post_tag","embeddable":true,"href":"https:\/\/www.casaldelsinfants.org\/es\/wp-json\/wp\/v2\/tags?post=15518"},{"taxonomy":"seus","embeddable":true,"href":"https:\/\/www.casaldelsinfants.org\/es\/wp-json\/wp\/v2\/seus?post=15518"},{"taxonomy":"eixos","embeddable":true,"href":"https:\/\/www.casaldelsinfants.org\/es\/wp-json\/wp\/v2\/eixos?post=15518"}],"curies":[{"name":"wp","href":"https:\/\/api.w.org\/{rel}","templated":true}]}}