{"id":16282,"date":"2023-11-28T11:05:38","date_gmt":"2023-11-28T09:05:38","guid":{"rendered":"https:\/\/www.casaldelsinfants.org\/?p=16282"},"modified":"2023-11-28T11:05:38","modified_gmt":"2023-11-28T09:05:38","slug":"entrevistascocacola","status":"publish","type":"post","link":"https:\/\/www.casaldelsinfants.org\/es\/actualidad\/entrevistascocacola\/","title":{"rendered":"Practicar entrevistas con el equipo de Coca-Cola"},"content":{"rendered":"<p><span style=\"font-weight: 400;\">Chicos y chicas participantes de <\/span><span style=\"font-weight: 400;\"><a href=\"https:\/\/www.casaldelsinfants.org\/actualitat\/presentacioocelldefoc\/\" target=\"_blank\" rel=\"noopener\">Ocell de Foc-Tangram<\/a>, programa del Departament d\u2019Empresa i Treball de la Generalitat de Catalunya <strong>centrado en el bienestar y salud mental de los y las j\u00f3venes,\u00a0<\/strong>visitaron la f\u00e1brica de Coca-Cola en Martorelles. All\u00ed, conocieron la empresa y participaron en una <strong>din\u00e1mica de Speed Dating donde practicaron las entrevistas laborales<\/strong>. La actividad formaba parte de uno de los ejes del programa, centrado en la b\u00fasqueda de trabajo.\u00a0<\/span><\/p>\n<p>Los chicos y chicas que participaron, de entre 18 y 24 a\u00f1os y con poca experiencia laboral y en entrevistas de trabajo. fueron recibidos por un <strong>grupo de trabajadores y trabajadoras de Coca-Cola<\/strong>. Estos les explic\u00f3 el funcionamiento de la f\u00e1brica y la empresa y les ense\u00f1aron las instalaciones, los espacios de trabajo y los diferentes departamentos.<\/p>\n<p>&nbsp;<\/p>\n<h2>Din\u00e1mica Speed Dating de entrevistas laborales en Coca-Cola<\/h2>\n<p><span style=\"font-weight: 400;\">Despu\u00e9s, pasaron a la din\u00e1mica del Speed Dating. Esta es una manera para los y las j\u00f3venes de <strong>practicar simulaciones de entrevistas de trabajo<\/strong> en un ambiente laboral. Para llevarlo a cabo, el grupo de trabajadores y trabajadoras se hab\u00edan presentado previamente como voluntarios para formar parte de la actividad, y recibieron formaci\u00f3n para hacer entrevistas de trabajo.<\/span><\/p>\n<p><img decoding=\"async\" class=\" wp-image-16277 aligncenter\" src=\"https:\/\/www.casaldelsinfants.org\/wp-content\/uploads\/WhatsApp-Image-2023-11-27-at-11.39.42-2.webp\" alt=\"Pr\u00e0ctiques d'entrevistes laborals.\" width=\"860\" height=\"548\" \/><\/p>\n<p><span style=\"font-weight: 400;\">La din\u00e1mica empez\u00f3 con una ronda de presentaciones, y dos rondas de entrevistas. Por tanto, cada joven fue entrevistado dos veces. <strong>La entrevista duraba diez minutos<\/strong>, seguida de cinco minutos m\u00e1s porque el entrevistador hiciera una valoraci\u00f3n. Al final de las tres rondas, j\u00f3venes y personas voluntarias de la empresa se juntaron para compartir sensaciones y reflexiones en com\u00fan.\u00a0<\/span><\/p>\n<p>\u00ab<strong>Los voluntarios de Coca-Cola ten\u00edan muchas ganas de participar, y los chicos y chicas salieron muy contentos<\/strong>. Se cre\u00f3 un ambiente muy familiar y les dieron muy buenos consejos. Tambi\u00e9n pudieron conocer los testimonios de trabajadores que empezaron con poca experiencia y con los a\u00f1os crecieron dentro de la empresa y ascendiendo de cargo\u00bb, valora Carla Busquets, educadora social de <span style=\"font-weight: 400;\">Ocell de Foc-Tangram.\u00a0<\/span><\/p>\n<p><span style=\"font-weight: 400;\">Ocell de Foc-Tangram es el nombre del programa del nuclio Barcelon\u00e8s Nord 2. Act\u00faa en los barrios badaloninos de<\/span><span style=\"font-weight: 400;\"> Llefi\u00e0 y Pomar de Dalt, los barrios Nord, Bes\u00f2s, La Mina y La Catalana de Sant Adri\u00e0 de Bes\u00f2s, y el municipio de Santa Coloma de Gramenet. El nuclio est\u00e1 formado por cinco entidades (<strong>Centre Obert Rialles, Fundaci\u00f3 Tallers, ISOM, Federaci\u00f3 Salut Mental Catalunya<\/strong> y<strong>\u00a0el Casal dels Infants<\/strong>), de las cuales el Casal es la entidad gu\u00eda.\u00a0<\/span><\/p>\n","protected":false},"excerpt":{"rendered":"<p>Chicos y chicas participantes de Ocell de Foc-Tangram, programa del Departament d\u2019Empresa i Treball de la Generalitat de Catalunya centrado en el bienestar y salud mental de los y las j\u00f3venes,\u00a0visitaron la f\u00e1brica de Coca-Cola en Martorelles. All\u00ed, conocieron la empresa y participaron en una din\u00e1mica de Speed Dating donde practicaron las entrevistas laborales. La [&hellip;]<\/p>\n","protected":false},"author":9,"featured_media":16276,"comment_status":"open","ping_status":"open","sticky":false,"template":"","format":"standard","meta":{"_acf_changed":false,"_et_pb_use_builder":"","_et_pb_old_content":"","_et_gb_content_width":"","inline_featured_image":false,"footnotes":""},"categories":[125],"tags":[],"seus":[],"eixos":[102],"class_list":["post-16282","post","type-post","status-publish","format-standard","has-post-thumbnail","hentry","category-noticias","eixos-jovenes"],"acf":[],"yoast_head":"<!-- This site is optimized with the Yoast SEO plugin v27.4 - https:\/\/yoast.com\/product\/yoast-seo-wordpress\/ -->\n<title>Practicar entrevistas con el equipo de Coca-Cola - Casal dels Infants<\/title>\n<meta name=\"description\" content=\"Participantes de Ocell de Foc-Tangram visitaron la f\u00e1brica de Coca-Cola y practicaron las entrevistas laborales.\" \/>\n<meta name=\"robots\" content=\"index, follow, max-snippet:-1, max-image-preview:large, max-video-preview:-1\" \/>\n<link rel=\"canonical\" href=\"https:\/\/www.casaldelsinfants.org\/es\/actualidad\/entrevistascocacola\/\" \/>\n<meta property=\"og:locale\" content=\"es_ES\" \/>\n<meta property=\"og:type\" content=\"article\" \/>\n<meta property=\"og:title\" content=\"Practicar entrevistas con el equipo de Coca-Cola - Casal dels Infants\" \/>\n<meta property=\"og:description\" content=\"Participantes de Ocell de Foc-Tangram visitaron la f\u00e1brica de Coca-Cola y practicaron las entrevistas laborales.\" \/>\n<meta property=\"og:url\" content=\"https:\/\/www.casaldelsinfants.org\/es\/actualidad\/entrevistascocacola\/\" \/>\n<meta property=\"og:site_name\" content=\"Casal dels Infants\" \/>\n<meta property=\"article:publisher\" content=\"https:\/\/www.facebook.com\/casalinfants\" \/>\n<meta property=\"article:published_time\" content=\"2023-11-28T09:05:38+00:00\" \/>\n<meta property=\"og:image\" content=\"https:\/\/www.casaldelsinfants.org\/wp-content\/uploads\/WhatsApp-Image-2023-11-27-at-11.39.42-1-1.webp\" \/>\n\t<meta property=\"og:image:width\" content=\"1381\" \/>\n\t<meta property=\"og:image:height\" content=\"1058\" \/>\n\t<meta property=\"og:image:type\" content=\"image\/jpeg\" \/>\n<meta name=\"author\" content=\"julia\" \/>\n<meta name=\"twitter:card\" content=\"summary_large_image\" \/>\n<meta name=\"twitter:creator\" content=\"@casalinfants\" \/>\n<meta name=\"twitter:site\" content=\"@casalinfants\" \/>\n<meta name=\"twitter:label1\" content=\"Escrito por\" \/>\n\t<meta name=\"twitter:data1\" content=\"julia\" \/>\n\t<meta name=\"twitter:label2\" content=\"Tiempo de lectura\" \/>\n\t<meta name=\"twitter:data2\" content=\"3 minutos\" \/>\n<script type=\"application\/ld+json\" class=\"yoast-schema-graph\">{\"@context\":\"https:\\\/\\\/schema.org\",\"@graph\":[{\"@type\":\"Article\",\"@id\":\"https:\\\/\\\/www.casaldelsinfants.org\\\/es\\\/actualidad\\\/entrevistascocacola\\\/#article\",\"isPartOf\":{\"@id\":\"https:\\\/\\\/www.casaldelsinfants.org\\\/es\\\/actualidad\\\/entrevistascocacola\\\/\"},\"author\":{\"name\":\"julia\",\"@id\":\"https:\\\/\\\/www.casaldelsinfants.org\\\/es\\\/#\\\/schema\\\/person\\\/e870791b50f03fd60f872e1cd83910fc\"},\"headline\":\"Practicar entrevistas con el equipo de Coca-Cola\",\"datePublished\":\"2023-11-28T09:05:38+00:00\",\"mainEntityOfPage\":{\"@id\":\"https:\\\/\\\/www.casaldelsinfants.org\\\/es\\\/actualidad\\\/entrevistascocacola\\\/\"},\"wordCount\":426,\"commentCount\":0,\"publisher\":{\"@id\":\"https:\\\/\\\/www.casaldelsinfants.org\\\/es\\\/#organization\"},\"image\":{\"@id\":\"https:\\\/\\\/www.casaldelsinfants.org\\\/es\\\/actualidad\\\/entrevistascocacola\\\/#primaryimage\"},\"thumbnailUrl\":\"https:\\\/\\\/www.casaldelsinfants.org\\\/wp-content\\\/uploads\\\/WhatsApp-Image-2023-11-27-at-11.39.42-1-1.webp\",\"articleSection\":[\"Noticia\"],\"inLanguage\":\"es\",\"potentialAction\":[{\"@type\":\"CommentAction\",\"name\":\"Comment\",\"target\":[\"https:\\\/\\\/www.casaldelsinfants.org\\\/es\\\/actualidad\\\/entrevistascocacola\\\/#respond\"]}]},{\"@type\":\"WebPage\",\"@id\":\"https:\\\/\\\/www.casaldelsinfants.org\\\/es\\\/actualidad\\\/entrevistascocacola\\\/\",\"url\":\"https:\\\/\\\/www.casaldelsinfants.org\\\/es\\\/actualidad\\\/entrevistascocacola\\\/\",\"name\":\"Practicar entrevistas con el equipo de Coca-Cola - Casal dels Infants\",\"isPartOf\":{\"@id\":\"https:\\\/\\\/www.casaldelsinfants.org\\\/es\\\/#website\"},\"primaryImageOfPage\":{\"@id\":\"https:\\\/\\\/www.casaldelsinfants.org\\\/es\\\/actualidad\\\/entrevistascocacola\\\/#primaryimage\"},\"image\":{\"@id\":\"https:\\\/\\\/www.casaldelsinfants.org\\\/es\\\/actualidad\\\/entrevistascocacola\\\/#primaryimage\"},\"thumbnailUrl\":\"https:\\\/\\\/www.casaldelsinfants.org\\\/wp-content\\\/uploads\\\/WhatsApp-Image-2023-11-27-at-11.39.42-1-1.webp\",\"datePublished\":\"2023-11-28T09:05:38+00:00\",\"description\":\"Participantes de Ocell de Foc-Tangram visitaron la f\u00e1brica de Coca-Cola y practicaron las entrevistas laborales.\",\"breadcrumb\":{\"@id\":\"https:\\\/\\\/www.casaldelsinfants.org\\\/es\\\/actualidad\\\/entrevistascocacola\\\/#breadcrumb\"},\"inLanguage\":\"es\",\"potentialAction\":[{\"@type\":\"ReadAction\",\"target\":[\"https:\\\/\\\/www.casaldelsinfants.org\\\/es\\\/actualidad\\\/entrevistascocacola\\\/\"]}]},{\"@type\":\"ImageObject\",\"inLanguage\":\"es\",\"@id\":\"https:\\\/\\\/www.casaldelsinfants.org\\\/es\\\/actualidad\\\/entrevistascocacola\\\/#primaryimage\",\"url\":\"https:\\\/\\\/www.casaldelsinfants.org\\\/wp-content\\\/uploads\\\/WhatsApp-Image-2023-11-27-at-11.39.42-1-1.webp\",\"contentUrl\":\"https:\\\/\\\/www.casaldelsinfants.org\\\/wp-content\\\/uploads\\\/WhatsApp-Image-2023-11-27-at-11.39.42-1-1.webp\",\"width\":1381,\"height\":1058,\"caption\":\"Treballadors de Coca-Cola i joves participants d'Ocell de Foc Tangram.\"},{\"@type\":\"BreadcrumbList\",\"@id\":\"https:\\\/\\\/www.casaldelsinfants.org\\\/es\\\/actualidad\\\/entrevistascocacola\\\/#breadcrumb\",\"itemListElement\":[{\"@type\":\"ListItem\",\"position\":1,\"name\":\"Inici\",\"item\":\"https:\\\/\\\/www.casaldelsinfants.org\\\/es\\\/\"},{\"@type\":\"ListItem\",\"position\":2,\"name\":\"Practicar entrevistas con el equipo de Coca-Cola\"}]},{\"@type\":\"WebSite\",\"@id\":\"https:\\\/\\\/www.casaldelsinfants.org\\\/es\\\/#website\",\"url\":\"https:\\\/\\\/www.casaldelsinfants.org\\\/es\\\/\",\"name\":\"Casal dels Infants\",\"description\":\"\",\"publisher\":{\"@id\":\"https:\\\/\\\/www.casaldelsinfants.org\\\/es\\\/#organization\"},\"potentialAction\":[{\"@type\":\"SearchAction\",\"target\":{\"@type\":\"EntryPoint\",\"urlTemplate\":\"https:\\\/\\\/www.casaldelsinfants.org\\\/es\\\/?s={search_term_string}\"},\"query-input\":{\"@type\":\"PropertyValueSpecification\",\"valueRequired\":true,\"valueName\":\"search_term_string\"}}],\"inLanguage\":\"es\"},{\"@type\":\"Organization\",\"@id\":\"https:\\\/\\\/www.casaldelsinfants.org\\\/es\\\/#organization\",\"name\":\"Casal dels Infants\",\"url\":\"https:\\\/\\\/www.casaldelsinfants.org\\\/es\\\/\",\"logo\":{\"@type\":\"ImageObject\",\"inLanguage\":\"es\",\"@id\":\"https:\\\/\\\/www.casaldelsinfants.org\\\/es\\\/#\\\/schema\\\/logo\\\/image\\\/\",\"url\":\"https:\\\/\\\/www.casaldelsinfants.org\\\/wp-content\\\/uploads\\\/logo-mail.png\",\"contentUrl\":\"https:\\\/\\\/www.casaldelsinfants.org\\\/wp-content\\\/uploads\\\/logo-mail.png\",\"width\":380,\"height\":158,\"caption\":\"Casal dels Infants\"},\"image\":{\"@id\":\"https:\\\/\\\/www.casaldelsinfants.org\\\/es\\\/#\\\/schema\\\/logo\\\/image\\\/\"},\"sameAs\":[\"https:\\\/\\\/www.facebook.com\\\/casalinfants\",\"https:\\\/\\\/x.com\\\/casalinfants\",\"https:\\\/\\\/www.youtube.com\\\/user\\\/CasaldelsInfants1\",\"https:\\\/\\\/www.instagram.com\\\/casalinfants\\\/\",\"https:\\\/\\\/www.linkedin.com\\\/company\\\/casaldelsinfants?trk=organization-update_share-update_actor-text\"]},{\"@type\":\"Person\",\"@id\":\"https:\\\/\\\/www.casaldelsinfants.org\\\/es\\\/#\\\/schema\\\/person\\\/e870791b50f03fd60f872e1cd83910fc\",\"name\":\"julia\"}]}<\/script>\n<!-- \/ Yoast SEO plugin. -->","yoast_head_json":{"title":"Practicar entrevistas con el equipo de Coca-Cola - Casal dels Infants","description":"Participantes de Ocell de Foc-Tangram visitaron la f\u00e1brica de Coca-Cola y practicaron las entrevistas laborales.","robots":{"index":"index","follow":"follow","max-snippet":"max-snippet:-1","max-image-preview":"max-image-preview:large","max-video-preview":"max-video-preview:-1"},"canonical":"https:\/\/www.casaldelsinfants.org\/es\/actualidad\/entrevistascocacola\/","og_locale":"es_ES","og_type":"article","og_title":"Practicar entrevistas con el equipo de Coca-Cola - Casal dels Infants","og_description":"Participantes de Ocell de Foc-Tangram visitaron la f\u00e1brica de Coca-Cola y practicaron las entrevistas laborales.","og_url":"https:\/\/www.casaldelsinfants.org\/es\/actualidad\/entrevistascocacola\/","og_site_name":"Casal dels Infants","article_publisher":"https:\/\/www.facebook.com\/casalinfants","article_published_time":"2023-11-28T09:05:38+00:00","og_image":[{"width":1381,"height":1058,"url":"https:\/\/www.casaldelsinfants.org\/wp-content\/uploads\/WhatsApp-Image-2023-11-27-at-11.39.42-1-1.webp","type":"image\/jpeg"}],"author":"julia","twitter_card":"summary_large_image","twitter_creator":"@casalinfants","twitter_site":"@casalinfants","twitter_misc":{"Escrito por":"julia","Tiempo de lectura":"3 minutos"},"schema":{"@context":"https:\/\/schema.org","@graph":[{"@type":"Article","@id":"https:\/\/www.casaldelsinfants.org\/es\/actualidad\/entrevistascocacola\/#article","isPartOf":{"@id":"https:\/\/www.casaldelsinfants.org\/es\/actualidad\/entrevistascocacola\/"},"author":{"name":"julia","@id":"https:\/\/www.casaldelsinfants.org\/es\/#\/schema\/person\/e870791b50f03fd60f872e1cd83910fc"},"headline":"Practicar entrevistas con el equipo de Coca-Cola","datePublished":"2023-11-28T09:05:38+00:00","mainEntityOfPage":{"@id":"https:\/\/www.casaldelsinfants.org\/es\/actualidad\/entrevistascocacola\/"},"wordCount":426,"commentCount":0,"publisher":{"@id":"https:\/\/www.casaldelsinfants.org\/es\/#organization"},"image":{"@id":"https:\/\/www.casaldelsinfants.org\/es\/actualidad\/entrevistascocacola\/#primaryimage"},"thumbnailUrl":"https:\/\/www.casaldelsinfants.org\/wp-content\/uploads\/WhatsApp-Image-2023-11-27-at-11.39.42-1-1.webp","articleSection":["Noticia"],"inLanguage":"es","potentialAction":[{"@type":"CommentAction","name":"Comment","target":["https:\/\/www.casaldelsinfants.org\/es\/actualidad\/entrevistascocacola\/#respond"]}]},{"@type":"WebPage","@id":"https:\/\/www.casaldelsinfants.org\/es\/actualidad\/entrevistascocacola\/","url":"https:\/\/www.casaldelsinfants.org\/es\/actualidad\/entrevistascocacola\/","name":"Practicar entrevistas con el equipo de Coca-Cola - Casal dels Infants","isPartOf":{"@id":"https:\/\/www.casaldelsinfants.org\/es\/#website"},"primaryImageOfPage":{"@id":"https:\/\/www.casaldelsinfants.org\/es\/actualidad\/entrevistascocacola\/#primaryimage"},"image":{"@id":"https:\/\/www.casaldelsinfants.org\/es\/actualidad\/entrevistascocacola\/#primaryimage"},"thumbnailUrl":"https:\/\/www.casaldelsinfants.org\/wp-content\/uploads\/WhatsApp-Image-2023-11-27-at-11.39.42-1-1.webp","datePublished":"2023-11-28T09:05:38+00:00","description":"Participantes de Ocell de Foc-Tangram visitaron la f\u00e1brica de Coca-Cola y practicaron las entrevistas laborales.","breadcrumb":{"@id":"https:\/\/www.casaldelsinfants.org\/es\/actualidad\/entrevistascocacola\/#breadcrumb"},"inLanguage":"es","potentialAction":[{"@type":"ReadAction","target":["https:\/\/www.casaldelsinfants.org\/es\/actualidad\/entrevistascocacola\/"]}]},{"@type":"ImageObject","inLanguage":"es","@id":"https:\/\/www.casaldelsinfants.org\/es\/actualidad\/entrevistascocacola\/#primaryimage","url":"https:\/\/www.casaldelsinfants.org\/wp-content\/uploads\/WhatsApp-Image-2023-11-27-at-11.39.42-1-1.webp","contentUrl":"https:\/\/www.casaldelsinfants.org\/wp-content\/uploads\/WhatsApp-Image-2023-11-27-at-11.39.42-1-1.webp","width":1381,"height":1058,"caption":"Treballadors de Coca-Cola i joves participants d'Ocell de Foc Tangram."},{"@type":"BreadcrumbList","@id":"https:\/\/www.casaldelsinfants.org\/es\/actualidad\/entrevistascocacola\/#breadcrumb","itemListElement":[{"@type":"ListItem","position":1,"name":"Inici","item":"https:\/\/www.casaldelsinfants.org\/es\/"},{"@type":"ListItem","position":2,"name":"Practicar entrevistas con el equipo de Coca-Cola"}]},{"@type":"WebSite","@id":"https:\/\/www.casaldelsinfants.org\/es\/#website","url":"https:\/\/www.casaldelsinfants.org\/es\/","name":"Casal dels Infants","description":"","publisher":{"@id":"https:\/\/www.casaldelsinfants.org\/es\/#organization"},"potentialAction":[{"@type":"SearchAction","target":{"@type":"EntryPoint","urlTemplate":"https:\/\/www.casaldelsinfants.org\/es\/?s={search_term_string}"},"query-input":{"@type":"PropertyValueSpecification","valueRequired":true,"valueName":"search_term_string"}}],"inLanguage":"es"},{"@type":"Organization","@id":"https:\/\/www.casaldelsinfants.org\/es\/#organization","name":"Casal dels Infants","url":"https:\/\/www.casaldelsinfants.org\/es\/","logo":{"@type":"ImageObject","inLanguage":"es","@id":"https:\/\/www.casaldelsinfants.org\/es\/#\/schema\/logo\/image\/","url":"https:\/\/www.casaldelsinfants.org\/wp-content\/uploads\/logo-mail.png","contentUrl":"https:\/\/www.casaldelsinfants.org\/wp-content\/uploads\/logo-mail.png","width":380,"height":158,"caption":"Casal dels Infants"},"image":{"@id":"https:\/\/www.casaldelsinfants.org\/es\/#\/schema\/logo\/image\/"},"sameAs":["https:\/\/www.facebook.com\/casalinfants","https:\/\/x.com\/casalinfants","https:\/\/www.youtube.com\/user\/CasaldelsInfants1","https:\/\/www.instagram.com\/casalinfants\/","https:\/\/www.linkedin.com\/company\/casaldelsinfants?trk=organization-update_share-update_actor-text"]},{"@type":"Person","@id":"https:\/\/www.casaldelsinfants.org\/es\/#\/schema\/person\/e870791b50f03fd60f872e1cd83910fc","name":"julia"}]}},"publishpress_future_action":{"enabled":false,"date":"2026-05-09 00:02:30","action":"change-status","newStatus":"draft","terms":[],"taxonomy":"category","extraData":[]},"publishpress_future_workflow_manual_trigger":{"enabledWorkflows":[]},"_links":{"self":[{"href":"https:\/\/www.casaldelsinfants.org\/es\/wp-json\/wp\/v2\/posts\/16282","targetHints":{"allow":["GET"]}}],"collection":[{"href":"https:\/\/www.casaldelsinfants.org\/es\/wp-json\/wp\/v2\/posts"}],"about":[{"href":"https:\/\/www.casaldelsinfants.org\/es\/wp-json\/wp\/v2\/types\/post"}],"author":[{"embeddable":true,"href":"https:\/\/www.casaldelsinfants.org\/es\/wp-json\/wp\/v2\/users\/9"}],"replies":[{"embeddable":true,"href":"https:\/\/www.casaldelsinfants.org\/es\/wp-json\/wp\/v2\/comments?post=16282"}],"version-history":[{"count":1,"href":"https:\/\/www.casaldelsinfants.org\/es\/wp-json\/wp\/v2\/posts\/16282\/revisions"}],"predecessor-version":[{"id":16283,"href":"https:\/\/www.casaldelsinfants.org\/es\/wp-json\/wp\/v2\/posts\/16282\/revisions\/16283"}],"wp:featuredmedia":[{"embeddable":true,"href":"https:\/\/www.casaldelsinfants.org\/es\/wp-json\/wp\/v2\/media\/16276"}],"wp:attachment":[{"href":"https:\/\/www.casaldelsinfants.org\/es\/wp-json\/wp\/v2\/media?parent=16282"}],"wp:term":[{"taxonomy":"category","embeddable":true,"href":"https:\/\/www.casaldelsinfants.org\/es\/wp-json\/wp\/v2\/categories?post=16282"},{"taxonomy":"post_tag","embeddable":true,"href":"https:\/\/www.casaldelsinfants.org\/es\/wp-json\/wp\/v2\/tags?post=16282"},{"taxonomy":"seus","embeddable":true,"href":"https:\/\/www.casaldelsinfants.org\/es\/wp-json\/wp\/v2\/seus?post=16282"},{"taxonomy":"eixos","embeddable":true,"href":"https:\/\/www.casaldelsinfants.org\/es\/wp-json\/wp\/v2\/eixos?post=16282"}],"curies":[{"name":"wp","href":"https:\/\/api.w.org\/{rel}","templated":true}]}}