{"id":17203,"date":"2023-12-20T17:16:41","date_gmt":"2023-12-20T15:16:41","guid":{"rendered":"https:\/\/www.casaldelsinfants.org\/?p=17203"},"modified":"2024-09-19T12:27:44","modified_gmt":"2024-09-19T10:27:44","slug":"exposicionantirracismo","status":"publish","type":"post","link":"https:\/\/www.casaldelsinfants.org\/es\/actualidad\/exposicionantirracismo\/","title":{"rendered":"Arte y fotograf\u00eda para luchar contra el racismo, de la mano de los y las j\u00f3venes del Casal"},"content":{"rendered":"<p><iframe loading=\"lazy\" title=\"Arte y fotograf\u00eda para luchar contra el racismo, de la mano de j\u00f3venes del Casal dels Infants\" width=\"1080\" height=\"608\" src=\"https:\/\/www.youtube.com\/embed\/ovLm18TvzL8?feature=oembed&#038;enablejsapi=1&#038;origin=https:\/\/www.casaldelsinfants.org\"  allow=\"accelerometer; autoplay; clipboard-write; encrypted-media; gyroscope; picture-in-picture; web-share\" referrerpolicy=\"strict-origin-when-cross-origin\" allowfullscreen><\/iframe><\/p>\n<p>&nbsp;<\/p>\n<p><span style=\"font-weight: 400;\">El pasado mi\u00e9rcoles, <strong>chicos y chicas del Casal dels Infants<\/strong> celebraron la inauguraci\u00f3n de su exposici\u00f3n art\u00edstica, titulada \u00abYo no soy racista, pero&#8230;\u00bb, en <a href=\"https:\/\/laciba.gramenet.cat\/\" target=\"_blank\" rel=\"noopener\">la CIBA<\/a>, el centro de recursos para mujeres de Santa Coloma de Gramenet. La exposici\u00f3n, enmarcada en la campa\u00f1a de sensibilizaci\u00f3n contra el racismo del Casal dels Infants, <strong>denuncia el racismo y defiende la lucha contra el racismo, celebra la diversidad cultural que rodea los y las j\u00f3venes y hace un grito de acci\u00f3n para construir un mundo m\u00e1s justo y equitativo<\/strong>.\u00a0<\/span><\/p>\n<p>Un grupo de 80 chicos y chicas de los diferentes <strong>Centros Abiertos Adolescentes<\/strong> (Raval, <span style=\"font-weight: 400;\">Bes\u00f2s-Maresme i Santa Coloma de Gramenet) y <strong>Casals Joven<\/strong> (Raval, Badalona i Santa Coloma de Gramenet) han contribuido a la creaci\u00f3n de las piezas de la exposici\u00f3n y la organizaci\u00f3n de la inauguraci\u00f3n del 13 de diciembre. Los servicios implicados en la acci\u00f3n cuentan con el apoyo del Departamento de Derechos Sociales, el Ministerio de Inclusi\u00f3n, Seguridad Social y Migraciones, y la Uni\u00f3n Europea.\u00a0<\/span><\/p>\n<p>Durante meses, los chicos y chicas del Casal estuvieron participando en talleres creativos, donde escogieron la <strong>expresi\u00f3n art\u00edstica como herramienta para la transformaci\u00f3n social<\/strong>. Entre aprendizajes de t\u00e9cnicas y metodolog\u00edas art\u00edsticas, pronto sali\u00f3 la <strong>preocupaci\u00f3n conjunta por las situaciones de racismo y microrracismo<\/strong> que viven en su d\u00eda a d\u00eda, y una inquietud por hacerse visibles.<\/p>\n<p>&nbsp;<\/p>\n<div id=\"attachment_17198\" style=\"width: 972px\" class=\"wp-caption aligncenter\"><img decoding=\"async\" aria-describedby=\"caption-attachment-17198\" class=\"wp-image-17198\" src=\"https:\/\/www.casaldelsinfants.org\/wp-content\/uploads\/net-CAST.00_00_57_02.Imagen-kkkkkkkk-1.webp\" alt=\"\" width=\"962\" height=\"622\" \/><p id=\"caption-attachment-17198\" class=\"wp-caption-text\">Piezas de arte del grupo de chicos y chicas de COA del Casal dels Infants en el barrio del Raval.<\/p><\/div>\n<p>&nbsp;<\/p>\n<p><span style=\"font-weight: 400;\">\u201cEsto es <em>artivismo<\/em>: es luchar en forma de arte diferentes problemas que hay en el mundo, y hemos escogido centrarnos en la lucha contra el racismo. Me gusta mucho el arte y me gusta difundir la lucha contra los problemas que hay en el mundo\u00bb, afirma <strong>Mark Leo<\/strong>, participante del Centro Abierto Adolescente (COA) del Casal dels Infants en el barrio del Raval.<\/span><\/p>\n<p>As\u00ed, en estos <strong>talleres semanales combinaban los aprendizajes art\u00edsticos con las reflexiones sobre la lucha antirracista<\/strong>, la apreciaci\u00f3n de la diversidad y la interculturalidad. A trav\u00e9s de la fotograf\u00eda, la exploraci\u00f3n del entorno y el trabajo en equipo, los grupos de j\u00f3venes capturaban la riqueza cultural de su entorno y de sus identidades. \u00abUn d\u00eda salimos por el barrio a hacer fotograf\u00edas, para capturar cosas que nos representan como chicos y chicas del barrio, y otros d\u00edas utilizamos herramientas digitales para crear las obras\u00bb, explica Mark Leo.<\/p>\n<p>La exposici\u00f3n, <strong>abierta al p\u00fablico hasta finales de enero del a\u00f1o que viene<\/strong>, cuenta con retratos, fotograf\u00edas y piezas m\u00e1s conceptuales de los diferentes COA y Casals Joven que el Casal dels Infants tiene en diferentes barrios. <strong>Tasnim<\/strong>, participante del Centro Abierto Adolescente Bes\u00f2s del Casal dels Infants del Bes\u00f2s y La Mina, nos explica la obra que ha creado con sus compa\u00f1eros y compa\u00f1eras. \u00abHemos hecho fotos de los \u00e1mbitos donde se pueden ver los diferentes tipos de racismo que existen. En las fotos de arriba de la pir\u00e1mide es m\u00e1s f\u00e1cil ver que hay racismo, y en las de debajo de todo, el racismo es m\u00e1s dif\u00edcil de detectar\u00bb. Arriba, se ve \u00abasesinatos por odio\u00bb, agresiones f\u00edsicas\u00bb y amenazas e insultos\u00bb; debajo, \u00abdiferencias\u00bb, \u00abrumores\u00bb o \u00abhumor racista\u00bb.<\/p>\n<p>&nbsp;<\/p>\n<div id=\"attachment_17200\" style=\"width: 1066px\" class=\"wp-caption aligncenter\"><img decoding=\"async\" aria-describedby=\"caption-attachment-17200\" class=\"wp-image-17200\" src=\"https:\/\/www.casaldelsinfants.org\/wp-content\/uploads\/1360594-1.webp\" alt=\"art COA Bes\u00f2s\" width=\"1056\" height=\"594\" srcset=\"https:\/\/www.casaldelsinfants.org\/wp-content\/uploads\/1360594-1-980x551.webp 980w, https:\/\/www.casaldelsinfants.org\/wp-content\/uploads\/1360594-1-480x270.webp 480w\" sizes=\"(min-width: 0px) and (max-width: 480px) 480px, (min-width: 481px) and (max-width: 980px) 980px, (min-width: 981px) 1056px, 100vw\" \/><p id=\"caption-attachment-17200\" class=\"wp-caption-text\">Piezas de arte del grupo de chicos y chicas de COA del Casal dels Infants del Bes\u00f2s y La Mina.<\/p><\/div>\n<p>&nbsp;<\/p>\n<p><span style=\"font-weight: 400;\">\u201cNuestro mensaje es que la gente no deber\u00eda de juzgar a nadie por su color de piel, ni por su nacionalidad, ni nada, porque <strong>todos somos iguales y todos somos personas<\/strong>\u00ab, defiende Tasnim.<\/span><\/p>\n<p>&nbsp;<\/p>\n<h2><b>Educar para combatir el racismo\u00a0<\/b><\/h2>\n<p><span style=\"font-weight: 400;\">En el Casal dels Infants, <strong>trabajamos con ni\u00f1os, ni\u00f1as, adolescentes y j\u00f3venes para sensibilizarlos contra el racismo, y para que adquieran una mirada cr\u00edtica hacia este tipo de actitudes discriminatorias y darles voz para denunciarlo.\u00a0<\/strong>Con los chicos y chicas que acompa\u00f1amos en los Casals Joven y Centros Abiertos Adolescentes (COA) de los diferentes barrios donde act\u00faa el Casal, trabajamos transversalmente e impulsamos una perspectiva antirracista durante todo el a\u00f1o. Es un ejemplo el <span style=\"text-decoration: underline;\"><a href=\"https:\/\/www.casaldelsinfants.org\/actualitat\/teatre-forum-desmuntar-el-racisme\/\" target=\"_blank\" rel=\"noopener\">Teatro F\u00f3rum<\/a><\/span> de los chicos y chicas del Casal Jove la Betsaida del Casal dels Infants de Badalona y la <span style=\"text-decoration: underline;\"><a href=\"https:\/\/www.casaldelsinfants.org\/actualitat\/campanyaantiracista\/\" target=\"_blank\" rel=\"noopener\">campa\u00f1a antirracista<\/a><\/span> que organizaron este verano en la plaza de la Catedral en Barcelona.\u00a0<\/span><\/p>\n<p>&nbsp;<\/p>\n","protected":false},"excerpt":{"rendered":"<p>&nbsp; El pasado mi\u00e9rcoles, chicos y chicas del Casal dels Infants celebraron la inauguraci\u00f3n de su exposici\u00f3n art\u00edstica, titulada \u00abYo no soy racista, pero&#8230;\u00bb, en la CIBA, el centro de recursos para mujeres de Santa Coloma de Gramenet. La exposici\u00f3n, enmarcada en la campa\u00f1a de sensibilizaci\u00f3n contra el racismo del Casal dels Infants, denuncia el [&hellip;]<\/p>\n","protected":false},"author":9,"featured_media":0,"comment_status":"open","ping_status":"open","sticky":false,"template":"","format":"standard","meta":{"_acf_changed":false,"_et_pb_use_builder":"","_et_pb_old_content":"","_et_gb_content_width":"","inline_featured_image":false,"footnotes":""},"categories":[125],"tags":[],"seus":[],"eixos":[102],"class_list":["post-17203","post","type-post","status-publish","format-standard","hentry","category-noticias","eixos-jovenes"],"acf":[],"yoast_head":"<!-- This site is optimized with the Yoast SEO plugin v27.4 - https:\/\/yoast.com\/product\/yoast-seo-wordpress\/ -->\n<title>Fotograf\u00eda para la lucha contra el racismo - Casal dels Infants<\/title>\n<meta name=\"description\" content=\"La exposici\u00f3n denuncia el racismo, celebra la diversidad cultural y llama a la acci\u00f3n para la lucha contra el racismo y un mundo m\u00e1s justo.\" \/>\n<meta name=\"robots\" content=\"index, follow, max-snippet:-1, max-image-preview:large, max-video-preview:-1\" \/>\n<link rel=\"canonical\" href=\"https:\/\/www.casaldelsinfants.org\/es\/actualidad\/exposicionantirracismo\/\" \/>\n<meta property=\"og:locale\" content=\"es_ES\" \/>\n<meta property=\"og:type\" content=\"article\" \/>\n<meta property=\"og:title\" content=\"Fotograf\u00eda para la lucha contra el racismo - Casal dels Infants\" \/>\n<meta property=\"og:description\" content=\"La exposici\u00f3n denuncia el racismo, celebra la diversidad cultural y llama a la acci\u00f3n para la lucha contra el racismo y un mundo m\u00e1s justo.\" \/>\n<meta property=\"og:url\" content=\"https:\/\/www.casaldelsinfants.org\/es\/actualidad\/exposicionantirracismo\/\" \/>\n<meta property=\"og:site_name\" content=\"Casal dels Infants\" \/>\n<meta property=\"article:publisher\" content=\"https:\/\/www.facebook.com\/casalinfants\" \/>\n<meta property=\"article:published_time\" content=\"2023-12-20T15:16:41+00:00\" \/>\n<meta property=\"article:modified_time\" content=\"2024-09-19T10:27:44+00:00\" \/>\n<meta property=\"og:image\" content=\"https:\/\/www.casaldelsinfants.org\/wp-content\/uploads\/net-CAST.00_00_57_02.Imagen-kkkkkkkk-1.webp\" \/>\n<meta name=\"author\" content=\"julia\" \/>\n<meta name=\"twitter:card\" content=\"summary_large_image\" \/>\n<meta name=\"twitter:creator\" content=\"@casalinfants\" \/>\n<meta name=\"twitter:site\" content=\"@casalinfants\" \/>\n<meta name=\"twitter:label1\" content=\"Escrito por\" \/>\n\t<meta name=\"twitter:data1\" content=\"julia\" \/>\n\t<meta name=\"twitter:label2\" content=\"Tiempo de lectura\" \/>\n\t<meta name=\"twitter:data2\" content=\"5 minutos\" \/>\n<script type=\"application\/ld+json\" class=\"yoast-schema-graph\">{\"@context\":\"https:\\\/\\\/schema.org\",\"@graph\":[{\"@type\":\"Article\",\"@id\":\"https:\\\/\\\/www.casaldelsinfants.org\\\/es\\\/actualidad\\\/exposicionantirracismo\\\/#article\",\"isPartOf\":{\"@id\":\"https:\\\/\\\/www.casaldelsinfants.org\\\/es\\\/actualidad\\\/exposicionantirracismo\\\/\"},\"author\":{\"name\":\"julia\",\"@id\":\"https:\\\/\\\/www.casaldelsinfants.org\\\/es\\\/#\\\/schema\\\/person\\\/e870791b50f03fd60f872e1cd83910fc\"},\"headline\":\"Arte y fotograf\u00eda para luchar contra el racismo, de la mano de los y las j\u00f3venes del Casal\",\"datePublished\":\"2023-12-20T15:16:41+00:00\",\"dateModified\":\"2024-09-19T10:27:44+00:00\",\"mainEntityOfPage\":{\"@id\":\"https:\\\/\\\/www.casaldelsinfants.org\\\/es\\\/actualidad\\\/exposicionantirracismo\\\/\"},\"wordCount\":793,\"commentCount\":0,\"publisher\":{\"@id\":\"https:\\\/\\\/www.casaldelsinfants.org\\\/es\\\/#organization\"},\"image\":{\"@id\":\"https:\\\/\\\/www.casaldelsinfants.org\\\/es\\\/actualidad\\\/exposicionantirracismo\\\/#primaryimage\"},\"thumbnailUrl\":\"https:\\\/\\\/www.casaldelsinfants.org\\\/wp-content\\\/uploads\\\/net-CAST.00_00_57_02.Imagen-kkkkkkkk-1.webp\",\"articleSection\":[\"Noticia\"],\"inLanguage\":\"es\",\"potentialAction\":[{\"@type\":\"CommentAction\",\"name\":\"Comment\",\"target\":[\"https:\\\/\\\/www.casaldelsinfants.org\\\/es\\\/actualidad\\\/exposicionantirracismo\\\/#respond\"]}]},{\"@type\":\"WebPage\",\"@id\":\"https:\\\/\\\/www.casaldelsinfants.org\\\/es\\\/actualidad\\\/exposicionantirracismo\\\/\",\"url\":\"https:\\\/\\\/www.casaldelsinfants.org\\\/es\\\/actualidad\\\/exposicionantirracismo\\\/\",\"name\":\"Fotograf\u00eda para la lucha contra el racismo - Casal dels Infants\",\"isPartOf\":{\"@id\":\"https:\\\/\\\/www.casaldelsinfants.org\\\/es\\\/#website\"},\"primaryImageOfPage\":{\"@id\":\"https:\\\/\\\/www.casaldelsinfants.org\\\/es\\\/actualidad\\\/exposicionantirracismo\\\/#primaryimage\"},\"image\":{\"@id\":\"https:\\\/\\\/www.casaldelsinfants.org\\\/es\\\/actualidad\\\/exposicionantirracismo\\\/#primaryimage\"},\"thumbnailUrl\":\"https:\\\/\\\/www.casaldelsinfants.org\\\/wp-content\\\/uploads\\\/net-CAST.00_00_57_02.Imagen-kkkkkkkk-1.webp\",\"datePublished\":\"2023-12-20T15:16:41+00:00\",\"dateModified\":\"2024-09-19T10:27:44+00:00\",\"description\":\"La exposici\u00f3n denuncia el racismo, celebra la diversidad cultural y llama a la acci\u00f3n para la lucha contra el racismo y un mundo m\u00e1s justo.\",\"breadcrumb\":{\"@id\":\"https:\\\/\\\/www.casaldelsinfants.org\\\/es\\\/actualidad\\\/exposicionantirracismo\\\/#breadcrumb\"},\"inLanguage\":\"es\",\"potentialAction\":[{\"@type\":\"ReadAction\",\"target\":[\"https:\\\/\\\/www.casaldelsinfants.org\\\/es\\\/actualidad\\\/exposicionantirracismo\\\/\"]}]},{\"@type\":\"ImageObject\",\"inLanguage\":\"es\",\"@id\":\"https:\\\/\\\/www.casaldelsinfants.org\\\/es\\\/actualidad\\\/exposicionantirracismo\\\/#primaryimage\",\"url\":\"https:\\\/\\\/www.casaldelsinfants.org\\\/wp-content\\\/uploads\\\/net-CAST.00_00_57_02.Imagen-kkkkkkkk-1.webp\",\"contentUrl\":\"https:\\\/\\\/www.casaldelsinfants.org\\\/wp-content\\\/uploads\\\/net-CAST.00_00_57_02.Imagen-kkkkkkkk-1.webp\"},{\"@type\":\"BreadcrumbList\",\"@id\":\"https:\\\/\\\/www.casaldelsinfants.org\\\/es\\\/actualidad\\\/exposicionantirracismo\\\/#breadcrumb\",\"itemListElement\":[{\"@type\":\"ListItem\",\"position\":1,\"name\":\"Inici\",\"item\":\"https:\\\/\\\/www.casaldelsinfants.org\\\/es\\\/\"},{\"@type\":\"ListItem\",\"position\":2,\"name\":\"Arte y fotograf\u00eda para luchar contra el racismo, de la mano de los y las j\u00f3venes del Casal\"}]},{\"@type\":\"WebSite\",\"@id\":\"https:\\\/\\\/www.casaldelsinfants.org\\\/es\\\/#website\",\"url\":\"https:\\\/\\\/www.casaldelsinfants.org\\\/es\\\/\",\"name\":\"Casal dels Infants\",\"description\":\"\",\"publisher\":{\"@id\":\"https:\\\/\\\/www.casaldelsinfants.org\\\/es\\\/#organization\"},\"potentialAction\":[{\"@type\":\"SearchAction\",\"target\":{\"@type\":\"EntryPoint\",\"urlTemplate\":\"https:\\\/\\\/www.casaldelsinfants.org\\\/es\\\/?s={search_term_string}\"},\"query-input\":{\"@type\":\"PropertyValueSpecification\",\"valueRequired\":true,\"valueName\":\"search_term_string\"}}],\"inLanguage\":\"es\"},{\"@type\":\"Organization\",\"@id\":\"https:\\\/\\\/www.casaldelsinfants.org\\\/es\\\/#organization\",\"name\":\"Casal dels Infants\",\"url\":\"https:\\\/\\\/www.casaldelsinfants.org\\\/es\\\/\",\"logo\":{\"@type\":\"ImageObject\",\"inLanguage\":\"es\",\"@id\":\"https:\\\/\\\/www.casaldelsinfants.org\\\/es\\\/#\\\/schema\\\/logo\\\/image\\\/\",\"url\":\"https:\\\/\\\/www.casaldelsinfants.org\\\/wp-content\\\/uploads\\\/logo-mail.png\",\"contentUrl\":\"https:\\\/\\\/www.casaldelsinfants.org\\\/wp-content\\\/uploads\\\/logo-mail.png\",\"width\":380,\"height\":158,\"caption\":\"Casal dels Infants\"},\"image\":{\"@id\":\"https:\\\/\\\/www.casaldelsinfants.org\\\/es\\\/#\\\/schema\\\/logo\\\/image\\\/\"},\"sameAs\":[\"https:\\\/\\\/www.facebook.com\\\/casalinfants\",\"https:\\\/\\\/x.com\\\/casalinfants\",\"https:\\\/\\\/www.youtube.com\\\/user\\\/CasaldelsInfants1\",\"https:\\\/\\\/www.instagram.com\\\/casalinfants\\\/\",\"https:\\\/\\\/www.linkedin.com\\\/company\\\/casaldelsinfants?trk=organization-update_share-update_actor-text\"]},{\"@type\":\"Person\",\"@id\":\"https:\\\/\\\/www.casaldelsinfants.org\\\/es\\\/#\\\/schema\\\/person\\\/e870791b50f03fd60f872e1cd83910fc\",\"name\":\"julia\"}]}<\/script>\n<!-- \/ Yoast SEO plugin. -->","yoast_head_json":{"title":"Fotograf\u00eda para la lucha contra el racismo - Casal dels Infants","description":"La exposici\u00f3n denuncia el racismo, celebra la diversidad cultural y llama a la acci\u00f3n para la lucha contra el racismo y un mundo m\u00e1s justo.","robots":{"index":"index","follow":"follow","max-snippet":"max-snippet:-1","max-image-preview":"max-image-preview:large","max-video-preview":"max-video-preview:-1"},"canonical":"https:\/\/www.casaldelsinfants.org\/es\/actualidad\/exposicionantirracismo\/","og_locale":"es_ES","og_type":"article","og_title":"Fotograf\u00eda para la lucha contra el racismo - Casal dels Infants","og_description":"La exposici\u00f3n denuncia el racismo, celebra la diversidad cultural y llama a la acci\u00f3n para la lucha contra el racismo y un mundo m\u00e1s justo.","og_url":"https:\/\/www.casaldelsinfants.org\/es\/actualidad\/exposicionantirracismo\/","og_site_name":"Casal dels Infants","article_publisher":"https:\/\/www.facebook.com\/casalinfants","article_published_time":"2023-12-20T15:16:41+00:00","article_modified_time":"2024-09-19T10:27:44+00:00","og_image":[{"url":"https:\/\/www.casaldelsinfants.org\/wp-content\/uploads\/net-CAST.00_00_57_02.Imagen-kkkkkkkk-1.webp","type":"","width":"","height":""}],"author":"julia","twitter_card":"summary_large_image","twitter_creator":"@casalinfants","twitter_site":"@casalinfants","twitter_misc":{"Escrito por":"julia","Tiempo de lectura":"5 minutos"},"schema":{"@context":"https:\/\/schema.org","@graph":[{"@type":"Article","@id":"https:\/\/www.casaldelsinfants.org\/es\/actualidad\/exposicionantirracismo\/#article","isPartOf":{"@id":"https:\/\/www.casaldelsinfants.org\/es\/actualidad\/exposicionantirracismo\/"},"author":{"name":"julia","@id":"https:\/\/www.casaldelsinfants.org\/es\/#\/schema\/person\/e870791b50f03fd60f872e1cd83910fc"},"headline":"Arte y fotograf\u00eda para luchar contra el racismo, de la mano de los y las j\u00f3venes del Casal","datePublished":"2023-12-20T15:16:41+00:00","dateModified":"2024-09-19T10:27:44+00:00","mainEntityOfPage":{"@id":"https:\/\/www.casaldelsinfants.org\/es\/actualidad\/exposicionantirracismo\/"},"wordCount":793,"commentCount":0,"publisher":{"@id":"https:\/\/www.casaldelsinfants.org\/es\/#organization"},"image":{"@id":"https:\/\/www.casaldelsinfants.org\/es\/actualidad\/exposicionantirracismo\/#primaryimage"},"thumbnailUrl":"https:\/\/www.casaldelsinfants.org\/wp-content\/uploads\/net-CAST.00_00_57_02.Imagen-kkkkkkkk-1.webp","articleSection":["Noticia"],"inLanguage":"es","potentialAction":[{"@type":"CommentAction","name":"Comment","target":["https:\/\/www.casaldelsinfants.org\/es\/actualidad\/exposicionantirracismo\/#respond"]}]},{"@type":"WebPage","@id":"https:\/\/www.casaldelsinfants.org\/es\/actualidad\/exposicionantirracismo\/","url":"https:\/\/www.casaldelsinfants.org\/es\/actualidad\/exposicionantirracismo\/","name":"Fotograf\u00eda para la lucha contra el racismo - Casal dels Infants","isPartOf":{"@id":"https:\/\/www.casaldelsinfants.org\/es\/#website"},"primaryImageOfPage":{"@id":"https:\/\/www.casaldelsinfants.org\/es\/actualidad\/exposicionantirracismo\/#primaryimage"},"image":{"@id":"https:\/\/www.casaldelsinfants.org\/es\/actualidad\/exposicionantirracismo\/#primaryimage"},"thumbnailUrl":"https:\/\/www.casaldelsinfants.org\/wp-content\/uploads\/net-CAST.00_00_57_02.Imagen-kkkkkkkk-1.webp","datePublished":"2023-12-20T15:16:41+00:00","dateModified":"2024-09-19T10:27:44+00:00","description":"La exposici\u00f3n denuncia el racismo, celebra la diversidad cultural y llama a la acci\u00f3n para la lucha contra el racismo y un mundo m\u00e1s justo.","breadcrumb":{"@id":"https:\/\/www.casaldelsinfants.org\/es\/actualidad\/exposicionantirracismo\/#breadcrumb"},"inLanguage":"es","potentialAction":[{"@type":"ReadAction","target":["https:\/\/www.casaldelsinfants.org\/es\/actualidad\/exposicionantirracismo\/"]}]},{"@type":"ImageObject","inLanguage":"es","@id":"https:\/\/www.casaldelsinfants.org\/es\/actualidad\/exposicionantirracismo\/#primaryimage","url":"https:\/\/www.casaldelsinfants.org\/wp-content\/uploads\/net-CAST.00_00_57_02.Imagen-kkkkkkkk-1.webp","contentUrl":"https:\/\/www.casaldelsinfants.org\/wp-content\/uploads\/net-CAST.00_00_57_02.Imagen-kkkkkkkk-1.webp"},{"@type":"BreadcrumbList","@id":"https:\/\/www.casaldelsinfants.org\/es\/actualidad\/exposicionantirracismo\/#breadcrumb","itemListElement":[{"@type":"ListItem","position":1,"name":"Inici","item":"https:\/\/www.casaldelsinfants.org\/es\/"},{"@type":"ListItem","position":2,"name":"Arte y fotograf\u00eda para luchar contra el racismo, de la mano de los y las j\u00f3venes del Casal"}]},{"@type":"WebSite","@id":"https:\/\/www.casaldelsinfants.org\/es\/#website","url":"https:\/\/www.casaldelsinfants.org\/es\/","name":"Casal dels Infants","description":"","publisher":{"@id":"https:\/\/www.casaldelsinfants.org\/es\/#organization"},"potentialAction":[{"@type":"SearchAction","target":{"@type":"EntryPoint","urlTemplate":"https:\/\/www.casaldelsinfants.org\/es\/?s={search_term_string}"},"query-input":{"@type":"PropertyValueSpecification","valueRequired":true,"valueName":"search_term_string"}}],"inLanguage":"es"},{"@type":"Organization","@id":"https:\/\/www.casaldelsinfants.org\/es\/#organization","name":"Casal dels Infants","url":"https:\/\/www.casaldelsinfants.org\/es\/","logo":{"@type":"ImageObject","inLanguage":"es","@id":"https:\/\/www.casaldelsinfants.org\/es\/#\/schema\/logo\/image\/","url":"https:\/\/www.casaldelsinfants.org\/wp-content\/uploads\/logo-mail.png","contentUrl":"https:\/\/www.casaldelsinfants.org\/wp-content\/uploads\/logo-mail.png","width":380,"height":158,"caption":"Casal dels Infants"},"image":{"@id":"https:\/\/www.casaldelsinfants.org\/es\/#\/schema\/logo\/image\/"},"sameAs":["https:\/\/www.facebook.com\/casalinfants","https:\/\/x.com\/casalinfants","https:\/\/www.youtube.com\/user\/CasaldelsInfants1","https:\/\/www.instagram.com\/casalinfants\/","https:\/\/www.linkedin.com\/company\/casaldelsinfants?trk=organization-update_share-update_actor-text"]},{"@type":"Person","@id":"https:\/\/www.casaldelsinfants.org\/es\/#\/schema\/person\/e870791b50f03fd60f872e1cd83910fc","name":"julia"}]}},"publishpress_future_action":{"enabled":false,"date":"2026-05-07 17:55:41","action":"change-status","newStatus":"draft","terms":[],"taxonomy":"category","extraData":[]},"publishpress_future_workflow_manual_trigger":{"enabledWorkflows":[]},"_links":{"self":[{"href":"https:\/\/www.casaldelsinfants.org\/es\/wp-json\/wp\/v2\/posts\/17203","targetHints":{"allow":["GET"]}}],"collection":[{"href":"https:\/\/www.casaldelsinfants.org\/es\/wp-json\/wp\/v2\/posts"}],"about":[{"href":"https:\/\/www.casaldelsinfants.org\/es\/wp-json\/wp\/v2\/types\/post"}],"author":[{"embeddable":true,"href":"https:\/\/www.casaldelsinfants.org\/es\/wp-json\/wp\/v2\/users\/9"}],"replies":[{"embeddable":true,"href":"https:\/\/www.casaldelsinfants.org\/es\/wp-json\/wp\/v2\/comments?post=17203"}],"version-history":[{"count":5,"href":"https:\/\/www.casaldelsinfants.org\/es\/wp-json\/wp\/v2\/posts\/17203\/revisions"}],"predecessor-version":[{"id":25320,"href":"https:\/\/www.casaldelsinfants.org\/es\/wp-json\/wp\/v2\/posts\/17203\/revisions\/25320"}],"wp:attachment":[{"href":"https:\/\/www.casaldelsinfants.org\/es\/wp-json\/wp\/v2\/media?parent=17203"}],"wp:term":[{"taxonomy":"category","embeddable":true,"href":"https:\/\/www.casaldelsinfants.org\/es\/wp-json\/wp\/v2\/categories?post=17203"},{"taxonomy":"post_tag","embeddable":true,"href":"https:\/\/www.casaldelsinfants.org\/es\/wp-json\/wp\/v2\/tags?post=17203"},{"taxonomy":"seus","embeddable":true,"href":"https:\/\/www.casaldelsinfants.org\/es\/wp-json\/wp\/v2\/seus?post=17203"},{"taxonomy":"eixos","embeddable":true,"href":"https:\/\/www.casaldelsinfants.org\/es\/wp-json\/wp\/v2\/eixos?post=17203"}],"curies":[{"name":"wp","href":"https:\/\/api.w.org\/{rel}","templated":true}]}}