{"id":17402,"date":"2023-12-27T12:04:11","date_gmt":"2023-12-27T10:04:11","guid":{"rendered":"https:\/\/www.casaldelsinfants.org\/?p=17402"},"modified":"2023-12-27T12:07:13","modified_gmt":"2023-12-27T10:07:13","slug":"ano2023enelcasal","status":"publish","type":"post","link":"https:\/\/www.casaldelsinfants.org\/es\/actualidad\/ano2023enelcasal\/","title":{"rendered":"Un 2023 de aniversarios en el Casal dels Infants"},"content":{"rendered":"<p><iframe loading=\"lazy\" title=\"Celebramos los 45 a\u00f1os del Casal con reencuentros muy especiales\" width=\"1080\" height=\"608\" src=\"https:\/\/www.youtube.com\/embed\/6_SJbknBRYM?feature=oembed&#038;enablejsapi=1&#038;origin=https:\/\/www.casaldelsinfants.org\"  allow=\"accelerometer; autoplay; clipboard-write; encrypted-media; gyroscope; picture-in-picture; web-share\" allowfullscreen><\/iframe><\/p>\n<p><span style=\"font-weight: 400;\">El 2023 est\u00e1 a punto de acabar, y en el Casal dels Infants ya nos estamos preparando para afrontar el a\u00f1o nuevo, con nuevos retos y algunos de pendientes. Queremos seguir trabajando para disminuir las situaciones de riesgo en ni\u00f1os, ni\u00f1as y j\u00f3venes, y para ofrecer acompa\u00f1amiento y apoyo a las familias en situaci\u00f3n de vulnerabilidad y velar por sus derechos, a trav\u00e9s de los m\u00e1s de 50 servicios socioeducativos que tenemos en el Raval, Badalona, Santa Coloma de Gramenet, Bes\u00f2s y La Mina, y Salt (Girona).<\/span><\/p>\n<p>Este a\u00f1o 2023 en el Casal dels Infants destacamos nuestro<span style=\"font-weight: 400;\">\u00a0<\/span><span style=\"text-decoration: underline;\"><a href=\"https:\/\/x.com\/casalinfants\/status\/1715276842473508932?s=20\"><span style=\"font-weight: 400;\">45\u00ba aniversario<\/span><\/a><\/span><span style=\"font-weight: 400;\">. En octubre de 1978, el Casal dels Infants del Districte Cinqu\u00e8, como se dec\u00eda antes el barrio del Raval, empez\u00f3 sus actividades. De aqu\u00ed, sale el origen de la actual Associaci\u00f3 Casal dels Infants per a l&#8217;Acci\u00f3 Social als Barris.\u00a0<\/span><\/p>\n<p>Del resto del a\u00f1o, tambi\u00e9n queremos repasar y destacar qu\u00e9 hemos hecho, qu\u00e9 hemos aconseguido y poner el foco en las personas y las historias que han marcado el 2023. <a href=\"https:\/\/www.casaldelsinfants.org\/que-pots-fer-tu\/fes-un-donatiu\/campanya-nadal\/\">Ay\u00fadanos a seguir haci\u00e9ndolo posible un a\u00f1o m\u00e1s<\/a>.<\/p>\n<p>&nbsp;<\/p>\n<h2>El a\u00f1o 2023 en el Casal dels Infants<\/h2>\n<p><span style=\"text-decoration: underline;\"><a href=\"https:\/\/www.casaldelsinfants.org\/es\/actualidad\/reflexiones-entrevistas-jovenes\/\" target=\"_blank\" rel=\"noopener\">\u201cDespu\u00e9s de haber hecho muchas entrevistas, siento que nadie me quiere ayudar\u201d: reflexiones de j\u00f3venes ante un presente y futuro incierto<\/a><\/span><\/p>\n<p><iframe loading=\"lazy\" title=\"&quot;Queremos una soluci\u00f3n para nosotros, los j\u00f3venes, que queremos tener una vida normal&quot;\" width=\"1080\" height=\"608\" src=\"https:\/\/www.youtube.com\/embed\/FPmO0Wx_XVY?start=2&#038;feature=oembed&#038;enablejsapi=1&#038;origin=https:\/\/www.casaldelsinfants.org\"  allow=\"accelerometer; autoplay; clipboard-write; encrypted-media; gyroscope; picture-in-picture; web-share\" allowfullscreen><\/iframe><\/p>\n<p>&nbsp;<\/p>\n<p><span style=\"font-weight: 400;\">Para los y las j\u00f3venes, que se encuentran en el impaso entre la adolescencia y la edad adulta, entre la escuela y el mundo laboral, las crisis econ\u00f3micas y el escaso tiempo de recuperaci\u00f3n han generado un momento especialmente dif\u00edcil para encontrar oportunidades formativas y laborales que les permitan emanciparse y empezar una nueva etapa vital como j\u00f3venes adultos. Hablamos con Ayesha, Imane, Nendeep y Pol, del Casal Jove del <b>Casal dels Infants de Santa Coloma,\u00a0<\/b>para escuchar sus opiniones y reflexiones sobre la actualidad y las oportunidades de futuro.<\/span><\/p>\n<p>&nbsp;<\/p>\n<p><span style=\"text-decoration: underline;\"><a href=\"https:\/\/www.casaldelsinfants.org\/es\/actualidad\/carnavallamina\/\" target=\"_blank\" rel=\"noopener\">Disfraces para deconstruir los roles de g\u00e9nero en el Carnaval de La Mina<\/a><\/span><\/p>\n<p><img decoding=\"async\" class=\"size-full wp-image-17360 aligncenter\" src=\"https:\/\/www.casaldelsinfants.org\/wp-content\/uploads\/1290850-1-1.webp\" alt=\"Noia maquilla a un nen pel Carnestoltes de La Mina.\" width=\"1920\" height=\"1080\" srcset=\"https:\/\/www.casaldelsinfants.org\/wp-content\/uploads\/1290850-1-1.webp 1920w, https:\/\/www.casaldelsinfants.org\/wp-content\/uploads\/1290850-1-1-1280x720.webp 1280w, https:\/\/www.casaldelsinfants.org\/wp-content\/uploads\/1290850-1-1-980x551.webp 980w, https:\/\/www.casaldelsinfants.org\/wp-content\/uploads\/1290850-1-1-480x270.webp 480w\" sizes=\"(min-width: 0px) and (max-width: 480px) 480px, (min-width: 481px) and (max-width: 980px) 980px, (min-width: 981px) and (max-width: 1280px) 1280px, (min-width: 1281px) 1920px, 100vw\" \/><\/p>\n<p><span style=\"font-weight: 400;\">Este a\u00f1o volvi\u00f3 Carnaval al barrio de La Mina. Ni\u00f1os, ni\u00f1as y j\u00f3venes<\/span><span style=\"font-weight: 400;\">\u00a0del <\/span><b>Casal dels Infants Bes\u00f2s-La Mina<\/b><span style=\"font-weight: 400;\"> participaron junto a otras entidades del barrio en la r\u00faa tradicional de la fiesta pagana. La tem\u00e1tica de este a\u00f1o pon\u00eda en valor la lectura y la cultura popular, a la vez que inclu\u00eda el esp\u00edritu cr\u00edtico en la deconstrucci\u00f3n de los roles de g\u00e9nero y los mitos del amor rom\u00e1ntico, tan perpetuados en los cuentos tradicionales.\u00a0<\/span><\/p>\n<p>&nbsp;<\/p>\n<p><span style=\"text-decoration: underline;\"><a href=\"https:\/\/www.casaldelsinfants.org\/es\/actualidad\/visitamuseomaritimo\/\" target=\"_blank\" rel=\"noopener\">Un espacio de calor en un entorno hostil: la acogida de j\u00f3venes reci\u00e9n llegados al Casal<\/a><\/span><\/p>\n<p><iframe loading=\"lazy\" title=\"La visita dels chicos y chicas del Servei d&#039;Acollida al Museo Mar\u00edtimo de Barcelona\" width=\"1080\" height=\"608\" src=\"https:\/\/www.youtube.com\/embed\/HU7YsmTRbH4?feature=oembed&#038;enablejsapi=1&#038;origin=https:\/\/www.casaldelsinfants.org\"  allow=\"accelerometer; autoplay; clipboard-write; encrypted-media; gyroscope; picture-in-picture; web-share\" allowfullscreen><\/iframe><\/p>\n<p><span style=\"font-weight: 400;\">El Servicio de Acogida del <\/span><b>Casal dels Infants del barrio del Raval<\/b><span style=\"font-weight: 400;\"> es un servicio que, a parte de las clases de castellano de lunes a viernes, ofrece a j\u00f3venes reci\u00e9n llegados, sin red de apoyo y residencia regular un espacio seguro y de confianza, donde cuentan con el apoyo y el calor del equipo educativo y las personas voluntarias para mejorar en el idioma, recibir ayuda con los tr\u00e1mites para regular su situaci\u00f3n y hacer red. En febrero los acompa\u00f1amos a una visita en el Museo Mar\u00edtimo de Barcelona.\u00a0<\/span><\/p>\n<p>&nbsp;<\/p>\n<p><span style=\"text-decoration: underline;\"><a href=\"https:\/\/www.casaldelsinfants.org\/es\/actualidad\/compareixencacomissiodelainfancia\/\" target=\"_blank\" rel=\"noopener\">Reclamamos pol\u00edticas para garantizar los derechos de la infancia en riesgo de exclusi\u00f3n social en la Comisi\u00f3n de la Infancia del Parlament<\/a><\/span><\/p>\n<p><a href=\"https:\/\/www.casaldelsinfants.org\/wp-content\/uploads\/rosa_balaguer_casal_dels_infants_compareixenca_comissio_de_la_infancia-1-1-convertido-de-avif.webp\"><img decoding=\"async\" width=\"1600\" height=\"1200\" class=\"size-full wp-image-17363 aligncenter\" src=\"https:\/\/www.casaldelsinfants.org\/wp-content\/uploads\/rosa_balaguer_casal_dels_infants_compareixenca_comissio_de_la_infancia-1-1-convertido-de-avif.webp\" alt=\"Rosa Balaguer en la compareixen\u00e7a al Parlament de Catalunya.\" srcset=\"https:\/\/www.casaldelsinfants.org\/wp-content\/uploads\/rosa_balaguer_casal_dels_infants_compareixenca_comissio_de_la_infancia-1-1-convertido-de-avif.webp 1600w, https:\/\/www.casaldelsinfants.org\/wp-content\/uploads\/rosa_balaguer_casal_dels_infants_compareixenca_comissio_de_la_infancia-1-1-convertido-de-avif-1280x960.webp 1280w, https:\/\/www.casaldelsinfants.org\/wp-content\/uploads\/rosa_balaguer_casal_dels_infants_compareixenca_comissio_de_la_infancia-1-1-convertido-de-avif-980x735.webp 980w, https:\/\/www.casaldelsinfants.org\/wp-content\/uploads\/rosa_balaguer_casal_dels_infants_compareixenca_comissio_de_la_infancia-1-1-convertido-de-avif-480x360.webp 480w\" sizes=\"(min-width: 0px) and (max-width: 480px) 480px, (min-width: 481px) and (max-width: 980px) 980px, (min-width: 981px) and (max-width: 1280px) 1280px, (min-width: 1281px) 1600px, 100vw\" \/><\/a><\/p>\n<p><span style=\"font-weight: 400;\">La directora general del Casal dels Infants, Rosa Balaguer, compareci\u00f3 el 14 de marzo en la<\/span><span style=\"font-weight: 400;\">\u00a0<\/span><b>Comisi\u00f3n de la Infancia del Parlament de Catalunya<\/b><span style=\"font-weight: 400;\"> para explicar nuestro posicionamiento institucional de incidencia pol\u00edtica. El documento recoge nuestra an\u00e1lisis como entidad de la situaci\u00f3n de los ni\u00f1os y ni\u00f1as, j\u00f3venes y familias en riesgo de exclusi\u00f3n social en Catalunya y propuestas de medidas para garantizar sus derechos.\u00a0<\/span><\/p>\n<p>&nbsp;<\/p>\n<p><span style=\"text-decoration: underline;\"><a href=\"https:\/\/www.casaldelsinfants.org\/es\/actualidad\/fomentodelalectura\/\" target=\"_blank\" rel=\"noopener\">Foment de la lectura: practicar el catal\u00e1n, compartir el gozo de leer<\/a><\/span><\/p>\n<p><iframe loading=\"lazy\" title=\"Disfrutar y aprender leyendo con el programa Foment de la lectura\" width=\"1080\" height=\"608\" src=\"https:\/\/www.youtube.com\/embed\/mPGCAKWjBlA?feature=oembed&#038;enablejsapi=1&#038;origin=https:\/\/www.casaldelsinfants.org\"  allow=\"accelerometer; autoplay; clipboard-write; encrypted-media; gyroscope; picture-in-picture; web-share\" allowfullscreen><\/iframe><\/p>\n<p>&nbsp;<\/p>\n<p><span style=\"font-weight: 400;\">El programa Foment de la lectura, creado por la Associaci\u00f3 d\u2019Escriptors en Llengua Catalana el a\u00f1o 2017, tiene el objetivo de acercar cuentos y libros a ni\u00f1os, ni\u00f1as y familias en riesgo de exclusi\u00f3n social, y as\u00ed fomentar el h\u00e1bito lector y el dominio de la lengua catalana en adultos que mayoritariamente son migrados y ni\u00f1os que no acostumbran a tener libros en casa. Fuimos al <strong>Casal dels Infants de Salt<\/strong> para estar una tarde con las participantes y Judit Pla, escritora y socia de la AELC.<\/span><\/p>\n<p>&nbsp;<\/p>\n<p><a href=\"https:\/\/www.instagram.com\/reel\/CslKO6fIM3_\/?utm_source=ig_web_copy_link&amp;igshid=N2ViNmM2MDRjNw%3D%3D\" target=\"_blank\" rel=\"noopener\"><span style=\"text-decoration: underline;\"><span style=\"font-weight: 400;\">\u00a1La subida a pie a Montserrat cumple 30 a\u00f1os!<\/span><\/span><\/a><\/p>\n<p><img decoding=\"async\" class=\"alignnone size-full wp-image-17365\" src=\"https:\/\/www.casaldelsinfants.org\/wp-content\/uploads\/WhatsApp-Image-2023-05-20-at-08.53.59-1-convertido-de-jpeg.webp\" alt=\"Pujada a Montserrat\" width=\"1600\" height=\"900\" srcset=\"https:\/\/www.casaldelsinfants.org\/wp-content\/uploads\/WhatsApp-Image-2023-05-20-at-08.53.59-1-convertido-de-jpeg.webp 1600w, https:\/\/www.casaldelsinfants.org\/wp-content\/uploads\/WhatsApp-Image-2023-05-20-at-08.53.59-1-convertido-de-jpeg-1280x720.webp 1280w, https:\/\/www.casaldelsinfants.org\/wp-content\/uploads\/WhatsApp-Image-2023-05-20-at-08.53.59-1-convertido-de-jpeg-980x551.webp 980w, https:\/\/www.casaldelsinfants.org\/wp-content\/uploads\/WhatsApp-Image-2023-05-20-at-08.53.59-1-convertido-de-jpeg-480x270.webp 480w\" sizes=\"(min-width: 0px) and (max-width: 480px) 480px, (min-width: 481px) and (max-width: 980px) 980px, (min-width: 981px) and (max-width: 1280px) 1280px, (min-width: 1281px) 1600px, 100vw\" \/><\/p>\n<p><b>La subida a pie a Montserrat ya es tradici\u00f3n en el Casal dels Infants<\/b><span style=\"font-weight: 400;\">, \u00a1y este a\u00f1o fue el 30\u00ba que j\u00f3venes, equipo educativo y personas voluntarias lo consiguieron! Ni la noche ni la lluvia pararon a las m\u00e1s de 80 personas que anduvieron desde la Floresta hasta Montserrat. Es una oportunidad para los j\u00f3venes para afrontarse a un reto tanto individual como colectivo, y superarlo juntas.<\/span><\/p>\n<p>&nbsp;<\/p>\n<p><span style=\"text-decoration: underline;\"><a href=\"https:\/\/www.casaldelsinfants.org\/es\/actualidad\/entrevistanawalelboutecast\/\" target=\"_blank\" rel=\"noopener\">\u00abMis alumnos dicen: \u00abSi la profesora es marroqu\u00ed y ha llegado hasta aqu\u00ed con el catal\u00e1n y el castellano, \u00bfpor qu\u00e9 no yo?\u00bb\u00bb<\/a><\/span><\/p>\n<p><iframe loading=\"lazy\" title=\"&quot;Con una profesora marroquina, mis alumnos se ven capaces de aprender catal\u00e1n y castellano&quot;\" width=\"1080\" height=\"608\" src=\"https:\/\/www.youtube.com\/embed\/-40Nu1ladQU?feature=oembed&#038;enablejsapi=1&#038;origin=https:\/\/www.casaldelsinfants.org\"  allow=\"accelerometer; autoplay; clipboard-write; encrypted-media; gyroscope; picture-in-picture; web-share\" allowfullscreen><\/iframe><\/p>\n<p>&nbsp;<\/p>\n<p><span style=\"font-weight: 400;\">El Aula de Lenguas es el servicio del <\/span><b>Casal dels Infants de Badalona<\/b><span style=\"font-weight: 400;\"> que ofrece clases de catal\u00e1n y castellano a los veciones y vecinas de la ciudad. Nawal, orignaria de Marruecos, es la profesora y todo un referente para sus alumnos y alumnas.<\/span><\/p>\n<p>&nbsp;<\/p>\n<p><span style=\"text-decoration: underline;\"><a href=\"https:\/\/www.casaldelsinfants.org\/es\/actualidad\/empezar-de-cero-en-el-casal-dels-infants\/\" target=\"_blank\" rel=\"noopener\">Empezar de cero en el Casal dels Infants<\/a><\/span><\/p>\n<p><iframe loading=\"lazy\" title=\"Empezar de cero en el Casal dels Infants\" width=\"1080\" height=\"608\" src=\"https:\/\/www.youtube.com\/embed\/T-s0OqMATv4?feature=oembed&#038;enablejsapi=1&#038;origin=https:\/\/www.casaldelsinfants.org\"  allow=\"accelerometer; autoplay; clipboard-write; encrypted-media; gyroscope; picture-in-picture; web-share\" allowfullscreen><\/iframe><\/p>\n<p>&nbsp;<\/p>\n<p><span style=\"font-weight: 400;\">Vincles es el servicio maternoinfantil para madres y beb\u00e9s de los 0 a 3 a\u00f1os, donde buscamos reforzar los v\u00ednculos de las madres con sus hijos e hijas, el de las madres entre ellas, y los de la familia y con la comunidad y el barrio. La etapa 0-3 es clave en el desarrollo de los ni\u00f1os y ni\u00f1as, y garantizarles est\u00edmulos de aprendizaje contribuye a reducir las desigualdades. Nos lo explica Laura, educadora de Vincles del<\/span><span style=\"font-weight: 400;\">\u00a0<\/span><b>Casal dels Infants de Badalona<\/b><span style=\"font-weight: 400;\">, y Raquel, participante y madre de G\u00e9nesis.<\/span><\/p>\n<p>&nbsp;<\/p>\n","protected":false},"excerpt":{"rendered":"<p>El 2023 est\u00e1 a punto de acabar, y en el Casal dels Infants ya nos estamos preparando para afrontar el a\u00f1o nuevo, con nuevos retos y algunos de pendientes. Queremos seguir trabajando para disminuir las situaciones de riesgo en ni\u00f1os, ni\u00f1as y j\u00f3venes, y para ofrecer acompa\u00f1amiento y apoyo a las familias en situaci\u00f3n de [&hellip;]<\/p>\n","protected":false},"author":9,"featured_media":0,"comment_status":"open","ping_status":"open","sticky":false,"template":"","format":"standard","meta":{"_acf_changed":false,"_et_pb_use_builder":"","_et_pb_old_content":"","_et_gb_content_width":"","inline_featured_image":false,"footnotes":""},"categories":[125],"tags":[],"seus":[],"eixos":[110,205],"class_list":["post-17402","post","type-post","status-publish","format-standard","hentry","category-noticias","eixos-comunidad-casal-dels-infants","eixos-infancia-y-adolescencia-es"],"acf":[],"yoast_head":"<!-- This site is optimized with the Yoast SEO plugin v27.4 - https:\/\/yoast.com\/product\/yoast-seo-wordpress\/ -->\n<title>El a\u00f1o 2023 en el Casal dels Infants - Casal dels Infants<\/title>\n<meta name=\"description\" content=\"El a\u00f1o 2023 est\u00e1 a punto de acabar, y en el Casal dels Infants estamos preparadas para afrontar uno de nuevo, con nuevos retos y pendientes.\" \/>\n<meta name=\"robots\" content=\"index, follow, max-snippet:-1, max-image-preview:large, max-video-preview:-1\" \/>\n<link rel=\"canonical\" href=\"https:\/\/www.casaldelsinfants.org\/es\/actualidad\/ano2023enelcasal\/\" \/>\n<meta property=\"og:locale\" content=\"es_ES\" \/>\n<meta property=\"og:type\" content=\"article\" \/>\n<meta property=\"og:title\" content=\"El a\u00f1o 2023 en el Casal dels Infants - Casal dels Infants\" \/>\n<meta property=\"og:description\" content=\"El a\u00f1o 2023 est\u00e1 a punto de acabar, y en el Casal dels Infants estamos preparadas para afrontar uno de nuevo, con nuevos retos y pendientes.\" \/>\n<meta property=\"og:url\" content=\"https:\/\/www.casaldelsinfants.org\/es\/actualidad\/ano2023enelcasal\/\" \/>\n<meta property=\"og:site_name\" content=\"Casal dels Infants\" \/>\n<meta property=\"article:publisher\" content=\"https:\/\/www.facebook.com\/casalinfants\" \/>\n<meta property=\"article:published_time\" content=\"2023-12-27T10:04:11+00:00\" \/>\n<meta property=\"article:modified_time\" content=\"2023-12-27T10:07:13+00:00\" \/>\n<meta property=\"og:image\" content=\"https:\/\/www.casaldelsinfants.org\/wp-content\/uploads\/1290850-1-1.webp\" \/>\n<meta name=\"author\" content=\"julia\" \/>\n<meta name=\"twitter:card\" content=\"summary_large_image\" \/>\n<meta name=\"twitter:creator\" content=\"@casalinfants\" \/>\n<meta name=\"twitter:site\" content=\"@casalinfants\" \/>\n<meta name=\"twitter:label1\" content=\"Escrito por\" \/>\n\t<meta name=\"twitter:data1\" content=\"julia\" \/>\n\t<meta name=\"twitter:label2\" content=\"Tiempo de lectura\" \/>\n\t<meta name=\"twitter:data2\" content=\"6 minutos\" \/>\n<script type=\"application\/ld+json\" class=\"yoast-schema-graph\">{\"@context\":\"https:\\\/\\\/schema.org\",\"@graph\":[{\"@type\":\"Article\",\"@id\":\"https:\\\/\\\/www.casaldelsinfants.org\\\/es\\\/actualidad\\\/ano2023enelcasal\\\/#article\",\"isPartOf\":{\"@id\":\"https:\\\/\\\/www.casaldelsinfants.org\\\/es\\\/actualidad\\\/ano2023enelcasal\\\/\"},\"author\":{\"name\":\"julia\",\"@id\":\"https:\\\/\\\/www.casaldelsinfants.org\\\/es\\\/#\\\/schema\\\/person\\\/e870791b50f03fd60f872e1cd83910fc\"},\"headline\":\"Un 2023 de aniversarios en el Casal dels Infants\",\"datePublished\":\"2023-12-27T10:04:11+00:00\",\"dateModified\":\"2023-12-27T10:07:13+00:00\",\"mainEntityOfPage\":{\"@id\":\"https:\\\/\\\/www.casaldelsinfants.org\\\/es\\\/actualidad\\\/ano2023enelcasal\\\/\"},\"wordCount\":1058,\"commentCount\":0,\"publisher\":{\"@id\":\"https:\\\/\\\/www.casaldelsinfants.org\\\/es\\\/#organization\"},\"image\":{\"@id\":\"https:\\\/\\\/www.casaldelsinfants.org\\\/es\\\/actualidad\\\/ano2023enelcasal\\\/#primaryimage\"},\"thumbnailUrl\":\"https:\\\/\\\/www.casaldelsinfants.org\\\/wp-content\\\/uploads\\\/1290850-1-1.webp\",\"articleSection\":[\"Noticia\"],\"inLanguage\":\"es\",\"potentialAction\":[{\"@type\":\"CommentAction\",\"name\":\"Comment\",\"target\":[\"https:\\\/\\\/www.casaldelsinfants.org\\\/es\\\/actualidad\\\/ano2023enelcasal\\\/#respond\"]}]},{\"@type\":\"WebPage\",\"@id\":\"https:\\\/\\\/www.casaldelsinfants.org\\\/es\\\/actualidad\\\/ano2023enelcasal\\\/\",\"url\":\"https:\\\/\\\/www.casaldelsinfants.org\\\/es\\\/actualidad\\\/ano2023enelcasal\\\/\",\"name\":\"El a\u00f1o 2023 en el Casal dels Infants - Casal dels Infants\",\"isPartOf\":{\"@id\":\"https:\\\/\\\/www.casaldelsinfants.org\\\/es\\\/#website\"},\"primaryImageOfPage\":{\"@id\":\"https:\\\/\\\/www.casaldelsinfants.org\\\/es\\\/actualidad\\\/ano2023enelcasal\\\/#primaryimage\"},\"image\":{\"@id\":\"https:\\\/\\\/www.casaldelsinfants.org\\\/es\\\/actualidad\\\/ano2023enelcasal\\\/#primaryimage\"},\"thumbnailUrl\":\"https:\\\/\\\/www.casaldelsinfants.org\\\/wp-content\\\/uploads\\\/1290850-1-1.webp\",\"datePublished\":\"2023-12-27T10:04:11+00:00\",\"dateModified\":\"2023-12-27T10:07:13+00:00\",\"description\":\"El a\u00f1o 2023 est\u00e1 a punto de acabar, y en el Casal dels Infants estamos preparadas para afrontar uno de nuevo, con nuevos retos y pendientes.\",\"breadcrumb\":{\"@id\":\"https:\\\/\\\/www.casaldelsinfants.org\\\/es\\\/actualidad\\\/ano2023enelcasal\\\/#breadcrumb\"},\"inLanguage\":\"es\",\"potentialAction\":[{\"@type\":\"ReadAction\",\"target\":[\"https:\\\/\\\/www.casaldelsinfants.org\\\/es\\\/actualidad\\\/ano2023enelcasal\\\/\"]}]},{\"@type\":\"ImageObject\",\"inLanguage\":\"es\",\"@id\":\"https:\\\/\\\/www.casaldelsinfants.org\\\/es\\\/actualidad\\\/ano2023enelcasal\\\/#primaryimage\",\"url\":\"https:\\\/\\\/www.casaldelsinfants.org\\\/wp-content\\\/uploads\\\/1290850-1-1.webp\",\"contentUrl\":\"https:\\\/\\\/www.casaldelsinfants.org\\\/wp-content\\\/uploads\\\/1290850-1-1.webp\"},{\"@type\":\"BreadcrumbList\",\"@id\":\"https:\\\/\\\/www.casaldelsinfants.org\\\/es\\\/actualidad\\\/ano2023enelcasal\\\/#breadcrumb\",\"itemListElement\":[{\"@type\":\"ListItem\",\"position\":1,\"name\":\"Inici\",\"item\":\"https:\\\/\\\/www.casaldelsinfants.org\\\/es\\\/\"},{\"@type\":\"ListItem\",\"position\":2,\"name\":\"Un 2023 de aniversarios en el Casal dels Infants\"}]},{\"@type\":\"WebSite\",\"@id\":\"https:\\\/\\\/www.casaldelsinfants.org\\\/es\\\/#website\",\"url\":\"https:\\\/\\\/www.casaldelsinfants.org\\\/es\\\/\",\"name\":\"Casal dels Infants\",\"description\":\"\",\"publisher\":{\"@id\":\"https:\\\/\\\/www.casaldelsinfants.org\\\/es\\\/#organization\"},\"potentialAction\":[{\"@type\":\"SearchAction\",\"target\":{\"@type\":\"EntryPoint\",\"urlTemplate\":\"https:\\\/\\\/www.casaldelsinfants.org\\\/es\\\/?s={search_term_string}\"},\"query-input\":{\"@type\":\"PropertyValueSpecification\",\"valueRequired\":true,\"valueName\":\"search_term_string\"}}],\"inLanguage\":\"es\"},{\"@type\":\"Organization\",\"@id\":\"https:\\\/\\\/www.casaldelsinfants.org\\\/es\\\/#organization\",\"name\":\"Casal dels Infants\",\"url\":\"https:\\\/\\\/www.casaldelsinfants.org\\\/es\\\/\",\"logo\":{\"@type\":\"ImageObject\",\"inLanguage\":\"es\",\"@id\":\"https:\\\/\\\/www.casaldelsinfants.org\\\/es\\\/#\\\/schema\\\/logo\\\/image\\\/\",\"url\":\"https:\\\/\\\/www.casaldelsinfants.org\\\/wp-content\\\/uploads\\\/logo-mail.png\",\"contentUrl\":\"https:\\\/\\\/www.casaldelsinfants.org\\\/wp-content\\\/uploads\\\/logo-mail.png\",\"width\":380,\"height\":158,\"caption\":\"Casal dels Infants\"},\"image\":{\"@id\":\"https:\\\/\\\/www.casaldelsinfants.org\\\/es\\\/#\\\/schema\\\/logo\\\/image\\\/\"},\"sameAs\":[\"https:\\\/\\\/www.facebook.com\\\/casalinfants\",\"https:\\\/\\\/x.com\\\/casalinfants\",\"https:\\\/\\\/www.youtube.com\\\/user\\\/CasaldelsInfants1\",\"https:\\\/\\\/www.instagram.com\\\/casalinfants\\\/\",\"https:\\\/\\\/www.linkedin.com\\\/company\\\/casaldelsinfants?trk=organization-update_share-update_actor-text\"]},{\"@type\":\"Person\",\"@id\":\"https:\\\/\\\/www.casaldelsinfants.org\\\/es\\\/#\\\/schema\\\/person\\\/e870791b50f03fd60f872e1cd83910fc\",\"name\":\"julia\"}]}<\/script>\n<!-- \/ Yoast SEO plugin. -->","yoast_head_json":{"title":"El a\u00f1o 2023 en el Casal dels Infants - Casal dels Infants","description":"El a\u00f1o 2023 est\u00e1 a punto de acabar, y en el Casal dels Infants estamos preparadas para afrontar uno de nuevo, con nuevos retos y pendientes.","robots":{"index":"index","follow":"follow","max-snippet":"max-snippet:-1","max-image-preview":"max-image-preview:large","max-video-preview":"max-video-preview:-1"},"canonical":"https:\/\/www.casaldelsinfants.org\/es\/actualidad\/ano2023enelcasal\/","og_locale":"es_ES","og_type":"article","og_title":"El a\u00f1o 2023 en el Casal dels Infants - Casal dels Infants","og_description":"El a\u00f1o 2023 est\u00e1 a punto de acabar, y en el Casal dels Infants estamos preparadas para afrontar uno de nuevo, con nuevos retos y pendientes.","og_url":"https:\/\/www.casaldelsinfants.org\/es\/actualidad\/ano2023enelcasal\/","og_site_name":"Casal dels Infants","article_publisher":"https:\/\/www.facebook.com\/casalinfants","article_published_time":"2023-12-27T10:04:11+00:00","article_modified_time":"2023-12-27T10:07:13+00:00","og_image":[{"url":"https:\/\/www.casaldelsinfants.org\/wp-content\/uploads\/1290850-1-1.webp","type":"","width":"","height":""}],"author":"julia","twitter_card":"summary_large_image","twitter_creator":"@casalinfants","twitter_site":"@casalinfants","twitter_misc":{"Escrito por":"julia","Tiempo de lectura":"6 minutos"},"schema":{"@context":"https:\/\/schema.org","@graph":[{"@type":"Article","@id":"https:\/\/www.casaldelsinfants.org\/es\/actualidad\/ano2023enelcasal\/#article","isPartOf":{"@id":"https:\/\/www.casaldelsinfants.org\/es\/actualidad\/ano2023enelcasal\/"},"author":{"name":"julia","@id":"https:\/\/www.casaldelsinfants.org\/es\/#\/schema\/person\/e870791b50f03fd60f872e1cd83910fc"},"headline":"Un 2023 de aniversarios en el Casal dels Infants","datePublished":"2023-12-27T10:04:11+00:00","dateModified":"2023-12-27T10:07:13+00:00","mainEntityOfPage":{"@id":"https:\/\/www.casaldelsinfants.org\/es\/actualidad\/ano2023enelcasal\/"},"wordCount":1058,"commentCount":0,"publisher":{"@id":"https:\/\/www.casaldelsinfants.org\/es\/#organization"},"image":{"@id":"https:\/\/www.casaldelsinfants.org\/es\/actualidad\/ano2023enelcasal\/#primaryimage"},"thumbnailUrl":"https:\/\/www.casaldelsinfants.org\/wp-content\/uploads\/1290850-1-1.webp","articleSection":["Noticia"],"inLanguage":"es","potentialAction":[{"@type":"CommentAction","name":"Comment","target":["https:\/\/www.casaldelsinfants.org\/es\/actualidad\/ano2023enelcasal\/#respond"]}]},{"@type":"WebPage","@id":"https:\/\/www.casaldelsinfants.org\/es\/actualidad\/ano2023enelcasal\/","url":"https:\/\/www.casaldelsinfants.org\/es\/actualidad\/ano2023enelcasal\/","name":"El a\u00f1o 2023 en el Casal dels Infants - Casal dels Infants","isPartOf":{"@id":"https:\/\/www.casaldelsinfants.org\/es\/#website"},"primaryImageOfPage":{"@id":"https:\/\/www.casaldelsinfants.org\/es\/actualidad\/ano2023enelcasal\/#primaryimage"},"image":{"@id":"https:\/\/www.casaldelsinfants.org\/es\/actualidad\/ano2023enelcasal\/#primaryimage"},"thumbnailUrl":"https:\/\/www.casaldelsinfants.org\/wp-content\/uploads\/1290850-1-1.webp","datePublished":"2023-12-27T10:04:11+00:00","dateModified":"2023-12-27T10:07:13+00:00","description":"El a\u00f1o 2023 est\u00e1 a punto de acabar, y en el Casal dels Infants estamos preparadas para afrontar uno de nuevo, con nuevos retos y pendientes.","breadcrumb":{"@id":"https:\/\/www.casaldelsinfants.org\/es\/actualidad\/ano2023enelcasal\/#breadcrumb"},"inLanguage":"es","potentialAction":[{"@type":"ReadAction","target":["https:\/\/www.casaldelsinfants.org\/es\/actualidad\/ano2023enelcasal\/"]}]},{"@type":"ImageObject","inLanguage":"es","@id":"https:\/\/www.casaldelsinfants.org\/es\/actualidad\/ano2023enelcasal\/#primaryimage","url":"https:\/\/www.casaldelsinfants.org\/wp-content\/uploads\/1290850-1-1.webp","contentUrl":"https:\/\/www.casaldelsinfants.org\/wp-content\/uploads\/1290850-1-1.webp"},{"@type":"BreadcrumbList","@id":"https:\/\/www.casaldelsinfants.org\/es\/actualidad\/ano2023enelcasal\/#breadcrumb","itemListElement":[{"@type":"ListItem","position":1,"name":"Inici","item":"https:\/\/www.casaldelsinfants.org\/es\/"},{"@type":"ListItem","position":2,"name":"Un 2023 de aniversarios en el Casal dels Infants"}]},{"@type":"WebSite","@id":"https:\/\/www.casaldelsinfants.org\/es\/#website","url":"https:\/\/www.casaldelsinfants.org\/es\/","name":"Casal dels Infants","description":"","publisher":{"@id":"https:\/\/www.casaldelsinfants.org\/es\/#organization"},"potentialAction":[{"@type":"SearchAction","target":{"@type":"EntryPoint","urlTemplate":"https:\/\/www.casaldelsinfants.org\/es\/?s={search_term_string}"},"query-input":{"@type":"PropertyValueSpecification","valueRequired":true,"valueName":"search_term_string"}}],"inLanguage":"es"},{"@type":"Organization","@id":"https:\/\/www.casaldelsinfants.org\/es\/#organization","name":"Casal dels Infants","url":"https:\/\/www.casaldelsinfants.org\/es\/","logo":{"@type":"ImageObject","inLanguage":"es","@id":"https:\/\/www.casaldelsinfants.org\/es\/#\/schema\/logo\/image\/","url":"https:\/\/www.casaldelsinfants.org\/wp-content\/uploads\/logo-mail.png","contentUrl":"https:\/\/www.casaldelsinfants.org\/wp-content\/uploads\/logo-mail.png","width":380,"height":158,"caption":"Casal dels Infants"},"image":{"@id":"https:\/\/www.casaldelsinfants.org\/es\/#\/schema\/logo\/image\/"},"sameAs":["https:\/\/www.facebook.com\/casalinfants","https:\/\/x.com\/casalinfants","https:\/\/www.youtube.com\/user\/CasaldelsInfants1","https:\/\/www.instagram.com\/casalinfants\/","https:\/\/www.linkedin.com\/company\/casaldelsinfants?trk=organization-update_share-update_actor-text"]},{"@type":"Person","@id":"https:\/\/www.casaldelsinfants.org\/es\/#\/schema\/person\/e870791b50f03fd60f872e1cd83910fc","name":"julia"}]}},"publishpress_future_action":{"enabled":false,"date":"2026-05-08 23:39:05","action":"change-status","newStatus":"draft","terms":[],"taxonomy":"category","extraData":[]},"publishpress_future_workflow_manual_trigger":{"enabledWorkflows":[]},"_links":{"self":[{"href":"https:\/\/www.casaldelsinfants.org\/es\/wp-json\/wp\/v2\/posts\/17402","targetHints":{"allow":["GET"]}}],"collection":[{"href":"https:\/\/www.casaldelsinfants.org\/es\/wp-json\/wp\/v2\/posts"}],"about":[{"href":"https:\/\/www.casaldelsinfants.org\/es\/wp-json\/wp\/v2\/types\/post"}],"author":[{"embeddable":true,"href":"https:\/\/www.casaldelsinfants.org\/es\/wp-json\/wp\/v2\/users\/9"}],"replies":[{"embeddable":true,"href":"https:\/\/www.casaldelsinfants.org\/es\/wp-json\/wp\/v2\/comments?post=17402"}],"version-history":[{"count":5,"href":"https:\/\/www.casaldelsinfants.org\/es\/wp-json\/wp\/v2\/posts\/17402\/revisions"}],"predecessor-version":[{"id":17467,"href":"https:\/\/www.casaldelsinfants.org\/es\/wp-json\/wp\/v2\/posts\/17402\/revisions\/17467"}],"wp:attachment":[{"href":"https:\/\/www.casaldelsinfants.org\/es\/wp-json\/wp\/v2\/media?parent=17402"}],"wp:term":[{"taxonomy":"category","embeddable":true,"href":"https:\/\/www.casaldelsinfants.org\/es\/wp-json\/wp\/v2\/categories?post=17402"},{"taxonomy":"post_tag","embeddable":true,"href":"https:\/\/www.casaldelsinfants.org\/es\/wp-json\/wp\/v2\/tags?post=17402"},{"taxonomy":"seus","embeddable":true,"href":"https:\/\/www.casaldelsinfants.org\/es\/wp-json\/wp\/v2\/seus?post=17402"},{"taxonomy":"eixos","embeddable":true,"href":"https:\/\/www.casaldelsinfants.org\/es\/wp-json\/wp\/v2\/eixos?post=17402"}],"curies":[{"name":"wp","href":"https:\/\/api.w.org\/{rel}","templated":true}]}}