{"id":17472,"date":"2023-12-27T18:05:23","date_gmt":"2023-12-27T16:05:23","guid":{"rendered":"https:\/\/www.casaldelsinfants.org\/?p=17472"},"modified":"2023-12-27T18:05:23","modified_gmt":"2023-12-27T16:05:23","slug":"6-retos-infancia-en-riesgo-2024","status":"publish","type":"post","link":"https:\/\/www.casaldelsinfants.org\/es\/actualidad\/6-retos-infancia-en-riesgo-2024\/","title":{"rendered":"6 retos con la infancia en riesgo de exclusi\u00f3n para el 2024"},"content":{"rendered":"<p>En el Casal dels Infants afrontamos el <strong>2024<\/strong> con el compromiso de <strong>seguir acompa\u00f1ando a 7.000 ni\u00f1os, ni\u00f1as, madres y padres en riesgo de exclusi\u00f3n social<\/strong>. Seguiremos sumando esfuerzos para garantizarlos apoyo social y educativo a trav\u00e9s de nuestros <strong>55 servicios<\/strong>. \u00bfCu\u00e1les son los 6 retos con la infancia en riesgo de exclusi\u00f3n para el 2024 que creemos que hace falta abordar?<\/p>\n<p>&nbsp;<\/p>\n<h2>Pobreza infantil<\/h2>\n<p>La pobreza infantil es un problema grave y estructural. En Catalunya, un 27,5% de los ni\u00f1os y ni\u00f1as se encuentra en riesgo de pobreza, pero si analizamos los datos en detalle, hay muchos <a href=\"https:\/\/www.casaldelsinfants.org\/actualitat\/pobresa-infantil-districtes\/\" target=\"_blank\" rel=\"noopener\">municipios donde, en alguno de sus distritos, la mitad de los ni\u00f1os y ni\u00f1as se encuentran en esta situaci\u00f3n<\/a>.<\/p>\n<p>Para hacerle frente, defendemos que las administraciones p\u00fablicas tienen que invertir m\u00e1s recursos en estos barrios que concentran los efectos de las desigualdades en los ni\u00f1os y ni\u00f1as. Hacen falta redes comunitarias fuertes que sostengan el bienestar de estos ni\u00f1os y ni\u00f1as en el d\u00eda a d\u00eda. Estas medidas ya est\u00e1n previstas en la Ley de los Derechos y las Oportunidades en la Infancia y Adolescencia.<\/p>\n<p>En estas redes tienen que tener un papel clave los servicios de apoyo social y educativo, como los que tiramos adelante en el Casal dels Infants. Sabemos que tienen un impacto positivo muy importante en el d\u00eda a d\u00eda de los ni\u00f1os y ni\u00f1as y familias que participan, y hace falta destinar m\u00e1s recursos para que lleguen a todo el mundo quien lo necesita.<\/p>\n<p>&nbsp;<\/p>\n<h2>Educaci\u00f3n 0-3 y apoyo en la crianza<\/h2>\n<p>La etapa de los 0 a los 3 a\u00f1os determina el desarrollo del cerebro y buena parte del bienestar emocional de las personas. Es por eso que garantizar espacios educativos en esta etapa es una de las herramientas m\u00e1s eficientes para combatir las desigualdades sociales y la pobreza. No es suficiente estimular estos primeros aprendizajes de los ni\u00f1os y ni\u00f1as, pero: hace falta garantizar apoyo en la crianza a quien los cuida, sus padres y madres.<\/p>\n<p>En el Casal dels Infants apostamos por las dos cosas en nuestro\u00a0<a href=\"https:\/\/www.casaldelsinfants.org\/actualitat\/\">servicio maternoinfantil Vincles<\/a>. Al mismo tiempo, reclamamos un acceso universal y gratuito en las guarder\u00edas. En Catalunya, pero, solo 4 de cada 10 ni\u00f1os y ni\u00f1as menores de 3 a\u00f1os tiene acceso. Por eso apostamos para que, hasta que no se garanticen plazas para todos los ni\u00f1os y ni\u00f1as y de forma gratuita, se priorice la escolarizaci\u00f3n en esta etapa de los ni\u00f1os y ni\u00f1as en riesgo de exclusi\u00f3n social. Por eso es urgente cambiar los criterios de prioridad en el acceso y la reserva de plazas para este perfil de ni\u00f1os y ni\u00f1as, entre otras medidas, tal y como recogemos en el dosier\u00a0 <a href=\"https:\/\/www.casaldelsinfants.org\/wp-content\/uploads\/Dossier-CAT-Petita-Infancia-Grans-desigualtats-casal-dels-Infants-ASB-2022.pdf\">&#8216;Petita inf\u00e0ncia, grans desigualtats&#8217;<\/a>.<\/p>\n<p>&nbsp;<\/p>\n<h2>Competencias digitales<\/h2>\n<p>La brecha digital, es decir las desigualdades en el acceso y el dominio de las herramientas TIC, agrava cada vez m\u00e1s las desigualdades sociales que ya arrastr\u00e1bamos. Si durante la pandemia esta brecha se hizo evidente y reaccionamos garantizando el acceso a dispositivos y conexi\u00f3n a la red a familias con ni\u00f1os que no ten\u00edan, ahora centramos los esfuerzos en que tambi\u00e9n puedan sacar el m\u00e1ximo provecho de estas herramientas.<\/p>\n<p>El\u00a0<a href=\"https:\/\/www.casaldelsinfants.org\/actualitat\/tic-tac-inclusio-digital\/\">programa Tic Tac<\/a> responde a este reto. Se trata de una estrategia transversal para hacer frente a dos \u00e1mbitos de la brecha digital: las desigualdades en el uso y la cualidad del uso de los recursos digitales. Apostamos porque los ni\u00f1os y ni\u00f1as tengan competencias digitales que favorezcan su \u00e9xito educativo, para la metodolog\u00eda rol maker y para promover el bienestar digital. Tambi\u00e9n trabajamos con las familias porque a trav\u00e9s de las herramientas digitales puedan dar apoyo a sus ni\u00f1os en las tareas educativas, ejercer sus derechos, interaccionar con la administraci\u00f3n p\u00fablica, participar en la toma de decisiones en la comunidad y ampliar la red social.<\/p>\n<p>&nbsp;<\/p>\n<h2>Continuidad formativa<\/h2>\n<p>En Catalunya tenemos un 16,9% de abandono escolar prematuro. Es decir, esta es la proporci\u00f3n de chicos y chicas de entre 18 y 24 a\u00f1os que ha conseguido como m\u00e1ximo la ESO. No continuar estudiando m\u00e1s all\u00e1<a href=\"https:\/\/fundaciobofill.cat\/blog\/infografia-joves-abandonament-feina-manual-no-qualificada\"> complica el futuro de estos chicos y chicas<\/a>. Cambiar esta situaci\u00f3n pasa por mejorar aspectos del sistema educativo, como el acceso a la educaci\u00f3n 0-3, la falta de un financiaci\u00f3n suficiente y la elevada segregaci\u00f3n escolar. Pero tambi\u00e9n es clave garantizar espacios de apoyo educativo fuera del horario lectivo para los quien m\u00e1s lo necesitan. En el Casal dels Infants apostamos por este refuerzo de los aprendizajes con una visi\u00f3n de largo plazo: cada d\u00eda y a lo largo de todas las etapas educativas.<\/p>\n<p>De otro lado, en el Programa de Becas ofrecemos acompa\u00f1amiento acad\u00e9mico y ayudas econ\u00f3micas para garantizar la continuidad formativa de los chicos y chicas m\u00e1s all\u00e1 de la etapa obligatoria. Financian estas ayudas la Fundaci\u00f3 Nou Cims, la Fundaci\u00f3 Kasperle y la Fundaci\u00f3 Sandra Salgado Montells, para complementar la beca para estudios postobligatorios del estado.<\/p>\n<p>&nbsp;<\/p>\n<h2>Prestaciones m\u00e1s efectivas para los ni\u00f1os y ni\u00f1as<\/h2>\n<p>Las transferencias sociales, es decir, el conjunto de prestaciones y pensiones de las administraciones p\u00fablicas, son clave para reducir las desigualdades y la exclusi\u00f3n social. <a href=\"https:\/\/www.casaldelsinfants.org\/actualitat\/prestacionsinfancia\/\" target=\"_blank\" rel=\"noopener\">Los ni\u00f1os, pero, son los que menos se benefician<\/a>. En Catalunya, a pesar de ser la franja de edad que m\u00e1s sufre la pobreza, solo uno de cada cuatro ni\u00f1os y ni\u00f1as en riesgo de pobreza sale de esta situaci\u00f3n gracias a las transferencias sociales.<\/p>\n<p>Esta falta de protecci\u00f3n social de los m\u00e1s peque\u00f1os supone una grave vulneraci\u00f3n de sus derechos. Las pol\u00edticas de garant\u00eda de renda condicionadas, y concretamente la Renda Garantida de Ciudadan\u00eda y el Ingreso M\u00ednimo Vital, han demostrado tener un impacto claramente insuficiente en la reducci\u00f3n de la pobreza infantil. Reclamamos como alternativa una prestaci\u00f3n de alcance de todos los ni\u00f1os y ni\u00f1as, sin requisitos ni procesos de tramitaci\u00f3n que reduzcan la eficacia y eficiencia, una medida que supondr\u00eda un paso adelante muy importante para combatir la pobreza entre la infancia.<\/p>\n<p>&nbsp;<\/p>\n<h2>Vivienda y pobreza energ\u00e9tica<\/h2>\n<p>La vulneraci\u00f3n del derecho a la vivienda sigue afectando muchas familias con ni\u00f1os y ni\u00f1as en riesgo en Catalunya, y es una situaci\u00f3n que afecta todos los \u00e1mbitos de la vida de estos ni\u00f1os y ni\u00f1as. Uno de cada cinco ni\u00f1os y ni\u00f1as vive en un hogar donde la familia ni puede hacer frente puntualmente al pago de gastos relacionados con la vivienda o mantenerlo a una temperatura adecuada.<\/p>\n<p>Los desahucios contin\u00faan siendo una lacra. A pesar de las moratorias y lo que contemplas las leyes, muchos ni\u00f1os y ni\u00f1as pierden su casa. Ante esta situaci\u00f3n, reclamamos garantizar un alquiler social a las familias en situaci\u00f3n de vulnerabilidad antes de ejecutar un desahucio, tal y como prev\u00e9 la ley 24\/2015, de medidas urgentes para afrontar la emergencia en el \u00e1mbito de la vivienda y la pobreza energ\u00e9tica. El realojamiento tiene que garantizar condiciones adecuadas para las familias con ni\u00f1os y ni\u00f1as a cargo, haciendo prevalecer el inter\u00e9s superior del ni\u00f1o y evitando soluciones temporales y precarias como albergues o residencias. En el caso que sean viviendas de grandes tenedores, hace falta velar para que estos garanticen una vivienda social a las familias en riesgo de exclusi\u00f3n social, tal y como establece la ley 1\/2022 para afrontar la emergencia en el \u00e1mbito de la vivienda.<\/p>\n","protected":false},"excerpt":{"rendered":"<p>En el Casal dels Infants afrontamos el 2024 con el compromiso de seguir acompa\u00f1ando a 7.000 ni\u00f1os, ni\u00f1as, madres y padres en riesgo de exclusi\u00f3n social. Seguiremos sumando esfuerzos para garantizarlos apoyo social y educativo a trav\u00e9s de nuestros 55 servicios. \u00bfCu\u00e1les son los 6 retos con la infancia en riesgo de exclusi\u00f3n para el [&hellip;]<\/p>\n","protected":false},"author":9,"featured_media":17397,"comment_status":"open","ping_status":"open","sticky":false,"template":"","format":"standard","meta":{"_acf_changed":false,"_et_pb_use_builder":"","_et_pb_old_content":"","_et_gb_content_width":"","inline_featured_image":false,"footnotes":""},"categories":[125],"tags":[],"seus":[],"eixos":[205],"class_list":["post-17472","post","type-post","status-publish","format-standard","has-post-thumbnail","hentry","category-noticias","eixos-infancia-y-adolescencia-es"],"acf":[],"yoast_head":"<!-- This site is optimized with the Yoast SEO plugin v27.4 - https:\/\/yoast.com\/product\/yoast-seo-wordpress\/ -->\n<title>6 retos con la infancia en riesgo de exclusi\u00f3n para el 2024 - Casal dels Infants<\/title>\n<meta name=\"description\" content=\"Desde el Casal dels Infants planteamos los 6 retos con la infancia en riesgo de exclusi\u00f3n para el 2024 en Catalunya.\" \/>\n<meta name=\"robots\" content=\"index, follow, max-snippet:-1, max-image-preview:large, max-video-preview:-1\" \/>\n<link rel=\"canonical\" href=\"https:\/\/www.casaldelsinfants.org\/es\/actualidad\/6-retos-infancia-en-riesgo-2024\/\" \/>\n<meta property=\"og:locale\" content=\"es_ES\" \/>\n<meta property=\"og:type\" content=\"article\" \/>\n<meta property=\"og:title\" content=\"6 retos con la infancia en riesgo de exclusi\u00f3n para el 2024 - Casal dels Infants\" \/>\n<meta property=\"og:description\" content=\"Desde el Casal dels Infants planteamos los 6 retos con la infancia en riesgo de exclusi\u00f3n para el 2024 en Catalunya.\" \/>\n<meta property=\"og:url\" content=\"https:\/\/www.casaldelsinfants.org\/es\/actualidad\/6-retos-infancia-en-riesgo-2024\/\" \/>\n<meta property=\"og:site_name\" content=\"Casal dels Infants\" \/>\n<meta property=\"article:publisher\" content=\"https:\/\/www.facebook.com\/casalinfants\" \/>\n<meta property=\"article:published_time\" content=\"2023-12-27T16:05:23+00:00\" \/>\n<meta property=\"og:image\" content=\"https:\/\/www.casaldelsinfants.org\/wp-content\/uploads\/1050323-scaled.webp\" \/>\n\t<meta property=\"og:image:width\" content=\"2560\" \/>\n\t<meta property=\"og:image:height\" content=\"1922\" \/>\n\t<meta property=\"og:image:type\" content=\"image\/webp\" \/>\n<meta name=\"author\" content=\"julia\" \/>\n<meta name=\"twitter:card\" content=\"summary_large_image\" \/>\n<meta name=\"twitter:creator\" content=\"@casalinfants\" \/>\n<meta name=\"twitter:site\" content=\"@casalinfants\" \/>\n<meta name=\"twitter:label1\" content=\"Escrito por\" \/>\n\t<meta name=\"twitter:data1\" content=\"julia\" \/>\n\t<meta name=\"twitter:label2\" content=\"Tiempo de lectura\" \/>\n\t<meta name=\"twitter:data2\" content=\"7 minutos\" \/>\n<script type=\"application\/ld+json\" class=\"yoast-schema-graph\">{\"@context\":\"https:\\\/\\\/schema.org\",\"@graph\":[{\"@type\":\"Article\",\"@id\":\"https:\\\/\\\/www.casaldelsinfants.org\\\/es\\\/actualidad\\\/6-retos-infancia-en-riesgo-2024\\\/#article\",\"isPartOf\":{\"@id\":\"https:\\\/\\\/www.casaldelsinfants.org\\\/es\\\/actualidad\\\/6-retos-infancia-en-riesgo-2024\\\/\"},\"author\":{\"name\":\"julia\",\"@id\":\"https:\\\/\\\/www.casaldelsinfants.org\\\/es\\\/#\\\/schema\\\/person\\\/e870791b50f03fd60f872e1cd83910fc\"},\"headline\":\"6 retos con la infancia en riesgo de exclusi\u00f3n para el 2024\",\"datePublished\":\"2023-12-27T16:05:23+00:00\",\"mainEntityOfPage\":{\"@id\":\"https:\\\/\\\/www.casaldelsinfants.org\\\/es\\\/actualidad\\\/6-retos-infancia-en-riesgo-2024\\\/\"},\"wordCount\":1312,\"commentCount\":0,\"publisher\":{\"@id\":\"https:\\\/\\\/www.casaldelsinfants.org\\\/es\\\/#organization\"},\"image\":{\"@id\":\"https:\\\/\\\/www.casaldelsinfants.org\\\/es\\\/actualidad\\\/6-retos-infancia-en-riesgo-2024\\\/#primaryimage\"},\"thumbnailUrl\":\"https:\\\/\\\/www.casaldelsinfants.org\\\/wp-content\\\/uploads\\\/1050323-scaled.webp\",\"articleSection\":[\"Noticia\"],\"inLanguage\":\"es\",\"potentialAction\":[{\"@type\":\"CommentAction\",\"name\":\"Comment\",\"target\":[\"https:\\\/\\\/www.casaldelsinfants.org\\\/es\\\/actualidad\\\/6-retos-infancia-en-riesgo-2024\\\/#respond\"]}]},{\"@type\":\"WebPage\",\"@id\":\"https:\\\/\\\/www.casaldelsinfants.org\\\/es\\\/actualidad\\\/6-retos-infancia-en-riesgo-2024\\\/\",\"url\":\"https:\\\/\\\/www.casaldelsinfants.org\\\/es\\\/actualidad\\\/6-retos-infancia-en-riesgo-2024\\\/\",\"name\":\"6 retos con la infancia en riesgo de exclusi\u00f3n para el 2024 - Casal dels Infants\",\"isPartOf\":{\"@id\":\"https:\\\/\\\/www.casaldelsinfants.org\\\/es\\\/#website\"},\"primaryImageOfPage\":{\"@id\":\"https:\\\/\\\/www.casaldelsinfants.org\\\/es\\\/actualidad\\\/6-retos-infancia-en-riesgo-2024\\\/#primaryimage\"},\"image\":{\"@id\":\"https:\\\/\\\/www.casaldelsinfants.org\\\/es\\\/actualidad\\\/6-retos-infancia-en-riesgo-2024\\\/#primaryimage\"},\"thumbnailUrl\":\"https:\\\/\\\/www.casaldelsinfants.org\\\/wp-content\\\/uploads\\\/1050323-scaled.webp\",\"datePublished\":\"2023-12-27T16:05:23+00:00\",\"description\":\"Desde el Casal dels Infants planteamos los 6 retos con la infancia en riesgo de exclusi\u00f3n para el 2024 en Catalunya.\",\"breadcrumb\":{\"@id\":\"https:\\\/\\\/www.casaldelsinfants.org\\\/es\\\/actualidad\\\/6-retos-infancia-en-riesgo-2024\\\/#breadcrumb\"},\"inLanguage\":\"es\",\"potentialAction\":[{\"@type\":\"ReadAction\",\"target\":[\"https:\\\/\\\/www.casaldelsinfants.org\\\/es\\\/actualidad\\\/6-retos-infancia-en-riesgo-2024\\\/\"]}]},{\"@type\":\"ImageObject\",\"inLanguage\":\"es\",\"@id\":\"https:\\\/\\\/www.casaldelsinfants.org\\\/es\\\/actualidad\\\/6-retos-infancia-en-riesgo-2024\\\/#primaryimage\",\"url\":\"https:\\\/\\\/www.casaldelsinfants.org\\\/wp-content\\\/uploads\\\/1050323-scaled.webp\",\"contentUrl\":\"https:\\\/\\\/www.casaldelsinfants.org\\\/wp-content\\\/uploads\\\/1050323-scaled.webp\",\"width\":2560,\"height\":1922,\"caption\":\"La pobresa infantil, l'educaci\u00f3 0-3,\"},{\"@type\":\"BreadcrumbList\",\"@id\":\"https:\\\/\\\/www.casaldelsinfants.org\\\/es\\\/actualidad\\\/6-retos-infancia-en-riesgo-2024\\\/#breadcrumb\",\"itemListElement\":[{\"@type\":\"ListItem\",\"position\":1,\"name\":\"Inici\",\"item\":\"https:\\\/\\\/www.casaldelsinfants.org\\\/es\\\/\"},{\"@type\":\"ListItem\",\"position\":2,\"name\":\"6 retos con la infancia en riesgo de exclusi\u00f3n para el 2024\"}]},{\"@type\":\"WebSite\",\"@id\":\"https:\\\/\\\/www.casaldelsinfants.org\\\/es\\\/#website\",\"url\":\"https:\\\/\\\/www.casaldelsinfants.org\\\/es\\\/\",\"name\":\"Casal dels Infants\",\"description\":\"\",\"publisher\":{\"@id\":\"https:\\\/\\\/www.casaldelsinfants.org\\\/es\\\/#organization\"},\"potentialAction\":[{\"@type\":\"SearchAction\",\"target\":{\"@type\":\"EntryPoint\",\"urlTemplate\":\"https:\\\/\\\/www.casaldelsinfants.org\\\/es\\\/?s={search_term_string}\"},\"query-input\":{\"@type\":\"PropertyValueSpecification\",\"valueRequired\":true,\"valueName\":\"search_term_string\"}}],\"inLanguage\":\"es\"},{\"@type\":\"Organization\",\"@id\":\"https:\\\/\\\/www.casaldelsinfants.org\\\/es\\\/#organization\",\"name\":\"Casal dels Infants\",\"url\":\"https:\\\/\\\/www.casaldelsinfants.org\\\/es\\\/\",\"logo\":{\"@type\":\"ImageObject\",\"inLanguage\":\"es\",\"@id\":\"https:\\\/\\\/www.casaldelsinfants.org\\\/es\\\/#\\\/schema\\\/logo\\\/image\\\/\",\"url\":\"https:\\\/\\\/www.casaldelsinfants.org\\\/wp-content\\\/uploads\\\/logo-mail.png\",\"contentUrl\":\"https:\\\/\\\/www.casaldelsinfants.org\\\/wp-content\\\/uploads\\\/logo-mail.png\",\"width\":380,\"height\":158,\"caption\":\"Casal dels Infants\"},\"image\":{\"@id\":\"https:\\\/\\\/www.casaldelsinfants.org\\\/es\\\/#\\\/schema\\\/logo\\\/image\\\/\"},\"sameAs\":[\"https:\\\/\\\/www.facebook.com\\\/casalinfants\",\"https:\\\/\\\/x.com\\\/casalinfants\",\"https:\\\/\\\/www.youtube.com\\\/user\\\/CasaldelsInfants1\",\"https:\\\/\\\/www.instagram.com\\\/casalinfants\\\/\",\"https:\\\/\\\/www.linkedin.com\\\/company\\\/casaldelsinfants?trk=organization-update_share-update_actor-text\"]},{\"@type\":\"Person\",\"@id\":\"https:\\\/\\\/www.casaldelsinfants.org\\\/es\\\/#\\\/schema\\\/person\\\/e870791b50f03fd60f872e1cd83910fc\",\"name\":\"julia\"}]}<\/script>\n<!-- \/ Yoast SEO plugin. -->","yoast_head_json":{"title":"6 retos con la infancia en riesgo de exclusi\u00f3n para el 2024 - Casal dels Infants","description":"Desde el Casal dels Infants planteamos los 6 retos con la infancia en riesgo de exclusi\u00f3n para el 2024 en Catalunya.","robots":{"index":"index","follow":"follow","max-snippet":"max-snippet:-1","max-image-preview":"max-image-preview:large","max-video-preview":"max-video-preview:-1"},"canonical":"https:\/\/www.casaldelsinfants.org\/es\/actualidad\/6-retos-infancia-en-riesgo-2024\/","og_locale":"es_ES","og_type":"article","og_title":"6 retos con la infancia en riesgo de exclusi\u00f3n para el 2024 - Casal dels Infants","og_description":"Desde el Casal dels Infants planteamos los 6 retos con la infancia en riesgo de exclusi\u00f3n para el 2024 en Catalunya.","og_url":"https:\/\/www.casaldelsinfants.org\/es\/actualidad\/6-retos-infancia-en-riesgo-2024\/","og_site_name":"Casal dels Infants","article_publisher":"https:\/\/www.facebook.com\/casalinfants","article_published_time":"2023-12-27T16:05:23+00:00","og_image":[{"width":2560,"height":1922,"url":"https:\/\/www.casaldelsinfants.org\/wp-content\/uploads\/1050323-scaled.webp","type":"image\/webp"}],"author":"julia","twitter_card":"summary_large_image","twitter_creator":"@casalinfants","twitter_site":"@casalinfants","twitter_misc":{"Escrito por":"julia","Tiempo de lectura":"7 minutos"},"schema":{"@context":"https:\/\/schema.org","@graph":[{"@type":"Article","@id":"https:\/\/www.casaldelsinfants.org\/es\/actualidad\/6-retos-infancia-en-riesgo-2024\/#article","isPartOf":{"@id":"https:\/\/www.casaldelsinfants.org\/es\/actualidad\/6-retos-infancia-en-riesgo-2024\/"},"author":{"name":"julia","@id":"https:\/\/www.casaldelsinfants.org\/es\/#\/schema\/person\/e870791b50f03fd60f872e1cd83910fc"},"headline":"6 retos con la infancia en riesgo de exclusi\u00f3n para el 2024","datePublished":"2023-12-27T16:05:23+00:00","mainEntityOfPage":{"@id":"https:\/\/www.casaldelsinfants.org\/es\/actualidad\/6-retos-infancia-en-riesgo-2024\/"},"wordCount":1312,"commentCount":0,"publisher":{"@id":"https:\/\/www.casaldelsinfants.org\/es\/#organization"},"image":{"@id":"https:\/\/www.casaldelsinfants.org\/es\/actualidad\/6-retos-infancia-en-riesgo-2024\/#primaryimage"},"thumbnailUrl":"https:\/\/www.casaldelsinfants.org\/wp-content\/uploads\/1050323-scaled.webp","articleSection":["Noticia"],"inLanguage":"es","potentialAction":[{"@type":"CommentAction","name":"Comment","target":["https:\/\/www.casaldelsinfants.org\/es\/actualidad\/6-retos-infancia-en-riesgo-2024\/#respond"]}]},{"@type":"WebPage","@id":"https:\/\/www.casaldelsinfants.org\/es\/actualidad\/6-retos-infancia-en-riesgo-2024\/","url":"https:\/\/www.casaldelsinfants.org\/es\/actualidad\/6-retos-infancia-en-riesgo-2024\/","name":"6 retos con la infancia en riesgo de exclusi\u00f3n para el 2024 - Casal dels Infants","isPartOf":{"@id":"https:\/\/www.casaldelsinfants.org\/es\/#website"},"primaryImageOfPage":{"@id":"https:\/\/www.casaldelsinfants.org\/es\/actualidad\/6-retos-infancia-en-riesgo-2024\/#primaryimage"},"image":{"@id":"https:\/\/www.casaldelsinfants.org\/es\/actualidad\/6-retos-infancia-en-riesgo-2024\/#primaryimage"},"thumbnailUrl":"https:\/\/www.casaldelsinfants.org\/wp-content\/uploads\/1050323-scaled.webp","datePublished":"2023-12-27T16:05:23+00:00","description":"Desde el Casal dels Infants planteamos los 6 retos con la infancia en riesgo de exclusi\u00f3n para el 2024 en Catalunya.","breadcrumb":{"@id":"https:\/\/www.casaldelsinfants.org\/es\/actualidad\/6-retos-infancia-en-riesgo-2024\/#breadcrumb"},"inLanguage":"es","potentialAction":[{"@type":"ReadAction","target":["https:\/\/www.casaldelsinfants.org\/es\/actualidad\/6-retos-infancia-en-riesgo-2024\/"]}]},{"@type":"ImageObject","inLanguage":"es","@id":"https:\/\/www.casaldelsinfants.org\/es\/actualidad\/6-retos-infancia-en-riesgo-2024\/#primaryimage","url":"https:\/\/www.casaldelsinfants.org\/wp-content\/uploads\/1050323-scaled.webp","contentUrl":"https:\/\/www.casaldelsinfants.org\/wp-content\/uploads\/1050323-scaled.webp","width":2560,"height":1922,"caption":"La pobresa infantil, l'educaci\u00f3 0-3,"},{"@type":"BreadcrumbList","@id":"https:\/\/www.casaldelsinfants.org\/es\/actualidad\/6-retos-infancia-en-riesgo-2024\/#breadcrumb","itemListElement":[{"@type":"ListItem","position":1,"name":"Inici","item":"https:\/\/www.casaldelsinfants.org\/es\/"},{"@type":"ListItem","position":2,"name":"6 retos con la infancia en riesgo de exclusi\u00f3n para el 2024"}]},{"@type":"WebSite","@id":"https:\/\/www.casaldelsinfants.org\/es\/#website","url":"https:\/\/www.casaldelsinfants.org\/es\/","name":"Casal dels Infants","description":"","publisher":{"@id":"https:\/\/www.casaldelsinfants.org\/es\/#organization"},"potentialAction":[{"@type":"SearchAction","target":{"@type":"EntryPoint","urlTemplate":"https:\/\/www.casaldelsinfants.org\/es\/?s={search_term_string}"},"query-input":{"@type":"PropertyValueSpecification","valueRequired":true,"valueName":"search_term_string"}}],"inLanguage":"es"},{"@type":"Organization","@id":"https:\/\/www.casaldelsinfants.org\/es\/#organization","name":"Casal dels Infants","url":"https:\/\/www.casaldelsinfants.org\/es\/","logo":{"@type":"ImageObject","inLanguage":"es","@id":"https:\/\/www.casaldelsinfants.org\/es\/#\/schema\/logo\/image\/","url":"https:\/\/www.casaldelsinfants.org\/wp-content\/uploads\/logo-mail.png","contentUrl":"https:\/\/www.casaldelsinfants.org\/wp-content\/uploads\/logo-mail.png","width":380,"height":158,"caption":"Casal dels Infants"},"image":{"@id":"https:\/\/www.casaldelsinfants.org\/es\/#\/schema\/logo\/image\/"},"sameAs":["https:\/\/www.facebook.com\/casalinfants","https:\/\/x.com\/casalinfants","https:\/\/www.youtube.com\/user\/CasaldelsInfants1","https:\/\/www.instagram.com\/casalinfants\/","https:\/\/www.linkedin.com\/company\/casaldelsinfants?trk=organization-update_share-update_actor-text"]},{"@type":"Person","@id":"https:\/\/www.casaldelsinfants.org\/es\/#\/schema\/person\/e870791b50f03fd60f872e1cd83910fc","name":"julia"}]}},"publishpress_future_action":{"enabled":false,"date":"2026-05-08 13:29:29","action":"change-status","newStatus":"draft","terms":[],"taxonomy":"category","extraData":[]},"publishpress_future_workflow_manual_trigger":{"enabledWorkflows":[]},"_links":{"self":[{"href":"https:\/\/www.casaldelsinfants.org\/es\/wp-json\/wp\/v2\/posts\/17472","targetHints":{"allow":["GET"]}}],"collection":[{"href":"https:\/\/www.casaldelsinfants.org\/es\/wp-json\/wp\/v2\/posts"}],"about":[{"href":"https:\/\/www.casaldelsinfants.org\/es\/wp-json\/wp\/v2\/types\/post"}],"author":[{"embeddable":true,"href":"https:\/\/www.casaldelsinfants.org\/es\/wp-json\/wp\/v2\/users\/9"}],"replies":[{"embeddable":true,"href":"https:\/\/www.casaldelsinfants.org\/es\/wp-json\/wp\/v2\/comments?post=17472"}],"version-history":[{"count":2,"href":"https:\/\/www.casaldelsinfants.org\/es\/wp-json\/wp\/v2\/posts\/17472\/revisions"}],"predecessor-version":[{"id":17476,"href":"https:\/\/www.casaldelsinfants.org\/es\/wp-json\/wp\/v2\/posts\/17472\/revisions\/17476"}],"wp:featuredmedia":[{"embeddable":true,"href":"https:\/\/www.casaldelsinfants.org\/es\/wp-json\/wp\/v2\/media\/17397"}],"wp:attachment":[{"href":"https:\/\/www.casaldelsinfants.org\/es\/wp-json\/wp\/v2\/media?parent=17472"}],"wp:term":[{"taxonomy":"category","embeddable":true,"href":"https:\/\/www.casaldelsinfants.org\/es\/wp-json\/wp\/v2\/categories?post=17472"},{"taxonomy":"post_tag","embeddable":true,"href":"https:\/\/www.casaldelsinfants.org\/es\/wp-json\/wp\/v2\/tags?post=17472"},{"taxonomy":"seus","embeddable":true,"href":"https:\/\/www.casaldelsinfants.org\/es\/wp-json\/wp\/v2\/seus?post=17472"},{"taxonomy":"eixos","embeddable":true,"href":"https:\/\/www.casaldelsinfants.org\/es\/wp-json\/wp\/v2\/eixos?post=17472"}],"curies":[{"name":"wp","href":"https:\/\/api.w.org\/{rel}","templated":true}]}}