{"id":18000,"date":"2024-01-17T17:40:08","date_gmt":"2024-01-17T15:40:08","guid":{"rendered":"https:\/\/www.casaldelsinfants.org\/?p=18000"},"modified":"2024-01-17T17:40:08","modified_gmt":"2024-01-17T15:40:08","slug":"recogidadejuguetes2023","status":"publish","type":"post","link":"https:\/\/www.casaldelsinfants.org\/es\/actualidad\/recogidadejuguetes2023\/","title":{"rendered":"Ni\u00f1os y ni\u00f1as del Casal dels Infants abren regalos gracias a las escuelas y empresas colaboradoras"},"content":{"rendered":"<p>Estas fiestas centenares de ni\u00f1os y ni\u00f1as del Casal dels Infants han hecho cagar el ti\u00f3. As\u00ed, han podido <strong>abrir regalos gracias a los donativos de las empresas y escuelas colaboradoras<\/strong>. Estas hab\u00edan respondido a nuestro llamamiento para la recogida de juguetes un a\u00f1o m\u00e1s.<\/p>\n<p>Con el objetivo que ning\u00fan ni\u00f1o ni ni\u00f1a se quedara sin regalos estas fiestas, empresas y escuelas colaboradoras ayudaron al ti\u00f3 y a los Reyes de Oriente. As\u00ed, a lo largo del mes de diciembre hicieron llegar al Casal <strong>juguetes nuevos<\/strong> de todo tipo, <strong>material escolar<\/strong> y <strong>deportivo<\/strong>. Todo este material iba llenando el almac\u00e9n del Casal donde guard\u00e1bamos los regalos antes de ser abiertos. Gracias a estos regalos y donativos, hemos hecho posible seguir protegiendo la ilusi\u00f3n de ni\u00f1os, ni\u00f1as, adolescentes y j\u00f3venes estas fiestas.<\/p>\n<p>&nbsp;<\/p>\n<p><img decoding=\"async\" class=\" wp-image-17996 aligncenter\" src=\"https:\/\/www.casaldelsinfants.org\/wp-content\/uploads\/DSC05136editada-scaled-1.webp\" alt=\"Recollida de joguines\" width=\"781\" height=\"439\" \/><\/p>\n<p>&nbsp;<\/p>\n<p><span style=\"font-weight: 400;\">La ilusi\u00f3n -y los regalos- fue repartida entre los servicios socioeducativos de los <a href=\"https:\/\/www.casaldelsinfants.org\/on-treballem\/\" target=\"_blank\" rel=\"noopener\">cinco barrios donde actuamos<\/a>: <strong>en el Raval,\u00a0<\/strong><\/span><span style=\"font-weight: 400;\"><strong>La Mina-Bes\u00f2s, a Santa Coloma de Gramenet, a Badalona, i a Salt<\/strong> (Girona). Entre los regalos, ni\u00f1os y adolescentes han encontrado juguetes nuevos, como juegos de mesa, coches de juguete y puzzles, y material deportivo y escolar, como pelotas y l\u00e1pices de colores.\u00a0<\/span><\/p>\n<p>&nbsp;<\/p>\n<h2><strong>Empresas y escuelas colaboradoras<\/strong><\/h2>\n<p>Las <strong>empresas<\/strong> que han colaborado con los Reyes de Oriente y el ti\u00f3 en el Casal dels Infants son:<span style=\"font-weight: 400;\">\u00a0Forcadell, Sanygran, Site Spain, Barcelona Health Hub, Intas B2B, Asociaci\u00f3n Seniors telef\u00f3nica Barcelona, Dentsu, Eurofirms, Duty Free Dynamics, Bandai Namco Mobile, <\/span><span style=\"font-weight: 400;\">Tekman Education, Voluntariado y estrategia, Mediapro, Mercabarna, Willis Towers Watson, Startrans, Atos, Nuvolar, Socialpoint, Bcn Tech City, Wallapop, Linkia FP, Paperia Numa, Dynatrace, Funplus, Extia, Seitsa, Sanofi, Su\u00e1rez de Vivero, Alcampo, Penguin Random House, Eqtic, You Planet.<\/span><\/p>\n<p><span style=\"font-weight: 400;\">Por su parte, las <strong>escuelas<\/strong> que han ayudado a que ning\u00fan ni\u00f1o ni ni\u00f1a del Casal se quedara sin regalos estas fiestas son:\u00a0Escola Mireia, Singuerl\u00edn, Escola Pia Sarri\u00e0, Escola Pia Granollers, Benjamin Franklin International School, Col\u00b7legi Montserrat, IPSI, Hospital del Mar Institut FP Sanit\u00e0ria, Institut La Bastida, Institut Ferran Tallada, Escola Sagrat Cor de Sarri\u00e0.<\/span><\/p>\n<p>&nbsp;<\/p>\n<p><iframe loading=\"lazy\" title=\"\u00a1Hacemos cagar el ti\u00f3 del Casal!\" width=\"1080\" height=\"608\" src=\"https:\/\/www.youtube.com\/embed\/1QlvsThFYTA?feature=oembed&#038;enablejsapi=1&#038;origin=https:\/\/www.casaldelsinfants.org\"  allow=\"accelerometer; autoplay; clipboard-write; encrypted-media; gyroscope; picture-in-picture; web-share\" allowfullscreen><\/iframe><\/p>\n<p>&nbsp;<\/p>\n","protected":false},"excerpt":{"rendered":"<p>Estas fiestas centenares de ni\u00f1os y ni\u00f1as del Casal dels Infants han hecho cagar el ti\u00f3. As\u00ed, han podido abrir regalos gracias a los donativos de las empresas y escuelas colaboradoras. Estas hab\u00edan respondido a nuestro llamamiento para la recogida de juguetes un a\u00f1o m\u00e1s. Con el objetivo que ning\u00fan ni\u00f1o ni ni\u00f1a se quedara [&hellip;]<\/p>\n","protected":false},"author":9,"featured_media":17995,"comment_status":"open","ping_status":"open","sticky":false,"template":"","format":"standard","meta":{"_acf_changed":false,"_et_pb_use_builder":"","_et_pb_old_content":"","_et_gb_content_width":"","inline_featured_image":false,"footnotes":""},"categories":[125],"tags":[],"seus":[],"eixos":[205,207],"class_list":["post-18000","post","type-post","status-publish","format-standard","has-post-thumbnail","hentry","category-noticias","eixos-infancia-y-adolescencia-es","eixos-infancia-i-adolescencia-es-2"],"acf":[],"yoast_head":"<!-- This site is optimized with the Yoast SEO plugin v27.4 - https:\/\/yoast.com\/product\/yoast-seo-wordpress\/ -->\n<title>Abrimos regalos gracias a los donativos de empresas y escuelas - Casal dels Infants<\/title>\n<meta name=\"description\" content=\"Centenares de ni\u00f1os y ni\u00f1as del Casal han podido abrir regalos gracias a los donativos de las empresas y escuelas colaboradoras.\" \/>\n<meta name=\"robots\" content=\"index, follow, max-snippet:-1, max-image-preview:large, max-video-preview:-1\" \/>\n<link rel=\"canonical\" href=\"https:\/\/www.casaldelsinfants.org\/es\/actualidad\/recogidadejuguetes2023\/\" \/>\n<meta property=\"og:locale\" content=\"es_ES\" \/>\n<meta property=\"og:type\" content=\"article\" \/>\n<meta property=\"og:title\" content=\"Abrimos regalos gracias a los donativos de empresas y escuelas - Casal dels Infants\" \/>\n<meta property=\"og:description\" content=\"Centenares de ni\u00f1os y ni\u00f1as del Casal han podido abrir regalos gracias a los donativos de las empresas y escuelas colaboradoras.\" \/>\n<meta property=\"og:url\" content=\"https:\/\/www.casaldelsinfants.org\/es\/actualidad\/recogidadejuguetes2023\/\" \/>\n<meta property=\"og:site_name\" content=\"Casal dels Infants\" \/>\n<meta property=\"article:publisher\" content=\"https:\/\/www.facebook.com\/casalinfants\" \/>\n<meta property=\"article:published_time\" content=\"2024-01-17T15:40:08+00:00\" \/>\n<meta property=\"og:image\" content=\"https:\/\/www.casaldelsinfants.org\/wp-content\/uploads\/1360752-1.webp\" \/>\n\t<meta property=\"og:image:width\" content=\"1920\" \/>\n\t<meta property=\"og:image:height\" content=\"1080\" \/>\n\t<meta property=\"og:image:type\" content=\"image\/jpeg\" \/>\n<meta name=\"author\" content=\"julia\" \/>\n<meta name=\"twitter:card\" content=\"summary_large_image\" \/>\n<meta name=\"twitter:creator\" content=\"@casalinfants\" \/>\n<meta name=\"twitter:site\" content=\"@casalinfants\" \/>\n<meta name=\"twitter:label1\" content=\"Escrito por\" \/>\n\t<meta name=\"twitter:data1\" content=\"julia\" \/>\n\t<meta name=\"twitter:label2\" content=\"Tiempo de lectura\" \/>\n\t<meta name=\"twitter:data2\" content=\"3 minutos\" \/>\n<script type=\"application\/ld+json\" class=\"yoast-schema-graph\">{\"@context\":\"https:\\\/\\\/schema.org\",\"@graph\":[{\"@type\":\"Article\",\"@id\":\"https:\\\/\\\/www.casaldelsinfants.org\\\/es\\\/actualidad\\\/recogidadejuguetes2023\\\/#article\",\"isPartOf\":{\"@id\":\"https:\\\/\\\/www.casaldelsinfants.org\\\/es\\\/actualidad\\\/recogidadejuguetes2023\\\/\"},\"author\":{\"name\":\"julia\",\"@id\":\"https:\\\/\\\/www.casaldelsinfants.org\\\/es\\\/#\\\/schema\\\/person\\\/e870791b50f03fd60f872e1cd83910fc\"},\"headline\":\"Ni\u00f1os y ni\u00f1as del Casal dels Infants abren regalos gracias a las escuelas y empresas colaboradoras\",\"datePublished\":\"2024-01-17T15:40:08+00:00\",\"mainEntityOfPage\":{\"@id\":\"https:\\\/\\\/www.casaldelsinfants.org\\\/es\\\/actualidad\\\/recogidadejuguetes2023\\\/\"},\"wordCount\":389,\"commentCount\":0,\"publisher\":{\"@id\":\"https:\\\/\\\/www.casaldelsinfants.org\\\/es\\\/#organization\"},\"image\":{\"@id\":\"https:\\\/\\\/www.casaldelsinfants.org\\\/es\\\/actualidad\\\/recogidadejuguetes2023\\\/#primaryimage\"},\"thumbnailUrl\":\"https:\\\/\\\/www.casaldelsinfants.org\\\/wp-content\\\/uploads\\\/1360752-1.webp\",\"articleSection\":[\"Noticia\"],\"inLanguage\":\"es\",\"potentialAction\":[{\"@type\":\"CommentAction\",\"name\":\"Comment\",\"target\":[\"https:\\\/\\\/www.casaldelsinfants.org\\\/es\\\/actualidad\\\/recogidadejuguetes2023\\\/#respond\"]}]},{\"@type\":\"WebPage\",\"@id\":\"https:\\\/\\\/www.casaldelsinfants.org\\\/es\\\/actualidad\\\/recogidadejuguetes2023\\\/\",\"url\":\"https:\\\/\\\/www.casaldelsinfants.org\\\/es\\\/actualidad\\\/recogidadejuguetes2023\\\/\",\"name\":\"Abrimos regalos gracias a los donativos de empresas y escuelas - Casal dels Infants\",\"isPartOf\":{\"@id\":\"https:\\\/\\\/www.casaldelsinfants.org\\\/es\\\/#website\"},\"primaryImageOfPage\":{\"@id\":\"https:\\\/\\\/www.casaldelsinfants.org\\\/es\\\/actualidad\\\/recogidadejuguetes2023\\\/#primaryimage\"},\"image\":{\"@id\":\"https:\\\/\\\/www.casaldelsinfants.org\\\/es\\\/actualidad\\\/recogidadejuguetes2023\\\/#primaryimage\"},\"thumbnailUrl\":\"https:\\\/\\\/www.casaldelsinfants.org\\\/wp-content\\\/uploads\\\/1360752-1.webp\",\"datePublished\":\"2024-01-17T15:40:08+00:00\",\"description\":\"Centenares de ni\u00f1os y ni\u00f1as del Casal han podido abrir regalos gracias a los donativos de las empresas y escuelas colaboradoras.\",\"breadcrumb\":{\"@id\":\"https:\\\/\\\/www.casaldelsinfants.org\\\/es\\\/actualidad\\\/recogidadejuguetes2023\\\/#breadcrumb\"},\"inLanguage\":\"es\",\"potentialAction\":[{\"@type\":\"ReadAction\",\"target\":[\"https:\\\/\\\/www.casaldelsinfants.org\\\/es\\\/actualidad\\\/recogidadejuguetes2023\\\/\"]}]},{\"@type\":\"ImageObject\",\"inLanguage\":\"es\",\"@id\":\"https:\\\/\\\/www.casaldelsinfants.org\\\/es\\\/actualidad\\\/recogidadejuguetes2023\\\/#primaryimage\",\"url\":\"https:\\\/\\\/www.casaldelsinfants.org\\\/wp-content\\\/uploads\\\/1360752-1.webp\",\"contentUrl\":\"https:\\\/\\\/www.casaldelsinfants.org\\\/wp-content\\\/uploads\\\/1360752-1.webp\",\"width\":1920,\"height\":1080,\"caption\":\"Nens del Casal jugant.\"},{\"@type\":\"BreadcrumbList\",\"@id\":\"https:\\\/\\\/www.casaldelsinfants.org\\\/es\\\/actualidad\\\/recogidadejuguetes2023\\\/#breadcrumb\",\"itemListElement\":[{\"@type\":\"ListItem\",\"position\":1,\"name\":\"Inici\",\"item\":\"https:\\\/\\\/www.casaldelsinfants.org\\\/es\\\/\"},{\"@type\":\"ListItem\",\"position\":2,\"name\":\"Ni\u00f1os y ni\u00f1as del Casal dels Infants abren regalos gracias a las escuelas y empresas colaboradoras\"}]},{\"@type\":\"WebSite\",\"@id\":\"https:\\\/\\\/www.casaldelsinfants.org\\\/es\\\/#website\",\"url\":\"https:\\\/\\\/www.casaldelsinfants.org\\\/es\\\/\",\"name\":\"Casal dels Infants\",\"description\":\"\",\"publisher\":{\"@id\":\"https:\\\/\\\/www.casaldelsinfants.org\\\/es\\\/#organization\"},\"potentialAction\":[{\"@type\":\"SearchAction\",\"target\":{\"@type\":\"EntryPoint\",\"urlTemplate\":\"https:\\\/\\\/www.casaldelsinfants.org\\\/es\\\/?s={search_term_string}\"},\"query-input\":{\"@type\":\"PropertyValueSpecification\",\"valueRequired\":true,\"valueName\":\"search_term_string\"}}],\"inLanguage\":\"es\"},{\"@type\":\"Organization\",\"@id\":\"https:\\\/\\\/www.casaldelsinfants.org\\\/es\\\/#organization\",\"name\":\"Casal dels Infants\",\"url\":\"https:\\\/\\\/www.casaldelsinfants.org\\\/es\\\/\",\"logo\":{\"@type\":\"ImageObject\",\"inLanguage\":\"es\",\"@id\":\"https:\\\/\\\/www.casaldelsinfants.org\\\/es\\\/#\\\/schema\\\/logo\\\/image\\\/\",\"url\":\"https:\\\/\\\/www.casaldelsinfants.org\\\/wp-content\\\/uploads\\\/logo-mail.png\",\"contentUrl\":\"https:\\\/\\\/www.casaldelsinfants.org\\\/wp-content\\\/uploads\\\/logo-mail.png\",\"width\":380,\"height\":158,\"caption\":\"Casal dels Infants\"},\"image\":{\"@id\":\"https:\\\/\\\/www.casaldelsinfants.org\\\/es\\\/#\\\/schema\\\/logo\\\/image\\\/\"},\"sameAs\":[\"https:\\\/\\\/www.facebook.com\\\/casalinfants\",\"https:\\\/\\\/x.com\\\/casalinfants\",\"https:\\\/\\\/www.youtube.com\\\/user\\\/CasaldelsInfants1\",\"https:\\\/\\\/www.instagram.com\\\/casalinfants\\\/\",\"https:\\\/\\\/www.linkedin.com\\\/company\\\/casaldelsinfants?trk=organization-update_share-update_actor-text\"]},{\"@type\":\"Person\",\"@id\":\"https:\\\/\\\/www.casaldelsinfants.org\\\/es\\\/#\\\/schema\\\/person\\\/e870791b50f03fd60f872e1cd83910fc\",\"name\":\"julia\"}]}<\/script>\n<!-- \/ Yoast SEO plugin. -->","yoast_head_json":{"title":"Abrimos regalos gracias a los donativos de empresas y escuelas - Casal dels Infants","description":"Centenares de ni\u00f1os y ni\u00f1as del Casal han podido abrir regalos gracias a los donativos de las empresas y escuelas colaboradoras.","robots":{"index":"index","follow":"follow","max-snippet":"max-snippet:-1","max-image-preview":"max-image-preview:large","max-video-preview":"max-video-preview:-1"},"canonical":"https:\/\/www.casaldelsinfants.org\/es\/actualidad\/recogidadejuguetes2023\/","og_locale":"es_ES","og_type":"article","og_title":"Abrimos regalos gracias a los donativos de empresas y escuelas - Casal dels Infants","og_description":"Centenares de ni\u00f1os y ni\u00f1as del Casal han podido abrir regalos gracias a los donativos de las empresas y escuelas colaboradoras.","og_url":"https:\/\/www.casaldelsinfants.org\/es\/actualidad\/recogidadejuguetes2023\/","og_site_name":"Casal dels Infants","article_publisher":"https:\/\/www.facebook.com\/casalinfants","article_published_time":"2024-01-17T15:40:08+00:00","og_image":[{"width":1920,"height":1080,"url":"https:\/\/www.casaldelsinfants.org\/wp-content\/uploads\/1360752-1.webp","type":"image\/jpeg"}],"author":"julia","twitter_card":"summary_large_image","twitter_creator":"@casalinfants","twitter_site":"@casalinfants","twitter_misc":{"Escrito por":"julia","Tiempo de lectura":"3 minutos"},"schema":{"@context":"https:\/\/schema.org","@graph":[{"@type":"Article","@id":"https:\/\/www.casaldelsinfants.org\/es\/actualidad\/recogidadejuguetes2023\/#article","isPartOf":{"@id":"https:\/\/www.casaldelsinfants.org\/es\/actualidad\/recogidadejuguetes2023\/"},"author":{"name":"julia","@id":"https:\/\/www.casaldelsinfants.org\/es\/#\/schema\/person\/e870791b50f03fd60f872e1cd83910fc"},"headline":"Ni\u00f1os y ni\u00f1as del Casal dels Infants abren regalos gracias a las escuelas y empresas colaboradoras","datePublished":"2024-01-17T15:40:08+00:00","mainEntityOfPage":{"@id":"https:\/\/www.casaldelsinfants.org\/es\/actualidad\/recogidadejuguetes2023\/"},"wordCount":389,"commentCount":0,"publisher":{"@id":"https:\/\/www.casaldelsinfants.org\/es\/#organization"},"image":{"@id":"https:\/\/www.casaldelsinfants.org\/es\/actualidad\/recogidadejuguetes2023\/#primaryimage"},"thumbnailUrl":"https:\/\/www.casaldelsinfants.org\/wp-content\/uploads\/1360752-1.webp","articleSection":["Noticia"],"inLanguage":"es","potentialAction":[{"@type":"CommentAction","name":"Comment","target":["https:\/\/www.casaldelsinfants.org\/es\/actualidad\/recogidadejuguetes2023\/#respond"]}]},{"@type":"WebPage","@id":"https:\/\/www.casaldelsinfants.org\/es\/actualidad\/recogidadejuguetes2023\/","url":"https:\/\/www.casaldelsinfants.org\/es\/actualidad\/recogidadejuguetes2023\/","name":"Abrimos regalos gracias a los donativos de empresas y escuelas - Casal dels Infants","isPartOf":{"@id":"https:\/\/www.casaldelsinfants.org\/es\/#website"},"primaryImageOfPage":{"@id":"https:\/\/www.casaldelsinfants.org\/es\/actualidad\/recogidadejuguetes2023\/#primaryimage"},"image":{"@id":"https:\/\/www.casaldelsinfants.org\/es\/actualidad\/recogidadejuguetes2023\/#primaryimage"},"thumbnailUrl":"https:\/\/www.casaldelsinfants.org\/wp-content\/uploads\/1360752-1.webp","datePublished":"2024-01-17T15:40:08+00:00","description":"Centenares de ni\u00f1os y ni\u00f1as del Casal han podido abrir regalos gracias a los donativos de las empresas y escuelas colaboradoras.","breadcrumb":{"@id":"https:\/\/www.casaldelsinfants.org\/es\/actualidad\/recogidadejuguetes2023\/#breadcrumb"},"inLanguage":"es","potentialAction":[{"@type":"ReadAction","target":["https:\/\/www.casaldelsinfants.org\/es\/actualidad\/recogidadejuguetes2023\/"]}]},{"@type":"ImageObject","inLanguage":"es","@id":"https:\/\/www.casaldelsinfants.org\/es\/actualidad\/recogidadejuguetes2023\/#primaryimage","url":"https:\/\/www.casaldelsinfants.org\/wp-content\/uploads\/1360752-1.webp","contentUrl":"https:\/\/www.casaldelsinfants.org\/wp-content\/uploads\/1360752-1.webp","width":1920,"height":1080,"caption":"Nens del Casal jugant."},{"@type":"BreadcrumbList","@id":"https:\/\/www.casaldelsinfants.org\/es\/actualidad\/recogidadejuguetes2023\/#breadcrumb","itemListElement":[{"@type":"ListItem","position":1,"name":"Inici","item":"https:\/\/www.casaldelsinfants.org\/es\/"},{"@type":"ListItem","position":2,"name":"Ni\u00f1os y ni\u00f1as del Casal dels Infants abren regalos gracias a las escuelas y empresas colaboradoras"}]},{"@type":"WebSite","@id":"https:\/\/www.casaldelsinfants.org\/es\/#website","url":"https:\/\/www.casaldelsinfants.org\/es\/","name":"Casal dels Infants","description":"","publisher":{"@id":"https:\/\/www.casaldelsinfants.org\/es\/#organization"},"potentialAction":[{"@type":"SearchAction","target":{"@type":"EntryPoint","urlTemplate":"https:\/\/www.casaldelsinfants.org\/es\/?s={search_term_string}"},"query-input":{"@type":"PropertyValueSpecification","valueRequired":true,"valueName":"search_term_string"}}],"inLanguage":"es"},{"@type":"Organization","@id":"https:\/\/www.casaldelsinfants.org\/es\/#organization","name":"Casal dels Infants","url":"https:\/\/www.casaldelsinfants.org\/es\/","logo":{"@type":"ImageObject","inLanguage":"es","@id":"https:\/\/www.casaldelsinfants.org\/es\/#\/schema\/logo\/image\/","url":"https:\/\/www.casaldelsinfants.org\/wp-content\/uploads\/logo-mail.png","contentUrl":"https:\/\/www.casaldelsinfants.org\/wp-content\/uploads\/logo-mail.png","width":380,"height":158,"caption":"Casal dels Infants"},"image":{"@id":"https:\/\/www.casaldelsinfants.org\/es\/#\/schema\/logo\/image\/"},"sameAs":["https:\/\/www.facebook.com\/casalinfants","https:\/\/x.com\/casalinfants","https:\/\/www.youtube.com\/user\/CasaldelsInfants1","https:\/\/www.instagram.com\/casalinfants\/","https:\/\/www.linkedin.com\/company\/casaldelsinfants?trk=organization-update_share-update_actor-text"]},{"@type":"Person","@id":"https:\/\/www.casaldelsinfants.org\/es\/#\/schema\/person\/e870791b50f03fd60f872e1cd83910fc","name":"julia"}]}},"publishpress_future_action":{"enabled":false,"date":"2026-05-08 13:28:55","action":"change-status","newStatus":"draft","terms":[],"taxonomy":"category","extraData":[]},"publishpress_future_workflow_manual_trigger":{"enabledWorkflows":[]},"_links":{"self":[{"href":"https:\/\/www.casaldelsinfants.org\/es\/wp-json\/wp\/v2\/posts\/18000","targetHints":{"allow":["GET"]}}],"collection":[{"href":"https:\/\/www.casaldelsinfants.org\/es\/wp-json\/wp\/v2\/posts"}],"about":[{"href":"https:\/\/www.casaldelsinfants.org\/es\/wp-json\/wp\/v2\/types\/post"}],"author":[{"embeddable":true,"href":"https:\/\/www.casaldelsinfants.org\/es\/wp-json\/wp\/v2\/users\/9"}],"replies":[{"embeddable":true,"href":"https:\/\/www.casaldelsinfants.org\/es\/wp-json\/wp\/v2\/comments?post=18000"}],"version-history":[{"count":1,"href":"https:\/\/www.casaldelsinfants.org\/es\/wp-json\/wp\/v2\/posts\/18000\/revisions"}],"predecessor-version":[{"id":18001,"href":"https:\/\/www.casaldelsinfants.org\/es\/wp-json\/wp\/v2\/posts\/18000\/revisions\/18001"}],"wp:featuredmedia":[{"embeddable":true,"href":"https:\/\/www.casaldelsinfants.org\/es\/wp-json\/wp\/v2\/media\/17995"}],"wp:attachment":[{"href":"https:\/\/www.casaldelsinfants.org\/es\/wp-json\/wp\/v2\/media?parent=18000"}],"wp:term":[{"taxonomy":"category","embeddable":true,"href":"https:\/\/www.casaldelsinfants.org\/es\/wp-json\/wp\/v2\/categories?post=18000"},{"taxonomy":"post_tag","embeddable":true,"href":"https:\/\/www.casaldelsinfants.org\/es\/wp-json\/wp\/v2\/tags?post=18000"},{"taxonomy":"seus","embeddable":true,"href":"https:\/\/www.casaldelsinfants.org\/es\/wp-json\/wp\/v2\/seus?post=18000"},{"taxonomy":"eixos","embeddable":true,"href":"https:\/\/www.casaldelsinfants.org\/es\/wp-json\/wp\/v2\/eixos?post=18000"}],"curies":[{"name":"wp","href":"https:\/\/api.w.org\/{rel}","templated":true}]}}