{"id":18078,"date":"2024-01-22T16:18:50","date_gmt":"2024-01-22T14:18:50","guid":{"rendered":"https:\/\/www.casaldelsinfants.org\/?p=18078"},"modified":"2024-01-22T16:18:50","modified_gmt":"2024-01-22T14:18:50","slug":"programalaboracast","status":"publish","type":"post","link":"https:\/\/www.casaldelsinfants.org\/es\/actualidad\/programalaboracast\/","title":{"rendered":"\u201cLa mujer es la participante clave del programa L\u00e0bora, representa casi un 70% de nuestras participantes\u201d"},"content":{"rendered":"<p><iframe loading=\"lazy\" title=\"El programa L\u00e0bora en el Casal dels Infants\" width=\"1080\" height=\"608\" src=\"https:\/\/www.youtube.com\/embed\/Cosm6sJpgIQ?feature=oembed&#038;enablejsapi=1&#038;origin=https:\/\/www.casaldelsinfants.org\"  allow=\"accelerometer; autoplay; clipboard-write; encrypted-media; gyroscope; picture-in-picture; web-share\" allowfullscreen><\/iframe><\/p>\n<p>&nbsp;<\/p>\n<p><span style=\"text-decoration: underline;\"><a href=\"https:\/\/ajuntament.barcelona.cat\/serveissocials\/ca\/labora\/presentacio\"><span style=\"font-weight: 400;\">El programa L\u00e0bora<\/span><\/a><\/span><span style=\"font-weight: 400;\"> es un programa de cooperaci\u00f3n p\u00fablicosocial impulsado por el Ayuntamiento de Barcelona, la Cruz Roja, ECAS (Entitats Catalanes d\u2019Acci\u00f3 Social) y FEICAT (Empreses d\u2019Inserci\u00f3 de Catalunya). Su funci\u00f3n se centra en fomentar la ocupaci\u00f3n a la ciudad de Barcelona y acercar las personas en situaci\u00f3n de vulnerabilidad al mercado laboral.\u00a0<\/span><\/p>\n<p><span style=\"font-weight: 400;\">El Casal dels Infants es una entidad colaboradora, y es el punto de referencia de orientaci\u00f3n del Raval Sud. Nos lo explica Lola Navarro, educadora responsable del programa L\u00e0bora en el Casal dels Infants.\u00a0<\/span><\/p>\n<p>&nbsp;<\/p>\n<p><span style=\"color: #00664f;\"><b>\u00bfQu\u00e9 es el programa L\u00e0bora y cu\u00e1l es su objetivo?\u00a0<\/b><\/span><\/p>\n<p><span style=\"font-weight: 400;\">El programa L\u00e0bora tiene como objetivo mejorar las condiciones de ocupaci\u00f3n y conseguir una inserci\u00f3n al mercado laboral normalizada de personas con alg\u00fan riesgo de vulnerabilidad social. Pretende dar respuesta a un mercado laboral muy cambiante, a una brecha digital cada vez m\u00e1s acelerada y a las vulnerabilidades sociales de las personas que atendemos. Poniendo todo esto en el centro, les acompa\u00f1amos en el dise\u00f1o de su plan de trabajo, centrado en el modelo de competencias. Este plano servir\u00e1 para poderles capacitar, romper con esta brecha digital y sostener dentro de sus vulnerabilidades, que no desaparecen, un proceso que les facilite y les acompa\u00f1e a una inserci\u00f3n laboral, para as\u00ed intentar mejorar sus condiciones actuales.\u00a0<\/span><\/p>\n<p>&nbsp;<\/p>\n<p><span style=\"color: #00664f;\"><b>\u00bfPara qui\u00e9n est\u00e1 pensado el programa L\u00e0bora?<\/b><\/span><\/p>\n<p><span style=\"font-weight: 400;\">Las personas destinatarias del programa son derivadas de los centros de servicios sociales y de otros servicios espec\u00edficos de la ciudad. Tienen que estar empadronadas en la ciudad de Barcelona y tienen que tener permiso de trabajo vigente.\u00a0<\/span><\/p>\n<p>Las dificultades que estas personas se encuentran para entrar en el mercado laboral son diversas. La brecha digital es una, nos encontramos tambi\u00e9n con personas en procesos de desahucio a quien les es muy dif\u00edcil sostener un proceso de inserci\u00f3n laboral en estas condiciones. Tambi\u00e9n, discriminaciones por racismo y por el hecho de ser una mujer, y de m\u00e1s de 40 a\u00f1os. La mujer es la participante clave de L\u00e0bora, casi un 70% de las personas que atendemos son mujeres.<\/p>\n<p>&nbsp;<\/p>\n<p><span style=\"color: #00664f;\"><b>\u00bfC\u00f3mo funciona el trabajo en red de L\u00e0bora?<\/b><\/span><\/p>\n<p><span style=\"font-weight: 400;\">Desde el programa llevamos a cabo un trabajo en red con servicios sociales -como agente derivador-, entidades sociales y el tejido empresarial de la ciudad. Despu\u00e9s del itinerario de inserci\u00f3n y orientaci\u00f3n laboral del programa con las entidades sociales, llega la parte de la intermediaci\u00f3n. Es cuando relacionamos las ofertas de trabajo publicadas por las empresas, que han confiado en L\u00e0bora para buscar empleados, con los participantes del programa que se han estado preparando y formando para cumplir con los requisitos exigidos del perfil profesional al que aplica como candidato o candidata.\u00a0<\/span><\/p>\n<p>&nbsp;<\/p>\n<p><span style=\"color: #00664f;\"><b>\u00bfCu\u00e1l es el rol del Casal dels Infants dentro del programa L\u00e0bora?<\/b><\/span><\/p>\n<p><span style=\"font-weight: 400;\">Somos el punto de orientaci\u00f3n de referencia del Raval Sud, y somos el referente de nuestros y nuestras participantes durante todas las fases del programa. Una vez llegan al Casal, iniciamos un proceso de acogida que sirve para conocer el o la participante y empezar a hacer un diagn\u00f3stico de su situaci\u00f3n sociolaboral. En base a eso, elaboramos de manera conjunta un plan de trabajo con el que trabajaremos para la capacitaci\u00f3n: desde competencias m\u00e1s b\u00e1sicas como idiomas o tecnolog\u00eda, o competencias m\u00e1s espec\u00edficas como el carnet del sector profesional, formaciones regladas o no regladas&#8230; En algunos casos de personas m\u00e1s j\u00f3venes, fomentamos tambi\u00e9n el retorno escolar.\u00a0<\/span><\/p>\n<p>Desde aqu\u00ed, podemos hacer derivaciones para formaci\u00f3n, para la mejora competencial tanto b\u00e1sica, como transversal, como espec\u00edfica. Una vez la persona est\u00e1 capacitada, la derivamos a la fase de intermediaci\u00f3n. Es aqu\u00ed donde el equipo de prospecci\u00f3n del programa se encarga de mediar entre la empresa y el o la participante, y as\u00ed conseguir esta inserci\u00f3n que persigue el programa L\u00e0bora.<\/p>\n<p>&nbsp;<\/p>\n<p><span style=\"color: #00664f;\"><b>\u00bfCu\u00e1ntas personas participan en L\u00e1bora, y cu\u00e1ntas han conseguido un contrato laboral despu\u00e9s de haber formado parte del programa? <\/b><\/span><\/p>\n<p><span style=\"font-weight: 400;\">Durante el a\u00f1o pasado participaron 224 personas dentro del programa L\u00e0bora en el Casal dels Infants. De estas, 32 han conseguido una inserci\u00f3n laboral real consiguiendo un contrato de trabajo, superado el objetivo inicial. Este n\u00famero son contrataciones a trav\u00e9s del mercado laboral normalizado, es decir, no tiene en cuenta las ofertas de trabajo prove\u00eddas por L\u00e0bora. Este dato refleja la implicaci\u00f3n de los y las participantes en su itinerario de inserci\u00f3n, ya que, gracias al empoderamiento personal y profesional son capaces de abordar con \u00e9xito el proceso de b\u00fasqueda de empleo y conseguir as\u00ed un trabajo en el mercado de trabajo normalizado. Las inserciones a trav\u00e9s de las ofertas intermediadas por el programa L\u00e0bora han sido 25.\u00a0<\/span><\/p>\n<p>&nbsp;<\/p>\n","protected":false},"excerpt":{"rendered":"<p>&nbsp; El programa L\u00e0bora es un programa de cooperaci\u00f3n p\u00fablicosocial impulsado por el Ayuntamiento de Barcelona, la Cruz Roja, ECAS (Entitats Catalanes d\u2019Acci\u00f3 Social) y FEICAT (Empreses d\u2019Inserci\u00f3 de Catalunya). Su funci\u00f3n se centra en fomentar la ocupaci\u00f3n a la ciudad de Barcelona y acercar las personas en situaci\u00f3n de vulnerabilidad al mercado laboral.\u00a0 El [&hellip;]<\/p>\n","protected":false},"author":9,"featured_media":0,"comment_status":"open","ping_status":"open","sticky":false,"template":"","format":"standard","meta":{"_acf_changed":false,"_et_pb_use_builder":"","_et_pb_old_content":"","_et_gb_content_width":"","inline_featured_image":false,"footnotes":""},"categories":[127],"tags":[],"seus":[157],"eixos":[223],"class_list":["post-18078","post","type-post","status-publish","format-standard","hentry","category-entrevista","seus-el-raval","eixos-joves-es"],"acf":[],"yoast_head":"<!-- This site is optimized with the Yoast SEO plugin v27.4 - https:\/\/yoast.com\/product\/yoast-seo-wordpress\/ -->\n<title>El Programa L\u00c0BORA - Casal dels Infants<\/title>\n<meta name=\"description\" content=\"L\u00e0bora es un programa de cooperaci\u00f3n p\u00fablicosocial del Ayuntamiento de Barcelona, cuyo objetivo es fomentar la ocupaci\u00f3n en la ciudad.\" \/>\n<meta name=\"robots\" content=\"index, follow, max-snippet:-1, max-image-preview:large, max-video-preview:-1\" \/>\n<link rel=\"canonical\" href=\"https:\/\/www.casaldelsinfants.org\/es\/actualidad\/programalaboracast\/\" \/>\n<meta property=\"og:locale\" content=\"es_ES\" \/>\n<meta property=\"og:type\" content=\"article\" \/>\n<meta property=\"og:title\" content=\"El Programa L\u00c0BORA - Casal dels Infants\" \/>\n<meta property=\"og:description\" content=\"L\u00e0bora es un programa de cooperaci\u00f3n p\u00fablicosocial del Ayuntamiento de Barcelona, cuyo objetivo es fomentar la ocupaci\u00f3n en la ciudad.\" \/>\n<meta property=\"og:url\" content=\"https:\/\/www.casaldelsinfants.org\/es\/actualidad\/programalaboracast\/\" \/>\n<meta property=\"og:site_name\" content=\"Casal dels Infants\" \/>\n<meta property=\"article:publisher\" content=\"https:\/\/www.facebook.com\/casalinfants\" \/>\n<meta property=\"article:published_time\" content=\"2024-01-22T14:18:50+00:00\" \/>\n<meta name=\"author\" content=\"julia\" \/>\n<meta name=\"twitter:card\" content=\"summary_large_image\" \/>\n<meta name=\"twitter:creator\" content=\"@casalinfants\" \/>\n<meta name=\"twitter:site\" content=\"@casalinfants\" \/>\n<meta name=\"twitter:label1\" content=\"Escrito por\" \/>\n\t<meta name=\"twitter:data1\" content=\"julia\" \/>\n\t<meta name=\"twitter:label2\" content=\"Tiempo de lectura\" \/>\n\t<meta name=\"twitter:data2\" content=\"4 minutos\" \/>\n<script type=\"application\/ld+json\" class=\"yoast-schema-graph\">{\"@context\":\"https:\\\/\\\/schema.org\",\"@graph\":[{\"@type\":\"Article\",\"@id\":\"https:\\\/\\\/www.casaldelsinfants.org\\\/es\\\/actualidad\\\/programalaboracast\\\/#article\",\"isPartOf\":{\"@id\":\"https:\\\/\\\/www.casaldelsinfants.org\\\/es\\\/actualidad\\\/programalaboracast\\\/\"},\"author\":{\"name\":\"julia\",\"@id\":\"https:\\\/\\\/www.casaldelsinfants.org\\\/es\\\/#\\\/schema\\\/person\\\/e870791b50f03fd60f872e1cd83910fc\"},\"headline\":\"\u201cLa mujer es la participante clave del programa L\u00e0bora, representa casi un 70% de nuestras participantes\u201d\",\"datePublished\":\"2024-01-22T14:18:50+00:00\",\"mainEntityOfPage\":{\"@id\":\"https:\\\/\\\/www.casaldelsinfants.org\\\/es\\\/actualidad\\\/programalaboracast\\\/\"},\"wordCount\":854,\"commentCount\":0,\"publisher\":{\"@id\":\"https:\\\/\\\/www.casaldelsinfants.org\\\/es\\\/#organization\"},\"articleSection\":[\"Entrevista\"],\"inLanguage\":\"es\",\"potentialAction\":[{\"@type\":\"CommentAction\",\"name\":\"Comment\",\"target\":[\"https:\\\/\\\/www.casaldelsinfants.org\\\/es\\\/actualidad\\\/programalaboracast\\\/#respond\"]}]},{\"@type\":\"WebPage\",\"@id\":\"https:\\\/\\\/www.casaldelsinfants.org\\\/es\\\/actualidad\\\/programalaboracast\\\/\",\"url\":\"https:\\\/\\\/www.casaldelsinfants.org\\\/es\\\/actualidad\\\/programalaboracast\\\/\",\"name\":\"El Programa L\u00c0BORA - Casal dels Infants\",\"isPartOf\":{\"@id\":\"https:\\\/\\\/www.casaldelsinfants.org\\\/es\\\/#website\"},\"datePublished\":\"2024-01-22T14:18:50+00:00\",\"description\":\"L\u00e0bora es un programa de cooperaci\u00f3n p\u00fablicosocial del Ayuntamiento de Barcelona, cuyo objetivo es fomentar la ocupaci\u00f3n en la ciudad.\",\"breadcrumb\":{\"@id\":\"https:\\\/\\\/www.casaldelsinfants.org\\\/es\\\/actualidad\\\/programalaboracast\\\/#breadcrumb\"},\"inLanguage\":\"es\",\"potentialAction\":[{\"@type\":\"ReadAction\",\"target\":[\"https:\\\/\\\/www.casaldelsinfants.org\\\/es\\\/actualidad\\\/programalaboracast\\\/\"]}]},{\"@type\":\"BreadcrumbList\",\"@id\":\"https:\\\/\\\/www.casaldelsinfants.org\\\/es\\\/actualidad\\\/programalaboracast\\\/#breadcrumb\",\"itemListElement\":[{\"@type\":\"ListItem\",\"position\":1,\"name\":\"Inici\",\"item\":\"https:\\\/\\\/www.casaldelsinfants.org\\\/es\\\/\"},{\"@type\":\"ListItem\",\"position\":2,\"name\":\"\u201cLa mujer es la participante clave del programa L\u00e0bora, representa casi un 70% de nuestras participantes\u201d\"}]},{\"@type\":\"WebSite\",\"@id\":\"https:\\\/\\\/www.casaldelsinfants.org\\\/es\\\/#website\",\"url\":\"https:\\\/\\\/www.casaldelsinfants.org\\\/es\\\/\",\"name\":\"Casal dels Infants\",\"description\":\"\",\"publisher\":{\"@id\":\"https:\\\/\\\/www.casaldelsinfants.org\\\/es\\\/#organization\"},\"potentialAction\":[{\"@type\":\"SearchAction\",\"target\":{\"@type\":\"EntryPoint\",\"urlTemplate\":\"https:\\\/\\\/www.casaldelsinfants.org\\\/es\\\/?s={search_term_string}\"},\"query-input\":{\"@type\":\"PropertyValueSpecification\",\"valueRequired\":true,\"valueName\":\"search_term_string\"}}],\"inLanguage\":\"es\"},{\"@type\":\"Organization\",\"@id\":\"https:\\\/\\\/www.casaldelsinfants.org\\\/es\\\/#organization\",\"name\":\"Casal dels Infants\",\"url\":\"https:\\\/\\\/www.casaldelsinfants.org\\\/es\\\/\",\"logo\":{\"@type\":\"ImageObject\",\"inLanguage\":\"es\",\"@id\":\"https:\\\/\\\/www.casaldelsinfants.org\\\/es\\\/#\\\/schema\\\/logo\\\/image\\\/\",\"url\":\"https:\\\/\\\/www.casaldelsinfants.org\\\/wp-content\\\/uploads\\\/logo-mail.png\",\"contentUrl\":\"https:\\\/\\\/www.casaldelsinfants.org\\\/wp-content\\\/uploads\\\/logo-mail.png\",\"width\":380,\"height\":158,\"caption\":\"Casal dels Infants\"},\"image\":{\"@id\":\"https:\\\/\\\/www.casaldelsinfants.org\\\/es\\\/#\\\/schema\\\/logo\\\/image\\\/\"},\"sameAs\":[\"https:\\\/\\\/www.facebook.com\\\/casalinfants\",\"https:\\\/\\\/x.com\\\/casalinfants\",\"https:\\\/\\\/www.youtube.com\\\/user\\\/CasaldelsInfants1\",\"https:\\\/\\\/www.instagram.com\\\/casalinfants\\\/\",\"https:\\\/\\\/www.linkedin.com\\\/company\\\/casaldelsinfants?trk=organization-update_share-update_actor-text\"]},{\"@type\":\"Person\",\"@id\":\"https:\\\/\\\/www.casaldelsinfants.org\\\/es\\\/#\\\/schema\\\/person\\\/e870791b50f03fd60f872e1cd83910fc\",\"name\":\"julia\"}]}<\/script>\n<!-- \/ Yoast SEO plugin. -->","yoast_head_json":{"title":"El Programa L\u00c0BORA - Casal dels Infants","description":"L\u00e0bora es un programa de cooperaci\u00f3n p\u00fablicosocial del Ayuntamiento de Barcelona, cuyo objetivo es fomentar la ocupaci\u00f3n en la ciudad.","robots":{"index":"index","follow":"follow","max-snippet":"max-snippet:-1","max-image-preview":"max-image-preview:large","max-video-preview":"max-video-preview:-1"},"canonical":"https:\/\/www.casaldelsinfants.org\/es\/actualidad\/programalaboracast\/","og_locale":"es_ES","og_type":"article","og_title":"El Programa L\u00c0BORA - Casal dels Infants","og_description":"L\u00e0bora es un programa de cooperaci\u00f3n p\u00fablicosocial del Ayuntamiento de Barcelona, cuyo objetivo es fomentar la ocupaci\u00f3n en la ciudad.","og_url":"https:\/\/www.casaldelsinfants.org\/es\/actualidad\/programalaboracast\/","og_site_name":"Casal dels Infants","article_publisher":"https:\/\/www.facebook.com\/casalinfants","article_published_time":"2024-01-22T14:18:50+00:00","author":"julia","twitter_card":"summary_large_image","twitter_creator":"@casalinfants","twitter_site":"@casalinfants","twitter_misc":{"Escrito por":"julia","Tiempo de lectura":"4 minutos"},"schema":{"@context":"https:\/\/schema.org","@graph":[{"@type":"Article","@id":"https:\/\/www.casaldelsinfants.org\/es\/actualidad\/programalaboracast\/#article","isPartOf":{"@id":"https:\/\/www.casaldelsinfants.org\/es\/actualidad\/programalaboracast\/"},"author":{"name":"julia","@id":"https:\/\/www.casaldelsinfants.org\/es\/#\/schema\/person\/e870791b50f03fd60f872e1cd83910fc"},"headline":"\u201cLa mujer es la participante clave del programa L\u00e0bora, representa casi un 70% de nuestras participantes\u201d","datePublished":"2024-01-22T14:18:50+00:00","mainEntityOfPage":{"@id":"https:\/\/www.casaldelsinfants.org\/es\/actualidad\/programalaboracast\/"},"wordCount":854,"commentCount":0,"publisher":{"@id":"https:\/\/www.casaldelsinfants.org\/es\/#organization"},"articleSection":["Entrevista"],"inLanguage":"es","potentialAction":[{"@type":"CommentAction","name":"Comment","target":["https:\/\/www.casaldelsinfants.org\/es\/actualidad\/programalaboracast\/#respond"]}]},{"@type":"WebPage","@id":"https:\/\/www.casaldelsinfants.org\/es\/actualidad\/programalaboracast\/","url":"https:\/\/www.casaldelsinfants.org\/es\/actualidad\/programalaboracast\/","name":"El Programa L\u00c0BORA - Casal dels Infants","isPartOf":{"@id":"https:\/\/www.casaldelsinfants.org\/es\/#website"},"datePublished":"2024-01-22T14:18:50+00:00","description":"L\u00e0bora es un programa de cooperaci\u00f3n p\u00fablicosocial del Ayuntamiento de Barcelona, cuyo objetivo es fomentar la ocupaci\u00f3n en la ciudad.","breadcrumb":{"@id":"https:\/\/www.casaldelsinfants.org\/es\/actualidad\/programalaboracast\/#breadcrumb"},"inLanguage":"es","potentialAction":[{"@type":"ReadAction","target":["https:\/\/www.casaldelsinfants.org\/es\/actualidad\/programalaboracast\/"]}]},{"@type":"BreadcrumbList","@id":"https:\/\/www.casaldelsinfants.org\/es\/actualidad\/programalaboracast\/#breadcrumb","itemListElement":[{"@type":"ListItem","position":1,"name":"Inici","item":"https:\/\/www.casaldelsinfants.org\/es\/"},{"@type":"ListItem","position":2,"name":"\u201cLa mujer es la participante clave del programa L\u00e0bora, representa casi un 70% de nuestras participantes\u201d"}]},{"@type":"WebSite","@id":"https:\/\/www.casaldelsinfants.org\/es\/#website","url":"https:\/\/www.casaldelsinfants.org\/es\/","name":"Casal dels Infants","description":"","publisher":{"@id":"https:\/\/www.casaldelsinfants.org\/es\/#organization"},"potentialAction":[{"@type":"SearchAction","target":{"@type":"EntryPoint","urlTemplate":"https:\/\/www.casaldelsinfants.org\/es\/?s={search_term_string}"},"query-input":{"@type":"PropertyValueSpecification","valueRequired":true,"valueName":"search_term_string"}}],"inLanguage":"es"},{"@type":"Organization","@id":"https:\/\/www.casaldelsinfants.org\/es\/#organization","name":"Casal dels Infants","url":"https:\/\/www.casaldelsinfants.org\/es\/","logo":{"@type":"ImageObject","inLanguage":"es","@id":"https:\/\/www.casaldelsinfants.org\/es\/#\/schema\/logo\/image\/","url":"https:\/\/www.casaldelsinfants.org\/wp-content\/uploads\/logo-mail.png","contentUrl":"https:\/\/www.casaldelsinfants.org\/wp-content\/uploads\/logo-mail.png","width":380,"height":158,"caption":"Casal dels Infants"},"image":{"@id":"https:\/\/www.casaldelsinfants.org\/es\/#\/schema\/logo\/image\/"},"sameAs":["https:\/\/www.facebook.com\/casalinfants","https:\/\/x.com\/casalinfants","https:\/\/www.youtube.com\/user\/CasaldelsInfants1","https:\/\/www.instagram.com\/casalinfants\/","https:\/\/www.linkedin.com\/company\/casaldelsinfants?trk=organization-update_share-update_actor-text"]},{"@type":"Person","@id":"https:\/\/www.casaldelsinfants.org\/es\/#\/schema\/person\/e870791b50f03fd60f872e1cd83910fc","name":"julia"}]}},"publishpress_future_action":{"enabled":false,"date":"2026-05-08 23:39:05","action":"change-status","newStatus":"draft","terms":[],"taxonomy":"category","extraData":[]},"publishpress_future_workflow_manual_trigger":{"enabledWorkflows":[]},"_links":{"self":[{"href":"https:\/\/www.casaldelsinfants.org\/es\/wp-json\/wp\/v2\/posts\/18078","targetHints":{"allow":["GET"]}}],"collection":[{"href":"https:\/\/www.casaldelsinfants.org\/es\/wp-json\/wp\/v2\/posts"}],"about":[{"href":"https:\/\/www.casaldelsinfants.org\/es\/wp-json\/wp\/v2\/types\/post"}],"author":[{"embeddable":true,"href":"https:\/\/www.casaldelsinfants.org\/es\/wp-json\/wp\/v2\/users\/9"}],"replies":[{"embeddable":true,"href":"https:\/\/www.casaldelsinfants.org\/es\/wp-json\/wp\/v2\/comments?post=18078"}],"version-history":[{"count":2,"href":"https:\/\/www.casaldelsinfants.org\/es\/wp-json\/wp\/v2\/posts\/18078\/revisions"}],"predecessor-version":[{"id":18087,"href":"https:\/\/www.casaldelsinfants.org\/es\/wp-json\/wp\/v2\/posts\/18078\/revisions\/18087"}],"wp:attachment":[{"href":"https:\/\/www.casaldelsinfants.org\/es\/wp-json\/wp\/v2\/media?parent=18078"}],"wp:term":[{"taxonomy":"category","embeddable":true,"href":"https:\/\/www.casaldelsinfants.org\/es\/wp-json\/wp\/v2\/categories?post=18078"},{"taxonomy":"post_tag","embeddable":true,"href":"https:\/\/www.casaldelsinfants.org\/es\/wp-json\/wp\/v2\/tags?post=18078"},{"taxonomy":"seus","embeddable":true,"href":"https:\/\/www.casaldelsinfants.org\/es\/wp-json\/wp\/v2\/seus?post=18078"},{"taxonomy":"eixos","embeddable":true,"href":"https:\/\/www.casaldelsinfants.org\/es\/wp-json\/wp\/v2\/eixos?post=18078"}],"curies":[{"name":"wp","href":"https:\/\/api.w.org\/{rel}","templated":true}]}}