{"id":18908,"date":"2024-02-26T14:48:57","date_gmt":"2024-02-26T12:48:57","guid":{"rendered":"https:\/\/www.casaldelsinfants.org\/?p=18908"},"modified":"2024-04-29T10:41:50","modified_gmt":"2024-04-29T08:41:50","slug":"involucrarse-casal-dels-infants-vida-digna-ninos-y-ninas","status":"publish","type":"post","link":"https:\/\/www.casaldelsinfants.org\/es\/actualidad\/involucrarse-casal-dels-infants-vida-digna-ninos-y-ninas\/","title":{"rendered":"\u00abEs muy importante involucrarse con el Casal dels Infants\u00bb"},"content":{"rendered":"<p><iframe loading=\"lazy\" title=\"&quot;Es muy importante involucrarse con el Casal para que los ni\u00f1os y ni\u00f1as del barrio vivan dignamente&quot;\" width=\"1080\" height=\"608\" src=\"https:\/\/www.youtube.com\/embed\/bV65A0H4ROY?feature=oembed&#038;enablejsapi=1&#038;origin=https:\/\/www.casaldelsinfants.org\"  allow=\"accelerometer; autoplay; clipboard-write; encrypted-media; gyroscope; picture-in-picture; web-share\" referrerpolicy=\"strict-origin-when-cross-origin\" allowfullscreen><\/iframe><\/p>\n<p>&nbsp;<\/p>\n<p style=\"text-align: center;\"><strong>Ayman Tobal es vecino del Raval y conoce la realidad del barrio: qu\u00e9 dificultades econ\u00f3micas viven las familias, qu\u00e9 implica para muchas ser migradas -\u00e9l lleg\u00f3 a Catalunya con 10 a\u00f1os- y la importancia de que existan espacios donde los ni\u00f1os y ni\u00f1as del barrio encuentren oportunidades para salir adelante. Por ello decidi\u00f3 organizarse con compa\u00f1eros de trabajo y colaborar con el Casal dels Infants.<\/strong><\/p>\n<p>&nbsp;<\/p>\n<div class=\"et_pb_module et_pb_post_content et_pb_post_content_0_tb_body\">\n<h2>\u00bfC\u00f3mo conociste el Casal dels Infants?<\/h2>\n<p>Soy vecino del barrio del Raval. Muchas veces paso por la puerta de los <a href=\"https:\/\/www.casaldelsinfants.org\/es\/donde-trabajamos\/el-raval\/\">locales del Casal en la calle de la Reina Am\u00e0lia<\/a>, y veo a los ni\u00f1os y ni\u00f1as jugando. Tambi\u00e9n me hab\u00edan hablado de la asociaci\u00f3n alg\u00fan vecino que participa en ella.<\/p>\n<h2>\u00bfPor qu\u00e9 y c\u00f3mo decidiste colaborar con el Casal dels Infants en el barrio del Raval?<\/h2>\n<p>Conozco las realidades de mis vecinos. He visto que sus condiciones materiales son complejas, y que los ni\u00f1os y ni\u00f1as solo encuentran la salida a esta complejidad en la escuela o el Casal. Realmente, si queremos que tengan un futuro y una vida dignas, es muy importante que tengamos un lugar como el Casal dels Infants, donde tienen la oportunidad de desarrollarse, jugar, aprender y contar con un espacio seguro.<\/p>\n<\/div>\n<p>&nbsp;<\/p>\n<div id=\"attachment_18902\" style=\"width: 510px\" class=\"wp-caption aligncenter\"><img decoding=\"async\" aria-describedby=\"caption-attachment-18902\" class=\"wp-image-18902\" src=\"https:\/\/www.casaldelsinfants.org\/wp-content\/uploads\/Ayman-Reina-Amalia-Casal-dels-Infants-1.webp\" alt=\"L'Ayman Tobal defensa que els infants dels barris desfavorits comptin amb espais com el Casal dels Infants\" width=\"500\" height=\"281\" \/><p id=\"caption-attachment-18902\" class=\"wp-caption-text\">Ayman caminando por la calle de la Reina Am\u00e0lia, en el barrio del Raval.<\/p><\/div>\n<p>&nbsp;<\/p>\n<p>&nbsp;<\/p>\n<div class=\"et_pb_module et_pb_post_content et_pb_post_content_0_tb_body\">\n<h2>\u00bfC\u00f3mo has colaborado con el Casal dels Infants?<\/h2>\n<p>Quer\u00eda ir m\u00e1s all\u00e1 de la acci\u00f3n individual, y me encontr\u00e9 que mis compa\u00f1eros de trabajo quer\u00edan apoyar alguna acci\u00f3n social sin saber c\u00f3mo. Muchos son de fuera y no conocen el tejido del barrio. Hablamos de ello y nos organizamos para recoger juguetes para los ni\u00f1os y ni\u00f1as del Casal, la Navidad del a\u00f1o pasado. Despu\u00e9s vimos que tambi\u00e9n pod\u00edamos aportar una ayuda econ\u00f3mica. Organizamos en nuestra empresa, internamente, una subasta solidaria de ordenadores en desuso, y lo recaudado lo dimos al Casal.<\/p>\n<h2>\u00bfC\u00f3mo crees que la ciudadan\u00eda se puede implicar en la acci\u00f3n social del Casal dels Infants?<\/h2>\n<p>Es importante que la ciudadan\u00eda sepa que hay un lugar como el Casal, en el barrio del Raval y<a href=\"https:\/\/www.casaldelsinfants.org\/es\/donde-trabajamos\/\"> en otros que concentran los efectos de las desigualdades<\/a>. Es un proyecto muy local y con grandes profesionales que est\u00e1n haciendo este trabajo d\u00eda tras d\u00eda. Que entienda que el presente y el futuro de las nuevas generaciones ya est\u00e1 en juego en muchos barrios. Lo m\u00e1s importante es que cada uno, como pueda, se pueda involucrar con la acci\u00f3n social del Casal dels Infants.<\/p>\n<p>&nbsp;<\/p>\n<blockquote><p><strong>T\u00fa tambi\u00e9n puedes apoyar a la infancia en riesgo en Catalunya.<\/strong><\/p>\n<p>Haz un donativo <a href=\"https:\/\/www.casaldelsinfants.org\/dona-ara\/\">aqu\u00ed<\/a>.<\/p>\n<p>Hazte voluntario\/a <a href=\"https:\/\/www.casaldelsinfants.org\/que-pots-fer-tu\/voluntariat\/\">aqu\u00ed<\/a>.<\/p><\/blockquote>\n<\/div>\n<div class=\"et_pb_module et_pb_text et_pb_text_1_tb_body et_pb_text_align_left et_pb_bg_layout_light\">\n<div class=\"et_pb_text_inner\"><\/div>\n<\/div>\n","protected":false},"excerpt":{"rendered":"<p>&nbsp; Ayman Tobal es vecino del Raval y conoce la realidad del barrio: qu\u00e9 dificultades econ\u00f3micas viven las familias, qu\u00e9 implica para muchas ser migradas -\u00e9l lleg\u00f3 a Catalunya con 10 a\u00f1os- y la importancia de que existan espacios donde los ni\u00f1os y ni\u00f1as del barrio encuentren oportunidades para salir adelante. Por ello decidi\u00f3 organizarse [&hellip;]<\/p>\n","protected":false},"author":10,"featured_media":0,"comment_status":"open","ping_status":"open","sticky":false,"template":"","format":"standard","meta":{"_acf_changed":false,"_et_pb_use_builder":"","_et_pb_old_content":"","_et_gb_content_width":"","inline_featured_image":false,"footnotes":""},"categories":[127],"tags":[],"seus":[157],"eixos":[205],"class_list":["post-18908","post","type-post","status-publish","format-standard","hentry","category-entrevista","seus-el-raval","eixos-infancia-y-adolescencia-es"],"acf":[],"yoast_head":"<!-- This site is optimized with the Yoast SEO plugin v27.4 - https:\/\/yoast.com\/product\/yoast-seo-wordpress\/ -->\n<title>&quot;Es muy importante involucrarse con el Casal dels Infants&quot;<\/title>\n<meta name=\"description\" content=\"Ayman Tobal vive en el Raval y defiende que la infancia del barrio tenga espacios seguros para desarrollarse, como el Casal dels Infants.\" \/>\n<meta name=\"robots\" content=\"index, follow, max-snippet:-1, max-image-preview:large, max-video-preview:-1\" \/>\n<link rel=\"canonical\" href=\"https:\/\/www.casaldelsinfants.org\/es\/actualidad\/involucrarse-casal-dels-infants-vida-digna-ninos-y-ninas\/\" \/>\n<meta property=\"og:locale\" content=\"es_ES\" \/>\n<meta property=\"og:type\" content=\"article\" \/>\n<meta property=\"og:title\" content=\"&quot;Es muy importante involucrarse con el Casal dels Infants&quot;\" \/>\n<meta property=\"og:description\" content=\"Ayman Tobal vive en el Raval y defiende que la infancia del barrio tenga espacios seguros para desarrollarse, como el Casal dels Infants.\" \/>\n<meta property=\"og:url\" content=\"https:\/\/www.casaldelsinfants.org\/es\/actualidad\/involucrarse-casal-dels-infants-vida-digna-ninos-y-ninas\/\" \/>\n<meta property=\"og:site_name\" content=\"Casal dels Infants\" \/>\n<meta property=\"article:publisher\" content=\"https:\/\/www.facebook.com\/casalinfants\" \/>\n<meta property=\"article:published_time\" content=\"2024-02-26T12:48:57+00:00\" \/>\n<meta property=\"article:modified_time\" content=\"2024-04-29T08:41:50+00:00\" \/>\n<meta property=\"og:image\" content=\"https:\/\/www.casaldelsinfants.org\/wp-content\/uploads\/Ayman-Reina-Amalia-Casal-dels-Infants-1.webp\" \/>\n<meta name=\"author\" content=\"Pau\" \/>\n<meta name=\"twitter:card\" content=\"summary_large_image\" \/>\n<meta name=\"twitter:creator\" content=\"@casalinfants\" \/>\n<meta name=\"twitter:site\" content=\"@casalinfants\" \/>\n<meta name=\"twitter:label1\" content=\"Escrito por\" \/>\n\t<meta name=\"twitter:data1\" content=\"Pau\" \/>\n\t<meta name=\"twitter:label2\" content=\"Tiempo de lectura\" \/>\n\t<meta name=\"twitter:data2\" content=\"3 minutos\" \/>\n<script type=\"application\/ld+json\" class=\"yoast-schema-graph\">{\"@context\":\"https:\\\/\\\/schema.org\",\"@graph\":[{\"@type\":\"Article\",\"@id\":\"https:\\\/\\\/www.casaldelsinfants.org\\\/es\\\/actualidad\\\/involucrarse-casal-dels-infants-vida-digna-ninos-y-ninas\\\/#article\",\"isPartOf\":{\"@id\":\"https:\\\/\\\/www.casaldelsinfants.org\\\/es\\\/actualidad\\\/involucrarse-casal-dels-infants-vida-digna-ninos-y-ninas\\\/\"},\"author\":{\"name\":\"Pau\",\"@id\":\"https:\\\/\\\/www.casaldelsinfants.org\\\/es\\\/#\\\/schema\\\/person\\\/2ef4311d50d338a60b5e32ef2d303033\"},\"headline\":\"\u00abEs muy importante involucrarse con el Casal dels Infants\u00bb\",\"datePublished\":\"2024-02-26T12:48:57+00:00\",\"dateModified\":\"2024-04-29T08:41:50+00:00\",\"mainEntityOfPage\":{\"@id\":\"https:\\\/\\\/www.casaldelsinfants.org\\\/es\\\/actualidad\\\/involucrarse-casal-dels-infants-vida-digna-ninos-y-ninas\\\/\"},\"wordCount\":503,\"commentCount\":0,\"publisher\":{\"@id\":\"https:\\\/\\\/www.casaldelsinfants.org\\\/es\\\/#organization\"},\"image\":{\"@id\":\"https:\\\/\\\/www.casaldelsinfants.org\\\/es\\\/actualidad\\\/involucrarse-casal-dels-infants-vida-digna-ninos-y-ninas\\\/#primaryimage\"},\"thumbnailUrl\":\"https:\\\/\\\/www.casaldelsinfants.org\\\/wp-content\\\/uploads\\\/Ayman-Reina-Amalia-Casal-dels-Infants-1.webp\",\"articleSection\":[\"Entrevista\"],\"inLanguage\":\"es\",\"potentialAction\":[{\"@type\":\"CommentAction\",\"name\":\"Comment\",\"target\":[\"https:\\\/\\\/www.casaldelsinfants.org\\\/es\\\/actualidad\\\/involucrarse-casal-dels-infants-vida-digna-ninos-y-ninas\\\/#respond\"]}]},{\"@type\":\"WebPage\",\"@id\":\"https:\\\/\\\/www.casaldelsinfants.org\\\/es\\\/actualidad\\\/involucrarse-casal-dels-infants-vida-digna-ninos-y-ninas\\\/\",\"url\":\"https:\\\/\\\/www.casaldelsinfants.org\\\/es\\\/actualidad\\\/involucrarse-casal-dels-infants-vida-digna-ninos-y-ninas\\\/\",\"name\":\"\\\"Es muy importante involucrarse con el Casal dels Infants\\\"\",\"isPartOf\":{\"@id\":\"https:\\\/\\\/www.casaldelsinfants.org\\\/es\\\/#website\"},\"primaryImageOfPage\":{\"@id\":\"https:\\\/\\\/www.casaldelsinfants.org\\\/es\\\/actualidad\\\/involucrarse-casal-dels-infants-vida-digna-ninos-y-ninas\\\/#primaryimage\"},\"image\":{\"@id\":\"https:\\\/\\\/www.casaldelsinfants.org\\\/es\\\/actualidad\\\/involucrarse-casal-dels-infants-vida-digna-ninos-y-ninas\\\/#primaryimage\"},\"thumbnailUrl\":\"https:\\\/\\\/www.casaldelsinfants.org\\\/wp-content\\\/uploads\\\/Ayman-Reina-Amalia-Casal-dels-Infants-1.webp\",\"datePublished\":\"2024-02-26T12:48:57+00:00\",\"dateModified\":\"2024-04-29T08:41:50+00:00\",\"description\":\"Ayman Tobal vive en el Raval y defiende que la infancia del barrio tenga espacios seguros para desarrollarse, como el Casal dels Infants.\",\"breadcrumb\":{\"@id\":\"https:\\\/\\\/www.casaldelsinfants.org\\\/es\\\/actualidad\\\/involucrarse-casal-dels-infants-vida-digna-ninos-y-ninas\\\/#breadcrumb\"},\"inLanguage\":\"es\",\"potentialAction\":[{\"@type\":\"ReadAction\",\"target\":[\"https:\\\/\\\/www.casaldelsinfants.org\\\/es\\\/actualidad\\\/involucrarse-casal-dels-infants-vida-digna-ninos-y-ninas\\\/\"]}]},{\"@type\":\"ImageObject\",\"inLanguage\":\"es\",\"@id\":\"https:\\\/\\\/www.casaldelsinfants.org\\\/es\\\/actualidad\\\/involucrarse-casal-dels-infants-vida-digna-ninos-y-ninas\\\/#primaryimage\",\"url\":\"https:\\\/\\\/www.casaldelsinfants.org\\\/wp-content\\\/uploads\\\/Ayman-Reina-Amalia-Casal-dels-Infants-1.webp\",\"contentUrl\":\"https:\\\/\\\/www.casaldelsinfants.org\\\/wp-content\\\/uploads\\\/Ayman-Reina-Amalia-Casal-dels-Infants-1.webp\"},{\"@type\":\"BreadcrumbList\",\"@id\":\"https:\\\/\\\/www.casaldelsinfants.org\\\/es\\\/actualidad\\\/involucrarse-casal-dels-infants-vida-digna-ninos-y-ninas\\\/#breadcrumb\",\"itemListElement\":[{\"@type\":\"ListItem\",\"position\":1,\"name\":\"Inici\",\"item\":\"https:\\\/\\\/www.casaldelsinfants.org\\\/es\\\/\"},{\"@type\":\"ListItem\",\"position\":2,\"name\":\"\u00abEs muy importante involucrarse con el Casal dels Infants\u00bb\"}]},{\"@type\":\"WebSite\",\"@id\":\"https:\\\/\\\/www.casaldelsinfants.org\\\/es\\\/#website\",\"url\":\"https:\\\/\\\/www.casaldelsinfants.org\\\/es\\\/\",\"name\":\"Casal dels Infants\",\"description\":\"\",\"publisher\":{\"@id\":\"https:\\\/\\\/www.casaldelsinfants.org\\\/es\\\/#organization\"},\"potentialAction\":[{\"@type\":\"SearchAction\",\"target\":{\"@type\":\"EntryPoint\",\"urlTemplate\":\"https:\\\/\\\/www.casaldelsinfants.org\\\/es\\\/?s={search_term_string}\"},\"query-input\":{\"@type\":\"PropertyValueSpecification\",\"valueRequired\":true,\"valueName\":\"search_term_string\"}}],\"inLanguage\":\"es\"},{\"@type\":\"Organization\",\"@id\":\"https:\\\/\\\/www.casaldelsinfants.org\\\/es\\\/#organization\",\"name\":\"Casal dels Infants\",\"url\":\"https:\\\/\\\/www.casaldelsinfants.org\\\/es\\\/\",\"logo\":{\"@type\":\"ImageObject\",\"inLanguage\":\"es\",\"@id\":\"https:\\\/\\\/www.casaldelsinfants.org\\\/es\\\/#\\\/schema\\\/logo\\\/image\\\/\",\"url\":\"https:\\\/\\\/www.casaldelsinfants.org\\\/wp-content\\\/uploads\\\/logo-mail.png\",\"contentUrl\":\"https:\\\/\\\/www.casaldelsinfants.org\\\/wp-content\\\/uploads\\\/logo-mail.png\",\"width\":380,\"height\":158,\"caption\":\"Casal dels Infants\"},\"image\":{\"@id\":\"https:\\\/\\\/www.casaldelsinfants.org\\\/es\\\/#\\\/schema\\\/logo\\\/image\\\/\"},\"sameAs\":[\"https:\\\/\\\/www.facebook.com\\\/casalinfants\",\"https:\\\/\\\/x.com\\\/casalinfants\",\"https:\\\/\\\/www.youtube.com\\\/user\\\/CasaldelsInfants1\",\"https:\\\/\\\/www.instagram.com\\\/casalinfants\\\/\",\"https:\\\/\\\/www.linkedin.com\\\/company\\\/casaldelsinfants?trk=organization-update_share-update_actor-text\"]},{\"@type\":\"Person\",\"@id\":\"https:\\\/\\\/www.casaldelsinfants.org\\\/es\\\/#\\\/schema\\\/person\\\/2ef4311d50d338a60b5e32ef2d303033\",\"name\":\"Pau\"}]}<\/script>\n<!-- \/ Yoast SEO plugin. -->","yoast_head_json":{"title":"\"Es muy importante involucrarse con el Casal dels Infants\"","description":"Ayman Tobal vive en el Raval y defiende que la infancia del barrio tenga espacios seguros para desarrollarse, como el Casal dels Infants.","robots":{"index":"index","follow":"follow","max-snippet":"max-snippet:-1","max-image-preview":"max-image-preview:large","max-video-preview":"max-video-preview:-1"},"canonical":"https:\/\/www.casaldelsinfants.org\/es\/actualidad\/involucrarse-casal-dels-infants-vida-digna-ninos-y-ninas\/","og_locale":"es_ES","og_type":"article","og_title":"\"Es muy importante involucrarse con el Casal dels Infants\"","og_description":"Ayman Tobal vive en el Raval y defiende que la infancia del barrio tenga espacios seguros para desarrollarse, como el Casal dels Infants.","og_url":"https:\/\/www.casaldelsinfants.org\/es\/actualidad\/involucrarse-casal-dels-infants-vida-digna-ninos-y-ninas\/","og_site_name":"Casal dels Infants","article_publisher":"https:\/\/www.facebook.com\/casalinfants","article_published_time":"2024-02-26T12:48:57+00:00","article_modified_time":"2024-04-29T08:41:50+00:00","og_image":[{"url":"https:\/\/www.casaldelsinfants.org\/wp-content\/uploads\/Ayman-Reina-Amalia-Casal-dels-Infants-1.webp","type":"","width":"","height":""}],"author":"Pau","twitter_card":"summary_large_image","twitter_creator":"@casalinfants","twitter_site":"@casalinfants","twitter_misc":{"Escrito por":"Pau","Tiempo de lectura":"3 minutos"},"schema":{"@context":"https:\/\/schema.org","@graph":[{"@type":"Article","@id":"https:\/\/www.casaldelsinfants.org\/es\/actualidad\/involucrarse-casal-dels-infants-vida-digna-ninos-y-ninas\/#article","isPartOf":{"@id":"https:\/\/www.casaldelsinfants.org\/es\/actualidad\/involucrarse-casal-dels-infants-vida-digna-ninos-y-ninas\/"},"author":{"name":"Pau","@id":"https:\/\/www.casaldelsinfants.org\/es\/#\/schema\/person\/2ef4311d50d338a60b5e32ef2d303033"},"headline":"\u00abEs muy importante involucrarse con el Casal dels Infants\u00bb","datePublished":"2024-02-26T12:48:57+00:00","dateModified":"2024-04-29T08:41:50+00:00","mainEntityOfPage":{"@id":"https:\/\/www.casaldelsinfants.org\/es\/actualidad\/involucrarse-casal-dels-infants-vida-digna-ninos-y-ninas\/"},"wordCount":503,"commentCount":0,"publisher":{"@id":"https:\/\/www.casaldelsinfants.org\/es\/#organization"},"image":{"@id":"https:\/\/www.casaldelsinfants.org\/es\/actualidad\/involucrarse-casal-dels-infants-vida-digna-ninos-y-ninas\/#primaryimage"},"thumbnailUrl":"https:\/\/www.casaldelsinfants.org\/wp-content\/uploads\/Ayman-Reina-Amalia-Casal-dels-Infants-1.webp","articleSection":["Entrevista"],"inLanguage":"es","potentialAction":[{"@type":"CommentAction","name":"Comment","target":["https:\/\/www.casaldelsinfants.org\/es\/actualidad\/involucrarse-casal-dels-infants-vida-digna-ninos-y-ninas\/#respond"]}]},{"@type":"WebPage","@id":"https:\/\/www.casaldelsinfants.org\/es\/actualidad\/involucrarse-casal-dels-infants-vida-digna-ninos-y-ninas\/","url":"https:\/\/www.casaldelsinfants.org\/es\/actualidad\/involucrarse-casal-dels-infants-vida-digna-ninos-y-ninas\/","name":"\"Es muy importante involucrarse con el Casal dels Infants\"","isPartOf":{"@id":"https:\/\/www.casaldelsinfants.org\/es\/#website"},"primaryImageOfPage":{"@id":"https:\/\/www.casaldelsinfants.org\/es\/actualidad\/involucrarse-casal-dels-infants-vida-digna-ninos-y-ninas\/#primaryimage"},"image":{"@id":"https:\/\/www.casaldelsinfants.org\/es\/actualidad\/involucrarse-casal-dels-infants-vida-digna-ninos-y-ninas\/#primaryimage"},"thumbnailUrl":"https:\/\/www.casaldelsinfants.org\/wp-content\/uploads\/Ayman-Reina-Amalia-Casal-dels-Infants-1.webp","datePublished":"2024-02-26T12:48:57+00:00","dateModified":"2024-04-29T08:41:50+00:00","description":"Ayman Tobal vive en el Raval y defiende que la infancia del barrio tenga espacios seguros para desarrollarse, como el Casal dels Infants.","breadcrumb":{"@id":"https:\/\/www.casaldelsinfants.org\/es\/actualidad\/involucrarse-casal-dels-infants-vida-digna-ninos-y-ninas\/#breadcrumb"},"inLanguage":"es","potentialAction":[{"@type":"ReadAction","target":["https:\/\/www.casaldelsinfants.org\/es\/actualidad\/involucrarse-casal-dels-infants-vida-digna-ninos-y-ninas\/"]}]},{"@type":"ImageObject","inLanguage":"es","@id":"https:\/\/www.casaldelsinfants.org\/es\/actualidad\/involucrarse-casal-dels-infants-vida-digna-ninos-y-ninas\/#primaryimage","url":"https:\/\/www.casaldelsinfants.org\/wp-content\/uploads\/Ayman-Reina-Amalia-Casal-dels-Infants-1.webp","contentUrl":"https:\/\/www.casaldelsinfants.org\/wp-content\/uploads\/Ayman-Reina-Amalia-Casal-dels-Infants-1.webp"},{"@type":"BreadcrumbList","@id":"https:\/\/www.casaldelsinfants.org\/es\/actualidad\/involucrarse-casal-dels-infants-vida-digna-ninos-y-ninas\/#breadcrumb","itemListElement":[{"@type":"ListItem","position":1,"name":"Inici","item":"https:\/\/www.casaldelsinfants.org\/es\/"},{"@type":"ListItem","position":2,"name":"\u00abEs muy importante involucrarse con el Casal dels Infants\u00bb"}]},{"@type":"WebSite","@id":"https:\/\/www.casaldelsinfants.org\/es\/#website","url":"https:\/\/www.casaldelsinfants.org\/es\/","name":"Casal dels Infants","description":"","publisher":{"@id":"https:\/\/www.casaldelsinfants.org\/es\/#organization"},"potentialAction":[{"@type":"SearchAction","target":{"@type":"EntryPoint","urlTemplate":"https:\/\/www.casaldelsinfants.org\/es\/?s={search_term_string}"},"query-input":{"@type":"PropertyValueSpecification","valueRequired":true,"valueName":"search_term_string"}}],"inLanguage":"es"},{"@type":"Organization","@id":"https:\/\/www.casaldelsinfants.org\/es\/#organization","name":"Casal dels Infants","url":"https:\/\/www.casaldelsinfants.org\/es\/","logo":{"@type":"ImageObject","inLanguage":"es","@id":"https:\/\/www.casaldelsinfants.org\/es\/#\/schema\/logo\/image\/","url":"https:\/\/www.casaldelsinfants.org\/wp-content\/uploads\/logo-mail.png","contentUrl":"https:\/\/www.casaldelsinfants.org\/wp-content\/uploads\/logo-mail.png","width":380,"height":158,"caption":"Casal dels Infants"},"image":{"@id":"https:\/\/www.casaldelsinfants.org\/es\/#\/schema\/logo\/image\/"},"sameAs":["https:\/\/www.facebook.com\/casalinfants","https:\/\/x.com\/casalinfants","https:\/\/www.youtube.com\/user\/CasaldelsInfants1","https:\/\/www.instagram.com\/casalinfants\/","https:\/\/www.linkedin.com\/company\/casaldelsinfants?trk=organization-update_share-update_actor-text"]},{"@type":"Person","@id":"https:\/\/www.casaldelsinfants.org\/es\/#\/schema\/person\/2ef4311d50d338a60b5e32ef2d303033","name":"Pau"}]}},"publishpress_future_action":{"enabled":false,"date":"2026-05-08 13:35:01","action":"change-status","newStatus":"draft","terms":[],"taxonomy":"category","extraData":[]},"publishpress_future_workflow_manual_trigger":{"enabledWorkflows":[]},"_links":{"self":[{"href":"https:\/\/www.casaldelsinfants.org\/es\/wp-json\/wp\/v2\/posts\/18908","targetHints":{"allow":["GET"]}}],"collection":[{"href":"https:\/\/www.casaldelsinfants.org\/es\/wp-json\/wp\/v2\/posts"}],"about":[{"href":"https:\/\/www.casaldelsinfants.org\/es\/wp-json\/wp\/v2\/types\/post"}],"author":[{"embeddable":true,"href":"https:\/\/www.casaldelsinfants.org\/es\/wp-json\/wp\/v2\/users\/10"}],"replies":[{"embeddable":true,"href":"https:\/\/www.casaldelsinfants.org\/es\/wp-json\/wp\/v2\/comments?post=18908"}],"version-history":[{"count":3,"href":"https:\/\/www.casaldelsinfants.org\/es\/wp-json\/wp\/v2\/posts\/18908\/revisions"}],"predecessor-version":[{"id":20186,"href":"https:\/\/www.casaldelsinfants.org\/es\/wp-json\/wp\/v2\/posts\/18908\/revisions\/20186"}],"wp:attachment":[{"href":"https:\/\/www.casaldelsinfants.org\/es\/wp-json\/wp\/v2\/media?parent=18908"}],"wp:term":[{"taxonomy":"category","embeddable":true,"href":"https:\/\/www.casaldelsinfants.org\/es\/wp-json\/wp\/v2\/categories?post=18908"},{"taxonomy":"post_tag","embeddable":true,"href":"https:\/\/www.casaldelsinfants.org\/es\/wp-json\/wp\/v2\/tags?post=18908"},{"taxonomy":"seus","embeddable":true,"href":"https:\/\/www.casaldelsinfants.org\/es\/wp-json\/wp\/v2\/seus?post=18908"},{"taxonomy":"eixos","embeddable":true,"href":"https:\/\/www.casaldelsinfants.org\/es\/wp-json\/wp\/v2\/eixos?post=18908"}],"curies":[{"name":"wp","href":"https:\/\/api.w.org\/{rel}","templated":true}]}}