{"id":19100,"date":"2024-02-29T17:33:03","date_gmt":"2024-02-29T15:33:03","guid":{"rendered":"https:\/\/www.casaldelsinfants.org\/?p=19100"},"modified":"2024-04-29T10:46:47","modified_gmt":"2024-04-29T08:46:47","slug":"encuestacondicionesdevida","status":"publish","type":"post","link":"https:\/\/www.casaldelsinfants.org\/es\/actualidad\/encuestacondicionesdevida\/","title":{"rendered":"1 de cada 3 menores, en riesgo de pobreza o exclusi\u00f3n social"},"content":{"rendered":"<p>En Catalunya,<strong> 442.300 ni\u00f1os y ni\u00f1as (uno de cada tres)<\/strong> sufrieron <strong>riesgo de pobreza o exclusi\u00f3n social<\/strong> el 2023, seg\u00fan datos de la <a href=\"https:\/\/www.idescat.cat\/pub\/?id=ecv&amp;n=14916&amp;t=202300\">Encuesta de Condiciones de Vida<\/a> publicados el 26 de febrero por el Institut d&#8217;Estad\u00edstica de Catalunya (Idescat). Son 6.000 ni\u00f1os y ni\u00f1as m\u00e1s que el a\u00f1o 2022, y la infancia sigue siendo la franja de edad que m\u00e1s se encuentra en esta situaci\u00f3n, por encima del conjunto de la poblaci\u00f3n de todas las edades (<strong>una de cada cuatro personas<\/strong> se encuentra en esta situaci\u00f3n).<\/p>\n<p>Los datos vuelven a indicar que el riesgo de pobreza o exclusi\u00f3n social en la infancia en Catalunya es un problema grave y cronificado (en la \u00faltima d\u00e9cada, la proporci\u00f3n de ni\u00f1os y ni\u00f1as que se encontraban as\u00ed ha sido siempre superior al 30%, excepto el 2016). El riesgo de pobreza o exclusi\u00f3n social se mide con un indicador europeo de referencia conocido, como tasa AROPE, y tiene en cuenta la poblaci\u00f3n que vive con ingresos inferiores al umbral de la pobreza, sufre privaci\u00f3n material y social severa o vive en un hogar con baja intensidad de trabajo.<\/p>\n<p>&nbsp;<\/p>\n<h2>El riesgo de pobreza, concentrado en determinados barrios<\/h2>\n<p>Si tenemos en cuenta el <strong>riesgo de pobreza<\/strong>, y por tanto los ingresos de las familias, el 2023 afect\u00f3 a <strong>363.900 ni\u00f1os y ni\u00f1as<\/strong>, un <strong>26,8%<\/strong> del total. Supone 14.000 ni\u00f1os y ni\u00f1as menos que el a\u00f1o pasado, siguiendo la tendencia de mejora en este indicador que se ha dado desde el 2021, despu\u00e9s que en plena pandemia se registr\u00f3 la peor cifra en la \u00faltima d\u00e9cada (462.000 ni\u00f1os y ni\u00f1as en riesgo de pobreza el 2020, un 33,4%).<\/p>\n<p>M\u00e1s all\u00e1 de esta fotograf\u00eda general, cuando miramos el detalle de las cifras por distritos nos encontramos con cifras de pobreza infantil mucho m\u00e1s altas. El 2021, a\u00f1o con las \u00faltimas fechas disponibles, 23 distritos de 19 municipios de Catalunya ten\u00edan una tasa de riesgo de pobreza entre los ni\u00f1os y ni\u00f1as igual o superior al 50%, teniendo en cuenta el umbral de pobreza de todo el estado y seg\u00fan datos del <a href=\"https:\/\/www.ine.es\/jaxiT3\/Tabla.htm?t=30902&amp;L=0\">Atles de Distribuci\u00f3 de la Renda de les Llars de l\u2019Institut Nacional d\u2019Estad\u00edstica<\/a>.<\/p>\n<p>&nbsp;<\/p>\n<h2>Gastos de necesidades b\u00e1sicas inasumibles<\/h2>\n<p>Es alarmante, pues, que un <strong>10,9% de los ni\u00f1os y ni\u00f1as<\/strong> (131.500) sufrieron <strong>privaci\u00f3n material severa<\/strong>, es decir, que sus familias no pudieron hacer frente al gasto de de necesidades b\u00e1sicas, en un contexto de inflanci\u00f3n. La proporci\u00f3n de ni\u00f1os y ni\u00f1as en esta situaci\u00f3n ya hab\u00eda crecido en los \u00faltimos seis a\u00f1os (desde el 2016, cuando solo se encontraban el 6%).<\/p>\n<p>Hace falta destacar que casi <strong>la mitad de los ni\u00f1os y ni\u00f1as<\/strong> (44,6%) vive en familias que <strong>no pueden hacer frente a gastos imprevistos<\/strong>, m\u00e1s ni\u00f1os y ni\u00f1as que el 2022 (39,7%). En <strong>uno de cada cinco<\/strong>\u00a0ni\u00f1os, en casa <strong>no se pueden permitir mantener la vivienda a temperatura adecuada<\/strong> (20,5%) y <strong>uno de cada tres<\/strong> vive en hogares que <strong>no pueden hacer vacaciones como m\u00ednimo una semana al a\u00f1o<\/strong> (31,5%).<\/p>\n<h2>Tener hijos dispara el riesgo de sufrir pobreza<\/h2>\n<p>Las familias con hijos y hijas a cargo siguen sufriendo un riesgo de pobreza (22,7%) mucho m\u00e1s alto que las que no tienen (13,1%), y el doble que los hogares con dos adultos sin hijos a cargo (11,75%).<\/p>\n<p>El peor contexto sigue siendo el de las familias monoparentales, un 80% de las cuales las encabezan mujeres. Una de cada tres de estas familias se encuentra en riesgo de pobreza. A pesar que la cifra continua siendo preocupante, hace falta se\u00f1alar una evoluci\u00f3n positiva en los \u00faltimos dos a\u00f1os (el 2022 se encontraban as\u00ed el 39,3% y el 2021 m\u00e1s de la mitad, el 51,9%).<\/p>\n<h2>Las prestaciones sociales, insuficientes contra la pobreza infantil<\/h2>\n<p>La <strong>infancia<\/strong> es tambi\u00e9n la <strong>franja de edad que menos consigue salir del riesgo de pobreza gracias a las transferencias sociales<\/strong> (pensiones y prestaciones p\u00fablicas). Poco m\u00e1s de <strong>uno de cada cinco ni\u00f1os y ni\u00f1as<\/strong> (22,3%) supera el riesgo de pobreza gracias a estas ayudas, que permiten, en cambio, que m\u00e1s de la mitad del conjunto de la poblaci\u00f3n de todas las edades (55,2%) salga adelante.<\/p>\n<h2>4 claves contra el riesgo de pobreza o exclusi\u00f3n social en la infancia<\/h2>\n<p>Desde el Casal dels Infants destacamos <strong>cuatro medidas clave<\/strong> para garantizar los derechos de los ni\u00f1os, ni\u00f1as y adolescentes desfavorecidos y protegerlos del riesgo de pobreza o exclusi\u00f3n social, <a href=\"https:\/\/www.casaldelsinfants.org\/actualitat\/informe-drets-infant-sindic-de-greuges-2023\/\" target=\"_blank\" rel=\"noopener\">muy alineadas con algunas de las propuestas planteadas por el S\u00edndic de Greuges<\/a> en su \u00faltimo <a href=\"https:\/\/www.sindic.cat\/site\/unitFiles\/9901\/Resum%20executiu%20Informe%20anual%20infancia_2023_cat.pdf\" target=\"_blank\" rel=\"noopener\">informe anual sobre los derechos del ni\u00f1o<\/a>.<\/p>\n<h4>M\u00e1s prevenci\u00f3n con servicios de apoyo social y educativo<\/h4>\n<p>Solo un 5,7% de los ni\u00f1os y ni\u00f1as en riesgo de pobreza y un 13,2% en pobreza severa acceden a servicios de intervenci\u00f3n socioeducativa, como los que tiramos adelante en el Casal dels Infants. Estos servicios tienen un papel clave en la prevenci\u00f3n de situaciones de vulnerabilidad, y reclaman que cuenten con recursos para llegar a m\u00e1s ni\u00f1os y ni\u00f1as.<\/p>\n<h4>Una prestaci\u00f3n universal para la crianza<\/h4>\n<p><strong>La Renda Garantida de Ciudadan\u00eda (RGC) y el Ingreso M\u00ednimo Vital (IMV)<\/strong> no ha conseguido mejorar el impacto insuficiente de las prestaciones sociales en la reducci\u00f3n de la pobreza infantil. M\u00e1s all\u00e1 de avanzar hacia una gesti\u00f3n unificada de las dos prestaciones, <a href=\"https:\/\/govern.cat\/salapremsa\/notes-premsa\/582822\/conseller-campuzano-ministra-saiz-aborden-recta-final-pel-traspas-gestio-lingres-minim-vital\" target=\"_blank\" rel=\"noopener\">como ya se ha anunciado<\/a>, y de mejorarlas, desde el Casal dels Infants <a href=\"https:\/\/www.social.cat\/opinio\/20352\/prestacions-pobresa-infantil\" target=\"_blank\" rel=\"noopener\">reclamamos una prestaci\u00f3n universal para todos los ni\u00f1os y ni\u00f1as<\/a>.<\/p>\n<h4>M\u00e1s ni\u00f1os y ni\u00f1as desfavorecidos en las guarder\u00edas<\/h4>\n<p>El acceso a eduaci\u00f3n y a apoyo en la crianza en la etapa de los 0 a los 3 a\u00f1os es una herramienta clave contra la pobreza infantil. Proponemos establecer criterios de prioridad en la escolarizaci\u00f3n a las guarder\u00edas que afavorezcan los ni\u00f1os y ni\u00f1as en riesgo de exclusi\u00f3n social y reservarles m\u00e1s plazas. Partiendo siempre de esta prioridad para los ni\u00f1os y ni\u00f1as desfavorecidos, hace falta avanzar en la universalizaci\u00f3n y posteriormente en la gratuidad de todo el primer ciclo de educaci\u00f3n infantil.<\/p>\n<h4>Detener los desahucios de ni\u00f1os y ni\u00f1as<\/h4>\n<p>El 2022, 4.000 familias con ni\u00f1os\/ni\u00f1as\/adolescentes a cargo sufrieron un desahucio en Catalunya, seg\u00fan el S\u00edndic de Greuges. Reclamamos que los grandes tenedores cumplan con la obligaci\u00f3n de ofrecer un alquiler social a familias en riesgo de exclusi\u00f3n social antes de desahuciarlas. Cuando la responsabilidad de realojar las familias recae en las administraciones p\u00fablicas, estas tienen que garantizar condiciones adecuadas para los ni\u00f1os y ni\u00f1as, haciendo prevaler su inter\u00e9s superior y evitando soluciones temporales y precarias como albergues o residencias.<\/p>\n","protected":false},"excerpt":{"rendered":"<p>En Catalunya, 442.300 ni\u00f1os y ni\u00f1as (uno de cada tres) sufrieron riesgo de pobreza o exclusi\u00f3n social el 2023, seg\u00fan datos de la Encuesta de Condiciones de Vida publicados el 26 de febrero por el Institut d&#8217;Estad\u00edstica de Catalunya (Idescat). Son 6.000 ni\u00f1os y ni\u00f1as m\u00e1s que el a\u00f1o 2022, y la infancia sigue siendo [&hellip;]<\/p>\n","protected":false},"author":9,"featured_media":19040,"comment_status":"open","ping_status":"open","sticky":false,"template":"","format":"standard","meta":{"_acf_changed":false,"_et_pb_use_builder":"","_et_pb_old_content":"","_et_gb_content_width":"","inline_featured_image":false,"footnotes":""},"categories":[125],"tags":[],"seus":[],"eixos":[205],"class_list":["post-19100","post","type-post","status-publish","format-standard","has-post-thumbnail","hentry","category-noticias","eixos-infancia-y-adolescencia-es"],"acf":[],"yoast_head":"<!-- This site is optimized with the Yoast SEO plugin v27.4 - https:\/\/yoast.com\/product\/yoast-seo-wordpress\/ -->\n<title>1 de cada 3 menores, en riesgo de pobreza o exclusi\u00f3n social<\/title>\n<meta name=\"description\" content=\"En Catalunya, 442.300 ni\u00f1os y ni\u00f1as (uno de cada tres) sufrieron riesgo de pobreza o exclusi\u00f3n social el 2023.\" \/>\n<meta name=\"robots\" content=\"index, follow, max-snippet:-1, max-image-preview:large, max-video-preview:-1\" \/>\n<link rel=\"canonical\" href=\"https:\/\/www.casaldelsinfants.org\/es\/actualidad\/encuestacondicionesdevida\/\" \/>\n<meta property=\"og:locale\" content=\"es_ES\" \/>\n<meta property=\"og:type\" content=\"article\" \/>\n<meta property=\"og:title\" content=\"1 de cada 3 menores, en riesgo de pobreza o exclusi\u00f3n social\" \/>\n<meta property=\"og:description\" content=\"En Catalunya, 442.300 ni\u00f1os y ni\u00f1as (uno de cada tres) sufrieron riesgo de pobreza o exclusi\u00f3n social el 2023.\" \/>\n<meta property=\"og:url\" content=\"https:\/\/www.casaldelsinfants.org\/es\/actualidad\/encuestacondicionesdevida\/\" \/>\n<meta property=\"og:site_name\" content=\"Casal dels Infants\" \/>\n<meta property=\"article:publisher\" content=\"https:\/\/www.facebook.com\/casalinfants\" \/>\n<meta property=\"article:published_time\" content=\"2024-02-29T15:33:03+00:00\" \/>\n<meta property=\"article:modified_time\" content=\"2024-04-29T08:46:47+00:00\" \/>\n<meta property=\"og:image\" content=\"https:\/\/www.casaldelsinfants.org\/wp-content\/uploads\/DSC05269-scaled.webp\" \/>\n\t<meta property=\"og:image:width\" content=\"2560\" \/>\n\t<meta property=\"og:image:height\" content=\"1440\" \/>\n\t<meta property=\"og:image:type\" content=\"image\/webp\" \/>\n<meta name=\"author\" content=\"julia\" \/>\n<meta name=\"twitter:card\" content=\"summary_large_image\" \/>\n<meta name=\"twitter:creator\" content=\"@casalinfants\" \/>\n<meta name=\"twitter:site\" content=\"@casalinfants\" \/>\n<meta name=\"twitter:label1\" content=\"Escrito por\" \/>\n\t<meta name=\"twitter:data1\" content=\"julia\" \/>\n\t<meta name=\"twitter:label2\" content=\"Tiempo de lectura\" \/>\n\t<meta name=\"twitter:data2\" content=\"7 minutos\" \/>\n<script type=\"application\/ld+json\" class=\"yoast-schema-graph\">{\"@context\":\"https:\\\/\\\/schema.org\",\"@graph\":[{\"@type\":\"Article\",\"@id\":\"https:\\\/\\\/www.casaldelsinfants.org\\\/es\\\/actualidad\\\/encuestacondicionesdevida\\\/#article\",\"isPartOf\":{\"@id\":\"https:\\\/\\\/www.casaldelsinfants.org\\\/es\\\/actualidad\\\/encuestacondicionesdevida\\\/\"},\"author\":{\"name\":\"julia\",\"@id\":\"https:\\\/\\\/www.casaldelsinfants.org\\\/es\\\/#\\\/schema\\\/person\\\/e870791b50f03fd60f872e1cd83910fc\"},\"headline\":\"1 de cada 3 menores, en riesgo de pobreza o exclusi\u00f3n social\",\"datePublished\":\"2024-02-29T15:33:03+00:00\",\"dateModified\":\"2024-04-29T08:46:47+00:00\",\"mainEntityOfPage\":{\"@id\":\"https:\\\/\\\/www.casaldelsinfants.org\\\/es\\\/actualidad\\\/encuestacondicionesdevida\\\/\"},\"wordCount\":1161,\"commentCount\":0,\"publisher\":{\"@id\":\"https:\\\/\\\/www.casaldelsinfants.org\\\/es\\\/#organization\"},\"image\":{\"@id\":\"https:\\\/\\\/www.casaldelsinfants.org\\\/es\\\/actualidad\\\/encuestacondicionesdevida\\\/#primaryimage\"},\"thumbnailUrl\":\"https:\\\/\\\/www.casaldelsinfants.org\\\/wp-content\\\/uploads\\\/DSC05269-scaled.webp\",\"articleSection\":[\"Noticia\"],\"inLanguage\":\"es\",\"potentialAction\":[{\"@type\":\"CommentAction\",\"name\":\"Comment\",\"target\":[\"https:\\\/\\\/www.casaldelsinfants.org\\\/es\\\/actualidad\\\/encuestacondicionesdevida\\\/#respond\"]}]},{\"@type\":\"WebPage\",\"@id\":\"https:\\\/\\\/www.casaldelsinfants.org\\\/es\\\/actualidad\\\/encuestacondicionesdevida\\\/\",\"url\":\"https:\\\/\\\/www.casaldelsinfants.org\\\/es\\\/actualidad\\\/encuestacondicionesdevida\\\/\",\"name\":\"1 de cada 3 menores, en riesgo de pobreza o exclusi\u00f3n social\",\"isPartOf\":{\"@id\":\"https:\\\/\\\/www.casaldelsinfants.org\\\/es\\\/#website\"},\"primaryImageOfPage\":{\"@id\":\"https:\\\/\\\/www.casaldelsinfants.org\\\/es\\\/actualidad\\\/encuestacondicionesdevida\\\/#primaryimage\"},\"image\":{\"@id\":\"https:\\\/\\\/www.casaldelsinfants.org\\\/es\\\/actualidad\\\/encuestacondicionesdevida\\\/#primaryimage\"},\"thumbnailUrl\":\"https:\\\/\\\/www.casaldelsinfants.org\\\/wp-content\\\/uploads\\\/DSC05269-scaled.webp\",\"datePublished\":\"2024-02-29T15:33:03+00:00\",\"dateModified\":\"2024-04-29T08:46:47+00:00\",\"description\":\"En Catalunya, 442.300 ni\u00f1os y ni\u00f1as (uno de cada tres) sufrieron riesgo de pobreza o exclusi\u00f3n social el 2023.\",\"breadcrumb\":{\"@id\":\"https:\\\/\\\/www.casaldelsinfants.org\\\/es\\\/actualidad\\\/encuestacondicionesdevida\\\/#breadcrumb\"},\"inLanguage\":\"es\",\"potentialAction\":[{\"@type\":\"ReadAction\",\"target\":[\"https:\\\/\\\/www.casaldelsinfants.org\\\/es\\\/actualidad\\\/encuestacondicionesdevida\\\/\"]}]},{\"@type\":\"ImageObject\",\"inLanguage\":\"es\",\"@id\":\"https:\\\/\\\/www.casaldelsinfants.org\\\/es\\\/actualidad\\\/encuestacondicionesdevida\\\/#primaryimage\",\"url\":\"https:\\\/\\\/www.casaldelsinfants.org\\\/wp-content\\\/uploads\\\/DSC05269-scaled.webp\",\"contentUrl\":\"https:\\\/\\\/www.casaldelsinfants.org\\\/wp-content\\\/uploads\\\/DSC05269-scaled.webp\",\"width\":2560,\"height\":1440,\"caption\":\"1 de cada 3 infants a Catalunya pateix risc de pobresa o exclusi\u00f3 social\"},{\"@type\":\"BreadcrumbList\",\"@id\":\"https:\\\/\\\/www.casaldelsinfants.org\\\/es\\\/actualidad\\\/encuestacondicionesdevida\\\/#breadcrumb\",\"itemListElement\":[{\"@type\":\"ListItem\",\"position\":1,\"name\":\"Inici\",\"item\":\"https:\\\/\\\/www.casaldelsinfants.org\\\/es\\\/\"},{\"@type\":\"ListItem\",\"position\":2,\"name\":\"1 de cada 3 menores, en riesgo de pobreza o exclusi\u00f3n social\"}]},{\"@type\":\"WebSite\",\"@id\":\"https:\\\/\\\/www.casaldelsinfants.org\\\/es\\\/#website\",\"url\":\"https:\\\/\\\/www.casaldelsinfants.org\\\/es\\\/\",\"name\":\"Casal dels Infants\",\"description\":\"\",\"publisher\":{\"@id\":\"https:\\\/\\\/www.casaldelsinfants.org\\\/es\\\/#organization\"},\"potentialAction\":[{\"@type\":\"SearchAction\",\"target\":{\"@type\":\"EntryPoint\",\"urlTemplate\":\"https:\\\/\\\/www.casaldelsinfants.org\\\/es\\\/?s={search_term_string}\"},\"query-input\":{\"@type\":\"PropertyValueSpecification\",\"valueRequired\":true,\"valueName\":\"search_term_string\"}}],\"inLanguage\":\"es\"},{\"@type\":\"Organization\",\"@id\":\"https:\\\/\\\/www.casaldelsinfants.org\\\/es\\\/#organization\",\"name\":\"Casal dels Infants\",\"url\":\"https:\\\/\\\/www.casaldelsinfants.org\\\/es\\\/\",\"logo\":{\"@type\":\"ImageObject\",\"inLanguage\":\"es\",\"@id\":\"https:\\\/\\\/www.casaldelsinfants.org\\\/es\\\/#\\\/schema\\\/logo\\\/image\\\/\",\"url\":\"https:\\\/\\\/www.casaldelsinfants.org\\\/wp-content\\\/uploads\\\/logo-mail.png\",\"contentUrl\":\"https:\\\/\\\/www.casaldelsinfants.org\\\/wp-content\\\/uploads\\\/logo-mail.png\",\"width\":380,\"height\":158,\"caption\":\"Casal dels Infants\"},\"image\":{\"@id\":\"https:\\\/\\\/www.casaldelsinfants.org\\\/es\\\/#\\\/schema\\\/logo\\\/image\\\/\"},\"sameAs\":[\"https:\\\/\\\/www.facebook.com\\\/casalinfants\",\"https:\\\/\\\/x.com\\\/casalinfants\",\"https:\\\/\\\/www.youtube.com\\\/user\\\/CasaldelsInfants1\",\"https:\\\/\\\/www.instagram.com\\\/casalinfants\\\/\",\"https:\\\/\\\/www.linkedin.com\\\/company\\\/casaldelsinfants?trk=organization-update_share-update_actor-text\"]},{\"@type\":\"Person\",\"@id\":\"https:\\\/\\\/www.casaldelsinfants.org\\\/es\\\/#\\\/schema\\\/person\\\/e870791b50f03fd60f872e1cd83910fc\",\"name\":\"julia\"}]}<\/script>\n<!-- \/ Yoast SEO plugin. -->","yoast_head_json":{"title":"1 de cada 3 menores, en riesgo de pobreza o exclusi\u00f3n social","description":"En Catalunya, 442.300 ni\u00f1os y ni\u00f1as (uno de cada tres) sufrieron riesgo de pobreza o exclusi\u00f3n social el 2023.","robots":{"index":"index","follow":"follow","max-snippet":"max-snippet:-1","max-image-preview":"max-image-preview:large","max-video-preview":"max-video-preview:-1"},"canonical":"https:\/\/www.casaldelsinfants.org\/es\/actualidad\/encuestacondicionesdevida\/","og_locale":"es_ES","og_type":"article","og_title":"1 de cada 3 menores, en riesgo de pobreza o exclusi\u00f3n social","og_description":"En Catalunya, 442.300 ni\u00f1os y ni\u00f1as (uno de cada tres) sufrieron riesgo de pobreza o exclusi\u00f3n social el 2023.","og_url":"https:\/\/www.casaldelsinfants.org\/es\/actualidad\/encuestacondicionesdevida\/","og_site_name":"Casal dels Infants","article_publisher":"https:\/\/www.facebook.com\/casalinfants","article_published_time":"2024-02-29T15:33:03+00:00","article_modified_time":"2024-04-29T08:46:47+00:00","og_image":[{"width":2560,"height":1440,"url":"https:\/\/www.casaldelsinfants.org\/wp-content\/uploads\/DSC05269-scaled.webp","type":"image\/webp"}],"author":"julia","twitter_card":"summary_large_image","twitter_creator":"@casalinfants","twitter_site":"@casalinfants","twitter_misc":{"Escrito por":"julia","Tiempo de lectura":"7 minutos"},"schema":{"@context":"https:\/\/schema.org","@graph":[{"@type":"Article","@id":"https:\/\/www.casaldelsinfants.org\/es\/actualidad\/encuestacondicionesdevida\/#article","isPartOf":{"@id":"https:\/\/www.casaldelsinfants.org\/es\/actualidad\/encuestacondicionesdevida\/"},"author":{"name":"julia","@id":"https:\/\/www.casaldelsinfants.org\/es\/#\/schema\/person\/e870791b50f03fd60f872e1cd83910fc"},"headline":"1 de cada 3 menores, en riesgo de pobreza o exclusi\u00f3n social","datePublished":"2024-02-29T15:33:03+00:00","dateModified":"2024-04-29T08:46:47+00:00","mainEntityOfPage":{"@id":"https:\/\/www.casaldelsinfants.org\/es\/actualidad\/encuestacondicionesdevida\/"},"wordCount":1161,"commentCount":0,"publisher":{"@id":"https:\/\/www.casaldelsinfants.org\/es\/#organization"},"image":{"@id":"https:\/\/www.casaldelsinfants.org\/es\/actualidad\/encuestacondicionesdevida\/#primaryimage"},"thumbnailUrl":"https:\/\/www.casaldelsinfants.org\/wp-content\/uploads\/DSC05269-scaled.webp","articleSection":["Noticia"],"inLanguage":"es","potentialAction":[{"@type":"CommentAction","name":"Comment","target":["https:\/\/www.casaldelsinfants.org\/es\/actualidad\/encuestacondicionesdevida\/#respond"]}]},{"@type":"WebPage","@id":"https:\/\/www.casaldelsinfants.org\/es\/actualidad\/encuestacondicionesdevida\/","url":"https:\/\/www.casaldelsinfants.org\/es\/actualidad\/encuestacondicionesdevida\/","name":"1 de cada 3 menores, en riesgo de pobreza o exclusi\u00f3n social","isPartOf":{"@id":"https:\/\/www.casaldelsinfants.org\/es\/#website"},"primaryImageOfPage":{"@id":"https:\/\/www.casaldelsinfants.org\/es\/actualidad\/encuestacondicionesdevida\/#primaryimage"},"image":{"@id":"https:\/\/www.casaldelsinfants.org\/es\/actualidad\/encuestacondicionesdevida\/#primaryimage"},"thumbnailUrl":"https:\/\/www.casaldelsinfants.org\/wp-content\/uploads\/DSC05269-scaled.webp","datePublished":"2024-02-29T15:33:03+00:00","dateModified":"2024-04-29T08:46:47+00:00","description":"En Catalunya, 442.300 ni\u00f1os y ni\u00f1as (uno de cada tres) sufrieron riesgo de pobreza o exclusi\u00f3n social el 2023.","breadcrumb":{"@id":"https:\/\/www.casaldelsinfants.org\/es\/actualidad\/encuestacondicionesdevida\/#breadcrumb"},"inLanguage":"es","potentialAction":[{"@type":"ReadAction","target":["https:\/\/www.casaldelsinfants.org\/es\/actualidad\/encuestacondicionesdevida\/"]}]},{"@type":"ImageObject","inLanguage":"es","@id":"https:\/\/www.casaldelsinfants.org\/es\/actualidad\/encuestacondicionesdevida\/#primaryimage","url":"https:\/\/www.casaldelsinfants.org\/wp-content\/uploads\/DSC05269-scaled.webp","contentUrl":"https:\/\/www.casaldelsinfants.org\/wp-content\/uploads\/DSC05269-scaled.webp","width":2560,"height":1440,"caption":"1 de cada 3 infants a Catalunya pateix risc de pobresa o exclusi\u00f3 social"},{"@type":"BreadcrumbList","@id":"https:\/\/www.casaldelsinfants.org\/es\/actualidad\/encuestacondicionesdevida\/#breadcrumb","itemListElement":[{"@type":"ListItem","position":1,"name":"Inici","item":"https:\/\/www.casaldelsinfants.org\/es\/"},{"@type":"ListItem","position":2,"name":"1 de cada 3 menores, en riesgo de pobreza o exclusi\u00f3n social"}]},{"@type":"WebSite","@id":"https:\/\/www.casaldelsinfants.org\/es\/#website","url":"https:\/\/www.casaldelsinfants.org\/es\/","name":"Casal dels Infants","description":"","publisher":{"@id":"https:\/\/www.casaldelsinfants.org\/es\/#organization"},"potentialAction":[{"@type":"SearchAction","target":{"@type":"EntryPoint","urlTemplate":"https:\/\/www.casaldelsinfants.org\/es\/?s={search_term_string}"},"query-input":{"@type":"PropertyValueSpecification","valueRequired":true,"valueName":"search_term_string"}}],"inLanguage":"es"},{"@type":"Organization","@id":"https:\/\/www.casaldelsinfants.org\/es\/#organization","name":"Casal dels Infants","url":"https:\/\/www.casaldelsinfants.org\/es\/","logo":{"@type":"ImageObject","inLanguage":"es","@id":"https:\/\/www.casaldelsinfants.org\/es\/#\/schema\/logo\/image\/","url":"https:\/\/www.casaldelsinfants.org\/wp-content\/uploads\/logo-mail.png","contentUrl":"https:\/\/www.casaldelsinfants.org\/wp-content\/uploads\/logo-mail.png","width":380,"height":158,"caption":"Casal dels Infants"},"image":{"@id":"https:\/\/www.casaldelsinfants.org\/es\/#\/schema\/logo\/image\/"},"sameAs":["https:\/\/www.facebook.com\/casalinfants","https:\/\/x.com\/casalinfants","https:\/\/www.youtube.com\/user\/CasaldelsInfants1","https:\/\/www.instagram.com\/casalinfants\/","https:\/\/www.linkedin.com\/company\/casaldelsinfants?trk=organization-update_share-update_actor-text"]},{"@type":"Person","@id":"https:\/\/www.casaldelsinfants.org\/es\/#\/schema\/person\/e870791b50f03fd60f872e1cd83910fc","name":"julia"}]}},"publishpress_future_action":{"enabled":false,"date":"2026-05-08 13:43:50","action":"change-status","newStatus":"draft","terms":[],"taxonomy":"category","extraData":[]},"publishpress_future_workflow_manual_trigger":{"enabledWorkflows":[]},"_links":{"self":[{"href":"https:\/\/www.casaldelsinfants.org\/es\/wp-json\/wp\/v2\/posts\/19100","targetHints":{"allow":["GET"]}}],"collection":[{"href":"https:\/\/www.casaldelsinfants.org\/es\/wp-json\/wp\/v2\/posts"}],"about":[{"href":"https:\/\/www.casaldelsinfants.org\/es\/wp-json\/wp\/v2\/types\/post"}],"author":[{"embeddable":true,"href":"https:\/\/www.casaldelsinfants.org\/es\/wp-json\/wp\/v2\/users\/9"}],"replies":[{"embeddable":true,"href":"https:\/\/www.casaldelsinfants.org\/es\/wp-json\/wp\/v2\/comments?post=19100"}],"version-history":[{"count":3,"href":"https:\/\/www.casaldelsinfants.org\/es\/wp-json\/wp\/v2\/posts\/19100\/revisions"}],"predecessor-version":[{"id":20188,"href":"https:\/\/www.casaldelsinfants.org\/es\/wp-json\/wp\/v2\/posts\/19100\/revisions\/20188"}],"wp:featuredmedia":[{"embeddable":true,"href":"https:\/\/www.casaldelsinfants.org\/es\/wp-json\/wp\/v2\/media\/19040"}],"wp:attachment":[{"href":"https:\/\/www.casaldelsinfants.org\/es\/wp-json\/wp\/v2\/media?parent=19100"}],"wp:term":[{"taxonomy":"category","embeddable":true,"href":"https:\/\/www.casaldelsinfants.org\/es\/wp-json\/wp\/v2\/categories?post=19100"},{"taxonomy":"post_tag","embeddable":true,"href":"https:\/\/www.casaldelsinfants.org\/es\/wp-json\/wp\/v2\/tags?post=19100"},{"taxonomy":"seus","embeddable":true,"href":"https:\/\/www.casaldelsinfants.org\/es\/wp-json\/wp\/v2\/seus?post=19100"},{"taxonomy":"eixos","embeddable":true,"href":"https:\/\/www.casaldelsinfants.org\/es\/wp-json\/wp\/v2\/eixos?post=19100"}],"curies":[{"name":"wp","href":"https:\/\/api.w.org\/{rel}","templated":true}]}}