{"id":19487,"date":"2024-03-07T12:02:58","date_gmt":"2024-03-07T10:02:58","guid":{"rendered":"https:\/\/www.casaldelsinfants.org\/?p=19487"},"modified":"2024-04-29T10:34:46","modified_gmt":"2024-04-29T08:34:46","slug":"trobadaanual2024cast","status":"publish","type":"post","link":"https:\/\/www.casaldelsinfants.org\/es\/actualidad\/trobadaanual2024cast\/","title":{"rendered":"Nos formamos en inclusi\u00f3n digital con el programa Tic Tac"},"content":{"rendered":"<p><span style=\"font-weight: 400;\">Este s\u00e1bado 2 de marzo hemos celebrad la <strong>Trobada Anual del Casal<\/strong>, una jornada que re\u00fane todo el equipo del Casal dels Infants de todos los barrios all\u00e1 donde actuamos, incluidas personas contractadas y personas voluntarias, para abordar y tratar en profundidad un tema de la acci\u00f3n social de la entidad. Este a\u00f1o, el tema central era la <strong>inclusi\u00f3n social digital<\/strong> y las competencias digitales, dentro del programa transversal Tic Tac.<\/span><\/p>\n<p>El objetivo de la Trobada Anual de este a\u00f1o era acercar el <a href=\"https:\/\/www.casaldelsinfants.org\/es\/actualidad\/primerajornadatictac\/\" target=\"_blank\" rel=\"noopener\"><span style=\"text-decoration: underline;\"><strong>programa Tic Tac<\/strong><\/span><\/a> al equipo educativo y personas voluntarias del Casal, as\u00ed como ense\u00f1arles <strong>las oportunidades que la tecnolog\u00eda ofrece en la intervenci\u00f3n y la actividad diaria<\/strong> de la acci\u00f3n social del Casal.<\/p>\n<p>&nbsp;<\/p>\n<p><img decoding=\"async\" class=\" wp-image-19478 aligncenter\" src=\"https:\/\/www.casaldelsinfants.org\/wp-content\/uploads\/DSC05647-scaled-1.webp\" alt=\"La directora del Casal dels Infants presenta la Trobada Anual a l'equip educatiu.\" width=\"1222\" height=\"687\" srcset=\"https:\/\/www.casaldelsinfants.org\/wp-content\/uploads\/DSC05647-scaled-1-980x551.webp 980w, https:\/\/www.casaldelsinfants.org\/wp-content\/uploads\/DSC05647-scaled-1-480x270.webp 480w\" sizes=\"(min-width: 0px) and (max-width: 480px) 480px, (min-width: 481px) and (max-width: 980px) 980px, (min-width: 981px) 1222px, 100vw\" \/><\/p>\n<p>&nbsp;<\/p>\n<h2>Espacio inspiracional y talleres experimentales<\/h2>\n<p><span style=\"font-weight: 400;\">La jornada, que tuvo lugar en el Casal dels Infants de Badalona, en el edifico de la antigua escuela la Betsaida, empez\u00f3 con la bienvenida de la presidenta del Casal dels Infants, Roser Rosell, y la directora general, Rosa Balaguer. El turno pas\u00f3 al <strong>grupo motor de educadores y educadoras del programa Tic Tac<\/strong>, encargados de implementar el programa en los diferentes servicios de los diferentes barrios donde act\u00faa el Casal y acompa\u00f1ar el equipo educativo en el proceso. Carlora Dueso, Ximena Iba\u00f1ez, Nuria Olivera, Anna Fab\u00f3n, Marc Pascual y I\u00f1igo Alcorta compartieron los aprendizajes, experiencias y retos del planteamiento y implementaci\u00f3n del programa.\u00a0<\/span><\/p>\n<p>La jornada continu\u00f3 con el espacio inspiracional, con la charla sobre \u00abAprendizaje, creatividad y tecnolog\u00eda\u00bb a cargo de \u00d2scar Ciur\u00f3, educador social, tecn\u00f3logo y coordinador del <span style=\"text-decoration: underline;\"><a href=\"https:\/\/conventagusti.com\/maker\/\" target=\"_blank\" rel=\"noopener\"><span style=\"font-weight: 400;\">Makerconvent<\/span><\/a><\/span><span style=\"font-weight: 400;\"> del Convent de Sant Agust\u00ed.\u00a0<\/span><\/p>\n<p>&nbsp;<\/p>\n<p><img decoding=\"async\" class=\" wp-image-19480 aligncenter\" src=\"https:\/\/www.casaldelsinfants.org\/wp-content\/uploads\/DSC05720-scaled-1.webp\" alt=\"Equip educatiu treballa en grup per resoldre l'Escape Room.\" width=\"1213\" height=\"682\" srcset=\"https:\/\/www.casaldelsinfants.org\/wp-content\/uploads\/DSC05720-scaled-1-980x551.webp 980w, https:\/\/www.casaldelsinfants.org\/wp-content\/uploads\/DSC05720-scaled-1-480x270.webp 480w\" sizes=\"(min-width: 0px) and (max-width: 480px) 480px, (min-width: 481px) and (max-width: 980px) 980px, (min-width: 981px) 1213px, 100vw\" \/><\/p>\n<p>&nbsp;<\/p>\n<p><span style=\"font-weight: 400;\">Despu\u00e9s de una pausa, empez\u00f3 el <strong>espacio experimental<\/strong>. Se hicieron diez talleres simult\u00e1neos de unos 45 minutos de durada y que se repitieron dos veces, as\u00ed el equipo pod\u00eda participar en dos de les diez talleres. Estos inclu\u00edan opciones muy variadas: algunos ense\u00f1aban sobre inteligencia artificial, an\u00e1lisis de datos o pensamiento computacional, en otros el equipo pod\u00eda experimentar con el c\u00f3digo para resolver el enigma de un Escape Room, con el micro-bit para programar palabras y formas en una placa, con el makey-makey para hacer m\u00fasica, con el stop motion para producir v\u00eddeos.\u00a0<\/span><\/p>\n<p><span style=\"font-weight: 400;\">La <span style=\"text-decoration: underline;\"><a href=\"https:\/\/www.instagram.com\/reel\/C4A6uovojZq\/?utm_source=ig_web_copy_link\" target=\"_blank\" rel=\"noopener\">Trobada Anual<\/a><\/span>, un a\u00f1o m\u00e1s, es <strong>una oportunidad para todo el equipo, tanto personas contractadas como voluntarias<\/strong>, de los cinco territorios donde act\u00faa el Casal (el Raval, Badalona, Santa Coloma de Gramenet, La Mina i el Bes\u00f2s, y Salt) para juntarse, conocerse, y compartir experiencias de los diferentes servicios socioeducativos.<\/span><\/p>\n","protected":false},"excerpt":{"rendered":"<p>Este s\u00e1bado 2 de marzo hemos celebrad la Trobada Anual del Casal, una jornada que re\u00fane todo el equipo del Casal dels Infants de todos los barrios all\u00e1 donde actuamos, incluidas personas contractadas y personas voluntarias, para abordar y tratar en profundidad un tema de la acci\u00f3n social de la entidad. Este a\u00f1o, el tema [&hellip;]<\/p>\n","protected":false},"author":9,"featured_media":19477,"comment_status":"open","ping_status":"open","sticky":false,"template":"","format":"standard","meta":{"_acf_changed":false,"_et_pb_use_builder":"","_et_pb_old_content":"","_et_gb_content_width":"","inline_featured_image":false,"footnotes":""},"categories":[125],"tags":[],"seus":[],"eixos":[110],"class_list":["post-19487","post","type-post","status-publish","format-standard","has-post-thumbnail","hentry","category-noticias","eixos-comunidad-casal-dels-infants"],"acf":[],"yoast_head":"<!-- This site is optimized with the Yoast SEO plugin v27.4 - https:\/\/yoast.com\/product\/yoast-seo-wordpress\/ -->\n<title>Nos formamos en inclusi\u00f3n digital con el programa Tic Tac<\/title>\n<meta name=\"description\" content=\"Hemos celebrado la Trobada Anual, una jornada que re\u00fane todo el equipo del Casal dels Infants, para aprender sobre inclusi\u00f3n social digital.\" \/>\n<meta name=\"robots\" content=\"index, follow, max-snippet:-1, max-image-preview:large, max-video-preview:-1\" \/>\n<link rel=\"canonical\" href=\"https:\/\/www.casaldelsinfants.org\/es\/actualidad\/trobadaanual2024cast\/\" \/>\n<meta property=\"og:locale\" content=\"es_ES\" \/>\n<meta property=\"og:type\" content=\"article\" \/>\n<meta property=\"og:title\" content=\"Nos formamos en inclusi\u00f3n digital con el programa Tic Tac\" \/>\n<meta property=\"og:description\" content=\"Hemos celebrado la Trobada Anual, una jornada que re\u00fane todo el equipo del Casal dels Infants, para aprender sobre inclusi\u00f3n social digital.\" \/>\n<meta property=\"og:url\" content=\"https:\/\/www.casaldelsinfants.org\/es\/actualidad\/trobadaanual2024cast\/\" \/>\n<meta property=\"og:site_name\" content=\"Casal dels Infants\" \/>\n<meta property=\"article:publisher\" content=\"https:\/\/www.facebook.com\/casalinfants\" \/>\n<meta property=\"article:published_time\" content=\"2024-03-07T10:02:58+00:00\" \/>\n<meta property=\"article:modified_time\" content=\"2024-04-29T08:34:46+00:00\" \/>\n<meta property=\"og:image\" content=\"https:\/\/www.casaldelsinfants.org\/wp-content\/uploads\/DSC05818-scaled-1.webp\" \/>\n\t<meta property=\"og:image:width\" content=\"2560\" \/>\n\t<meta property=\"og:image:height\" content=\"1440\" \/>\n\t<meta property=\"og:image:type\" content=\"image\/jpeg\" \/>\n<meta name=\"author\" content=\"julia\" \/>\n<meta name=\"twitter:card\" content=\"summary_large_image\" \/>\n<meta name=\"twitter:creator\" content=\"@casalinfants\" \/>\n<meta name=\"twitter:site\" content=\"@casalinfants\" \/>\n<meta name=\"twitter:label1\" content=\"Escrito por\" \/>\n\t<meta name=\"twitter:data1\" content=\"julia\" \/>\n\t<meta name=\"twitter:label2\" content=\"Tiempo de lectura\" \/>\n\t<meta name=\"twitter:data2\" content=\"3 minutos\" \/>\n<script type=\"application\/ld+json\" class=\"yoast-schema-graph\">{\"@context\":\"https:\\\/\\\/schema.org\",\"@graph\":[{\"@type\":\"Article\",\"@id\":\"https:\\\/\\\/www.casaldelsinfants.org\\\/es\\\/actualidad\\\/trobadaanual2024cast\\\/#article\",\"isPartOf\":{\"@id\":\"https:\\\/\\\/www.casaldelsinfants.org\\\/es\\\/actualidad\\\/trobadaanual2024cast\\\/\"},\"author\":{\"name\":\"julia\",\"@id\":\"https:\\\/\\\/www.casaldelsinfants.org\\\/es\\\/#\\\/schema\\\/person\\\/e870791b50f03fd60f872e1cd83910fc\"},\"headline\":\"Nos formamos en inclusi\u00f3n digital con el programa Tic Tac\",\"datePublished\":\"2024-03-07T10:02:58+00:00\",\"dateModified\":\"2024-04-29T08:34:46+00:00\",\"mainEntityOfPage\":{\"@id\":\"https:\\\/\\\/www.casaldelsinfants.org\\\/es\\\/actualidad\\\/trobadaanual2024cast\\\/\"},\"wordCount\":446,\"commentCount\":0,\"publisher\":{\"@id\":\"https:\\\/\\\/www.casaldelsinfants.org\\\/es\\\/#organization\"},\"image\":{\"@id\":\"https:\\\/\\\/www.casaldelsinfants.org\\\/es\\\/actualidad\\\/trobadaanual2024cast\\\/#primaryimage\"},\"thumbnailUrl\":\"https:\\\/\\\/www.casaldelsinfants.org\\\/wp-content\\\/uploads\\\/DSC05818-scaled-1.webp\",\"articleSection\":[\"Noticia\"],\"inLanguage\":\"es\",\"potentialAction\":[{\"@type\":\"CommentAction\",\"name\":\"Comment\",\"target\":[\"https:\\\/\\\/www.casaldelsinfants.org\\\/es\\\/actualidad\\\/trobadaanual2024cast\\\/#respond\"]}]},{\"@type\":\"WebPage\",\"@id\":\"https:\\\/\\\/www.casaldelsinfants.org\\\/es\\\/actualidad\\\/trobadaanual2024cast\\\/\",\"url\":\"https:\\\/\\\/www.casaldelsinfants.org\\\/es\\\/actualidad\\\/trobadaanual2024cast\\\/\",\"name\":\"Nos formamos en inclusi\u00f3n digital con el programa Tic Tac\",\"isPartOf\":{\"@id\":\"https:\\\/\\\/www.casaldelsinfants.org\\\/es\\\/#website\"},\"primaryImageOfPage\":{\"@id\":\"https:\\\/\\\/www.casaldelsinfants.org\\\/es\\\/actualidad\\\/trobadaanual2024cast\\\/#primaryimage\"},\"image\":{\"@id\":\"https:\\\/\\\/www.casaldelsinfants.org\\\/es\\\/actualidad\\\/trobadaanual2024cast\\\/#primaryimage\"},\"thumbnailUrl\":\"https:\\\/\\\/www.casaldelsinfants.org\\\/wp-content\\\/uploads\\\/DSC05818-scaled-1.webp\",\"datePublished\":\"2024-03-07T10:02:58+00:00\",\"dateModified\":\"2024-04-29T08:34:46+00:00\",\"description\":\"Hemos celebrado la Trobada Anual, una jornada que re\u00fane todo el equipo del Casal dels Infants, para aprender sobre inclusi\u00f3n social digital.\",\"breadcrumb\":{\"@id\":\"https:\\\/\\\/www.casaldelsinfants.org\\\/es\\\/actualidad\\\/trobadaanual2024cast\\\/#breadcrumb\"},\"inLanguage\":\"es\",\"potentialAction\":[{\"@type\":\"ReadAction\",\"target\":[\"https:\\\/\\\/www.casaldelsinfants.org\\\/es\\\/actualidad\\\/trobadaanual2024cast\\\/\"]}]},{\"@type\":\"ImageObject\",\"inLanguage\":\"es\",\"@id\":\"https:\\\/\\\/www.casaldelsinfants.org\\\/es\\\/actualidad\\\/trobadaanual2024cast\\\/#primaryimage\",\"url\":\"https:\\\/\\\/www.casaldelsinfants.org\\\/wp-content\\\/uploads\\\/DSC05818-scaled-1.webp\",\"contentUrl\":\"https:\\\/\\\/www.casaldelsinfants.org\\\/wp-content\\\/uploads\\\/DSC05818-scaled-1.webp\",\"width\":2560,\"height\":1440,\"caption\":\"Equip del Casal experimentant amb el makey-makey per fer m\u00fasica.\"},{\"@type\":\"BreadcrumbList\",\"@id\":\"https:\\\/\\\/www.casaldelsinfants.org\\\/es\\\/actualidad\\\/trobadaanual2024cast\\\/#breadcrumb\",\"itemListElement\":[{\"@type\":\"ListItem\",\"position\":1,\"name\":\"Inici\",\"item\":\"https:\\\/\\\/www.casaldelsinfants.org\\\/es\\\/\"},{\"@type\":\"ListItem\",\"position\":2,\"name\":\"Nos formamos en inclusi\u00f3n digital con el programa Tic Tac\"}]},{\"@type\":\"WebSite\",\"@id\":\"https:\\\/\\\/www.casaldelsinfants.org\\\/es\\\/#website\",\"url\":\"https:\\\/\\\/www.casaldelsinfants.org\\\/es\\\/\",\"name\":\"Casal dels Infants\",\"description\":\"\",\"publisher\":{\"@id\":\"https:\\\/\\\/www.casaldelsinfants.org\\\/es\\\/#organization\"},\"potentialAction\":[{\"@type\":\"SearchAction\",\"target\":{\"@type\":\"EntryPoint\",\"urlTemplate\":\"https:\\\/\\\/www.casaldelsinfants.org\\\/es\\\/?s={search_term_string}\"},\"query-input\":{\"@type\":\"PropertyValueSpecification\",\"valueRequired\":true,\"valueName\":\"search_term_string\"}}],\"inLanguage\":\"es\"},{\"@type\":\"Organization\",\"@id\":\"https:\\\/\\\/www.casaldelsinfants.org\\\/es\\\/#organization\",\"name\":\"Casal dels Infants\",\"url\":\"https:\\\/\\\/www.casaldelsinfants.org\\\/es\\\/\",\"logo\":{\"@type\":\"ImageObject\",\"inLanguage\":\"es\",\"@id\":\"https:\\\/\\\/www.casaldelsinfants.org\\\/es\\\/#\\\/schema\\\/logo\\\/image\\\/\",\"url\":\"https:\\\/\\\/www.casaldelsinfants.org\\\/wp-content\\\/uploads\\\/logo-mail.png\",\"contentUrl\":\"https:\\\/\\\/www.casaldelsinfants.org\\\/wp-content\\\/uploads\\\/logo-mail.png\",\"width\":380,\"height\":158,\"caption\":\"Casal dels Infants\"},\"image\":{\"@id\":\"https:\\\/\\\/www.casaldelsinfants.org\\\/es\\\/#\\\/schema\\\/logo\\\/image\\\/\"},\"sameAs\":[\"https:\\\/\\\/www.facebook.com\\\/casalinfants\",\"https:\\\/\\\/x.com\\\/casalinfants\",\"https:\\\/\\\/www.youtube.com\\\/user\\\/CasaldelsInfants1\",\"https:\\\/\\\/www.instagram.com\\\/casalinfants\\\/\",\"https:\\\/\\\/www.linkedin.com\\\/company\\\/casaldelsinfants?trk=organization-update_share-update_actor-text\"]},{\"@type\":\"Person\",\"@id\":\"https:\\\/\\\/www.casaldelsinfants.org\\\/es\\\/#\\\/schema\\\/person\\\/e870791b50f03fd60f872e1cd83910fc\",\"name\":\"julia\"}]}<\/script>\n<!-- \/ Yoast SEO plugin. -->","yoast_head_json":{"title":"Nos formamos en inclusi\u00f3n digital con el programa Tic Tac","description":"Hemos celebrado la Trobada Anual, una jornada que re\u00fane todo el equipo del Casal dels Infants, para aprender sobre inclusi\u00f3n social digital.","robots":{"index":"index","follow":"follow","max-snippet":"max-snippet:-1","max-image-preview":"max-image-preview:large","max-video-preview":"max-video-preview:-1"},"canonical":"https:\/\/www.casaldelsinfants.org\/es\/actualidad\/trobadaanual2024cast\/","og_locale":"es_ES","og_type":"article","og_title":"Nos formamos en inclusi\u00f3n digital con el programa Tic Tac","og_description":"Hemos celebrado la Trobada Anual, una jornada que re\u00fane todo el equipo del Casal dels Infants, para aprender sobre inclusi\u00f3n social digital.","og_url":"https:\/\/www.casaldelsinfants.org\/es\/actualidad\/trobadaanual2024cast\/","og_site_name":"Casal dels Infants","article_publisher":"https:\/\/www.facebook.com\/casalinfants","article_published_time":"2024-03-07T10:02:58+00:00","article_modified_time":"2024-04-29T08:34:46+00:00","og_image":[{"width":2560,"height":1440,"url":"https:\/\/www.casaldelsinfants.org\/wp-content\/uploads\/DSC05818-scaled-1.webp","type":"image\/jpeg"}],"author":"julia","twitter_card":"summary_large_image","twitter_creator":"@casalinfants","twitter_site":"@casalinfants","twitter_misc":{"Escrito por":"julia","Tiempo de lectura":"3 minutos"},"schema":{"@context":"https:\/\/schema.org","@graph":[{"@type":"Article","@id":"https:\/\/www.casaldelsinfants.org\/es\/actualidad\/trobadaanual2024cast\/#article","isPartOf":{"@id":"https:\/\/www.casaldelsinfants.org\/es\/actualidad\/trobadaanual2024cast\/"},"author":{"name":"julia","@id":"https:\/\/www.casaldelsinfants.org\/es\/#\/schema\/person\/e870791b50f03fd60f872e1cd83910fc"},"headline":"Nos formamos en inclusi\u00f3n digital con el programa Tic Tac","datePublished":"2024-03-07T10:02:58+00:00","dateModified":"2024-04-29T08:34:46+00:00","mainEntityOfPage":{"@id":"https:\/\/www.casaldelsinfants.org\/es\/actualidad\/trobadaanual2024cast\/"},"wordCount":446,"commentCount":0,"publisher":{"@id":"https:\/\/www.casaldelsinfants.org\/es\/#organization"},"image":{"@id":"https:\/\/www.casaldelsinfants.org\/es\/actualidad\/trobadaanual2024cast\/#primaryimage"},"thumbnailUrl":"https:\/\/www.casaldelsinfants.org\/wp-content\/uploads\/DSC05818-scaled-1.webp","articleSection":["Noticia"],"inLanguage":"es","potentialAction":[{"@type":"CommentAction","name":"Comment","target":["https:\/\/www.casaldelsinfants.org\/es\/actualidad\/trobadaanual2024cast\/#respond"]}]},{"@type":"WebPage","@id":"https:\/\/www.casaldelsinfants.org\/es\/actualidad\/trobadaanual2024cast\/","url":"https:\/\/www.casaldelsinfants.org\/es\/actualidad\/trobadaanual2024cast\/","name":"Nos formamos en inclusi\u00f3n digital con el programa Tic Tac","isPartOf":{"@id":"https:\/\/www.casaldelsinfants.org\/es\/#website"},"primaryImageOfPage":{"@id":"https:\/\/www.casaldelsinfants.org\/es\/actualidad\/trobadaanual2024cast\/#primaryimage"},"image":{"@id":"https:\/\/www.casaldelsinfants.org\/es\/actualidad\/trobadaanual2024cast\/#primaryimage"},"thumbnailUrl":"https:\/\/www.casaldelsinfants.org\/wp-content\/uploads\/DSC05818-scaled-1.webp","datePublished":"2024-03-07T10:02:58+00:00","dateModified":"2024-04-29T08:34:46+00:00","description":"Hemos celebrado la Trobada Anual, una jornada que re\u00fane todo el equipo del Casal dels Infants, para aprender sobre inclusi\u00f3n social digital.","breadcrumb":{"@id":"https:\/\/www.casaldelsinfants.org\/es\/actualidad\/trobadaanual2024cast\/#breadcrumb"},"inLanguage":"es","potentialAction":[{"@type":"ReadAction","target":["https:\/\/www.casaldelsinfants.org\/es\/actualidad\/trobadaanual2024cast\/"]}]},{"@type":"ImageObject","inLanguage":"es","@id":"https:\/\/www.casaldelsinfants.org\/es\/actualidad\/trobadaanual2024cast\/#primaryimage","url":"https:\/\/www.casaldelsinfants.org\/wp-content\/uploads\/DSC05818-scaled-1.webp","contentUrl":"https:\/\/www.casaldelsinfants.org\/wp-content\/uploads\/DSC05818-scaled-1.webp","width":2560,"height":1440,"caption":"Equip del Casal experimentant amb el makey-makey per fer m\u00fasica."},{"@type":"BreadcrumbList","@id":"https:\/\/www.casaldelsinfants.org\/es\/actualidad\/trobadaanual2024cast\/#breadcrumb","itemListElement":[{"@type":"ListItem","position":1,"name":"Inici","item":"https:\/\/www.casaldelsinfants.org\/es\/"},{"@type":"ListItem","position":2,"name":"Nos formamos en inclusi\u00f3n digital con el programa Tic Tac"}]},{"@type":"WebSite","@id":"https:\/\/www.casaldelsinfants.org\/es\/#website","url":"https:\/\/www.casaldelsinfants.org\/es\/","name":"Casal dels Infants","description":"","publisher":{"@id":"https:\/\/www.casaldelsinfants.org\/es\/#organization"},"potentialAction":[{"@type":"SearchAction","target":{"@type":"EntryPoint","urlTemplate":"https:\/\/www.casaldelsinfants.org\/es\/?s={search_term_string}"},"query-input":{"@type":"PropertyValueSpecification","valueRequired":true,"valueName":"search_term_string"}}],"inLanguage":"es"},{"@type":"Organization","@id":"https:\/\/www.casaldelsinfants.org\/es\/#organization","name":"Casal dels Infants","url":"https:\/\/www.casaldelsinfants.org\/es\/","logo":{"@type":"ImageObject","inLanguage":"es","@id":"https:\/\/www.casaldelsinfants.org\/es\/#\/schema\/logo\/image\/","url":"https:\/\/www.casaldelsinfants.org\/wp-content\/uploads\/logo-mail.png","contentUrl":"https:\/\/www.casaldelsinfants.org\/wp-content\/uploads\/logo-mail.png","width":380,"height":158,"caption":"Casal dels Infants"},"image":{"@id":"https:\/\/www.casaldelsinfants.org\/es\/#\/schema\/logo\/image\/"},"sameAs":["https:\/\/www.facebook.com\/casalinfants","https:\/\/x.com\/casalinfants","https:\/\/www.youtube.com\/user\/CasaldelsInfants1","https:\/\/www.instagram.com\/casalinfants\/","https:\/\/www.linkedin.com\/company\/casaldelsinfants?trk=organization-update_share-update_actor-text"]},{"@type":"Person","@id":"https:\/\/www.casaldelsinfants.org\/es\/#\/schema\/person\/e870791b50f03fd60f872e1cd83910fc","name":"julia"}]}},"publishpress_future_action":{"enabled":false,"date":"2026-05-08 22:44:40","action":"change-status","newStatus":"draft","terms":[],"taxonomy":"category","extraData":[]},"publishpress_future_workflow_manual_trigger":{"enabledWorkflows":[]},"_links":{"self":[{"href":"https:\/\/www.casaldelsinfants.org\/es\/wp-json\/wp\/v2\/posts\/19487","targetHints":{"allow":["GET"]}}],"collection":[{"href":"https:\/\/www.casaldelsinfants.org\/es\/wp-json\/wp\/v2\/posts"}],"about":[{"href":"https:\/\/www.casaldelsinfants.org\/es\/wp-json\/wp\/v2\/types\/post"}],"author":[{"embeddable":true,"href":"https:\/\/www.casaldelsinfants.org\/es\/wp-json\/wp\/v2\/users\/9"}],"replies":[{"embeddable":true,"href":"https:\/\/www.casaldelsinfants.org\/es\/wp-json\/wp\/v2\/comments?post=19487"}],"version-history":[{"count":2,"href":"https:\/\/www.casaldelsinfants.org\/es\/wp-json\/wp\/v2\/posts\/19487\/revisions"}],"predecessor-version":[{"id":20184,"href":"https:\/\/www.casaldelsinfants.org\/es\/wp-json\/wp\/v2\/posts\/19487\/revisions\/20184"}],"wp:featuredmedia":[{"embeddable":true,"href":"https:\/\/www.casaldelsinfants.org\/es\/wp-json\/wp\/v2\/media\/19477"}],"wp:attachment":[{"href":"https:\/\/www.casaldelsinfants.org\/es\/wp-json\/wp\/v2\/media?parent=19487"}],"wp:term":[{"taxonomy":"category","embeddable":true,"href":"https:\/\/www.casaldelsinfants.org\/es\/wp-json\/wp\/v2\/categories?post=19487"},{"taxonomy":"post_tag","embeddable":true,"href":"https:\/\/www.casaldelsinfants.org\/es\/wp-json\/wp\/v2\/tags?post=19487"},{"taxonomy":"seus","embeddable":true,"href":"https:\/\/www.casaldelsinfants.org\/es\/wp-json\/wp\/v2\/seus?post=19487"},{"taxonomy":"eixos","embeddable":true,"href":"https:\/\/www.casaldelsinfants.org\/es\/wp-json\/wp\/v2\/eixos?post=19487"}],"curies":[{"name":"wp","href":"https:\/\/api.w.org\/{rel}","templated":true}]}}