{"id":19504,"date":"2024-03-08T12:40:22","date_gmt":"2024-03-08T10:40:22","guid":{"rendered":"https:\/\/www.casaldelsinfants.org\/?p=19504"},"modified":"2024-04-29T10:28:15","modified_gmt":"2024-04-29T08:28:15","slug":"exposicionfemmeart","status":"publish","type":"post","link":"https:\/\/www.casaldelsinfants.org\/es\/actualidad\/exposicionfemmeart\/","title":{"rendered":"Infancia y arte feminista: llega FemmeArt a Santa Coloma"},"content":{"rendered":"<p><iframe loading=\"lazy\" title=\"FemmeArt, arte y pintura a favor del feminismo y la lucha por los derechos de las mujeres\" width=\"1080\" height=\"608\" src=\"https:\/\/www.youtube.com\/embed\/C5VhsOfxry4?feature=oembed&#038;enablejsapi=1&#038;origin=https:\/\/www.casaldelsinfants.org\"  allow=\"accelerometer; autoplay; clipboard-write; encrypted-media; gyroscope; picture-in-picture; web-share\" referrerpolicy=\"strict-origin-when-cross-origin\" allowfullscreen><\/iframe><\/p>\n<p>&nbsp;<\/p>\n<p><span style=\"font-weight: 400;\">Este martes se ha inaugurado en la Biblioteca de Fondo la 3a edici\u00f3n del FemmeArt, <strong>exposici\u00f3n art\u00edstica que mezcla el arte y el feminismo<\/strong>, con piezas elaboradas por los ni\u00f1os y ni\u00f1as del Casal dels Infants de Santa Coloma de Gramenet y la Fundaci\u00f3n Germina.\u00a0<\/span><\/p>\n<p><strong>FemmeArt<\/strong> es un proyecto nacido de los espacios de reflexi\u00f3n y asamblea que los ni\u00f1os y ni\u00f1as comparten cada tarde. Esta es la tercera edici\u00f3n, donde la pintura vuelve a ser la herramienta para <strong>fusionar el arte y el feminismo y la perspectiva de g\u00e9nero<\/strong>. El objetivo de la exposici\u00f3n es, pues, sensibilizar el p\u00fablico y que prenda consciencia sobre la desigualdad entre hombres y mujeres, visibilizar la lucha por los derechos de las mujeres, eliminar estereotipos sexistas, desarrollar el esp\u00edritu cr\u00edtico y reconocer el feminismo como un movimiento colectivo, integrador y de desarrollo.<\/p>\n<p>\u00abQueremos ense\u00f1ar que el feminismo y la igualdad son importantes cada d\u00eda\u00bb, explica Amy, del Centro Abierto Anem i Tornem del Casal dels Infants de Santa Coloma.<\/p>\n<p>&nbsp;<\/p>\n<h1>El proceso y resultado del FemmeArt<\/h1>\n<p><span style=\"font-weight: 400;\">Los cuadros, colocados en las paredes del Espacio Joven de la Biblioteca de Fondo, son las expresiones de cada ni\u00f1o y ni\u00f1a sobre qu\u00e9 es para ellos y ellas el feminismo. <strong>Los y las artistas detr\u00e1s son 47 ni\u00f1os y ni\u00f1as de entre 9 y 12 a\u00f1os<\/strong> del Espacio Socioeducativo Beethoven y el Centro Abierto Anem i Tornem del Casal dels Infants de Santa Coloma de Gramenet, y de la Fundaci\u00f3n Germina.\u00a0<\/span><\/p>\n<p>&nbsp;<\/p>\n<p><img decoding=\"async\" class=\"size-full wp-image-19496 aligncenter\" src=\"https:\/\/www.casaldelsinfants.org\/wp-content\/uploads\/1380095-scaled-1.webp\" alt=\"Nens i nenes posen amb els seus quadres del FemmeArt.\" width=\"2560\" height=\"1441\" srcset=\"https:\/\/www.casaldelsinfants.org\/wp-content\/uploads\/1380095-scaled-1.webp 2560w, https:\/\/www.casaldelsinfants.org\/wp-content\/uploads\/1380095-scaled-1-1280x721.webp 1280w, https:\/\/www.casaldelsinfants.org\/wp-content\/uploads\/1380095-scaled-1-980x552.webp 980w, https:\/\/www.casaldelsinfants.org\/wp-content\/uploads\/1380095-scaled-1-480x270.webp 480w\" sizes=\"(min-width: 0px) and (max-width: 480px) 480px, (min-width: 481px) and (max-width: 980px) 980px, (min-width: 981px) and (max-width: 1280px) 1280px, (min-width: 1281px) 2560px, 100vw\" \/><\/p>\n<p>&nbsp;<\/p>\n<p><span style=\"font-weight: 400;\">Para llevar a cabo la exposici\u00f3n, y con el acompa\u00f1amiento del equipo educativo, los ni\u00f1os y ni\u00f1as empezaron haciendo un <strong>autorretrato<\/strong> dibujando el concepto que ten\u00edan de ellos mismos. En la segunda sesi\u00f3n, trabajaron el g\u00e9nero, elaborando otro autorretrato, pero con el g\u00e9nero opuesto al suyo. La finalidad de esta actividad era visibilizar qu\u00e9 caracter\u00edsticas atribu\u00edan a hombres y cu\u00e1les a mujeres, contrastando similitudes y diferencias. En las sesiones que siguieron, hablaron y analizaron <strong>el rol de la mujer en las diferentes culturas y pa\u00edses de origen<\/strong> de los ni\u00f1os y ni\u00f1as.\u00a0<\/span><\/p>\n<p>&nbsp;<\/p>\n<p><img decoding=\"async\" class=\"size-full wp-image-19498 aligncenter\" src=\"https:\/\/www.casaldelsinfants.org\/wp-content\/uploads\/brut-entrevistes.00_30_27_11.Imagen-fija001-1.webp\" alt=\"Quadres del FemmeArt.\" width=\"1920\" height=\"1080\" srcset=\"https:\/\/www.casaldelsinfants.org\/wp-content\/uploads\/brut-entrevistes.00_30_27_11.Imagen-fija001-1.webp 1920w, https:\/\/www.casaldelsinfants.org\/wp-content\/uploads\/brut-entrevistes.00_30_27_11.Imagen-fija001-1-1280x720.webp 1280w, https:\/\/www.casaldelsinfants.org\/wp-content\/uploads\/brut-entrevistes.00_30_27_11.Imagen-fija001-1-980x551.webp 980w, https:\/\/www.casaldelsinfants.org\/wp-content\/uploads\/brut-entrevistes.00_30_27_11.Imagen-fija001-1-480x270.webp 480w\" sizes=\"(min-width: 0px) and (max-width: 480px) 480px, (min-width: 481px) and (max-width: 980px) 980px, (min-width: 981px) and (max-width: 1280px) 1280px, (min-width: 1281px) 1920px, 100vw\" \/><\/p>\n<p>&nbsp;<\/p>\n<p><span style=\"font-weight: 400;\">Con todo el proceso y las reflexiones y ideas que salieron, los ni\u00f1os y ni\u00f1as elaboraron el esbozo de lo que ser\u00eda su pieza final. Los cuadros incluyen temas variados alrededor del feminismo, como los roles de g\u00e9nero, el feminismo interseccional, la igualdad de condiciones, y la influencia de las mujeres en la cultura, entro otras.\u00a0<\/span><\/p>\n<p>La exposici\u00f3n FemmeArt ha estado abierta al p\u00fablico en la Biblioteca Fondo de Santa Coloma de Gramenet<strong> hasta el 8 de marzo, y estar\u00e1 en <span style=\"text-decoration: underline;\"><a href=\"https:\/\/laciba.gramenet.cat\/es\/\">La Ciba<\/a><\/span> todo el mes de marzo a partir del martes 12<\/strong>.<\/p>\n","protected":false},"excerpt":{"rendered":"<p>&nbsp; Este martes se ha inaugurado en la Biblioteca de Fondo la 3a edici\u00f3n del FemmeArt, exposici\u00f3n art\u00edstica que mezcla el arte y el feminismo, con piezas elaboradas por los ni\u00f1os y ni\u00f1as del Casal dels Infants de Santa Coloma de Gramenet y la Fundaci\u00f3n Germina.\u00a0 FemmeArt es un proyecto nacido de los espacios de [&hellip;]<\/p>\n","protected":false},"author":9,"featured_media":0,"comment_status":"open","ping_status":"open","sticky":false,"template":"","format":"standard","meta":{"_acf_changed":false,"_et_pb_use_builder":"","_et_pb_old_content":"","_et_gb_content_width":"","inline_featured_image":false,"footnotes":""},"categories":[125],"tags":[],"seus":[160],"eixos":[205,226],"class_list":["post-19504","post","type-post","status-publish","format-standard","hentry","category-noticias","seus-santa-coloma-de-gramenet","eixos-infancia-y-adolescencia-es","eixos-infancia-i-adolescencia-es-3"],"acf":[],"yoast_head":"<!-- This site is optimized with the Yoast SEO plugin v27.4 - https:\/\/yoast.com\/product\/yoast-seo-wordpress\/ -->\n<title>Infancia y arte feminista: llega FemmeArt a Santa Coloma<\/title>\n<meta name=\"description\" content=\"FemmeArt mezcla arte y feminsimo, con cuadros elaborados por los ni\u00f1os y ni\u00f1as del Casal dels Infants de Santa Coloma y Fundaci\u00f3n Germina.\u00a0\" \/>\n<meta name=\"robots\" content=\"index, follow, max-snippet:-1, max-image-preview:large, max-video-preview:-1\" \/>\n<link rel=\"canonical\" href=\"https:\/\/www.casaldelsinfants.org\/es\/actualidad\/exposicionfemmeart\/\" \/>\n<meta property=\"og:locale\" content=\"es_ES\" \/>\n<meta property=\"og:type\" content=\"article\" \/>\n<meta property=\"og:title\" content=\"Infancia y arte feminista: llega FemmeArt a Santa Coloma\" \/>\n<meta property=\"og:description\" content=\"FemmeArt mezcla arte y feminsimo, con cuadros elaborados por los ni\u00f1os y ni\u00f1as del Casal dels Infants de Santa Coloma y Fundaci\u00f3n Germina.\u00a0\" \/>\n<meta property=\"og:url\" content=\"https:\/\/www.casaldelsinfants.org\/es\/actualidad\/exposicionfemmeart\/\" \/>\n<meta property=\"og:site_name\" content=\"Casal dels Infants\" \/>\n<meta property=\"article:publisher\" content=\"https:\/\/www.facebook.com\/casalinfants\" \/>\n<meta property=\"article:published_time\" content=\"2024-03-08T10:40:22+00:00\" \/>\n<meta property=\"article:modified_time\" content=\"2024-04-29T08:28:15+00:00\" \/>\n<meta property=\"og:image\" content=\"https:\/\/www.casaldelsinfants.org\/wp-content\/uploads\/1380095-scaled-1.webp\" \/>\n<meta name=\"author\" content=\"julia\" \/>\n<meta name=\"twitter:card\" content=\"summary_large_image\" \/>\n<meta name=\"twitter:creator\" content=\"@casalinfants\" \/>\n<meta name=\"twitter:site\" content=\"@casalinfants\" \/>\n<meta name=\"twitter:label1\" content=\"Escrito por\" \/>\n\t<meta name=\"twitter:data1\" content=\"julia\" \/>\n\t<meta name=\"twitter:label2\" content=\"Tiempo de lectura\" \/>\n\t<meta name=\"twitter:data2\" content=\"3 minutos\" \/>\n<script type=\"application\/ld+json\" class=\"yoast-schema-graph\">{\"@context\":\"https:\\\/\\\/schema.org\",\"@graph\":[{\"@type\":\"Article\",\"@id\":\"https:\\\/\\\/www.casaldelsinfants.org\\\/es\\\/actualidad\\\/exposicionfemmeart\\\/#article\",\"isPartOf\":{\"@id\":\"https:\\\/\\\/www.casaldelsinfants.org\\\/es\\\/actualidad\\\/exposicionfemmeart\\\/\"},\"author\":{\"name\":\"julia\",\"@id\":\"https:\\\/\\\/www.casaldelsinfants.org\\\/es\\\/#\\\/schema\\\/person\\\/e870791b50f03fd60f872e1cd83910fc\"},\"headline\":\"Infancia y arte feminista: llega FemmeArt a Santa Coloma\",\"datePublished\":\"2024-03-08T10:40:22+00:00\",\"dateModified\":\"2024-04-29T08:28:15+00:00\",\"mainEntityOfPage\":{\"@id\":\"https:\\\/\\\/www.casaldelsinfants.org\\\/es\\\/actualidad\\\/exposicionfemmeart\\\/\"},\"wordCount\":490,\"commentCount\":0,\"publisher\":{\"@id\":\"https:\\\/\\\/www.casaldelsinfants.org\\\/es\\\/#organization\"},\"image\":{\"@id\":\"https:\\\/\\\/www.casaldelsinfants.org\\\/es\\\/actualidad\\\/exposicionfemmeart\\\/#primaryimage\"},\"thumbnailUrl\":\"https:\\\/\\\/www.casaldelsinfants.org\\\/wp-content\\\/uploads\\\/1380095-scaled-1.webp\",\"articleSection\":[\"Noticia\"],\"inLanguage\":\"es\",\"potentialAction\":[{\"@type\":\"CommentAction\",\"name\":\"Comment\",\"target\":[\"https:\\\/\\\/www.casaldelsinfants.org\\\/es\\\/actualidad\\\/exposicionfemmeart\\\/#respond\"]}]},{\"@type\":\"WebPage\",\"@id\":\"https:\\\/\\\/www.casaldelsinfants.org\\\/es\\\/actualidad\\\/exposicionfemmeart\\\/\",\"url\":\"https:\\\/\\\/www.casaldelsinfants.org\\\/es\\\/actualidad\\\/exposicionfemmeart\\\/\",\"name\":\"Infancia y arte feminista: llega FemmeArt a Santa Coloma\",\"isPartOf\":{\"@id\":\"https:\\\/\\\/www.casaldelsinfants.org\\\/es\\\/#website\"},\"primaryImageOfPage\":{\"@id\":\"https:\\\/\\\/www.casaldelsinfants.org\\\/es\\\/actualidad\\\/exposicionfemmeart\\\/#primaryimage\"},\"image\":{\"@id\":\"https:\\\/\\\/www.casaldelsinfants.org\\\/es\\\/actualidad\\\/exposicionfemmeart\\\/#primaryimage\"},\"thumbnailUrl\":\"https:\\\/\\\/www.casaldelsinfants.org\\\/wp-content\\\/uploads\\\/1380095-scaled-1.webp\",\"datePublished\":\"2024-03-08T10:40:22+00:00\",\"dateModified\":\"2024-04-29T08:28:15+00:00\",\"description\":\"FemmeArt mezcla arte y feminsimo, con cuadros elaborados por los ni\u00f1os y ni\u00f1as del Casal dels Infants de Santa Coloma y Fundaci\u00f3n Germina.\u00a0\",\"breadcrumb\":{\"@id\":\"https:\\\/\\\/www.casaldelsinfants.org\\\/es\\\/actualidad\\\/exposicionfemmeart\\\/#breadcrumb\"},\"inLanguage\":\"es\",\"potentialAction\":[{\"@type\":\"ReadAction\",\"target\":[\"https:\\\/\\\/www.casaldelsinfants.org\\\/es\\\/actualidad\\\/exposicionfemmeart\\\/\"]}]},{\"@type\":\"ImageObject\",\"inLanguage\":\"es\",\"@id\":\"https:\\\/\\\/www.casaldelsinfants.org\\\/es\\\/actualidad\\\/exposicionfemmeart\\\/#primaryimage\",\"url\":\"https:\\\/\\\/www.casaldelsinfants.org\\\/wp-content\\\/uploads\\\/1380095-scaled-1.webp\",\"contentUrl\":\"https:\\\/\\\/www.casaldelsinfants.org\\\/wp-content\\\/uploads\\\/1380095-scaled-1.webp\"},{\"@type\":\"BreadcrumbList\",\"@id\":\"https:\\\/\\\/www.casaldelsinfants.org\\\/es\\\/actualidad\\\/exposicionfemmeart\\\/#breadcrumb\",\"itemListElement\":[{\"@type\":\"ListItem\",\"position\":1,\"name\":\"Inici\",\"item\":\"https:\\\/\\\/www.casaldelsinfants.org\\\/es\\\/\"},{\"@type\":\"ListItem\",\"position\":2,\"name\":\"Infancia y arte feminista: llega FemmeArt a Santa Coloma\"}]},{\"@type\":\"WebSite\",\"@id\":\"https:\\\/\\\/www.casaldelsinfants.org\\\/es\\\/#website\",\"url\":\"https:\\\/\\\/www.casaldelsinfants.org\\\/es\\\/\",\"name\":\"Casal dels Infants\",\"description\":\"\",\"publisher\":{\"@id\":\"https:\\\/\\\/www.casaldelsinfants.org\\\/es\\\/#organization\"},\"potentialAction\":[{\"@type\":\"SearchAction\",\"target\":{\"@type\":\"EntryPoint\",\"urlTemplate\":\"https:\\\/\\\/www.casaldelsinfants.org\\\/es\\\/?s={search_term_string}\"},\"query-input\":{\"@type\":\"PropertyValueSpecification\",\"valueRequired\":true,\"valueName\":\"search_term_string\"}}],\"inLanguage\":\"es\"},{\"@type\":\"Organization\",\"@id\":\"https:\\\/\\\/www.casaldelsinfants.org\\\/es\\\/#organization\",\"name\":\"Casal dels Infants\",\"url\":\"https:\\\/\\\/www.casaldelsinfants.org\\\/es\\\/\",\"logo\":{\"@type\":\"ImageObject\",\"inLanguage\":\"es\",\"@id\":\"https:\\\/\\\/www.casaldelsinfants.org\\\/es\\\/#\\\/schema\\\/logo\\\/image\\\/\",\"url\":\"https:\\\/\\\/www.casaldelsinfants.org\\\/wp-content\\\/uploads\\\/logo-mail.png\",\"contentUrl\":\"https:\\\/\\\/www.casaldelsinfants.org\\\/wp-content\\\/uploads\\\/logo-mail.png\",\"width\":380,\"height\":158,\"caption\":\"Casal dels Infants\"},\"image\":{\"@id\":\"https:\\\/\\\/www.casaldelsinfants.org\\\/es\\\/#\\\/schema\\\/logo\\\/image\\\/\"},\"sameAs\":[\"https:\\\/\\\/www.facebook.com\\\/casalinfants\",\"https:\\\/\\\/x.com\\\/casalinfants\",\"https:\\\/\\\/www.youtube.com\\\/user\\\/CasaldelsInfants1\",\"https:\\\/\\\/www.instagram.com\\\/casalinfants\\\/\",\"https:\\\/\\\/www.linkedin.com\\\/company\\\/casaldelsinfants?trk=organization-update_share-update_actor-text\"]},{\"@type\":\"Person\",\"@id\":\"https:\\\/\\\/www.casaldelsinfants.org\\\/es\\\/#\\\/schema\\\/person\\\/e870791b50f03fd60f872e1cd83910fc\",\"name\":\"julia\"}]}<\/script>\n<!-- \/ Yoast SEO plugin. -->","yoast_head_json":{"title":"Infancia y arte feminista: llega FemmeArt a Santa Coloma","description":"FemmeArt mezcla arte y feminsimo, con cuadros elaborados por los ni\u00f1os y ni\u00f1as del Casal dels Infants de Santa Coloma y Fundaci\u00f3n Germina.\u00a0","robots":{"index":"index","follow":"follow","max-snippet":"max-snippet:-1","max-image-preview":"max-image-preview:large","max-video-preview":"max-video-preview:-1"},"canonical":"https:\/\/www.casaldelsinfants.org\/es\/actualidad\/exposicionfemmeart\/","og_locale":"es_ES","og_type":"article","og_title":"Infancia y arte feminista: llega FemmeArt a Santa Coloma","og_description":"FemmeArt mezcla arte y feminsimo, con cuadros elaborados por los ni\u00f1os y ni\u00f1as del Casal dels Infants de Santa Coloma y Fundaci\u00f3n Germina.\u00a0","og_url":"https:\/\/www.casaldelsinfants.org\/es\/actualidad\/exposicionfemmeart\/","og_site_name":"Casal dels Infants","article_publisher":"https:\/\/www.facebook.com\/casalinfants","article_published_time":"2024-03-08T10:40:22+00:00","article_modified_time":"2024-04-29T08:28:15+00:00","og_image":[{"url":"https:\/\/www.casaldelsinfants.org\/wp-content\/uploads\/1380095-scaled-1.webp","type":"","width":"","height":""}],"author":"julia","twitter_card":"summary_large_image","twitter_creator":"@casalinfants","twitter_site":"@casalinfants","twitter_misc":{"Escrito por":"julia","Tiempo de lectura":"3 minutos"},"schema":{"@context":"https:\/\/schema.org","@graph":[{"@type":"Article","@id":"https:\/\/www.casaldelsinfants.org\/es\/actualidad\/exposicionfemmeart\/#article","isPartOf":{"@id":"https:\/\/www.casaldelsinfants.org\/es\/actualidad\/exposicionfemmeart\/"},"author":{"name":"julia","@id":"https:\/\/www.casaldelsinfants.org\/es\/#\/schema\/person\/e870791b50f03fd60f872e1cd83910fc"},"headline":"Infancia y arte feminista: llega FemmeArt a Santa Coloma","datePublished":"2024-03-08T10:40:22+00:00","dateModified":"2024-04-29T08:28:15+00:00","mainEntityOfPage":{"@id":"https:\/\/www.casaldelsinfants.org\/es\/actualidad\/exposicionfemmeart\/"},"wordCount":490,"commentCount":0,"publisher":{"@id":"https:\/\/www.casaldelsinfants.org\/es\/#organization"},"image":{"@id":"https:\/\/www.casaldelsinfants.org\/es\/actualidad\/exposicionfemmeart\/#primaryimage"},"thumbnailUrl":"https:\/\/www.casaldelsinfants.org\/wp-content\/uploads\/1380095-scaled-1.webp","articleSection":["Noticia"],"inLanguage":"es","potentialAction":[{"@type":"CommentAction","name":"Comment","target":["https:\/\/www.casaldelsinfants.org\/es\/actualidad\/exposicionfemmeart\/#respond"]}]},{"@type":"WebPage","@id":"https:\/\/www.casaldelsinfants.org\/es\/actualidad\/exposicionfemmeart\/","url":"https:\/\/www.casaldelsinfants.org\/es\/actualidad\/exposicionfemmeart\/","name":"Infancia y arte feminista: llega FemmeArt a Santa Coloma","isPartOf":{"@id":"https:\/\/www.casaldelsinfants.org\/es\/#website"},"primaryImageOfPage":{"@id":"https:\/\/www.casaldelsinfants.org\/es\/actualidad\/exposicionfemmeart\/#primaryimage"},"image":{"@id":"https:\/\/www.casaldelsinfants.org\/es\/actualidad\/exposicionfemmeart\/#primaryimage"},"thumbnailUrl":"https:\/\/www.casaldelsinfants.org\/wp-content\/uploads\/1380095-scaled-1.webp","datePublished":"2024-03-08T10:40:22+00:00","dateModified":"2024-04-29T08:28:15+00:00","description":"FemmeArt mezcla arte y feminsimo, con cuadros elaborados por los ni\u00f1os y ni\u00f1as del Casal dels Infants de Santa Coloma y Fundaci\u00f3n Germina.\u00a0","breadcrumb":{"@id":"https:\/\/www.casaldelsinfants.org\/es\/actualidad\/exposicionfemmeart\/#breadcrumb"},"inLanguage":"es","potentialAction":[{"@type":"ReadAction","target":["https:\/\/www.casaldelsinfants.org\/es\/actualidad\/exposicionfemmeart\/"]}]},{"@type":"ImageObject","inLanguage":"es","@id":"https:\/\/www.casaldelsinfants.org\/es\/actualidad\/exposicionfemmeart\/#primaryimage","url":"https:\/\/www.casaldelsinfants.org\/wp-content\/uploads\/1380095-scaled-1.webp","contentUrl":"https:\/\/www.casaldelsinfants.org\/wp-content\/uploads\/1380095-scaled-1.webp"},{"@type":"BreadcrumbList","@id":"https:\/\/www.casaldelsinfants.org\/es\/actualidad\/exposicionfemmeart\/#breadcrumb","itemListElement":[{"@type":"ListItem","position":1,"name":"Inici","item":"https:\/\/www.casaldelsinfants.org\/es\/"},{"@type":"ListItem","position":2,"name":"Infancia y arte feminista: llega FemmeArt a Santa Coloma"}]},{"@type":"WebSite","@id":"https:\/\/www.casaldelsinfants.org\/es\/#website","url":"https:\/\/www.casaldelsinfants.org\/es\/","name":"Casal dels Infants","description":"","publisher":{"@id":"https:\/\/www.casaldelsinfants.org\/es\/#organization"},"potentialAction":[{"@type":"SearchAction","target":{"@type":"EntryPoint","urlTemplate":"https:\/\/www.casaldelsinfants.org\/es\/?s={search_term_string}"},"query-input":{"@type":"PropertyValueSpecification","valueRequired":true,"valueName":"search_term_string"}}],"inLanguage":"es"},{"@type":"Organization","@id":"https:\/\/www.casaldelsinfants.org\/es\/#organization","name":"Casal dels Infants","url":"https:\/\/www.casaldelsinfants.org\/es\/","logo":{"@type":"ImageObject","inLanguage":"es","@id":"https:\/\/www.casaldelsinfants.org\/es\/#\/schema\/logo\/image\/","url":"https:\/\/www.casaldelsinfants.org\/wp-content\/uploads\/logo-mail.png","contentUrl":"https:\/\/www.casaldelsinfants.org\/wp-content\/uploads\/logo-mail.png","width":380,"height":158,"caption":"Casal dels Infants"},"image":{"@id":"https:\/\/www.casaldelsinfants.org\/es\/#\/schema\/logo\/image\/"},"sameAs":["https:\/\/www.facebook.com\/casalinfants","https:\/\/x.com\/casalinfants","https:\/\/www.youtube.com\/user\/CasaldelsInfants1","https:\/\/www.instagram.com\/casalinfants\/","https:\/\/www.linkedin.com\/company\/casaldelsinfants?trk=organization-update_share-update_actor-text"]},{"@type":"Person","@id":"https:\/\/www.casaldelsinfants.org\/es\/#\/schema\/person\/e870791b50f03fd60f872e1cd83910fc","name":"julia"}]}},"publishpress_future_action":{"enabled":false,"date":"2026-05-09 11:19:03","action":"change-status","newStatus":"draft","terms":[],"taxonomy":"category","extraData":[]},"publishpress_future_workflow_manual_trigger":{"enabledWorkflows":[]},"_links":{"self":[{"href":"https:\/\/www.casaldelsinfants.org\/es\/wp-json\/wp\/v2\/posts\/19504","targetHints":{"allow":["GET"]}}],"collection":[{"href":"https:\/\/www.casaldelsinfants.org\/es\/wp-json\/wp\/v2\/posts"}],"about":[{"href":"https:\/\/www.casaldelsinfants.org\/es\/wp-json\/wp\/v2\/types\/post"}],"author":[{"embeddable":true,"href":"https:\/\/www.casaldelsinfants.org\/es\/wp-json\/wp\/v2\/users\/9"}],"replies":[{"embeddable":true,"href":"https:\/\/www.casaldelsinfants.org\/es\/wp-json\/wp\/v2\/comments?post=19504"}],"version-history":[{"count":2,"href":"https:\/\/www.casaldelsinfants.org\/es\/wp-json\/wp\/v2\/posts\/19504\/revisions"}],"predecessor-version":[{"id":20182,"href":"https:\/\/www.casaldelsinfants.org\/es\/wp-json\/wp\/v2\/posts\/19504\/revisions\/20182"}],"wp:attachment":[{"href":"https:\/\/www.casaldelsinfants.org\/es\/wp-json\/wp\/v2\/media?parent=19504"}],"wp:term":[{"taxonomy":"category","embeddable":true,"href":"https:\/\/www.casaldelsinfants.org\/es\/wp-json\/wp\/v2\/categories?post=19504"},{"taxonomy":"post_tag","embeddable":true,"href":"https:\/\/www.casaldelsinfants.org\/es\/wp-json\/wp\/v2\/tags?post=19504"},{"taxonomy":"seus","embeddable":true,"href":"https:\/\/www.casaldelsinfants.org\/es\/wp-json\/wp\/v2\/seus?post=19504"},{"taxonomy":"eixos","embeddable":true,"href":"https:\/\/www.casaldelsinfants.org\/es\/wp-json\/wp\/v2\/eixos?post=19504"}],"curies":[{"name":"wp","href":"https:\/\/api.w.org\/{rel}","templated":true}]}}