{"id":19944,"date":"2024-04-12T12:29:34","date_gmt":"2024-04-12T10:29:34","guid":{"rendered":"https:\/\/www.casaldelsinfants.org\/?p=19944"},"modified":"2024-04-29T10:28:23","modified_gmt":"2024-04-29T08:28:23","slug":"accionlimpiezaraval","status":"publish","type":"post","link":"https:\/\/www.casaldelsinfants.org\/es\/actualidad\/accionlimpiezaraval\/","title":{"rendered":"Ni\u00f1os, ni\u00f1as y adolescentes del Raval piden un barrio limpio"},"content":{"rendered":"<p><span style=\"font-weight: 400;\">El jueves 11 de abril, ni\u00f1os, ni\u00f1as, adolescentes y familias del Raval pasaron la tarde recogiendo basura y limpiando las calles y plazas de su barrio, con el objetivo de visibilizar su estado y <strong>hacer un llamamiento para recuperar los espacios p\u00fablicos y que estes est\u00e9n limpios y sean seguros<\/strong> para que los vecinos y vecinas puedan disfrutarlos.\u00a0<\/span><\/p>\n<p>El <strong>2\u00ba Cuidado y Recuperaci\u00f3n del barrio<\/strong> fue organizada por el <span style=\"text-decoration: underline;\"><a href=\"https:\/\/www.instagram.com\/pir_raval\/\" target=\"_blank\" rel=\"noopener\"><b>Projecte Inf\u00e0ncia Raval (PIR)<\/b><\/a><\/span><span style=\"font-weight: 400;\">, formado por el Casal dels Infants al barri del Raval, AEI Raval, Casal Infantil Drassanes, la Fundaci\u00f3 Gavina y el Centre Socioeducatiu Pere Tarr\u00e9s. Esta acci\u00f3n es la segunda que organiza PIR, ya que en 2022 tuvo lugar la manifestaci\u00f3n <span style=\"text-decoration: underline;\"><a href=\"https:\/\/www.casaldelsinfants.org\/actualitat\/mes-neteja-i-mes-pistes-publiques-infants-adolescents-i-families-diuen-prou-i-reclamen\/\">\u201cDiem prou!: 1a Seguda per la recuperaci\u00f3 i cura del barri\u201d<\/a><\/span>, en la que protestaron colectivamente contra las condiciones en las que se encontraba el barrio y propusieron estrategias y actividades conjuntas de mejora, como la de este a\u00f1o.<\/span><\/p>\n<p>&nbsp;<\/p>\n<h2><b>2\u00ba Cuidado y Recuperaci\u00f3n del barrio<\/b><\/h2>\n<p><span style=\"font-weight: 400;\">La acci\u00f3n, pues, fue colectiva y, tambi\u00e9n, simultanea: los ni\u00f1os, adolescentes y familias, en vez de pasar la tarde en sus centros respectivos, estaban en la calle, repartidos en diferentes plazas cercanas a cada uno de los locales. As\u00ed, el Casal dels Infants y el Centro Socioeducativo Pere Tarr\u00e9s hac\u00edan incidencia en la <b>pla\u00e7a Folch i Torres<\/b>, AEI Raval en la <b>pla\u00e7a V\u00e1zquez Montalb\u00e1n<\/b>, y la Fundaci\u00f3 Gavina y el Casal Infantil Drassanes en la <b>pla\u00e7a Voltes d\u2019en Cir\u00e9s<\/b>.\u00a0<\/span><\/p>\n<p>Ah\u00ed, ni\u00f1os, ni\u00f1as, adolescentes y familias se dedicaron a <strong>recoger residuos, papeles, pl\u00e1sticos, cigarrillos y la bruticia que se iban encontrando por la calle<\/strong>, todo con el material higi\u00e9nico necesario. Adem\u00e1s, empapelaron con carteles con diferentes mensajes, como \u00abno me ensucies, tambi\u00e9n soy tu barrio\u00bb o \u00abmantengamos el Raval limpio\u00bb, en aquellos puntos conflictos y lugares donde se acumula la basura. Todos los carteles estaban en las lenguas m\u00e1s habladas en el Raval -catal\u00e1n, castellano, tagalog y bengal\u00ed- para que todo el mundo del barrio pueda ser part\u00edcipe.<\/p>\n<p>&nbsp;<\/p>\n<p><img decoding=\"async\" class=\"size-full wp-image-19938 aligncenter\" src=\"https:\/\/www.casaldelsinfants.org\/wp-content\/uploads\/DSC06000-scaled-1.webp\" alt=\"\" width=\"2560\" height=\"1440\" srcset=\"https:\/\/www.casaldelsinfants.org\/wp-content\/uploads\/DSC06000-scaled-1.webp 2560w, https:\/\/www.casaldelsinfants.org\/wp-content\/uploads\/DSC06000-scaled-1-1280x720.webp 1280w, https:\/\/www.casaldelsinfants.org\/wp-content\/uploads\/DSC06000-scaled-1-980x551.webp 980w, https:\/\/www.casaldelsinfants.org\/wp-content\/uploads\/DSC06000-scaled-1-480x270.webp 480w\" sizes=\"(min-width: 0px) and (max-width: 480px) 480px, (min-width: 481px) and (max-width: 980px) 980px, (min-width: 981px) and (max-width: 1280px) 1280px, (min-width: 1281px) 2560px, 100vw\" \/><\/p>\n<p>&nbsp;<\/p>\n<p><span style=\"font-weight: 400;\">\u201c<strong>El objetivo es la gente se de cuenta que las calles del barrio tambi\u00e9n son nuestra casa<\/strong>, y que si las calles est\u00e1n sucias, nosotros no podremos estar bien tampoco\u00bb,<\/span><span style=\"font-weight: 400;\"> explicaba Samu, del Centro Abierto Adolescente (COA) del Raval.\u00a0<\/span><\/p>\n<p><span style=\"font-weight: 400;\">Los chicos y chicas de COA Raval, por su lado, se encargaron de la tarea de difusi\u00f3n, capturando im\u00e1genes y v\u00eddeos de la acci\u00f3n y haciendo de reporteros y reporteras, entrevistando las personas que participaban en la acci\u00f3n, como educadoras, ni\u00f1os, madres y padres.\u00a0<\/span><\/p>\n<p>&nbsp;<\/p>\n<p><img decoding=\"async\" class=\"alignnone size-full wp-image-19940\" src=\"https:\/\/www.casaldelsinfants.org\/wp-content\/uploads\/DSC06017-scaled-1.webp\" alt=\"\" width=\"2560\" height=\"1440\" srcset=\"https:\/\/www.casaldelsinfants.org\/wp-content\/uploads\/DSC06017-scaled-1.webp 2560w, https:\/\/www.casaldelsinfants.org\/wp-content\/uploads\/DSC06017-scaled-1-1280x720.webp 1280w, https:\/\/www.casaldelsinfants.org\/wp-content\/uploads\/DSC06017-scaled-1-980x551.webp 980w, https:\/\/www.casaldelsinfants.org\/wp-content\/uploads\/DSC06017-scaled-1-480x270.webp 480w\" sizes=\"(min-width: 0px) and (max-width: 480px) 480px, (min-width: 481px) and (max-width: 980px) 980px, (min-width: 981px) and (max-width: 1280px) 1280px, (min-width: 1281px) 2560px, 100vw\" \/><\/p>\n<p>&nbsp;<\/p>\n<h2><b>El Consejo de Participaci\u00f3n de Infancia y Adolescencia<\/b><\/h2>\n<p>Previamente al 2\u00ba Cuidado y Recuperaci\u00f3n del barrio, los ni\u00f1os, ni\u00f1as, adolescentes y educadoras de las entidades de PIR se reunieron en el <strong>Consejo de Participaci\u00f3n de Infancia y Adolescencia<\/strong> para decidir la tem\u00e1tica de la acci\u00f3n de este a\u00f1o y organizarla. La decisi\u00f3n de este a\u00f1o ven\u00eda de una idea de plenarias anteriores, donde ni\u00f1os, ni\u00f1as y adolescentes hicieron diferentes propuestas de acciones reivindicativas que podr\u00edan servir para visibilizar la causa y contribuir a mejorar el barrrio.<\/p>\n<p>&nbsp;<\/p>\n","protected":false},"excerpt":{"rendered":"<p>El jueves 11 de abril, ni\u00f1os, ni\u00f1as, adolescentes y familias del Raval pasaron la tarde recogiendo basura y limpiando las calles y plazas de su barrio, con el objetivo de visibilizar su estado y hacer un llamamiento para recuperar los espacios p\u00fablicos y que estes est\u00e9n limpios y sean seguros para que los vecinos y [&hellip;]<\/p>\n","protected":false},"author":9,"featured_media":19937,"comment_status":"open","ping_status":"open","sticky":false,"template":"","format":"standard","meta":{"_acf_changed":false,"_et_pb_use_builder":"","_et_pb_old_content":"","_et_gb_content_width":"","inline_featured_image":false,"footnotes":""},"categories":[125],"tags":[],"seus":[157],"eixos":[205],"class_list":["post-19944","post","type-post","status-publish","format-standard","has-post-thumbnail","hentry","category-noticias","seus-el-raval","eixos-infancia-y-adolescencia-es"],"acf":[],"yoast_head":"<!-- This site is optimized with the Yoast SEO plugin v27.4 - https:\/\/yoast.com\/product\/yoast-seo-wordpress\/ -->\n<title>Ni\u00f1os, ni\u00f1as y adolescentes del Raval piden un barrio limpio<\/title>\n<meta name=\"description\" content=\"Ni\u00f1os, adolescentes y familias del Raval recogieron basura de las plazas del barrio para reivindicar calles limpias en el barrio.\" \/>\n<meta name=\"robots\" content=\"index, follow, max-snippet:-1, max-image-preview:large, max-video-preview:-1\" \/>\n<link rel=\"canonical\" href=\"https:\/\/www.casaldelsinfants.org\/es\/actualidad\/accionlimpiezaraval\/\" \/>\n<meta property=\"og:locale\" content=\"es_ES\" \/>\n<meta property=\"og:type\" content=\"article\" \/>\n<meta property=\"og:title\" content=\"Ni\u00f1os, ni\u00f1as y adolescentes del Raval piden un barrio limpio\" \/>\n<meta property=\"og:description\" content=\"Ni\u00f1os, adolescentes y familias del Raval recogieron basura de las plazas del barrio para reivindicar calles limpias en el barrio.\" \/>\n<meta property=\"og:url\" content=\"https:\/\/www.casaldelsinfants.org\/es\/actualidad\/accionlimpiezaraval\/\" \/>\n<meta property=\"og:site_name\" content=\"Casal dels Infants\" \/>\n<meta property=\"article:publisher\" content=\"https:\/\/www.facebook.com\/casalinfants\" \/>\n<meta property=\"article:published_time\" content=\"2024-04-12T10:29:34+00:00\" \/>\n<meta property=\"article:modified_time\" content=\"2024-04-29T08:28:23+00:00\" \/>\n<meta property=\"og:image\" content=\"https:\/\/www.casaldelsinfants.org\/wp-content\/uploads\/DSC06007-scaled-1.webp\" \/>\n\t<meta property=\"og:image:width\" content=\"2560\" \/>\n\t<meta property=\"og:image:height\" content=\"1440\" \/>\n\t<meta property=\"og:image:type\" content=\"image\/jpeg\" \/>\n<meta name=\"author\" content=\"julia\" \/>\n<meta name=\"twitter:card\" content=\"summary_large_image\" \/>\n<meta name=\"twitter:creator\" content=\"@casalinfants\" \/>\n<meta name=\"twitter:site\" content=\"@casalinfants\" \/>\n<meta name=\"twitter:label1\" content=\"Escrito por\" \/>\n\t<meta name=\"twitter:data1\" content=\"julia\" \/>\n\t<meta name=\"twitter:label2\" content=\"Tiempo de lectura\" \/>\n\t<meta name=\"twitter:data2\" content=\"4 minutos\" \/>\n<script type=\"application\/ld+json\" class=\"yoast-schema-graph\">{\"@context\":\"https:\\\/\\\/schema.org\",\"@graph\":[{\"@type\":\"Article\",\"@id\":\"https:\\\/\\\/www.casaldelsinfants.org\\\/es\\\/actualidad\\\/accionlimpiezaraval\\\/#article\",\"isPartOf\":{\"@id\":\"https:\\\/\\\/www.casaldelsinfants.org\\\/es\\\/actualidad\\\/accionlimpiezaraval\\\/\"},\"author\":{\"name\":\"julia\",\"@id\":\"https:\\\/\\\/www.casaldelsinfants.org\\\/es\\\/#\\\/schema\\\/person\\\/e870791b50f03fd60f872e1cd83910fc\"},\"headline\":\"Ni\u00f1os, ni\u00f1as y adolescentes del Raval piden un barrio limpio\",\"datePublished\":\"2024-04-12T10:29:34+00:00\",\"dateModified\":\"2024-04-29T08:28:23+00:00\",\"mainEntityOfPage\":{\"@id\":\"https:\\\/\\\/www.casaldelsinfants.org\\\/es\\\/actualidad\\\/accionlimpiezaraval\\\/\"},\"wordCount\":562,\"commentCount\":0,\"publisher\":{\"@id\":\"https:\\\/\\\/www.casaldelsinfants.org\\\/es\\\/#organization\"},\"image\":{\"@id\":\"https:\\\/\\\/www.casaldelsinfants.org\\\/es\\\/actualidad\\\/accionlimpiezaraval\\\/#primaryimage\"},\"thumbnailUrl\":\"https:\\\/\\\/www.casaldelsinfants.org\\\/wp-content\\\/uploads\\\/DSC06007-scaled-1.webp\",\"articleSection\":[\"Noticia\"],\"inLanguage\":\"es\",\"potentialAction\":[{\"@type\":\"CommentAction\",\"name\":\"Comment\",\"target\":[\"https:\\\/\\\/www.casaldelsinfants.org\\\/es\\\/actualidad\\\/accionlimpiezaraval\\\/#respond\"]}]},{\"@type\":\"WebPage\",\"@id\":\"https:\\\/\\\/www.casaldelsinfants.org\\\/es\\\/actualidad\\\/accionlimpiezaraval\\\/\",\"url\":\"https:\\\/\\\/www.casaldelsinfants.org\\\/es\\\/actualidad\\\/accionlimpiezaraval\\\/\",\"name\":\"Ni\u00f1os, ni\u00f1as y adolescentes del Raval piden un barrio limpio\",\"isPartOf\":{\"@id\":\"https:\\\/\\\/www.casaldelsinfants.org\\\/es\\\/#website\"},\"primaryImageOfPage\":{\"@id\":\"https:\\\/\\\/www.casaldelsinfants.org\\\/es\\\/actualidad\\\/accionlimpiezaraval\\\/#primaryimage\"},\"image\":{\"@id\":\"https:\\\/\\\/www.casaldelsinfants.org\\\/es\\\/actualidad\\\/accionlimpiezaraval\\\/#primaryimage\"},\"thumbnailUrl\":\"https:\\\/\\\/www.casaldelsinfants.org\\\/wp-content\\\/uploads\\\/DSC06007-scaled-1.webp\",\"datePublished\":\"2024-04-12T10:29:34+00:00\",\"dateModified\":\"2024-04-29T08:28:23+00:00\",\"description\":\"Ni\u00f1os, adolescentes y familias del Raval recogieron basura de las plazas del barrio para reivindicar calles limpias en el barrio.\",\"breadcrumb\":{\"@id\":\"https:\\\/\\\/www.casaldelsinfants.org\\\/es\\\/actualidad\\\/accionlimpiezaraval\\\/#breadcrumb\"},\"inLanguage\":\"es\",\"potentialAction\":[{\"@type\":\"ReadAction\",\"target\":[\"https:\\\/\\\/www.casaldelsinfants.org\\\/es\\\/actualidad\\\/accionlimpiezaraval\\\/\"]}]},{\"@type\":\"ImageObject\",\"inLanguage\":\"es\",\"@id\":\"https:\\\/\\\/www.casaldelsinfants.org\\\/es\\\/actualidad\\\/accionlimpiezaraval\\\/#primaryimage\",\"url\":\"https:\\\/\\\/www.casaldelsinfants.org\\\/wp-content\\\/uploads\\\/DSC06007-scaled-1.webp\",\"contentUrl\":\"https:\\\/\\\/www.casaldelsinfants.org\\\/wp-content\\\/uploads\\\/DSC06007-scaled-1.webp\",\"width\":2560,\"height\":1440,\"caption\":\"Un educador amb la bossa d'escombraries a la m\u00e0 i els nens recullen per a posar-lo dins.\"},{\"@type\":\"BreadcrumbList\",\"@id\":\"https:\\\/\\\/www.casaldelsinfants.org\\\/es\\\/actualidad\\\/accionlimpiezaraval\\\/#breadcrumb\",\"itemListElement\":[{\"@type\":\"ListItem\",\"position\":1,\"name\":\"Inici\",\"item\":\"https:\\\/\\\/www.casaldelsinfants.org\\\/es\\\/\"},{\"@type\":\"ListItem\",\"position\":2,\"name\":\"Ni\u00f1os, ni\u00f1as y adolescentes del Raval piden un barrio limpio\"}]},{\"@type\":\"WebSite\",\"@id\":\"https:\\\/\\\/www.casaldelsinfants.org\\\/es\\\/#website\",\"url\":\"https:\\\/\\\/www.casaldelsinfants.org\\\/es\\\/\",\"name\":\"Casal dels Infants\",\"description\":\"\",\"publisher\":{\"@id\":\"https:\\\/\\\/www.casaldelsinfants.org\\\/es\\\/#organization\"},\"potentialAction\":[{\"@type\":\"SearchAction\",\"target\":{\"@type\":\"EntryPoint\",\"urlTemplate\":\"https:\\\/\\\/www.casaldelsinfants.org\\\/es\\\/?s={search_term_string}\"},\"query-input\":{\"@type\":\"PropertyValueSpecification\",\"valueRequired\":true,\"valueName\":\"search_term_string\"}}],\"inLanguage\":\"es\"},{\"@type\":\"Organization\",\"@id\":\"https:\\\/\\\/www.casaldelsinfants.org\\\/es\\\/#organization\",\"name\":\"Casal dels Infants\",\"url\":\"https:\\\/\\\/www.casaldelsinfants.org\\\/es\\\/\",\"logo\":{\"@type\":\"ImageObject\",\"inLanguage\":\"es\",\"@id\":\"https:\\\/\\\/www.casaldelsinfants.org\\\/es\\\/#\\\/schema\\\/logo\\\/image\\\/\",\"url\":\"https:\\\/\\\/www.casaldelsinfants.org\\\/wp-content\\\/uploads\\\/logo-mail.png\",\"contentUrl\":\"https:\\\/\\\/www.casaldelsinfants.org\\\/wp-content\\\/uploads\\\/logo-mail.png\",\"width\":380,\"height\":158,\"caption\":\"Casal dels Infants\"},\"image\":{\"@id\":\"https:\\\/\\\/www.casaldelsinfants.org\\\/es\\\/#\\\/schema\\\/logo\\\/image\\\/\"},\"sameAs\":[\"https:\\\/\\\/www.facebook.com\\\/casalinfants\",\"https:\\\/\\\/x.com\\\/casalinfants\",\"https:\\\/\\\/www.youtube.com\\\/user\\\/CasaldelsInfants1\",\"https:\\\/\\\/www.instagram.com\\\/casalinfants\\\/\",\"https:\\\/\\\/www.linkedin.com\\\/company\\\/casaldelsinfants?trk=organization-update_share-update_actor-text\"]},{\"@type\":\"Person\",\"@id\":\"https:\\\/\\\/www.casaldelsinfants.org\\\/es\\\/#\\\/schema\\\/person\\\/e870791b50f03fd60f872e1cd83910fc\",\"name\":\"julia\"}]}<\/script>\n<!-- \/ Yoast SEO plugin. -->","yoast_head_json":{"title":"Ni\u00f1os, ni\u00f1as y adolescentes del Raval piden un barrio limpio","description":"Ni\u00f1os, adolescentes y familias del Raval recogieron basura de las plazas del barrio para reivindicar calles limpias en el barrio.","robots":{"index":"index","follow":"follow","max-snippet":"max-snippet:-1","max-image-preview":"max-image-preview:large","max-video-preview":"max-video-preview:-1"},"canonical":"https:\/\/www.casaldelsinfants.org\/es\/actualidad\/accionlimpiezaraval\/","og_locale":"es_ES","og_type":"article","og_title":"Ni\u00f1os, ni\u00f1as y adolescentes del Raval piden un barrio limpio","og_description":"Ni\u00f1os, adolescentes y familias del Raval recogieron basura de las plazas del barrio para reivindicar calles limpias en el barrio.","og_url":"https:\/\/www.casaldelsinfants.org\/es\/actualidad\/accionlimpiezaraval\/","og_site_name":"Casal dels Infants","article_publisher":"https:\/\/www.facebook.com\/casalinfants","article_published_time":"2024-04-12T10:29:34+00:00","article_modified_time":"2024-04-29T08:28:23+00:00","og_image":[{"width":2560,"height":1440,"url":"https:\/\/www.casaldelsinfants.org\/wp-content\/uploads\/DSC06007-scaled-1.webp","type":"image\/jpeg"}],"author":"julia","twitter_card":"summary_large_image","twitter_creator":"@casalinfants","twitter_site":"@casalinfants","twitter_misc":{"Escrito por":"julia","Tiempo de lectura":"4 minutos"},"schema":{"@context":"https:\/\/schema.org","@graph":[{"@type":"Article","@id":"https:\/\/www.casaldelsinfants.org\/es\/actualidad\/accionlimpiezaraval\/#article","isPartOf":{"@id":"https:\/\/www.casaldelsinfants.org\/es\/actualidad\/accionlimpiezaraval\/"},"author":{"name":"julia","@id":"https:\/\/www.casaldelsinfants.org\/es\/#\/schema\/person\/e870791b50f03fd60f872e1cd83910fc"},"headline":"Ni\u00f1os, ni\u00f1as y adolescentes del Raval piden un barrio limpio","datePublished":"2024-04-12T10:29:34+00:00","dateModified":"2024-04-29T08:28:23+00:00","mainEntityOfPage":{"@id":"https:\/\/www.casaldelsinfants.org\/es\/actualidad\/accionlimpiezaraval\/"},"wordCount":562,"commentCount":0,"publisher":{"@id":"https:\/\/www.casaldelsinfants.org\/es\/#organization"},"image":{"@id":"https:\/\/www.casaldelsinfants.org\/es\/actualidad\/accionlimpiezaraval\/#primaryimage"},"thumbnailUrl":"https:\/\/www.casaldelsinfants.org\/wp-content\/uploads\/DSC06007-scaled-1.webp","articleSection":["Noticia"],"inLanguage":"es","potentialAction":[{"@type":"CommentAction","name":"Comment","target":["https:\/\/www.casaldelsinfants.org\/es\/actualidad\/accionlimpiezaraval\/#respond"]}]},{"@type":"WebPage","@id":"https:\/\/www.casaldelsinfants.org\/es\/actualidad\/accionlimpiezaraval\/","url":"https:\/\/www.casaldelsinfants.org\/es\/actualidad\/accionlimpiezaraval\/","name":"Ni\u00f1os, ni\u00f1as y adolescentes del Raval piden un barrio limpio","isPartOf":{"@id":"https:\/\/www.casaldelsinfants.org\/es\/#website"},"primaryImageOfPage":{"@id":"https:\/\/www.casaldelsinfants.org\/es\/actualidad\/accionlimpiezaraval\/#primaryimage"},"image":{"@id":"https:\/\/www.casaldelsinfants.org\/es\/actualidad\/accionlimpiezaraval\/#primaryimage"},"thumbnailUrl":"https:\/\/www.casaldelsinfants.org\/wp-content\/uploads\/DSC06007-scaled-1.webp","datePublished":"2024-04-12T10:29:34+00:00","dateModified":"2024-04-29T08:28:23+00:00","description":"Ni\u00f1os, adolescentes y familias del Raval recogieron basura de las plazas del barrio para reivindicar calles limpias en el barrio.","breadcrumb":{"@id":"https:\/\/www.casaldelsinfants.org\/es\/actualidad\/accionlimpiezaraval\/#breadcrumb"},"inLanguage":"es","potentialAction":[{"@type":"ReadAction","target":["https:\/\/www.casaldelsinfants.org\/es\/actualidad\/accionlimpiezaraval\/"]}]},{"@type":"ImageObject","inLanguage":"es","@id":"https:\/\/www.casaldelsinfants.org\/es\/actualidad\/accionlimpiezaraval\/#primaryimage","url":"https:\/\/www.casaldelsinfants.org\/wp-content\/uploads\/DSC06007-scaled-1.webp","contentUrl":"https:\/\/www.casaldelsinfants.org\/wp-content\/uploads\/DSC06007-scaled-1.webp","width":2560,"height":1440,"caption":"Un educador amb la bossa d'escombraries a la m\u00e0 i els nens recullen per a posar-lo dins."},{"@type":"BreadcrumbList","@id":"https:\/\/www.casaldelsinfants.org\/es\/actualidad\/accionlimpiezaraval\/#breadcrumb","itemListElement":[{"@type":"ListItem","position":1,"name":"Inici","item":"https:\/\/www.casaldelsinfants.org\/es\/"},{"@type":"ListItem","position":2,"name":"Ni\u00f1os, ni\u00f1as y adolescentes del Raval piden un barrio limpio"}]},{"@type":"WebSite","@id":"https:\/\/www.casaldelsinfants.org\/es\/#website","url":"https:\/\/www.casaldelsinfants.org\/es\/","name":"Casal dels Infants","description":"","publisher":{"@id":"https:\/\/www.casaldelsinfants.org\/es\/#organization"},"potentialAction":[{"@type":"SearchAction","target":{"@type":"EntryPoint","urlTemplate":"https:\/\/www.casaldelsinfants.org\/es\/?s={search_term_string}"},"query-input":{"@type":"PropertyValueSpecification","valueRequired":true,"valueName":"search_term_string"}}],"inLanguage":"es"},{"@type":"Organization","@id":"https:\/\/www.casaldelsinfants.org\/es\/#organization","name":"Casal dels Infants","url":"https:\/\/www.casaldelsinfants.org\/es\/","logo":{"@type":"ImageObject","inLanguage":"es","@id":"https:\/\/www.casaldelsinfants.org\/es\/#\/schema\/logo\/image\/","url":"https:\/\/www.casaldelsinfants.org\/wp-content\/uploads\/logo-mail.png","contentUrl":"https:\/\/www.casaldelsinfants.org\/wp-content\/uploads\/logo-mail.png","width":380,"height":158,"caption":"Casal dels Infants"},"image":{"@id":"https:\/\/www.casaldelsinfants.org\/es\/#\/schema\/logo\/image\/"},"sameAs":["https:\/\/www.facebook.com\/casalinfants","https:\/\/x.com\/casalinfants","https:\/\/www.youtube.com\/user\/CasaldelsInfants1","https:\/\/www.instagram.com\/casalinfants\/","https:\/\/www.linkedin.com\/company\/casaldelsinfants?trk=organization-update_share-update_actor-text"]},{"@type":"Person","@id":"https:\/\/www.casaldelsinfants.org\/es\/#\/schema\/person\/e870791b50f03fd60f872e1cd83910fc","name":"julia"}]}},"publishpress_future_action":{"enabled":false,"date":"2026-05-07 19:11:29","action":"change-status","newStatus":"draft","terms":[],"taxonomy":"category","extraData":[]},"publishpress_future_workflow_manual_trigger":{"enabledWorkflows":[]},"_links":{"self":[{"href":"https:\/\/www.casaldelsinfants.org\/es\/wp-json\/wp\/v2\/posts\/19944","targetHints":{"allow":["GET"]}}],"collection":[{"href":"https:\/\/www.casaldelsinfants.org\/es\/wp-json\/wp\/v2\/posts"}],"about":[{"href":"https:\/\/www.casaldelsinfants.org\/es\/wp-json\/wp\/v2\/types\/post"}],"author":[{"embeddable":true,"href":"https:\/\/www.casaldelsinfants.org\/es\/wp-json\/wp\/v2\/users\/9"}],"replies":[{"embeddable":true,"href":"https:\/\/www.casaldelsinfants.org\/es\/wp-json\/wp\/v2\/comments?post=19944"}],"version-history":[{"count":2,"href":"https:\/\/www.casaldelsinfants.org\/es\/wp-json\/wp\/v2\/posts\/19944\/revisions"}],"predecessor-version":[{"id":20180,"href":"https:\/\/www.casaldelsinfants.org\/es\/wp-json\/wp\/v2\/posts\/19944\/revisions\/20180"}],"wp:featuredmedia":[{"embeddable":true,"href":"https:\/\/www.casaldelsinfants.org\/es\/wp-json\/wp\/v2\/media\/19937"}],"wp:attachment":[{"href":"https:\/\/www.casaldelsinfants.org\/es\/wp-json\/wp\/v2\/media?parent=19944"}],"wp:term":[{"taxonomy":"category","embeddable":true,"href":"https:\/\/www.casaldelsinfants.org\/es\/wp-json\/wp\/v2\/categories?post=19944"},{"taxonomy":"post_tag","embeddable":true,"href":"https:\/\/www.casaldelsinfants.org\/es\/wp-json\/wp\/v2\/tags?post=19944"},{"taxonomy":"seus","embeddable":true,"href":"https:\/\/www.casaldelsinfants.org\/es\/wp-json\/wp\/v2\/seus?post=19944"},{"taxonomy":"eixos","embeddable":true,"href":"https:\/\/www.casaldelsinfants.org\/es\/wp-json\/wp\/v2\/eixos?post=19944"}],"curies":[{"name":"wp","href":"https:\/\/api.w.org\/{rel}","templated":true}]}}