{"id":20251,"date":"2024-05-06T13:09:21","date_gmt":"2024-05-06T11:09:21","guid":{"rendered":"https:\/\/www.casaldelsinfants.org\/?p=20251"},"modified":"2024-05-06T13:10:05","modified_gmt":"2024-05-06T11:10:05","slug":"elecciones-al-parlament-nuestras-propuestas-prioritarias","status":"publish","type":"post","link":"https:\/\/www.casaldelsinfants.org\/es\/actualidad\/elecciones-al-parlament-nuestras-propuestas-prioritarias\/","title":{"rendered":"Elecciones al Parlament: nuestras propuestas prioritarias"},"content":{"rendered":"<p style=\"text-align: center;\"><strong>Descarga <span style=\"color: #00664a;\"><a style=\"color: #00664a;\" href=\"https:\/\/www.casaldelsinfants.org\/wp-content\/uploads\/Propostes-prioritaries-Casal-dels-Infants-eleccions-al-Parlament-de-Catalunya-2024-CASTE.pdf\">aqu\u00ed<\/a><\/span> nuestro documento de propuestas ante las elecciones al Parlament<\/strong><\/p>\n<p>Ante las <a href=\"https:\/\/eleccionsparlament.gencat.cat\/es\/inici\/\">elecciones al Parlament de Catalunya<\/a> que se celebrar\u00e1n el 12 de mayo, desde el <strong>Casal dels Infants<\/strong> hemos redactado un<strong> documento de medidas prioritarias<\/strong> que creemos que deben impulsarse en la XV Legislatura de la c\u00e1mara para <strong>garantizar los derechos de los ni\u00f1os, ni\u00f1as, j\u00f3venes y familias en riesgo de exclusi\u00f3n social<\/strong>.<\/p>\n<p>Las medidas se dividen en <strong>tres ejes<\/strong>: una pol\u00edtica integral de<strong> inversi\u00f3n social en la infancia en riesgo<\/strong>, medidas para la<strong> igualdad de condiciones educativas<\/strong> e <strong>itinerarios de inserci\u00f3n sociolaboral para la juventud<\/strong>. Cada uno de estos ejes se contextualiza brevemente con indicadores sociales, y con su evoluci\u00f3n en los \u00faltimos a\u00f1os.<\/p>\n<p>Presentamos estas propuestas con la <strong>legitimidad<\/strong> de ser una asociaci\u00f3n que desde 1978 apoya a ni\u00f1os, ni\u00f1as, j\u00f3venes y familias en riesgo de exclusi\u00f3n social, defendiendo sus derechos y garantiz\u00e1ndoles oportunidades para salir adelante. Desde el conocimiento de su realidad y la de los barrios desfavorecidos donde actuamos, queremos <strong>incidir en los diputados y diputadas del Parlament y en el futuro govern de Catalunya<\/strong> para que velen por sus derechos y combatan las desigualdades.<\/p>\n<p>&nbsp;<\/p>\n<blockquote><p><span style=\"color: #00664a;\"><strong>Ay\u00fadanos a seguir apoyando a 7.000 ni\u00f1os, ni\u00f1as, j\u00f3venes, madres y padres en riesgo de exclusi\u00f3n social, y a alzar la voz para defender sus derechos.<\/strong><\/span><\/p>\n<p>Haz un <strong><a href=\"https:\/\/www.casaldelsinfants.org\/es\/dona-ahora\/\">donativo<\/a><\/strong><\/p>\n<p>Haz <strong><a href=\"https:\/\/www.casaldelsinfants.org\/es\/que-puedes-hacer-tu\/voluntariado\/\">voluntariado<\/a><\/strong><\/p><\/blockquote>\n","protected":false},"excerpt":{"rendered":"<p>Descarga aqu\u00ed nuestro documento de propuestas ante las elecciones al Parlament Ante las elecciones al Parlament de Catalunya que se celebrar\u00e1n el 12 de mayo, desde el Casal dels Infants hemos redactado un documento de medidas prioritarias que creemos que deben impulsarse en la XV Legislatura de la c\u00e1mara para garantizar los derechos de los [&hellip;]<\/p>\n","protected":false},"author":10,"featured_media":20139,"comment_status":"open","ping_status":"open","sticky":false,"template":"","format":"standard","meta":{"_acf_changed":false,"_et_pb_use_builder":"","_et_pb_old_content":"","_et_gb_content_width":"","inline_featured_image":false,"footnotes":""},"categories":[125],"tags":[],"seus":[],"eixos":[110],"class_list":["post-20251","post","type-post","status-publish","format-standard","has-post-thumbnail","hentry","category-noticias","eixos-comunidad-casal-dels-infants"],"acf":[],"yoast_head":"<!-- This site is optimized with the Yoast SEO plugin v27.4 - https:\/\/yoast.com\/product\/yoast-seo-wordpress\/ -->\n<title>Elecciones al Parlament: nuestras propuestas prioritarias - Casal dels Infants<\/title>\n<meta name=\"robots\" content=\"index, follow, max-snippet:-1, max-image-preview:large, max-video-preview:-1\" \/>\n<link rel=\"canonical\" href=\"https:\/\/www.casaldelsinfants.org\/es\/actualidad\/elecciones-al-parlament-nuestras-propuestas-prioritarias\/\" \/>\n<meta property=\"og:locale\" content=\"es_ES\" \/>\n<meta property=\"og:type\" content=\"article\" \/>\n<meta property=\"og:title\" content=\"Elecciones al Parlament: nuestras propuestas prioritarias - Casal dels Infants\" \/>\n<meta property=\"og:description\" content=\"Descarga aqu\u00ed nuestro documento de propuestas ante las elecciones al Parlament Ante las elecciones al Parlament de Catalunya que se celebrar\u00e1n el 12 de mayo, desde el Casal dels Infants hemos redactado un documento de medidas prioritarias que creemos que deben impulsarse en la XV Legislatura de la c\u00e1mara para garantizar los derechos de los [&hellip;]\" \/>\n<meta property=\"og:url\" content=\"https:\/\/www.casaldelsinfants.org\/es\/actualidad\/elecciones-al-parlament-nuestras-propuestas-prioritarias\/\" \/>\n<meta property=\"og:site_name\" content=\"Casal dels Infants\" \/>\n<meta property=\"article:publisher\" content=\"https:\/\/www.facebook.com\/casalinfants\" \/>\n<meta property=\"article:published_time\" content=\"2024-05-06T11:09:21+00:00\" \/>\n<meta property=\"article:modified_time\" content=\"2024-05-06T11:10:05+00:00\" \/>\n<meta property=\"og:image\" content=\"https:\/\/www.casaldelsinfants.org\/wp-content\/uploads\/DSC04776-scaled.webp\" \/>\n\t<meta property=\"og:image:width\" content=\"2560\" \/>\n\t<meta property=\"og:image:height\" content=\"1708\" \/>\n\t<meta property=\"og:image:type\" content=\"image\/webp\" \/>\n<meta name=\"author\" content=\"Pau\" \/>\n<meta name=\"twitter:card\" content=\"summary_large_image\" \/>\n<meta name=\"twitter:creator\" content=\"@casalinfants\" \/>\n<meta name=\"twitter:site\" content=\"@casalinfants\" \/>\n<meta name=\"twitter:label1\" content=\"Escrito por\" \/>\n\t<meta name=\"twitter:data1\" content=\"Pau\" \/>\n\t<meta name=\"twitter:label2\" content=\"Tiempo de lectura\" \/>\n\t<meta name=\"twitter:data2\" content=\"2 minutos\" \/>\n<script type=\"application\/ld+json\" class=\"yoast-schema-graph\">{\"@context\":\"https:\\\/\\\/schema.org\",\"@graph\":[{\"@type\":\"Article\",\"@id\":\"https:\\\/\\\/www.casaldelsinfants.org\\\/es\\\/actualidad\\\/elecciones-al-parlament-nuestras-propuestas-prioritarias\\\/#article\",\"isPartOf\":{\"@id\":\"https:\\\/\\\/www.casaldelsinfants.org\\\/es\\\/actualidad\\\/elecciones-al-parlament-nuestras-propuestas-prioritarias\\\/\"},\"author\":{\"name\":\"Pau\",\"@id\":\"https:\\\/\\\/www.casaldelsinfants.org\\\/es\\\/#\\\/schema\\\/person\\\/2ef4311d50d338a60b5e32ef2d303033\"},\"headline\":\"Elecciones al Parlament: nuestras propuestas prioritarias\",\"datePublished\":\"2024-05-06T11:09:21+00:00\",\"dateModified\":\"2024-05-06T11:10:05+00:00\",\"mainEntityOfPage\":{\"@id\":\"https:\\\/\\\/www.casaldelsinfants.org\\\/es\\\/actualidad\\\/elecciones-al-parlament-nuestras-propuestas-prioritarias\\\/\"},\"wordCount\":248,\"commentCount\":0,\"publisher\":{\"@id\":\"https:\\\/\\\/www.casaldelsinfants.org\\\/es\\\/#organization\"},\"image\":{\"@id\":\"https:\\\/\\\/www.casaldelsinfants.org\\\/es\\\/actualidad\\\/elecciones-al-parlament-nuestras-propuestas-prioritarias\\\/#primaryimage\"},\"thumbnailUrl\":\"https:\\\/\\\/www.casaldelsinfants.org\\\/wp-content\\\/uploads\\\/DSC04776-scaled.webp\",\"articleSection\":[\"Noticia\"],\"inLanguage\":\"es\",\"potentialAction\":[{\"@type\":\"CommentAction\",\"name\":\"Comment\",\"target\":[\"https:\\\/\\\/www.casaldelsinfants.org\\\/es\\\/actualidad\\\/elecciones-al-parlament-nuestras-propuestas-prioritarias\\\/#respond\"]}]},{\"@type\":\"WebPage\",\"@id\":\"https:\\\/\\\/www.casaldelsinfants.org\\\/es\\\/actualidad\\\/elecciones-al-parlament-nuestras-propuestas-prioritarias\\\/\",\"url\":\"https:\\\/\\\/www.casaldelsinfants.org\\\/es\\\/actualidad\\\/elecciones-al-parlament-nuestras-propuestas-prioritarias\\\/\",\"name\":\"Elecciones al Parlament: nuestras propuestas prioritarias - Casal dels Infants\",\"isPartOf\":{\"@id\":\"https:\\\/\\\/www.casaldelsinfants.org\\\/es\\\/#website\"},\"primaryImageOfPage\":{\"@id\":\"https:\\\/\\\/www.casaldelsinfants.org\\\/es\\\/actualidad\\\/elecciones-al-parlament-nuestras-propuestas-prioritarias\\\/#primaryimage\"},\"image\":{\"@id\":\"https:\\\/\\\/www.casaldelsinfants.org\\\/es\\\/actualidad\\\/elecciones-al-parlament-nuestras-propuestas-prioritarias\\\/#primaryimage\"},\"thumbnailUrl\":\"https:\\\/\\\/www.casaldelsinfants.org\\\/wp-content\\\/uploads\\\/DSC04776-scaled.webp\",\"datePublished\":\"2024-05-06T11:09:21+00:00\",\"dateModified\":\"2024-05-06T11:10:05+00:00\",\"breadcrumb\":{\"@id\":\"https:\\\/\\\/www.casaldelsinfants.org\\\/es\\\/actualidad\\\/elecciones-al-parlament-nuestras-propuestas-prioritarias\\\/#breadcrumb\"},\"inLanguage\":\"es\",\"potentialAction\":[{\"@type\":\"ReadAction\",\"target\":[\"https:\\\/\\\/www.casaldelsinfants.org\\\/es\\\/actualidad\\\/elecciones-al-parlament-nuestras-propuestas-prioritarias\\\/\"]}]},{\"@type\":\"ImageObject\",\"inLanguage\":\"es\",\"@id\":\"https:\\\/\\\/www.casaldelsinfants.org\\\/es\\\/actualidad\\\/elecciones-al-parlament-nuestras-propuestas-prioritarias\\\/#primaryimage\",\"url\":\"https:\\\/\\\/www.casaldelsinfants.org\\\/wp-content\\\/uploads\\\/DSC04776-scaled.webp\",\"contentUrl\":\"https:\\\/\\\/www.casaldelsinfants.org\\\/wp-content\\\/uploads\\\/DSC04776-scaled.webp\",\"width\":2560,\"height\":1708,\"caption\":\"Nens i nenes del Casal dels Infants del barri del Raval reben suport social i educatiu.\"},{\"@type\":\"BreadcrumbList\",\"@id\":\"https:\\\/\\\/www.casaldelsinfants.org\\\/es\\\/actualidad\\\/elecciones-al-parlament-nuestras-propuestas-prioritarias\\\/#breadcrumb\",\"itemListElement\":[{\"@type\":\"ListItem\",\"position\":1,\"name\":\"Inici\",\"item\":\"https:\\\/\\\/www.casaldelsinfants.org\\\/es\\\/\"},{\"@type\":\"ListItem\",\"position\":2,\"name\":\"Elecciones al Parlament: nuestras propuestas prioritarias\"}]},{\"@type\":\"WebSite\",\"@id\":\"https:\\\/\\\/www.casaldelsinfants.org\\\/es\\\/#website\",\"url\":\"https:\\\/\\\/www.casaldelsinfants.org\\\/es\\\/\",\"name\":\"Casal dels Infants\",\"description\":\"\",\"publisher\":{\"@id\":\"https:\\\/\\\/www.casaldelsinfants.org\\\/es\\\/#organization\"},\"potentialAction\":[{\"@type\":\"SearchAction\",\"target\":{\"@type\":\"EntryPoint\",\"urlTemplate\":\"https:\\\/\\\/www.casaldelsinfants.org\\\/es\\\/?s={search_term_string}\"},\"query-input\":{\"@type\":\"PropertyValueSpecification\",\"valueRequired\":true,\"valueName\":\"search_term_string\"}}],\"inLanguage\":\"es\"},{\"@type\":\"Organization\",\"@id\":\"https:\\\/\\\/www.casaldelsinfants.org\\\/es\\\/#organization\",\"name\":\"Casal dels Infants\",\"url\":\"https:\\\/\\\/www.casaldelsinfants.org\\\/es\\\/\",\"logo\":{\"@type\":\"ImageObject\",\"inLanguage\":\"es\",\"@id\":\"https:\\\/\\\/www.casaldelsinfants.org\\\/es\\\/#\\\/schema\\\/logo\\\/image\\\/\",\"url\":\"https:\\\/\\\/www.casaldelsinfants.org\\\/wp-content\\\/uploads\\\/logo-mail.png\",\"contentUrl\":\"https:\\\/\\\/www.casaldelsinfants.org\\\/wp-content\\\/uploads\\\/logo-mail.png\",\"width\":380,\"height\":158,\"caption\":\"Casal dels Infants\"},\"image\":{\"@id\":\"https:\\\/\\\/www.casaldelsinfants.org\\\/es\\\/#\\\/schema\\\/logo\\\/image\\\/\"},\"sameAs\":[\"https:\\\/\\\/www.facebook.com\\\/casalinfants\",\"https:\\\/\\\/x.com\\\/casalinfants\",\"https:\\\/\\\/www.youtube.com\\\/user\\\/CasaldelsInfants1\",\"https:\\\/\\\/www.instagram.com\\\/casalinfants\\\/\",\"https:\\\/\\\/www.linkedin.com\\\/company\\\/casaldelsinfants?trk=organization-update_share-update_actor-text\"]},{\"@type\":\"Person\",\"@id\":\"https:\\\/\\\/www.casaldelsinfants.org\\\/es\\\/#\\\/schema\\\/person\\\/2ef4311d50d338a60b5e32ef2d303033\",\"name\":\"Pau\"}]}<\/script>\n<!-- \/ Yoast SEO plugin. -->","yoast_head_json":{"title":"Elecciones al Parlament: nuestras propuestas prioritarias - Casal dels Infants","robots":{"index":"index","follow":"follow","max-snippet":"max-snippet:-1","max-image-preview":"max-image-preview:large","max-video-preview":"max-video-preview:-1"},"canonical":"https:\/\/www.casaldelsinfants.org\/es\/actualidad\/elecciones-al-parlament-nuestras-propuestas-prioritarias\/","og_locale":"es_ES","og_type":"article","og_title":"Elecciones al Parlament: nuestras propuestas prioritarias - Casal dels Infants","og_description":"Descarga aqu\u00ed nuestro documento de propuestas ante las elecciones al Parlament Ante las elecciones al Parlament de Catalunya que se celebrar\u00e1n el 12 de mayo, desde el Casal dels Infants hemos redactado un documento de medidas prioritarias que creemos que deben impulsarse en la XV Legislatura de la c\u00e1mara para garantizar los derechos de los [&hellip;]","og_url":"https:\/\/www.casaldelsinfants.org\/es\/actualidad\/elecciones-al-parlament-nuestras-propuestas-prioritarias\/","og_site_name":"Casal dels Infants","article_publisher":"https:\/\/www.facebook.com\/casalinfants","article_published_time":"2024-05-06T11:09:21+00:00","article_modified_time":"2024-05-06T11:10:05+00:00","og_image":[{"width":2560,"height":1708,"url":"https:\/\/www.casaldelsinfants.org\/wp-content\/uploads\/DSC04776-scaled.webp","type":"image\/webp"}],"author":"Pau","twitter_card":"summary_large_image","twitter_creator":"@casalinfants","twitter_site":"@casalinfants","twitter_misc":{"Escrito por":"Pau","Tiempo de lectura":"2 minutos"},"schema":{"@context":"https:\/\/schema.org","@graph":[{"@type":"Article","@id":"https:\/\/www.casaldelsinfants.org\/es\/actualidad\/elecciones-al-parlament-nuestras-propuestas-prioritarias\/#article","isPartOf":{"@id":"https:\/\/www.casaldelsinfants.org\/es\/actualidad\/elecciones-al-parlament-nuestras-propuestas-prioritarias\/"},"author":{"name":"Pau","@id":"https:\/\/www.casaldelsinfants.org\/es\/#\/schema\/person\/2ef4311d50d338a60b5e32ef2d303033"},"headline":"Elecciones al Parlament: nuestras propuestas prioritarias","datePublished":"2024-05-06T11:09:21+00:00","dateModified":"2024-05-06T11:10:05+00:00","mainEntityOfPage":{"@id":"https:\/\/www.casaldelsinfants.org\/es\/actualidad\/elecciones-al-parlament-nuestras-propuestas-prioritarias\/"},"wordCount":248,"commentCount":0,"publisher":{"@id":"https:\/\/www.casaldelsinfants.org\/es\/#organization"},"image":{"@id":"https:\/\/www.casaldelsinfants.org\/es\/actualidad\/elecciones-al-parlament-nuestras-propuestas-prioritarias\/#primaryimage"},"thumbnailUrl":"https:\/\/www.casaldelsinfants.org\/wp-content\/uploads\/DSC04776-scaled.webp","articleSection":["Noticia"],"inLanguage":"es","potentialAction":[{"@type":"CommentAction","name":"Comment","target":["https:\/\/www.casaldelsinfants.org\/es\/actualidad\/elecciones-al-parlament-nuestras-propuestas-prioritarias\/#respond"]}]},{"@type":"WebPage","@id":"https:\/\/www.casaldelsinfants.org\/es\/actualidad\/elecciones-al-parlament-nuestras-propuestas-prioritarias\/","url":"https:\/\/www.casaldelsinfants.org\/es\/actualidad\/elecciones-al-parlament-nuestras-propuestas-prioritarias\/","name":"Elecciones al Parlament: nuestras propuestas prioritarias - Casal dels Infants","isPartOf":{"@id":"https:\/\/www.casaldelsinfants.org\/es\/#website"},"primaryImageOfPage":{"@id":"https:\/\/www.casaldelsinfants.org\/es\/actualidad\/elecciones-al-parlament-nuestras-propuestas-prioritarias\/#primaryimage"},"image":{"@id":"https:\/\/www.casaldelsinfants.org\/es\/actualidad\/elecciones-al-parlament-nuestras-propuestas-prioritarias\/#primaryimage"},"thumbnailUrl":"https:\/\/www.casaldelsinfants.org\/wp-content\/uploads\/DSC04776-scaled.webp","datePublished":"2024-05-06T11:09:21+00:00","dateModified":"2024-05-06T11:10:05+00:00","breadcrumb":{"@id":"https:\/\/www.casaldelsinfants.org\/es\/actualidad\/elecciones-al-parlament-nuestras-propuestas-prioritarias\/#breadcrumb"},"inLanguage":"es","potentialAction":[{"@type":"ReadAction","target":["https:\/\/www.casaldelsinfants.org\/es\/actualidad\/elecciones-al-parlament-nuestras-propuestas-prioritarias\/"]}]},{"@type":"ImageObject","inLanguage":"es","@id":"https:\/\/www.casaldelsinfants.org\/es\/actualidad\/elecciones-al-parlament-nuestras-propuestas-prioritarias\/#primaryimage","url":"https:\/\/www.casaldelsinfants.org\/wp-content\/uploads\/DSC04776-scaled.webp","contentUrl":"https:\/\/www.casaldelsinfants.org\/wp-content\/uploads\/DSC04776-scaled.webp","width":2560,"height":1708,"caption":"Nens i nenes del Casal dels Infants del barri del Raval reben suport social i educatiu."},{"@type":"BreadcrumbList","@id":"https:\/\/www.casaldelsinfants.org\/es\/actualidad\/elecciones-al-parlament-nuestras-propuestas-prioritarias\/#breadcrumb","itemListElement":[{"@type":"ListItem","position":1,"name":"Inici","item":"https:\/\/www.casaldelsinfants.org\/es\/"},{"@type":"ListItem","position":2,"name":"Elecciones al Parlament: nuestras propuestas prioritarias"}]},{"@type":"WebSite","@id":"https:\/\/www.casaldelsinfants.org\/es\/#website","url":"https:\/\/www.casaldelsinfants.org\/es\/","name":"Casal dels Infants","description":"","publisher":{"@id":"https:\/\/www.casaldelsinfants.org\/es\/#organization"},"potentialAction":[{"@type":"SearchAction","target":{"@type":"EntryPoint","urlTemplate":"https:\/\/www.casaldelsinfants.org\/es\/?s={search_term_string}"},"query-input":{"@type":"PropertyValueSpecification","valueRequired":true,"valueName":"search_term_string"}}],"inLanguage":"es"},{"@type":"Organization","@id":"https:\/\/www.casaldelsinfants.org\/es\/#organization","name":"Casal dels Infants","url":"https:\/\/www.casaldelsinfants.org\/es\/","logo":{"@type":"ImageObject","inLanguage":"es","@id":"https:\/\/www.casaldelsinfants.org\/es\/#\/schema\/logo\/image\/","url":"https:\/\/www.casaldelsinfants.org\/wp-content\/uploads\/logo-mail.png","contentUrl":"https:\/\/www.casaldelsinfants.org\/wp-content\/uploads\/logo-mail.png","width":380,"height":158,"caption":"Casal dels Infants"},"image":{"@id":"https:\/\/www.casaldelsinfants.org\/es\/#\/schema\/logo\/image\/"},"sameAs":["https:\/\/www.facebook.com\/casalinfants","https:\/\/x.com\/casalinfants","https:\/\/www.youtube.com\/user\/CasaldelsInfants1","https:\/\/www.instagram.com\/casalinfants\/","https:\/\/www.linkedin.com\/company\/casaldelsinfants?trk=organization-update_share-update_actor-text"]},{"@type":"Person","@id":"https:\/\/www.casaldelsinfants.org\/es\/#\/schema\/person\/2ef4311d50d338a60b5e32ef2d303033","name":"Pau"}]}},"publishpress_future_action":{"enabled":false,"date":"2026-05-08 22:40:40","action":"change-status","newStatus":"draft","terms":[],"taxonomy":"category","extraData":[]},"publishpress_future_workflow_manual_trigger":{"enabledWorkflows":[]},"_links":{"self":[{"href":"https:\/\/www.casaldelsinfants.org\/es\/wp-json\/wp\/v2\/posts\/20251","targetHints":{"allow":["GET"]}}],"collection":[{"href":"https:\/\/www.casaldelsinfants.org\/es\/wp-json\/wp\/v2\/posts"}],"about":[{"href":"https:\/\/www.casaldelsinfants.org\/es\/wp-json\/wp\/v2\/types\/post"}],"author":[{"embeddable":true,"href":"https:\/\/www.casaldelsinfants.org\/es\/wp-json\/wp\/v2\/users\/10"}],"replies":[{"embeddable":true,"href":"https:\/\/www.casaldelsinfants.org\/es\/wp-json\/wp\/v2\/comments?post=20251"}],"version-history":[{"count":2,"href":"https:\/\/www.casaldelsinfants.org\/es\/wp-json\/wp\/v2\/posts\/20251\/revisions"}],"predecessor-version":[{"id":20259,"href":"https:\/\/www.casaldelsinfants.org\/es\/wp-json\/wp\/v2\/posts\/20251\/revisions\/20259"}],"wp:featuredmedia":[{"embeddable":true,"href":"https:\/\/www.casaldelsinfants.org\/es\/wp-json\/wp\/v2\/media\/20139"}],"wp:attachment":[{"href":"https:\/\/www.casaldelsinfants.org\/es\/wp-json\/wp\/v2\/media?parent=20251"}],"wp:term":[{"taxonomy":"category","embeddable":true,"href":"https:\/\/www.casaldelsinfants.org\/es\/wp-json\/wp\/v2\/categories?post=20251"},{"taxonomy":"post_tag","embeddable":true,"href":"https:\/\/www.casaldelsinfants.org\/es\/wp-json\/wp\/v2\/tags?post=20251"},{"taxonomy":"seus","embeddable":true,"href":"https:\/\/www.casaldelsinfants.org\/es\/wp-json\/wp\/v2\/seus?post=20251"},{"taxonomy":"eixos","embeddable":true,"href":"https:\/\/www.casaldelsinfants.org\/es\/wp-json\/wp\/v2\/eixos?post=20251"}],"curies":[{"name":"wp","href":"https:\/\/api.w.org\/{rel}","templated":true}]}}