{"id":21198,"date":"2024-05-21T13:19:21","date_gmt":"2024-05-21T11:19:21","guid":{"rendered":"https:\/\/www.casaldelsinfants.org\/?p=21198"},"modified":"2024-05-21T13:20:27","modified_gmt":"2024-05-21T11:20:27","slug":"voluntariadoverano2024","status":"publish","type":"post","link":"https:\/\/www.casaldelsinfants.org\/es\/actualidad\/voluntariadoverano2024\/","title":{"rendered":"\u00a1Buscamos sumar personas para hacer voluntariado en el Casal de verano!"},"content":{"rendered":"<p><span style=\"font-weight: 400;\">Se acerca el verano y con ello, \u00a1el inicio del Casal de verano en el Casal dels Infants! Para hacerlo posible, en el Casal dels Infants hacemos un<strong><span style=\"text-decoration: underline;\"><a href=\"https:\/\/www.casaldelsinfants.org\/es\/oferta-voluntariado-verano\/\" target=\"_blank\" rel=\"noopener\"> llamamiento para sumar personas voluntarias<\/a><\/span><\/strong> a nuestro equipo y hacer voluntariado durante las actividades de verano. <span style=\"text-decoration: underline;\"><a href=\"https:\/\/www.casaldelsinfants.org\/es\/oferta-voluntariado-verano\/\" target=\"_blank\" rel=\"noopener\">\u00a1Ap\u00fantate!<\/a><\/span><\/span><\/p>\n<p>Entre el <strong>1 de julio y el 24 de agosto, 1.500 ni\u00f1os, ni\u00f1as, adolescentes y j\u00f3venes<\/strong> en riesgo de exclusi\u00f3n social participan en el Casal de verano. Lo ofrecemos en barrios de Barcelona, Badalona, Sant Adri\u00e0 de Bes\u00f2s, Santa Coloma de Gramenet y Salt. En estos dos meses, <strong>en el Casal buscamos contar cada semana con 100 voluntarios y voluntarias<\/strong> que se sumar\u00e1n al equipo de m\u00e1s de 270 personas contratadas.<\/p>\n<p>&nbsp;<\/p>\n<h2><b>\u00bfC\u00f3mo es el voluntariado del Casal de verano?\u00a0<\/b><\/h2>\n<p>&nbsp;<\/p>\n<p><span style=\"font-weight: 400;\">Durante el Casal de verano, <strong><span style=\"text-decoration: underline;\"><a href=\"https:\/\/www.casaldelsinfants.org\/es\/oferta-voluntariado-verano\/\" target=\"_blank\" rel=\"noopener\">las personas voluntarias acompa\u00f1aran ni\u00f1os, adolescentes y j\u00f3venes en diferentes actividades<\/a><\/span><\/strong>. Estas incluyen ir a la playa o a la piscina, hacer excursiones o salidas por la ciudad, hacer juegos, talleres o deportes en el Casal, ayudarlos en los espacios de refuerzo educativo, y acompa\u00f1arlos en el desayuno y el almuerzo. Adem\u00e1s, se hace <strong><span style=\"text-decoration: underline;\"><a href=\"https:\/\/www.youtube.com\/watch?v=RXrqERhIugc\" target=\"_blank\" rel=\"noopener\">una semana de colonias o campamentos<\/a><\/span><\/strong>.\u00a0<\/span><\/p>\n<p>El Casal de verano se hace de <strong>lunes a viernes, de 9 a 17h<\/strong>. El compromiso de colaboraci\u00f3n m\u00ednimo es de una semana, \u00a1pero se pueden hacer m\u00e1s!<\/p>\n<p>&nbsp;<\/p>\n<h2><b>\u00bfQui\u00e9n puede hacer voluntariado en el Casal de verano?<\/b><\/h2>\n<p>&nbsp;<\/p>\n<p><span style=\"font-weight: 400;\">Para el voluntariado del Casal de verano, <strong>buscamos personas de 18 a\u00f1os o m\u00e1s, que tengan ganas de formar parte de un equipo con otros j\u00f3venes, de actuar contra las desigualdades y motivaci\u00f3n y energ\u00eda<\/strong> para participar en las actividades de verano.\u00a0<\/span><\/p>\n<p>A pesar que no es necesario tener ninguna formaci\u00f3n espec\u00edfica ni experiencia laboral con ni\u00f1os, ni\u00f1as y j\u00f3venes, valoramos tener herramientas b\u00e1sicas para acompa\u00f1ar ni\u00f1os, ni\u00f1as, adolescentes y j\u00f3venes. Es importante tambi\u00e9n la predisposici\u00f3n a compartir y ayudar en la dinamizaci\u00f3n de espacios de ocio educativo y poder ser referentes positivos para ellos y ellas.<\/p>\n<p>&nbsp;<\/p>\n<p><img decoding=\"async\" class=\" wp-image-21193 aligncenter\" src=\"https:\/\/www.casaldelsinfants.org\/wp-content\/uploads\/\/DSC04868-2048x1152.jpg\" alt=\"\" width=\"1102\" height=\"620\" \/><\/p>\n<p>&nbsp;<\/p>\n<h2><b>El Casal de verano como un espacio preventivo, de disfrute y educativo<\/b><\/h2>\n<p>&nbsp;<\/p>\n<p><b>Las personas voluntarias son clave durante el verano,\u00a0<\/b>ya que contribuyen a garantizar el derecho al ocio y a la educaci\u00f3n de los chicos y chicas cuando las escuelas y los institutos est\u00e1n cerrados. Adem\u00e1s, las actividades de verano permiten un seguimiento de la situaci\u00f3n social de los chicos y chicas que participan y sus familias, y actuar de forma preventiva para que no se agrave.<\/p>\n<p>\u00abSumando el compromiso del voluntariado, tendremos m\u00e1s manos y energ\u00eda para garantizar que se diviertan, salgan de su entorno y rompan con la rutina y hagan descubrimientos. Tambi\u00e9n reforzaremos lo que han aprendido durante el curso, para que aprovechen el pr\u00f3ximo con garant\u00edas de \u00e9xito\u00bb, destaca la directora general del Casal dels Infants, Rosa Balaguer.<\/p>\n<p>&nbsp;<\/p>\n<blockquote><p><span style=\"font-weight: 400;\">Si te interesa hacer <span style=\"text-decoration: underline;\"><a href=\"https:\/\/www.casaldelsinfants.org\/es\/que-puedes-hacer-tu\/voluntariado\/\" target=\"_blank\" rel=\"noopener\">voluntariado<\/a><\/span> en el <\/span><span style=\"font-weight: 400;\">Casal dels Infants este verano, puedes pedir m\u00e1s informaci\u00f3n a trav\u00e9s de WhatsApp al n\u00famero<strong> 682200911<\/strong>, escribiendo un correo electr\u00f3nico a <strong>voluntariat@casaldelsinfants.org<\/strong> o llamando al <strong>933170013<\/strong>.\u00a0<\/span><\/p><\/blockquote>\n<p>&nbsp;<\/p>\n","protected":false},"excerpt":{"rendered":"<p>Se acerca el verano y con ello, \u00a1el inicio del Casal de verano en el Casal dels Infants! Para hacerlo posible, en el Casal dels Infants hacemos un llamamiento para sumar personas voluntarias a nuestro equipo y hacer voluntariado durante las actividades de verano. \u00a1Ap\u00fantate! Entre el 1 de julio y el 24 de agosto, [&hellip;]<\/p>\n","protected":false},"author":9,"featured_media":21192,"comment_status":"open","ping_status":"open","sticky":false,"template":"","format":"standard","meta":{"_acf_changed":false,"_et_pb_use_builder":"","_et_pb_old_content":"","_et_gb_content_width":"","inline_featured_image":false,"footnotes":""},"categories":[125],"tags":[],"seus":[],"eixos":[153],"class_list":["post-21198","post","type-post","status-publish","format-standard","has-post-thumbnail","hentry","category-noticias","eixos-proyectos-solidarios"],"acf":[],"yoast_head":"<!-- This site is optimized with the Yoast SEO plugin v27.4 - https:\/\/yoast.com\/product\/yoast-seo-wordpress\/ -->\n<title>Buscamos personas para hacer voluntariado en el Casal de verano - Casal dels Infants<\/title>\n<meta name=\"description\" content=\"En el Casal hacemos un llamamiento para sumar personas en nuestro equipo y hacer voluntariado durante las actividades del Casal de verano.\" \/>\n<meta name=\"robots\" content=\"index, follow, max-snippet:-1, max-image-preview:large, max-video-preview:-1\" \/>\n<link rel=\"canonical\" href=\"https:\/\/www.casaldelsinfants.org\/es\/actualidad\/voluntariadoverano2024\/\" \/>\n<meta property=\"og:locale\" content=\"es_ES\" \/>\n<meta property=\"og:type\" content=\"article\" \/>\n<meta property=\"og:title\" content=\"Buscamos personas para hacer voluntariado en el Casal de verano - Casal dels Infants\" \/>\n<meta property=\"og:description\" content=\"En el Casal hacemos un llamamiento para sumar personas en nuestro equipo y hacer voluntariado durante las actividades del Casal de verano.\" \/>\n<meta property=\"og:url\" content=\"https:\/\/www.casaldelsinfants.org\/es\/actualidad\/voluntariadoverano2024\/\" \/>\n<meta property=\"og:site_name\" content=\"Casal dels Infants\" \/>\n<meta property=\"article:publisher\" content=\"https:\/\/www.facebook.com\/casalinfants\" \/>\n<meta property=\"article:published_time\" content=\"2024-05-21T11:19:21+00:00\" \/>\n<meta property=\"article:modified_time\" content=\"2024-05-21T11:20:27+00:00\" \/>\n<meta property=\"og:image\" content=\"https:\/\/www.casaldelsinfants.org\/wp-content\/uploads\/2e83abcb-7e98-953f-e2a3-256f9073bb8f-scaled-convertido-de-jpg.webp\" \/>\n\t<meta property=\"og:image:width\" content=\"2560\" \/>\n\t<meta property=\"og:image:height\" content=\"1440\" \/>\n\t<meta property=\"og:image:type\" content=\"image\/jpeg\" \/>\n<meta name=\"author\" content=\"julia\" \/>\n<meta name=\"twitter:card\" content=\"summary_large_image\" \/>\n<meta name=\"twitter:creator\" content=\"@casalinfants\" \/>\n<meta name=\"twitter:site\" content=\"@casalinfants\" \/>\n<meta name=\"twitter:label1\" content=\"Escrito por\" \/>\n\t<meta name=\"twitter:data1\" content=\"julia\" \/>\n\t<meta name=\"twitter:label2\" content=\"Tiempo de lectura\" \/>\n\t<meta name=\"twitter:data2\" content=\"3 minutos\" \/>\n<script type=\"application\/ld+json\" class=\"yoast-schema-graph\">{\"@context\":\"https:\\\/\\\/schema.org\",\"@graph\":[{\"@type\":\"Article\",\"@id\":\"https:\\\/\\\/www.casaldelsinfants.org\\\/es\\\/actualidad\\\/voluntariadoverano2024\\\/#article\",\"isPartOf\":{\"@id\":\"https:\\\/\\\/www.casaldelsinfants.org\\\/es\\\/actualidad\\\/voluntariadoverano2024\\\/\"},\"author\":{\"name\":\"julia\",\"@id\":\"https:\\\/\\\/www.casaldelsinfants.org\\\/es\\\/#\\\/schema\\\/person\\\/e870791b50f03fd60f872e1cd83910fc\"},\"headline\":\"\u00a1Buscamos sumar personas para hacer voluntariado en el Casal de verano!\",\"datePublished\":\"2024-05-21T11:19:21+00:00\",\"dateModified\":\"2024-05-21T11:20:27+00:00\",\"mainEntityOfPage\":{\"@id\":\"https:\\\/\\\/www.casaldelsinfants.org\\\/es\\\/actualidad\\\/voluntariadoverano2024\\\/\"},\"wordCount\":552,\"commentCount\":0,\"publisher\":{\"@id\":\"https:\\\/\\\/www.casaldelsinfants.org\\\/es\\\/#organization\"},\"image\":{\"@id\":\"https:\\\/\\\/www.casaldelsinfants.org\\\/es\\\/actualidad\\\/voluntariadoverano2024\\\/#primaryimage\"},\"thumbnailUrl\":\"https:\\\/\\\/www.casaldelsinfants.org\\\/wp-content\\\/uploads\\\/2e83abcb-7e98-953f-e2a3-256f9073bb8f-scaled-convertido-de-jpg.webp\",\"articleSection\":[\"Noticia\"],\"inLanguage\":\"es\",\"potentialAction\":[{\"@type\":\"CommentAction\",\"name\":\"Comment\",\"target\":[\"https:\\\/\\\/www.casaldelsinfants.org\\\/es\\\/actualidad\\\/voluntariadoverano2024\\\/#respond\"]}]},{\"@type\":\"WebPage\",\"@id\":\"https:\\\/\\\/www.casaldelsinfants.org\\\/es\\\/actualidad\\\/voluntariadoverano2024\\\/\",\"url\":\"https:\\\/\\\/www.casaldelsinfants.org\\\/es\\\/actualidad\\\/voluntariadoverano2024\\\/\",\"name\":\"Buscamos personas para hacer voluntariado en el Casal de verano - Casal dels Infants\",\"isPartOf\":{\"@id\":\"https:\\\/\\\/www.casaldelsinfants.org\\\/es\\\/#website\"},\"primaryImageOfPage\":{\"@id\":\"https:\\\/\\\/www.casaldelsinfants.org\\\/es\\\/actualidad\\\/voluntariadoverano2024\\\/#primaryimage\"},\"image\":{\"@id\":\"https:\\\/\\\/www.casaldelsinfants.org\\\/es\\\/actualidad\\\/voluntariadoverano2024\\\/#primaryimage\"},\"thumbnailUrl\":\"https:\\\/\\\/www.casaldelsinfants.org\\\/wp-content\\\/uploads\\\/2e83abcb-7e98-953f-e2a3-256f9073bb8f-scaled-convertido-de-jpg.webp\",\"datePublished\":\"2024-05-21T11:19:21+00:00\",\"dateModified\":\"2024-05-21T11:20:27+00:00\",\"description\":\"En el Casal hacemos un llamamiento para sumar personas en nuestro equipo y hacer voluntariado durante las actividades del Casal de verano.\",\"breadcrumb\":{\"@id\":\"https:\\\/\\\/www.casaldelsinfants.org\\\/es\\\/actualidad\\\/voluntariadoverano2024\\\/#breadcrumb\"},\"inLanguage\":\"es\",\"potentialAction\":[{\"@type\":\"ReadAction\",\"target\":[\"https:\\\/\\\/www.casaldelsinfants.org\\\/es\\\/actualidad\\\/voluntariadoverano2024\\\/\"]}]},{\"@type\":\"ImageObject\",\"inLanguage\":\"es\",\"@id\":\"https:\\\/\\\/www.casaldelsinfants.org\\\/es\\\/actualidad\\\/voluntariadoverano2024\\\/#primaryimage\",\"url\":\"https:\\\/\\\/www.casaldelsinfants.org\\\/wp-content\\\/uploads\\\/2e83abcb-7e98-953f-e2a3-256f9073bb8f-scaled-convertido-de-jpg.webp\",\"contentUrl\":\"https:\\\/\\\/www.casaldelsinfants.org\\\/wp-content\\\/uploads\\\/2e83abcb-7e98-953f-e2a3-256f9073bb8f-scaled-convertido-de-jpg.webp\",\"width\":2560,\"height\":1440,\"caption\":\"Nens i nenes\"},{\"@type\":\"BreadcrumbList\",\"@id\":\"https:\\\/\\\/www.casaldelsinfants.org\\\/es\\\/actualidad\\\/voluntariadoverano2024\\\/#breadcrumb\",\"itemListElement\":[{\"@type\":\"ListItem\",\"position\":1,\"name\":\"Inici\",\"item\":\"https:\\\/\\\/www.casaldelsinfants.org\\\/es\\\/\"},{\"@type\":\"ListItem\",\"position\":2,\"name\":\"\u00a1Buscamos sumar personas para hacer voluntariado en el Casal de verano!\"}]},{\"@type\":\"WebSite\",\"@id\":\"https:\\\/\\\/www.casaldelsinfants.org\\\/es\\\/#website\",\"url\":\"https:\\\/\\\/www.casaldelsinfants.org\\\/es\\\/\",\"name\":\"Casal dels Infants\",\"description\":\"\",\"publisher\":{\"@id\":\"https:\\\/\\\/www.casaldelsinfants.org\\\/es\\\/#organization\"},\"potentialAction\":[{\"@type\":\"SearchAction\",\"target\":{\"@type\":\"EntryPoint\",\"urlTemplate\":\"https:\\\/\\\/www.casaldelsinfants.org\\\/es\\\/?s={search_term_string}\"},\"query-input\":{\"@type\":\"PropertyValueSpecification\",\"valueRequired\":true,\"valueName\":\"search_term_string\"}}],\"inLanguage\":\"es\"},{\"@type\":\"Organization\",\"@id\":\"https:\\\/\\\/www.casaldelsinfants.org\\\/es\\\/#organization\",\"name\":\"Casal dels Infants\",\"url\":\"https:\\\/\\\/www.casaldelsinfants.org\\\/es\\\/\",\"logo\":{\"@type\":\"ImageObject\",\"inLanguage\":\"es\",\"@id\":\"https:\\\/\\\/www.casaldelsinfants.org\\\/es\\\/#\\\/schema\\\/logo\\\/image\\\/\",\"url\":\"https:\\\/\\\/www.casaldelsinfants.org\\\/wp-content\\\/uploads\\\/logo-mail.png\",\"contentUrl\":\"https:\\\/\\\/www.casaldelsinfants.org\\\/wp-content\\\/uploads\\\/logo-mail.png\",\"width\":380,\"height\":158,\"caption\":\"Casal dels Infants\"},\"image\":{\"@id\":\"https:\\\/\\\/www.casaldelsinfants.org\\\/es\\\/#\\\/schema\\\/logo\\\/image\\\/\"},\"sameAs\":[\"https:\\\/\\\/www.facebook.com\\\/casalinfants\",\"https:\\\/\\\/x.com\\\/casalinfants\",\"https:\\\/\\\/www.youtube.com\\\/user\\\/CasaldelsInfants1\",\"https:\\\/\\\/www.instagram.com\\\/casalinfants\\\/\",\"https:\\\/\\\/www.linkedin.com\\\/company\\\/casaldelsinfants?trk=organization-update_share-update_actor-text\"]},{\"@type\":\"Person\",\"@id\":\"https:\\\/\\\/www.casaldelsinfants.org\\\/es\\\/#\\\/schema\\\/person\\\/e870791b50f03fd60f872e1cd83910fc\",\"name\":\"julia\"}]}<\/script>\n<!-- \/ Yoast SEO plugin. -->","yoast_head_json":{"title":"Buscamos personas para hacer voluntariado en el Casal de verano - Casal dels Infants","description":"En el Casal hacemos un llamamiento para sumar personas en nuestro equipo y hacer voluntariado durante las actividades del Casal de verano.","robots":{"index":"index","follow":"follow","max-snippet":"max-snippet:-1","max-image-preview":"max-image-preview:large","max-video-preview":"max-video-preview:-1"},"canonical":"https:\/\/www.casaldelsinfants.org\/es\/actualidad\/voluntariadoverano2024\/","og_locale":"es_ES","og_type":"article","og_title":"Buscamos personas para hacer voluntariado en el Casal de verano - Casal dels Infants","og_description":"En el Casal hacemos un llamamiento para sumar personas en nuestro equipo y hacer voluntariado durante las actividades del Casal de verano.","og_url":"https:\/\/www.casaldelsinfants.org\/es\/actualidad\/voluntariadoverano2024\/","og_site_name":"Casal dels Infants","article_publisher":"https:\/\/www.facebook.com\/casalinfants","article_published_time":"2024-05-21T11:19:21+00:00","article_modified_time":"2024-05-21T11:20:27+00:00","og_image":[{"width":2560,"height":1440,"url":"https:\/\/www.casaldelsinfants.org\/wp-content\/uploads\/2e83abcb-7e98-953f-e2a3-256f9073bb8f-scaled-convertido-de-jpg.webp","type":"image\/jpeg"}],"author":"julia","twitter_card":"summary_large_image","twitter_creator":"@casalinfants","twitter_site":"@casalinfants","twitter_misc":{"Escrito por":"julia","Tiempo de lectura":"3 minutos"},"schema":{"@context":"https:\/\/schema.org","@graph":[{"@type":"Article","@id":"https:\/\/www.casaldelsinfants.org\/es\/actualidad\/voluntariadoverano2024\/#article","isPartOf":{"@id":"https:\/\/www.casaldelsinfants.org\/es\/actualidad\/voluntariadoverano2024\/"},"author":{"name":"julia","@id":"https:\/\/www.casaldelsinfants.org\/es\/#\/schema\/person\/e870791b50f03fd60f872e1cd83910fc"},"headline":"\u00a1Buscamos sumar personas para hacer voluntariado en el Casal de verano!","datePublished":"2024-05-21T11:19:21+00:00","dateModified":"2024-05-21T11:20:27+00:00","mainEntityOfPage":{"@id":"https:\/\/www.casaldelsinfants.org\/es\/actualidad\/voluntariadoverano2024\/"},"wordCount":552,"commentCount":0,"publisher":{"@id":"https:\/\/www.casaldelsinfants.org\/es\/#organization"},"image":{"@id":"https:\/\/www.casaldelsinfants.org\/es\/actualidad\/voluntariadoverano2024\/#primaryimage"},"thumbnailUrl":"https:\/\/www.casaldelsinfants.org\/wp-content\/uploads\/2e83abcb-7e98-953f-e2a3-256f9073bb8f-scaled-convertido-de-jpg.webp","articleSection":["Noticia"],"inLanguage":"es","potentialAction":[{"@type":"CommentAction","name":"Comment","target":["https:\/\/www.casaldelsinfants.org\/es\/actualidad\/voluntariadoverano2024\/#respond"]}]},{"@type":"WebPage","@id":"https:\/\/www.casaldelsinfants.org\/es\/actualidad\/voluntariadoverano2024\/","url":"https:\/\/www.casaldelsinfants.org\/es\/actualidad\/voluntariadoverano2024\/","name":"Buscamos personas para hacer voluntariado en el Casal de verano - Casal dels Infants","isPartOf":{"@id":"https:\/\/www.casaldelsinfants.org\/es\/#website"},"primaryImageOfPage":{"@id":"https:\/\/www.casaldelsinfants.org\/es\/actualidad\/voluntariadoverano2024\/#primaryimage"},"image":{"@id":"https:\/\/www.casaldelsinfants.org\/es\/actualidad\/voluntariadoverano2024\/#primaryimage"},"thumbnailUrl":"https:\/\/www.casaldelsinfants.org\/wp-content\/uploads\/2e83abcb-7e98-953f-e2a3-256f9073bb8f-scaled-convertido-de-jpg.webp","datePublished":"2024-05-21T11:19:21+00:00","dateModified":"2024-05-21T11:20:27+00:00","description":"En el Casal hacemos un llamamiento para sumar personas en nuestro equipo y hacer voluntariado durante las actividades del Casal de verano.","breadcrumb":{"@id":"https:\/\/www.casaldelsinfants.org\/es\/actualidad\/voluntariadoverano2024\/#breadcrumb"},"inLanguage":"es","potentialAction":[{"@type":"ReadAction","target":["https:\/\/www.casaldelsinfants.org\/es\/actualidad\/voluntariadoverano2024\/"]}]},{"@type":"ImageObject","inLanguage":"es","@id":"https:\/\/www.casaldelsinfants.org\/es\/actualidad\/voluntariadoverano2024\/#primaryimage","url":"https:\/\/www.casaldelsinfants.org\/wp-content\/uploads\/2e83abcb-7e98-953f-e2a3-256f9073bb8f-scaled-convertido-de-jpg.webp","contentUrl":"https:\/\/www.casaldelsinfants.org\/wp-content\/uploads\/2e83abcb-7e98-953f-e2a3-256f9073bb8f-scaled-convertido-de-jpg.webp","width":2560,"height":1440,"caption":"Nens i nenes"},{"@type":"BreadcrumbList","@id":"https:\/\/www.casaldelsinfants.org\/es\/actualidad\/voluntariadoverano2024\/#breadcrumb","itemListElement":[{"@type":"ListItem","position":1,"name":"Inici","item":"https:\/\/www.casaldelsinfants.org\/es\/"},{"@type":"ListItem","position":2,"name":"\u00a1Buscamos sumar personas para hacer voluntariado en el Casal de verano!"}]},{"@type":"WebSite","@id":"https:\/\/www.casaldelsinfants.org\/es\/#website","url":"https:\/\/www.casaldelsinfants.org\/es\/","name":"Casal dels Infants","description":"","publisher":{"@id":"https:\/\/www.casaldelsinfants.org\/es\/#organization"},"potentialAction":[{"@type":"SearchAction","target":{"@type":"EntryPoint","urlTemplate":"https:\/\/www.casaldelsinfants.org\/es\/?s={search_term_string}"},"query-input":{"@type":"PropertyValueSpecification","valueRequired":true,"valueName":"search_term_string"}}],"inLanguage":"es"},{"@type":"Organization","@id":"https:\/\/www.casaldelsinfants.org\/es\/#organization","name":"Casal dels Infants","url":"https:\/\/www.casaldelsinfants.org\/es\/","logo":{"@type":"ImageObject","inLanguage":"es","@id":"https:\/\/www.casaldelsinfants.org\/es\/#\/schema\/logo\/image\/","url":"https:\/\/www.casaldelsinfants.org\/wp-content\/uploads\/logo-mail.png","contentUrl":"https:\/\/www.casaldelsinfants.org\/wp-content\/uploads\/logo-mail.png","width":380,"height":158,"caption":"Casal dels Infants"},"image":{"@id":"https:\/\/www.casaldelsinfants.org\/es\/#\/schema\/logo\/image\/"},"sameAs":["https:\/\/www.facebook.com\/casalinfants","https:\/\/x.com\/casalinfants","https:\/\/www.youtube.com\/user\/CasaldelsInfants1","https:\/\/www.instagram.com\/casalinfants\/","https:\/\/www.linkedin.com\/company\/casaldelsinfants?trk=organization-update_share-update_actor-text"]},{"@type":"Person","@id":"https:\/\/www.casaldelsinfants.org\/es\/#\/schema\/person\/e870791b50f03fd60f872e1cd83910fc","name":"julia"}]}},"publishpress_future_action":{"enabled":false,"date":"2026-05-08 03:03:51","action":"change-status","newStatus":"draft","terms":[],"taxonomy":"category","extraData":[]},"publishpress_future_workflow_manual_trigger":{"enabledWorkflows":[]},"_links":{"self":[{"href":"https:\/\/www.casaldelsinfants.org\/es\/wp-json\/wp\/v2\/posts\/21198","targetHints":{"allow":["GET"]}}],"collection":[{"href":"https:\/\/www.casaldelsinfants.org\/es\/wp-json\/wp\/v2\/posts"}],"about":[{"href":"https:\/\/www.casaldelsinfants.org\/es\/wp-json\/wp\/v2\/types\/post"}],"author":[{"embeddable":true,"href":"https:\/\/www.casaldelsinfants.org\/es\/wp-json\/wp\/v2\/users\/9"}],"replies":[{"embeddable":true,"href":"https:\/\/www.casaldelsinfants.org\/es\/wp-json\/wp\/v2\/comments?post=21198"}],"version-history":[{"count":2,"href":"https:\/\/www.casaldelsinfants.org\/es\/wp-json\/wp\/v2\/posts\/21198\/revisions"}],"predecessor-version":[{"id":21205,"href":"https:\/\/www.casaldelsinfants.org\/es\/wp-json\/wp\/v2\/posts\/21198\/revisions\/21205"}],"wp:featuredmedia":[{"embeddable":true,"href":"https:\/\/www.casaldelsinfants.org\/es\/wp-json\/wp\/v2\/media\/21192"}],"wp:attachment":[{"href":"https:\/\/www.casaldelsinfants.org\/es\/wp-json\/wp\/v2\/media?parent=21198"}],"wp:term":[{"taxonomy":"category","embeddable":true,"href":"https:\/\/www.casaldelsinfants.org\/es\/wp-json\/wp\/v2\/categories?post=21198"},{"taxonomy":"post_tag","embeddable":true,"href":"https:\/\/www.casaldelsinfants.org\/es\/wp-json\/wp\/v2\/tags?post=21198"},{"taxonomy":"seus","embeddable":true,"href":"https:\/\/www.casaldelsinfants.org\/es\/wp-json\/wp\/v2\/seus?post=21198"},{"taxonomy":"eixos","embeddable":true,"href":"https:\/\/www.casaldelsinfants.org\/es\/wp-json\/wp\/v2\/eixos?post=21198"}],"curies":[{"name":"wp","href":"https:\/\/api.w.org\/{rel}","templated":true}]}}