{"id":21422,"date":"2024-05-30T15:06:25","date_gmt":"2024-05-30T13:06:25","guid":{"rendered":"https:\/\/www.casaldelsinfants.org\/?p=21422"},"modified":"2024-06-03T10:09:58","modified_gmt":"2024-06-03T08:09:58","slug":"pfi-auxiliar-de-camarero","status":"publish","type":"post","link":"https:\/\/www.casaldelsinfants.org\/es\/actualidad\/pfi-auxiliar-de-camarero\/","title":{"rendered":"El arte aprender un oficio en el MNAC"},"content":{"rendered":"<p><iframe loading=\"lazy\" title=\"&quot;El PFI me hace tener ganas de levantarme y ser mejor persona&quot;\" width=\"1080\" height=\"608\" src=\"https:\/\/www.youtube.com\/embed\/Y88b03kdtQ0?feature=oembed&#038;enablejsapi=1&#038;origin=https:\/\/www.casaldelsinfants.org\"  allow=\"accelerometer; autoplay; clipboard-write; encrypted-media; gyroscope; picture-in-picture; web-share\" referrerpolicy=\"strict-origin-when-cross-origin\" allowfullscreen><\/iframe><\/p>\n<p>&nbsp;<\/p>\n<p>A los pies de los grandes ventanales, la ciudad, con el hormigueo de tr\u00e1fico de la plaza de Espa\u00f1a que no se detiene. En el interior del Antiguo Sal\u00f3n del Trono del Palau Nacional, tambi\u00e9n en movimiento constante, once j\u00f3venes ponen y visten las mesas del <a href=\"https:\/\/www.museunacional.cat\/ca\/restaurant-oleum-1\"><strong>\u00d2leum<\/strong><\/a>, el restaurante del <a href=\"https:\/\/www.museunacional.cat\/ca\"><strong>Museu Nacional d\u2019Art de Catalunya<\/strong><\/a>. Es media ma\u00f1ana y ultiman la preparaci\u00f3n del comedor para el servicio de mediod\u00eda. Lo hacen como alumnos del <strong>Punto Formativo Incorpora de Auxiliar de Camarero<\/strong> que imparte el Casal dels Infants en colaboraci\u00f3n con <a href=\"https:\/\/singulariscatering.com\/\"><strong>Singularis Catering<\/strong><\/a>. Tras cada gesto para colocar manteles, servilletas, cubiertos, vasos y copas est\u00e1n sus historias de vida, el esfuerzo por aprender un oficio, sus sue\u00f1os y el equipo en el que se han convertido.<\/p>\n<h2>Competencias transversales<\/h2>\n<p>\u00abQuer\u00eda tener experiencia y me asustaba el mundo laboral\u00bb, explica <strong>Judith<\/strong>. \u00abMe ha parecido muy interesante que la primera semana de la formaci\u00f3n la dedic\u00e1ramos a conocernos. A saber c\u00f3mo est\u00e1bamos, c\u00f3mo nos sent\u00edamos y c\u00f3mo hab\u00edamos crecido\u00bb. Ha tenido mucho que ver con ello <strong>Alessia<\/strong>, la eudcadora del Casal dels Infants al frente del PFI, que tambi\u00e9n habla de esta gesti\u00f3n emocional y del trabajo de las competencias transversales como una de las claves de la formaci\u00f3n: \u00abEl acompa\u00f1amiento que les garantizamos en colaboraci\u00f3n con Singularis Catering hace que ganen la confianza en ellos mismos que a menudo les falta. La hosteler\u00eda es un mundo hostil donde es f\u00e1cil romperse, pero aqu\u00ed aprendemos a gestionar muchas situaciones y ponemos en valor lo que cada uno puede aportar en el trabajo\u00bb.<\/p>\n<p>&nbsp;<\/p>\n<p><iframe loading=\"lazy\" title=\"&quot;Trabajamos las competencias transverales y la parte t\u00e9cnica de una mise en place&quot;\" width=\"1080\" height=\"608\" src=\"https:\/\/www.youtube.com\/embed\/R9e8KOAGyT4?feature=oembed&#038;enablejsapi=1&#038;origin=https:\/\/www.casaldelsinfants.org\"  allow=\"accelerometer; autoplay; clipboard-write; encrypted-media; gyroscope; picture-in-picture; web-share\" referrerpolicy=\"strict-origin-when-cross-origin\" allowfullscreen><\/iframe><\/p>\n<p>&nbsp;<\/p>\n<p>En cuanto a <strong>Dani<\/strong>, esta experiencia le est\u00e1 cambiando la manera de ver el mundo laboral. Ven\u00eda de trabajar durante meses en su pueblo, en Cuenca, haciendo trabajos en el campo. No ten\u00eda muy claro c\u00f3mo enfocar su futuro y se sent\u00eda muy solo. \u00abAqu\u00ed me he acercado m\u00e1s al sentimiento de querer hacer las cosas bien, de levantarme cada ma\u00f1ana y ser una mejor persona. Alessia ha sido un apoyo muy importante durante este aprendizaje, pero s\u00e9 que ahora puedo ser independiente y demostrar lo que valgo\u00bb. La pr\u00f3xima oportunidad la tendr\u00e1 haciendo las pr\u00e1cticas de la formaci\u00f3n, que se ofrecen en distintas empresas del sector de la hosteler\u00eda.<\/p>\n<p>&nbsp;<\/p>\n<div id=\"attachment_21358\" style=\"width: 522px\" class=\"wp-caption aligncenter\"><img decoding=\"async\" aria-describedby=\"caption-attachment-21358\" class=\"wp-image-21358 size-thumbnail\" src=\"https:\/\/www.casaldelsinfants.org\/wp-content\/uploads\/\/PFI-Oleum-web-1-512x288.jpg\" alt=\"El PFI de Auxiliar de Camarero del Casal dels Infants ofrece a j\u00f3venes en riesgo de exclusi\u00f3n la oportunidad de aprender un oficio.\" width=\"512\" height=\"288\" srcset=\"https:\/\/www.casaldelsinfants.org\/wp-content\/uploads\/PFI-Oleum-web-1-512x288.jpg 512w, https:\/\/www.casaldelsinfants.org\/wp-content\/uploads\/PFI-Oleum-web-1-768x432.jpg 768w, https:\/\/www.casaldelsinfants.org\/wp-content\/uploads\/PFI-Oleum-web-1-1080x607.jpg 1080w, https:\/\/www.casaldelsinfants.org\/wp-content\/uploads\/PFI-Oleum-web-1-1280x720.jpg 1280w, https:\/\/www.casaldelsinfants.org\/wp-content\/uploads\/PFI-Oleum-web-1-980x551.jpg 980w, https:\/\/www.casaldelsinfants.org\/wp-content\/uploads\/PFI-Oleum-web-1-480x270.jpg 480w, https:\/\/www.casaldelsinfants.org\/wp-content\/uploads\/PFI-Oleum-web-1.jpg 1378w\" sizes=\"(max-width: 512px) 100vw, 512px\" \/><p id=\"caption-attachment-21358\" class=\"wp-caption-text\">El grupo del PFI de Auxiliar de Camarero del Casal dels Infants<\/p><\/div>\n<p>&nbsp;<\/p>\n<h2>Pr\u00e1cticas profesionales<\/h2>\n<p>\u00ab\u00bfLas pr\u00e1cticas? \u00a1Que me salgan todav\u00eda mejor!\u00bb, dice Maria, positiva. De estas semanas se lleva una buena mochila de aprendizajes: \u00abDir\u00eda que he aprendido a trabajar en equipo y a adaptarme a los cambios. Tambi\u00e9n a montar y desmontar mesas, a llevar platos sin que me caigan&#8230;\u00bb. Judith, que ahora dobla servilletas, siente que ya tiene una base de formaci\u00f3n. Aun as\u00ed, piensa en ir m\u00e1s all\u00e1 y sumar experiencia: \u00abAhora me siento segura. Las pr\u00e1cticas ser\u00e1n otro reto\u00bb.<\/p>\n<p>Antes de dejar lista la <em>mise en place<\/em>, despu\u00e9s de limpiar y colocar las \u00faltimas copas, Dani no se quiere despedir sin enviar un mensaje a otros chicos y chicas que puedan estar en la situaci\u00f3n en la que \u00e9l se encontraba hace unos meses: \u00abRecomiendo mucho acercarse al Casal dels Infants. Cuando eres joven, a menudo no sabes lo que quieres, y yo al llegar aqu\u00ed lo descubr\u00ed. Fue una sorpresa, lo recomiendo a todo el mundo\u00bb.<\/p>\n<p>&nbsp;<\/p>\n<p><strong>Con el apoyo de:<\/strong><\/p>\n<p>&nbsp;<\/p>\n<p><img decoding=\"async\" class=\"wp-image-21364 alignleft\" src=\"https:\/\/www.casaldelsinfants.org\/wp-content\/uploads\/image-2-1-e1716990603322-convertido-de-png.webp\" alt=\"\" width=\"200\" height=\"113\" \/><\/p>\n<p>&nbsp;<\/p>\n<p>&nbsp;<\/p>\n<p>&nbsp;<\/p>\n<p><img decoding=\"async\" class=\"wp-image-21366 alignleft\" src=\"https:\/\/www.casaldelsinfants.org\/wp-content\/uploads\/logo-Singularis-OK-convertido-de-png.webp\" alt=\"Singularis Catering \" width=\"200\" height=\"56\" \/><\/p>\n<p>&nbsp;<\/p>\n<p>&nbsp;<\/p>\n<blockquote><p><strong>Ay\u00fadanos a garantizar continuidad formativa y oportunidades de inserci\u00f3n sociolaboral a j\u00f3venes en riesgo de exclusi\u00f3n<\/strong><\/p>\n<p>&nbsp;<\/p>\n<p>Haz un <a href=\"https:\/\/www.casaldelsinfants.org\/es\/dona-ahora\/\"><strong>donativo<\/strong><\/a><\/p>\n<p>Haz <a href=\"https:\/\/www.casaldelsinfants.org\/es\/que-puedes-hacer-tu\/voluntariado\/\"><strong>voluntariado<\/strong><\/a><\/p><\/blockquote>\n","protected":false},"excerpt":{"rendered":"<p>&nbsp; A los pies de los grandes ventanales, la ciudad, con el hormigueo de tr\u00e1fico de la plaza de Espa\u00f1a que no se detiene. En el interior del Antiguo Sal\u00f3n del Trono del Palau Nacional, tambi\u00e9n en movimiento constante, once j\u00f3venes ponen y visten las mesas del \u00d2leum, el restaurante del Museu Nacional d\u2019Art de [&hellip;]<\/p>\n","protected":false},"author":10,"featured_media":0,"comment_status":"open","ping_status":"open","sticky":false,"template":"","format":"standard","meta":{"_acf_changed":false,"_et_pb_use_builder":"","_et_pb_old_content":"","_et_gb_content_width":"","inline_featured_image":false,"footnotes":""},"categories":[125,105],"tags":[],"seus":[],"eixos":[223],"class_list":["post-21422","post","type-post","status-publish","format-standard","hentry","category-noticias","category-reportaje","eixos-joves-es"],"acf":[],"yoast_head":"<!-- This site is optimized with the Yoast SEO plugin v27.4 - https:\/\/yoast.com\/product\/yoast-seo-wordpress\/ -->\n<title>El arte aprender un oficio en el MNAC - Casal dels Infants<\/title>\n<meta name=\"description\" content=\"El PFI de Auxiliar de Camarero del Casal dels Infants garantiza la oportunidad de aprender un oficio en el restaurante \u00d2leum del MNAC.\" \/>\n<meta name=\"robots\" content=\"index, follow, max-snippet:-1, max-image-preview:large, max-video-preview:-1\" \/>\n<link rel=\"canonical\" href=\"https:\/\/www.casaldelsinfants.org\/es\/actualidad\/pfi-auxiliar-de-camarero\/\" \/>\n<meta property=\"og:locale\" content=\"es_ES\" \/>\n<meta property=\"og:type\" content=\"article\" \/>\n<meta property=\"og:title\" content=\"El arte aprender un oficio en el MNAC - Casal dels Infants\" \/>\n<meta property=\"og:description\" content=\"El PFI de Auxiliar de Camarero del Casal dels Infants garantiza la oportunidad de aprender un oficio en el restaurante \u00d2leum del MNAC.\" \/>\n<meta property=\"og:url\" content=\"https:\/\/www.casaldelsinfants.org\/es\/actualidad\/pfi-auxiliar-de-camarero\/\" \/>\n<meta property=\"og:site_name\" content=\"Casal dels Infants\" \/>\n<meta property=\"article:publisher\" content=\"https:\/\/www.facebook.com\/casalinfants\" \/>\n<meta property=\"article:published_time\" content=\"2024-05-30T13:06:25+00:00\" \/>\n<meta property=\"article:modified_time\" content=\"2024-06-03T08:09:58+00:00\" \/>\n<meta property=\"og:image\" content=\"https:\/\/www.casaldelsinfants.org\/wp-content\/uploads\/\/PFI-Oleum-web-1-512x288.jpg\" \/>\n<meta name=\"author\" content=\"Pau\" \/>\n<meta name=\"twitter:card\" content=\"summary_large_image\" \/>\n<meta name=\"twitter:creator\" content=\"@casalinfants\" \/>\n<meta name=\"twitter:site\" content=\"@casalinfants\" \/>\n<meta name=\"twitter:label1\" content=\"Escrito por\" \/>\n\t<meta name=\"twitter:data1\" content=\"Pau\" \/>\n\t<meta name=\"twitter:label2\" content=\"Tiempo de lectura\" \/>\n\t<meta name=\"twitter:data2\" content=\"4 minutos\" \/>\n<script type=\"application\/ld+json\" class=\"yoast-schema-graph\">{\"@context\":\"https:\\\/\\\/schema.org\",\"@graph\":[{\"@type\":\"Article\",\"@id\":\"https:\\\/\\\/www.casaldelsinfants.org\\\/es\\\/actualidad\\\/pfi-auxiliar-de-camarero\\\/#article\",\"isPartOf\":{\"@id\":\"https:\\\/\\\/www.casaldelsinfants.org\\\/es\\\/actualidad\\\/pfi-auxiliar-de-camarero\\\/\"},\"author\":{\"name\":\"Pau\",\"@id\":\"https:\\\/\\\/www.casaldelsinfants.org\\\/es\\\/#\\\/schema\\\/person\\\/2ef4311d50d338a60b5e32ef2d303033\"},\"headline\":\"El arte aprender un oficio en el MNAC\",\"datePublished\":\"2024-05-30T13:06:25+00:00\",\"dateModified\":\"2024-06-03T08:09:58+00:00\",\"mainEntityOfPage\":{\"@id\":\"https:\\\/\\\/www.casaldelsinfants.org\\\/es\\\/actualidad\\\/pfi-auxiliar-de-camarero\\\/\"},\"wordCount\":667,\"commentCount\":0,\"publisher\":{\"@id\":\"https:\\\/\\\/www.casaldelsinfants.org\\\/es\\\/#organization\"},\"image\":{\"@id\":\"https:\\\/\\\/www.casaldelsinfants.org\\\/es\\\/actualidad\\\/pfi-auxiliar-de-camarero\\\/#primaryimage\"},\"thumbnailUrl\":\"https:\\\/\\\/www.casaldelsinfants.org\\\/wp-content\\\/uploads\\\/\\\/PFI-Oleum-web-1-512x288.jpg\",\"articleSection\":[\"Noticia\",\"Reportaje\"],\"inLanguage\":\"es\",\"potentialAction\":[{\"@type\":\"CommentAction\",\"name\":\"Comment\",\"target\":[\"https:\\\/\\\/www.casaldelsinfants.org\\\/es\\\/actualidad\\\/pfi-auxiliar-de-camarero\\\/#respond\"]}]},{\"@type\":\"WebPage\",\"@id\":\"https:\\\/\\\/www.casaldelsinfants.org\\\/es\\\/actualidad\\\/pfi-auxiliar-de-camarero\\\/\",\"url\":\"https:\\\/\\\/www.casaldelsinfants.org\\\/es\\\/actualidad\\\/pfi-auxiliar-de-camarero\\\/\",\"name\":\"El arte aprender un oficio en el MNAC - Casal dels Infants\",\"isPartOf\":{\"@id\":\"https:\\\/\\\/www.casaldelsinfants.org\\\/es\\\/#website\"},\"primaryImageOfPage\":{\"@id\":\"https:\\\/\\\/www.casaldelsinfants.org\\\/es\\\/actualidad\\\/pfi-auxiliar-de-camarero\\\/#primaryimage\"},\"image\":{\"@id\":\"https:\\\/\\\/www.casaldelsinfants.org\\\/es\\\/actualidad\\\/pfi-auxiliar-de-camarero\\\/#primaryimage\"},\"thumbnailUrl\":\"https:\\\/\\\/www.casaldelsinfants.org\\\/wp-content\\\/uploads\\\/\\\/PFI-Oleum-web-1-512x288.jpg\",\"datePublished\":\"2024-05-30T13:06:25+00:00\",\"dateModified\":\"2024-06-03T08:09:58+00:00\",\"description\":\"El PFI de Auxiliar de Camarero del Casal dels Infants garantiza la oportunidad de aprender un oficio en el restaurante \u00d2leum del MNAC.\",\"breadcrumb\":{\"@id\":\"https:\\\/\\\/www.casaldelsinfants.org\\\/es\\\/actualidad\\\/pfi-auxiliar-de-camarero\\\/#breadcrumb\"},\"inLanguage\":\"es\",\"potentialAction\":[{\"@type\":\"ReadAction\",\"target\":[\"https:\\\/\\\/www.casaldelsinfants.org\\\/es\\\/actualidad\\\/pfi-auxiliar-de-camarero\\\/\"]}]},{\"@type\":\"ImageObject\",\"inLanguage\":\"es\",\"@id\":\"https:\\\/\\\/www.casaldelsinfants.org\\\/es\\\/actualidad\\\/pfi-auxiliar-de-camarero\\\/#primaryimage\",\"url\":\"https:\\\/\\\/www.casaldelsinfants.org\\\/wp-content\\\/uploads\\\/\\\/PFI-Oleum-web-1-512x288.jpg\",\"contentUrl\":\"https:\\\/\\\/www.casaldelsinfants.org\\\/wp-content\\\/uploads\\\/\\\/PFI-Oleum-web-1-512x288.jpg\"},{\"@type\":\"BreadcrumbList\",\"@id\":\"https:\\\/\\\/www.casaldelsinfants.org\\\/es\\\/actualidad\\\/pfi-auxiliar-de-camarero\\\/#breadcrumb\",\"itemListElement\":[{\"@type\":\"ListItem\",\"position\":1,\"name\":\"Inici\",\"item\":\"https:\\\/\\\/www.casaldelsinfants.org\\\/es\\\/\"},{\"@type\":\"ListItem\",\"position\":2,\"name\":\"El arte aprender un oficio en el MNAC\"}]},{\"@type\":\"WebSite\",\"@id\":\"https:\\\/\\\/www.casaldelsinfants.org\\\/es\\\/#website\",\"url\":\"https:\\\/\\\/www.casaldelsinfants.org\\\/es\\\/\",\"name\":\"Casal dels Infants\",\"description\":\"\",\"publisher\":{\"@id\":\"https:\\\/\\\/www.casaldelsinfants.org\\\/es\\\/#organization\"},\"potentialAction\":[{\"@type\":\"SearchAction\",\"target\":{\"@type\":\"EntryPoint\",\"urlTemplate\":\"https:\\\/\\\/www.casaldelsinfants.org\\\/es\\\/?s={search_term_string}\"},\"query-input\":{\"@type\":\"PropertyValueSpecification\",\"valueRequired\":true,\"valueName\":\"search_term_string\"}}],\"inLanguage\":\"es\"},{\"@type\":\"Organization\",\"@id\":\"https:\\\/\\\/www.casaldelsinfants.org\\\/es\\\/#organization\",\"name\":\"Casal dels Infants\",\"url\":\"https:\\\/\\\/www.casaldelsinfants.org\\\/es\\\/\",\"logo\":{\"@type\":\"ImageObject\",\"inLanguage\":\"es\",\"@id\":\"https:\\\/\\\/www.casaldelsinfants.org\\\/es\\\/#\\\/schema\\\/logo\\\/image\\\/\",\"url\":\"https:\\\/\\\/www.casaldelsinfants.org\\\/wp-content\\\/uploads\\\/logo-mail.png\",\"contentUrl\":\"https:\\\/\\\/www.casaldelsinfants.org\\\/wp-content\\\/uploads\\\/logo-mail.png\",\"width\":380,\"height\":158,\"caption\":\"Casal dels Infants\"},\"image\":{\"@id\":\"https:\\\/\\\/www.casaldelsinfants.org\\\/es\\\/#\\\/schema\\\/logo\\\/image\\\/\"},\"sameAs\":[\"https:\\\/\\\/www.facebook.com\\\/casalinfants\",\"https:\\\/\\\/x.com\\\/casalinfants\",\"https:\\\/\\\/www.youtube.com\\\/user\\\/CasaldelsInfants1\",\"https:\\\/\\\/www.instagram.com\\\/casalinfants\\\/\",\"https:\\\/\\\/www.linkedin.com\\\/company\\\/casaldelsinfants?trk=organization-update_share-update_actor-text\"]},{\"@type\":\"Person\",\"@id\":\"https:\\\/\\\/www.casaldelsinfants.org\\\/es\\\/#\\\/schema\\\/person\\\/2ef4311d50d338a60b5e32ef2d303033\",\"name\":\"Pau\"}]}<\/script>\n<!-- \/ Yoast SEO plugin. -->","yoast_head_json":{"title":"El arte aprender un oficio en el MNAC - Casal dels Infants","description":"El PFI de Auxiliar de Camarero del Casal dels Infants garantiza la oportunidad de aprender un oficio en el restaurante \u00d2leum del MNAC.","robots":{"index":"index","follow":"follow","max-snippet":"max-snippet:-1","max-image-preview":"max-image-preview:large","max-video-preview":"max-video-preview:-1"},"canonical":"https:\/\/www.casaldelsinfants.org\/es\/actualidad\/pfi-auxiliar-de-camarero\/","og_locale":"es_ES","og_type":"article","og_title":"El arte aprender un oficio en el MNAC - Casal dels Infants","og_description":"El PFI de Auxiliar de Camarero del Casal dels Infants garantiza la oportunidad de aprender un oficio en el restaurante \u00d2leum del MNAC.","og_url":"https:\/\/www.casaldelsinfants.org\/es\/actualidad\/pfi-auxiliar-de-camarero\/","og_site_name":"Casal dels Infants","article_publisher":"https:\/\/www.facebook.com\/casalinfants","article_published_time":"2024-05-30T13:06:25+00:00","article_modified_time":"2024-06-03T08:09:58+00:00","og_image":[{"url":"https:\/\/www.casaldelsinfants.org\/wp-content\/uploads\/\/PFI-Oleum-web-1-512x288.jpg","type":"","width":"","height":""}],"author":"Pau","twitter_card":"summary_large_image","twitter_creator":"@casalinfants","twitter_site":"@casalinfants","twitter_misc":{"Escrito por":"Pau","Tiempo de lectura":"4 minutos"},"schema":{"@context":"https:\/\/schema.org","@graph":[{"@type":"Article","@id":"https:\/\/www.casaldelsinfants.org\/es\/actualidad\/pfi-auxiliar-de-camarero\/#article","isPartOf":{"@id":"https:\/\/www.casaldelsinfants.org\/es\/actualidad\/pfi-auxiliar-de-camarero\/"},"author":{"name":"Pau","@id":"https:\/\/www.casaldelsinfants.org\/es\/#\/schema\/person\/2ef4311d50d338a60b5e32ef2d303033"},"headline":"El arte aprender un oficio en el MNAC","datePublished":"2024-05-30T13:06:25+00:00","dateModified":"2024-06-03T08:09:58+00:00","mainEntityOfPage":{"@id":"https:\/\/www.casaldelsinfants.org\/es\/actualidad\/pfi-auxiliar-de-camarero\/"},"wordCount":667,"commentCount":0,"publisher":{"@id":"https:\/\/www.casaldelsinfants.org\/es\/#organization"},"image":{"@id":"https:\/\/www.casaldelsinfants.org\/es\/actualidad\/pfi-auxiliar-de-camarero\/#primaryimage"},"thumbnailUrl":"https:\/\/www.casaldelsinfants.org\/wp-content\/uploads\/\/PFI-Oleum-web-1-512x288.jpg","articleSection":["Noticia","Reportaje"],"inLanguage":"es","potentialAction":[{"@type":"CommentAction","name":"Comment","target":["https:\/\/www.casaldelsinfants.org\/es\/actualidad\/pfi-auxiliar-de-camarero\/#respond"]}]},{"@type":"WebPage","@id":"https:\/\/www.casaldelsinfants.org\/es\/actualidad\/pfi-auxiliar-de-camarero\/","url":"https:\/\/www.casaldelsinfants.org\/es\/actualidad\/pfi-auxiliar-de-camarero\/","name":"El arte aprender un oficio en el MNAC - Casal dels Infants","isPartOf":{"@id":"https:\/\/www.casaldelsinfants.org\/es\/#website"},"primaryImageOfPage":{"@id":"https:\/\/www.casaldelsinfants.org\/es\/actualidad\/pfi-auxiliar-de-camarero\/#primaryimage"},"image":{"@id":"https:\/\/www.casaldelsinfants.org\/es\/actualidad\/pfi-auxiliar-de-camarero\/#primaryimage"},"thumbnailUrl":"https:\/\/www.casaldelsinfants.org\/wp-content\/uploads\/\/PFI-Oleum-web-1-512x288.jpg","datePublished":"2024-05-30T13:06:25+00:00","dateModified":"2024-06-03T08:09:58+00:00","description":"El PFI de Auxiliar de Camarero del Casal dels Infants garantiza la oportunidad de aprender un oficio en el restaurante \u00d2leum del MNAC.","breadcrumb":{"@id":"https:\/\/www.casaldelsinfants.org\/es\/actualidad\/pfi-auxiliar-de-camarero\/#breadcrumb"},"inLanguage":"es","potentialAction":[{"@type":"ReadAction","target":["https:\/\/www.casaldelsinfants.org\/es\/actualidad\/pfi-auxiliar-de-camarero\/"]}]},{"@type":"ImageObject","inLanguage":"es","@id":"https:\/\/www.casaldelsinfants.org\/es\/actualidad\/pfi-auxiliar-de-camarero\/#primaryimage","url":"https:\/\/www.casaldelsinfants.org\/wp-content\/uploads\/\/PFI-Oleum-web-1-512x288.jpg","contentUrl":"https:\/\/www.casaldelsinfants.org\/wp-content\/uploads\/\/PFI-Oleum-web-1-512x288.jpg"},{"@type":"BreadcrumbList","@id":"https:\/\/www.casaldelsinfants.org\/es\/actualidad\/pfi-auxiliar-de-camarero\/#breadcrumb","itemListElement":[{"@type":"ListItem","position":1,"name":"Inici","item":"https:\/\/www.casaldelsinfants.org\/es\/"},{"@type":"ListItem","position":2,"name":"El arte aprender un oficio en el MNAC"}]},{"@type":"WebSite","@id":"https:\/\/www.casaldelsinfants.org\/es\/#website","url":"https:\/\/www.casaldelsinfants.org\/es\/","name":"Casal dels Infants","description":"","publisher":{"@id":"https:\/\/www.casaldelsinfants.org\/es\/#organization"},"potentialAction":[{"@type":"SearchAction","target":{"@type":"EntryPoint","urlTemplate":"https:\/\/www.casaldelsinfants.org\/es\/?s={search_term_string}"},"query-input":{"@type":"PropertyValueSpecification","valueRequired":true,"valueName":"search_term_string"}}],"inLanguage":"es"},{"@type":"Organization","@id":"https:\/\/www.casaldelsinfants.org\/es\/#organization","name":"Casal dels Infants","url":"https:\/\/www.casaldelsinfants.org\/es\/","logo":{"@type":"ImageObject","inLanguage":"es","@id":"https:\/\/www.casaldelsinfants.org\/es\/#\/schema\/logo\/image\/","url":"https:\/\/www.casaldelsinfants.org\/wp-content\/uploads\/logo-mail.png","contentUrl":"https:\/\/www.casaldelsinfants.org\/wp-content\/uploads\/logo-mail.png","width":380,"height":158,"caption":"Casal dels Infants"},"image":{"@id":"https:\/\/www.casaldelsinfants.org\/es\/#\/schema\/logo\/image\/"},"sameAs":["https:\/\/www.facebook.com\/casalinfants","https:\/\/x.com\/casalinfants","https:\/\/www.youtube.com\/user\/CasaldelsInfants1","https:\/\/www.instagram.com\/casalinfants\/","https:\/\/www.linkedin.com\/company\/casaldelsinfants?trk=organization-update_share-update_actor-text"]},{"@type":"Person","@id":"https:\/\/www.casaldelsinfants.org\/es\/#\/schema\/person\/2ef4311d50d338a60b5e32ef2d303033","name":"Pau"}]}},"publishpress_future_action":{"enabled":false,"date":"2026-05-05 21:09:22","action":"change-status","newStatus":"draft","terms":[],"taxonomy":"category","extraData":[]},"publishpress_future_workflow_manual_trigger":{"enabledWorkflows":[]},"_links":{"self":[{"href":"https:\/\/www.casaldelsinfants.org\/es\/wp-json\/wp\/v2\/posts\/21422","targetHints":{"allow":["GET"]}}],"collection":[{"href":"https:\/\/www.casaldelsinfants.org\/es\/wp-json\/wp\/v2\/posts"}],"about":[{"href":"https:\/\/www.casaldelsinfants.org\/es\/wp-json\/wp\/v2\/types\/post"}],"author":[{"embeddable":true,"href":"https:\/\/www.casaldelsinfants.org\/es\/wp-json\/wp\/v2\/users\/10"}],"replies":[{"embeddable":true,"href":"https:\/\/www.casaldelsinfants.org\/es\/wp-json\/wp\/v2\/comments?post=21422"}],"version-history":[{"count":3,"href":"https:\/\/www.casaldelsinfants.org\/es\/wp-json\/wp\/v2\/posts\/21422\/revisions"}],"predecessor-version":[{"id":21594,"href":"https:\/\/www.casaldelsinfants.org\/es\/wp-json\/wp\/v2\/posts\/21422\/revisions\/21594"}],"wp:attachment":[{"href":"https:\/\/www.casaldelsinfants.org\/es\/wp-json\/wp\/v2\/media?parent=21422"}],"wp:term":[{"taxonomy":"category","embeddable":true,"href":"https:\/\/www.casaldelsinfants.org\/es\/wp-json\/wp\/v2\/categories?post=21422"},{"taxonomy":"post_tag","embeddable":true,"href":"https:\/\/www.casaldelsinfants.org\/es\/wp-json\/wp\/v2\/tags?post=21422"},{"taxonomy":"seus","embeddable":true,"href":"https:\/\/www.casaldelsinfants.org\/es\/wp-json\/wp\/v2\/seus?post=21422"},{"taxonomy":"eixos","embeddable":true,"href":"https:\/\/www.casaldelsinfants.org\/es\/wp-json\/wp\/v2\/eixos?post=21422"}],"curies":[{"name":"wp","href":"https:\/\/api.w.org\/{rel}","templated":true}]}}