{"id":21638,"date":"2024-06-04T11:13:42","date_gmt":"2024-06-04T09:13:42","guid":{"rendered":"https:\/\/www.casaldelsinfants.org\/?p=21638"},"modified":"2024-06-05T09:56:44","modified_gmt":"2024-06-05T07:56:44","slug":"bienestardigitaltictac","status":"publish","type":"post","link":"https:\/\/www.casaldelsinfants.org\/es\/actualidad\/bienestardigitaltictac\/","title":{"rendered":"Reflexionamos sobre las relaciones en las redes con el programa Tic Tac"},"content":{"rendered":"<p><b><span style=\"text-decoration: underline;\"><a href=\"https:\/\/www.casaldelsinfants.org\/actualitat\/jornadatictac\/\" target=\"_blank\" rel=\"noopener\">Tic Tac<\/a><\/span> es un programa transversal del Casal dels Infants. <\/b>Su principal objetivo es que los ni\u00f1os, ni\u00f1as, j\u00f3venes y familias, <strong>m\u00e1s all\u00e1 de acceder a herramientas digitales y tecnol\u00f3gicas, puedan mejorar las competencias digitales para ejercer sus derechos en igualdad y convertirse en ciudadan\u00eda activa<\/strong>. En una de las sesiones del programa, ni\u00f1os y ni\u00f1as del Casal dels Infants del Raval participaron en una actividad de reflexi\u00f3n <strong>sobre las relaciones a trav\u00e9s de las redes<\/strong> y el ciberacoso, y conocer casos de violencia digital.<\/p>\n<p>Los ejes estrat\u00e9gicos del programa Tic Tac, con acciones adaptadas a cada franja de edad, son el <strong>\u00e9xito educativo, el objetivo maker y el bienestar digital<\/strong>.<\/p>\n<p>&nbsp;<\/p>\n<h2><b>Bienestar digital<\/b><\/h2>\n<p><span style=\"font-weight: 400;\">En la actividad participaban los <strong>ni\u00f1os y ni\u00f1as de 9 a 12 a\u00f1os<\/strong> del Centro Abierto Infantil del Raval. Estaba enmarcada en uno de estos ejes estrat\u00e9gicos, el de <strong>bienestar digital<\/strong>. Entendemos bienestar digital como \u00abla capacidad de hacer un uso de las tecnolog\u00edas que sea equilibrado, saludable y beneficioso individualmente y colectivamente\u00bb, seg\u00fan la definici\u00f3n de <span style=\"text-decoration: underline;\"><a href=\"https:\/\/equitatdigital.cat\/labs\/benestar-digital\/\" target=\"_blank\" rel=\"noopener\">Equitat Digital de la Fundaci\u00f3 Bofill<\/a><\/span>. Eso implica tener informaci\u00f3n sobre los riesgos, marcar los l\u00edmites de la exposici\u00f3n a Internet y las redes, conocer nuestras necesidades y dedicas m\u00e1s tiempos a los usos digitales de alta cualidad.\u00a0<\/span><\/p>\n<p><strong>Las tecnolog\u00edas digitales son necesarias para las din\u00e1micas sociales y el d\u00eda a d\u00eda de todo el mundo<\/strong>. Tambi\u00e9n, de los m\u00e1s peque\u00f1os y peque\u00f1as. Pero, a pesar de ser \u00abnativos digitales\u00bb, <strong>muchos de ellos y ellas utilizan estos dispositivos sin ser conscientes de los riesgos<\/strong> que la conexi\u00f3n digital puede comportar. Riesgos que se pueden presentar en las relaciones a trav\u00e9s de las redes, la construcci\u00f3n de la identidad digital, el uso y abuso de las pantallas, y la privacidad y seguridad digital.<\/p>\n<p>&nbsp;<\/p>\n<p><img decoding=\"async\" class=\"size-full wp-image-21551 aligncenter\" src=\"https:\/\/www.casaldelsinfants.org\/wp-content\/uploads\/P1410140.00_15_37_29.Imagen-fija003-convertido-de-jpg.webp\" alt=\"Detalls d'unes mans amb untel\u00e8fon m\u00f2bil, editant un v\u00eddeo.\" width=\"1920\" height=\"1080\" srcset=\"https:\/\/www.casaldelsinfants.org\/wp-content\/uploads\/P1410140.00_15_37_29.Imagen-fija003-convertido-de-jpg.webp 1920w, https:\/\/www.casaldelsinfants.org\/wp-content\/uploads\/P1410140.00_15_37_29.Imagen-fija003-convertido-de-jpg-1280x720.webp 1280w, https:\/\/www.casaldelsinfants.org\/wp-content\/uploads\/P1410140.00_15_37_29.Imagen-fija003-convertido-de-jpg-980x551.webp 980w, https:\/\/www.casaldelsinfants.org\/wp-content\/uploads\/P1410140.00_15_37_29.Imagen-fija003-convertido-de-jpg-480x270.webp 480w\" sizes=\"(min-width: 0px) and (max-width: 480px) 480px, (min-width: 481px) and (max-width: 980px) 980px, (min-width: 981px) and (max-width: 1280px) 1280px, (min-width: 1281px) 1920px, 100vw\" \/><\/p>\n<p>&nbsp;<\/p>\n<p><span style=\"font-weight: 400;\">As\u00ed, desde el programa Tic Tac se defini\u00f3 la l\u00ednea de bienestar digital para centrar esfuerzos para empezar a <strong>trabajar con ni\u00f1os, ni\u00f1as, adolescentes y j\u00f3venes aspectos vinculados con el pensamiento cr\u00edtico y las relaciones a trav\u00e9s de las redes<\/strong> y los dispositivos digitales.\u00a0<\/span><\/p>\n<p>&nbsp;<\/p>\n<h2><b>Actividades con la infancia\u00a0<\/b><\/h2>\n<p><span style=\"font-weight: 400;\">La actividad donde participaban los ni\u00f1os y ni\u00f1as del Casal dels Infants del Raval se desarroll\u00f3 en cuatro sesiones. En la primera, el grupo mir\u00f3 un cap\u00edtulo de <em>Catfish<\/em>, serie de televisi\u00f3n estadounidense sobre las relaciones a las redes y las verdades y mentiras que puede haber. A la siguiente sesi\u00f3n, se abri\u00f3 un espacio de reflexi\u00f3n sobre que hab\u00eda pasado en el cap\u00edtulo, y se compartieron <strong>consejos para la privacidad y la configuraci\u00f3n de las redes<\/strong>.\u00a0<\/span><\/p>\n<p>&nbsp;<\/p>\n<p><img decoding=\"async\" class=\"size-full wp-image-21553 aligncenter\" src=\"https:\/\/www.casaldelsinfants.org\/wp-content\/uploads\/P1410140.00_14_46_29.Imagen-fija001-convertido-de-jpg.webp\" alt=\"Dues nenes actuen un v\u00eddeo, que grava una persona volunt\u00e0ria.\" width=\"1920\" height=\"1080\" srcset=\"https:\/\/www.casaldelsinfants.org\/wp-content\/uploads\/P1410140.00_14_46_29.Imagen-fija001-convertido-de-jpg.webp 1920w, https:\/\/www.casaldelsinfants.org\/wp-content\/uploads\/P1410140.00_14_46_29.Imagen-fija001-convertido-de-jpg-1280x720.webp 1280w, https:\/\/www.casaldelsinfants.org\/wp-content\/uploads\/P1410140.00_14_46_29.Imagen-fija001-convertido-de-jpg-980x551.webp 980w, https:\/\/www.casaldelsinfants.org\/wp-content\/uploads\/P1410140.00_14_46_29.Imagen-fija001-convertido-de-jpg-480x270.webp 480w\" sizes=\"(min-width: 0px) and (max-width: 480px) 480px, (min-width: 481px) and (max-width: 980px) 980px, (min-width: 981px) and (max-width: 1280px) 1280px, (min-width: 1281px) 1920px, 100vw\" \/><\/p>\n<p>&nbsp;<\/p>\n<p><span style=\"font-weight: 400;\">En la tercera sesi\u00f3n, los ni\u00f1os y ni\u00f1as conoc\u00edan diferentes <strong>casos de ciberacoso y violencia digital<\/strong>, algunos de reales y otros de inventados, para reflexionar sobre ellos con todo el grupo y ele quipo educativo. Finalmente, los ni\u00f1os y ni\u00f1as, por grupos, elaboraban v\u00eddeos de Tik Tok tratando casos de ciberacoso. Por ejemplo, un grupo de chicas hizo un v\u00eddeo sobre la creaci\u00f3n de un perfil falso con fotograf\u00edas hechas sin consentimiento. Otro grupo hizo un v\u00eddeo sobre un caso de ciberacoso y extorsi\u00f3n con la amenaza de difundir im\u00e1genes privadas.\u00a0<\/span><\/p>\n<p>Los v\u00eddeos eran guionizados y interpretados por los ni\u00f1os y ni\u00f1as. Posteriormente, reflexionaban por grupos qu\u00e9 se hab\u00eda hecho mal i c\u00f3mo lo podr\u00edan resolver, compartiendo estas ideas en la <em>rotllana<\/em> final de todo el grupo.<\/p>\n<p>&nbsp;<\/p>\n<h2><b>El programa Tic Tac del Casal dels Infants\u00a0<\/b><\/h2>\n<p><span style=\"font-weight: 400;\">El acceso generalizado a las tecnolog\u00edas digitales hace que, cada vez m\u00e1s, sea necesario dominar su uso para tener la posibilidad de acceder a oportunidades formativas, profesionales, informativas y de ocio. <strong>M\u00e1s all\u00e1 de tener acceso a los dispositivos y disponer de red de conexi\u00f3n, la transformaci\u00f3n digital tiene que implicar desarrollar una serie de competencias<\/strong>, como la b\u00fasqueda y gesti\u00f3n de informaci\u00f3n y datos, comunicaci\u00f3n y colaboraci\u00f3n, creaci\u00f3n de contenidos, seguridad y resoluci\u00f3n de problemas. Con consciencia de esto, nace el programa Tic Tac, transversal en los servicios socioeducativos del Casal.\u00a0<\/span><\/p>\n<p><strong>Apostamos por un uso creativo y funcional de los dispositivos digitales, junto con otras propuestas desenchufadas<\/strong>, que les permite trabajar el pensamiento cr\u00edtico, la capacidad de comunicaci\u00f3n y la resoluci\u00f3n de problemas. Con las actividades del programa, tambi\u00e9n buscamos <strong>generar reflexi\u00f3n y consciencia sobre el uso de Internet y los dispositivos generales entre ni\u00f1os, ni\u00f1as, adolescentes y j\u00f3venes<\/strong>. Queremos empoderar tambi\u00e9n las familias, ense\u00f1arles y darles competencias digitales que les faciliten involucrarse en itinerario educativo de sus hijos e hijas, tener m\u00e1s oportunidades formativas y laborales, y ejercer derechos y interaccionar con la administraci\u00f3n p\u00fablica.<\/p>\n","protected":false},"excerpt":{"rendered":"<p>Tic Tac es un programa transversal del Casal dels Infants. Su principal objetivo es que los ni\u00f1os, ni\u00f1as, j\u00f3venes y familias, m\u00e1s all\u00e1 de acceder a herramientas digitales y tecnol\u00f3gicas, puedan mejorar las competencias digitales para ejercer sus derechos en igualdad y convertirse en ciudadan\u00eda activa. En una de las sesiones del programa, ni\u00f1os y [&hellip;]<\/p>\n","protected":false},"author":9,"featured_media":21550,"comment_status":"open","ping_status":"open","sticky":false,"template":"","format":"standard","meta":{"_acf_changed":false,"_et_pb_use_builder":"","_et_pb_old_content":"","_et_gb_content_width":"","inline_featured_image":false,"footnotes":""},"categories":[125],"tags":[],"seus":[157],"eixos":[205,207,226],"class_list":["post-21638","post","type-post","status-publish","format-standard","has-post-thumbnail","hentry","category-noticias","seus-el-raval","eixos-infancia-y-adolescencia-es","eixos-infancia-i-adolescencia-es-2","eixos-infancia-i-adolescencia-es-3"],"acf":[],"yoast_head":"<!-- This site is optimized with the Yoast SEO plugin v27.4 - https:\/\/yoast.com\/product\/yoast-seo-wordpress\/ -->\n<title>Reflexionamos sobre las relaciones en las redes con Tic Tac - Casal dels Infants<\/title>\n<meta name=\"description\" content=\"Ni\u00f1os y ni\u00f1as del Casal participaron en una actividad de reflexi\u00f3n sobre las relaciones a trav\u00e9s de las redes y el ciberacoso.\" \/>\n<meta name=\"robots\" content=\"index, follow, max-snippet:-1, max-image-preview:large, max-video-preview:-1\" \/>\n<link rel=\"canonical\" href=\"https:\/\/www.casaldelsinfants.org\/es\/actualidad\/bienestardigitaltictac\/\" \/>\n<meta property=\"og:locale\" content=\"es_ES\" \/>\n<meta property=\"og:type\" content=\"article\" \/>\n<meta property=\"og:title\" content=\"Reflexionamos sobre las relaciones en las redes con Tic Tac - Casal dels Infants\" \/>\n<meta property=\"og:description\" content=\"Ni\u00f1os y ni\u00f1as del Casal participaron en una actividad de reflexi\u00f3n sobre las relaciones a trav\u00e9s de las redes y el ciberacoso.\" \/>\n<meta property=\"og:url\" content=\"https:\/\/www.casaldelsinfants.org\/es\/actualidad\/bienestardigitaltictac\/\" \/>\n<meta property=\"og:site_name\" content=\"Casal dels Infants\" \/>\n<meta property=\"article:publisher\" content=\"https:\/\/www.facebook.com\/casalinfants\" \/>\n<meta property=\"article:published_time\" content=\"2024-06-04T09:13:42+00:00\" \/>\n<meta property=\"article:modified_time\" content=\"2024-06-05T07:56:44+00:00\" \/>\n<meta property=\"og:image\" content=\"https:\/\/www.casaldelsinfants.org\/wp-content\/uploads\/1410131-scaled-convertido-de-jpg.webp\" \/>\n\t<meta property=\"og:image:width\" content=\"2560\" \/>\n\t<meta property=\"og:image:height\" content=\"1441\" \/>\n\t<meta property=\"og:image:type\" content=\"image\/jpeg\" \/>\n<meta name=\"author\" content=\"julia\" \/>\n<meta name=\"twitter:card\" content=\"summary_large_image\" \/>\n<meta name=\"twitter:creator\" content=\"@casalinfants\" \/>\n<meta name=\"twitter:site\" content=\"@casalinfants\" \/>\n<meta name=\"twitter:label1\" content=\"Escrito por\" \/>\n\t<meta name=\"twitter:data1\" content=\"julia\" \/>\n\t<meta name=\"twitter:label2\" content=\"Tiempo de lectura\" \/>\n\t<meta name=\"twitter:data2\" content=\"5 minutos\" \/>\n<script type=\"application\/ld+json\" class=\"yoast-schema-graph\">{\"@context\":\"https:\\\/\\\/schema.org\",\"@graph\":[{\"@type\":\"Article\",\"@id\":\"https:\\\/\\\/www.casaldelsinfants.org\\\/es\\\/actualidad\\\/bienestardigitaltictac\\\/#article\",\"isPartOf\":{\"@id\":\"https:\\\/\\\/www.casaldelsinfants.org\\\/es\\\/actualidad\\\/bienestardigitaltictac\\\/\"},\"author\":{\"name\":\"julia\",\"@id\":\"https:\\\/\\\/www.casaldelsinfants.org\\\/es\\\/#\\\/schema\\\/person\\\/e870791b50f03fd60f872e1cd83910fc\"},\"headline\":\"Reflexionamos sobre las relaciones en las redes con el programa Tic Tac\",\"datePublished\":\"2024-06-04T09:13:42+00:00\",\"dateModified\":\"2024-06-05T07:56:44+00:00\",\"mainEntityOfPage\":{\"@id\":\"https:\\\/\\\/www.casaldelsinfants.org\\\/es\\\/actualidad\\\/bienestardigitaltictac\\\/\"},\"wordCount\":848,\"commentCount\":0,\"publisher\":{\"@id\":\"https:\\\/\\\/www.casaldelsinfants.org\\\/es\\\/#organization\"},\"image\":{\"@id\":\"https:\\\/\\\/www.casaldelsinfants.org\\\/es\\\/actualidad\\\/bienestardigitaltictac\\\/#primaryimage\"},\"thumbnailUrl\":\"https:\\\/\\\/www.casaldelsinfants.org\\\/wp-content\\\/uploads\\\/1410131-scaled-convertido-de-jpg.webp\",\"articleSection\":[\"Noticia\"],\"inLanguage\":\"es\",\"potentialAction\":[{\"@type\":\"CommentAction\",\"name\":\"Comment\",\"target\":[\"https:\\\/\\\/www.casaldelsinfants.org\\\/es\\\/actualidad\\\/bienestardigitaltictac\\\/#respond\"]}]},{\"@type\":\"WebPage\",\"@id\":\"https:\\\/\\\/www.casaldelsinfants.org\\\/es\\\/actualidad\\\/bienestardigitaltictac\\\/\",\"url\":\"https:\\\/\\\/www.casaldelsinfants.org\\\/es\\\/actualidad\\\/bienestardigitaltictac\\\/\",\"name\":\"Reflexionamos sobre las relaciones en las redes con Tic Tac - Casal dels Infants\",\"isPartOf\":{\"@id\":\"https:\\\/\\\/www.casaldelsinfants.org\\\/es\\\/#website\"},\"primaryImageOfPage\":{\"@id\":\"https:\\\/\\\/www.casaldelsinfants.org\\\/es\\\/actualidad\\\/bienestardigitaltictac\\\/#primaryimage\"},\"image\":{\"@id\":\"https:\\\/\\\/www.casaldelsinfants.org\\\/es\\\/actualidad\\\/bienestardigitaltictac\\\/#primaryimage\"},\"thumbnailUrl\":\"https:\\\/\\\/www.casaldelsinfants.org\\\/wp-content\\\/uploads\\\/1410131-scaled-convertido-de-jpg.webp\",\"datePublished\":\"2024-06-04T09:13:42+00:00\",\"dateModified\":\"2024-06-05T07:56:44+00:00\",\"description\":\"Ni\u00f1os y ni\u00f1as del Casal participaron en una actividad de reflexi\u00f3n sobre las relaciones a trav\u00e9s de las redes y el ciberacoso.\",\"breadcrumb\":{\"@id\":\"https:\\\/\\\/www.casaldelsinfants.org\\\/es\\\/actualidad\\\/bienestardigitaltictac\\\/#breadcrumb\"},\"inLanguage\":\"es\",\"potentialAction\":[{\"@type\":\"ReadAction\",\"target\":[\"https:\\\/\\\/www.casaldelsinfants.org\\\/es\\\/actualidad\\\/bienestardigitaltictac\\\/\"]}]},{\"@type\":\"ImageObject\",\"inLanguage\":\"es\",\"@id\":\"https:\\\/\\\/www.casaldelsinfants.org\\\/es\\\/actualidad\\\/bienestardigitaltictac\\\/#primaryimage\",\"url\":\"https:\\\/\\\/www.casaldelsinfants.org\\\/wp-content\\\/uploads\\\/1410131-scaled-convertido-de-jpg.webp\",\"contentUrl\":\"https:\\\/\\\/www.casaldelsinfants.org\\\/wp-content\\\/uploads\\\/1410131-scaled-convertido-de-jpg.webp\",\"width\":2560,\"height\":1441,\"caption\":\"Dues nenes i una educadora editen un v\u00eddeo amb el m\u00f2bil.\"},{\"@type\":\"BreadcrumbList\",\"@id\":\"https:\\\/\\\/www.casaldelsinfants.org\\\/es\\\/actualidad\\\/bienestardigitaltictac\\\/#breadcrumb\",\"itemListElement\":[{\"@type\":\"ListItem\",\"position\":1,\"name\":\"Inici\",\"item\":\"https:\\\/\\\/www.casaldelsinfants.org\\\/es\\\/\"},{\"@type\":\"ListItem\",\"position\":2,\"name\":\"Reflexionamos sobre las relaciones en las redes con el programa Tic Tac\"}]},{\"@type\":\"WebSite\",\"@id\":\"https:\\\/\\\/www.casaldelsinfants.org\\\/es\\\/#website\",\"url\":\"https:\\\/\\\/www.casaldelsinfants.org\\\/es\\\/\",\"name\":\"Casal dels Infants\",\"description\":\"\",\"publisher\":{\"@id\":\"https:\\\/\\\/www.casaldelsinfants.org\\\/es\\\/#organization\"},\"potentialAction\":[{\"@type\":\"SearchAction\",\"target\":{\"@type\":\"EntryPoint\",\"urlTemplate\":\"https:\\\/\\\/www.casaldelsinfants.org\\\/es\\\/?s={search_term_string}\"},\"query-input\":{\"@type\":\"PropertyValueSpecification\",\"valueRequired\":true,\"valueName\":\"search_term_string\"}}],\"inLanguage\":\"es\"},{\"@type\":\"Organization\",\"@id\":\"https:\\\/\\\/www.casaldelsinfants.org\\\/es\\\/#organization\",\"name\":\"Casal dels Infants\",\"url\":\"https:\\\/\\\/www.casaldelsinfants.org\\\/es\\\/\",\"logo\":{\"@type\":\"ImageObject\",\"inLanguage\":\"es\",\"@id\":\"https:\\\/\\\/www.casaldelsinfants.org\\\/es\\\/#\\\/schema\\\/logo\\\/image\\\/\",\"url\":\"https:\\\/\\\/www.casaldelsinfants.org\\\/wp-content\\\/uploads\\\/logo-mail.png\",\"contentUrl\":\"https:\\\/\\\/www.casaldelsinfants.org\\\/wp-content\\\/uploads\\\/logo-mail.png\",\"width\":380,\"height\":158,\"caption\":\"Casal dels Infants\"},\"image\":{\"@id\":\"https:\\\/\\\/www.casaldelsinfants.org\\\/es\\\/#\\\/schema\\\/logo\\\/image\\\/\"},\"sameAs\":[\"https:\\\/\\\/www.facebook.com\\\/casalinfants\",\"https:\\\/\\\/x.com\\\/casalinfants\",\"https:\\\/\\\/www.youtube.com\\\/user\\\/CasaldelsInfants1\",\"https:\\\/\\\/www.instagram.com\\\/casalinfants\\\/\",\"https:\\\/\\\/www.linkedin.com\\\/company\\\/casaldelsinfants?trk=organization-update_share-update_actor-text\"]},{\"@type\":\"Person\",\"@id\":\"https:\\\/\\\/www.casaldelsinfants.org\\\/es\\\/#\\\/schema\\\/person\\\/e870791b50f03fd60f872e1cd83910fc\",\"name\":\"julia\"}]}<\/script>\n<!-- \/ Yoast SEO plugin. -->","yoast_head_json":{"title":"Reflexionamos sobre las relaciones en las redes con Tic Tac - Casal dels Infants","description":"Ni\u00f1os y ni\u00f1as del Casal participaron en una actividad de reflexi\u00f3n sobre las relaciones a trav\u00e9s de las redes y el ciberacoso.","robots":{"index":"index","follow":"follow","max-snippet":"max-snippet:-1","max-image-preview":"max-image-preview:large","max-video-preview":"max-video-preview:-1"},"canonical":"https:\/\/www.casaldelsinfants.org\/es\/actualidad\/bienestardigitaltictac\/","og_locale":"es_ES","og_type":"article","og_title":"Reflexionamos sobre las relaciones en las redes con Tic Tac - Casal dels Infants","og_description":"Ni\u00f1os y ni\u00f1as del Casal participaron en una actividad de reflexi\u00f3n sobre las relaciones a trav\u00e9s de las redes y el ciberacoso.","og_url":"https:\/\/www.casaldelsinfants.org\/es\/actualidad\/bienestardigitaltictac\/","og_site_name":"Casal dels Infants","article_publisher":"https:\/\/www.facebook.com\/casalinfants","article_published_time":"2024-06-04T09:13:42+00:00","article_modified_time":"2024-06-05T07:56:44+00:00","og_image":[{"width":2560,"height":1441,"url":"https:\/\/www.casaldelsinfants.org\/wp-content\/uploads\/1410131-scaled-convertido-de-jpg.webp","type":"image\/jpeg"}],"author":"julia","twitter_card":"summary_large_image","twitter_creator":"@casalinfants","twitter_site":"@casalinfants","twitter_misc":{"Escrito por":"julia","Tiempo de lectura":"5 minutos"},"schema":{"@context":"https:\/\/schema.org","@graph":[{"@type":"Article","@id":"https:\/\/www.casaldelsinfants.org\/es\/actualidad\/bienestardigitaltictac\/#article","isPartOf":{"@id":"https:\/\/www.casaldelsinfants.org\/es\/actualidad\/bienestardigitaltictac\/"},"author":{"name":"julia","@id":"https:\/\/www.casaldelsinfants.org\/es\/#\/schema\/person\/e870791b50f03fd60f872e1cd83910fc"},"headline":"Reflexionamos sobre las relaciones en las redes con el programa Tic Tac","datePublished":"2024-06-04T09:13:42+00:00","dateModified":"2024-06-05T07:56:44+00:00","mainEntityOfPage":{"@id":"https:\/\/www.casaldelsinfants.org\/es\/actualidad\/bienestardigitaltictac\/"},"wordCount":848,"commentCount":0,"publisher":{"@id":"https:\/\/www.casaldelsinfants.org\/es\/#organization"},"image":{"@id":"https:\/\/www.casaldelsinfants.org\/es\/actualidad\/bienestardigitaltictac\/#primaryimage"},"thumbnailUrl":"https:\/\/www.casaldelsinfants.org\/wp-content\/uploads\/1410131-scaled-convertido-de-jpg.webp","articleSection":["Noticia"],"inLanguage":"es","potentialAction":[{"@type":"CommentAction","name":"Comment","target":["https:\/\/www.casaldelsinfants.org\/es\/actualidad\/bienestardigitaltictac\/#respond"]}]},{"@type":"WebPage","@id":"https:\/\/www.casaldelsinfants.org\/es\/actualidad\/bienestardigitaltictac\/","url":"https:\/\/www.casaldelsinfants.org\/es\/actualidad\/bienestardigitaltictac\/","name":"Reflexionamos sobre las relaciones en las redes con Tic Tac - Casal dels Infants","isPartOf":{"@id":"https:\/\/www.casaldelsinfants.org\/es\/#website"},"primaryImageOfPage":{"@id":"https:\/\/www.casaldelsinfants.org\/es\/actualidad\/bienestardigitaltictac\/#primaryimage"},"image":{"@id":"https:\/\/www.casaldelsinfants.org\/es\/actualidad\/bienestardigitaltictac\/#primaryimage"},"thumbnailUrl":"https:\/\/www.casaldelsinfants.org\/wp-content\/uploads\/1410131-scaled-convertido-de-jpg.webp","datePublished":"2024-06-04T09:13:42+00:00","dateModified":"2024-06-05T07:56:44+00:00","description":"Ni\u00f1os y ni\u00f1as del Casal participaron en una actividad de reflexi\u00f3n sobre las relaciones a trav\u00e9s de las redes y el ciberacoso.","breadcrumb":{"@id":"https:\/\/www.casaldelsinfants.org\/es\/actualidad\/bienestardigitaltictac\/#breadcrumb"},"inLanguage":"es","potentialAction":[{"@type":"ReadAction","target":["https:\/\/www.casaldelsinfants.org\/es\/actualidad\/bienestardigitaltictac\/"]}]},{"@type":"ImageObject","inLanguage":"es","@id":"https:\/\/www.casaldelsinfants.org\/es\/actualidad\/bienestardigitaltictac\/#primaryimage","url":"https:\/\/www.casaldelsinfants.org\/wp-content\/uploads\/1410131-scaled-convertido-de-jpg.webp","contentUrl":"https:\/\/www.casaldelsinfants.org\/wp-content\/uploads\/1410131-scaled-convertido-de-jpg.webp","width":2560,"height":1441,"caption":"Dues nenes i una educadora editen un v\u00eddeo amb el m\u00f2bil."},{"@type":"BreadcrumbList","@id":"https:\/\/www.casaldelsinfants.org\/es\/actualidad\/bienestardigitaltictac\/#breadcrumb","itemListElement":[{"@type":"ListItem","position":1,"name":"Inici","item":"https:\/\/www.casaldelsinfants.org\/es\/"},{"@type":"ListItem","position":2,"name":"Reflexionamos sobre las relaciones en las redes con el programa Tic Tac"}]},{"@type":"WebSite","@id":"https:\/\/www.casaldelsinfants.org\/es\/#website","url":"https:\/\/www.casaldelsinfants.org\/es\/","name":"Casal dels Infants","description":"","publisher":{"@id":"https:\/\/www.casaldelsinfants.org\/es\/#organization"},"potentialAction":[{"@type":"SearchAction","target":{"@type":"EntryPoint","urlTemplate":"https:\/\/www.casaldelsinfants.org\/es\/?s={search_term_string}"},"query-input":{"@type":"PropertyValueSpecification","valueRequired":true,"valueName":"search_term_string"}}],"inLanguage":"es"},{"@type":"Organization","@id":"https:\/\/www.casaldelsinfants.org\/es\/#organization","name":"Casal dels Infants","url":"https:\/\/www.casaldelsinfants.org\/es\/","logo":{"@type":"ImageObject","inLanguage":"es","@id":"https:\/\/www.casaldelsinfants.org\/es\/#\/schema\/logo\/image\/","url":"https:\/\/www.casaldelsinfants.org\/wp-content\/uploads\/logo-mail.png","contentUrl":"https:\/\/www.casaldelsinfants.org\/wp-content\/uploads\/logo-mail.png","width":380,"height":158,"caption":"Casal dels Infants"},"image":{"@id":"https:\/\/www.casaldelsinfants.org\/es\/#\/schema\/logo\/image\/"},"sameAs":["https:\/\/www.facebook.com\/casalinfants","https:\/\/x.com\/casalinfants","https:\/\/www.youtube.com\/user\/CasaldelsInfants1","https:\/\/www.instagram.com\/casalinfants\/","https:\/\/www.linkedin.com\/company\/casaldelsinfants?trk=organization-update_share-update_actor-text"]},{"@type":"Person","@id":"https:\/\/www.casaldelsinfants.org\/es\/#\/schema\/person\/e870791b50f03fd60f872e1cd83910fc","name":"julia"}]}},"publishpress_future_action":{"enabled":false,"date":"2026-05-07 08:47:44","action":"change-status","newStatus":"draft","terms":[],"taxonomy":"category","extraData":[]},"publishpress_future_workflow_manual_trigger":{"enabledWorkflows":[]},"_links":{"self":[{"href":"https:\/\/www.casaldelsinfants.org\/es\/wp-json\/wp\/v2\/posts\/21638","targetHints":{"allow":["GET"]}}],"collection":[{"href":"https:\/\/www.casaldelsinfants.org\/es\/wp-json\/wp\/v2\/posts"}],"about":[{"href":"https:\/\/www.casaldelsinfants.org\/es\/wp-json\/wp\/v2\/types\/post"}],"author":[{"embeddable":true,"href":"https:\/\/www.casaldelsinfants.org\/es\/wp-json\/wp\/v2\/users\/9"}],"replies":[{"embeddable":true,"href":"https:\/\/www.casaldelsinfants.org\/es\/wp-json\/wp\/v2\/comments?post=21638"}],"version-history":[{"count":3,"href":"https:\/\/www.casaldelsinfants.org\/es\/wp-json\/wp\/v2\/posts\/21638\/revisions"}],"predecessor-version":[{"id":21743,"href":"https:\/\/www.casaldelsinfants.org\/es\/wp-json\/wp\/v2\/posts\/21638\/revisions\/21743"}],"wp:featuredmedia":[{"embeddable":true,"href":"https:\/\/www.casaldelsinfants.org\/es\/wp-json\/wp\/v2\/media\/21550"}],"wp:attachment":[{"href":"https:\/\/www.casaldelsinfants.org\/es\/wp-json\/wp\/v2\/media?parent=21638"}],"wp:term":[{"taxonomy":"category","embeddable":true,"href":"https:\/\/www.casaldelsinfants.org\/es\/wp-json\/wp\/v2\/categories?post=21638"},{"taxonomy":"post_tag","embeddable":true,"href":"https:\/\/www.casaldelsinfants.org\/es\/wp-json\/wp\/v2\/tags?post=21638"},{"taxonomy":"seus","embeddable":true,"href":"https:\/\/www.casaldelsinfants.org\/es\/wp-json\/wp\/v2\/seus?post=21638"},{"taxonomy":"eixos","embeddable":true,"href":"https:\/\/www.casaldelsinfants.org\/es\/wp-json\/wp\/v2\/eixos?post=21638"}],"curies":[{"name":"wp","href":"https:\/\/api.w.org\/{rel}","templated":true}]}}