{"id":21844,"date":"2024-06-06T14:03:03","date_gmt":"2024-06-06T12:03:03","guid":{"rendered":"https:\/\/www.casaldelsinfants.org\/?p=21844"},"modified":"2024-06-06T14:06:03","modified_gmt":"2024-06-06T12:06:03","slug":"torneo-futbol-sala-femenino-sant-roc","status":"publish","type":"post","link":"https:\/\/www.casaldelsinfants.org\/es\/actualidad\/torneo-futbol-sala-femenino-sant-roc\/","title":{"rendered":"El futbol sala tambi\u00e9n es de chicas, en Sant Roc y m\u00e1s all\u00e1"},"content":{"rendered":"<p align=\"justify\">Tarde de un martes de principios de junio. El calor afloja un poco y la pista del<strong> Instituto Eugeni d&#8217;Ors<\/strong>, en el barrio de <strong>Sant Roc<\/strong> de Badalona, se llena de una veintena de adolescentes. Se ponen petos, se colocan en filas y calientan pas\u00e1ndose la pelota. Son todas chicas: hoy la pista y la pelota son suyas, y est\u00e1n aqu\u00ed precesiamente para que lo de hoy no sea una excepci\u00f3n. Por segundo a\u00f1o consecutivo, el <a href=\"https:\/\/www.casaldelsinfants.org\/\"><strong>Casal dels Infants<\/strong><\/a>, el <strong>Centre Sant Jaume<\/strong> y la <strong>Fundaci\u00f3 Ateneu Sant Roc<\/strong> organizamos un torneo con participantes de las tres entidades, para reivindicar que el futbol sala tambi\u00e9n es de chicas.<\/p>\n<p align=\"justify\">La idea surgi\u00f3 de la <strong>liga Fair Play<\/strong> que las tres entidades impulsamos desde hace a\u00f1os en los barrios de Sant Roc y Llefi\u00e0. Una competici\u00f3n donde, m\u00e1s all\u00e1 de ganar o perder, se premia el respeto de todos los jugadores y jugadoras por las normas del juego. No hay \u00e1rbitro, porque se autogestionan el cumplimientos de las reglas. \u00abPensamos que hac\u00eda falta ir m\u00e1s all\u00e1 y crear un torneo no mixto, solo para chicas. Un espacio que las empoderase, donde se sintiesen seguras y part\u00edcipes del futbol sala\u00bb, explica Kautar, integradora social del Casal dels Infants en el Centro Abierto Adolescente de Sant Roc.<\/p>\n<div id=\"attachment_21830\" style=\"width: 522px\" class=\"wp-caption aligncenter\"><img decoding=\"async\" aria-describedby=\"caption-attachment-21830\" class=\"wp-image-21830 size-thumbnail\" src=\"https:\/\/www.casaldelsinfants.org\/wp-content\/uploads\/\/Foto-noticia-web-2-Casal-dels-Infants-Torneig-femeni-Sant-Roc-512x288.jpg\" alt=\"La segona edici\u00f3 del torneig de futbol sala femen\u00ed de Sant Roc es va celebrar a l'Institut Eugeni d'Ors\" width=\"512\" height=\"288\" \/><p id=\"caption-attachment-21830\" class=\"wp-caption-text\">La pista del Instituto Eugeni d&#8217;Ors fue de las chicas<\/p><\/div>\n<p>&nbsp;<\/p>\n<h2 align=\"justify\">Empoderamiento, referentes y visibilidad<\/h2>\n<p align=\"justify\">En un descanso entre partido y partido \u2014se han montado cuatro equipos entre todas las participantes, que se van enfrentando durante la tarde\u2014, las jugadoras cogen aire y comparten como es para ellas jugar a futbol sala. \u00abEn el patio, a veces los chicos no te la pasan por ser chica, te dicen que eres mala o te preguntan por qu\u00e9 juegas\u00bb, explica <strong>Marian<\/strong>. \u00abA otras les da verg\u00fcenza jugar. No es nuestro caso, porque de hecho ya hemos jugado en un equipo femenino. Cada vez somos m\u00e1s\u00bb, comenta <strong>Fatima<\/strong>.<\/p>\n<p align=\"justify\">\u00abEstoy aqu\u00ed porque me gusta el f\u00fatbol, por decir a los hicos que nosotras tambi\u00e9n podemos jugar y para animar a otras chicas a hacerlo\u00bb, explica<strong> Esperanza<\/strong>, otra de las participantes. Para sentirse parte de este deporte, le ha servido tener referentes cerca: Kautar, m\u00e1s all\u00e1 de ser su integradora social, tambi\u00e9n es jugadora de la <strong>Queens League<\/strong>, en el equipo<strong> Tronkas<\/strong>, y del <strong>CN Caldes<\/strong>, que compite en la segunda divisi\u00f3n femenina espa\u00f1ola y est\u00e1 disputando los play-off para subir a primera. \u00abKautar es muy buen y se ha esforzado mucho para llegar hasta aqu\u00ed. Me encanta\u00bb, comenta Esperanza. Hoy, dos jugadoras m\u00e1s del CN Caldes, Celia y Gemma, acompa\u00f1an a las chicas durante el torneo.<\/p>\n<div id=\"attachment_21832\" style=\"width: 522px\" class=\"wp-caption aligncenter\"><img decoding=\"async\" aria-describedby=\"caption-attachment-21832\" class=\"wp-image-21832 size-thumbnail\" src=\"https:\/\/www.casaldelsinfants.org\/wp-content\/uploads\/\/Foto-noticia-web-3-Casal-dels-Infants-Torneig-femeni-Sant-Roc-512x288.jpg\" alt=\"Mitjans de comunicaci\u00f3 com la cadena SER van donar visibilitat al torneig de futbol sala femen\u00ed de Sant Roc\" width=\"512\" height=\"288\" \/><p id=\"caption-attachment-21832\" class=\"wp-caption-text\">La periodista Anna Palet, de la SER, entrevista a Fatima y Marian<\/p><\/div>\n<p align=\"justify\">La pista, pues, ya se la est\u00e1n haciendo suya. Pero es necesario seguir transformando mentalidades para que el deporte femenino contin\u00fae abri\u00e9ndose paso. <strong>Darle visibilidad<\/strong> es clave, y hoy las chicas se van para casa sabiendo que se hablar\u00e1 de ellas en los medios: la <strong>Televisi\u00f3 de Badalona<\/strong> y la cadena <strong>SER<\/strong> han venido a hacer difusi\u00f3n. Bien jugado, y a empezar a pensar en la tercera edici\u00f3n del torneo.<\/p>\n<p align=\"justify\">La pista, doncs, ja se l\u2019estan fent seva. Per\u00f2 cal seguir transformant mentalitats perqu\u00e8 l\u2019esport femen\u00ed continu\u00ef obrint-se pas. <strong>Donar-li visibilitat<\/strong> \u00e9s clau, i avui les noies marxen a casa sabent que es parlar\u00e0 d\u2019elles als mitjans: la <strong>Televisi\u00f3 de Badalona<\/strong> i la cadena <strong>SER<\/strong> han vingut a fer difusi\u00f3. Ben jugat, i a comen\u00e7ar a pensar en la tercera edici\u00f3 del torneig.<\/p>\n<p align=\"justify\"><em>Recupera <a href=\"https:\/\/www.laxarxa.cat\/programa\/fet-a-mida\/capitol\/capitol-635-04-06-2024\">aqu\u00ed<\/a> la conexi\u00f3n en directo con el torneo que realiz\u00f3 el programa Fet a mida de la Xarxa (minuto 1:40:33). <\/em><em><a href=\"https:\/\/www.youtube.com\/watch?v=fqqwBD6iDAM\">Aqu\u00ed<\/a>, la conexi\u00f3n en directo del programa Via 15 de la Televisi\u00f3 de Badalona (minuto 51:34). <\/em><em>Escucha <a href=\"https:\/\/cadenaser.com\/audio\/ser_cataluna_elbalco_20240605_190000_210000\/?ssm=tw\">aqu\u00ed<\/a> la entrevista a jugadores del torneo y a Kautar que realiz\u00f3 el programa El balc\u00f3 de la SER (minuto 1:49:45).<\/em><\/p>\n<blockquote>\n<p align=\"justify\">Ay\u00fadanos a seguir apostando por la coeducaci\u00f3n y el empoderamiento de las chicas para plantar cara al machismo.<\/p>\n<p align=\"justify\">Haz un <a href=\"https:\/\/www.casaldelsinfants.org\/es\/dona-ahora-verano\/\">donativo<\/a><\/p>\n<p align=\"justify\">Haz <a href=\"https:\/\/www.casaldelsinfants.org\/es\/que-puedes-hacer-tu\/voluntariado\/\">voluntariado<\/a><\/p>\n<\/blockquote>\n","protected":false},"excerpt":{"rendered":"<p>Tarde de un martes de principios de junio. El calor afloja un poco y la pista del Instituto Eugeni d&#8217;Ors, en el barrio de Sant Roc de Badalona, se llena de una veintena de adolescentes. Se ponen petos, se colocan en filas y calientan pas\u00e1ndose la pelota. Son todas chicas: hoy la pista y la [&hellip;]<\/p>\n","protected":false},"author":10,"featured_media":21826,"comment_status":"open","ping_status":"open","sticky":false,"template":"","format":"standard","meta":{"_acf_changed":false,"_et_pb_use_builder":"","_et_pb_old_content":"","_et_gb_content_width":"","inline_featured_image":false,"footnotes":""},"categories":[125],"tags":[],"seus":[155],"eixos":[226],"class_list":["post-21844","post","type-post","status-publish","format-standard","has-post-thumbnail","hentry","category-noticias","seus-badalona","eixos-infancia-i-adolescencia-es-3"],"acf":[],"yoast_head":"<!-- This site is optimized with the Yoast SEO plugin v27.4 - https:\/\/yoast.com\/product\/yoast-seo-wordpress\/ -->\n<title>El futbol sala tambi\u00e9n es de chicas, en Sant Roc y m\u00e1s all\u00e1 - Casal dels Infants<\/title>\n<meta name=\"description\" content=\"El torneo femenino organizao en el barrio de Sant Roc de Badalona reivindica que el f\u00fatbol sala tambi\u00e9n es de chicas.\" \/>\n<meta name=\"robots\" content=\"index, follow, max-snippet:-1, max-image-preview:large, max-video-preview:-1\" \/>\n<link rel=\"canonical\" href=\"https:\/\/www.casaldelsinfants.org\/es\/actualidad\/torneo-futbol-sala-femenino-sant-roc\/\" \/>\n<meta property=\"og:locale\" content=\"es_ES\" \/>\n<meta property=\"og:type\" content=\"article\" \/>\n<meta property=\"og:title\" content=\"El futbol sala tambi\u00e9n es de chicas, en Sant Roc y m\u00e1s all\u00e1 - Casal dels Infants\" \/>\n<meta property=\"og:description\" content=\"El torneo femenino organizao en el barrio de Sant Roc de Badalona reivindica que el f\u00fatbol sala tambi\u00e9n es de chicas.\" \/>\n<meta property=\"og:url\" content=\"https:\/\/www.casaldelsinfants.org\/es\/actualidad\/torneo-futbol-sala-femenino-sant-roc\/\" \/>\n<meta property=\"og:site_name\" content=\"Casal dels Infants\" \/>\n<meta property=\"article:publisher\" content=\"https:\/\/www.facebook.com\/casalinfants\" \/>\n<meta property=\"article:published_time\" content=\"2024-06-06T12:03:03+00:00\" \/>\n<meta property=\"article:modified_time\" content=\"2024-06-06T12:06:03+00:00\" \/>\n<meta property=\"og:image\" content=\"https:\/\/www.casaldelsinfants.org\/wp-content\/uploads\/Foto-noticia-web-1-Casal-dels-Infants-Torneig-femeni-Sant-Roc-1-convertido-de-jpg-1.webp\" \/>\n\t<meta property=\"og:image:width\" content=\"1837\" \/>\n\t<meta property=\"og:image:height\" content=\"1034\" \/>\n\t<meta property=\"og:image:type\" content=\"image\/jpeg\" \/>\n<meta name=\"author\" content=\"Pau\" \/>\n<meta name=\"twitter:card\" content=\"summary_large_image\" \/>\n<meta name=\"twitter:creator\" content=\"@casalinfants\" \/>\n<meta name=\"twitter:site\" content=\"@casalinfants\" \/>\n<meta name=\"twitter:label1\" content=\"Escrito por\" \/>\n\t<meta name=\"twitter:data1\" content=\"Pau\" \/>\n\t<meta name=\"twitter:label2\" content=\"Tiempo de lectura\" \/>\n\t<meta name=\"twitter:data2\" content=\"5 minutos\" \/>\n<script type=\"application\/ld+json\" class=\"yoast-schema-graph\">{\"@context\":\"https:\\\/\\\/schema.org\",\"@graph\":[{\"@type\":\"Article\",\"@id\":\"https:\\\/\\\/www.casaldelsinfants.org\\\/es\\\/actualidad\\\/torneo-futbol-sala-femenino-sant-roc\\\/#article\",\"isPartOf\":{\"@id\":\"https:\\\/\\\/www.casaldelsinfants.org\\\/es\\\/actualidad\\\/torneo-futbol-sala-femenino-sant-roc\\\/\"},\"author\":{\"name\":\"Pau\",\"@id\":\"https:\\\/\\\/www.casaldelsinfants.org\\\/es\\\/#\\\/schema\\\/person\\\/2ef4311d50d338a60b5e32ef2d303033\"},\"headline\":\"El futbol sala tambi\u00e9n es de chicas, en Sant Roc y m\u00e1s all\u00e1\",\"datePublished\":\"2024-06-06T12:03:03+00:00\",\"dateModified\":\"2024-06-06T12:06:03+00:00\",\"mainEntityOfPage\":{\"@id\":\"https:\\\/\\\/www.casaldelsinfants.org\\\/es\\\/actualidad\\\/torneo-futbol-sala-femenino-sant-roc\\\/\"},\"wordCount\":723,\"commentCount\":0,\"publisher\":{\"@id\":\"https:\\\/\\\/www.casaldelsinfants.org\\\/es\\\/#organization\"},\"image\":{\"@id\":\"https:\\\/\\\/www.casaldelsinfants.org\\\/es\\\/actualidad\\\/torneo-futbol-sala-femenino-sant-roc\\\/#primaryimage\"},\"thumbnailUrl\":\"https:\\\/\\\/www.casaldelsinfants.org\\\/wp-content\\\/uploads\\\/Foto-noticia-web-1-Casal-dels-Infants-Torneig-femeni-Sant-Roc-1-convertido-de-jpg-1.webp\",\"articleSection\":[\"Noticia\"],\"inLanguage\":\"es\",\"potentialAction\":[{\"@type\":\"CommentAction\",\"name\":\"Comment\",\"target\":[\"https:\\\/\\\/www.casaldelsinfants.org\\\/es\\\/actualidad\\\/torneo-futbol-sala-femenino-sant-roc\\\/#respond\"]}]},{\"@type\":\"WebPage\",\"@id\":\"https:\\\/\\\/www.casaldelsinfants.org\\\/es\\\/actualidad\\\/torneo-futbol-sala-femenino-sant-roc\\\/\",\"url\":\"https:\\\/\\\/www.casaldelsinfants.org\\\/es\\\/actualidad\\\/torneo-futbol-sala-femenino-sant-roc\\\/\",\"name\":\"El futbol sala tambi\u00e9n es de chicas, en Sant Roc y m\u00e1s all\u00e1 - Casal dels Infants\",\"isPartOf\":{\"@id\":\"https:\\\/\\\/www.casaldelsinfants.org\\\/es\\\/#website\"},\"primaryImageOfPage\":{\"@id\":\"https:\\\/\\\/www.casaldelsinfants.org\\\/es\\\/actualidad\\\/torneo-futbol-sala-femenino-sant-roc\\\/#primaryimage\"},\"image\":{\"@id\":\"https:\\\/\\\/www.casaldelsinfants.org\\\/es\\\/actualidad\\\/torneo-futbol-sala-femenino-sant-roc\\\/#primaryimage\"},\"thumbnailUrl\":\"https:\\\/\\\/www.casaldelsinfants.org\\\/wp-content\\\/uploads\\\/Foto-noticia-web-1-Casal-dels-Infants-Torneig-femeni-Sant-Roc-1-convertido-de-jpg-1.webp\",\"datePublished\":\"2024-06-06T12:03:03+00:00\",\"dateModified\":\"2024-06-06T12:06:03+00:00\",\"description\":\"El torneo femenino organizao en el barrio de Sant Roc de Badalona reivindica que el f\u00fatbol sala tambi\u00e9n es de chicas.\",\"breadcrumb\":{\"@id\":\"https:\\\/\\\/www.casaldelsinfants.org\\\/es\\\/actualidad\\\/torneo-futbol-sala-femenino-sant-roc\\\/#breadcrumb\"},\"inLanguage\":\"es\",\"potentialAction\":[{\"@type\":\"ReadAction\",\"target\":[\"https:\\\/\\\/www.casaldelsinfants.org\\\/es\\\/actualidad\\\/torneo-futbol-sala-femenino-sant-roc\\\/\"]}]},{\"@type\":\"ImageObject\",\"inLanguage\":\"es\",\"@id\":\"https:\\\/\\\/www.casaldelsinfants.org\\\/es\\\/actualidad\\\/torneo-futbol-sala-femenino-sant-roc\\\/#primaryimage\",\"url\":\"https:\\\/\\\/www.casaldelsinfants.org\\\/wp-content\\\/uploads\\\/Foto-noticia-web-1-Casal-dels-Infants-Torneig-femeni-Sant-Roc-1-convertido-de-jpg-1.webp\",\"contentUrl\":\"https:\\\/\\\/www.casaldelsinfants.org\\\/wp-content\\\/uploads\\\/Foto-noticia-web-1-Casal-dels-Infants-Torneig-femeni-Sant-Roc-1-convertido-de-jpg-1.webp\",\"width\":1837,\"height\":1034,\"caption\":\"El torneig de futbol sala femen\u00ed a Sant Roc vol empoderar les noies participants.\"},{\"@type\":\"BreadcrumbList\",\"@id\":\"https:\\\/\\\/www.casaldelsinfants.org\\\/es\\\/actualidad\\\/torneo-futbol-sala-femenino-sant-roc\\\/#breadcrumb\",\"itemListElement\":[{\"@type\":\"ListItem\",\"position\":1,\"name\":\"Inici\",\"item\":\"https:\\\/\\\/www.casaldelsinfants.org\\\/es\\\/\"},{\"@type\":\"ListItem\",\"position\":2,\"name\":\"El futbol sala tambi\u00e9n es de chicas, en Sant Roc y m\u00e1s all\u00e1\"}]},{\"@type\":\"WebSite\",\"@id\":\"https:\\\/\\\/www.casaldelsinfants.org\\\/es\\\/#website\",\"url\":\"https:\\\/\\\/www.casaldelsinfants.org\\\/es\\\/\",\"name\":\"Casal dels Infants\",\"description\":\"\",\"publisher\":{\"@id\":\"https:\\\/\\\/www.casaldelsinfants.org\\\/es\\\/#organization\"},\"potentialAction\":[{\"@type\":\"SearchAction\",\"target\":{\"@type\":\"EntryPoint\",\"urlTemplate\":\"https:\\\/\\\/www.casaldelsinfants.org\\\/es\\\/?s={search_term_string}\"},\"query-input\":{\"@type\":\"PropertyValueSpecification\",\"valueRequired\":true,\"valueName\":\"search_term_string\"}}],\"inLanguage\":\"es\"},{\"@type\":\"Organization\",\"@id\":\"https:\\\/\\\/www.casaldelsinfants.org\\\/es\\\/#organization\",\"name\":\"Casal dels Infants\",\"url\":\"https:\\\/\\\/www.casaldelsinfants.org\\\/es\\\/\",\"logo\":{\"@type\":\"ImageObject\",\"inLanguage\":\"es\",\"@id\":\"https:\\\/\\\/www.casaldelsinfants.org\\\/es\\\/#\\\/schema\\\/logo\\\/image\\\/\",\"url\":\"https:\\\/\\\/www.casaldelsinfants.org\\\/wp-content\\\/uploads\\\/logo-mail.png\",\"contentUrl\":\"https:\\\/\\\/www.casaldelsinfants.org\\\/wp-content\\\/uploads\\\/logo-mail.png\",\"width\":380,\"height\":158,\"caption\":\"Casal dels Infants\"},\"image\":{\"@id\":\"https:\\\/\\\/www.casaldelsinfants.org\\\/es\\\/#\\\/schema\\\/logo\\\/image\\\/\"},\"sameAs\":[\"https:\\\/\\\/www.facebook.com\\\/casalinfants\",\"https:\\\/\\\/x.com\\\/casalinfants\",\"https:\\\/\\\/www.youtube.com\\\/user\\\/CasaldelsInfants1\",\"https:\\\/\\\/www.instagram.com\\\/casalinfants\\\/\",\"https:\\\/\\\/www.linkedin.com\\\/company\\\/casaldelsinfants?trk=organization-update_share-update_actor-text\"]},{\"@type\":\"Person\",\"@id\":\"https:\\\/\\\/www.casaldelsinfants.org\\\/es\\\/#\\\/schema\\\/person\\\/2ef4311d50d338a60b5e32ef2d303033\",\"name\":\"Pau\"}]}<\/script>\n<!-- \/ Yoast SEO plugin. -->","yoast_head_json":{"title":"El futbol sala tambi\u00e9n es de chicas, en Sant Roc y m\u00e1s all\u00e1 - Casal dels Infants","description":"El torneo femenino organizao en el barrio de Sant Roc de Badalona reivindica que el f\u00fatbol sala tambi\u00e9n es de chicas.","robots":{"index":"index","follow":"follow","max-snippet":"max-snippet:-1","max-image-preview":"max-image-preview:large","max-video-preview":"max-video-preview:-1"},"canonical":"https:\/\/www.casaldelsinfants.org\/es\/actualidad\/torneo-futbol-sala-femenino-sant-roc\/","og_locale":"es_ES","og_type":"article","og_title":"El futbol sala tambi\u00e9n es de chicas, en Sant Roc y m\u00e1s all\u00e1 - Casal dels Infants","og_description":"El torneo femenino organizao en el barrio de Sant Roc de Badalona reivindica que el f\u00fatbol sala tambi\u00e9n es de chicas.","og_url":"https:\/\/www.casaldelsinfants.org\/es\/actualidad\/torneo-futbol-sala-femenino-sant-roc\/","og_site_name":"Casal dels Infants","article_publisher":"https:\/\/www.facebook.com\/casalinfants","article_published_time":"2024-06-06T12:03:03+00:00","article_modified_time":"2024-06-06T12:06:03+00:00","og_image":[{"width":1837,"height":1034,"url":"https:\/\/www.casaldelsinfants.org\/wp-content\/uploads\/Foto-noticia-web-1-Casal-dels-Infants-Torneig-femeni-Sant-Roc-1-convertido-de-jpg-1.webp","type":"image\/jpeg"}],"author":"Pau","twitter_card":"summary_large_image","twitter_creator":"@casalinfants","twitter_site":"@casalinfants","twitter_misc":{"Escrito por":"Pau","Tiempo de lectura":"5 minutos"},"schema":{"@context":"https:\/\/schema.org","@graph":[{"@type":"Article","@id":"https:\/\/www.casaldelsinfants.org\/es\/actualidad\/torneo-futbol-sala-femenino-sant-roc\/#article","isPartOf":{"@id":"https:\/\/www.casaldelsinfants.org\/es\/actualidad\/torneo-futbol-sala-femenino-sant-roc\/"},"author":{"name":"Pau","@id":"https:\/\/www.casaldelsinfants.org\/es\/#\/schema\/person\/2ef4311d50d338a60b5e32ef2d303033"},"headline":"El futbol sala tambi\u00e9n es de chicas, en Sant Roc y m\u00e1s all\u00e1","datePublished":"2024-06-06T12:03:03+00:00","dateModified":"2024-06-06T12:06:03+00:00","mainEntityOfPage":{"@id":"https:\/\/www.casaldelsinfants.org\/es\/actualidad\/torneo-futbol-sala-femenino-sant-roc\/"},"wordCount":723,"commentCount":0,"publisher":{"@id":"https:\/\/www.casaldelsinfants.org\/es\/#organization"},"image":{"@id":"https:\/\/www.casaldelsinfants.org\/es\/actualidad\/torneo-futbol-sala-femenino-sant-roc\/#primaryimage"},"thumbnailUrl":"https:\/\/www.casaldelsinfants.org\/wp-content\/uploads\/Foto-noticia-web-1-Casal-dels-Infants-Torneig-femeni-Sant-Roc-1-convertido-de-jpg-1.webp","articleSection":["Noticia"],"inLanguage":"es","potentialAction":[{"@type":"CommentAction","name":"Comment","target":["https:\/\/www.casaldelsinfants.org\/es\/actualidad\/torneo-futbol-sala-femenino-sant-roc\/#respond"]}]},{"@type":"WebPage","@id":"https:\/\/www.casaldelsinfants.org\/es\/actualidad\/torneo-futbol-sala-femenino-sant-roc\/","url":"https:\/\/www.casaldelsinfants.org\/es\/actualidad\/torneo-futbol-sala-femenino-sant-roc\/","name":"El futbol sala tambi\u00e9n es de chicas, en Sant Roc y m\u00e1s all\u00e1 - Casal dels Infants","isPartOf":{"@id":"https:\/\/www.casaldelsinfants.org\/es\/#website"},"primaryImageOfPage":{"@id":"https:\/\/www.casaldelsinfants.org\/es\/actualidad\/torneo-futbol-sala-femenino-sant-roc\/#primaryimage"},"image":{"@id":"https:\/\/www.casaldelsinfants.org\/es\/actualidad\/torneo-futbol-sala-femenino-sant-roc\/#primaryimage"},"thumbnailUrl":"https:\/\/www.casaldelsinfants.org\/wp-content\/uploads\/Foto-noticia-web-1-Casal-dels-Infants-Torneig-femeni-Sant-Roc-1-convertido-de-jpg-1.webp","datePublished":"2024-06-06T12:03:03+00:00","dateModified":"2024-06-06T12:06:03+00:00","description":"El torneo femenino organizao en el barrio de Sant Roc de Badalona reivindica que el f\u00fatbol sala tambi\u00e9n es de chicas.","breadcrumb":{"@id":"https:\/\/www.casaldelsinfants.org\/es\/actualidad\/torneo-futbol-sala-femenino-sant-roc\/#breadcrumb"},"inLanguage":"es","potentialAction":[{"@type":"ReadAction","target":["https:\/\/www.casaldelsinfants.org\/es\/actualidad\/torneo-futbol-sala-femenino-sant-roc\/"]}]},{"@type":"ImageObject","inLanguage":"es","@id":"https:\/\/www.casaldelsinfants.org\/es\/actualidad\/torneo-futbol-sala-femenino-sant-roc\/#primaryimage","url":"https:\/\/www.casaldelsinfants.org\/wp-content\/uploads\/Foto-noticia-web-1-Casal-dels-Infants-Torneig-femeni-Sant-Roc-1-convertido-de-jpg-1.webp","contentUrl":"https:\/\/www.casaldelsinfants.org\/wp-content\/uploads\/Foto-noticia-web-1-Casal-dels-Infants-Torneig-femeni-Sant-Roc-1-convertido-de-jpg-1.webp","width":1837,"height":1034,"caption":"El torneig de futbol sala femen\u00ed a Sant Roc vol empoderar les noies participants."},{"@type":"BreadcrumbList","@id":"https:\/\/www.casaldelsinfants.org\/es\/actualidad\/torneo-futbol-sala-femenino-sant-roc\/#breadcrumb","itemListElement":[{"@type":"ListItem","position":1,"name":"Inici","item":"https:\/\/www.casaldelsinfants.org\/es\/"},{"@type":"ListItem","position":2,"name":"El futbol sala tambi\u00e9n es de chicas, en Sant Roc y m\u00e1s all\u00e1"}]},{"@type":"WebSite","@id":"https:\/\/www.casaldelsinfants.org\/es\/#website","url":"https:\/\/www.casaldelsinfants.org\/es\/","name":"Casal dels Infants","description":"","publisher":{"@id":"https:\/\/www.casaldelsinfants.org\/es\/#organization"},"potentialAction":[{"@type":"SearchAction","target":{"@type":"EntryPoint","urlTemplate":"https:\/\/www.casaldelsinfants.org\/es\/?s={search_term_string}"},"query-input":{"@type":"PropertyValueSpecification","valueRequired":true,"valueName":"search_term_string"}}],"inLanguage":"es"},{"@type":"Organization","@id":"https:\/\/www.casaldelsinfants.org\/es\/#organization","name":"Casal dels Infants","url":"https:\/\/www.casaldelsinfants.org\/es\/","logo":{"@type":"ImageObject","inLanguage":"es","@id":"https:\/\/www.casaldelsinfants.org\/es\/#\/schema\/logo\/image\/","url":"https:\/\/www.casaldelsinfants.org\/wp-content\/uploads\/logo-mail.png","contentUrl":"https:\/\/www.casaldelsinfants.org\/wp-content\/uploads\/logo-mail.png","width":380,"height":158,"caption":"Casal dels Infants"},"image":{"@id":"https:\/\/www.casaldelsinfants.org\/es\/#\/schema\/logo\/image\/"},"sameAs":["https:\/\/www.facebook.com\/casalinfants","https:\/\/x.com\/casalinfants","https:\/\/www.youtube.com\/user\/CasaldelsInfants1","https:\/\/www.instagram.com\/casalinfants\/","https:\/\/www.linkedin.com\/company\/casaldelsinfants?trk=organization-update_share-update_actor-text"]},{"@type":"Person","@id":"https:\/\/www.casaldelsinfants.org\/es\/#\/schema\/person\/2ef4311d50d338a60b5e32ef2d303033","name":"Pau"}]}},"publishpress_future_action":{"enabled":false,"date":"2026-05-07 04:15:56","action":"change-status","newStatus":"draft","terms":[],"taxonomy":"category","extraData":[]},"publishpress_future_workflow_manual_trigger":{"enabledWorkflows":[]},"_links":{"self":[{"href":"https:\/\/www.casaldelsinfants.org\/es\/wp-json\/wp\/v2\/posts\/21844","targetHints":{"allow":["GET"]}}],"collection":[{"href":"https:\/\/www.casaldelsinfants.org\/es\/wp-json\/wp\/v2\/posts"}],"about":[{"href":"https:\/\/www.casaldelsinfants.org\/es\/wp-json\/wp\/v2\/types\/post"}],"author":[{"embeddable":true,"href":"https:\/\/www.casaldelsinfants.org\/es\/wp-json\/wp\/v2\/users\/10"}],"replies":[{"embeddable":true,"href":"https:\/\/www.casaldelsinfants.org\/es\/wp-json\/wp\/v2\/comments?post=21844"}],"version-history":[{"count":2,"href":"https:\/\/www.casaldelsinfants.org\/es\/wp-json\/wp\/v2\/posts\/21844\/revisions"}],"predecessor-version":[{"id":21850,"href":"https:\/\/www.casaldelsinfants.org\/es\/wp-json\/wp\/v2\/posts\/21844\/revisions\/21850"}],"wp:featuredmedia":[{"embeddable":true,"href":"https:\/\/www.casaldelsinfants.org\/es\/wp-json\/wp\/v2\/media\/21826"}],"wp:attachment":[{"href":"https:\/\/www.casaldelsinfants.org\/es\/wp-json\/wp\/v2\/media?parent=21844"}],"wp:term":[{"taxonomy":"category","embeddable":true,"href":"https:\/\/www.casaldelsinfants.org\/es\/wp-json\/wp\/v2\/categories?post=21844"},{"taxonomy":"post_tag","embeddable":true,"href":"https:\/\/www.casaldelsinfants.org\/es\/wp-json\/wp\/v2\/tags?post=21844"},{"taxonomy":"seus","embeddable":true,"href":"https:\/\/www.casaldelsinfants.org\/es\/wp-json\/wp\/v2\/seus?post=21844"},{"taxonomy":"eixos","embeddable":true,"href":"https:\/\/www.casaldelsinfants.org\/es\/wp-json\/wp\/v2\/eixos?post=21844"}],"curies":[{"name":"wp","href":"https:\/\/api.w.org\/{rel}","templated":true}]}}