{"id":21892,"date":"2024-06-07T13:49:07","date_gmt":"2024-06-07T11:49:07","guid":{"rendered":"https:\/\/www.casaldelsinfants.org\/?p=21892"},"modified":"2024-06-07T13:49:07","modified_gmt":"2024-06-07T11:49:07","slug":"jovenestastalarambla","status":"publish","type":"post","link":"https:\/\/www.casaldelsinfants.org\/es\/actualidad\/jovenestastalarambla\/","title":{"rendered":"J\u00f3venes del Casal dels Infants trabajan en el Tast a la Rambla"},"content":{"rendered":"<p><span style=\"font-weight: 400;\">J\u00f3venes del Casal dels Infants trabajan en la d\u00e9cima edici\u00f3n de\u00a0<\/span><span style=\"text-decoration: underline;\"><a href=\"https:\/\/www.tastalarambla.cat\/\" target=\"_blank\" rel=\"noopener\"><span style=\"font-weight: 400;\">Tast a la Rambla<\/span><\/a><\/span><span style=\"font-weight: 400;\">, la Fiesta de la Gastronom\u00eda de Barcelona que se celebra del <\/span><b>6 al 9 de junio en plaza de Catalunya<\/b><span style=\"font-weight: 400;\">. El evento re\u00fane a los restaurantes, bares y pasteler\u00edas m\u00e1s reconocidos de la ciudad durante cuatro d\u00edas para descubrir cocinas tradicionales y creativas acompa\u00f1adas de m\u00fasica en directo. <\/span><\/p>\n<p>Este a\u00f1o, como en otros anteriores, los organizadores del evento, el Grup gsr y la A<span style=\"font-weight: 400;\">ssociaci\u00f3 d&#8217;<\/span><b>Amics<\/b><span style=\"font-weight: 400;\">, Ve\u00efns i Comerciants de La <\/span><b>Rambla,\u00a0<\/b>han contado con los chicos y chcias del Casal dels Infants para trabajar en \u00e9l. As\u00ed, <strong>27 chicos y chicas del Programa de Formaci\u00f3n e Inserci\u00f3n Laboral del Casal dels Infants han sido contratados<\/strong> para trabajar estos cuatro d\u00edas, una oportunidad laboral que les permite desarrollar sus habilidades profesionales, seguir con su itinerario formativo y laboral y ganar experiencia.<\/p>\n<p>&nbsp;<\/p>\n<p><img decoding=\"async\" class=\"alignnone size-medium wp-image-21888\" src=\"https:\/\/www.casaldelsinfants.org\/wp-content\/uploads\/\/DSC06564-2048x1152.jpg\" alt=\"Noia del Casal dona suport en un show cooking de Tast a la Rambla.\" width=\"2048\" height=\"1152\" \/><\/p>\n<p>&nbsp;<\/p>\n<p><span style=\"font-weight: 400;\">Aprovechando las esquinas de sombra de plaza Catalunya de un d\u00eda claro y soleado, los chicos y chicas escuchan las pautas y recomendaciones de sus referentes educativos la ma\u00f1ana de la primera jornada. Entre los j\u00f3venes, hay algunos repetidores y otros que este es su primera vez trabajando en el Tast a la Rambla. Se respiran nervios pero tambi\u00e9n muchas ganas de empezar y aprender de la experiencia.\u00a0<\/span><\/p>\n<p>Los y las j\u00f3venes del Casal est\u00e1n trabajando en diversas \u00e1reas de Tast a la Rambla. En primer lugar, el equipo formado por participantes del Casal son los encargados de las dos <strong>barras<\/strong> d\u00f3nde se sirven las bebidas. Despu\u00e9s, otros trabajan en la recogida y limpieza de las mesas donde los asistentes consumen. Y, tambi\u00e9n, hay chicos y chicas como <strong>ayudantes de cocina<\/strong>, y <strong>dando apoyo en <em>show cookings<\/em> y sirviendo en el Punt de Trobada<\/strong>.<\/p>\n<p>&nbsp;<\/p>\n<p><img decoding=\"async\" class=\"alignnone size-medium wp-image-21886\" src=\"https:\/\/www.casaldelsinfants.org\/wp-content\/uploads\/\/DSC06669-2048x1152.jpg\" alt=\"Noi del Casal serveix una cervesa al Tast a la Rambla.\" width=\"2048\" height=\"1152\" \/><\/p>\n<p>&nbsp;<\/p>\n<h2><b>El programa de Formaci\u00f3n e Inserci\u00f3n Laboral\u00a0<\/b><\/h2>\n<p><span style=\"font-weight: 400;\">El <\/span><a href=\"https:\/\/www.casaldelsinfants.org\/que-fem\/ajudar-als-joves\/\" target=\"_blank\" rel=\"noopener\"><span style=\"font-weight: 400;\"><span style=\"text-decoration: underline;\">programa de Formaci\u00f3n e Inserci\u00f3n Laboral del Casal dels Infants (FIL)<\/span> <\/span><\/a><span style=\"font-weight: 400;\">agrupa diferentes servicios destinados a la formaci\u00f3n y la b\u00fasqueda de trabajo de chicos, chicas y adultos. Aqu\u00ed encuentran referentes educativos que los acompa\u00f1an y los hace confiar en ellos y ellas mismas y en sus capacidades, en un entorno motivador. Son espacios para desarrollarse personal y profesionalmente, donde descubrir nuevos intereses y vocaciones, explorar nuevas v\u00edas de formaci\u00f3n y poder encontrar nuevas oportunidades.\u00a0<\/span><\/p>\n<p>&nbsp;<\/p>\n","protected":false},"excerpt":{"rendered":"<p>J\u00f3venes del Casal dels Infants trabajan en la d\u00e9cima edici\u00f3n de\u00a0Tast a la Rambla, la Fiesta de la Gastronom\u00eda de Barcelona que se celebra del 6 al 9 de junio en plaza de Catalunya. El evento re\u00fane a los restaurantes, bares y pasteler\u00edas m\u00e1s reconocidos de la ciudad durante cuatro d\u00edas para descubrir cocinas tradicionales [&hellip;]<\/p>\n","protected":false},"author":9,"featured_media":21885,"comment_status":"open","ping_status":"open","sticky":false,"template":"","format":"standard","meta":{"_acf_changed":false,"_et_pb_use_builder":"","_et_pb_old_content":"","_et_gb_content_width":"","inline_featured_image":false,"footnotes":""},"categories":[125],"tags":[],"seus":[157],"eixos":[223],"class_list":["post-21892","post","type-post","status-publish","format-standard","has-post-thumbnail","hentry","category-noticias","seus-el-raval","eixos-joves-es"],"acf":[],"yoast_head":"<!-- This site is optimized with the Yoast SEO plugin v27.4 - https:\/\/yoast.com\/product\/yoast-seo-wordpress\/ -->\n<title>J\u00f3venes del Casal dels Infants trabajan en el Tast a la Rambla - Casal dels Infants<\/title>\n<meta name=\"description\" content=\"J\u00f3venes del Casal trabajan en la d\u00e9cima edici\u00f3n de\u00a0Tast a la Rambla, que se celebra del 6 al 9 de junio en plaza de Catalunya\" \/>\n<meta name=\"robots\" content=\"index, follow, max-snippet:-1, max-image-preview:large, max-video-preview:-1\" \/>\n<link rel=\"canonical\" href=\"https:\/\/www.casaldelsinfants.org\/es\/actualidad\/jovenestastalarambla\/\" \/>\n<meta property=\"og:locale\" content=\"es_ES\" \/>\n<meta property=\"og:type\" content=\"article\" \/>\n<meta property=\"og:title\" content=\"J\u00f3venes del Casal dels Infants trabajan en el Tast a la Rambla - Casal dels Infants\" \/>\n<meta property=\"og:description\" content=\"J\u00f3venes del Casal trabajan en la d\u00e9cima edici\u00f3n de\u00a0Tast a la Rambla, que se celebra del 6 al 9 de junio en plaza de Catalunya\" \/>\n<meta property=\"og:url\" content=\"https:\/\/www.casaldelsinfants.org\/es\/actualidad\/jovenestastalarambla\/\" \/>\n<meta property=\"og:site_name\" content=\"Casal dels Infants\" \/>\n<meta property=\"article:publisher\" content=\"https:\/\/www.facebook.com\/casalinfants\" \/>\n<meta property=\"article:published_time\" content=\"2024-06-07T11:49:07+00:00\" \/>\n<meta property=\"og:image\" content=\"https:\/\/www.casaldelsinfants.org\/wp-content\/uploads\/DSC06507-scaled-1.webp\" \/>\n\t<meta property=\"og:image:width\" content=\"2560\" \/>\n\t<meta property=\"og:image:height\" content=\"1440\" \/>\n\t<meta property=\"og:image:type\" content=\"image\/jpeg\" \/>\n<meta name=\"author\" content=\"julia\" \/>\n<meta name=\"twitter:card\" content=\"summary_large_image\" \/>\n<meta name=\"twitter:creator\" content=\"@casalinfants\" \/>\n<meta name=\"twitter:site\" content=\"@casalinfants\" \/>\n<meta name=\"twitter:label1\" content=\"Escrito por\" \/>\n\t<meta name=\"twitter:data1\" content=\"julia\" \/>\n\t<meta name=\"twitter:label2\" content=\"Tiempo de lectura\" \/>\n\t<meta name=\"twitter:data2\" content=\"3 minutos\" \/>\n<script type=\"application\/ld+json\" class=\"yoast-schema-graph\">{\"@context\":\"https:\\\/\\\/schema.org\",\"@graph\":[{\"@type\":\"Article\",\"@id\":\"https:\\\/\\\/www.casaldelsinfants.org\\\/es\\\/actualidad\\\/jovenestastalarambla\\\/#article\",\"isPartOf\":{\"@id\":\"https:\\\/\\\/www.casaldelsinfants.org\\\/es\\\/actualidad\\\/jovenestastalarambla\\\/\"},\"author\":{\"name\":\"julia\",\"@id\":\"https:\\\/\\\/www.casaldelsinfants.org\\\/es\\\/#\\\/schema\\\/person\\\/e870791b50f03fd60f872e1cd83910fc\"},\"headline\":\"J\u00f3venes del Casal dels Infants trabajan en el Tast a la Rambla\",\"datePublished\":\"2024-06-07T11:49:07+00:00\",\"mainEntityOfPage\":{\"@id\":\"https:\\\/\\\/www.casaldelsinfants.org\\\/es\\\/actualidad\\\/jovenestastalarambla\\\/\"},\"wordCount\":421,\"commentCount\":0,\"publisher\":{\"@id\":\"https:\\\/\\\/www.casaldelsinfants.org\\\/es\\\/#organization\"},\"image\":{\"@id\":\"https:\\\/\\\/www.casaldelsinfants.org\\\/es\\\/actualidad\\\/jovenestastalarambla\\\/#primaryimage\"},\"thumbnailUrl\":\"https:\\\/\\\/www.casaldelsinfants.org\\\/wp-content\\\/uploads\\\/DSC06507-scaled-1.webp\",\"articleSection\":[\"Noticia\"],\"inLanguage\":\"es\",\"potentialAction\":[{\"@type\":\"CommentAction\",\"name\":\"Comment\",\"target\":[\"https:\\\/\\\/www.casaldelsinfants.org\\\/es\\\/actualidad\\\/jovenestastalarambla\\\/#respond\"]}]},{\"@type\":\"WebPage\",\"@id\":\"https:\\\/\\\/www.casaldelsinfants.org\\\/es\\\/actualidad\\\/jovenestastalarambla\\\/\",\"url\":\"https:\\\/\\\/www.casaldelsinfants.org\\\/es\\\/actualidad\\\/jovenestastalarambla\\\/\",\"name\":\"J\u00f3venes del Casal dels Infants trabajan en el Tast a la Rambla - Casal dels Infants\",\"isPartOf\":{\"@id\":\"https:\\\/\\\/www.casaldelsinfants.org\\\/es\\\/#website\"},\"primaryImageOfPage\":{\"@id\":\"https:\\\/\\\/www.casaldelsinfants.org\\\/es\\\/actualidad\\\/jovenestastalarambla\\\/#primaryimage\"},\"image\":{\"@id\":\"https:\\\/\\\/www.casaldelsinfants.org\\\/es\\\/actualidad\\\/jovenestastalarambla\\\/#primaryimage\"},\"thumbnailUrl\":\"https:\\\/\\\/www.casaldelsinfants.org\\\/wp-content\\\/uploads\\\/DSC06507-scaled-1.webp\",\"datePublished\":\"2024-06-07T11:49:07+00:00\",\"description\":\"J\u00f3venes del Casal trabajan en la d\u00e9cima edici\u00f3n de\u00a0Tast a la Rambla, que se celebra del 6 al 9 de junio en plaza de Catalunya\",\"breadcrumb\":{\"@id\":\"https:\\\/\\\/www.casaldelsinfants.org\\\/es\\\/actualidad\\\/jovenestastalarambla\\\/#breadcrumb\"},\"inLanguage\":\"es\",\"potentialAction\":[{\"@type\":\"ReadAction\",\"target\":[\"https:\\\/\\\/www.casaldelsinfants.org\\\/es\\\/actualidad\\\/jovenestastalarambla\\\/\"]}]},{\"@type\":\"ImageObject\",\"inLanguage\":\"es\",\"@id\":\"https:\\\/\\\/www.casaldelsinfants.org\\\/es\\\/actualidad\\\/jovenestastalarambla\\\/#primaryimage\",\"url\":\"https:\\\/\\\/www.casaldelsinfants.org\\\/wp-content\\\/uploads\\\/DSC06507-scaled-1.webp\",\"contentUrl\":\"https:\\\/\\\/www.casaldelsinfants.org\\\/wp-content\\\/uploads\\\/DSC06507-scaled-1.webp\",\"width\":2560,\"height\":1440,\"caption\":\"Joves del Casal i equip de Tast a la Rambla posen per una fotografia.\"},{\"@type\":\"BreadcrumbList\",\"@id\":\"https:\\\/\\\/www.casaldelsinfants.org\\\/es\\\/actualidad\\\/jovenestastalarambla\\\/#breadcrumb\",\"itemListElement\":[{\"@type\":\"ListItem\",\"position\":1,\"name\":\"Inici\",\"item\":\"https:\\\/\\\/www.casaldelsinfants.org\\\/es\\\/\"},{\"@type\":\"ListItem\",\"position\":2,\"name\":\"J\u00f3venes del Casal dels Infants trabajan en el Tast a la Rambla\"}]},{\"@type\":\"WebSite\",\"@id\":\"https:\\\/\\\/www.casaldelsinfants.org\\\/es\\\/#website\",\"url\":\"https:\\\/\\\/www.casaldelsinfants.org\\\/es\\\/\",\"name\":\"Casal dels Infants\",\"description\":\"\",\"publisher\":{\"@id\":\"https:\\\/\\\/www.casaldelsinfants.org\\\/es\\\/#organization\"},\"potentialAction\":[{\"@type\":\"SearchAction\",\"target\":{\"@type\":\"EntryPoint\",\"urlTemplate\":\"https:\\\/\\\/www.casaldelsinfants.org\\\/es\\\/?s={search_term_string}\"},\"query-input\":{\"@type\":\"PropertyValueSpecification\",\"valueRequired\":true,\"valueName\":\"search_term_string\"}}],\"inLanguage\":\"es\"},{\"@type\":\"Organization\",\"@id\":\"https:\\\/\\\/www.casaldelsinfants.org\\\/es\\\/#organization\",\"name\":\"Casal dels Infants\",\"url\":\"https:\\\/\\\/www.casaldelsinfants.org\\\/es\\\/\",\"logo\":{\"@type\":\"ImageObject\",\"inLanguage\":\"es\",\"@id\":\"https:\\\/\\\/www.casaldelsinfants.org\\\/es\\\/#\\\/schema\\\/logo\\\/image\\\/\",\"url\":\"https:\\\/\\\/www.casaldelsinfants.org\\\/wp-content\\\/uploads\\\/logo-mail.png\",\"contentUrl\":\"https:\\\/\\\/www.casaldelsinfants.org\\\/wp-content\\\/uploads\\\/logo-mail.png\",\"width\":380,\"height\":158,\"caption\":\"Casal dels Infants\"},\"image\":{\"@id\":\"https:\\\/\\\/www.casaldelsinfants.org\\\/es\\\/#\\\/schema\\\/logo\\\/image\\\/\"},\"sameAs\":[\"https:\\\/\\\/www.facebook.com\\\/casalinfants\",\"https:\\\/\\\/x.com\\\/casalinfants\",\"https:\\\/\\\/www.youtube.com\\\/user\\\/CasaldelsInfants1\",\"https:\\\/\\\/www.instagram.com\\\/casalinfants\\\/\",\"https:\\\/\\\/www.linkedin.com\\\/company\\\/casaldelsinfants?trk=organization-update_share-update_actor-text\"]},{\"@type\":\"Person\",\"@id\":\"https:\\\/\\\/www.casaldelsinfants.org\\\/es\\\/#\\\/schema\\\/person\\\/e870791b50f03fd60f872e1cd83910fc\",\"name\":\"julia\"}]}<\/script>\n<!-- \/ Yoast SEO plugin. -->","yoast_head_json":{"title":"J\u00f3venes del Casal dels Infants trabajan en el Tast a la Rambla - Casal dels Infants","description":"J\u00f3venes del Casal trabajan en la d\u00e9cima edici\u00f3n de\u00a0Tast a la Rambla, que se celebra del 6 al 9 de junio en plaza de Catalunya","robots":{"index":"index","follow":"follow","max-snippet":"max-snippet:-1","max-image-preview":"max-image-preview:large","max-video-preview":"max-video-preview:-1"},"canonical":"https:\/\/www.casaldelsinfants.org\/es\/actualidad\/jovenestastalarambla\/","og_locale":"es_ES","og_type":"article","og_title":"J\u00f3venes del Casal dels Infants trabajan en el Tast a la Rambla - Casal dels Infants","og_description":"J\u00f3venes del Casal trabajan en la d\u00e9cima edici\u00f3n de\u00a0Tast a la Rambla, que se celebra del 6 al 9 de junio en plaza de Catalunya","og_url":"https:\/\/www.casaldelsinfants.org\/es\/actualidad\/jovenestastalarambla\/","og_site_name":"Casal dels Infants","article_publisher":"https:\/\/www.facebook.com\/casalinfants","article_published_time":"2024-06-07T11:49:07+00:00","og_image":[{"width":2560,"height":1440,"url":"https:\/\/www.casaldelsinfants.org\/wp-content\/uploads\/DSC06507-scaled-1.webp","type":"image\/jpeg"}],"author":"julia","twitter_card":"summary_large_image","twitter_creator":"@casalinfants","twitter_site":"@casalinfants","twitter_misc":{"Escrito por":"julia","Tiempo de lectura":"3 minutos"},"schema":{"@context":"https:\/\/schema.org","@graph":[{"@type":"Article","@id":"https:\/\/www.casaldelsinfants.org\/es\/actualidad\/jovenestastalarambla\/#article","isPartOf":{"@id":"https:\/\/www.casaldelsinfants.org\/es\/actualidad\/jovenestastalarambla\/"},"author":{"name":"julia","@id":"https:\/\/www.casaldelsinfants.org\/es\/#\/schema\/person\/e870791b50f03fd60f872e1cd83910fc"},"headline":"J\u00f3venes del Casal dels Infants trabajan en el Tast a la Rambla","datePublished":"2024-06-07T11:49:07+00:00","mainEntityOfPage":{"@id":"https:\/\/www.casaldelsinfants.org\/es\/actualidad\/jovenestastalarambla\/"},"wordCount":421,"commentCount":0,"publisher":{"@id":"https:\/\/www.casaldelsinfants.org\/es\/#organization"},"image":{"@id":"https:\/\/www.casaldelsinfants.org\/es\/actualidad\/jovenestastalarambla\/#primaryimage"},"thumbnailUrl":"https:\/\/www.casaldelsinfants.org\/wp-content\/uploads\/DSC06507-scaled-1.webp","articleSection":["Noticia"],"inLanguage":"es","potentialAction":[{"@type":"CommentAction","name":"Comment","target":["https:\/\/www.casaldelsinfants.org\/es\/actualidad\/jovenestastalarambla\/#respond"]}]},{"@type":"WebPage","@id":"https:\/\/www.casaldelsinfants.org\/es\/actualidad\/jovenestastalarambla\/","url":"https:\/\/www.casaldelsinfants.org\/es\/actualidad\/jovenestastalarambla\/","name":"J\u00f3venes del Casal dels Infants trabajan en el Tast a la Rambla - Casal dels Infants","isPartOf":{"@id":"https:\/\/www.casaldelsinfants.org\/es\/#website"},"primaryImageOfPage":{"@id":"https:\/\/www.casaldelsinfants.org\/es\/actualidad\/jovenestastalarambla\/#primaryimage"},"image":{"@id":"https:\/\/www.casaldelsinfants.org\/es\/actualidad\/jovenestastalarambla\/#primaryimage"},"thumbnailUrl":"https:\/\/www.casaldelsinfants.org\/wp-content\/uploads\/DSC06507-scaled-1.webp","datePublished":"2024-06-07T11:49:07+00:00","description":"J\u00f3venes del Casal trabajan en la d\u00e9cima edici\u00f3n de\u00a0Tast a la Rambla, que se celebra del 6 al 9 de junio en plaza de Catalunya","breadcrumb":{"@id":"https:\/\/www.casaldelsinfants.org\/es\/actualidad\/jovenestastalarambla\/#breadcrumb"},"inLanguage":"es","potentialAction":[{"@type":"ReadAction","target":["https:\/\/www.casaldelsinfants.org\/es\/actualidad\/jovenestastalarambla\/"]}]},{"@type":"ImageObject","inLanguage":"es","@id":"https:\/\/www.casaldelsinfants.org\/es\/actualidad\/jovenestastalarambla\/#primaryimage","url":"https:\/\/www.casaldelsinfants.org\/wp-content\/uploads\/DSC06507-scaled-1.webp","contentUrl":"https:\/\/www.casaldelsinfants.org\/wp-content\/uploads\/DSC06507-scaled-1.webp","width":2560,"height":1440,"caption":"Joves del Casal i equip de Tast a la Rambla posen per una fotografia."},{"@type":"BreadcrumbList","@id":"https:\/\/www.casaldelsinfants.org\/es\/actualidad\/jovenestastalarambla\/#breadcrumb","itemListElement":[{"@type":"ListItem","position":1,"name":"Inici","item":"https:\/\/www.casaldelsinfants.org\/es\/"},{"@type":"ListItem","position":2,"name":"J\u00f3venes del Casal dels Infants trabajan en el Tast a la Rambla"}]},{"@type":"WebSite","@id":"https:\/\/www.casaldelsinfants.org\/es\/#website","url":"https:\/\/www.casaldelsinfants.org\/es\/","name":"Casal dels Infants","description":"","publisher":{"@id":"https:\/\/www.casaldelsinfants.org\/es\/#organization"},"potentialAction":[{"@type":"SearchAction","target":{"@type":"EntryPoint","urlTemplate":"https:\/\/www.casaldelsinfants.org\/es\/?s={search_term_string}"},"query-input":{"@type":"PropertyValueSpecification","valueRequired":true,"valueName":"search_term_string"}}],"inLanguage":"es"},{"@type":"Organization","@id":"https:\/\/www.casaldelsinfants.org\/es\/#organization","name":"Casal dels Infants","url":"https:\/\/www.casaldelsinfants.org\/es\/","logo":{"@type":"ImageObject","inLanguage":"es","@id":"https:\/\/www.casaldelsinfants.org\/es\/#\/schema\/logo\/image\/","url":"https:\/\/www.casaldelsinfants.org\/wp-content\/uploads\/logo-mail.png","contentUrl":"https:\/\/www.casaldelsinfants.org\/wp-content\/uploads\/logo-mail.png","width":380,"height":158,"caption":"Casal dels Infants"},"image":{"@id":"https:\/\/www.casaldelsinfants.org\/es\/#\/schema\/logo\/image\/"},"sameAs":["https:\/\/www.facebook.com\/casalinfants","https:\/\/x.com\/casalinfants","https:\/\/www.youtube.com\/user\/CasaldelsInfants1","https:\/\/www.instagram.com\/casalinfants\/","https:\/\/www.linkedin.com\/company\/casaldelsinfants?trk=organization-update_share-update_actor-text"]},{"@type":"Person","@id":"https:\/\/www.casaldelsinfants.org\/es\/#\/schema\/person\/e870791b50f03fd60f872e1cd83910fc","name":"julia"}]}},"publishpress_future_action":{"enabled":false,"date":"2026-05-08 22:40:35","action":"change-status","newStatus":"draft","terms":[],"taxonomy":"category","extraData":[]},"publishpress_future_workflow_manual_trigger":{"enabledWorkflows":[]},"_links":{"self":[{"href":"https:\/\/www.casaldelsinfants.org\/es\/wp-json\/wp\/v2\/posts\/21892","targetHints":{"allow":["GET"]}}],"collection":[{"href":"https:\/\/www.casaldelsinfants.org\/es\/wp-json\/wp\/v2\/posts"}],"about":[{"href":"https:\/\/www.casaldelsinfants.org\/es\/wp-json\/wp\/v2\/types\/post"}],"author":[{"embeddable":true,"href":"https:\/\/www.casaldelsinfants.org\/es\/wp-json\/wp\/v2\/users\/9"}],"replies":[{"embeddable":true,"href":"https:\/\/www.casaldelsinfants.org\/es\/wp-json\/wp\/v2\/comments?post=21892"}],"version-history":[{"count":1,"href":"https:\/\/www.casaldelsinfants.org\/es\/wp-json\/wp\/v2\/posts\/21892\/revisions"}],"predecessor-version":[{"id":21893,"href":"https:\/\/www.casaldelsinfants.org\/es\/wp-json\/wp\/v2\/posts\/21892\/revisions\/21893"}],"wp:featuredmedia":[{"embeddable":true,"href":"https:\/\/www.casaldelsinfants.org\/es\/wp-json\/wp\/v2\/media\/21885"}],"wp:attachment":[{"href":"https:\/\/www.casaldelsinfants.org\/es\/wp-json\/wp\/v2\/media?parent=21892"}],"wp:term":[{"taxonomy":"category","embeddable":true,"href":"https:\/\/www.casaldelsinfants.org\/es\/wp-json\/wp\/v2\/categories?post=21892"},{"taxonomy":"post_tag","embeddable":true,"href":"https:\/\/www.casaldelsinfants.org\/es\/wp-json\/wp\/v2\/tags?post=21892"},{"taxonomy":"seus","embeddable":true,"href":"https:\/\/www.casaldelsinfants.org\/es\/wp-json\/wp\/v2\/seus?post=21892"},{"taxonomy":"eixos","embeddable":true,"href":"https:\/\/www.casaldelsinfants.org\/es\/wp-json\/wp\/v2\/eixos?post=21892"}],"curies":[{"name":"wp","href":"https:\/\/api.w.org\/{rel}","templated":true}]}}