{"id":22111,"date":"2024-06-26T16:27:11","date_gmt":"2024-06-26T14:27:11","guid":{"rendered":"https:\/\/www.casaldelsinfants.org\/?p=22111"},"modified":"2024-06-26T17:35:43","modified_gmt":"2024-06-26T15:35:43","slug":"exposicionjordicolomermacba","status":"publish","type":"post","link":"https:\/\/www.casaldelsinfants.org\/es\/actualidad\/exposicionjordicolomermacba\/","title":{"rendered":"Ni\u00f1os participan en la exposici\u00f3n de Jordi Colomer en el MACBA"},"content":{"rendered":"<p><iframe loading=\"lazy\" title=\"La colaboraci\u00f3n entre el Casal dels Infants y el MACBA, para la exposici\u00f3n del artista Jordi Colomer\" width=\"1080\" height=\"608\" src=\"https:\/\/www.youtube.com\/embed\/Xm9YmgdKM0g?feature=oembed&#038;enablejsapi=1&#038;origin=https:\/\/www.casaldelsinfants.org\"  allow=\"accelerometer; autoplay; clipboard-write; encrypted-media; gyroscope; picture-in-picture; web-share\" referrerpolicy=\"strict-origin-when-cross-origin\" allowfullscreen><\/iframe><\/p>\n<p>&nbsp;<\/p>\n<p>Ni\u00f1os y ni\u00f1as del Casal dels Infants del Raval han participado en la exposici\u00f3n del <strong>artista Jordi Colomer<\/strong> \u00ab<a href=\"https:\/\/www.macba.cat\/ca\/exposicions\/jordi-colomer-facana-foto-festa-futur-fideus\/\" target=\"_blank\" rel=\"noopener\"><span style=\"text-decoration: underline;\">Jordi Colomer. <span style=\"font-weight: 400;\">Fa\u00e7ana Foto Festa Futur Fideus<\/span><\/span><\/a><span style=\"font-weight: 400;\">\u201d, que es pot visitar al Museu d\u2019Art Contemporani de Barcelona (MACBA) hasta el 24 de septiembre.\u00a0<\/span><\/p>\n<p>La exposici\u00f3n hace todo un recorrido a lo largo del trabajo del artista, desde finales de los a\u00f1os ochenta hasta la actualidad. Se incluyen obras de diferentes formatos, como la escultura, collages, fotograf\u00eda, v\u00eddeo, instalaciones y acciones en vivo. En una de estas \u00faltimas, <strong>la obra <span style=\"text-decoration: underline;\"><a href=\"https:\/\/www.macba.cat\/es\/actividades\/el-balco-2024\/\" target=\"_blank\" rel=\"noopener\"><em>El Balc\u00f3<\/em><\/a><\/span>, es donde participaron los ni\u00f1os y ni\u00f1as del Espacio Socioeducativo del <b>Casal dels Infants <\/b> del Raval<\/strong>.<\/p>\n<p>&nbsp;<\/p>\n<h2><b>\u2018El Balc\u00f3\u2019<\/b><b><i>,<\/i><\/b><b> la obra resultado de la colaboraci\u00f3n entre el MACBA y el Casal dels Infants<\/b><\/h2>\n<p><i><span style=\"font-weight: 400;\">El Balc\u00f3<\/span><\/i><span style=\"font-weight: 400;\"> es una acci\u00f3n en vivo que consiste en <strong>dos gigantes que dialogan a trav\u00e9s del baile y la m\u00fasica<\/strong>, uno desde el balc\u00f3n de la puerta principal del museo y la otra desde debajo, en la plaza dels \u00c0ngels. \u00abEl gesto del gigante en el balc\u00f3n del MACBA es una invitaci\u00f3n a que el edificio hable con la plaza, y la plaza entre dentro del museo\u00bb, explica el artista Jordi Colomer.\u00a0<\/span><\/p>\n<p>Los dos gigantes son las r\u00e9plicas a grande escala de dos de las maquetas que ni\u00f1os y ni\u00f1as del <span style=\"text-decoration: underline;\"><a href=\"https:\/\/www.casaldelsinfants.org\/on-treballem\/el-raval\/\" target=\"_blank\" rel=\"noopener\">Casal dels Infants del Raval<\/a><\/span> hicieron semanas antes. A finales de febrero, Colomer visit\u00f3 el Casal e hizo la primera sesi\u00f3n con los ni\u00f1os y ni\u00f1as, donde les explic\u00f3 el proyecto y hicieron los primeros dibujos y esbozos de los gigantes que cada uno se estaba imaginando. En las siguientes tres sesiones, los ni\u00f1os y ni\u00f1as fueron invitados a ir al MACBA para llevar del papel a la realidad, en forma de mu\u00f1ecos de plastilina, sus gigantes y gigantas.<\/p>\n<p>&nbsp;<\/p>\n<p><iframe loading=\"lazy\" title=\"El proceso creativo de la obra &#039;El Balc\u00f3&#039;, de Jordi Colomer y los ni\u00f1os y ni\u00f1as del Casal\" width=\"1080\" height=\"608\" src=\"https:\/\/www.youtube.com\/embed\/LsOP5lx_H6c?feature=oembed&#038;enablejsapi=1&#038;origin=https:\/\/www.casaldelsinfants.org\"  allow=\"accelerometer; autoplay; clipboard-write; encrypted-media; gyroscope; picture-in-picture; web-share\" referrerpolicy=\"strict-origin-when-cross-origin\" allowfullscreen><\/iframe><\/p>\n<p><b>\u00a0<\/b><\/p>\n<p><span style=\"font-weight: 400;\">\u201c<strong>Fue muy bonito el proceso<\/strong><\/span><span style=\"font-weight: 400;\">\u201d, apunta Colomer. \u201cTodos los gigantes eran fant\u00e1sticos, hab\u00eda cosas s\u00faper detalladas. Hab\u00eda gigantas que eran hero\u00ednas del Raval, figuras mitol\u00f3gicas y gigantes con superpoderes. Al final ten\u00edamos que escoger dos, uno para el balc\u00f3n y una para la plaza, y acabamos escogiendo los que eran m\u00e1s diferentes\u00bb, contin\u00faa. Los dos escogidos fueron \u201c<b>Colorins<\/b>\u201d, de Iyam, y \u201c<b>Super Sara<\/b>\u201d, de Sara, ambos participantes del Casal dels Infants.<\/span><\/p>\n<p><i><span style=\"font-weight: 400;\">El Balc\u00f3<\/span><\/i><span style=\"font-weight: 400;\"> se ha llevado a cabo con la aportaci\u00f3n de otros profesionales y artistas. Eudald Ferr\u00e9, constructor de gigantes y escultor, fue el encargado de construir los dos gigantes. Los vestidos del gigante y la giganta fueron confeccionados por Patapam Vestits, a\u00f1adiendo las\u00a0<em>manotes<\/em>, que permiten a los gigantes bailar y ocupar todo el espacio. Adri\u00e0 Bauz\u00f3 compuso la m\u00fasica que ilustra la historia y el di\u00e1logo entre los dos gigantes, y Oriol Caba ha seguido y documentado la producci\u00f3n.\u00a0<\/span><\/p>\n<p>&nbsp;<\/p>\n<p><img decoding=\"async\" class=\"wp-image-22104 aligncenter\" src=\"https:\/\/www.casaldelsinfants.org\/wp-content\/uploads\/\/1410605-2048x1152.jpg\" alt=\"Nens i nenes del Casal i l'artista Jordi Colomer posen amb els dos gegants que formen part de l'obra 'El Balc\u00f3'.\" width=\"1222\" height=\"687\" \/><\/p>\n<p>&nbsp;<\/p>\n<h2><b>Acceso y representaci\u00f3n en la cultura<\/b><\/h2>\n<p><span style=\"font-weight: 400;\">\u201c\u00a1Este taller me ha gustado mucho y ha sido muy interesante! He podido entrar en el MACBA, he visto todos los nombres de las artistas, y he aprendido cosas nuevas\u00bb, explica entusiasmado Iyam, de 9 a\u00f1os. De aqu\u00ed hasta el 24 de septiembre, <strong>Iyam podr\u00e1 ver su gigante que \u00e9l mismo pens\u00f3 y cre\u00f3 expuesto en el MACBA<\/strong>. Tambi\u00e9n lo podr\u00e1 ver bailando desde el balc\u00f3n del museo, en la representaci\u00f3n en vivo que tendr\u00e1 lugar el \u00faltimo d\u00eda de la exposici\u00f3n y \u00faltimo d\u00eda de celebraci\u00f3n de La Merc\u00e8.\u00a0\u00a0<\/span><\/p>\n<p>Esta ha sido una oportunidad para Iyam y sus compa\u00f1eros y compa\u00f1eras del Casal para participar en un proceso creativo donde han podido imaginar, expresar e inventar libremente,<strong> acceder y formar parte de la cultura<\/strong>, y representar y exponer sus ideas y creaciones en un museo referente de la ciudad y en el mundo del arte y la cultura.<\/p>\n<p>\u00abLos ni\u00f1os y ni\u00f1as del Casal son representativos del Raval, forman parte de este barrio. Me parec\u00eda que esta era una manera simp\u00e1tica para que el museo tenga una presencia en su d\u00eda a d\u00eda y tambi\u00e9n que <strong>les haga sentir que lo que hacen ellos y ellas es cultura de su ciudad<\/strong>\u00ab, concluye Colomer.<\/p>\n","protected":false},"excerpt":{"rendered":"<p>&nbsp; Ni\u00f1os y ni\u00f1as del Casal dels Infants del Raval han participado en la exposici\u00f3n del artista Jordi Colomer \u00abJordi Colomer. Fa\u00e7ana Foto Festa Futur Fideus\u201d, que es pot visitar al Museu d\u2019Art Contemporani de Barcelona (MACBA) hasta el 24 de septiembre.\u00a0 La exposici\u00f3n hace todo un recorrido a lo largo del trabajo del artista, [&hellip;]<\/p>\n","protected":false},"author":9,"featured_media":0,"comment_status":"open","ping_status":"open","sticky":false,"template":"","format":"standard","meta":{"_acf_changed":false,"_et_pb_use_builder":"","_et_pb_old_content":"","_et_gb_content_width":"","inline_featured_image":false,"footnotes":""},"categories":[125],"tags":[],"seus":[157],"eixos":[205,226],"class_list":["post-22111","post","type-post","status-publish","format-standard","hentry","category-noticias","seus-el-raval","eixos-infancia-y-adolescencia-es","eixos-infancia-i-adolescencia-es-3"],"acf":[],"yoast_head":"<!-- This site is optimized with the Yoast SEO plugin v27.4 - https:\/\/yoast.com\/product\/yoast-seo-wordpress\/ -->\n<title>Ni\u00f1os participan en la exposici\u00f3n de Jordi Colomer en el MACBA - Casal dels Infants<\/title>\n<meta name=\"description\" content=\"Ni\u00f1os y ni\u00f1as del Casal dels Infants han participado en la exposici\u00f3n del artista catal\u00e1n Jordi Colomer, expuesta en el MACBA hasta 24\/09.\" \/>\n<meta name=\"robots\" content=\"index, follow, max-snippet:-1, max-image-preview:large, max-video-preview:-1\" \/>\n<link rel=\"canonical\" href=\"https:\/\/www.casaldelsinfants.org\/es\/actualidad\/exposicionjordicolomermacba\/\" \/>\n<meta property=\"og:locale\" content=\"es_ES\" \/>\n<meta property=\"og:type\" content=\"article\" \/>\n<meta property=\"og:title\" content=\"Ni\u00f1os participan en la exposici\u00f3n de Jordi Colomer en el MACBA - Casal dels Infants\" \/>\n<meta property=\"og:description\" content=\"Ni\u00f1os y ni\u00f1as del Casal dels Infants han participado en la exposici\u00f3n del artista catal\u00e1n Jordi Colomer, expuesta en el MACBA hasta 24\/09.\" \/>\n<meta property=\"og:url\" content=\"https:\/\/www.casaldelsinfants.org\/es\/actualidad\/exposicionjordicolomermacba\/\" \/>\n<meta property=\"og:site_name\" content=\"Casal dels Infants\" \/>\n<meta property=\"article:publisher\" content=\"https:\/\/www.facebook.com\/casalinfants\" \/>\n<meta property=\"article:published_time\" content=\"2024-06-26T14:27:11+00:00\" \/>\n<meta property=\"article:modified_time\" content=\"2024-06-26T15:35:43+00:00\" \/>\n<meta property=\"og:image\" content=\"https:\/\/www.casaldelsinfants.org\/wp-content\/uploads\/\/1410605-2048x1152.jpg\" \/>\n<meta name=\"author\" content=\"julia\" \/>\n<meta name=\"twitter:card\" content=\"summary_large_image\" \/>\n<meta name=\"twitter:creator\" content=\"@casalinfants\" \/>\n<meta name=\"twitter:site\" content=\"@casalinfants\" \/>\n<meta name=\"twitter:label1\" content=\"Escrito por\" \/>\n\t<meta name=\"twitter:data1\" content=\"julia\" \/>\n\t<meta name=\"twitter:label2\" content=\"Tiempo de lectura\" \/>\n\t<meta name=\"twitter:data2\" content=\"4 minutos\" \/>\n<script type=\"application\/ld+json\" class=\"yoast-schema-graph\">{\"@context\":\"https:\\\/\\\/schema.org\",\"@graph\":[{\"@type\":\"Article\",\"@id\":\"https:\\\/\\\/www.casaldelsinfants.org\\\/es\\\/actualidad\\\/exposicionjordicolomermacba\\\/#article\",\"isPartOf\":{\"@id\":\"https:\\\/\\\/www.casaldelsinfants.org\\\/es\\\/actualidad\\\/exposicionjordicolomermacba\\\/\"},\"author\":{\"name\":\"julia\",\"@id\":\"https:\\\/\\\/www.casaldelsinfants.org\\\/es\\\/#\\\/schema\\\/person\\\/e870791b50f03fd60f872e1cd83910fc\"},\"headline\":\"Ni\u00f1os participan en la exposici\u00f3n de Jordi Colomer en el MACBA\",\"datePublished\":\"2024-06-26T14:27:11+00:00\",\"dateModified\":\"2024-06-26T15:35:43+00:00\",\"mainEntityOfPage\":{\"@id\":\"https:\\\/\\\/www.casaldelsinfants.org\\\/es\\\/actualidad\\\/exposicionjordicolomermacba\\\/\"},\"wordCount\":746,\"commentCount\":0,\"publisher\":{\"@id\":\"https:\\\/\\\/www.casaldelsinfants.org\\\/es\\\/#organization\"},\"image\":{\"@id\":\"https:\\\/\\\/www.casaldelsinfants.org\\\/es\\\/actualidad\\\/exposicionjordicolomermacba\\\/#primaryimage\"},\"thumbnailUrl\":\"https:\\\/\\\/www.casaldelsinfants.org\\\/wp-content\\\/uploads\\\/\\\/1410605-2048x1152.jpg\",\"articleSection\":[\"Noticia\"],\"inLanguage\":\"es\",\"potentialAction\":[{\"@type\":\"CommentAction\",\"name\":\"Comment\",\"target\":[\"https:\\\/\\\/www.casaldelsinfants.org\\\/es\\\/actualidad\\\/exposicionjordicolomermacba\\\/#respond\"]}]},{\"@type\":\"WebPage\",\"@id\":\"https:\\\/\\\/www.casaldelsinfants.org\\\/es\\\/actualidad\\\/exposicionjordicolomermacba\\\/\",\"url\":\"https:\\\/\\\/www.casaldelsinfants.org\\\/es\\\/actualidad\\\/exposicionjordicolomermacba\\\/\",\"name\":\"Ni\u00f1os participan en la exposici\u00f3n de Jordi Colomer en el MACBA - Casal dels Infants\",\"isPartOf\":{\"@id\":\"https:\\\/\\\/www.casaldelsinfants.org\\\/es\\\/#website\"},\"primaryImageOfPage\":{\"@id\":\"https:\\\/\\\/www.casaldelsinfants.org\\\/es\\\/actualidad\\\/exposicionjordicolomermacba\\\/#primaryimage\"},\"image\":{\"@id\":\"https:\\\/\\\/www.casaldelsinfants.org\\\/es\\\/actualidad\\\/exposicionjordicolomermacba\\\/#primaryimage\"},\"thumbnailUrl\":\"https:\\\/\\\/www.casaldelsinfants.org\\\/wp-content\\\/uploads\\\/\\\/1410605-2048x1152.jpg\",\"datePublished\":\"2024-06-26T14:27:11+00:00\",\"dateModified\":\"2024-06-26T15:35:43+00:00\",\"description\":\"Ni\u00f1os y ni\u00f1as del Casal dels Infants han participado en la exposici\u00f3n del artista catal\u00e1n Jordi Colomer, expuesta en el MACBA hasta 24\\\/09.\",\"breadcrumb\":{\"@id\":\"https:\\\/\\\/www.casaldelsinfants.org\\\/es\\\/actualidad\\\/exposicionjordicolomermacba\\\/#breadcrumb\"},\"inLanguage\":\"es\",\"potentialAction\":[{\"@type\":\"ReadAction\",\"target\":[\"https:\\\/\\\/www.casaldelsinfants.org\\\/es\\\/actualidad\\\/exposicionjordicolomermacba\\\/\"]}]},{\"@type\":\"ImageObject\",\"inLanguage\":\"es\",\"@id\":\"https:\\\/\\\/www.casaldelsinfants.org\\\/es\\\/actualidad\\\/exposicionjordicolomermacba\\\/#primaryimage\",\"url\":\"https:\\\/\\\/www.casaldelsinfants.org\\\/wp-content\\\/uploads\\\/\\\/1410605-2048x1152.jpg\",\"contentUrl\":\"https:\\\/\\\/www.casaldelsinfants.org\\\/wp-content\\\/uploads\\\/\\\/1410605-2048x1152.jpg\"},{\"@type\":\"BreadcrumbList\",\"@id\":\"https:\\\/\\\/www.casaldelsinfants.org\\\/es\\\/actualidad\\\/exposicionjordicolomermacba\\\/#breadcrumb\",\"itemListElement\":[{\"@type\":\"ListItem\",\"position\":1,\"name\":\"Inici\",\"item\":\"https:\\\/\\\/www.casaldelsinfants.org\\\/es\\\/\"},{\"@type\":\"ListItem\",\"position\":2,\"name\":\"Ni\u00f1os participan en la exposici\u00f3n de Jordi Colomer en el MACBA\"}]},{\"@type\":\"WebSite\",\"@id\":\"https:\\\/\\\/www.casaldelsinfants.org\\\/es\\\/#website\",\"url\":\"https:\\\/\\\/www.casaldelsinfants.org\\\/es\\\/\",\"name\":\"Casal dels Infants\",\"description\":\"\",\"publisher\":{\"@id\":\"https:\\\/\\\/www.casaldelsinfants.org\\\/es\\\/#organization\"},\"potentialAction\":[{\"@type\":\"SearchAction\",\"target\":{\"@type\":\"EntryPoint\",\"urlTemplate\":\"https:\\\/\\\/www.casaldelsinfants.org\\\/es\\\/?s={search_term_string}\"},\"query-input\":{\"@type\":\"PropertyValueSpecification\",\"valueRequired\":true,\"valueName\":\"search_term_string\"}}],\"inLanguage\":\"es\"},{\"@type\":\"Organization\",\"@id\":\"https:\\\/\\\/www.casaldelsinfants.org\\\/es\\\/#organization\",\"name\":\"Casal dels Infants\",\"url\":\"https:\\\/\\\/www.casaldelsinfants.org\\\/es\\\/\",\"logo\":{\"@type\":\"ImageObject\",\"inLanguage\":\"es\",\"@id\":\"https:\\\/\\\/www.casaldelsinfants.org\\\/es\\\/#\\\/schema\\\/logo\\\/image\\\/\",\"url\":\"https:\\\/\\\/www.casaldelsinfants.org\\\/wp-content\\\/uploads\\\/logo-mail.png\",\"contentUrl\":\"https:\\\/\\\/www.casaldelsinfants.org\\\/wp-content\\\/uploads\\\/logo-mail.png\",\"width\":380,\"height\":158,\"caption\":\"Casal dels Infants\"},\"image\":{\"@id\":\"https:\\\/\\\/www.casaldelsinfants.org\\\/es\\\/#\\\/schema\\\/logo\\\/image\\\/\"},\"sameAs\":[\"https:\\\/\\\/www.facebook.com\\\/casalinfants\",\"https:\\\/\\\/x.com\\\/casalinfants\",\"https:\\\/\\\/www.youtube.com\\\/user\\\/CasaldelsInfants1\",\"https:\\\/\\\/www.instagram.com\\\/casalinfants\\\/\",\"https:\\\/\\\/www.linkedin.com\\\/company\\\/casaldelsinfants?trk=organization-update_share-update_actor-text\"]},{\"@type\":\"Person\",\"@id\":\"https:\\\/\\\/www.casaldelsinfants.org\\\/es\\\/#\\\/schema\\\/person\\\/e870791b50f03fd60f872e1cd83910fc\",\"name\":\"julia\"}]}<\/script>\n<!-- \/ Yoast SEO plugin. -->","yoast_head_json":{"title":"Ni\u00f1os participan en la exposici\u00f3n de Jordi Colomer en el MACBA - Casal dels Infants","description":"Ni\u00f1os y ni\u00f1as del Casal dels Infants han participado en la exposici\u00f3n del artista catal\u00e1n Jordi Colomer, expuesta en el MACBA hasta 24\/09.","robots":{"index":"index","follow":"follow","max-snippet":"max-snippet:-1","max-image-preview":"max-image-preview:large","max-video-preview":"max-video-preview:-1"},"canonical":"https:\/\/www.casaldelsinfants.org\/es\/actualidad\/exposicionjordicolomermacba\/","og_locale":"es_ES","og_type":"article","og_title":"Ni\u00f1os participan en la exposici\u00f3n de Jordi Colomer en el MACBA - Casal dels Infants","og_description":"Ni\u00f1os y ni\u00f1as del Casal dels Infants han participado en la exposici\u00f3n del artista catal\u00e1n Jordi Colomer, expuesta en el MACBA hasta 24\/09.","og_url":"https:\/\/www.casaldelsinfants.org\/es\/actualidad\/exposicionjordicolomermacba\/","og_site_name":"Casal dels Infants","article_publisher":"https:\/\/www.facebook.com\/casalinfants","article_published_time":"2024-06-26T14:27:11+00:00","article_modified_time":"2024-06-26T15:35:43+00:00","og_image":[{"url":"https:\/\/www.casaldelsinfants.org\/wp-content\/uploads\/\/1410605-2048x1152.jpg","type":"","width":"","height":""}],"author":"julia","twitter_card":"summary_large_image","twitter_creator":"@casalinfants","twitter_site":"@casalinfants","twitter_misc":{"Escrito por":"julia","Tiempo de lectura":"4 minutos"},"schema":{"@context":"https:\/\/schema.org","@graph":[{"@type":"Article","@id":"https:\/\/www.casaldelsinfants.org\/es\/actualidad\/exposicionjordicolomermacba\/#article","isPartOf":{"@id":"https:\/\/www.casaldelsinfants.org\/es\/actualidad\/exposicionjordicolomermacba\/"},"author":{"name":"julia","@id":"https:\/\/www.casaldelsinfants.org\/es\/#\/schema\/person\/e870791b50f03fd60f872e1cd83910fc"},"headline":"Ni\u00f1os participan en la exposici\u00f3n de Jordi Colomer en el MACBA","datePublished":"2024-06-26T14:27:11+00:00","dateModified":"2024-06-26T15:35:43+00:00","mainEntityOfPage":{"@id":"https:\/\/www.casaldelsinfants.org\/es\/actualidad\/exposicionjordicolomermacba\/"},"wordCount":746,"commentCount":0,"publisher":{"@id":"https:\/\/www.casaldelsinfants.org\/es\/#organization"},"image":{"@id":"https:\/\/www.casaldelsinfants.org\/es\/actualidad\/exposicionjordicolomermacba\/#primaryimage"},"thumbnailUrl":"https:\/\/www.casaldelsinfants.org\/wp-content\/uploads\/\/1410605-2048x1152.jpg","articleSection":["Noticia"],"inLanguage":"es","potentialAction":[{"@type":"CommentAction","name":"Comment","target":["https:\/\/www.casaldelsinfants.org\/es\/actualidad\/exposicionjordicolomermacba\/#respond"]}]},{"@type":"WebPage","@id":"https:\/\/www.casaldelsinfants.org\/es\/actualidad\/exposicionjordicolomermacba\/","url":"https:\/\/www.casaldelsinfants.org\/es\/actualidad\/exposicionjordicolomermacba\/","name":"Ni\u00f1os participan en la exposici\u00f3n de Jordi Colomer en el MACBA - Casal dels Infants","isPartOf":{"@id":"https:\/\/www.casaldelsinfants.org\/es\/#website"},"primaryImageOfPage":{"@id":"https:\/\/www.casaldelsinfants.org\/es\/actualidad\/exposicionjordicolomermacba\/#primaryimage"},"image":{"@id":"https:\/\/www.casaldelsinfants.org\/es\/actualidad\/exposicionjordicolomermacba\/#primaryimage"},"thumbnailUrl":"https:\/\/www.casaldelsinfants.org\/wp-content\/uploads\/\/1410605-2048x1152.jpg","datePublished":"2024-06-26T14:27:11+00:00","dateModified":"2024-06-26T15:35:43+00:00","description":"Ni\u00f1os y ni\u00f1as del Casal dels Infants han participado en la exposici\u00f3n del artista catal\u00e1n Jordi Colomer, expuesta en el MACBA hasta 24\/09.","breadcrumb":{"@id":"https:\/\/www.casaldelsinfants.org\/es\/actualidad\/exposicionjordicolomermacba\/#breadcrumb"},"inLanguage":"es","potentialAction":[{"@type":"ReadAction","target":["https:\/\/www.casaldelsinfants.org\/es\/actualidad\/exposicionjordicolomermacba\/"]}]},{"@type":"ImageObject","inLanguage":"es","@id":"https:\/\/www.casaldelsinfants.org\/es\/actualidad\/exposicionjordicolomermacba\/#primaryimage","url":"https:\/\/www.casaldelsinfants.org\/wp-content\/uploads\/\/1410605-2048x1152.jpg","contentUrl":"https:\/\/www.casaldelsinfants.org\/wp-content\/uploads\/\/1410605-2048x1152.jpg"},{"@type":"BreadcrumbList","@id":"https:\/\/www.casaldelsinfants.org\/es\/actualidad\/exposicionjordicolomermacba\/#breadcrumb","itemListElement":[{"@type":"ListItem","position":1,"name":"Inici","item":"https:\/\/www.casaldelsinfants.org\/es\/"},{"@type":"ListItem","position":2,"name":"Ni\u00f1os participan en la exposici\u00f3n de Jordi Colomer en el MACBA"}]},{"@type":"WebSite","@id":"https:\/\/www.casaldelsinfants.org\/es\/#website","url":"https:\/\/www.casaldelsinfants.org\/es\/","name":"Casal dels Infants","description":"","publisher":{"@id":"https:\/\/www.casaldelsinfants.org\/es\/#organization"},"potentialAction":[{"@type":"SearchAction","target":{"@type":"EntryPoint","urlTemplate":"https:\/\/www.casaldelsinfants.org\/es\/?s={search_term_string}"},"query-input":{"@type":"PropertyValueSpecification","valueRequired":true,"valueName":"search_term_string"}}],"inLanguage":"es"},{"@type":"Organization","@id":"https:\/\/www.casaldelsinfants.org\/es\/#organization","name":"Casal dels Infants","url":"https:\/\/www.casaldelsinfants.org\/es\/","logo":{"@type":"ImageObject","inLanguage":"es","@id":"https:\/\/www.casaldelsinfants.org\/es\/#\/schema\/logo\/image\/","url":"https:\/\/www.casaldelsinfants.org\/wp-content\/uploads\/logo-mail.png","contentUrl":"https:\/\/www.casaldelsinfants.org\/wp-content\/uploads\/logo-mail.png","width":380,"height":158,"caption":"Casal dels Infants"},"image":{"@id":"https:\/\/www.casaldelsinfants.org\/es\/#\/schema\/logo\/image\/"},"sameAs":["https:\/\/www.facebook.com\/casalinfants","https:\/\/x.com\/casalinfants","https:\/\/www.youtube.com\/user\/CasaldelsInfants1","https:\/\/www.instagram.com\/casalinfants\/","https:\/\/www.linkedin.com\/company\/casaldelsinfants?trk=organization-update_share-update_actor-text"]},{"@type":"Person","@id":"https:\/\/www.casaldelsinfants.org\/es\/#\/schema\/person\/e870791b50f03fd60f872e1cd83910fc","name":"julia"}]}},"publishpress_future_action":{"enabled":false,"date":"2026-05-09 11:19:04","action":"change-status","newStatus":"draft","terms":[],"taxonomy":"category","extraData":[]},"publishpress_future_workflow_manual_trigger":{"enabledWorkflows":[]},"_links":{"self":[{"href":"https:\/\/www.casaldelsinfants.org\/es\/wp-json\/wp\/v2\/posts\/22111","targetHints":{"allow":["GET"]}}],"collection":[{"href":"https:\/\/www.casaldelsinfants.org\/es\/wp-json\/wp\/v2\/posts"}],"about":[{"href":"https:\/\/www.casaldelsinfants.org\/es\/wp-json\/wp\/v2\/types\/post"}],"author":[{"embeddable":true,"href":"https:\/\/www.casaldelsinfants.org\/es\/wp-json\/wp\/v2\/users\/9"}],"replies":[{"embeddable":true,"href":"https:\/\/www.casaldelsinfants.org\/es\/wp-json\/wp\/v2\/comments?post=22111"}],"version-history":[{"count":6,"href":"https:\/\/www.casaldelsinfants.org\/es\/wp-json\/wp\/v2\/posts\/22111\/revisions"}],"predecessor-version":[{"id":22368,"href":"https:\/\/www.casaldelsinfants.org\/es\/wp-json\/wp\/v2\/posts\/22111\/revisions\/22368"}],"wp:attachment":[{"href":"https:\/\/www.casaldelsinfants.org\/es\/wp-json\/wp\/v2\/media?parent=22111"}],"wp:term":[{"taxonomy":"category","embeddable":true,"href":"https:\/\/www.casaldelsinfants.org\/es\/wp-json\/wp\/v2\/categories?post=22111"},{"taxonomy":"post_tag","embeddable":true,"href":"https:\/\/www.casaldelsinfants.org\/es\/wp-json\/wp\/v2\/tags?post=22111"},{"taxonomy":"seus","embeddable":true,"href":"https:\/\/www.casaldelsinfants.org\/es\/wp-json\/wp\/v2\/seus?post=22111"},{"taxonomy":"eixos","embeddable":true,"href":"https:\/\/www.casaldelsinfants.org\/es\/wp-json\/wp\/v2\/eixos?post=22111"}],"curies":[{"name":"wp","href":"https:\/\/api.w.org\/{rel}","templated":true}]}}