{"id":22492,"date":"2024-07-02T12:59:27","date_gmt":"2024-07-02T10:59:27","guid":{"rendered":"https:\/\/www.casaldelsinfants.org\/?p=22492"},"modified":"2024-07-02T12:59:27","modified_gmt":"2024-07-02T10:59:27","slug":"la-escuela-de-verano-llena-llefia-de-actividades-comunitarias","status":"publish","type":"post","link":"https:\/\/www.casaldelsinfants.org\/es\/actualidad\/la-escuela-de-verano-llena-llefia-de-actividades-comunitarias\/","title":{"rendered":"La Escuela de Verano llena Llefi\u00e0 de actividades comunitarias"},"content":{"rendered":"<p>Este julio, por tercer a\u00f1o conscutivo, vuelve la Escuela de Verano del Casal dels Infants de Badalona. Se trata de una programaci\u00f3n de actividades comunitarias y talleres en el barrio de Llefi\u00e0, gratuitas y abiertas a la participaci\u00f3n de todo el mundo.<\/p>\n<p>El objetivo de la Escuela de Verano es dinamizar un espacio que sea un punto de encuentro, intercambio y aprendizaje para el vecindario. Quiere fomentar la participaci\u00f3n comunitaria durante el verano y garantizar ratos de diversi\u00f3n compartida a ni\u00f1os, ni\u00f1as y familias, fortaleciendo los v\u00ednculos en el barrio.<\/p>\n<p>Las propuestas de actividades son muy variadas, cada una de ellas adaptadas a un grupo de edad o abierta a todo el p\u00fablico. As\u00ed, habr\u00e1 talleres orientados a la promoci\u00f3n de h\u00e1bitos saludables y de cocina, talleres art\u00edsticos, como de fotograf\u00eda, costura o experimentaci\u00f3n con iluminaci\u00f3n, y de deportes, como yoga. Tambi\u00e9n hay actividades para desarrollar diferentes aprendizajes, como la ludoteca en catal\u00e1n para familias y ni\u00f1os y ni\u00f1as de 0 a 6 a\u00f1os, y un Speed Dating para practicar entrevistas de trabajo con empresas. Para j\u00f3venes, hay una actividad de juegos de rol, y tambi\u00e9n habr\u00e1 espacio para un mercado de intercambio de objetos de segunda mano para todo el barrio.<\/p>\n<div id=\"attachment_22493\" style=\"width: 372px\" class=\"wp-caption aligncenter\"><img decoding=\"async\" aria-describedby=\"caption-attachment-22493\" class=\"wp-image-22493 size-thumbnail\" src=\"https:\/\/www.casaldelsinfants.org\/wp-content\/uploads\/\/WhatsApp-Image-2024-06-25-at-15.06.13-1-362x512.jpeg\" alt=\"La programaci\u00f3 de l'Escola d'Estiu del Casal dels Infants a Llefi\u00e0 consisteix en activitats comunit\u00e0ries gratu\u00eftes per a infants i fam\u00edlies.\" width=\"362\" height=\"512\" \/><p id=\"caption-attachment-22493\" class=\"wp-caption-text\">Programa de la Escola de Verano del Casal dels Infants en Llefi\u00e0<\/p><\/div>\n<p>&nbsp;<\/p>\n<p>Como novedad este a\u00f1o, se ha incorporado una de las actividades del <a href=\"https:\/\/www.casaldelsinfants.org\/es\/actualidad\/primerajornadatictac\/\">Tic Tac<\/a>, el programa transversal del Casal dels Infants para la inclusi\u00f3n digital. En la actividad Makey Makey se utiliza un dispositivo de interficie para experimentar con la conducci\u00f3n de electricidad entre distintos materiales.<\/p>\n<h2>\u00bfC\u00f3mo apuntarse a las actividades de la Escula de Verano del Casal dels Infants de Badalona?<\/h2>\n<p>Las actividades se har\u00e1n en la Betsaida, nuestra sede en Badalona (<a href=\"https:\/\/maps.app.goo.gl\/M8dpLUgpBrGqdCMq9\">carrer de les Monges, 2-6<\/a>). Est\u00e1n abiertas a todo el mundo y son gratuitas. Se recomienda reservar plaza, ya que la participaci\u00f3n esta sujeta a la disponibilidad de plazas. Se puede hacer la reserva llamando al 931990390 o escribiendo un correo electr\u00f3nico a\u00a0badalona@casaldelsinfants.org.<\/p>\n","protected":false},"excerpt":{"rendered":"<p>Este julio, por tercer a\u00f1o conscutivo, vuelve la Escuela de Verano del Casal dels Infants de Badalona. Se trata de una programaci\u00f3n de actividades comunitarias y talleres en el barrio de Llefi\u00e0, gratuitas y abiertas a la participaci\u00f3n de todo el mundo. El objetivo de la Escuela de Verano es dinamizar un espacio que sea [&hellip;]<\/p>\n","protected":false},"author":10,"featured_media":22490,"comment_status":"open","ping_status":"open","sticky":false,"template":"","format":"standard","meta":{"_acf_changed":false,"_et_pb_use_builder":"","_et_pb_old_content":"","_et_gb_content_width":"","inline_featured_image":false,"footnotes":""},"categories":[125],"tags":[],"seus":[],"eixos":[],"class_list":["post-22492","post","type-post","status-publish","format-standard","has-post-thumbnail","hentry","category-noticias"],"acf":[],"yoast_head":"<!-- This site is optimized with the Yoast SEO plugin v27.4 - https:\/\/yoast.com\/product\/yoast-seo-wordpress\/ -->\n<title>La Escuela de Verano llena Llefi\u00e0 de actividades comunitarias - Casal dels Infants<\/title>\n<meta name=\"robots\" content=\"index, follow, max-snippet:-1, max-image-preview:large, max-video-preview:-1\" \/>\n<link rel=\"canonical\" href=\"https:\/\/www.casaldelsinfants.org\/es\/actualidad\/la-escuela-de-verano-llena-llefia-de-actividades-comunitarias\/\" \/>\n<meta property=\"og:locale\" content=\"es_ES\" \/>\n<meta property=\"og:type\" content=\"article\" \/>\n<meta property=\"og:title\" content=\"La Escuela de Verano llena Llefi\u00e0 de actividades comunitarias - Casal dels Infants\" \/>\n<meta property=\"og:description\" content=\"Este julio, por tercer a\u00f1o conscutivo, vuelve la Escuela de Verano del Casal dels Infants de Badalona. Se trata de una programaci\u00f3n de actividades comunitarias y talleres en el barrio de Llefi\u00e0, gratuitas y abiertas a la participaci\u00f3n de todo el mundo. El objetivo de la Escuela de Verano es dinamizar un espacio que sea [&hellip;]\" \/>\n<meta property=\"og:url\" content=\"https:\/\/www.casaldelsinfants.org\/es\/actualidad\/la-escuela-de-verano-llena-llefia-de-actividades-comunitarias\/\" \/>\n<meta property=\"og:site_name\" content=\"Casal dels Infants\" \/>\n<meta property=\"article:publisher\" content=\"https:\/\/www.facebook.com\/casalinfants\" \/>\n<meta property=\"article:published_time\" content=\"2024-07-02T10:59:27+00:00\" \/>\n<meta property=\"og:image\" content=\"https:\/\/www.casaldelsinfants.org\/wp-content\/uploads\/Foto-escola-estiu-Badalona-Casal-dels-Infants.webp\" \/>\n\t<meta property=\"og:image:width\" content=\"1378\" \/>\n\t<meta property=\"og:image:height\" content=\"1035\" \/>\n\t<meta property=\"og:image:type\" content=\"image\/jpeg\" \/>\n<meta name=\"author\" content=\"Pau\" \/>\n<meta name=\"twitter:card\" content=\"summary_large_image\" \/>\n<meta name=\"twitter:creator\" content=\"@casalinfants\" \/>\n<meta name=\"twitter:site\" content=\"@casalinfants\" \/>\n<meta name=\"twitter:label1\" content=\"Escrito por\" \/>\n\t<meta name=\"twitter:data1\" content=\"Pau\" \/>\n\t<meta name=\"twitter:label2\" content=\"Tiempo de lectura\" \/>\n\t<meta name=\"twitter:data2\" content=\"3 minutos\" \/>\n<script type=\"application\/ld+json\" class=\"yoast-schema-graph\">{\"@context\":\"https:\\\/\\\/schema.org\",\"@graph\":[{\"@type\":\"Article\",\"@id\":\"https:\\\/\\\/www.casaldelsinfants.org\\\/es\\\/actualidad\\\/la-escuela-de-verano-llena-llefia-de-actividades-comunitarias\\\/#article\",\"isPartOf\":{\"@id\":\"https:\\\/\\\/www.casaldelsinfants.org\\\/es\\\/actualidad\\\/la-escuela-de-verano-llena-llefia-de-actividades-comunitarias\\\/\"},\"author\":{\"name\":\"Pau\",\"@id\":\"https:\\\/\\\/www.casaldelsinfants.org\\\/es\\\/#\\\/schema\\\/person\\\/2ef4311d50d338a60b5e32ef2d303033\"},\"headline\":\"La Escuela de Verano llena Llefi\u00e0 de actividades comunitarias\",\"datePublished\":\"2024-07-02T10:59:27+00:00\",\"mainEntityOfPage\":{\"@id\":\"https:\\\/\\\/www.casaldelsinfants.org\\\/es\\\/actualidad\\\/la-escuela-de-verano-llena-llefia-de-actividades-comunitarias\\\/\"},\"wordCount\":377,\"commentCount\":0,\"publisher\":{\"@id\":\"https:\\\/\\\/www.casaldelsinfants.org\\\/es\\\/#organization\"},\"image\":{\"@id\":\"https:\\\/\\\/www.casaldelsinfants.org\\\/es\\\/actualidad\\\/la-escuela-de-verano-llena-llefia-de-actividades-comunitarias\\\/#primaryimage\"},\"thumbnailUrl\":\"https:\\\/\\\/www.casaldelsinfants.org\\\/wp-content\\\/uploads\\\/Foto-escola-estiu-Badalona-Casal-dels-Infants.webp\",\"articleSection\":[\"Noticia\"],\"inLanguage\":\"es\",\"potentialAction\":[{\"@type\":\"CommentAction\",\"name\":\"Comment\",\"target\":[\"https:\\\/\\\/www.casaldelsinfants.org\\\/es\\\/actualidad\\\/la-escuela-de-verano-llena-llefia-de-actividades-comunitarias\\\/#respond\"]}]},{\"@type\":\"WebPage\",\"@id\":\"https:\\\/\\\/www.casaldelsinfants.org\\\/es\\\/actualidad\\\/la-escuela-de-verano-llena-llefia-de-actividades-comunitarias\\\/\",\"url\":\"https:\\\/\\\/www.casaldelsinfants.org\\\/es\\\/actualidad\\\/la-escuela-de-verano-llena-llefia-de-actividades-comunitarias\\\/\",\"name\":\"La Escuela de Verano llena Llefi\u00e0 de actividades comunitarias - Casal dels Infants\",\"isPartOf\":{\"@id\":\"https:\\\/\\\/www.casaldelsinfants.org\\\/es\\\/#website\"},\"primaryImageOfPage\":{\"@id\":\"https:\\\/\\\/www.casaldelsinfants.org\\\/es\\\/actualidad\\\/la-escuela-de-verano-llena-llefia-de-actividades-comunitarias\\\/#primaryimage\"},\"image\":{\"@id\":\"https:\\\/\\\/www.casaldelsinfants.org\\\/es\\\/actualidad\\\/la-escuela-de-verano-llena-llefia-de-actividades-comunitarias\\\/#primaryimage\"},\"thumbnailUrl\":\"https:\\\/\\\/www.casaldelsinfants.org\\\/wp-content\\\/uploads\\\/Foto-escola-estiu-Badalona-Casal-dels-Infants.webp\",\"datePublished\":\"2024-07-02T10:59:27+00:00\",\"breadcrumb\":{\"@id\":\"https:\\\/\\\/www.casaldelsinfants.org\\\/es\\\/actualidad\\\/la-escuela-de-verano-llena-llefia-de-actividades-comunitarias\\\/#breadcrumb\"},\"inLanguage\":\"es\",\"potentialAction\":[{\"@type\":\"ReadAction\",\"target\":[\"https:\\\/\\\/www.casaldelsinfants.org\\\/es\\\/actualidad\\\/la-escuela-de-verano-llena-llefia-de-actividades-comunitarias\\\/\"]}]},{\"@type\":\"ImageObject\",\"inLanguage\":\"es\",\"@id\":\"https:\\\/\\\/www.casaldelsinfants.org\\\/es\\\/actualidad\\\/la-escuela-de-verano-llena-llefia-de-actividades-comunitarias\\\/#primaryimage\",\"url\":\"https:\\\/\\\/www.casaldelsinfants.org\\\/wp-content\\\/uploads\\\/Foto-escola-estiu-Badalona-Casal-dels-Infants.webp\",\"contentUrl\":\"https:\\\/\\\/www.casaldelsinfants.org\\\/wp-content\\\/uploads\\\/Foto-escola-estiu-Badalona-Casal-dels-Infants.webp\",\"width\":1378,\"height\":1035,\"caption\":\"L'Escola d'Estiu de Llefi\u00e0 del Casal dels Infants ofereix activitats comunit\u00e0ries a infants i fam\u00edlies\"},{\"@type\":\"BreadcrumbList\",\"@id\":\"https:\\\/\\\/www.casaldelsinfants.org\\\/es\\\/actualidad\\\/la-escuela-de-verano-llena-llefia-de-actividades-comunitarias\\\/#breadcrumb\",\"itemListElement\":[{\"@type\":\"ListItem\",\"position\":1,\"name\":\"Inici\",\"item\":\"https:\\\/\\\/www.casaldelsinfants.org\\\/es\\\/\"},{\"@type\":\"ListItem\",\"position\":2,\"name\":\"La Escuela de Verano llena Llefi\u00e0 de actividades comunitarias\"}]},{\"@type\":\"WebSite\",\"@id\":\"https:\\\/\\\/www.casaldelsinfants.org\\\/es\\\/#website\",\"url\":\"https:\\\/\\\/www.casaldelsinfants.org\\\/es\\\/\",\"name\":\"Casal dels Infants\",\"description\":\"\",\"publisher\":{\"@id\":\"https:\\\/\\\/www.casaldelsinfants.org\\\/es\\\/#organization\"},\"potentialAction\":[{\"@type\":\"SearchAction\",\"target\":{\"@type\":\"EntryPoint\",\"urlTemplate\":\"https:\\\/\\\/www.casaldelsinfants.org\\\/es\\\/?s={search_term_string}\"},\"query-input\":{\"@type\":\"PropertyValueSpecification\",\"valueRequired\":true,\"valueName\":\"search_term_string\"}}],\"inLanguage\":\"es\"},{\"@type\":\"Organization\",\"@id\":\"https:\\\/\\\/www.casaldelsinfants.org\\\/es\\\/#organization\",\"name\":\"Casal dels Infants\",\"url\":\"https:\\\/\\\/www.casaldelsinfants.org\\\/es\\\/\",\"logo\":{\"@type\":\"ImageObject\",\"inLanguage\":\"es\",\"@id\":\"https:\\\/\\\/www.casaldelsinfants.org\\\/es\\\/#\\\/schema\\\/logo\\\/image\\\/\",\"url\":\"https:\\\/\\\/www.casaldelsinfants.org\\\/wp-content\\\/uploads\\\/logo-mail.png\",\"contentUrl\":\"https:\\\/\\\/www.casaldelsinfants.org\\\/wp-content\\\/uploads\\\/logo-mail.png\",\"width\":380,\"height\":158,\"caption\":\"Casal dels Infants\"},\"image\":{\"@id\":\"https:\\\/\\\/www.casaldelsinfants.org\\\/es\\\/#\\\/schema\\\/logo\\\/image\\\/\"},\"sameAs\":[\"https:\\\/\\\/www.facebook.com\\\/casalinfants\",\"https:\\\/\\\/x.com\\\/casalinfants\",\"https:\\\/\\\/www.youtube.com\\\/user\\\/CasaldelsInfants1\",\"https:\\\/\\\/www.instagram.com\\\/casalinfants\\\/\",\"https:\\\/\\\/www.linkedin.com\\\/company\\\/casaldelsinfants?trk=organization-update_share-update_actor-text\"]},{\"@type\":\"Person\",\"@id\":\"https:\\\/\\\/www.casaldelsinfants.org\\\/es\\\/#\\\/schema\\\/person\\\/2ef4311d50d338a60b5e32ef2d303033\",\"name\":\"Pau\"}]}<\/script>\n<!-- \/ Yoast SEO plugin. -->","yoast_head_json":{"title":"La Escuela de Verano llena Llefi\u00e0 de actividades comunitarias - Casal dels Infants","robots":{"index":"index","follow":"follow","max-snippet":"max-snippet:-1","max-image-preview":"max-image-preview:large","max-video-preview":"max-video-preview:-1"},"canonical":"https:\/\/www.casaldelsinfants.org\/es\/actualidad\/la-escuela-de-verano-llena-llefia-de-actividades-comunitarias\/","og_locale":"es_ES","og_type":"article","og_title":"La Escuela de Verano llena Llefi\u00e0 de actividades comunitarias - Casal dels Infants","og_description":"Este julio, por tercer a\u00f1o conscutivo, vuelve la Escuela de Verano del Casal dels Infants de Badalona. Se trata de una programaci\u00f3n de actividades comunitarias y talleres en el barrio de Llefi\u00e0, gratuitas y abiertas a la participaci\u00f3n de todo el mundo. El objetivo de la Escuela de Verano es dinamizar un espacio que sea [&hellip;]","og_url":"https:\/\/www.casaldelsinfants.org\/es\/actualidad\/la-escuela-de-verano-llena-llefia-de-actividades-comunitarias\/","og_site_name":"Casal dels Infants","article_publisher":"https:\/\/www.facebook.com\/casalinfants","article_published_time":"2024-07-02T10:59:27+00:00","og_image":[{"width":1378,"height":1035,"url":"https:\/\/www.casaldelsinfants.org\/wp-content\/uploads\/Foto-escola-estiu-Badalona-Casal-dels-Infants.webp","type":"image\/jpeg"}],"author":"Pau","twitter_card":"summary_large_image","twitter_creator":"@casalinfants","twitter_site":"@casalinfants","twitter_misc":{"Escrito por":"Pau","Tiempo de lectura":"3 minutos"},"schema":{"@context":"https:\/\/schema.org","@graph":[{"@type":"Article","@id":"https:\/\/www.casaldelsinfants.org\/es\/actualidad\/la-escuela-de-verano-llena-llefia-de-actividades-comunitarias\/#article","isPartOf":{"@id":"https:\/\/www.casaldelsinfants.org\/es\/actualidad\/la-escuela-de-verano-llena-llefia-de-actividades-comunitarias\/"},"author":{"name":"Pau","@id":"https:\/\/www.casaldelsinfants.org\/es\/#\/schema\/person\/2ef4311d50d338a60b5e32ef2d303033"},"headline":"La Escuela de Verano llena Llefi\u00e0 de actividades comunitarias","datePublished":"2024-07-02T10:59:27+00:00","mainEntityOfPage":{"@id":"https:\/\/www.casaldelsinfants.org\/es\/actualidad\/la-escuela-de-verano-llena-llefia-de-actividades-comunitarias\/"},"wordCount":377,"commentCount":0,"publisher":{"@id":"https:\/\/www.casaldelsinfants.org\/es\/#organization"},"image":{"@id":"https:\/\/www.casaldelsinfants.org\/es\/actualidad\/la-escuela-de-verano-llena-llefia-de-actividades-comunitarias\/#primaryimage"},"thumbnailUrl":"https:\/\/www.casaldelsinfants.org\/wp-content\/uploads\/Foto-escola-estiu-Badalona-Casal-dels-Infants.webp","articleSection":["Noticia"],"inLanguage":"es","potentialAction":[{"@type":"CommentAction","name":"Comment","target":["https:\/\/www.casaldelsinfants.org\/es\/actualidad\/la-escuela-de-verano-llena-llefia-de-actividades-comunitarias\/#respond"]}]},{"@type":"WebPage","@id":"https:\/\/www.casaldelsinfants.org\/es\/actualidad\/la-escuela-de-verano-llena-llefia-de-actividades-comunitarias\/","url":"https:\/\/www.casaldelsinfants.org\/es\/actualidad\/la-escuela-de-verano-llena-llefia-de-actividades-comunitarias\/","name":"La Escuela de Verano llena Llefi\u00e0 de actividades comunitarias - Casal dels Infants","isPartOf":{"@id":"https:\/\/www.casaldelsinfants.org\/es\/#website"},"primaryImageOfPage":{"@id":"https:\/\/www.casaldelsinfants.org\/es\/actualidad\/la-escuela-de-verano-llena-llefia-de-actividades-comunitarias\/#primaryimage"},"image":{"@id":"https:\/\/www.casaldelsinfants.org\/es\/actualidad\/la-escuela-de-verano-llena-llefia-de-actividades-comunitarias\/#primaryimage"},"thumbnailUrl":"https:\/\/www.casaldelsinfants.org\/wp-content\/uploads\/Foto-escola-estiu-Badalona-Casal-dels-Infants.webp","datePublished":"2024-07-02T10:59:27+00:00","breadcrumb":{"@id":"https:\/\/www.casaldelsinfants.org\/es\/actualidad\/la-escuela-de-verano-llena-llefia-de-actividades-comunitarias\/#breadcrumb"},"inLanguage":"es","potentialAction":[{"@type":"ReadAction","target":["https:\/\/www.casaldelsinfants.org\/es\/actualidad\/la-escuela-de-verano-llena-llefia-de-actividades-comunitarias\/"]}]},{"@type":"ImageObject","inLanguage":"es","@id":"https:\/\/www.casaldelsinfants.org\/es\/actualidad\/la-escuela-de-verano-llena-llefia-de-actividades-comunitarias\/#primaryimage","url":"https:\/\/www.casaldelsinfants.org\/wp-content\/uploads\/Foto-escola-estiu-Badalona-Casal-dels-Infants.webp","contentUrl":"https:\/\/www.casaldelsinfants.org\/wp-content\/uploads\/Foto-escola-estiu-Badalona-Casal-dels-Infants.webp","width":1378,"height":1035,"caption":"L'Escola d'Estiu de Llefi\u00e0 del Casal dels Infants ofereix activitats comunit\u00e0ries a infants i fam\u00edlies"},{"@type":"BreadcrumbList","@id":"https:\/\/www.casaldelsinfants.org\/es\/actualidad\/la-escuela-de-verano-llena-llefia-de-actividades-comunitarias\/#breadcrumb","itemListElement":[{"@type":"ListItem","position":1,"name":"Inici","item":"https:\/\/www.casaldelsinfants.org\/es\/"},{"@type":"ListItem","position":2,"name":"La Escuela de Verano llena Llefi\u00e0 de actividades comunitarias"}]},{"@type":"WebSite","@id":"https:\/\/www.casaldelsinfants.org\/es\/#website","url":"https:\/\/www.casaldelsinfants.org\/es\/","name":"Casal dels Infants","description":"","publisher":{"@id":"https:\/\/www.casaldelsinfants.org\/es\/#organization"},"potentialAction":[{"@type":"SearchAction","target":{"@type":"EntryPoint","urlTemplate":"https:\/\/www.casaldelsinfants.org\/es\/?s={search_term_string}"},"query-input":{"@type":"PropertyValueSpecification","valueRequired":true,"valueName":"search_term_string"}}],"inLanguage":"es"},{"@type":"Organization","@id":"https:\/\/www.casaldelsinfants.org\/es\/#organization","name":"Casal dels Infants","url":"https:\/\/www.casaldelsinfants.org\/es\/","logo":{"@type":"ImageObject","inLanguage":"es","@id":"https:\/\/www.casaldelsinfants.org\/es\/#\/schema\/logo\/image\/","url":"https:\/\/www.casaldelsinfants.org\/wp-content\/uploads\/logo-mail.png","contentUrl":"https:\/\/www.casaldelsinfants.org\/wp-content\/uploads\/logo-mail.png","width":380,"height":158,"caption":"Casal dels Infants"},"image":{"@id":"https:\/\/www.casaldelsinfants.org\/es\/#\/schema\/logo\/image\/"},"sameAs":["https:\/\/www.facebook.com\/casalinfants","https:\/\/x.com\/casalinfants","https:\/\/www.youtube.com\/user\/CasaldelsInfants1","https:\/\/www.instagram.com\/casalinfants\/","https:\/\/www.linkedin.com\/company\/casaldelsinfants?trk=organization-update_share-update_actor-text"]},{"@type":"Person","@id":"https:\/\/www.casaldelsinfants.org\/es\/#\/schema\/person\/2ef4311d50d338a60b5e32ef2d303033","name":"Pau"}]}},"publishpress_future_action":{"enabled":false,"date":"2026-05-09 11:39:41","action":"change-status","newStatus":"draft","terms":[],"taxonomy":"category","extraData":[]},"publishpress_future_workflow_manual_trigger":{"enabledWorkflows":[]},"_links":{"self":[{"href":"https:\/\/www.casaldelsinfants.org\/es\/wp-json\/wp\/v2\/posts\/22492","targetHints":{"allow":["GET"]}}],"collection":[{"href":"https:\/\/www.casaldelsinfants.org\/es\/wp-json\/wp\/v2\/posts"}],"about":[{"href":"https:\/\/www.casaldelsinfants.org\/es\/wp-json\/wp\/v2\/types\/post"}],"author":[{"embeddable":true,"href":"https:\/\/www.casaldelsinfants.org\/es\/wp-json\/wp\/v2\/users\/10"}],"replies":[{"embeddable":true,"href":"https:\/\/www.casaldelsinfants.org\/es\/wp-json\/wp\/v2\/comments?post=22492"}],"version-history":[{"count":1,"href":"https:\/\/www.casaldelsinfants.org\/es\/wp-json\/wp\/v2\/posts\/22492\/revisions"}],"predecessor-version":[{"id":22499,"href":"https:\/\/www.casaldelsinfants.org\/es\/wp-json\/wp\/v2\/posts\/22492\/revisions\/22499"}],"wp:featuredmedia":[{"embeddable":true,"href":"https:\/\/www.casaldelsinfants.org\/es\/wp-json\/wp\/v2\/media\/22490"}],"wp:attachment":[{"href":"https:\/\/www.casaldelsinfants.org\/es\/wp-json\/wp\/v2\/media?parent=22492"}],"wp:term":[{"taxonomy":"category","embeddable":true,"href":"https:\/\/www.casaldelsinfants.org\/es\/wp-json\/wp\/v2\/categories?post=22492"},{"taxonomy":"post_tag","embeddable":true,"href":"https:\/\/www.casaldelsinfants.org\/es\/wp-json\/wp\/v2\/tags?post=22492"},{"taxonomy":"seus","embeddable":true,"href":"https:\/\/www.casaldelsinfants.org\/es\/wp-json\/wp\/v2\/seus?post=22492"},{"taxonomy":"eixos","embeddable":true,"href":"https:\/\/www.casaldelsinfants.org\/es\/wp-json\/wp\/v2\/eixos?post=22492"}],"curies":[{"name":"wp","href":"https:\/\/api.w.org\/{rel}","templated":true}]}}