{"id":23788,"date":"2024-07-30T17:44:16","date_gmt":"2024-07-30T15:44:16","guid":{"rendered":"https:\/\/www.casaldelsinfants.org\/?p=23788"},"modified":"2024-07-30T17:44:16","modified_gmt":"2024-07-30T15:44:16","slug":"tallerderaptribadecast","status":"publish","type":"post","link":"https:\/\/www.casaldelsinfants.org\/es\/actualidad\/tallerderaptribadecast\/","title":{"rendered":"Rimas y cr\u00edtica social con el taller de rap de Tribade y Versembrant"},"content":{"rendered":"<p><iframe loading=\"lazy\" title=\"Taller de rap y hip-hop con Tribade y Versembrant\" width=\"1080\" height=\"608\" src=\"https:\/\/www.youtube.com\/embed\/Zm0ZynNJSrU?feature=oembed&#038;enablejsapi=1&#038;origin=https:\/\/www.casaldelsinfants.org\"  allow=\"accelerometer; autoplay; clipboard-write; encrypted-media; gyroscope; picture-in-picture; web-share\" referrerpolicy=\"strict-origin-when-cross-origin\" allowfullscreen><\/iframe><\/p>\n<p>&nbsp;<\/p>\n<p><span style=\"font-weight: 400;\">\u201c\u00a1Le damos la entrada en tres, dos, uno!\u00bb, sonaba en el Casal dels Infants del Raval antes que un grupo de adolescentes empezara a cantar los versos de rap que hab\u00edan escrito aquella ma\u00f1ana. Aquellos versos eran el resultado del <strong>taller de rap e hip-hop con Tribade<\/strong>, dentro del proyecto de la escuela popular <span style=\"text-decoration: underline;\"><a href=\"https:\/\/versembrant.cat\/\" target=\"_blank\" rel=\"noopener\">Versembrant<\/a><\/span>, durante una de las actividades del Casal d&#8217;estiu.\u00a0<\/span><\/p>\n<p>As\u00ed, los componentes de Tribade, Alba, de nombre art\u00edstico Bittah, y Diana, de nombre art\u00edstico Masiva Lulla,<strong> visitaron<\/strong>, primero, <strong>los chicos y chicas del Espacio Socioeducativo Adolescente<\/strong>, y despu\u00e9s los del <strong>Centro Abierto Adolescente del Raval<\/strong>, durante el <span style=\"text-decoration: underline;\"><a href=\"https:\/\/www.casaldelsinfants.org\/dona-ara-estiu\/\" target=\"_blank\" rel=\"noopener\">Casal de verano<\/a><\/span>. El taller consisti\u00f3 en una aproximaci\u00f3n t\u00e9cnica al rap, la introducci\u00f3n de diferentes temas sociales para el debate, un rato de composici\u00f3n y, para terminar, cantar los versos delante del resto del grupo.<\/p>\n<p>\u00abEl rap es una m\u00fasica que, por c\u00f3mo est\u00e1 configurada, por su origen, es una m\u00fasica muy cercana a la gente adolescente o la gente joven\u00bb, explica Bittah. \u00abAdem\u00e1s, explicando las cosas b\u00e1sicas a nivel t\u00e9cnico, es una <strong>m\u00fasica muy asequible y s\u00faper democr\u00e1tica. Les da mucha libertad para que expresen sus opiniones<\/strong>\u00ab, a\u00f1ade.<\/p>\n<p>&nbsp;<\/p>\n<h2><b>El rap y el hip-hop como herramientas de expresi\u00f3n<\/b><\/h2>\n<p><span style=\"font-weight: 400;\">El <strong>rap<\/strong> &#8211;<\/span><i><span style=\"font-weight: 400;\">rhythm and poetry<\/span><\/i><span style=\"font-weight: 400;\"> en ingl\u00e9s- <strong>es un g\u00e9nero que se caracteriza, principalmente, por las rimas<\/strong>, tan asonantes como consonantes, y la<strong> estructura de estrofas de cuatro versos<\/strong>, tambi\u00e9n dichos \u00abbarras\u00bb. Esta introducci\u00f3n sencilla de su t\u00e9cnica, que va sumando dificultad cuando se juega con el ritmo, los recursos l\u00edricos y las rimas ingeniosas, facilita que cualquier persona pueda experimentar con el g\u00e9nero.\u00a0<\/span><\/p>\n<p>&nbsp;<\/p>\n<p><img decoding=\"async\" class=\"wp-image-23781\" src=\"https:\/\/www.casaldelsinfants.org\/wp-content\/uploads\/\/1440084-2048x1152.jpg\" alt=\"Nois i noies en una aula, mentre participen en una din\u00e0mica del taller.\" width=\"980\" height=\"551\" \/><\/p>\n<p>&nbsp;<\/p>\n<p><span style=\"font-weight: 400;\">Mientras los y las adolescentes se familiarizaban con la t\u00e9cnica de este g\u00e9nero urbano, Alba y Diana introduc\u00edan tambi\u00e9n el tema que les podr\u00eda servir para inspirarse a la hora de escribir sus versos: <strong>los roles y estereotipos de g\u00e9nero<\/strong>.\u00a0<\/span><\/p>\n<p>De esta manera, despu\u00e9s de diferentes actividades para romper el hielo, porque los chicos y chicas empezaran a reflexionar sobre el g\u00e9nero y pensaran en palabras que rimaban entre s\u00ed, los y las adolescentes se pusieron por \u00abcolles\u00bb para escribir sus propios versos. <strong>En terminar la composici\u00f3n, cada grupo rape\u00f3 sus versos delante de los compa\u00f1eros y compa\u00f1eras<\/strong>.<\/p>\n<p>\u00abHan hablado de experiencias propias, de lo que les gusta hacer, lo que no les gusta hacer, c\u00f3mo ven el futuro. Entre los chicos destaca el malestar de cuando un chico de su edad no cumple con los requisitos de \u00e9xito; de las chicas ha surgido m\u00e1s empoderamiento. Tambi\u00e9n ha salido, de manera natural, el <strong>racismo<\/strong>, el no querer encontrarse con prejuicios\u00bb, recordaba Bittah.<\/p>\n<p>&nbsp;<\/p>\n<p><img decoding=\"async\" class=\"wp-image-23783 aligncenter\" src=\"https:\/\/www.casaldelsinfants.org\/wp-content\/uploads\/\/1440234_editada-2048x1152.jpg\" alt=\"Tribade amb els nois i noies del Centre Obert Adolescent del Raval\" width=\"1159\" height=\"652\" \/><\/p>\n<p>&nbsp;<\/p>\n<p><span style=\"font-weight: 400;\">\u201cTodos los grupos han salido a cantar sus rimas, <strong>lo han hecho muy bien y estamos muy contentas<\/strong>\u00ab, explica Masiva Lulla. <strong>Fue un d\u00eda muy especial para Diana, que anteriormente hab\u00eda trabajado como educadora en el Casal dels Infants<\/strong>. \u00abMe ha hecho mucha ilusi\u00f3n hacer este taller. Echo de menos la intervenci\u00f3n directa, y me ha gustado mucho volver. He visto algunas caras conocidas, que est\u00e1n mucho m\u00e1s grandes\u00bb, dice Diana con una sonrisa.\u00a0<\/span><\/p>\n<p>&nbsp;<\/p>\n<h2><b>Rap feminista con Cosmika en La Mina<\/b><\/h2>\n<p><span style=\"font-weight: 400;\">El rap tambi\u00e9n lleg\u00f3 en e<\/span><span style=\"font-weight: 400;\">l<strong> Casal dels Infants Bes\u00f2s-La Mina<\/strong>, de la mano de la rapera <strong>Cosmika<\/strong>. Los ni\u00f1os y ni\u00f1as de entre 10 y 12 a\u00f1os del Centro Socioeducativo El Rac\u00f3 recibieron a la cantante en un taller de rap feminista. En el taller, los ni\u00f1os y ni\u00f1as aprendieron sobre los g\u00e9neros del rap y el hip-hop, y <strong>combinaron las rimas con la cr\u00edtica social<\/strong>.\u00a0<\/span><\/p>\n<p>&nbsp;<\/p>\n<p><img decoding=\"async\" class=\"wp-image-23785 aligncenter\" src=\"https:\/\/www.casaldelsinfants.org\/wp-content\/uploads\/WhatsApp-Image-2024-07-10-at-14.37.35_editada.webp\" alt=\"Nens i nenes del Centre Socioeducatiu El Rac\u00f3 amb la rapera Cosmika\" width=\"1026\" height=\"684\" srcset=\"https:\/\/www.casaldelsinfants.org\/wp-content\/uploads\/WhatsApp-Image-2024-07-10-at-14.37.35_editada-980x653.webp 980w, https:\/\/www.casaldelsinfants.org\/wp-content\/uploads\/WhatsApp-Image-2024-07-10-at-14.37.35_editada-480x320.webp 480w\" sizes=\"(min-width: 0px) and (max-width: 480px) 480px, (min-width: 481px) and (max-width: 980px) 980px, (min-width: 981px) 1026px, 100vw\" \/><\/p>\n","protected":false},"excerpt":{"rendered":"<p>&nbsp; \u201c\u00a1Le damos la entrada en tres, dos, uno!\u00bb, sonaba en el Casal dels Infants del Raval antes que un grupo de adolescentes empezara a cantar los versos de rap que hab\u00edan escrito aquella ma\u00f1ana. Aquellos versos eran el resultado del taller de rap e hip-hop con Tribade, dentro del proyecto de la escuela popular [&hellip;]<\/p>\n","protected":false},"author":9,"featured_media":0,"comment_status":"open","ping_status":"open","sticky":false,"template":"","format":"standard","meta":{"_acf_changed":false,"_et_pb_use_builder":"","_et_pb_old_content":"","_et_gb_content_width":"","inline_featured_image":false,"footnotes":""},"categories":[125],"tags":[],"seus":[157],"eixos":[226],"class_list":["post-23788","post","type-post","status-publish","format-standard","hentry","category-noticias","seus-el-raval","eixos-infancia-i-adolescencia-es-3"],"acf":[],"yoast_head":"<!-- This site is optimized with the Yoast SEO plugin v27.4 - https:\/\/yoast.com\/product\/yoast-seo-wordpress\/ -->\n<title>taller de rap e hip-hop con Tribade y Versembrant - Casal dels Infants<\/title>\n<meta name=\"description\" content=\"Chicos y chicas del Casal dels Infants del Raval participaron en un taller de rap e hip-hop con Tribade y Versembrant.\" \/>\n<meta name=\"robots\" content=\"index, follow, max-snippet:-1, max-image-preview:large, max-video-preview:-1\" \/>\n<link rel=\"canonical\" href=\"https:\/\/www.casaldelsinfants.org\/es\/actualidad\/tallerderaptribadecast\/\" \/>\n<meta property=\"og:locale\" content=\"es_ES\" \/>\n<meta property=\"og:type\" content=\"article\" \/>\n<meta property=\"og:title\" content=\"taller de rap e hip-hop con Tribade y Versembrant - Casal dels Infants\" \/>\n<meta property=\"og:description\" content=\"Chicos y chicas del Casal dels Infants del Raval participaron en un taller de rap e hip-hop con Tribade y Versembrant.\" \/>\n<meta property=\"og:url\" content=\"https:\/\/www.casaldelsinfants.org\/es\/actualidad\/tallerderaptribadecast\/\" \/>\n<meta property=\"og:site_name\" content=\"Casal dels Infants\" \/>\n<meta property=\"article:publisher\" content=\"https:\/\/www.facebook.com\/casalinfants\" \/>\n<meta property=\"article:published_time\" content=\"2024-07-30T15:44:16+00:00\" \/>\n<meta property=\"og:image\" content=\"https:\/\/www.casaldelsinfants.org\/wp-content\/uploads\/\/1440084-2048x1152.jpg\" \/>\n<meta name=\"author\" content=\"julia\" \/>\n<meta name=\"twitter:card\" content=\"summary_large_image\" \/>\n<meta name=\"twitter:creator\" content=\"@casalinfants\" \/>\n<meta name=\"twitter:site\" content=\"@casalinfants\" \/>\n<meta name=\"twitter:label1\" content=\"Escrito por\" \/>\n\t<meta name=\"twitter:data1\" content=\"julia\" \/>\n\t<meta name=\"twitter:label2\" content=\"Tiempo de lectura\" \/>\n\t<meta name=\"twitter:data2\" content=\"4 minutos\" \/>\n<script type=\"application\/ld+json\" class=\"yoast-schema-graph\">{\"@context\":\"https:\\\/\\\/schema.org\",\"@graph\":[{\"@type\":\"Article\",\"@id\":\"https:\\\/\\\/www.casaldelsinfants.org\\\/es\\\/actualidad\\\/tallerderaptribadecast\\\/#article\",\"isPartOf\":{\"@id\":\"https:\\\/\\\/www.casaldelsinfants.org\\\/es\\\/actualidad\\\/tallerderaptribadecast\\\/\"},\"author\":{\"name\":\"julia\",\"@id\":\"https:\\\/\\\/www.casaldelsinfants.org\\\/es\\\/#\\\/schema\\\/person\\\/e870791b50f03fd60f872e1cd83910fc\"},\"headline\":\"Rimas y cr\u00edtica social con el taller de rap de Tribade y Versembrant\",\"datePublished\":\"2024-07-30T15:44:16+00:00\",\"mainEntityOfPage\":{\"@id\":\"https:\\\/\\\/www.casaldelsinfants.org\\\/es\\\/actualidad\\\/tallerderaptribadecast\\\/\"},\"wordCount\":660,\"commentCount\":0,\"publisher\":{\"@id\":\"https:\\\/\\\/www.casaldelsinfants.org\\\/es\\\/#organization\"},\"image\":{\"@id\":\"https:\\\/\\\/www.casaldelsinfants.org\\\/es\\\/actualidad\\\/tallerderaptribadecast\\\/#primaryimage\"},\"thumbnailUrl\":\"https:\\\/\\\/www.casaldelsinfants.org\\\/wp-content\\\/uploads\\\/\\\/1440084-2048x1152.jpg\",\"articleSection\":[\"Noticia\"],\"inLanguage\":\"es\",\"potentialAction\":[{\"@type\":\"CommentAction\",\"name\":\"Comment\",\"target\":[\"https:\\\/\\\/www.casaldelsinfants.org\\\/es\\\/actualidad\\\/tallerderaptribadecast\\\/#respond\"]}]},{\"@type\":\"WebPage\",\"@id\":\"https:\\\/\\\/www.casaldelsinfants.org\\\/es\\\/actualidad\\\/tallerderaptribadecast\\\/\",\"url\":\"https:\\\/\\\/www.casaldelsinfants.org\\\/es\\\/actualidad\\\/tallerderaptribadecast\\\/\",\"name\":\"taller de rap e hip-hop con Tribade y Versembrant - Casal dels Infants\",\"isPartOf\":{\"@id\":\"https:\\\/\\\/www.casaldelsinfants.org\\\/es\\\/#website\"},\"primaryImageOfPage\":{\"@id\":\"https:\\\/\\\/www.casaldelsinfants.org\\\/es\\\/actualidad\\\/tallerderaptribadecast\\\/#primaryimage\"},\"image\":{\"@id\":\"https:\\\/\\\/www.casaldelsinfants.org\\\/es\\\/actualidad\\\/tallerderaptribadecast\\\/#primaryimage\"},\"thumbnailUrl\":\"https:\\\/\\\/www.casaldelsinfants.org\\\/wp-content\\\/uploads\\\/\\\/1440084-2048x1152.jpg\",\"datePublished\":\"2024-07-30T15:44:16+00:00\",\"description\":\"Chicos y chicas del Casal dels Infants del Raval participaron en un taller de rap e hip-hop con Tribade y Versembrant.\",\"breadcrumb\":{\"@id\":\"https:\\\/\\\/www.casaldelsinfants.org\\\/es\\\/actualidad\\\/tallerderaptribadecast\\\/#breadcrumb\"},\"inLanguage\":\"es\",\"potentialAction\":[{\"@type\":\"ReadAction\",\"target\":[\"https:\\\/\\\/www.casaldelsinfants.org\\\/es\\\/actualidad\\\/tallerderaptribadecast\\\/\"]}]},{\"@type\":\"ImageObject\",\"inLanguage\":\"es\",\"@id\":\"https:\\\/\\\/www.casaldelsinfants.org\\\/es\\\/actualidad\\\/tallerderaptribadecast\\\/#primaryimage\",\"url\":\"https:\\\/\\\/www.casaldelsinfants.org\\\/wp-content\\\/uploads\\\/\\\/1440084-2048x1152.jpg\",\"contentUrl\":\"https:\\\/\\\/www.casaldelsinfants.org\\\/wp-content\\\/uploads\\\/\\\/1440084-2048x1152.jpg\"},{\"@type\":\"BreadcrumbList\",\"@id\":\"https:\\\/\\\/www.casaldelsinfants.org\\\/es\\\/actualidad\\\/tallerderaptribadecast\\\/#breadcrumb\",\"itemListElement\":[{\"@type\":\"ListItem\",\"position\":1,\"name\":\"Inici\",\"item\":\"https:\\\/\\\/www.casaldelsinfants.org\\\/es\\\/\"},{\"@type\":\"ListItem\",\"position\":2,\"name\":\"Rimas y cr\u00edtica social con el taller de rap de Tribade y Versembrant\"}]},{\"@type\":\"WebSite\",\"@id\":\"https:\\\/\\\/www.casaldelsinfants.org\\\/es\\\/#website\",\"url\":\"https:\\\/\\\/www.casaldelsinfants.org\\\/es\\\/\",\"name\":\"Casal dels Infants\",\"description\":\"\",\"publisher\":{\"@id\":\"https:\\\/\\\/www.casaldelsinfants.org\\\/es\\\/#organization\"},\"potentialAction\":[{\"@type\":\"SearchAction\",\"target\":{\"@type\":\"EntryPoint\",\"urlTemplate\":\"https:\\\/\\\/www.casaldelsinfants.org\\\/es\\\/?s={search_term_string}\"},\"query-input\":{\"@type\":\"PropertyValueSpecification\",\"valueRequired\":true,\"valueName\":\"search_term_string\"}}],\"inLanguage\":\"es\"},{\"@type\":\"Organization\",\"@id\":\"https:\\\/\\\/www.casaldelsinfants.org\\\/es\\\/#organization\",\"name\":\"Casal dels Infants\",\"url\":\"https:\\\/\\\/www.casaldelsinfants.org\\\/es\\\/\",\"logo\":{\"@type\":\"ImageObject\",\"inLanguage\":\"es\",\"@id\":\"https:\\\/\\\/www.casaldelsinfants.org\\\/es\\\/#\\\/schema\\\/logo\\\/image\\\/\",\"url\":\"https:\\\/\\\/www.casaldelsinfants.org\\\/wp-content\\\/uploads\\\/logo-mail.png\",\"contentUrl\":\"https:\\\/\\\/www.casaldelsinfants.org\\\/wp-content\\\/uploads\\\/logo-mail.png\",\"width\":380,\"height\":158,\"caption\":\"Casal dels Infants\"},\"image\":{\"@id\":\"https:\\\/\\\/www.casaldelsinfants.org\\\/es\\\/#\\\/schema\\\/logo\\\/image\\\/\"},\"sameAs\":[\"https:\\\/\\\/www.facebook.com\\\/casalinfants\",\"https:\\\/\\\/x.com\\\/casalinfants\",\"https:\\\/\\\/www.youtube.com\\\/user\\\/CasaldelsInfants1\",\"https:\\\/\\\/www.instagram.com\\\/casalinfants\\\/\",\"https:\\\/\\\/www.linkedin.com\\\/company\\\/casaldelsinfants?trk=organization-update_share-update_actor-text\"]},{\"@type\":\"Person\",\"@id\":\"https:\\\/\\\/www.casaldelsinfants.org\\\/es\\\/#\\\/schema\\\/person\\\/e870791b50f03fd60f872e1cd83910fc\",\"name\":\"julia\"}]}<\/script>\n<!-- \/ Yoast SEO plugin. -->","yoast_head_json":{"title":"taller de rap e hip-hop con Tribade y Versembrant - Casal dels Infants","description":"Chicos y chicas del Casal dels Infants del Raval participaron en un taller de rap e hip-hop con Tribade y Versembrant.","robots":{"index":"index","follow":"follow","max-snippet":"max-snippet:-1","max-image-preview":"max-image-preview:large","max-video-preview":"max-video-preview:-1"},"canonical":"https:\/\/www.casaldelsinfants.org\/es\/actualidad\/tallerderaptribadecast\/","og_locale":"es_ES","og_type":"article","og_title":"taller de rap e hip-hop con Tribade y Versembrant - Casal dels Infants","og_description":"Chicos y chicas del Casal dels Infants del Raval participaron en un taller de rap e hip-hop con Tribade y Versembrant.","og_url":"https:\/\/www.casaldelsinfants.org\/es\/actualidad\/tallerderaptribadecast\/","og_site_name":"Casal dels Infants","article_publisher":"https:\/\/www.facebook.com\/casalinfants","article_published_time":"2024-07-30T15:44:16+00:00","og_image":[{"url":"https:\/\/www.casaldelsinfants.org\/wp-content\/uploads\/\/1440084-2048x1152.jpg","type":"","width":"","height":""}],"author":"julia","twitter_card":"summary_large_image","twitter_creator":"@casalinfants","twitter_site":"@casalinfants","twitter_misc":{"Escrito por":"julia","Tiempo de lectura":"4 minutos"},"schema":{"@context":"https:\/\/schema.org","@graph":[{"@type":"Article","@id":"https:\/\/www.casaldelsinfants.org\/es\/actualidad\/tallerderaptribadecast\/#article","isPartOf":{"@id":"https:\/\/www.casaldelsinfants.org\/es\/actualidad\/tallerderaptribadecast\/"},"author":{"name":"julia","@id":"https:\/\/www.casaldelsinfants.org\/es\/#\/schema\/person\/e870791b50f03fd60f872e1cd83910fc"},"headline":"Rimas y cr\u00edtica social con el taller de rap de Tribade y Versembrant","datePublished":"2024-07-30T15:44:16+00:00","mainEntityOfPage":{"@id":"https:\/\/www.casaldelsinfants.org\/es\/actualidad\/tallerderaptribadecast\/"},"wordCount":660,"commentCount":0,"publisher":{"@id":"https:\/\/www.casaldelsinfants.org\/es\/#organization"},"image":{"@id":"https:\/\/www.casaldelsinfants.org\/es\/actualidad\/tallerderaptribadecast\/#primaryimage"},"thumbnailUrl":"https:\/\/www.casaldelsinfants.org\/wp-content\/uploads\/\/1440084-2048x1152.jpg","articleSection":["Noticia"],"inLanguage":"es","potentialAction":[{"@type":"CommentAction","name":"Comment","target":["https:\/\/www.casaldelsinfants.org\/es\/actualidad\/tallerderaptribadecast\/#respond"]}]},{"@type":"WebPage","@id":"https:\/\/www.casaldelsinfants.org\/es\/actualidad\/tallerderaptribadecast\/","url":"https:\/\/www.casaldelsinfants.org\/es\/actualidad\/tallerderaptribadecast\/","name":"taller de rap e hip-hop con Tribade y Versembrant - Casal dels Infants","isPartOf":{"@id":"https:\/\/www.casaldelsinfants.org\/es\/#website"},"primaryImageOfPage":{"@id":"https:\/\/www.casaldelsinfants.org\/es\/actualidad\/tallerderaptribadecast\/#primaryimage"},"image":{"@id":"https:\/\/www.casaldelsinfants.org\/es\/actualidad\/tallerderaptribadecast\/#primaryimage"},"thumbnailUrl":"https:\/\/www.casaldelsinfants.org\/wp-content\/uploads\/\/1440084-2048x1152.jpg","datePublished":"2024-07-30T15:44:16+00:00","description":"Chicos y chicas del Casal dels Infants del Raval participaron en un taller de rap e hip-hop con Tribade y Versembrant.","breadcrumb":{"@id":"https:\/\/www.casaldelsinfants.org\/es\/actualidad\/tallerderaptribadecast\/#breadcrumb"},"inLanguage":"es","potentialAction":[{"@type":"ReadAction","target":["https:\/\/www.casaldelsinfants.org\/es\/actualidad\/tallerderaptribadecast\/"]}]},{"@type":"ImageObject","inLanguage":"es","@id":"https:\/\/www.casaldelsinfants.org\/es\/actualidad\/tallerderaptribadecast\/#primaryimage","url":"https:\/\/www.casaldelsinfants.org\/wp-content\/uploads\/\/1440084-2048x1152.jpg","contentUrl":"https:\/\/www.casaldelsinfants.org\/wp-content\/uploads\/\/1440084-2048x1152.jpg"},{"@type":"BreadcrumbList","@id":"https:\/\/www.casaldelsinfants.org\/es\/actualidad\/tallerderaptribadecast\/#breadcrumb","itemListElement":[{"@type":"ListItem","position":1,"name":"Inici","item":"https:\/\/www.casaldelsinfants.org\/es\/"},{"@type":"ListItem","position":2,"name":"Rimas y cr\u00edtica social con el taller de rap de Tribade y Versembrant"}]},{"@type":"WebSite","@id":"https:\/\/www.casaldelsinfants.org\/es\/#website","url":"https:\/\/www.casaldelsinfants.org\/es\/","name":"Casal dels Infants","description":"","publisher":{"@id":"https:\/\/www.casaldelsinfants.org\/es\/#organization"},"potentialAction":[{"@type":"SearchAction","target":{"@type":"EntryPoint","urlTemplate":"https:\/\/www.casaldelsinfants.org\/es\/?s={search_term_string}"},"query-input":{"@type":"PropertyValueSpecification","valueRequired":true,"valueName":"search_term_string"}}],"inLanguage":"es"},{"@type":"Organization","@id":"https:\/\/www.casaldelsinfants.org\/es\/#organization","name":"Casal dels Infants","url":"https:\/\/www.casaldelsinfants.org\/es\/","logo":{"@type":"ImageObject","inLanguage":"es","@id":"https:\/\/www.casaldelsinfants.org\/es\/#\/schema\/logo\/image\/","url":"https:\/\/www.casaldelsinfants.org\/wp-content\/uploads\/logo-mail.png","contentUrl":"https:\/\/www.casaldelsinfants.org\/wp-content\/uploads\/logo-mail.png","width":380,"height":158,"caption":"Casal dels Infants"},"image":{"@id":"https:\/\/www.casaldelsinfants.org\/es\/#\/schema\/logo\/image\/"},"sameAs":["https:\/\/www.facebook.com\/casalinfants","https:\/\/x.com\/casalinfants","https:\/\/www.youtube.com\/user\/CasaldelsInfants1","https:\/\/www.instagram.com\/casalinfants\/","https:\/\/www.linkedin.com\/company\/casaldelsinfants?trk=organization-update_share-update_actor-text"]},{"@type":"Person","@id":"https:\/\/www.casaldelsinfants.org\/es\/#\/schema\/person\/e870791b50f03fd60f872e1cd83910fc","name":"julia"}]}},"publishpress_future_action":{"enabled":false,"date":"2026-05-06 18:17:59","action":"change-status","newStatus":"draft","terms":[],"taxonomy":"category","extraData":[]},"publishpress_future_workflow_manual_trigger":{"enabledWorkflows":[]},"_links":{"self":[{"href":"https:\/\/www.casaldelsinfants.org\/es\/wp-json\/wp\/v2\/posts\/23788","targetHints":{"allow":["GET"]}}],"collection":[{"href":"https:\/\/www.casaldelsinfants.org\/es\/wp-json\/wp\/v2\/posts"}],"about":[{"href":"https:\/\/www.casaldelsinfants.org\/es\/wp-json\/wp\/v2\/types\/post"}],"author":[{"embeddable":true,"href":"https:\/\/www.casaldelsinfants.org\/es\/wp-json\/wp\/v2\/users\/9"}],"replies":[{"embeddable":true,"href":"https:\/\/www.casaldelsinfants.org\/es\/wp-json\/wp\/v2\/comments?post=23788"}],"version-history":[{"count":2,"href":"https:\/\/www.casaldelsinfants.org\/es\/wp-json\/wp\/v2\/posts\/23788\/revisions"}],"predecessor-version":[{"id":23792,"href":"https:\/\/www.casaldelsinfants.org\/es\/wp-json\/wp\/v2\/posts\/23788\/revisions\/23792"}],"wp:attachment":[{"href":"https:\/\/www.casaldelsinfants.org\/es\/wp-json\/wp\/v2\/media?parent=23788"}],"wp:term":[{"taxonomy":"category","embeddable":true,"href":"https:\/\/www.casaldelsinfants.org\/es\/wp-json\/wp\/v2\/categories?post=23788"},{"taxonomy":"post_tag","embeddable":true,"href":"https:\/\/www.casaldelsinfants.org\/es\/wp-json\/wp\/v2\/tags?post=23788"},{"taxonomy":"seus","embeddable":true,"href":"https:\/\/www.casaldelsinfants.org\/es\/wp-json\/wp\/v2\/seus?post=23788"},{"taxonomy":"eixos","embeddable":true,"href":"https:\/\/www.casaldelsinfants.org\/es\/wp-json\/wp\/v2\/eixos?post=23788"}],"curies":[{"name":"wp","href":"https:\/\/api.w.org\/{rel}","templated":true}]}}