{"id":25405,"date":"2024-09-30T11:00:43","date_gmt":"2024-09-30T09:00:43","guid":{"rendered":"https:\/\/www.casaldelsinfants.org\/?p=25405"},"modified":"2024-09-30T10:24:00","modified_gmt":"2024-09-30T08:24:00","slug":"asistentespersonalessantpau","status":"publish","type":"post","link":"https:\/\/www.casaldelsinfants.org\/es\/actualidad\/asistentespersonalessantpau\/","title":{"rendered":"10 a\u00f1os formando asistentes personales con el Hospital de Sant Pau"},"content":{"rendered":"<p><iframe loading=\"lazy\" title=\"10 a\u00f1os de colaboraci\u00f3n con el Hospital de Sant Pau para el curso de Asistente Personal\" width=\"1080\" height=\"608\" src=\"https:\/\/www.youtube.com\/embed\/6brLkHnyzkA?feature=oembed&#038;enablejsapi=1&#038;origin=https:\/\/www.casaldelsinfants.org\"  allow=\"accelerometer; autoplay; clipboard-write; encrypted-media; gyroscope; picture-in-picture; web-share\" referrerpolicy=\"strict-origin-when-cross-origin\" allowfullscreen><\/iframe><\/p>\n<p>&nbsp;<\/p>\n<p><span style=\"font-weight: 400;\"><span style=\"text-decoration: underline;\"><a href=\"https:\/\/www.santpau.cat\/es\/web\/public\" target=\"_blank\" rel=\"noopener\">El Hospital de Sant Pau<\/a><\/span> y el Casal dels Infants celebran este a\u00f1o de colaboraci\u00f3n para formar asistentes personales, una tarea donde los y las participantes encuentran la oportunidad de <strong>aprender la pr\u00e1ctica de la profesi\u00f3n con las instalaciones y los profesionales del Hospital<\/strong>. La formaci\u00f3n est\u00e1 destinada a personas que viven en Catalunya, pero no tienen permiso de trabajo. El objetivo es que puedan <strong>adquirir competencias transversales, formarse en una nueva profesi\u00f3n y as\u00ed ayudar a mejorar sus perspectivas de encontrar trabajo<\/strong>.\u00a0<\/span><\/p>\n<p>&nbsp;<\/p>\n<h2><b>10 a\u00f1os de colaboraci\u00f3n con el Hospital de Sant Pau<\/b><\/h2>\n<p><span style=\"text-decoration: underline;\"><a href=\"https:\/\/www.casaldelsinfants.org\/actualitat\/cursassistentpersonalsuperantbarreres\/\" target=\"_blank\" rel=\"noopener\">A lo largo de esta d\u00e9cada<\/a><\/span>, el curso ha ido evolucionando y cambiando, adapt\u00e1ndose a las necesidades de los participantes del Casal y la capacidad del Hospital. \u00abDesde el Hospital de Sant Pau estamos contentos y muy orgullosos de hacer esta colaboraci\u00f3n de car\u00e1cter social y de poder <strong>devolver a la comunidad<\/strong>\u00ab, comenta Yolanda Calle, terapeuta ocupacional del Servicio de Medicina F\u00edsica y Rehabilitaci\u00f3n de Sant Pau y voluntaria en el Casal dels Infants.<\/p>\n<p>El curso de asistente personal se enmarca dentro del programa de Formaci\u00f3n e Inserci\u00f3n Laboral del Casal dels Infants, en el servicio <strong>Superant Barreres<\/strong>, que cuenta con el apoyo del Departamento de Igualdad y Feminismos de la Generalitat de Catalunya.<\/p>\n<p>Es una actividad para <strong>personas en situaci\u00f3n administrativa irregular o sin permiso de trabajo<\/strong>, desarrollada en alianza con el <strong>Hospital de Sant Pau<\/strong>, colaboraci\u00f3n que es posible gracias al financiamiento de la Fundaci\u00f3n Privada Hospital de la Santa Creu i Sant Pau, que en cumplimiento de sus fines fundaciones, tiene un fuerte compromiso con los colectivos en situaci\u00f3n de vulnerabilidad, y la <strong>Federaci\u00f3n ECOM<\/strong>.<\/p>\n<p>&nbsp;<\/p>\n<p><img decoding=\"async\" class=\" wp-image-25399 aligncenter\" src=\"https:\/\/www.casaldelsinfants.org\/wp-content\/uploads\/\/1410265-1-2048x1152.jpg\" alt=\"Nois i noies escolten la demostraci\u00f3 d'Assistent Personal a l'Hospital de Sant Pau.\" width=\"1211\" height=\"681\" \/><\/p>\n<p>&nbsp;<\/p>\n<p><span style=\"font-weight: 400;\">Una <strong>nueva<\/strong> <\/span><b>edici\u00f3n <\/b><span style=\"font-weight: 400;\">del curso de Asistente Personal ha empezado este trimestre, el 25 de septiembre. Durante el curso 2023-2024, un total de <strong>56 personas participantes del Superant Barreres <\/strong>se han formado en el <strong>curso de Asistente Personal<\/strong>, impulsado por el Casal dels Infants y el Servicio de Medicina F\u00edsica y Rehabilitaci\u00f3n de Sant Pau, en las tres ediciones que tuvieron lugar. Cada edici\u00f3n tiene una largada de tres meses, con clases de lunes a jueves.\u00a0<\/span><\/p>\n<p>Por un lado, los y las participantes trabajan <strong>competencias b\u00e1sicas<\/strong>, como el estudio de catal\u00e1n, castellano y ingl\u00e9s, y transversales, a cargo del Casal dels Infants, junto con el acompa\u00f1amiento y apoyo de su referente. Por otro, los y las participantes adquieren <strong>competencias y conocimientos espec\u00edficos y t\u00e9cnicos<\/strong> sobre la terapia ocupacional y el oficio de asistente personal, gracias a la colaboraci\u00f3n con profesionales de <strong>ECOM<\/strong> y el <strong>Hospital de Sant Pau<\/strong>.<\/p>\n<p>&nbsp;<\/p>\n<p><iframe loading=\"lazy\" title=\"&quot;Espero poder encontrar un trabajo de Asistente Personal porque me encanta el curso que he hecho&quot;\" width=\"1080\" height=\"608\" src=\"https:\/\/www.youtube.com\/embed\/R1bPmi2RusA?feature=oembed&#038;enablejsapi=1&#038;origin=https:\/\/www.casaldelsinfants.org\"  allow=\"accelerometer; autoplay; clipboard-write; encrypted-media; gyroscope; picture-in-picture; web-share\" referrerpolicy=\"strict-origin-when-cross-origin\" allowfullscreen><\/iframe><\/p>\n<p>&nbsp;<\/p>\n<p><span style=\"font-weight: 400;\">\u201c<\/span><span style=\"font-weight: 400;\">Espero poder encontrar de asistente personal, porque me encanta el curso que he hecho. Pero, si de momento no encuentro la oportunidad, <strong>siento que las competencias que he adquirido me sirven para cualquier otro tipo de trabajo<\/strong>\u00ab, explica Nathalia Sequea, de 22 a\u00f1os y participante del Superant Barreres.\u00a0<\/span><\/p>\n<p>&nbsp;<\/p>\n<h2><b>Conocimientos t\u00e9cnicos en el Hospital de Sant Pau<\/b><\/h2>\n<p><span style=\"font-weight: 400;\">Con ECOM, entidad impulsada para personas con discapacidad f\u00edsica y\/o org\u00e1nica que trabajan para conseguir una sociedad inclusiva donde puedan hacer efectivo el ejercicio de sus derechos, hicieron durante el curso diferentes sesiones donde <strong>conocieron profesionales del sector y usuarios con diversidad funcional f\u00edsica<\/strong>, para aprender sobre el trabajo y como era su d\u00eda a d\u00eda.\u00a0<\/span><\/p>\n<p><strong>En colaboraci\u00f3n con Sant Pau los alumnos aprendieron a dar el apoyo que cada tipo de discapacidad necesita<\/strong>. Con el acompa\u00f1amiento del equipo del Hospital, pudieron trabajar con el material y equipamiento que se necesitan seg\u00fan los diferentes casos de movilidad reducida.<\/p>\n<p>&nbsp;<\/p>\n<p><img decoding=\"async\" class=\" wp-image-25401 aligncenter\" src=\"https:\/\/www.casaldelsinfants.org\/wp-content\/uploads\/\/1410424-1-2048x1152.jpg\" alt=\"Dos estudiants practiquen la mobilitat en la camilla al curs d'Assistent Personal.\" width=\"1236\" height=\"695\" \/><\/p>\n<p>&nbsp;<\/p>\n<p><b>Un equipo de ocho profesionales del Hospital<\/b><span style=\"font-weight: 400;\">, todos voluntarios, colaboran en el curso: un neur\u00f3logo, una enfermera, una trabajadora social, un auxiliar, una logopeda, una terapeuta ocupacional y una fisioterapeuta. Cada uno aporta desde su \u00e1rea de especialidad conocimientos, habilidades y t\u00e9cnicas para que los y las participantes tengan las m\u00e1ximas competencias para ser asistentes personales.\u00a0<\/span><\/p>\n<p>\u00abEl objetivo es que aprendan las <strong>pautas b\u00e1sicas de vestir, de mobilidad, de transferencias, de alimentaci\u00f3n, y de comunicaci\u00f3n<\/strong>, que creemos que es muy importante tambi\u00e9n, para asistir bien personas con diversidad funcional y ayudarlas a que sean m\u00e1s aut\u00f3nomas\u00bb, resume Yolanda Calle.<\/p>\n<p>&nbsp;<\/p>\n","protected":false},"excerpt":{"rendered":"<p>&nbsp; El Hospital de Sant Pau y el Casal dels Infants celebran este a\u00f1o de colaboraci\u00f3n para formar asistentes personales, una tarea donde los y las participantes encuentran la oportunidad de aprender la pr\u00e1ctica de la profesi\u00f3n con las instalaciones y los profesionales del Hospital. La formaci\u00f3n est\u00e1 destinada a personas que viven en Catalunya, [&hellip;]<\/p>\n","protected":false},"author":9,"featured_media":0,"comment_status":"open","ping_status":"open","sticky":false,"template":"","format":"standard","meta":{"_acf_changed":false,"_et_pb_use_builder":"","_et_pb_old_content":"","_et_gb_content_width":"","inline_featured_image":false,"footnotes":""},"categories":[125],"tags":[],"seus":[],"eixos":[223],"class_list":["post-25405","post","type-post","status-publish","format-standard","hentry","category-noticias","eixos-joves-es"],"acf":[],"yoast_head":"<!-- This site is optimized with the Yoast SEO plugin v27.4 - https:\/\/yoast.com\/product\/yoast-seo-wordpress\/ -->\n<title>10 a\u00f1os formando asistentes personales en el Hospital Sant Pau - Casal dels Infants<\/title>\n<meta name=\"description\" content=\"El Hospital de Sant Pau y el Casal dels Infants celebran este a\u00f1o de colaboraci\u00f3n para formar asistentes personales.\" \/>\n<meta name=\"robots\" content=\"index, follow, max-snippet:-1, max-image-preview:large, max-video-preview:-1\" \/>\n<link rel=\"canonical\" href=\"https:\/\/www.casaldelsinfants.org\/es\/actualidad\/asistentespersonalessantpau\/\" \/>\n<meta property=\"og:locale\" content=\"es_ES\" \/>\n<meta property=\"og:type\" content=\"article\" \/>\n<meta property=\"og:title\" content=\"10 a\u00f1os formando asistentes personales en el Hospital Sant Pau - Casal dels Infants\" \/>\n<meta property=\"og:description\" content=\"El Hospital de Sant Pau y el Casal dels Infants celebran este a\u00f1o de colaboraci\u00f3n para formar asistentes personales.\" \/>\n<meta property=\"og:url\" content=\"https:\/\/www.casaldelsinfants.org\/es\/actualidad\/asistentespersonalessantpau\/\" \/>\n<meta property=\"og:site_name\" content=\"Casal dels Infants\" \/>\n<meta property=\"article:publisher\" content=\"https:\/\/www.facebook.com\/casalinfants\" \/>\n<meta property=\"article:published_time\" content=\"2024-09-30T09:00:43+00:00\" \/>\n<meta property=\"og:image\" content=\"https:\/\/www.casaldelsinfants.org\/wp-content\/uploads\/\/1410265-1-2048x1152.jpg\" \/>\n<meta name=\"author\" content=\"julia\" \/>\n<meta name=\"twitter:card\" content=\"summary_large_image\" \/>\n<meta name=\"twitter:creator\" content=\"@casalinfants\" \/>\n<meta name=\"twitter:site\" content=\"@casalinfants\" \/>\n<meta name=\"twitter:label1\" content=\"Escrito por\" \/>\n\t<meta name=\"twitter:data1\" content=\"julia\" \/>\n\t<meta name=\"twitter:label2\" content=\"Tiempo de lectura\" \/>\n\t<meta name=\"twitter:data2\" content=\"5 minutos\" \/>\n<script type=\"application\/ld+json\" class=\"yoast-schema-graph\">{\"@context\":\"https:\\\/\\\/schema.org\",\"@graph\":[{\"@type\":\"Article\",\"@id\":\"https:\\\/\\\/www.casaldelsinfants.org\\\/es\\\/actualidad\\\/asistentespersonalessantpau\\\/#article\",\"isPartOf\":{\"@id\":\"https:\\\/\\\/www.casaldelsinfants.org\\\/es\\\/actualidad\\\/asistentespersonalessantpau\\\/\"},\"author\":{\"name\":\"julia\",\"@id\":\"https:\\\/\\\/www.casaldelsinfants.org\\\/es\\\/#\\\/schema\\\/person\\\/e870791b50f03fd60f872e1cd83910fc\"},\"headline\":\"10 a\u00f1os formando asistentes personales con el Hospital de Sant Pau\",\"datePublished\":\"2024-09-30T09:00:43+00:00\",\"mainEntityOfPage\":{\"@id\":\"https:\\\/\\\/www.casaldelsinfants.org\\\/es\\\/actualidad\\\/asistentespersonalessantpau\\\/\"},\"wordCount\":755,\"commentCount\":0,\"publisher\":{\"@id\":\"https:\\\/\\\/www.casaldelsinfants.org\\\/es\\\/#organization\"},\"image\":{\"@id\":\"https:\\\/\\\/www.casaldelsinfants.org\\\/es\\\/actualidad\\\/asistentespersonalessantpau\\\/#primaryimage\"},\"thumbnailUrl\":\"https:\\\/\\\/www.casaldelsinfants.org\\\/wp-content\\\/uploads\\\/\\\/1410265-1-2048x1152.jpg\",\"articleSection\":[\"Noticia\"],\"inLanguage\":\"es\",\"potentialAction\":[{\"@type\":\"CommentAction\",\"name\":\"Comment\",\"target\":[\"https:\\\/\\\/www.casaldelsinfants.org\\\/es\\\/actualidad\\\/asistentespersonalessantpau\\\/#respond\"]}]},{\"@type\":\"WebPage\",\"@id\":\"https:\\\/\\\/www.casaldelsinfants.org\\\/es\\\/actualidad\\\/asistentespersonalessantpau\\\/\",\"url\":\"https:\\\/\\\/www.casaldelsinfants.org\\\/es\\\/actualidad\\\/asistentespersonalessantpau\\\/\",\"name\":\"10 a\u00f1os formando asistentes personales en el Hospital Sant Pau - Casal dels Infants\",\"isPartOf\":{\"@id\":\"https:\\\/\\\/www.casaldelsinfants.org\\\/es\\\/#website\"},\"primaryImageOfPage\":{\"@id\":\"https:\\\/\\\/www.casaldelsinfants.org\\\/es\\\/actualidad\\\/asistentespersonalessantpau\\\/#primaryimage\"},\"image\":{\"@id\":\"https:\\\/\\\/www.casaldelsinfants.org\\\/es\\\/actualidad\\\/asistentespersonalessantpau\\\/#primaryimage\"},\"thumbnailUrl\":\"https:\\\/\\\/www.casaldelsinfants.org\\\/wp-content\\\/uploads\\\/\\\/1410265-1-2048x1152.jpg\",\"datePublished\":\"2024-09-30T09:00:43+00:00\",\"description\":\"El Hospital de Sant Pau y el Casal dels Infants celebran este a\u00f1o de colaboraci\u00f3n para formar asistentes personales.\",\"breadcrumb\":{\"@id\":\"https:\\\/\\\/www.casaldelsinfants.org\\\/es\\\/actualidad\\\/asistentespersonalessantpau\\\/#breadcrumb\"},\"inLanguage\":\"es\",\"potentialAction\":[{\"@type\":\"ReadAction\",\"target\":[\"https:\\\/\\\/www.casaldelsinfants.org\\\/es\\\/actualidad\\\/asistentespersonalessantpau\\\/\"]}]},{\"@type\":\"ImageObject\",\"inLanguage\":\"es\",\"@id\":\"https:\\\/\\\/www.casaldelsinfants.org\\\/es\\\/actualidad\\\/asistentespersonalessantpau\\\/#primaryimage\",\"url\":\"https:\\\/\\\/www.casaldelsinfants.org\\\/wp-content\\\/uploads\\\/\\\/1410265-1-2048x1152.jpg\",\"contentUrl\":\"https:\\\/\\\/www.casaldelsinfants.org\\\/wp-content\\\/uploads\\\/\\\/1410265-1-2048x1152.jpg\"},{\"@type\":\"BreadcrumbList\",\"@id\":\"https:\\\/\\\/www.casaldelsinfants.org\\\/es\\\/actualidad\\\/asistentespersonalessantpau\\\/#breadcrumb\",\"itemListElement\":[{\"@type\":\"ListItem\",\"position\":1,\"name\":\"Inici\",\"item\":\"https:\\\/\\\/www.casaldelsinfants.org\\\/es\\\/\"},{\"@type\":\"ListItem\",\"position\":2,\"name\":\"10 a\u00f1os formando asistentes personales con el Hospital de Sant Pau\"}]},{\"@type\":\"WebSite\",\"@id\":\"https:\\\/\\\/www.casaldelsinfants.org\\\/es\\\/#website\",\"url\":\"https:\\\/\\\/www.casaldelsinfants.org\\\/es\\\/\",\"name\":\"Casal dels Infants\",\"description\":\"\",\"publisher\":{\"@id\":\"https:\\\/\\\/www.casaldelsinfants.org\\\/es\\\/#organization\"},\"potentialAction\":[{\"@type\":\"SearchAction\",\"target\":{\"@type\":\"EntryPoint\",\"urlTemplate\":\"https:\\\/\\\/www.casaldelsinfants.org\\\/es\\\/?s={search_term_string}\"},\"query-input\":{\"@type\":\"PropertyValueSpecification\",\"valueRequired\":true,\"valueName\":\"search_term_string\"}}],\"inLanguage\":\"es\"},{\"@type\":\"Organization\",\"@id\":\"https:\\\/\\\/www.casaldelsinfants.org\\\/es\\\/#organization\",\"name\":\"Casal dels Infants\",\"url\":\"https:\\\/\\\/www.casaldelsinfants.org\\\/es\\\/\",\"logo\":{\"@type\":\"ImageObject\",\"inLanguage\":\"es\",\"@id\":\"https:\\\/\\\/www.casaldelsinfants.org\\\/es\\\/#\\\/schema\\\/logo\\\/image\\\/\",\"url\":\"https:\\\/\\\/www.casaldelsinfants.org\\\/wp-content\\\/uploads\\\/logo-mail.png\",\"contentUrl\":\"https:\\\/\\\/www.casaldelsinfants.org\\\/wp-content\\\/uploads\\\/logo-mail.png\",\"width\":380,\"height\":158,\"caption\":\"Casal dels Infants\"},\"image\":{\"@id\":\"https:\\\/\\\/www.casaldelsinfants.org\\\/es\\\/#\\\/schema\\\/logo\\\/image\\\/\"},\"sameAs\":[\"https:\\\/\\\/www.facebook.com\\\/casalinfants\",\"https:\\\/\\\/x.com\\\/casalinfants\",\"https:\\\/\\\/www.youtube.com\\\/user\\\/CasaldelsInfants1\",\"https:\\\/\\\/www.instagram.com\\\/casalinfants\\\/\",\"https:\\\/\\\/www.linkedin.com\\\/company\\\/casaldelsinfants?trk=organization-update_share-update_actor-text\"]},{\"@type\":\"Person\",\"@id\":\"https:\\\/\\\/www.casaldelsinfants.org\\\/es\\\/#\\\/schema\\\/person\\\/e870791b50f03fd60f872e1cd83910fc\",\"name\":\"julia\"}]}<\/script>\n<!-- \/ Yoast SEO plugin. -->","yoast_head_json":{"title":"10 a\u00f1os formando asistentes personales en el Hospital Sant Pau - Casal dels Infants","description":"El Hospital de Sant Pau y el Casal dels Infants celebran este a\u00f1o de colaboraci\u00f3n para formar asistentes personales.","robots":{"index":"index","follow":"follow","max-snippet":"max-snippet:-1","max-image-preview":"max-image-preview:large","max-video-preview":"max-video-preview:-1"},"canonical":"https:\/\/www.casaldelsinfants.org\/es\/actualidad\/asistentespersonalessantpau\/","og_locale":"es_ES","og_type":"article","og_title":"10 a\u00f1os formando asistentes personales en el Hospital Sant Pau - Casal dels Infants","og_description":"El Hospital de Sant Pau y el Casal dels Infants celebran este a\u00f1o de colaboraci\u00f3n para formar asistentes personales.","og_url":"https:\/\/www.casaldelsinfants.org\/es\/actualidad\/asistentespersonalessantpau\/","og_site_name":"Casal dels Infants","article_publisher":"https:\/\/www.facebook.com\/casalinfants","article_published_time":"2024-09-30T09:00:43+00:00","og_image":[{"url":"https:\/\/www.casaldelsinfants.org\/wp-content\/uploads\/\/1410265-1-2048x1152.jpg","type":"","width":"","height":""}],"author":"julia","twitter_card":"summary_large_image","twitter_creator":"@casalinfants","twitter_site":"@casalinfants","twitter_misc":{"Escrito por":"julia","Tiempo de lectura":"5 minutos"},"schema":{"@context":"https:\/\/schema.org","@graph":[{"@type":"Article","@id":"https:\/\/www.casaldelsinfants.org\/es\/actualidad\/asistentespersonalessantpau\/#article","isPartOf":{"@id":"https:\/\/www.casaldelsinfants.org\/es\/actualidad\/asistentespersonalessantpau\/"},"author":{"name":"julia","@id":"https:\/\/www.casaldelsinfants.org\/es\/#\/schema\/person\/e870791b50f03fd60f872e1cd83910fc"},"headline":"10 a\u00f1os formando asistentes personales con el Hospital de Sant Pau","datePublished":"2024-09-30T09:00:43+00:00","mainEntityOfPage":{"@id":"https:\/\/www.casaldelsinfants.org\/es\/actualidad\/asistentespersonalessantpau\/"},"wordCount":755,"commentCount":0,"publisher":{"@id":"https:\/\/www.casaldelsinfants.org\/es\/#organization"},"image":{"@id":"https:\/\/www.casaldelsinfants.org\/es\/actualidad\/asistentespersonalessantpau\/#primaryimage"},"thumbnailUrl":"https:\/\/www.casaldelsinfants.org\/wp-content\/uploads\/\/1410265-1-2048x1152.jpg","articleSection":["Noticia"],"inLanguage":"es","potentialAction":[{"@type":"CommentAction","name":"Comment","target":["https:\/\/www.casaldelsinfants.org\/es\/actualidad\/asistentespersonalessantpau\/#respond"]}]},{"@type":"WebPage","@id":"https:\/\/www.casaldelsinfants.org\/es\/actualidad\/asistentespersonalessantpau\/","url":"https:\/\/www.casaldelsinfants.org\/es\/actualidad\/asistentespersonalessantpau\/","name":"10 a\u00f1os formando asistentes personales en el Hospital Sant Pau - Casal dels Infants","isPartOf":{"@id":"https:\/\/www.casaldelsinfants.org\/es\/#website"},"primaryImageOfPage":{"@id":"https:\/\/www.casaldelsinfants.org\/es\/actualidad\/asistentespersonalessantpau\/#primaryimage"},"image":{"@id":"https:\/\/www.casaldelsinfants.org\/es\/actualidad\/asistentespersonalessantpau\/#primaryimage"},"thumbnailUrl":"https:\/\/www.casaldelsinfants.org\/wp-content\/uploads\/\/1410265-1-2048x1152.jpg","datePublished":"2024-09-30T09:00:43+00:00","description":"El Hospital de Sant Pau y el Casal dels Infants celebran este a\u00f1o de colaboraci\u00f3n para formar asistentes personales.","breadcrumb":{"@id":"https:\/\/www.casaldelsinfants.org\/es\/actualidad\/asistentespersonalessantpau\/#breadcrumb"},"inLanguage":"es","potentialAction":[{"@type":"ReadAction","target":["https:\/\/www.casaldelsinfants.org\/es\/actualidad\/asistentespersonalessantpau\/"]}]},{"@type":"ImageObject","inLanguage":"es","@id":"https:\/\/www.casaldelsinfants.org\/es\/actualidad\/asistentespersonalessantpau\/#primaryimage","url":"https:\/\/www.casaldelsinfants.org\/wp-content\/uploads\/\/1410265-1-2048x1152.jpg","contentUrl":"https:\/\/www.casaldelsinfants.org\/wp-content\/uploads\/\/1410265-1-2048x1152.jpg"},{"@type":"BreadcrumbList","@id":"https:\/\/www.casaldelsinfants.org\/es\/actualidad\/asistentespersonalessantpau\/#breadcrumb","itemListElement":[{"@type":"ListItem","position":1,"name":"Inici","item":"https:\/\/www.casaldelsinfants.org\/es\/"},{"@type":"ListItem","position":2,"name":"10 a\u00f1os formando asistentes personales con el Hospital de Sant Pau"}]},{"@type":"WebSite","@id":"https:\/\/www.casaldelsinfants.org\/es\/#website","url":"https:\/\/www.casaldelsinfants.org\/es\/","name":"Casal dels Infants","description":"","publisher":{"@id":"https:\/\/www.casaldelsinfants.org\/es\/#organization"},"potentialAction":[{"@type":"SearchAction","target":{"@type":"EntryPoint","urlTemplate":"https:\/\/www.casaldelsinfants.org\/es\/?s={search_term_string}"},"query-input":{"@type":"PropertyValueSpecification","valueRequired":true,"valueName":"search_term_string"}}],"inLanguage":"es"},{"@type":"Organization","@id":"https:\/\/www.casaldelsinfants.org\/es\/#organization","name":"Casal dels Infants","url":"https:\/\/www.casaldelsinfants.org\/es\/","logo":{"@type":"ImageObject","inLanguage":"es","@id":"https:\/\/www.casaldelsinfants.org\/es\/#\/schema\/logo\/image\/","url":"https:\/\/www.casaldelsinfants.org\/wp-content\/uploads\/logo-mail.png","contentUrl":"https:\/\/www.casaldelsinfants.org\/wp-content\/uploads\/logo-mail.png","width":380,"height":158,"caption":"Casal dels Infants"},"image":{"@id":"https:\/\/www.casaldelsinfants.org\/es\/#\/schema\/logo\/image\/"},"sameAs":["https:\/\/www.facebook.com\/casalinfants","https:\/\/x.com\/casalinfants","https:\/\/www.youtube.com\/user\/CasaldelsInfants1","https:\/\/www.instagram.com\/casalinfants\/","https:\/\/www.linkedin.com\/company\/casaldelsinfants?trk=organization-update_share-update_actor-text"]},{"@type":"Person","@id":"https:\/\/www.casaldelsinfants.org\/es\/#\/schema\/person\/e870791b50f03fd60f872e1cd83910fc","name":"julia"}]}},"publishpress_future_action":{"enabled":false,"date":"2026-05-09 11:19:18","action":"change-status","newStatus":"draft","terms":[],"taxonomy":"category","extraData":[]},"publishpress_future_workflow_manual_trigger":{"enabledWorkflows":[]},"_links":{"self":[{"href":"https:\/\/www.casaldelsinfants.org\/es\/wp-json\/wp\/v2\/posts\/25405","targetHints":{"allow":["GET"]}}],"collection":[{"href":"https:\/\/www.casaldelsinfants.org\/es\/wp-json\/wp\/v2\/posts"}],"about":[{"href":"https:\/\/www.casaldelsinfants.org\/es\/wp-json\/wp\/v2\/types\/post"}],"author":[{"embeddable":true,"href":"https:\/\/www.casaldelsinfants.org\/es\/wp-json\/wp\/v2\/users\/9"}],"replies":[{"embeddable":true,"href":"https:\/\/www.casaldelsinfants.org\/es\/wp-json\/wp\/v2\/comments?post=25405"}],"version-history":[{"count":3,"href":"https:\/\/www.casaldelsinfants.org\/es\/wp-json\/wp\/v2\/posts\/25405\/revisions"}],"predecessor-version":[{"id":25490,"href":"https:\/\/www.casaldelsinfants.org\/es\/wp-json\/wp\/v2\/posts\/25405\/revisions\/25490"}],"wp:attachment":[{"href":"https:\/\/www.casaldelsinfants.org\/es\/wp-json\/wp\/v2\/media?parent=25405"}],"wp:term":[{"taxonomy":"category","embeddable":true,"href":"https:\/\/www.casaldelsinfants.org\/es\/wp-json\/wp\/v2\/categories?post=25405"},{"taxonomy":"post_tag","embeddable":true,"href":"https:\/\/www.casaldelsinfants.org\/es\/wp-json\/wp\/v2\/tags?post=25405"},{"taxonomy":"seus","embeddable":true,"href":"https:\/\/www.casaldelsinfants.org\/es\/wp-json\/wp\/v2\/seus?post=25405"},{"taxonomy":"eixos","embeddable":true,"href":"https:\/\/www.casaldelsinfants.org\/es\/wp-json\/wp\/v2\/eixos?post=25405"}],"curies":[{"name":"wp","href":"https:\/\/api.w.org\/{rel}","templated":true}]}}