{"id":25474,"date":"2024-10-07T13:32:18","date_gmt":"2024-10-07T11:32:18","guid":{"rendered":"https:\/\/www.casaldelsinfants.org\/?p=25474"},"modified":"2024-10-07T13:32:18","modified_gmt":"2024-10-07T11:32:18","slug":"tallerjuventudmigradauniversidadesfp","status":"publish","type":"post","link":"https:\/\/www.casaldelsinfants.org\/es\/actualidad\/tallerjuventudmigradauniversidadesfp\/","title":{"rendered":"Reflexionamos con universidades y centros de FP sobre juventud migrada"},"content":{"rendered":"<p><iframe loading=\"lazy\" title=\"Reflexiona sobre las desigualtats con Tchacka Doumbia en tu centro educativo  o empresa\" width=\"1080\" height=\"608\" src=\"https:\/\/www.youtube.com\/embed\/2gj0LRC0c04?feature=oembed&#038;enablejsapi=1&#038;origin=https:\/\/www.casaldelsinfants.org\"  allow=\"accelerometer; autoplay; clipboard-write; encrypted-media; gyroscope; picture-in-picture; web-share\" referrerpolicy=\"strict-origin-when-cross-origin\" allowfullscreen><\/iframe><\/p>\n<p>&nbsp;<\/p>\n<p>&nbsp;<\/p>\n<p>Desde el Casal dels Infants impulsamos este curso la propuesta &#8216;Podr\u00edas ser t\u00fa&#8217;, una charla-taller por reflexionar con alumnado de universidades y centros de FP sobre <strong>juventud migrada sin referentes en Catalunya y su realidad<\/strong>. Est\u00e1 pensada para fomentar entre los y las estudiantes de estudios postobligatorios el pensamiento cr\u00edtico, sensibilizarlos y movilizarlos en la defensa de los derechos de este colectivo.<\/p>\n<h2 align=\"center\"><strong><a href=\"https:\/\/www.casaldelsinfants.org\/wp-content\/uploads\/Taller-Podries-ser-tu-Universitats-i-FP-Casal-dels-Infants-2024.pdf\">Desc\u00e1rgate el dosier de la propuesta &#8216;Podr\u00edas ser t\u00fa&#8217;<\/a><\/strong><\/h2>\n<p>&nbsp;<\/p>\n<p>El formato de la actividad, desarrollado en el\u00a0<a href=\"https:\/\/www.casaldelsinfants.org\/wp-content\/uploads\/Taller-Podries-ser-tu-Universitats-i-FP-Casal-dels-Infants-2024.pdf\">dossier de la propuesta<\/a>, consiste en una charla para conocer la experiencia y el itinerario de un joven migrado solo en primera persona, a trav\u00e9s del testimonio de Tchacka Doumbia. Tchacka, que hoy tiene 28 a\u00f1os, lleg\u00f3 a Catalunya siendo menor de edad despu\u00e9s de un largo viaje por su cuenta desde Mali, su pa\u00eds de origen. Es educador del Casal dels Infants, en el barrio de la Mina de Sant Adri\u00e0 de Bes\u00f2s, y tambi\u00e9n forma parte de nuestro equipo de sensibilizaci\u00f3n.<\/p>\n<h2>Testimonio y recursos para el an\u00e1lisis<\/h2>\n<p>Tchacka comparte su testimonio para dar a entender cu\u00e1l es la realidad de muchos chicos y chicas que llegan solos a Catalunya, tanto en su pa\u00eds de origen, en el viaje hacia Europa y una vez ya est\u00e1n aqu\u00ed. A trav\u00e9s de din\u00e1micas y juegos de rol, en el taller estimula el debate y la reflexi\u00f3n cr\u00edtica del grupo.<\/p>\n<p>Una vez finalizado el taller, desde el Casal dels Infants ofrecemos recursos y propuestas de acci\u00f3n para que el alumnado siga profundizando en la realidad de la juventud migrada no acompa\u00f1ada e involucrarse con su situaci\u00f3n. Estas herramientas deben ser \u00fatiles para combatir el estigma sobre el colectivo e incidir para que se destinen m\u00e1s recursos para hacer valer sus derechos.<\/p>\n<p><span style=\"font-weight: 400;\">\u00a0<\/span><\/p>\n<div id=\"attachment_25468\" style=\"width: 522px\" class=\"wp-caption aligncenter\"><img decoding=\"async\" aria-describedby=\"caption-attachment-25468\" class=\"wp-image-25468 size-thumbnail\" src=\"https:\/\/www.casaldelsinfants.org\/wp-content\/uploads\/\/Diseno-sin-titulo-2-512x288.png\" alt=\"La xerrada-taller 'Podries ser tu' del Casal dels Infants sensibilitza alumnes d'universitats i centres d'FP sobre el jovent migrat.\" width=\"512\" height=\"288\" \/><p id=\"caption-attachment-25468\" class=\"wp-caption-text\">Tchacka Doumbia, del equipo de sensibilizaci\u00f3n del Casal dels Infants, durante la charla-taller &#8216;Podr\u00edas ser t\u00fa&#8217;<\/p><\/div>\n<p>&nbsp;<\/p>\n<h2>Incrementar el impacte del programa Escuela Suma<\/h2>\n<p>El taller &#8216;Podr\u00edas ser t\u00fa&#8217; para alumnado de estudios postobligatorios surge con el objetivo de incrementar el impacto del programa <strong>Escuela Suma<\/strong>, con el que sensibilizamos a ni\u00f1os, ni\u00f1as, j\u00f3venes y adolescentes de escuelas e institutos sobre las desigualdades sociales y su impacto en la infancia y la juventud en Catalunya.<\/p>\n<p>Escuela Suma se realiza desde hace a\u00f1os con la colaboraci\u00f3n de una <strong>red creciente de escuelas e institutos de Barcelona, su \u00e1rea metropolitana y las comarcas de Girona<\/strong>. En este caso, el testigo de j\u00f3venes que participan en el Casal dels Infants, como Tchacka Doumbia, tambi\u00e9n juega un papel clave.<\/p>\n<p>\u00abEl tiempo que hemos compartido ha conseguido involucrar los alumnos con una realidad cerca, que les era desconocida pese a ser tan pr\u00f3xima. En m\u00e1s de un caso, estos encuentros han sido la semilla que har\u00e1 de ellos y ellas personas activas con su comunidad\u00bb, valora sobre el programa Escuela Suma Carlos Guti\u00e9rrez, profesor del <a href=\"https:\/\/insernestlluch.cat\/\">IES Ernest Lluch<\/a>.<\/p>\n<p>&nbsp;<\/p>\n<blockquote>\n<h4>\u00bfQuieres que realicemos la charla-taller &#8216;Podr\u00edas ser t\u00fa&#8217; en tu universidad o centro de FP? Escr\u00edbenos a comunicacio@casaldelsinfants.org<\/h4>\n<\/blockquote>\n","protected":false},"excerpt":{"rendered":"<p>&nbsp; &nbsp; Desde el Casal dels Infants impulsamos este curso la propuesta &#8216;Podr\u00edas ser t\u00fa&#8217;, una charla-taller por reflexionar con alumnado de universidades y centros de FP sobre juventud migrada sin referentes en Catalunya y su realidad. Est\u00e1 pensada para fomentar entre los y las estudiantes de estudios postobligatorios el pensamiento cr\u00edtico, sensibilizarlos y movilizarlos [&hellip;]<\/p>\n","protected":false},"author":9,"featured_media":0,"comment_status":"open","ping_status":"open","sticky":false,"template":"","format":"standard","meta":{"_acf_changed":false,"_et_pb_use_builder":"","_et_pb_old_content":"","_et_gb_content_width":"","inline_featured_image":false,"footnotes":""},"categories":[125],"tags":[],"seus":[],"eixos":[152],"class_list":["post-25474","post","type-post","status-publish","format-standard","hentry","category-noticias","eixos-programa-educativo"],"acf":[],"yoast_head":"<!-- This site is optimized with the Yoast SEO plugin v27.4 - https:\/\/yoast.com\/product\/yoast-seo-wordpress\/ -->\n<title>Reflexionamos con universidades y centros de FP sobre juventud migrada - Casal dels Infants<\/title>\n<meta name=\"description\" content=\"La charla-taller &#039;Podr\u00edas ser t\u00fa&#039; del Casal dels Infants sensibiliza alumnos de universidades y centros de FP sobre juventud migrada.\" \/>\n<meta name=\"robots\" content=\"index, follow, max-snippet:-1, max-image-preview:large, max-video-preview:-1\" \/>\n<link rel=\"canonical\" href=\"https:\/\/www.casaldelsinfants.org\/es\/actualidad\/tallerjuventudmigradauniversidadesfp\/\" \/>\n<meta property=\"og:locale\" content=\"es_ES\" \/>\n<meta property=\"og:type\" content=\"article\" \/>\n<meta property=\"og:title\" content=\"Reflexionamos con universidades y centros de FP sobre juventud migrada - Casal dels Infants\" \/>\n<meta property=\"og:description\" content=\"La charla-taller &#039;Podr\u00edas ser t\u00fa&#039; del Casal dels Infants sensibiliza alumnos de universidades y centros de FP sobre juventud migrada.\" \/>\n<meta property=\"og:url\" content=\"https:\/\/www.casaldelsinfants.org\/es\/actualidad\/tallerjuventudmigradauniversidadesfp\/\" \/>\n<meta property=\"og:site_name\" content=\"Casal dels Infants\" \/>\n<meta property=\"article:publisher\" content=\"https:\/\/www.facebook.com\/casalinfants\" \/>\n<meta property=\"article:published_time\" content=\"2024-10-07T11:32:18+00:00\" \/>\n<meta property=\"og:image\" content=\"https:\/\/www.casaldelsinfants.org\/wp-content\/uploads\/\/Diseno-sin-titulo-2-512x288.png\" \/>\n<meta name=\"author\" content=\"julia\" \/>\n<meta name=\"twitter:card\" content=\"summary_large_image\" \/>\n<meta name=\"twitter:creator\" content=\"@casalinfants\" \/>\n<meta name=\"twitter:site\" content=\"@casalinfants\" \/>\n<meta name=\"twitter:label1\" content=\"Escrito por\" \/>\n\t<meta name=\"twitter:data1\" content=\"julia\" \/>\n\t<meta name=\"twitter:label2\" content=\"Tiempo de lectura\" \/>\n\t<meta name=\"twitter:data2\" content=\"3 minutos\" \/>\n<script type=\"application\/ld+json\" class=\"yoast-schema-graph\">{\"@context\":\"https:\\\/\\\/schema.org\",\"@graph\":[{\"@type\":\"Article\",\"@id\":\"https:\\\/\\\/www.casaldelsinfants.org\\\/es\\\/actualidad\\\/tallerjuventudmigradauniversidadesfp\\\/#article\",\"isPartOf\":{\"@id\":\"https:\\\/\\\/www.casaldelsinfants.org\\\/es\\\/actualidad\\\/tallerjuventudmigradauniversidadesfp\\\/\"},\"author\":{\"name\":\"julia\",\"@id\":\"https:\\\/\\\/www.casaldelsinfants.org\\\/es\\\/#\\\/schema\\\/person\\\/e870791b50f03fd60f872e1cd83910fc\"},\"headline\":\"Reflexionamos con universidades y centros de FP sobre juventud migrada\",\"datePublished\":\"2024-10-07T11:32:18+00:00\",\"mainEntityOfPage\":{\"@id\":\"https:\\\/\\\/www.casaldelsinfants.org\\\/es\\\/actualidad\\\/tallerjuventudmigradauniversidadesfp\\\/\"},\"wordCount\":557,\"commentCount\":0,\"publisher\":{\"@id\":\"https:\\\/\\\/www.casaldelsinfants.org\\\/es\\\/#organization\"},\"image\":{\"@id\":\"https:\\\/\\\/www.casaldelsinfants.org\\\/es\\\/actualidad\\\/tallerjuventudmigradauniversidadesfp\\\/#primaryimage\"},\"thumbnailUrl\":\"https:\\\/\\\/www.casaldelsinfants.org\\\/wp-content\\\/uploads\\\/\\\/Diseno-sin-titulo-2-512x288.png\",\"articleSection\":[\"Noticia\"],\"inLanguage\":\"es\",\"potentialAction\":[{\"@type\":\"CommentAction\",\"name\":\"Comment\",\"target\":[\"https:\\\/\\\/www.casaldelsinfants.org\\\/es\\\/actualidad\\\/tallerjuventudmigradauniversidadesfp\\\/#respond\"]}]},{\"@type\":\"WebPage\",\"@id\":\"https:\\\/\\\/www.casaldelsinfants.org\\\/es\\\/actualidad\\\/tallerjuventudmigradauniversidadesfp\\\/\",\"url\":\"https:\\\/\\\/www.casaldelsinfants.org\\\/es\\\/actualidad\\\/tallerjuventudmigradauniversidadesfp\\\/\",\"name\":\"Reflexionamos con universidades y centros de FP sobre juventud migrada - Casal dels Infants\",\"isPartOf\":{\"@id\":\"https:\\\/\\\/www.casaldelsinfants.org\\\/es\\\/#website\"},\"primaryImageOfPage\":{\"@id\":\"https:\\\/\\\/www.casaldelsinfants.org\\\/es\\\/actualidad\\\/tallerjuventudmigradauniversidadesfp\\\/#primaryimage\"},\"image\":{\"@id\":\"https:\\\/\\\/www.casaldelsinfants.org\\\/es\\\/actualidad\\\/tallerjuventudmigradauniversidadesfp\\\/#primaryimage\"},\"thumbnailUrl\":\"https:\\\/\\\/www.casaldelsinfants.org\\\/wp-content\\\/uploads\\\/\\\/Diseno-sin-titulo-2-512x288.png\",\"datePublished\":\"2024-10-07T11:32:18+00:00\",\"description\":\"La charla-taller 'Podr\u00edas ser t\u00fa' del Casal dels Infants sensibiliza alumnos de universidades y centros de FP sobre juventud migrada.\",\"breadcrumb\":{\"@id\":\"https:\\\/\\\/www.casaldelsinfants.org\\\/es\\\/actualidad\\\/tallerjuventudmigradauniversidadesfp\\\/#breadcrumb\"},\"inLanguage\":\"es\",\"potentialAction\":[{\"@type\":\"ReadAction\",\"target\":[\"https:\\\/\\\/www.casaldelsinfants.org\\\/es\\\/actualidad\\\/tallerjuventudmigradauniversidadesfp\\\/\"]}]},{\"@type\":\"ImageObject\",\"inLanguage\":\"es\",\"@id\":\"https:\\\/\\\/www.casaldelsinfants.org\\\/es\\\/actualidad\\\/tallerjuventudmigradauniversidadesfp\\\/#primaryimage\",\"url\":\"https:\\\/\\\/www.casaldelsinfants.org\\\/wp-content\\\/uploads\\\/\\\/Diseno-sin-titulo-2-512x288.png\",\"contentUrl\":\"https:\\\/\\\/www.casaldelsinfants.org\\\/wp-content\\\/uploads\\\/\\\/Diseno-sin-titulo-2-512x288.png\"},{\"@type\":\"BreadcrumbList\",\"@id\":\"https:\\\/\\\/www.casaldelsinfants.org\\\/es\\\/actualidad\\\/tallerjuventudmigradauniversidadesfp\\\/#breadcrumb\",\"itemListElement\":[{\"@type\":\"ListItem\",\"position\":1,\"name\":\"Inici\",\"item\":\"https:\\\/\\\/www.casaldelsinfants.org\\\/es\\\/\"},{\"@type\":\"ListItem\",\"position\":2,\"name\":\"Reflexionamos con universidades y centros de FP sobre juventud migrada\"}]},{\"@type\":\"WebSite\",\"@id\":\"https:\\\/\\\/www.casaldelsinfants.org\\\/es\\\/#website\",\"url\":\"https:\\\/\\\/www.casaldelsinfants.org\\\/es\\\/\",\"name\":\"Casal dels Infants\",\"description\":\"\",\"publisher\":{\"@id\":\"https:\\\/\\\/www.casaldelsinfants.org\\\/es\\\/#organization\"},\"potentialAction\":[{\"@type\":\"SearchAction\",\"target\":{\"@type\":\"EntryPoint\",\"urlTemplate\":\"https:\\\/\\\/www.casaldelsinfants.org\\\/es\\\/?s={search_term_string}\"},\"query-input\":{\"@type\":\"PropertyValueSpecification\",\"valueRequired\":true,\"valueName\":\"search_term_string\"}}],\"inLanguage\":\"es\"},{\"@type\":\"Organization\",\"@id\":\"https:\\\/\\\/www.casaldelsinfants.org\\\/es\\\/#organization\",\"name\":\"Casal dels Infants\",\"url\":\"https:\\\/\\\/www.casaldelsinfants.org\\\/es\\\/\",\"logo\":{\"@type\":\"ImageObject\",\"inLanguage\":\"es\",\"@id\":\"https:\\\/\\\/www.casaldelsinfants.org\\\/es\\\/#\\\/schema\\\/logo\\\/image\\\/\",\"url\":\"https:\\\/\\\/www.casaldelsinfants.org\\\/wp-content\\\/uploads\\\/logo-mail.png\",\"contentUrl\":\"https:\\\/\\\/www.casaldelsinfants.org\\\/wp-content\\\/uploads\\\/logo-mail.png\",\"width\":380,\"height\":158,\"caption\":\"Casal dels Infants\"},\"image\":{\"@id\":\"https:\\\/\\\/www.casaldelsinfants.org\\\/es\\\/#\\\/schema\\\/logo\\\/image\\\/\"},\"sameAs\":[\"https:\\\/\\\/www.facebook.com\\\/casalinfants\",\"https:\\\/\\\/x.com\\\/casalinfants\",\"https:\\\/\\\/www.youtube.com\\\/user\\\/CasaldelsInfants1\",\"https:\\\/\\\/www.instagram.com\\\/casalinfants\\\/\",\"https:\\\/\\\/www.linkedin.com\\\/company\\\/casaldelsinfants?trk=organization-update_share-update_actor-text\"]},{\"@type\":\"Person\",\"@id\":\"https:\\\/\\\/www.casaldelsinfants.org\\\/es\\\/#\\\/schema\\\/person\\\/e870791b50f03fd60f872e1cd83910fc\",\"name\":\"julia\"}]}<\/script>\n<!-- \/ Yoast SEO plugin. -->","yoast_head_json":{"title":"Reflexionamos con universidades y centros de FP sobre juventud migrada - Casal dels Infants","description":"La charla-taller 'Podr\u00edas ser t\u00fa' del Casal dels Infants sensibiliza alumnos de universidades y centros de FP sobre juventud migrada.","robots":{"index":"index","follow":"follow","max-snippet":"max-snippet:-1","max-image-preview":"max-image-preview:large","max-video-preview":"max-video-preview:-1"},"canonical":"https:\/\/www.casaldelsinfants.org\/es\/actualidad\/tallerjuventudmigradauniversidadesfp\/","og_locale":"es_ES","og_type":"article","og_title":"Reflexionamos con universidades y centros de FP sobre juventud migrada - Casal dels Infants","og_description":"La charla-taller 'Podr\u00edas ser t\u00fa' del Casal dels Infants sensibiliza alumnos de universidades y centros de FP sobre juventud migrada.","og_url":"https:\/\/www.casaldelsinfants.org\/es\/actualidad\/tallerjuventudmigradauniversidadesfp\/","og_site_name":"Casal dels Infants","article_publisher":"https:\/\/www.facebook.com\/casalinfants","article_published_time":"2024-10-07T11:32:18+00:00","og_image":[{"url":"https:\/\/www.casaldelsinfants.org\/wp-content\/uploads\/\/Diseno-sin-titulo-2-512x288.png","type":"","width":"","height":""}],"author":"julia","twitter_card":"summary_large_image","twitter_creator":"@casalinfants","twitter_site":"@casalinfants","twitter_misc":{"Escrito por":"julia","Tiempo de lectura":"3 minutos"},"schema":{"@context":"https:\/\/schema.org","@graph":[{"@type":"Article","@id":"https:\/\/www.casaldelsinfants.org\/es\/actualidad\/tallerjuventudmigradauniversidadesfp\/#article","isPartOf":{"@id":"https:\/\/www.casaldelsinfants.org\/es\/actualidad\/tallerjuventudmigradauniversidadesfp\/"},"author":{"name":"julia","@id":"https:\/\/www.casaldelsinfants.org\/es\/#\/schema\/person\/e870791b50f03fd60f872e1cd83910fc"},"headline":"Reflexionamos con universidades y centros de FP sobre juventud migrada","datePublished":"2024-10-07T11:32:18+00:00","mainEntityOfPage":{"@id":"https:\/\/www.casaldelsinfants.org\/es\/actualidad\/tallerjuventudmigradauniversidadesfp\/"},"wordCount":557,"commentCount":0,"publisher":{"@id":"https:\/\/www.casaldelsinfants.org\/es\/#organization"},"image":{"@id":"https:\/\/www.casaldelsinfants.org\/es\/actualidad\/tallerjuventudmigradauniversidadesfp\/#primaryimage"},"thumbnailUrl":"https:\/\/www.casaldelsinfants.org\/wp-content\/uploads\/\/Diseno-sin-titulo-2-512x288.png","articleSection":["Noticia"],"inLanguage":"es","potentialAction":[{"@type":"CommentAction","name":"Comment","target":["https:\/\/www.casaldelsinfants.org\/es\/actualidad\/tallerjuventudmigradauniversidadesfp\/#respond"]}]},{"@type":"WebPage","@id":"https:\/\/www.casaldelsinfants.org\/es\/actualidad\/tallerjuventudmigradauniversidadesfp\/","url":"https:\/\/www.casaldelsinfants.org\/es\/actualidad\/tallerjuventudmigradauniversidadesfp\/","name":"Reflexionamos con universidades y centros de FP sobre juventud migrada - Casal dels Infants","isPartOf":{"@id":"https:\/\/www.casaldelsinfants.org\/es\/#website"},"primaryImageOfPage":{"@id":"https:\/\/www.casaldelsinfants.org\/es\/actualidad\/tallerjuventudmigradauniversidadesfp\/#primaryimage"},"image":{"@id":"https:\/\/www.casaldelsinfants.org\/es\/actualidad\/tallerjuventudmigradauniversidadesfp\/#primaryimage"},"thumbnailUrl":"https:\/\/www.casaldelsinfants.org\/wp-content\/uploads\/\/Diseno-sin-titulo-2-512x288.png","datePublished":"2024-10-07T11:32:18+00:00","description":"La charla-taller 'Podr\u00edas ser t\u00fa' del Casal dels Infants sensibiliza alumnos de universidades y centros de FP sobre juventud migrada.","breadcrumb":{"@id":"https:\/\/www.casaldelsinfants.org\/es\/actualidad\/tallerjuventudmigradauniversidadesfp\/#breadcrumb"},"inLanguage":"es","potentialAction":[{"@type":"ReadAction","target":["https:\/\/www.casaldelsinfants.org\/es\/actualidad\/tallerjuventudmigradauniversidadesfp\/"]}]},{"@type":"ImageObject","inLanguage":"es","@id":"https:\/\/www.casaldelsinfants.org\/es\/actualidad\/tallerjuventudmigradauniversidadesfp\/#primaryimage","url":"https:\/\/www.casaldelsinfants.org\/wp-content\/uploads\/\/Diseno-sin-titulo-2-512x288.png","contentUrl":"https:\/\/www.casaldelsinfants.org\/wp-content\/uploads\/\/Diseno-sin-titulo-2-512x288.png"},{"@type":"BreadcrumbList","@id":"https:\/\/www.casaldelsinfants.org\/es\/actualidad\/tallerjuventudmigradauniversidadesfp\/#breadcrumb","itemListElement":[{"@type":"ListItem","position":1,"name":"Inici","item":"https:\/\/www.casaldelsinfants.org\/es\/"},{"@type":"ListItem","position":2,"name":"Reflexionamos con universidades y centros de FP sobre juventud migrada"}]},{"@type":"WebSite","@id":"https:\/\/www.casaldelsinfants.org\/es\/#website","url":"https:\/\/www.casaldelsinfants.org\/es\/","name":"Casal dels Infants","description":"","publisher":{"@id":"https:\/\/www.casaldelsinfants.org\/es\/#organization"},"potentialAction":[{"@type":"SearchAction","target":{"@type":"EntryPoint","urlTemplate":"https:\/\/www.casaldelsinfants.org\/es\/?s={search_term_string}"},"query-input":{"@type":"PropertyValueSpecification","valueRequired":true,"valueName":"search_term_string"}}],"inLanguage":"es"},{"@type":"Organization","@id":"https:\/\/www.casaldelsinfants.org\/es\/#organization","name":"Casal dels Infants","url":"https:\/\/www.casaldelsinfants.org\/es\/","logo":{"@type":"ImageObject","inLanguage":"es","@id":"https:\/\/www.casaldelsinfants.org\/es\/#\/schema\/logo\/image\/","url":"https:\/\/www.casaldelsinfants.org\/wp-content\/uploads\/logo-mail.png","contentUrl":"https:\/\/www.casaldelsinfants.org\/wp-content\/uploads\/logo-mail.png","width":380,"height":158,"caption":"Casal dels Infants"},"image":{"@id":"https:\/\/www.casaldelsinfants.org\/es\/#\/schema\/logo\/image\/"},"sameAs":["https:\/\/www.facebook.com\/casalinfants","https:\/\/x.com\/casalinfants","https:\/\/www.youtube.com\/user\/CasaldelsInfants1","https:\/\/www.instagram.com\/casalinfants\/","https:\/\/www.linkedin.com\/company\/casaldelsinfants?trk=organization-update_share-update_actor-text"]},{"@type":"Person","@id":"https:\/\/www.casaldelsinfants.org\/es\/#\/schema\/person\/e870791b50f03fd60f872e1cd83910fc","name":"julia"}]}},"publishpress_future_action":{"enabled":false,"date":"2026-05-08 21:20:52","action":"change-status","newStatus":"draft","terms":[],"taxonomy":"category","extraData":[]},"publishpress_future_workflow_manual_trigger":{"enabledWorkflows":[]},"_links":{"self":[{"href":"https:\/\/www.casaldelsinfants.org\/es\/wp-json\/wp\/v2\/posts\/25474","targetHints":{"allow":["GET"]}}],"collection":[{"href":"https:\/\/www.casaldelsinfants.org\/es\/wp-json\/wp\/v2\/posts"}],"about":[{"href":"https:\/\/www.casaldelsinfants.org\/es\/wp-json\/wp\/v2\/types\/post"}],"author":[{"embeddable":true,"href":"https:\/\/www.casaldelsinfants.org\/es\/wp-json\/wp\/v2\/users\/9"}],"replies":[{"embeddable":true,"href":"https:\/\/www.casaldelsinfants.org\/es\/wp-json\/wp\/v2\/comments?post=25474"}],"version-history":[{"count":4,"href":"https:\/\/www.casaldelsinfants.org\/es\/wp-json\/wp\/v2\/posts\/25474\/revisions"}],"predecessor-version":[{"id":25825,"href":"https:\/\/www.casaldelsinfants.org\/es\/wp-json\/wp\/v2\/posts\/25474\/revisions\/25825"}],"wp:attachment":[{"href":"https:\/\/www.casaldelsinfants.org\/es\/wp-json\/wp\/v2\/media?parent=25474"}],"wp:term":[{"taxonomy":"category","embeddable":true,"href":"https:\/\/www.casaldelsinfants.org\/es\/wp-json\/wp\/v2\/categories?post=25474"},{"taxonomy":"post_tag","embeddable":true,"href":"https:\/\/www.casaldelsinfants.org\/es\/wp-json\/wp\/v2\/tags?post=25474"},{"taxonomy":"seus","embeddable":true,"href":"https:\/\/www.casaldelsinfants.org\/es\/wp-json\/wp\/v2\/seus?post=25474"},{"taxonomy":"eixos","embeddable":true,"href":"https:\/\/www.casaldelsinfants.org\/es\/wp-json\/wp\/v2\/eixos?post=25474"}],"curies":[{"name":"wp","href":"https:\/\/api.w.org\/{rel}","templated":true}]}}