{"id":25949,"date":"2024-10-10T15:25:46","date_gmt":"2024-10-10T13:25:46","guid":{"rendered":"https:\/\/www.casaldelsinfants.org\/?p=25949"},"modified":"2024-10-10T15:25:46","modified_gmt":"2024-10-10T13:25:46","slug":"amarjitpoemario","status":"publish","type":"post","link":"https:\/\/www.casaldelsinfants.org\/es\/actualidad\/amarjitpoemario\/","title":{"rendered":"Poes\u00eda para desestigmatizar las personas con discapacidad"},"content":{"rendered":"<p>&nbsp;<\/p>\n<p><iframe loading=\"lazy\" title=\"Amar Jit: &quot;La gente no me entiende. A trav\u00e9s de la lectura, me entienden m\u00e1s&quot;\" width=\"1080\" height=\"608\" src=\"https:\/\/www.youtube.com\/embed\/qK8PJeEzJkI?feature=oembed&#038;enablejsapi=1&#038;origin=https:\/\/www.casaldelsinfants.org\"  allow=\"accelerometer; autoplay; clipboard-write; encrypted-media; gyroscope; picture-in-picture; web-share\" referrerpolicy=\"strict-origin-when-cross-origin\" allowfullscreen><\/iframe><\/p>\n<p>&nbsp;<\/p>\n<p>La primera vez que Amar vino al Casal, como participante, lo hizo con silla de ruedas. <strong>Ahora vuelve, caminando por su propio pie y como autor publicado de un libro de poesia<\/strong>,\u00a0<em>Cambia tu mirada.<\/em> El libro, publicado y editado de manera independiente, se centra en su testimonio, en sus ideas y pensamientos como persona con discapaidad, que ha sufrido y sufre discriminaci\u00f3n, y con un <strong>llamamiento para que la sociedad deje de estigmatizar a personas como \u00e9l<\/strong>.<\/p>\n<p>Amar Jit, de 26 a\u00f1os, ha vuelto al Casal para visitar los chicos y chicas del <strong>Centro Abierto Adolescente y el Casal Joven del<\/strong> <span style=\"text-decoration: underline;\"><a href=\"https:\/\/www.casaldelsinfants.org\/on-treballem\/santa-coloma-de-gramenet\/\"><b>Casal dels Infants de Santa Coloma<\/b><\/a><\/span> y presentar su primer libro,\u00a0<em>Cambia tu mirada.\u00a0<\/em>Sentados y sentadas en c\u00edrculo, los y las j\u00f3venes del Casal, concentrados y con mucha atenci\u00f3n, escuchan a Amar explicar su historia. Lo acompa\u00f1an Marga, voluntaria del Casal, Marc y Sonia, todos tres amigos que han querido apoyarlo en esta tarde tan especial.<\/p>\n<p>&nbsp;<\/p>\n<p><img decoding=\"async\" class=\" wp-image-25943 aligncenter\" src=\"https:\/\/www.casaldelsinfants.org\/wp-content\/uploads\/\/6b0affe7-7022-42fd-87fc-a068cc98087e-2048x1152.jpg\" alt=\"L'Amar Jit presenta el seu llibre, &quot;Cambia tu mirada&quot;, acompanyat dels seus amics.\" width=\"1175\" height=\"661\" \/><\/p>\n<p>&nbsp;<\/p>\n<p><span style=\"font-weight: 400;\">\u201c<\/span><b>No teng\u00e1is miedo de hablar con gente como yo<\/b><span style=\"font-weight: 400;\">\u201d, insiste a los y las j\u00f3venes, anim\u00e1ndolos a deconstruir la mirada prejuiciosa que frecuentemente cae sobre las personas con discapacidad. \u00abNo me gusta que me miren con pena, y de aqu\u00ed viene el t\u00edtulo de mi mirada, <em>cambia tu mirada<\/em>\u00ab, afirma.\u00a0<\/span><\/p>\n<p>&nbsp;<\/p>\n<h2><b>Miradas discriminatorias<\/b><\/h2>\n<p>&nbsp;<\/p>\n<p><b>Amar vino a Catalunya de la \u00cdndia cuando tenia 9 a\u00f1os<\/b>. Naci\u00f3 en Pind Pasla, en la regi\u00f3n del Punyab, en el norte del pa\u00eds. Ah\u00ed, con su familia, formaban parte de la casta de los \u00abintocables\u00bb o los <em>dalit<\/em>, el grupo social m\u00e1s marginado y excluido del pa\u00eds, regido por un sistema jer\u00e1rquico r\u00edgido que divide la sociedad en diferentes castas, con diferentes derechos, privilegios y exclusiones seg\u00fan el grupo del cual se forme parte.<\/p>\n<p>Formar parte del estamento m\u00e1s bajo los condicionaba el acceso a la educaci\u00f3n, limitaba los trabajos que pod\u00edan conseguir, y las relaciones sociales y laborales. Por tanto, <strong>Amar sufr\u00eda una doble discriminaci\u00f3n: por su casta y por su discapacidad<\/strong>, una par\u00e1lisis cerebral que le afecta su psicomotricidad.<\/p>\n<p>Al llegar a Catalunya, el rechazo y las miradas discriminatorias por su discapacidad continuaron. Notaba el rechazo en el instituto, en la calle, e incluso en alguna ocasi\u00f3n de su comunidad. As\u00ed, <strong>Amar empez\u00f3 a escribir poes\u00eda para expresar lo que sent\u00eda<\/strong>, para procesar de manera sana esta discriminaci\u00f3n que se encontraba casi a diario. \u00ab<strong>Me gusta escribir poes\u00eda porque la gente no me entiende, pero a trav\u00e9s de la lectura me entienden m\u00e1s<\/strong>\u00ab, explica.<\/p>\n<p>&nbsp;<\/p>\n<p><img decoding=\"async\" class=\" wp-image-25941 aligncenter\" src=\"https:\/\/www.casaldelsinfants.org\/wp-content\/uploads\/\/ade38d85-f3ae-4faa-ada0-9b55c11778b2-2048x1152.jpg\" alt=\"Nois i noies seuen en una rotllana, escoltant la presentaci\u00f3 del llibre de l'Amar Jit.\" width=\"1247\" height=\"701\" \/><\/p>\n<p>&nbsp;<\/p>\n<p><span style=\"font-weight: 400;\">De esta manera, con el mismo esp\u00edritu de superaci\u00f3n con el que consigui\u00f3 andar y dejar la silla de ruedas, al largo de estos a\u00f1os <strong>Amar se ha esforzado para crearse sus oportunidades<\/strong>, se ha formado en un grado FP de parques y jardines, y ahora trabaja en una protectora de gatos. Y, adem\u00e1s, ha publicado un libro.<\/span><\/p>\n<p>&nbsp;<\/p>\n<h2><b>El paso de Amar por el Casal dels Infants<\/b><\/h2>\n<p>&nbsp;<\/p>\n<p><span style=\"font-weight: 400;\">Antes de la presentaci\u00f3n, Amar estaba nervioso, ya que era la primera que hac\u00eda. Por suerte,<strong> el Casal le es un espacio familiar, ya que particip\u00f3 cuando era adolescente<\/strong>. \u00abHac\u00edamos actividades, \u00edbamos de colonias, fuimos al Pirineo, <strong>\u00a1hac\u00edamos un mont\u00f3n de cosas y me encantaba!<\/strong> Me gustar\u00eda poderlo repetir\u00bb, explica record\u00e1ndolo.\u00a0<\/span><\/p>\n<p>Al terminar su visita, los chicos y chicas resumen con una palabra las sensaciones de esta tarde. Muchas hablan de emotividad, de superaci\u00f3n y de admiraci\u00f3n, con agradecimientos a Amar por haber venido al Casal.<\/p>\n<p>Pr\u00f3ximamente, Amar tiene dos presentaciones m\u00e1s de su libro,\u00a0<em>Cambia tu mirada:\u00a0<\/em>el 23 de octubre a las 18:30h en la <span style=\"font-weight: 400;\"><span style=\"text-decoration: underline;\"><a href=\"https:\/\/bibliotecavirtual.diba.cat\/santa-coloma-de-gramenet-biblioteca-can-peixauet\" target=\"_blank\" rel=\"noopener\">Biblioteca de Can Peixauet<\/a><\/span>, y el <\/span><b>7 de noviembre<\/b><span style=\"font-weight: 400;\"> a las 18h, en la <span style=\"text-decoration: underline;\"><a href=\"https:\/\/ajuntament.barcelona.cat\/biblioteques\/ca\/bibtrinitatvella\" target=\"_blank\" rel=\"noopener\">Biblioteca de Trinitat Vella<\/a><\/span>.\u00a0<\/span><\/p>\n<p>&nbsp;<\/p>\n","protected":false},"excerpt":{"rendered":"<p>&nbsp; &nbsp; La primera vez que Amar vino al Casal, como participante, lo hizo con silla de ruedas. Ahora vuelve, caminando por su propio pie y como autor publicado de un libro de poesia,\u00a0Cambia tu mirada. El libro, publicado y editado de manera independiente, se centra en su testimonio, en sus ideas y pensamientos como [&hellip;]<\/p>\n","protected":false},"author":9,"featured_media":0,"comment_status":"open","ping_status":"open","sticky":false,"template":"","format":"standard","meta":{"_acf_changed":false,"_et_pb_use_builder":"","_et_pb_old_content":"","_et_gb_content_width":"","inline_featured_image":false,"footnotes":""},"categories":[125],"tags":[],"seus":[160],"eixos":[223],"class_list":["post-25949","post","type-post","status-publish","format-standard","hentry","category-noticias","seus-santa-coloma-de-gramenet","eixos-joves-es"],"acf":[],"yoast_head":"<!-- This site is optimized with the Yoast SEO plugin v27.4 - https:\/\/yoast.com\/product\/yoast-seo-wordpress\/ -->\n<title>&quot;Cambia tu mirada&quot;, el libro de poes\u00eda de Amar Jit - Casal dels Infants<\/title>\n<meta name=\"description\" content=\"&quot;Cambia tu mirada&quot; es el primer libro de poes\u00eda de Amar Jit, un chico con discapacidad y ex participante del Casal dels Infants.\" \/>\n<meta name=\"robots\" content=\"index, follow, max-snippet:-1, max-image-preview:large, max-video-preview:-1\" \/>\n<link rel=\"canonical\" href=\"https:\/\/www.casaldelsinfants.org\/es\/actualidad\/amarjitpoemario\/\" \/>\n<meta property=\"og:locale\" content=\"es_ES\" \/>\n<meta property=\"og:type\" content=\"article\" \/>\n<meta property=\"og:title\" content=\"&quot;Cambia tu mirada&quot;, el libro de poes\u00eda de Amar Jit - Casal dels Infants\" \/>\n<meta property=\"og:description\" content=\"&quot;Cambia tu mirada&quot; es el primer libro de poes\u00eda de Amar Jit, un chico con discapacidad y ex participante del Casal dels Infants.\" \/>\n<meta property=\"og:url\" content=\"https:\/\/www.casaldelsinfants.org\/es\/actualidad\/amarjitpoemario\/\" \/>\n<meta property=\"og:site_name\" content=\"Casal dels Infants\" \/>\n<meta property=\"article:publisher\" content=\"https:\/\/www.facebook.com\/casalinfants\" \/>\n<meta property=\"article:published_time\" content=\"2024-10-10T13:25:46+00:00\" \/>\n<meta property=\"og:image\" content=\"https:\/\/www.casaldelsinfants.org\/wp-content\/uploads\/\/6b0affe7-7022-42fd-87fc-a068cc98087e-2048x1152.jpg\" \/>\n<meta name=\"author\" content=\"julia\" \/>\n<meta name=\"twitter:card\" content=\"summary_large_image\" \/>\n<meta name=\"twitter:creator\" content=\"@casalinfants\" \/>\n<meta name=\"twitter:site\" content=\"@casalinfants\" \/>\n<meta name=\"twitter:label1\" content=\"Escrito por\" \/>\n\t<meta name=\"twitter:data1\" content=\"julia\" \/>\n\t<meta name=\"twitter:label2\" content=\"Tiempo de lectura\" \/>\n\t<meta name=\"twitter:data2\" content=\"4 minutos\" \/>\n<script type=\"application\/ld+json\" class=\"yoast-schema-graph\">{\"@context\":\"https:\\\/\\\/schema.org\",\"@graph\":[{\"@type\":\"Article\",\"@id\":\"https:\\\/\\\/www.casaldelsinfants.org\\\/es\\\/actualidad\\\/amarjitpoemario\\\/#article\",\"isPartOf\":{\"@id\":\"https:\\\/\\\/www.casaldelsinfants.org\\\/es\\\/actualidad\\\/amarjitpoemario\\\/\"},\"author\":{\"name\":\"julia\",\"@id\":\"https:\\\/\\\/www.casaldelsinfants.org\\\/es\\\/#\\\/schema\\\/person\\\/e870791b50f03fd60f872e1cd83910fc\"},\"headline\":\"Poes\u00eda para desestigmatizar las personas con discapacidad\",\"datePublished\":\"2024-10-10T13:25:46+00:00\",\"mainEntityOfPage\":{\"@id\":\"https:\\\/\\\/www.casaldelsinfants.org\\\/es\\\/actualidad\\\/amarjitpoemario\\\/\"},\"wordCount\":669,\"commentCount\":0,\"publisher\":{\"@id\":\"https:\\\/\\\/www.casaldelsinfants.org\\\/es\\\/#organization\"},\"image\":{\"@id\":\"https:\\\/\\\/www.casaldelsinfants.org\\\/es\\\/actualidad\\\/amarjitpoemario\\\/#primaryimage\"},\"thumbnailUrl\":\"https:\\\/\\\/www.casaldelsinfants.org\\\/wp-content\\\/uploads\\\/\\\/6b0affe7-7022-42fd-87fc-a068cc98087e-2048x1152.jpg\",\"articleSection\":[\"Noticia\"],\"inLanguage\":\"es\",\"potentialAction\":[{\"@type\":\"CommentAction\",\"name\":\"Comment\",\"target\":[\"https:\\\/\\\/www.casaldelsinfants.org\\\/es\\\/actualidad\\\/amarjitpoemario\\\/#respond\"]}]},{\"@type\":\"WebPage\",\"@id\":\"https:\\\/\\\/www.casaldelsinfants.org\\\/es\\\/actualidad\\\/amarjitpoemario\\\/\",\"url\":\"https:\\\/\\\/www.casaldelsinfants.org\\\/es\\\/actualidad\\\/amarjitpoemario\\\/\",\"name\":\"\\\"Cambia tu mirada\\\", el libro de poes\u00eda de Amar Jit - Casal dels Infants\",\"isPartOf\":{\"@id\":\"https:\\\/\\\/www.casaldelsinfants.org\\\/es\\\/#website\"},\"primaryImageOfPage\":{\"@id\":\"https:\\\/\\\/www.casaldelsinfants.org\\\/es\\\/actualidad\\\/amarjitpoemario\\\/#primaryimage\"},\"image\":{\"@id\":\"https:\\\/\\\/www.casaldelsinfants.org\\\/es\\\/actualidad\\\/amarjitpoemario\\\/#primaryimage\"},\"thumbnailUrl\":\"https:\\\/\\\/www.casaldelsinfants.org\\\/wp-content\\\/uploads\\\/\\\/6b0affe7-7022-42fd-87fc-a068cc98087e-2048x1152.jpg\",\"datePublished\":\"2024-10-10T13:25:46+00:00\",\"description\":\"\\\"Cambia tu mirada\\\" es el primer libro de poes\u00eda de Amar Jit, un chico con discapacidad y ex participante del Casal dels Infants.\",\"breadcrumb\":{\"@id\":\"https:\\\/\\\/www.casaldelsinfants.org\\\/es\\\/actualidad\\\/amarjitpoemario\\\/#breadcrumb\"},\"inLanguage\":\"es\",\"potentialAction\":[{\"@type\":\"ReadAction\",\"target\":[\"https:\\\/\\\/www.casaldelsinfants.org\\\/es\\\/actualidad\\\/amarjitpoemario\\\/\"]}]},{\"@type\":\"ImageObject\",\"inLanguage\":\"es\",\"@id\":\"https:\\\/\\\/www.casaldelsinfants.org\\\/es\\\/actualidad\\\/amarjitpoemario\\\/#primaryimage\",\"url\":\"https:\\\/\\\/www.casaldelsinfants.org\\\/wp-content\\\/uploads\\\/\\\/6b0affe7-7022-42fd-87fc-a068cc98087e-2048x1152.jpg\",\"contentUrl\":\"https:\\\/\\\/www.casaldelsinfants.org\\\/wp-content\\\/uploads\\\/\\\/6b0affe7-7022-42fd-87fc-a068cc98087e-2048x1152.jpg\"},{\"@type\":\"BreadcrumbList\",\"@id\":\"https:\\\/\\\/www.casaldelsinfants.org\\\/es\\\/actualidad\\\/amarjitpoemario\\\/#breadcrumb\",\"itemListElement\":[{\"@type\":\"ListItem\",\"position\":1,\"name\":\"Inici\",\"item\":\"https:\\\/\\\/www.casaldelsinfants.org\\\/es\\\/\"},{\"@type\":\"ListItem\",\"position\":2,\"name\":\"Poes\u00eda para desestigmatizar las personas con discapacidad\"}]},{\"@type\":\"WebSite\",\"@id\":\"https:\\\/\\\/www.casaldelsinfants.org\\\/es\\\/#website\",\"url\":\"https:\\\/\\\/www.casaldelsinfants.org\\\/es\\\/\",\"name\":\"Casal dels Infants\",\"description\":\"\",\"publisher\":{\"@id\":\"https:\\\/\\\/www.casaldelsinfants.org\\\/es\\\/#organization\"},\"potentialAction\":[{\"@type\":\"SearchAction\",\"target\":{\"@type\":\"EntryPoint\",\"urlTemplate\":\"https:\\\/\\\/www.casaldelsinfants.org\\\/es\\\/?s={search_term_string}\"},\"query-input\":{\"@type\":\"PropertyValueSpecification\",\"valueRequired\":true,\"valueName\":\"search_term_string\"}}],\"inLanguage\":\"es\"},{\"@type\":\"Organization\",\"@id\":\"https:\\\/\\\/www.casaldelsinfants.org\\\/es\\\/#organization\",\"name\":\"Casal dels Infants\",\"url\":\"https:\\\/\\\/www.casaldelsinfants.org\\\/es\\\/\",\"logo\":{\"@type\":\"ImageObject\",\"inLanguage\":\"es\",\"@id\":\"https:\\\/\\\/www.casaldelsinfants.org\\\/es\\\/#\\\/schema\\\/logo\\\/image\\\/\",\"url\":\"https:\\\/\\\/www.casaldelsinfants.org\\\/wp-content\\\/uploads\\\/logo-mail.png\",\"contentUrl\":\"https:\\\/\\\/www.casaldelsinfants.org\\\/wp-content\\\/uploads\\\/logo-mail.png\",\"width\":380,\"height\":158,\"caption\":\"Casal dels Infants\"},\"image\":{\"@id\":\"https:\\\/\\\/www.casaldelsinfants.org\\\/es\\\/#\\\/schema\\\/logo\\\/image\\\/\"},\"sameAs\":[\"https:\\\/\\\/www.facebook.com\\\/casalinfants\",\"https:\\\/\\\/x.com\\\/casalinfants\",\"https:\\\/\\\/www.youtube.com\\\/user\\\/CasaldelsInfants1\",\"https:\\\/\\\/www.instagram.com\\\/casalinfants\\\/\",\"https:\\\/\\\/www.linkedin.com\\\/company\\\/casaldelsinfants?trk=organization-update_share-update_actor-text\"]},{\"@type\":\"Person\",\"@id\":\"https:\\\/\\\/www.casaldelsinfants.org\\\/es\\\/#\\\/schema\\\/person\\\/e870791b50f03fd60f872e1cd83910fc\",\"name\":\"julia\"}]}<\/script>\n<!-- \/ Yoast SEO plugin. -->","yoast_head_json":{"title":"\"Cambia tu mirada\", el libro de poes\u00eda de Amar Jit - Casal dels Infants","description":"\"Cambia tu mirada\" es el primer libro de poes\u00eda de Amar Jit, un chico con discapacidad y ex participante del Casal dels Infants.","robots":{"index":"index","follow":"follow","max-snippet":"max-snippet:-1","max-image-preview":"max-image-preview:large","max-video-preview":"max-video-preview:-1"},"canonical":"https:\/\/www.casaldelsinfants.org\/es\/actualidad\/amarjitpoemario\/","og_locale":"es_ES","og_type":"article","og_title":"\"Cambia tu mirada\", el libro de poes\u00eda de Amar Jit - Casal dels Infants","og_description":"\"Cambia tu mirada\" es el primer libro de poes\u00eda de Amar Jit, un chico con discapacidad y ex participante del Casal dels Infants.","og_url":"https:\/\/www.casaldelsinfants.org\/es\/actualidad\/amarjitpoemario\/","og_site_name":"Casal dels Infants","article_publisher":"https:\/\/www.facebook.com\/casalinfants","article_published_time":"2024-10-10T13:25:46+00:00","og_image":[{"url":"https:\/\/www.casaldelsinfants.org\/wp-content\/uploads\/\/6b0affe7-7022-42fd-87fc-a068cc98087e-2048x1152.jpg","type":"","width":"","height":""}],"author":"julia","twitter_card":"summary_large_image","twitter_creator":"@casalinfants","twitter_site":"@casalinfants","twitter_misc":{"Escrito por":"julia","Tiempo de lectura":"4 minutos"},"schema":{"@context":"https:\/\/schema.org","@graph":[{"@type":"Article","@id":"https:\/\/www.casaldelsinfants.org\/es\/actualidad\/amarjitpoemario\/#article","isPartOf":{"@id":"https:\/\/www.casaldelsinfants.org\/es\/actualidad\/amarjitpoemario\/"},"author":{"name":"julia","@id":"https:\/\/www.casaldelsinfants.org\/es\/#\/schema\/person\/e870791b50f03fd60f872e1cd83910fc"},"headline":"Poes\u00eda para desestigmatizar las personas con discapacidad","datePublished":"2024-10-10T13:25:46+00:00","mainEntityOfPage":{"@id":"https:\/\/www.casaldelsinfants.org\/es\/actualidad\/amarjitpoemario\/"},"wordCount":669,"commentCount":0,"publisher":{"@id":"https:\/\/www.casaldelsinfants.org\/es\/#organization"},"image":{"@id":"https:\/\/www.casaldelsinfants.org\/es\/actualidad\/amarjitpoemario\/#primaryimage"},"thumbnailUrl":"https:\/\/www.casaldelsinfants.org\/wp-content\/uploads\/\/6b0affe7-7022-42fd-87fc-a068cc98087e-2048x1152.jpg","articleSection":["Noticia"],"inLanguage":"es","potentialAction":[{"@type":"CommentAction","name":"Comment","target":["https:\/\/www.casaldelsinfants.org\/es\/actualidad\/amarjitpoemario\/#respond"]}]},{"@type":"WebPage","@id":"https:\/\/www.casaldelsinfants.org\/es\/actualidad\/amarjitpoemario\/","url":"https:\/\/www.casaldelsinfants.org\/es\/actualidad\/amarjitpoemario\/","name":"\"Cambia tu mirada\", el libro de poes\u00eda de Amar Jit - Casal dels Infants","isPartOf":{"@id":"https:\/\/www.casaldelsinfants.org\/es\/#website"},"primaryImageOfPage":{"@id":"https:\/\/www.casaldelsinfants.org\/es\/actualidad\/amarjitpoemario\/#primaryimage"},"image":{"@id":"https:\/\/www.casaldelsinfants.org\/es\/actualidad\/amarjitpoemario\/#primaryimage"},"thumbnailUrl":"https:\/\/www.casaldelsinfants.org\/wp-content\/uploads\/\/6b0affe7-7022-42fd-87fc-a068cc98087e-2048x1152.jpg","datePublished":"2024-10-10T13:25:46+00:00","description":"\"Cambia tu mirada\" es el primer libro de poes\u00eda de Amar Jit, un chico con discapacidad y ex participante del Casal dels Infants.","breadcrumb":{"@id":"https:\/\/www.casaldelsinfants.org\/es\/actualidad\/amarjitpoemario\/#breadcrumb"},"inLanguage":"es","potentialAction":[{"@type":"ReadAction","target":["https:\/\/www.casaldelsinfants.org\/es\/actualidad\/amarjitpoemario\/"]}]},{"@type":"ImageObject","inLanguage":"es","@id":"https:\/\/www.casaldelsinfants.org\/es\/actualidad\/amarjitpoemario\/#primaryimage","url":"https:\/\/www.casaldelsinfants.org\/wp-content\/uploads\/\/6b0affe7-7022-42fd-87fc-a068cc98087e-2048x1152.jpg","contentUrl":"https:\/\/www.casaldelsinfants.org\/wp-content\/uploads\/\/6b0affe7-7022-42fd-87fc-a068cc98087e-2048x1152.jpg"},{"@type":"BreadcrumbList","@id":"https:\/\/www.casaldelsinfants.org\/es\/actualidad\/amarjitpoemario\/#breadcrumb","itemListElement":[{"@type":"ListItem","position":1,"name":"Inici","item":"https:\/\/www.casaldelsinfants.org\/es\/"},{"@type":"ListItem","position":2,"name":"Poes\u00eda para desestigmatizar las personas con discapacidad"}]},{"@type":"WebSite","@id":"https:\/\/www.casaldelsinfants.org\/es\/#website","url":"https:\/\/www.casaldelsinfants.org\/es\/","name":"Casal dels Infants","description":"","publisher":{"@id":"https:\/\/www.casaldelsinfants.org\/es\/#organization"},"potentialAction":[{"@type":"SearchAction","target":{"@type":"EntryPoint","urlTemplate":"https:\/\/www.casaldelsinfants.org\/es\/?s={search_term_string}"},"query-input":{"@type":"PropertyValueSpecification","valueRequired":true,"valueName":"search_term_string"}}],"inLanguage":"es"},{"@type":"Organization","@id":"https:\/\/www.casaldelsinfants.org\/es\/#organization","name":"Casal dels Infants","url":"https:\/\/www.casaldelsinfants.org\/es\/","logo":{"@type":"ImageObject","inLanguage":"es","@id":"https:\/\/www.casaldelsinfants.org\/es\/#\/schema\/logo\/image\/","url":"https:\/\/www.casaldelsinfants.org\/wp-content\/uploads\/logo-mail.png","contentUrl":"https:\/\/www.casaldelsinfants.org\/wp-content\/uploads\/logo-mail.png","width":380,"height":158,"caption":"Casal dels Infants"},"image":{"@id":"https:\/\/www.casaldelsinfants.org\/es\/#\/schema\/logo\/image\/"},"sameAs":["https:\/\/www.facebook.com\/casalinfants","https:\/\/x.com\/casalinfants","https:\/\/www.youtube.com\/user\/CasaldelsInfants1","https:\/\/www.instagram.com\/casalinfants\/","https:\/\/www.linkedin.com\/company\/casaldelsinfants?trk=organization-update_share-update_actor-text"]},{"@type":"Person","@id":"https:\/\/www.casaldelsinfants.org\/es\/#\/schema\/person\/e870791b50f03fd60f872e1cd83910fc","name":"julia"}]}},"publishpress_future_action":{"enabled":false,"date":"2026-05-09 11:35:28","action":"change-status","newStatus":"draft","terms":[],"taxonomy":"category","extraData":[]},"publishpress_future_workflow_manual_trigger":{"enabledWorkflows":[]},"_links":{"self":[{"href":"https:\/\/www.casaldelsinfants.org\/es\/wp-json\/wp\/v2\/posts\/25949","targetHints":{"allow":["GET"]}}],"collection":[{"href":"https:\/\/www.casaldelsinfants.org\/es\/wp-json\/wp\/v2\/posts"}],"about":[{"href":"https:\/\/www.casaldelsinfants.org\/es\/wp-json\/wp\/v2\/types\/post"}],"author":[{"embeddable":true,"href":"https:\/\/www.casaldelsinfants.org\/es\/wp-json\/wp\/v2\/users\/9"}],"replies":[{"embeddable":true,"href":"https:\/\/www.casaldelsinfants.org\/es\/wp-json\/wp\/v2\/comments?post=25949"}],"version-history":[{"count":2,"href":"https:\/\/www.casaldelsinfants.org\/es\/wp-json\/wp\/v2\/posts\/25949\/revisions"}],"predecessor-version":[{"id":25953,"href":"https:\/\/www.casaldelsinfants.org\/es\/wp-json\/wp\/v2\/posts\/25949\/revisions\/25953"}],"wp:attachment":[{"href":"https:\/\/www.casaldelsinfants.org\/es\/wp-json\/wp\/v2\/media?parent=25949"}],"wp:term":[{"taxonomy":"category","embeddable":true,"href":"https:\/\/www.casaldelsinfants.org\/es\/wp-json\/wp\/v2\/categories?post=25949"},{"taxonomy":"post_tag","embeddable":true,"href":"https:\/\/www.casaldelsinfants.org\/es\/wp-json\/wp\/v2\/tags?post=25949"},{"taxonomy":"seus","embeddable":true,"href":"https:\/\/www.casaldelsinfants.org\/es\/wp-json\/wp\/v2\/seus?post=25949"},{"taxonomy":"eixos","embeddable":true,"href":"https:\/\/www.casaldelsinfants.org\/es\/wp-json\/wp\/v2\/eixos?post=25949"}],"curies":[{"name":"wp","href":"https:\/\/api.w.org\/{rel}","templated":true}]}}