{"id":29895,"date":"2024-12-04T12:52:01","date_gmt":"2024-12-04T10:52:01","guid":{"rendered":"https:\/\/www.casaldelsinfants.org\/?p=29895"},"modified":"2024-12-04T13:01:58","modified_gmt":"2024-12-04T11:01:58","slug":"jornadadeportivafemenina","status":"publish","type":"post","link":"https:\/\/www.casaldelsinfants.org\/es\/actualidad\/jornadadeportivafemenina\/","title":{"rendered":"Ser las protagonistas de la pista de deporte"},"content":{"rendered":"<p><iframe loading=\"lazy\" title=\"Ser las protagonistas de la pista: la primera jornada deportiva femenina del Casal\" width=\"1080\" height=\"608\" src=\"https:\/\/www.youtube.com\/embed\/F_jOEV1lHvY?feature=oembed&#038;enablejsapi=1&#038;origin=https:\/\/www.casaldelsinfants.org\"  allow=\"accelerometer; autoplay; clipboard-write; encrypted-media; gyroscope; picture-in-picture; web-share\" referrerpolicy=\"strict-origin-when-cross-origin\" allowfullscreen><\/iframe><\/p>\n<p>&nbsp;<\/p>\n<p><span style=\"font-weight: 400;\">La ma\u00f1ana del s\u00e1bado 16 de noviembre, el patio de la escuela Cascavell del barrio de La Mina (Sant Adri\u00e0 de Bes\u00f2s) estaba lleno, no de alumnos, sino de adolescentes del Casal dels Infants. <strong>Aquella ma\u00f1ana, ellas eran las protagonistas de la pista de deporte<\/strong>: ten\u00eda lugar la <strong>primera jornada deportiva femenina del Casal<\/strong>.\u00a0<\/span><\/p>\n<p>La jornada, enmarcada en el proyecto <span style=\"font-weight: 400;\">transversal \u2018Empodera(des). Tallers per a la prevenci\u00f3 de viol\u00e8ncies Masclistes a l&#8217;adolesc\u00e8ncia\u2019, juntaba las <strong>chicas adolescentes de entre 12 y 16 a\u00f1os de todos los territorios donde act\u00faa el Casal<\/strong>: los barrios del Raval y Bes\u00f2s de Barcelona,<\/span><span style=\"font-weight: 400;\"> La Mina de Sant Adri\u00e0 de Bes\u00f2s, Llefi\u00e0 y Sant Roc de Badalona, Santa Coloma de Gramenet y Salt.\u00a0<\/span><\/p>\n<p>\u00abEl objetivo de la jornada de hoy es <strong>poner en valor el deporte femenino<\/strong>, que cada vez est\u00e1 m\u00e1s incluido en la sociedad, pero hay mucho trabajo a hacer, y trabajar valores que son muy importantes para el Casal tambi\u00e9n\u00bb, explicaba <span style=\"font-weight: 400;\">Kautar Azdaou, educadora del Casal dels Infants de Badalona y responsable d\u2019\u2019Empodera(des)\u2019 en Badalona. Kautar tambi\u00e9n es jugadora de la selecci\u00f3n femenina de Marruecos de f\u00fatbol sala y en el equipo Las Troncas de la Queens League.<\/span><\/p>\n<p>As\u00ed, una treintena de chicas de los diferentes <span style=\"text-decoration: underline;\"><a href=\"https:\/\/www.casaldelsinfants.org\/es\/que-hacemos\/ayudar-a-la-infancia-y-adolescencia\/\" target=\"_blank\" rel=\"noopener\">Centros Abiertos Adolescentes del Casal<\/a><\/span> se juntaron para empezar el d\u00eda compartiendo un desayuno saludable y despu\u00e9s, por equipos, <strong>jugar al f\u00fatbol y al voley durante toda la ma\u00f1ana<\/strong>. Todo ello, haciendo nuevas amistades y trabajando valores ligados al deporte, como el compa\u00f1erismo, el esfuerzo y la gesti\u00f3n de las emociones, entre otros.<\/p>\n<p>\u00abMe ha gustado mucho estar aqu\u00ed. Todas hemos jugado, hemos participado y \u00a1hemos socializado!\u00bb, afirmaba entre risas Franzely, de 12 a\u00f1os y participante en el Casal dels Infants de Badalona. Su compa\u00f1era, Valeria, de 13, a\u00f1ad\u00eda: \u00abhemos conocido mucha gente buena y ha sido muy divertido mezclarnos\u00bb.<\/p>\n<p>&nbsp;<\/p>\n<h2><b>Generar espacios para las chicas en el deporte\u00a0<\/b><\/h2>\n<p>&nbsp;<\/p>\n<p><span style=\"font-weight: 400;\">\u201c<strong>Cuando jugamos con chicos, solo juegan entre ellos y no nos pasan tanto la pelota, porque dicen que juegan mejor que las chicas<\/strong>\u00ab, continuaba Valeria. Franzely dice que directamente no participa porque le da miedo que le den un golpe de pelota.\u00a0<\/span><\/p>\n<p>Y no exagera. La gran mayor\u00eda de los patios escolares de Catalunya son \u00ab<span style=\"text-decoration: underline;\"><a href=\"https:\/\/www.elcritic.cat\/opinio\/sergi-picazo\/no-sha-parlat-prou-de-que-la-majoria-de-patis-descola-son-futbolcentrics-13969\" target=\"_blank\" rel=\"noopener\"><span style=\"font-weight: 400;\">\u201cfutbolc\u00e9ntricos\u201d<\/span><\/a><\/span><span style=\"font-weight: 400;\">, seg\u00fan indicaba un estudio de <span style=\"text-decoration: underline;\"><a href=\"https:\/\/equalsaree.org\/\" target=\"_blank\" rel=\"noopener\">Equal Saree<\/a><\/span>, un grupo de arquitectura y urbanismo feminista. Es decir, que la pista de futbol ocupa gran parte del espacio de recreo, dominado por el f\u00fatbol y la agresividad que a veces comporta su juego, y por la presencia de ni\u00f1os y chicos. Las ni\u00f1as y chicas quedan relegadas a los espacios estrechos y perif\u00e9ricos, al margen. Esto dise\u00f1o tiene consecuencias en la manera c\u00f3mo se relacionan los ni\u00f1os y ni\u00f1as.\u00a0<\/span><\/p>\n<p>&nbsp;<\/p>\n<p><img decoding=\"async\" class=\" wp-image-29881 aligncenter\" src=\"https:\/\/www.casaldelsinfants.org\/wp-content\/uploads\/DSC08403-scaled.webp\" alt=\"Partit de v\u00f2lei entre noies, al barri de La Mina.\" width=\"1076\" height=\"605\" srcset=\"https:\/\/www.casaldelsinfants.org\/wp-content\/uploads\/DSC08403-980x551.webp 980w, https:\/\/www.casaldelsinfants.org\/wp-content\/uploads\/DSC08403-480x270.webp 480w\" sizes=\"(min-width: 0px) and (max-width: 480px) 480px, (min-width: 481px) and (max-width: 980px) 980px, (min-width: 981px) 1076px, 100vw\" \/><\/p>\n<p>&nbsp;<\/p>\n<p><span style=\"font-weight: 400;\">Por tanto, la jornada del s\u00e1bado no era tanto para acercar a las chicas al deporte, que ya lo practican y les gusta, sino para <strong>ofrecerles este espacio seguro, no mixto donde ellas puedan ser las protagonistas<\/strong>. \u00abQueremos que las chicas puedan ver que son potentes, que son v\u00e1lidas y que el deporte es positivo. Seguro que a muchas de ellas ya les gusta, pero a veces no tienen este espacio \u00edntimo donde poder disfrutar con otras compa\u00f1eras de los espacios deportivos\u00bb, explicaba Idoia de Frutos, educadora del Casal dels Infants del Raval.<\/span><\/p>\n<p>&nbsp;<\/p>\n<h2><b>\u2018Empodera(des)\u2019, proyecto transversal del Casal dels Infants\u00a0<\/b><\/h2>\n<p>&nbsp;<\/p>\n<p><span style=\"font-weight: 400;\">\u2018Empodera(des). Tallers per a la prevenci\u00f3 de viol\u00e8ncies Masclistes a l&#8217;adolesc\u00e8ncia\u2019 es un proyecto transversal del Casal dels Infants, que cuenta con el apoyo del Departament d\u2019Igualtat i Feminisme de la Generalitat de Catalunya.\u00a0<\/span><\/p>\n<p>&nbsp;<\/p>\n<p><img decoding=\"async\" class=\" wp-image-29884 aligncenter\" src=\"https:\/\/www.casaldelsinfants.org\/wp-content\/uploads\/DSC08466-scaled.webp\" alt=\"Noies adolescents participants del Casal dels Infants\" width=\"1172\" height=\"659\" srcset=\"https:\/\/www.casaldelsinfants.org\/wp-content\/uploads\/DSC08466-980x551.webp 980w, https:\/\/www.casaldelsinfants.org\/wp-content\/uploads\/DSC08466-480x270.webp 480w\" sizes=\"(min-width: 0px) and (max-width: 480px) 480px, (min-width: 481px) and (max-width: 980px) 980px, (min-width: 981px) 1172px, 100vw\" \/><\/p>\n<p>&nbsp;<\/p>\n<p><span style=\"font-weight: 400;\">Su objetivo es prevenir la violencia machista en la infancia y adolescencia a trav\u00e9s del <strong>desarrollo de un proyecto de educaci\u00f3n sexual integral<\/strong>. Lo hacemos con actividades de prevenci\u00f3n de violencias machistas y de sensibilizaci\u00f3n contra ellas, con el objetivo de empoderar las chicas con acciones comunitarias como la jornada deportiva, y con la formaci\u00f3n y acompa\u00f1amiento a los equipos educativos y referentes de las chicas del Casal.\u00a0<\/span><\/p>\n<p>&nbsp;<\/p>\n<p>Con el apoyo de:<\/p>\n<p><img decoding=\"async\" class=\"alignnone wp-image-29891\" src=\"https:\/\/www.casaldelsinfants.org\/wp-content\/uploads\/igualtat_h3.webp\" alt=\"\" width=\"229\" height=\"49\" \/><\/p>\n","protected":false},"excerpt":{"rendered":"<p>&nbsp; La ma\u00f1ana del s\u00e1bado 16 de noviembre, el patio de la escuela Cascavell del barrio de La Mina (Sant Adri\u00e0 de Bes\u00f2s) estaba lleno, no de alumnos, sino de adolescentes del Casal dels Infants. Aquella ma\u00f1ana, ellas eran las protagonistas de la pista de deporte: ten\u00eda lugar la primera jornada deportiva femenina del Casal.\u00a0 [&hellip;]<\/p>\n","protected":false},"author":9,"featured_media":0,"comment_status":"open","ping_status":"open","sticky":false,"template":"","format":"standard","meta":{"_acf_changed":false,"_et_pb_use_builder":"","_et_pb_old_content":"","_et_gb_content_width":"","inline_featured_image":false,"footnotes":""},"categories":[125],"tags":[],"seus":[],"eixos":[22,205,226],"class_list":["post-29895","post","type-post","status-publish","format-standard","hentry","category-noticias","eixos-infancia-i-adolescencia","eixos-infancia-y-adolescencia-es","eixos-infancia-i-adolescencia-es-3"],"acf":[],"yoast_head":"<!-- This site is optimized with the Yoast SEO plugin v27.4 - https:\/\/yoast.com\/product\/yoast-seo-wordpress\/ -->\n<title>La primera jornada deportiva femenina del Casal - Casal dels Infants<\/title>\n<meta name=\"description\" content=\"Las chicas adolescentes del Casal eren les protagonistes de la pista por un d\u00eda: celebramos la primera jornada deportiva femenina del Casal.\" \/>\n<meta name=\"robots\" content=\"index, follow, max-snippet:-1, max-image-preview:large, max-video-preview:-1\" \/>\n<link rel=\"canonical\" href=\"https:\/\/www.casaldelsinfants.org\/es\/actualidad\/jornadadeportivafemenina\/\" \/>\n<meta property=\"og:locale\" content=\"es_ES\" \/>\n<meta property=\"og:type\" content=\"article\" \/>\n<meta property=\"og:title\" content=\"La primera jornada deportiva femenina del Casal - Casal dels Infants\" \/>\n<meta property=\"og:description\" content=\"Las chicas adolescentes del Casal eren les protagonistes de la pista por un d\u00eda: celebramos la primera jornada deportiva femenina del Casal.\" \/>\n<meta property=\"og:url\" content=\"https:\/\/www.casaldelsinfants.org\/es\/actualidad\/jornadadeportivafemenina\/\" \/>\n<meta property=\"og:site_name\" content=\"Casal dels Infants\" \/>\n<meta property=\"article:publisher\" content=\"https:\/\/www.facebook.com\/casalinfants\" \/>\n<meta property=\"article:published_time\" content=\"2024-12-04T10:52:01+00:00\" \/>\n<meta property=\"article:modified_time\" content=\"2024-12-04T11:01:58+00:00\" \/>\n<meta property=\"og:image\" content=\"https:\/\/www.casaldelsinfants.org\/wp-content\/uploads\/DSC08403-scaled.webp\" \/>\n<meta name=\"author\" content=\"julia\" \/>\n<meta name=\"twitter:card\" content=\"summary_large_image\" \/>\n<meta name=\"twitter:creator\" content=\"@casalinfants\" \/>\n<meta name=\"twitter:site\" content=\"@casalinfants\" \/>\n<meta name=\"twitter:label1\" content=\"Escrito por\" \/>\n\t<meta name=\"twitter:data1\" content=\"julia\" \/>\n\t<meta name=\"twitter:label2\" content=\"Tiempo de lectura\" \/>\n\t<meta name=\"twitter:data2\" content=\"5 minutos\" \/>\n<script type=\"application\/ld+json\" class=\"yoast-schema-graph\">{\"@context\":\"https:\\\/\\\/schema.org\",\"@graph\":[{\"@type\":\"Article\",\"@id\":\"https:\\\/\\\/www.casaldelsinfants.org\\\/es\\\/actualidad\\\/jornadadeportivafemenina\\\/#article\",\"isPartOf\":{\"@id\":\"https:\\\/\\\/www.casaldelsinfants.org\\\/es\\\/actualidad\\\/jornadadeportivafemenina\\\/\"},\"author\":{\"name\":\"julia\",\"@id\":\"https:\\\/\\\/www.casaldelsinfants.org\\\/es\\\/#\\\/schema\\\/person\\\/e870791b50f03fd60f872e1cd83910fc\"},\"headline\":\"Ser las protagonistas de la pista de deporte\",\"datePublished\":\"2024-12-04T10:52:01+00:00\",\"dateModified\":\"2024-12-04T11:01:58+00:00\",\"mainEntityOfPage\":{\"@id\":\"https:\\\/\\\/www.casaldelsinfants.org\\\/es\\\/actualidad\\\/jornadadeportivafemenina\\\/\"},\"wordCount\":727,\"commentCount\":0,\"publisher\":{\"@id\":\"https:\\\/\\\/www.casaldelsinfants.org\\\/es\\\/#organization\"},\"image\":{\"@id\":\"https:\\\/\\\/www.casaldelsinfants.org\\\/es\\\/actualidad\\\/jornadadeportivafemenina\\\/#primaryimage\"},\"thumbnailUrl\":\"https:\\\/\\\/www.casaldelsinfants.org\\\/wp-content\\\/uploads\\\/DSC08403-scaled.webp\",\"articleSection\":[\"Noticia\"],\"inLanguage\":\"es\",\"potentialAction\":[{\"@type\":\"CommentAction\",\"name\":\"Comment\",\"target\":[\"https:\\\/\\\/www.casaldelsinfants.org\\\/es\\\/actualidad\\\/jornadadeportivafemenina\\\/#respond\"]}]},{\"@type\":\"WebPage\",\"@id\":\"https:\\\/\\\/www.casaldelsinfants.org\\\/es\\\/actualidad\\\/jornadadeportivafemenina\\\/\",\"url\":\"https:\\\/\\\/www.casaldelsinfants.org\\\/es\\\/actualidad\\\/jornadadeportivafemenina\\\/\",\"name\":\"La primera jornada deportiva femenina del Casal - Casal dels Infants\",\"isPartOf\":{\"@id\":\"https:\\\/\\\/www.casaldelsinfants.org\\\/es\\\/#website\"},\"primaryImageOfPage\":{\"@id\":\"https:\\\/\\\/www.casaldelsinfants.org\\\/es\\\/actualidad\\\/jornadadeportivafemenina\\\/#primaryimage\"},\"image\":{\"@id\":\"https:\\\/\\\/www.casaldelsinfants.org\\\/es\\\/actualidad\\\/jornadadeportivafemenina\\\/#primaryimage\"},\"thumbnailUrl\":\"https:\\\/\\\/www.casaldelsinfants.org\\\/wp-content\\\/uploads\\\/DSC08403-scaled.webp\",\"datePublished\":\"2024-12-04T10:52:01+00:00\",\"dateModified\":\"2024-12-04T11:01:58+00:00\",\"description\":\"Las chicas adolescentes del Casal eren les protagonistes de la pista por un d\u00eda: celebramos la primera jornada deportiva femenina del Casal.\",\"breadcrumb\":{\"@id\":\"https:\\\/\\\/www.casaldelsinfants.org\\\/es\\\/actualidad\\\/jornadadeportivafemenina\\\/#breadcrumb\"},\"inLanguage\":\"es\",\"potentialAction\":[{\"@type\":\"ReadAction\",\"target\":[\"https:\\\/\\\/www.casaldelsinfants.org\\\/es\\\/actualidad\\\/jornadadeportivafemenina\\\/\"]}]},{\"@type\":\"ImageObject\",\"inLanguage\":\"es\",\"@id\":\"https:\\\/\\\/www.casaldelsinfants.org\\\/es\\\/actualidad\\\/jornadadeportivafemenina\\\/#primaryimage\",\"url\":\"https:\\\/\\\/www.casaldelsinfants.org\\\/wp-content\\\/uploads\\\/DSC08403-scaled.webp\",\"contentUrl\":\"https:\\\/\\\/www.casaldelsinfants.org\\\/wp-content\\\/uploads\\\/DSC08403-scaled.webp\"},{\"@type\":\"BreadcrumbList\",\"@id\":\"https:\\\/\\\/www.casaldelsinfants.org\\\/es\\\/actualidad\\\/jornadadeportivafemenina\\\/#breadcrumb\",\"itemListElement\":[{\"@type\":\"ListItem\",\"position\":1,\"name\":\"Inici\",\"item\":\"https:\\\/\\\/www.casaldelsinfants.org\\\/es\\\/\"},{\"@type\":\"ListItem\",\"position\":2,\"name\":\"Ser las protagonistas de la pista de deporte\"}]},{\"@type\":\"WebSite\",\"@id\":\"https:\\\/\\\/www.casaldelsinfants.org\\\/es\\\/#website\",\"url\":\"https:\\\/\\\/www.casaldelsinfants.org\\\/es\\\/\",\"name\":\"Casal dels Infants\",\"description\":\"\",\"publisher\":{\"@id\":\"https:\\\/\\\/www.casaldelsinfants.org\\\/es\\\/#organization\"},\"potentialAction\":[{\"@type\":\"SearchAction\",\"target\":{\"@type\":\"EntryPoint\",\"urlTemplate\":\"https:\\\/\\\/www.casaldelsinfants.org\\\/es\\\/?s={search_term_string}\"},\"query-input\":{\"@type\":\"PropertyValueSpecification\",\"valueRequired\":true,\"valueName\":\"search_term_string\"}}],\"inLanguage\":\"es\"},{\"@type\":\"Organization\",\"@id\":\"https:\\\/\\\/www.casaldelsinfants.org\\\/es\\\/#organization\",\"name\":\"Casal dels Infants\",\"url\":\"https:\\\/\\\/www.casaldelsinfants.org\\\/es\\\/\",\"logo\":{\"@type\":\"ImageObject\",\"inLanguage\":\"es\",\"@id\":\"https:\\\/\\\/www.casaldelsinfants.org\\\/es\\\/#\\\/schema\\\/logo\\\/image\\\/\",\"url\":\"https:\\\/\\\/www.casaldelsinfants.org\\\/wp-content\\\/uploads\\\/logo-mail.png\",\"contentUrl\":\"https:\\\/\\\/www.casaldelsinfants.org\\\/wp-content\\\/uploads\\\/logo-mail.png\",\"width\":380,\"height\":158,\"caption\":\"Casal dels Infants\"},\"image\":{\"@id\":\"https:\\\/\\\/www.casaldelsinfants.org\\\/es\\\/#\\\/schema\\\/logo\\\/image\\\/\"},\"sameAs\":[\"https:\\\/\\\/www.facebook.com\\\/casalinfants\",\"https:\\\/\\\/x.com\\\/casalinfants\",\"https:\\\/\\\/www.youtube.com\\\/user\\\/CasaldelsInfants1\",\"https:\\\/\\\/www.instagram.com\\\/casalinfants\\\/\",\"https:\\\/\\\/www.linkedin.com\\\/company\\\/casaldelsinfants?trk=organization-update_share-update_actor-text\"]},{\"@type\":\"Person\",\"@id\":\"https:\\\/\\\/www.casaldelsinfants.org\\\/es\\\/#\\\/schema\\\/person\\\/e870791b50f03fd60f872e1cd83910fc\",\"name\":\"julia\"}]}<\/script>\n<!-- \/ Yoast SEO plugin. -->","yoast_head_json":{"title":"La primera jornada deportiva femenina del Casal - Casal dels Infants","description":"Las chicas adolescentes del Casal eren les protagonistes de la pista por un d\u00eda: celebramos la primera jornada deportiva femenina del Casal.","robots":{"index":"index","follow":"follow","max-snippet":"max-snippet:-1","max-image-preview":"max-image-preview:large","max-video-preview":"max-video-preview:-1"},"canonical":"https:\/\/www.casaldelsinfants.org\/es\/actualidad\/jornadadeportivafemenina\/","og_locale":"es_ES","og_type":"article","og_title":"La primera jornada deportiva femenina del Casal - Casal dels Infants","og_description":"Las chicas adolescentes del Casal eren les protagonistes de la pista por un d\u00eda: celebramos la primera jornada deportiva femenina del Casal.","og_url":"https:\/\/www.casaldelsinfants.org\/es\/actualidad\/jornadadeportivafemenina\/","og_site_name":"Casal dels Infants","article_publisher":"https:\/\/www.facebook.com\/casalinfants","article_published_time":"2024-12-04T10:52:01+00:00","article_modified_time":"2024-12-04T11:01:58+00:00","og_image":[{"url":"https:\/\/www.casaldelsinfants.org\/wp-content\/uploads\/DSC08403-scaled.webp","type":"","width":"","height":""}],"author":"julia","twitter_card":"summary_large_image","twitter_creator":"@casalinfants","twitter_site":"@casalinfants","twitter_misc":{"Escrito por":"julia","Tiempo de lectura":"5 minutos"},"schema":{"@context":"https:\/\/schema.org","@graph":[{"@type":"Article","@id":"https:\/\/www.casaldelsinfants.org\/es\/actualidad\/jornadadeportivafemenina\/#article","isPartOf":{"@id":"https:\/\/www.casaldelsinfants.org\/es\/actualidad\/jornadadeportivafemenina\/"},"author":{"name":"julia","@id":"https:\/\/www.casaldelsinfants.org\/es\/#\/schema\/person\/e870791b50f03fd60f872e1cd83910fc"},"headline":"Ser las protagonistas de la pista de deporte","datePublished":"2024-12-04T10:52:01+00:00","dateModified":"2024-12-04T11:01:58+00:00","mainEntityOfPage":{"@id":"https:\/\/www.casaldelsinfants.org\/es\/actualidad\/jornadadeportivafemenina\/"},"wordCount":727,"commentCount":0,"publisher":{"@id":"https:\/\/www.casaldelsinfants.org\/es\/#organization"},"image":{"@id":"https:\/\/www.casaldelsinfants.org\/es\/actualidad\/jornadadeportivafemenina\/#primaryimage"},"thumbnailUrl":"https:\/\/www.casaldelsinfants.org\/wp-content\/uploads\/DSC08403-scaled.webp","articleSection":["Noticia"],"inLanguage":"es","potentialAction":[{"@type":"CommentAction","name":"Comment","target":["https:\/\/www.casaldelsinfants.org\/es\/actualidad\/jornadadeportivafemenina\/#respond"]}]},{"@type":"WebPage","@id":"https:\/\/www.casaldelsinfants.org\/es\/actualidad\/jornadadeportivafemenina\/","url":"https:\/\/www.casaldelsinfants.org\/es\/actualidad\/jornadadeportivafemenina\/","name":"La primera jornada deportiva femenina del Casal - Casal dels Infants","isPartOf":{"@id":"https:\/\/www.casaldelsinfants.org\/es\/#website"},"primaryImageOfPage":{"@id":"https:\/\/www.casaldelsinfants.org\/es\/actualidad\/jornadadeportivafemenina\/#primaryimage"},"image":{"@id":"https:\/\/www.casaldelsinfants.org\/es\/actualidad\/jornadadeportivafemenina\/#primaryimage"},"thumbnailUrl":"https:\/\/www.casaldelsinfants.org\/wp-content\/uploads\/DSC08403-scaled.webp","datePublished":"2024-12-04T10:52:01+00:00","dateModified":"2024-12-04T11:01:58+00:00","description":"Las chicas adolescentes del Casal eren les protagonistes de la pista por un d\u00eda: celebramos la primera jornada deportiva femenina del Casal.","breadcrumb":{"@id":"https:\/\/www.casaldelsinfants.org\/es\/actualidad\/jornadadeportivafemenina\/#breadcrumb"},"inLanguage":"es","potentialAction":[{"@type":"ReadAction","target":["https:\/\/www.casaldelsinfants.org\/es\/actualidad\/jornadadeportivafemenina\/"]}]},{"@type":"ImageObject","inLanguage":"es","@id":"https:\/\/www.casaldelsinfants.org\/es\/actualidad\/jornadadeportivafemenina\/#primaryimage","url":"https:\/\/www.casaldelsinfants.org\/wp-content\/uploads\/DSC08403-scaled.webp","contentUrl":"https:\/\/www.casaldelsinfants.org\/wp-content\/uploads\/DSC08403-scaled.webp"},{"@type":"BreadcrumbList","@id":"https:\/\/www.casaldelsinfants.org\/es\/actualidad\/jornadadeportivafemenina\/#breadcrumb","itemListElement":[{"@type":"ListItem","position":1,"name":"Inici","item":"https:\/\/www.casaldelsinfants.org\/es\/"},{"@type":"ListItem","position":2,"name":"Ser las protagonistas de la pista de deporte"}]},{"@type":"WebSite","@id":"https:\/\/www.casaldelsinfants.org\/es\/#website","url":"https:\/\/www.casaldelsinfants.org\/es\/","name":"Casal dels Infants","description":"","publisher":{"@id":"https:\/\/www.casaldelsinfants.org\/es\/#organization"},"potentialAction":[{"@type":"SearchAction","target":{"@type":"EntryPoint","urlTemplate":"https:\/\/www.casaldelsinfants.org\/es\/?s={search_term_string}"},"query-input":{"@type":"PropertyValueSpecification","valueRequired":true,"valueName":"search_term_string"}}],"inLanguage":"es"},{"@type":"Organization","@id":"https:\/\/www.casaldelsinfants.org\/es\/#organization","name":"Casal dels Infants","url":"https:\/\/www.casaldelsinfants.org\/es\/","logo":{"@type":"ImageObject","inLanguage":"es","@id":"https:\/\/www.casaldelsinfants.org\/es\/#\/schema\/logo\/image\/","url":"https:\/\/www.casaldelsinfants.org\/wp-content\/uploads\/logo-mail.png","contentUrl":"https:\/\/www.casaldelsinfants.org\/wp-content\/uploads\/logo-mail.png","width":380,"height":158,"caption":"Casal dels Infants"},"image":{"@id":"https:\/\/www.casaldelsinfants.org\/es\/#\/schema\/logo\/image\/"},"sameAs":["https:\/\/www.facebook.com\/casalinfants","https:\/\/x.com\/casalinfants","https:\/\/www.youtube.com\/user\/CasaldelsInfants1","https:\/\/www.instagram.com\/casalinfants\/","https:\/\/www.linkedin.com\/company\/casaldelsinfants?trk=organization-update_share-update_actor-text"]},{"@type":"Person","@id":"https:\/\/www.casaldelsinfants.org\/es\/#\/schema\/person\/e870791b50f03fd60f872e1cd83910fc","name":"julia"}]}},"publishpress_future_action":{"enabled":false,"date":"2026-05-09 11:19:13","action":"change-status","newStatus":"draft","terms":[],"taxonomy":"category","extraData":[]},"publishpress_future_workflow_manual_trigger":{"enabledWorkflows":[]},"_links":{"self":[{"href":"https:\/\/www.casaldelsinfants.org\/es\/wp-json\/wp\/v2\/posts\/29895","targetHints":{"allow":["GET"]}}],"collection":[{"href":"https:\/\/www.casaldelsinfants.org\/es\/wp-json\/wp\/v2\/posts"}],"about":[{"href":"https:\/\/www.casaldelsinfants.org\/es\/wp-json\/wp\/v2\/types\/post"}],"author":[{"embeddable":true,"href":"https:\/\/www.casaldelsinfants.org\/es\/wp-json\/wp\/v2\/users\/9"}],"replies":[{"embeddable":true,"href":"https:\/\/www.casaldelsinfants.org\/es\/wp-json\/wp\/v2\/comments?post=29895"}],"version-history":[{"count":5,"href":"https:\/\/www.casaldelsinfants.org\/es\/wp-json\/wp\/v2\/posts\/29895\/revisions"}],"predecessor-version":[{"id":30116,"href":"https:\/\/www.casaldelsinfants.org\/es\/wp-json\/wp\/v2\/posts\/29895\/revisions\/30116"}],"wp:attachment":[{"href":"https:\/\/www.casaldelsinfants.org\/es\/wp-json\/wp\/v2\/media?parent=29895"}],"wp:term":[{"taxonomy":"category","embeddable":true,"href":"https:\/\/www.casaldelsinfants.org\/es\/wp-json\/wp\/v2\/categories?post=29895"},{"taxonomy":"post_tag","embeddable":true,"href":"https:\/\/www.casaldelsinfants.org\/es\/wp-json\/wp\/v2\/tags?post=29895"},{"taxonomy":"seus","embeddable":true,"href":"https:\/\/www.casaldelsinfants.org\/es\/wp-json\/wp\/v2\/seus?post=29895"},{"taxonomy":"eixos","embeddable":true,"href":"https:\/\/www.casaldelsinfants.org\/es\/wp-json\/wp\/v2\/eixos?post=29895"}],"curies":[{"name":"wp","href":"https:\/\/api.w.org\/{rel}","templated":true}]}}