{"id":30692,"date":"2024-12-27T09:37:28","date_gmt":"2024-12-27T07:37:28","guid":{"rendered":"https:\/\/www.casaldelsinfants.org\/?p=30692"},"modified":"2024-12-27T10:36:32","modified_gmt":"2024-12-27T08:36:32","slug":"historiasano2024","status":"publish","type":"post","link":"https:\/\/www.casaldelsinfants.org\/es\/actualidad\/historiasano2024\/","title":{"rendered":"Doce historias para explicar el a\u00f1o 2024 en el Casal"},"content":{"rendered":"<p><span style=\"font-weight: 400;\">Apunto de empezar el 2025, queremos mirar atr\u00e1s para repasar el a\u00f1o que hemos tenido en el Casal dels Infants, a trav\u00e9s de doce historias de todos los territorios donde act\u00faa la entidad.\u00a0<\/span><\/p>\n<p>El a\u00f1o 2024 empez\u00f3 arrastrando del a\u00f1o anterior la dada alarmante de pobreza infantil en Catalunya, que se ha cronificado en los \u00faltimos a\u00f1os: 442.300 ni\u00f1os y ni\u00f1as (uno de cada tres) sufrieron riesgo de pobreza o exclusi\u00f3n social el 2023, seg\u00fan datos de la Encuesta de Condiciones de Vida. Son 6.000 ni\u00f1os y ni\u00f1as m\u00e1s que el a\u00f1o 2022, y la infancia sigue siendo la franja de edad que m\u00e1s se encuentra en esta situaci\u00f3n, por encima del conjunto de la poblaci\u00f3n de todas las edades.<\/p>\n<p>Para revertirlo, desde el Casal hemos seguido reivindicando, un a\u00f1o m\u00e1s, m\u00e1s prevenci\u00f3n con los servicios de apoyo social y educativo, una prestaci\u00f3n universal para la crianza, la universalizaci\u00f3n de la etapa 0-3 como herramienta clave contra la pobreza infantil, y parar los desahucios de ni\u00f1os y ni\u00f1as.<\/p>\n<p>Por otro lado, este 2024, hemos podido celebrar que llevamos 45 a\u00f1os actuando para proteger los derechos de la infancia, con fiestas en todos los barrios donde actuamos. Entre los servicios del Casal, tambi\u00e9n destacamos proyectos dedicados al acceso a la cultura, al trabajo en perspectiva de g\u00e9nero y feminismos, al deporte y a colaboraciones hist\u00f3ricas.<\/p>\n<p>&nbsp;<\/p>\n<h2><b>Un repaso de las historias del 2024 en el Casal<\/b><\/h2>\n<p>&nbsp;<\/p>\n<p><span style=\"text-decoration: underline;\"><a href=\"https:\/\/www.instagram.com\/p\/C3A37VMv21J\/?img_index=1\" target=\"_blank\" rel=\"noopener\"><b>Concurso de rob\u00f3tica en la Universitat Polit\u00e8cnica de Catalunya\u00a0<\/b><\/a><\/span><\/p>\n<p><img decoding=\"async\" class=\"size-full wp-image-30693 aligncenter\" src=\"https:\/\/www.casaldelsinfants.org\/wp-content\/uploads\/robotica-la-mina-png.webp\" alt=\"Dos nens somriuen a c\u00e0mera, al campionat Vex Robotics.\" width=\"552\" height=\"508\" srcset=\"https:\/\/www.casaldelsinfants.org\/wp-content\/uploads\/robotica-la-mina-png.webp 552w, https:\/\/www.casaldelsinfants.org\/wp-content\/uploads\/robotica-la-mina-480x442.webp 480w\" sizes=\"(min-width: 0px) and (max-width: 480px) 480px, (min-width: 481px) 552px, 100vw\" \/><\/p>\n<p><span style=\"font-weight: 400;\">Los ni\u00f1os y ni\u00f1as del Centro Socioeducativo El Rac\u00f3, del Casal dels Infants Bes\u00f2s-La Mina, que forman parte del equipo de rob\u00f3tica participaron en el Campionato de Vex Robotics en la Universitat Polit\u00e8cnica de Catalunya. Compitieron contra otros equipos de alumnos de primaria y secundaria.\u00a0<\/span><\/p>\n<p>&nbsp;<\/p>\n<p><span style=\"text-decoration: underline;\"><a href=\"https:\/\/www.casaldelsinfants.org\/es\/actualidad\/exposicionfemmeart\/\" target=\"_blank\" rel=\"noopener\"><b>Ni\u00f1os, ni\u00f1as y arte feminista: la exposici\u00f3n FemmeArt en Santa Coloma<\/b><\/a><\/span><\/p>\n<p><iframe loading=\"lazy\" title=\"FemmeArt, arte y pintura a favor del feminismo y la lucha por los derechos de las mujeres\" width=\"1080\" height=\"608\" src=\"https:\/\/www.youtube.com\/embed\/C5VhsOfxry4?feature=oembed&#038;enablejsapi=1&#038;origin=https:\/\/www.casaldelsinfants.org\"  allow=\"accelerometer; autoplay; clipboard-write; encrypted-media; gyroscope; picture-in-picture; web-share\" referrerpolicy=\"strict-origin-when-cross-origin\" allowfullscreen><\/iframe><\/p>\n<p>&nbsp;<\/p>\n<p><span style=\"font-weight: 400;\">Los ni\u00f1os y ni\u00f1as del Casal dels Infants de Santa Coloma de Gramenet inauguraron la tercera edici\u00f3n de la exposici\u00f3n FemmeArt en la Biblioteca de Fondo, en motivo del D\u00eda Internacional de las Mujeres. FemmeArt es un proyecto de los espacios de reflexi\u00f3n y asamblea que los ni\u00f1os y ni\u00f1as compart\u00edan cada tarde. Este a\u00f1o la pintura ha vuelto a ser la herramienta para fusionar el arte y el feminismo y la perspectiva de g\u00e9nero.\u00a0<\/span><\/p>\n<p>&nbsp;<\/p>\n<p><span style=\"text-decoration: underline;\"><a href=\"https:\/\/www.instagram.com\/p\/C4LNpsZttTE\/?img_index=4\" target=\"_blank\" rel=\"noopener\"><b>Actividades comunitarias en el Bes\u00f2s para reivindicar la lucha feminista<\/b><b>\u00a0<\/b><\/a><\/span><\/p>\n<p><img decoding=\"async\" class=\"size-full wp-image-30696 aligncenter\" src=\"https:\/\/www.casaldelsinfants.org\/wp-content\/uploads\/4e68e801-bfa3-437c-9079-34099c73e83c.jpg\" alt=\"Nens i nenes vestits amb samarretes roses i blaves.\" width=\"1600\" height=\"1200\" srcset=\"https:\/\/www.casaldelsinfants.org\/wp-content\/uploads\/4e68e801-bfa3-437c-9079-34099c73e83c.jpg 1600w, https:\/\/www.casaldelsinfants.org\/wp-content\/uploads\/4e68e801-bfa3-437c-9079-34099c73e83c-1280x960.webp 1280w, https:\/\/www.casaldelsinfants.org\/wp-content\/uploads\/4e68e801-bfa3-437c-9079-34099c73e83c-980x735.webp 980w, https:\/\/www.casaldelsinfants.org\/wp-content\/uploads\/4e68e801-bfa3-437c-9079-34099c73e83c-480x360.webp 480w\" sizes=\"(min-width: 0px) and (max-width: 480px) 480px, (min-width: 481px) and (max-width: 980px) 980px, (min-width: 981px) and (max-width: 1280px) 1280px, (min-width: 1281px) 1600px, 100vw\" \/><\/p>\n<p><span style=\"font-weight: 400;\">Los ni\u00f1os y ni\u00f1as del Casal dels Infants del Bes\u00f2s-La Mina grabaron un cortometraje sobre las situaciones de micromachismo que ni\u00f1as, chicas y mujeres viven cada d\u00eda, a partir de las reflexiones de los ni\u00f1os y ni\u00f1as. Tambi\u00e9n prepararon un acto comunitario donde, entre otras cosas, inauguraban un mural sobre las mujeres de su barrio.<\/span><\/p>\n<p>&nbsp;<\/p>\n<p><span style=\"text-decoration: underline;\"><a href=\"https:\/\/www.casaldelsinfants.org\/es\/actualidad\/rassifaescenateatro\/\" target=\"_blank\" rel=\"noopener\"><b>Rassif a escena: cuando el teatro empodera la juventud migrada<\/b><\/a><\/span><\/p>\n<p><iframe loading=\"lazy\" title=\"&quot;Este proyecto nos ha servido para mostrar que a pesar de venir de pa\u00edses diferentes, somos iguales&quot;\" width=\"1080\" height=\"608\" src=\"https:\/\/www.youtube.com\/embed\/jN6Txjoe8-U?feature=oembed&#038;enablejsapi=1&#038;origin=https:\/\/www.casaldelsinfants.org\"  allow=\"accelerometer; autoplay; clipboard-write; encrypted-media; gyroscope; picture-in-picture; web-share\" referrerpolicy=\"strict-origin-when-cross-origin\" allowfullscreen><\/iframe><\/p>\n<p>&nbsp;<\/p>\n<p><span style=\"font-weight: 400;\">El mes de marzo se estrena la performance \u00abESTEM\u00bb, con el apoyo de la Xixa y en el marco del proyecto Rassif, liderado por el Casal dels Infants. La obra es el resultado de un proceso y de sensibilizaci\u00f3n que han trabajado una veintena de chicos y chicas migrados sin referentes.\u00a0<\/span><\/p>\n<p>&nbsp;<\/p>\n<p><span style=\"text-decoration: underline;\"><a href=\"https:\/\/www.instagram.com\/p\/C7RmpDciO6i\/?img_index=1\" target=\"_blank\" rel=\"noopener\"><b>Reforzamos v\u00ednculos entre madres e hijas<\/b><\/a><\/span><\/p>\n<p><img decoding=\"async\" class=\"size-full wp-image-30699 aligncenter\" src=\"https:\/\/www.casaldelsinfants.org\/wp-content\/uploads\/salt-mares-i-filles-png.webp\" alt=\"Mares, filles i educadora participen en una din\u00e0mica sentades al voltant d'una taula.\" width=\"567\" height=\"473\" srcset=\"https:\/\/www.casaldelsinfants.org\/wp-content\/uploads\/salt-mares-i-filles-png.webp 567w, https:\/\/www.casaldelsinfants.org\/wp-content\/uploads\/salt-mares-i-filles-480x400.webp 480w\" sizes=\"(min-width: 0px) and (max-width: 480px) 480px, (min-width: 481px) 567px, 100vw\" \/><\/p>\n<p><span style=\"font-weight: 400;\">Con las chicas del Casal dels Infants de Salt y sus madres, tubo lugar la primera sesi\u00f3n de &#8216;Miradas&#8217;, espacios de encuentro entre madres e hijas donde comparten tiempo de cualidad, mediante conversaciones y din\u00e1micas de autocura.\u00a0<\/span><\/p>\n<p>&nbsp;<\/p>\n<p><span style=\"text-decoration: underline;\"><a href=\"https:\/\/www.casaldelsinfants.org\/es\/actualidad\/torneo-futbol-sala-femenino-sant-roc\/\" target=\"_blank\" rel=\"noopener\"><b>El futbol sala tambi\u00e9n es de las chicas, en Sant Roc y en todas partes<\/b><\/a><\/span><\/p>\n<p><img decoding=\"async\" class=\"size-full wp-image-30702 aligncenter\" src=\"https:\/\/www.casaldelsinfants.org\/wp-content\/uploads\/Foto-noticia-web-1-Casal-dels-Infants-Torneig-femeni-Sant-Roc-2-jpg.webp\" alt=\"Noies juguen al futbol al pati d'una escola durant un torneig.\" width=\"1837\" height=\"1034\" srcset=\"https:\/\/www.casaldelsinfants.org\/wp-content\/uploads\/Foto-noticia-web-1-Casal-dels-Infants-Torneig-femeni-Sant-Roc-2-jpg.webp 1837w, https:\/\/www.casaldelsinfants.org\/wp-content\/uploads\/Foto-noticia-web-1-Casal-dels-Infants-Torneig-femeni-Sant-Roc-2-1280x720.webp 1280w, https:\/\/www.casaldelsinfants.org\/wp-content\/uploads\/Foto-noticia-web-1-Casal-dels-Infants-Torneig-femeni-Sant-Roc-2-980x552.webp 980w, https:\/\/www.casaldelsinfants.org\/wp-content\/uploads\/Foto-noticia-web-1-Casal-dels-Infants-Torneig-femeni-Sant-Roc-2-480x270.webp 480w\" sizes=\"(min-width: 0px) and (max-width: 480px) 480px, (min-width: 481px) and (max-width: 980px) 980px, (min-width: 981px) and (max-width: 1280px) 1280px, (min-width: 1281px) 1837px, 100vw\" \/><\/p>\n<p><span style=\"font-weight: 400;\">Por segundo a\u00f1o consecutivo, el Casal dels Infants, el Centre Sant Jaume y la Fundaci\u00f3 Ateneu Sant Roc organizamos un torneo de futbol no mixto con una veintena de participantes de las tres entidades, para reivindicar que el futbol sala tambi\u00e9n es de las chicas.<\/span><\/p>\n<p>&nbsp;<\/p>\n<p><span style=\"text-decoration: underline;\"><a href=\"https:\/\/www.casaldelsinfants.org\/es\/actualidad\/fiestas-45o-aniverario\/\" target=\"_blank\" rel=\"noopener\"><b>El Casal dels Infants celebra su 45\u00ba aniversario all\u00e1 donde act\u00faa<\/b><\/a><\/span><\/p>\n<p><img decoding=\"async\" class=\"size-full wp-image-30705 aligncenter\" src=\"https:\/\/www.casaldelsinfants.org\/wp-content\/uploads\/1380809-3200x1801-1-scaled.webp\" alt=\"Nens i nenes damunt d'un escenari durant la celebraci\u00f3 del 45\u00e8 aniversari del Casal dels Infants.\" width=\"2560\" height=\"1441\" srcset=\"https:\/\/www.casaldelsinfants.org\/wp-content\/uploads\/1380809-3200x1801-1-scaled.webp 2560w, https:\/\/www.casaldelsinfants.org\/wp-content\/uploads\/1380809-3200x1801-1-1280x721.webp 1280w, https:\/\/www.casaldelsinfants.org\/wp-content\/uploads\/1380809-3200x1801-1-980x552.webp 980w, https:\/\/www.casaldelsinfants.org\/wp-content\/uploads\/1380809-3200x1801-1-480x270.webp 480w\" sizes=\"(min-width: 0px) and (max-width: 480px) 480px, (min-width: 481px) and (max-width: 980px) 980px, (min-width: 981px) and (max-width: 1280px) 1280px, (min-width: 1281px) 2560px, 100vw\" \/><\/p>\n<p>&nbsp;<\/p>\n<p><span style=\"font-weight: 400;\">El Casal dels Infants ha celebrado entre el abril y el junio su 45\u00ba aniversario, con una fiesta en cada barrio donde act\u00faa. Las celebraciones han estado abiertas a toda la ciudadan\u00eda, colaboradores y red de la entidad para conocer el Casal de cerca.<\/span><\/p>\n<p>&nbsp;<\/p>\n<p><span style=\"text-decoration: underline;\"><a href=\"https:\/\/www.casaldelsinfants.org\/es\/actualidad\/exposicionjordicolomermacba\/\" target=\"_blank\" rel=\"noopener\"><b>Ni\u00f1os y ni\u00f1as participan en la exposici\u00f3n de Jordi Colomer en el MACBA<\/b><\/a><\/span><\/p>\n<p><iframe loading=\"lazy\" title=\"El proceso creativo de la obra &#039;El Balc\u00f3&#039;, de Jordi Colomer y los ni\u00f1os y ni\u00f1as del Casal\" width=\"1080\" height=\"608\" src=\"https:\/\/www.youtube.com\/embed\/LsOP5lx_H6c?feature=oembed&#038;enablejsapi=1&#038;origin=https:\/\/www.casaldelsinfants.org\"  allow=\"accelerometer; autoplay; clipboard-write; encrypted-media; gyroscope; picture-in-picture; web-share\" referrerpolicy=\"strict-origin-when-cross-origin\" allowfullscreen><\/iframe><\/p>\n<p>&nbsp;<\/p>\n<p><span style=\"font-weight: 400;\">Ni\u00f1os y ni\u00f1as del Casal dels Infants del Raval participaron en la exposici\u00f3n del artista Jordi Colomer \u201cJordi Colomer. Fa\u00e7ana Foto Festa Futur Fideus\u201d, que se pod\u00eda visitar en el<\/span><span style=\"font-weight: 400;\"> Museu d\u2019Art Contemporani de Barcelona (MACBA). M\u00e1s concretamente, colaboraron a crear <em>El Balc\u00f3<\/em>, una acci\u00f3n en vivo que consiste en dos gigantes que dialogan a trav\u00e9s del baile y la m\u00fasica.\u00a0<\/span><\/p>\n<p>&nbsp;<\/p>\n<p><span style=\"text-decoration: underline;\"><a href=\"https:\/\/www.instagram.com\/p\/C8_sGaoMC_7\/?img_index=1\" target=\"_blank\" rel=\"noopener\"><b>Adolescentes y j\u00f3venes visitan el Parlament y se re\u00fanen con su presidente<\/b><\/a><\/span><\/p>\n<p><img decoding=\"async\" class=\"size-full wp-image-30708 aligncenter\" src=\"https:\/\/www.casaldelsinfants.org\/wp-content\/uploads\/DSC07433-scaled.webp\" alt=\"Nois i noies del Casal a les escales del Parlament amb Josep Rull.\" width=\"2560\" height=\"1440\" srcset=\"https:\/\/www.casaldelsinfants.org\/wp-content\/uploads\/DSC07433-scaled.webp 2560w, https:\/\/www.casaldelsinfants.org\/wp-content\/uploads\/DSC07433-1280x720.webp 1280w, https:\/\/www.casaldelsinfants.org\/wp-content\/uploads\/DSC07433-980x551.webp 980w, https:\/\/www.casaldelsinfants.org\/wp-content\/uploads\/DSC07433-480x270.webp 480w\" sizes=\"(min-width: 0px) and (max-width: 480px) 480px, (min-width: 481px) and (max-width: 980px) 980px, (min-width: 981px) and (max-width: 1280px) 1280px, (min-width: 1281px) 2560px, 100vw\" \/><\/p>\n<p><span style=\"font-weight: 400;\">Adolescentes y j\u00f3venes participantes del Casal dels Infants visitaron el edificio del Parlament, acompa\u00f1ados por su presidente, Josep Rull. Tambi\u00e9n se pudieron reunir con \u00e9l y compartirle qu\u00e9 necesitan en materia de educaci\u00f3n y orientaci\u00f3n, y qu\u00e9 les preocupa sobre su situaci\u00f3n y su entorno.\u00a0<\/span><\/p>\n<p>&nbsp;<\/p>\n<p><span style=\"text-decoration: underline;\"><a href=\"https:\/\/www.casaldelsinfants.org\/es\/actualidad\/jovenesveranoequipo\/\" target=\"_blank\" rel=\"noopener\"><b>Los nuevos referentes: j\u00f3venes del Casal hacen voluntariado durante el verano<\/b><\/a><\/span><\/p>\n<p><iframe loading=\"lazy\" title=\"&quot;Por eso hago voluntariado, para devolver este apoyo y acompa\u00f1amiento&quot;\" width=\"1080\" height=\"608\" src=\"https:\/\/www.youtube.com\/embed\/0WkqOh9WC5Y?feature=oembed&#038;enablejsapi=1&#038;origin=https:\/\/www.casaldelsinfants.org\"  allow=\"accelerometer; autoplay; clipboard-write; encrypted-media; gyroscope; picture-in-picture; web-share\" referrerpolicy=\"strict-origin-when-cross-origin\" allowfullscreen><\/iframe><\/p>\n<p>&nbsp;<\/p>\n<p><span style=\"font-weight: 400;\">Para los j\u00f3venes que participan en el Casal, el verano es un momento para contribuir a hacer posible un verano lleno de actividades, aprendizajes, salidas y colonias para ni\u00f1os y adolescentes. Es un momento, tambi\u00e9n, para ser los nuevos referentes, como los que ellos y ellas tuvieron. As\u00ed, hacen voluntariado o trabajan en el Casal de verano.\u00a0<\/span><\/p>\n<p>&nbsp;<\/p>\n<p><span style=\"text-decoration: underline;\"><a href=\"https:\/\/www.casaldelsinfants.org\/es\/actualidad\/asistentespersonalessantpau\/\" target=\"_blank\" rel=\"noopener\"><b>10 a\u00f1os formando asistentes personales con el Hospital de Sant Pau<\/b><\/a><\/span><\/p>\n<p><iframe loading=\"lazy\" title=\"10 a\u00f1os de colaboraci\u00f3n con el Hospital de Sant Pau para el curso de Asistente Personal\" width=\"1080\" height=\"608\" src=\"https:\/\/www.youtube.com\/embed\/6brLkHnyzkA?feature=oembed&#038;enablejsapi=1&#038;origin=https:\/\/www.casaldelsinfants.org\"  allow=\"accelerometer; autoplay; clipboard-write; encrypted-media; gyroscope; picture-in-picture; web-share\" referrerpolicy=\"strict-origin-when-cross-origin\" allowfullscreen><\/iframe><\/p>\n<p>&nbsp;<\/p>\n<p><span style=\"font-weight: 400;\">El Hospital de Sant Pau y el Casal dels Infants han celebrado este a\u00f1o 10 a\u00f1os de colaboraci\u00f3n para formar asistentes personales, una tarea donde los y las participantes encuentran la oportunidad de aprender la pr\u00e1ctica de la profesi\u00f3n con las instalacines y los profesionales del Hospital. La formaci\u00f3n est\u00e1 destinada a personas que viven en Catalunya, pero no tienen permiso de trabajo.<\/span><\/p>\n<p>&nbsp;<\/p>\n<p><span style=\"text-decoration: underline;\"><a href=\"https:\/\/www.casaldelsinfants.org\/es\/actualidad\/amarjitpoemario\/\" target=\"_blank\" rel=\"noopener\"><b>Poes\u00eda para desestigmatizar las personas con discapacidad<\/b><\/a><\/span><\/p>\n<p><iframe loading=\"lazy\" title=\"Amar Jit: &quot;La gente no me entiende. A trav\u00e9s de la lectura, me entienden m\u00e1s&quot;\" width=\"1080\" height=\"608\" src=\"https:\/\/www.youtube.com\/embed\/qK8PJeEzJkI?feature=oembed&#038;enablejsapi=1&#038;origin=https:\/\/www.casaldelsinfants.org\"  allow=\"accelerometer; autoplay; clipboard-write; encrypted-media; gyroscope; picture-in-picture; web-share\" referrerpolicy=\"strict-origin-when-cross-origin\" allowfullscreen><\/iframe><\/p>\n<p>&nbsp;<\/p>\n<p><span style=\"font-weight: 400;\">Amar Jit, de 26 a\u00f1os y ex participante del Casal dels Infants de Santa Coloma de Gramenet, volvi\u00f3 al Casal para visitar los chicos y chicas del Centro Abierto Adolescente y el Casal Jove y presentarles su primero libro, <em>Cambia tu mirada<\/em>. El poemario se centra en su testimonio, en sus ideas y pensamientos como persona con discapacidad, que ha sufrido y sufre discriminaci\u00f3n, y con un llamamiento para que la sociedad deje de estigmatizar a personas como \u00e9l.\u00a0<\/span><\/p>\n<p>&nbsp;<\/p>\n","protected":false},"excerpt":{"rendered":"<p>Apunto de empezar el 2025, queremos mirar atr\u00e1s para repasar el a\u00f1o que hemos tenido en el Casal dels Infants, a trav\u00e9s de doce historias de todos los territorios donde act\u00faa la entidad.\u00a0 El a\u00f1o 2024 empez\u00f3 arrastrando del a\u00f1o anterior la dada alarmante de pobreza infantil en Catalunya, que se ha cronificado en los [&hellip;]<\/p>\n","protected":false},"author":9,"featured_media":30722,"comment_status":"open","ping_status":"open","sticky":false,"template":"","format":"standard","meta":{"_acf_changed":false,"_et_pb_use_builder":"","_et_pb_old_content":"","_et_gb_content_width":"","inline_featured_image":false,"footnotes":""},"categories":[125],"tags":[],"seus":[],"eixos":[],"class_list":["post-30692","post","type-post","status-publish","format-standard","has-post-thumbnail","hentry","category-noticias"],"acf":[],"yoast_head":"<!-- This site is optimized with the Yoast SEO plugin v27.4 - https:\/\/yoast.com\/product\/yoast-seo-wordpress\/ -->\n<title>Doce historias para explicar el a\u00f1o 2024 en el Casal - Casal dels Infants<\/title>\n<meta name=\"description\" content=\"Repasamos doce historias del a\u00f1o 2024 de todos los territorios donde act\u00faa la entidad para explicar el a\u00f1o en el Casal dels Infants.\" \/>\n<meta name=\"robots\" content=\"index, follow, max-snippet:-1, max-image-preview:large, max-video-preview:-1\" \/>\n<link rel=\"canonical\" href=\"https:\/\/www.casaldelsinfants.org\/es\/actualidad\/historiasano2024\/\" \/>\n<meta property=\"og:locale\" content=\"es_ES\" \/>\n<meta property=\"og:type\" content=\"article\" \/>\n<meta property=\"og:title\" content=\"Doce historias para explicar el a\u00f1o 2024 en el Casal - Casal dels Infants\" \/>\n<meta property=\"og:description\" content=\"Repasamos doce historias del a\u00f1o 2024 de todos los territorios donde act\u00faa la entidad para explicar el a\u00f1o en el Casal dels Infants.\" \/>\n<meta property=\"og:url\" content=\"https:\/\/www.casaldelsinfants.org\/es\/actualidad\/historiasano2024\/\" \/>\n<meta property=\"og:site_name\" content=\"Casal dels Infants\" \/>\n<meta property=\"article:publisher\" content=\"https:\/\/www.facebook.com\/casalinfants\" \/>\n<meta property=\"article:published_time\" content=\"2024-12-27T07:37:28+00:00\" \/>\n<meta property=\"article:modified_time\" content=\"2024-12-27T08:36:32+00:00\" \/>\n<meta property=\"og:image\" content=\"https:\/\/www.casaldelsinfants.org\/wp-content\/uploads\/1380801-scaled.webp\" \/>\n\t<meta property=\"og:image:width\" content=\"2560\" \/>\n\t<meta property=\"og:image:height\" content=\"1441\" \/>\n\t<meta property=\"og:image:type\" content=\"image\/jpeg\" \/>\n<meta name=\"author\" content=\"julia\" \/>\n<meta name=\"twitter:card\" content=\"summary_large_image\" \/>\n<meta name=\"twitter:creator\" content=\"@casalinfants\" \/>\n<meta name=\"twitter:site\" content=\"@casalinfants\" \/>\n<meta name=\"twitter:label1\" content=\"Escrito por\" \/>\n\t<meta name=\"twitter:data1\" content=\"julia\" \/>\n\t<meta name=\"twitter:label2\" content=\"Tiempo de lectura\" \/>\n\t<meta name=\"twitter:data2\" content=\"7 minutos\" \/>\n<script type=\"application\/ld+json\" class=\"yoast-schema-graph\">{\"@context\":\"https:\\\/\\\/schema.org\",\"@graph\":[{\"@type\":\"Article\",\"@id\":\"https:\\\/\\\/www.casaldelsinfants.org\\\/es\\\/actualidad\\\/historiasano2024\\\/#article\",\"isPartOf\":{\"@id\":\"https:\\\/\\\/www.casaldelsinfants.org\\\/es\\\/actualidad\\\/historiasano2024\\\/\"},\"author\":{\"name\":\"julia\",\"@id\":\"https:\\\/\\\/www.casaldelsinfants.org\\\/es\\\/#\\\/schema\\\/person\\\/e870791b50f03fd60f872e1cd83910fc\"},\"headline\":\"Doce historias para explicar el a\u00f1o 2024 en el Casal\",\"datePublished\":\"2024-12-27T07:37:28+00:00\",\"dateModified\":\"2024-12-27T08:36:32+00:00\",\"mainEntityOfPage\":{\"@id\":\"https:\\\/\\\/www.casaldelsinfants.org\\\/es\\\/actualidad\\\/historiasano2024\\\/\"},\"wordCount\":1202,\"commentCount\":0,\"publisher\":{\"@id\":\"https:\\\/\\\/www.casaldelsinfants.org\\\/es\\\/#organization\"},\"image\":{\"@id\":\"https:\\\/\\\/www.casaldelsinfants.org\\\/es\\\/actualidad\\\/historiasano2024\\\/#primaryimage\"},\"thumbnailUrl\":\"https:\\\/\\\/www.casaldelsinfants.org\\\/wp-content\\\/uploads\\\/1380801-scaled.webp\",\"articleSection\":[\"Noticia\"],\"inLanguage\":\"es\",\"potentialAction\":[{\"@type\":\"CommentAction\",\"name\":\"Comment\",\"target\":[\"https:\\\/\\\/www.casaldelsinfants.org\\\/es\\\/actualidad\\\/historiasano2024\\\/#respond\"]}]},{\"@type\":\"WebPage\",\"@id\":\"https:\\\/\\\/www.casaldelsinfants.org\\\/es\\\/actualidad\\\/historiasano2024\\\/\",\"url\":\"https:\\\/\\\/www.casaldelsinfants.org\\\/es\\\/actualidad\\\/historiasano2024\\\/\",\"name\":\"Doce historias para explicar el a\u00f1o 2024 en el Casal - Casal dels Infants\",\"isPartOf\":{\"@id\":\"https:\\\/\\\/www.casaldelsinfants.org\\\/es\\\/#website\"},\"primaryImageOfPage\":{\"@id\":\"https:\\\/\\\/www.casaldelsinfants.org\\\/es\\\/actualidad\\\/historiasano2024\\\/#primaryimage\"},\"image\":{\"@id\":\"https:\\\/\\\/www.casaldelsinfants.org\\\/es\\\/actualidad\\\/historiasano2024\\\/#primaryimage\"},\"thumbnailUrl\":\"https:\\\/\\\/www.casaldelsinfants.org\\\/wp-content\\\/uploads\\\/1380801-scaled.webp\",\"datePublished\":\"2024-12-27T07:37:28+00:00\",\"dateModified\":\"2024-12-27T08:36:32+00:00\",\"description\":\"Repasamos doce historias del a\u00f1o 2024 de todos los territorios donde act\u00faa la entidad para explicar el a\u00f1o en el Casal dels Infants.\",\"breadcrumb\":{\"@id\":\"https:\\\/\\\/www.casaldelsinfants.org\\\/es\\\/actualidad\\\/historiasano2024\\\/#breadcrumb\"},\"inLanguage\":\"es\",\"potentialAction\":[{\"@type\":\"ReadAction\",\"target\":[\"https:\\\/\\\/www.casaldelsinfants.org\\\/es\\\/actualidad\\\/historiasano2024\\\/\"]}]},{\"@type\":\"ImageObject\",\"inLanguage\":\"es\",\"@id\":\"https:\\\/\\\/www.casaldelsinfants.org\\\/es\\\/actualidad\\\/historiasano2024\\\/#primaryimage\",\"url\":\"https:\\\/\\\/www.casaldelsinfants.org\\\/wp-content\\\/uploads\\\/1380801-scaled.webp\",\"contentUrl\":\"https:\\\/\\\/www.casaldelsinfants.org\\\/wp-content\\\/uploads\\\/1380801-scaled.webp\",\"width\":2560,\"height\":1441,\"caption\":\"Celebraci\u00f3 45\u00e8 aniversari Casal dels Infants\"},{\"@type\":\"BreadcrumbList\",\"@id\":\"https:\\\/\\\/www.casaldelsinfants.org\\\/es\\\/actualidad\\\/historiasano2024\\\/#breadcrumb\",\"itemListElement\":[{\"@type\":\"ListItem\",\"position\":1,\"name\":\"Inici\",\"item\":\"https:\\\/\\\/www.casaldelsinfants.org\\\/es\\\/\"},{\"@type\":\"ListItem\",\"position\":2,\"name\":\"Doce historias para explicar el a\u00f1o 2024 en el Casal\"}]},{\"@type\":\"WebSite\",\"@id\":\"https:\\\/\\\/www.casaldelsinfants.org\\\/es\\\/#website\",\"url\":\"https:\\\/\\\/www.casaldelsinfants.org\\\/es\\\/\",\"name\":\"Casal dels Infants\",\"description\":\"\",\"publisher\":{\"@id\":\"https:\\\/\\\/www.casaldelsinfants.org\\\/es\\\/#organization\"},\"potentialAction\":[{\"@type\":\"SearchAction\",\"target\":{\"@type\":\"EntryPoint\",\"urlTemplate\":\"https:\\\/\\\/www.casaldelsinfants.org\\\/es\\\/?s={search_term_string}\"},\"query-input\":{\"@type\":\"PropertyValueSpecification\",\"valueRequired\":true,\"valueName\":\"search_term_string\"}}],\"inLanguage\":\"es\"},{\"@type\":\"Organization\",\"@id\":\"https:\\\/\\\/www.casaldelsinfants.org\\\/es\\\/#organization\",\"name\":\"Casal dels Infants\",\"url\":\"https:\\\/\\\/www.casaldelsinfants.org\\\/es\\\/\",\"logo\":{\"@type\":\"ImageObject\",\"inLanguage\":\"es\",\"@id\":\"https:\\\/\\\/www.casaldelsinfants.org\\\/es\\\/#\\\/schema\\\/logo\\\/image\\\/\",\"url\":\"https:\\\/\\\/www.casaldelsinfants.org\\\/wp-content\\\/uploads\\\/logo-mail.png\",\"contentUrl\":\"https:\\\/\\\/www.casaldelsinfants.org\\\/wp-content\\\/uploads\\\/logo-mail.png\",\"width\":380,\"height\":158,\"caption\":\"Casal dels Infants\"},\"image\":{\"@id\":\"https:\\\/\\\/www.casaldelsinfants.org\\\/es\\\/#\\\/schema\\\/logo\\\/image\\\/\"},\"sameAs\":[\"https:\\\/\\\/www.facebook.com\\\/casalinfants\",\"https:\\\/\\\/x.com\\\/casalinfants\",\"https:\\\/\\\/www.youtube.com\\\/user\\\/CasaldelsInfants1\",\"https:\\\/\\\/www.instagram.com\\\/casalinfants\\\/\",\"https:\\\/\\\/www.linkedin.com\\\/company\\\/casaldelsinfants?trk=organization-update_share-update_actor-text\"]},{\"@type\":\"Person\",\"@id\":\"https:\\\/\\\/www.casaldelsinfants.org\\\/es\\\/#\\\/schema\\\/person\\\/e870791b50f03fd60f872e1cd83910fc\",\"name\":\"julia\"}]}<\/script>\n<!-- \/ Yoast SEO plugin. -->","yoast_head_json":{"title":"Doce historias para explicar el a\u00f1o 2024 en el Casal - Casal dels Infants","description":"Repasamos doce historias del a\u00f1o 2024 de todos los territorios donde act\u00faa la entidad para explicar el a\u00f1o en el Casal dels Infants.","robots":{"index":"index","follow":"follow","max-snippet":"max-snippet:-1","max-image-preview":"max-image-preview:large","max-video-preview":"max-video-preview:-1"},"canonical":"https:\/\/www.casaldelsinfants.org\/es\/actualidad\/historiasano2024\/","og_locale":"es_ES","og_type":"article","og_title":"Doce historias para explicar el a\u00f1o 2024 en el Casal - Casal dels Infants","og_description":"Repasamos doce historias del a\u00f1o 2024 de todos los territorios donde act\u00faa la entidad para explicar el a\u00f1o en el Casal dels Infants.","og_url":"https:\/\/www.casaldelsinfants.org\/es\/actualidad\/historiasano2024\/","og_site_name":"Casal dels Infants","article_publisher":"https:\/\/www.facebook.com\/casalinfants","article_published_time":"2024-12-27T07:37:28+00:00","article_modified_time":"2024-12-27T08:36:32+00:00","og_image":[{"width":2560,"height":1441,"url":"https:\/\/www.casaldelsinfants.org\/wp-content\/uploads\/1380801-scaled.webp","type":"image\/jpeg"}],"author":"julia","twitter_card":"summary_large_image","twitter_creator":"@casalinfants","twitter_site":"@casalinfants","twitter_misc":{"Escrito por":"julia","Tiempo de lectura":"7 minutos"},"schema":{"@context":"https:\/\/schema.org","@graph":[{"@type":"Article","@id":"https:\/\/www.casaldelsinfants.org\/es\/actualidad\/historiasano2024\/#article","isPartOf":{"@id":"https:\/\/www.casaldelsinfants.org\/es\/actualidad\/historiasano2024\/"},"author":{"name":"julia","@id":"https:\/\/www.casaldelsinfants.org\/es\/#\/schema\/person\/e870791b50f03fd60f872e1cd83910fc"},"headline":"Doce historias para explicar el a\u00f1o 2024 en el Casal","datePublished":"2024-12-27T07:37:28+00:00","dateModified":"2024-12-27T08:36:32+00:00","mainEntityOfPage":{"@id":"https:\/\/www.casaldelsinfants.org\/es\/actualidad\/historiasano2024\/"},"wordCount":1202,"commentCount":0,"publisher":{"@id":"https:\/\/www.casaldelsinfants.org\/es\/#organization"},"image":{"@id":"https:\/\/www.casaldelsinfants.org\/es\/actualidad\/historiasano2024\/#primaryimage"},"thumbnailUrl":"https:\/\/www.casaldelsinfants.org\/wp-content\/uploads\/1380801-scaled.webp","articleSection":["Noticia"],"inLanguage":"es","potentialAction":[{"@type":"CommentAction","name":"Comment","target":["https:\/\/www.casaldelsinfants.org\/es\/actualidad\/historiasano2024\/#respond"]}]},{"@type":"WebPage","@id":"https:\/\/www.casaldelsinfants.org\/es\/actualidad\/historiasano2024\/","url":"https:\/\/www.casaldelsinfants.org\/es\/actualidad\/historiasano2024\/","name":"Doce historias para explicar el a\u00f1o 2024 en el Casal - Casal dels Infants","isPartOf":{"@id":"https:\/\/www.casaldelsinfants.org\/es\/#website"},"primaryImageOfPage":{"@id":"https:\/\/www.casaldelsinfants.org\/es\/actualidad\/historiasano2024\/#primaryimage"},"image":{"@id":"https:\/\/www.casaldelsinfants.org\/es\/actualidad\/historiasano2024\/#primaryimage"},"thumbnailUrl":"https:\/\/www.casaldelsinfants.org\/wp-content\/uploads\/1380801-scaled.webp","datePublished":"2024-12-27T07:37:28+00:00","dateModified":"2024-12-27T08:36:32+00:00","description":"Repasamos doce historias del a\u00f1o 2024 de todos los territorios donde act\u00faa la entidad para explicar el a\u00f1o en el Casal dels Infants.","breadcrumb":{"@id":"https:\/\/www.casaldelsinfants.org\/es\/actualidad\/historiasano2024\/#breadcrumb"},"inLanguage":"es","potentialAction":[{"@type":"ReadAction","target":["https:\/\/www.casaldelsinfants.org\/es\/actualidad\/historiasano2024\/"]}]},{"@type":"ImageObject","inLanguage":"es","@id":"https:\/\/www.casaldelsinfants.org\/es\/actualidad\/historiasano2024\/#primaryimage","url":"https:\/\/www.casaldelsinfants.org\/wp-content\/uploads\/1380801-scaled.webp","contentUrl":"https:\/\/www.casaldelsinfants.org\/wp-content\/uploads\/1380801-scaled.webp","width":2560,"height":1441,"caption":"Celebraci\u00f3 45\u00e8 aniversari Casal dels Infants"},{"@type":"BreadcrumbList","@id":"https:\/\/www.casaldelsinfants.org\/es\/actualidad\/historiasano2024\/#breadcrumb","itemListElement":[{"@type":"ListItem","position":1,"name":"Inici","item":"https:\/\/www.casaldelsinfants.org\/es\/"},{"@type":"ListItem","position":2,"name":"Doce historias para explicar el a\u00f1o 2024 en el Casal"}]},{"@type":"WebSite","@id":"https:\/\/www.casaldelsinfants.org\/es\/#website","url":"https:\/\/www.casaldelsinfants.org\/es\/","name":"Casal dels Infants","description":"","publisher":{"@id":"https:\/\/www.casaldelsinfants.org\/es\/#organization"},"potentialAction":[{"@type":"SearchAction","target":{"@type":"EntryPoint","urlTemplate":"https:\/\/www.casaldelsinfants.org\/es\/?s={search_term_string}"},"query-input":{"@type":"PropertyValueSpecification","valueRequired":true,"valueName":"search_term_string"}}],"inLanguage":"es"},{"@type":"Organization","@id":"https:\/\/www.casaldelsinfants.org\/es\/#organization","name":"Casal dels Infants","url":"https:\/\/www.casaldelsinfants.org\/es\/","logo":{"@type":"ImageObject","inLanguage":"es","@id":"https:\/\/www.casaldelsinfants.org\/es\/#\/schema\/logo\/image\/","url":"https:\/\/www.casaldelsinfants.org\/wp-content\/uploads\/logo-mail.png","contentUrl":"https:\/\/www.casaldelsinfants.org\/wp-content\/uploads\/logo-mail.png","width":380,"height":158,"caption":"Casal dels Infants"},"image":{"@id":"https:\/\/www.casaldelsinfants.org\/es\/#\/schema\/logo\/image\/"},"sameAs":["https:\/\/www.facebook.com\/casalinfants","https:\/\/x.com\/casalinfants","https:\/\/www.youtube.com\/user\/CasaldelsInfants1","https:\/\/www.instagram.com\/casalinfants\/","https:\/\/www.linkedin.com\/company\/casaldelsinfants?trk=organization-update_share-update_actor-text"]},{"@type":"Person","@id":"https:\/\/www.casaldelsinfants.org\/es\/#\/schema\/person\/e870791b50f03fd60f872e1cd83910fc","name":"julia"}]}},"publishpress_future_action":{"enabled":false,"date":"2026-05-09 10:31:28","action":"change-status","newStatus":"draft","terms":[],"taxonomy":"category","extraData":[]},"publishpress_future_workflow_manual_trigger":{"enabledWorkflows":[]},"_links":{"self":[{"href":"https:\/\/www.casaldelsinfants.org\/es\/wp-json\/wp\/v2\/posts\/30692","targetHints":{"allow":["GET"]}}],"collection":[{"href":"https:\/\/www.casaldelsinfants.org\/es\/wp-json\/wp\/v2\/posts"}],"about":[{"href":"https:\/\/www.casaldelsinfants.org\/es\/wp-json\/wp\/v2\/types\/post"}],"author":[{"embeddable":true,"href":"https:\/\/www.casaldelsinfants.org\/es\/wp-json\/wp\/v2\/users\/9"}],"replies":[{"embeddable":true,"href":"https:\/\/www.casaldelsinfants.org\/es\/wp-json\/wp\/v2\/comments?post=30692"}],"version-history":[{"count":5,"href":"https:\/\/www.casaldelsinfants.org\/es\/wp-json\/wp\/v2\/posts\/30692\/revisions"}],"predecessor-version":[{"id":30724,"href":"https:\/\/www.casaldelsinfants.org\/es\/wp-json\/wp\/v2\/posts\/30692\/revisions\/30724"}],"wp:featuredmedia":[{"embeddable":true,"href":"https:\/\/www.casaldelsinfants.org\/es\/wp-json\/wp\/v2\/media\/30722"}],"wp:attachment":[{"href":"https:\/\/www.casaldelsinfants.org\/es\/wp-json\/wp\/v2\/media?parent=30692"}],"wp:term":[{"taxonomy":"category","embeddable":true,"href":"https:\/\/www.casaldelsinfants.org\/es\/wp-json\/wp\/v2\/categories?post=30692"},{"taxonomy":"post_tag","embeddable":true,"href":"https:\/\/www.casaldelsinfants.org\/es\/wp-json\/wp\/v2\/tags?post=30692"},{"taxonomy":"seus","embeddable":true,"href":"https:\/\/www.casaldelsinfants.org\/es\/wp-json\/wp\/v2\/seus?post=30692"},{"taxonomy":"eixos","embeddable":true,"href":"https:\/\/www.casaldelsinfants.org\/es\/wp-json\/wp\/v2\/eixos?post=30692"}],"curies":[{"name":"wp","href":"https:\/\/api.w.org\/{rel}","templated":true}]}}