{"id":30778,"date":"2024-12-23T13:34:26","date_gmt":"2024-12-23T11:34:26","guid":{"rendered":"https:\/\/www.casaldelsinfants.org\/?p=30778"},"modified":"2024-12-23T14:14:05","modified_gmt":"2024-12-23T12:14:05","slug":"cenafinaldeanosta","status":"publish","type":"post","link":"https:\/\/www.casaldelsinfants.org\/es\/actualidad\/cenafinaldeanosta\/","title":{"rendered":"Cerramos y celebramos el a\u00f1o con la familia del Casal"},"content":{"rendered":"<p><strong>Las persianas de los comercios de la calle <\/strong><strong>Junta de Comer\u00e7, en el barrio del Raval, empiezan a bajar, menos una, la del Casal dels Infants<\/strong>. Son casi las nueve de la noche, y chicos y chicas caminan bajo las luces de colores de la calle, con motivo de las fiestas, para llegar hasta el local del Casal.<\/p>\n<p>Esta noche, <strong>el Casal sigue abierto para recibir los y las participantes del Servicio de Transici\u00f3n a la Autonom\u00eda (STA), y celebrar la cena de final de a\u00f1o<\/strong> con compa\u00f1eros, compa\u00f1eras, equipo educativo y personas voluntarias. Los y las j\u00f3venes, agrupados por pisos, han cocinado diferentes platos para compartir entre todos y todas. Se ven platos t\u00edpicos de Marruecos, Ucrania, Senegal y tambi\u00e9n de cocina catalana y espa\u00f1ola.<\/p>\n<p>&nbsp;<\/p>\n<p><img decoding=\"async\" class=\"size-full wp-image-30767 aligncenter\" src=\"https:\/\/www.casaldelsinfants.org\/wp-content\/uploads\/DSC08967-scaled.webp\" alt=\"Tot el grup de nois i noies del STA.\" width=\"2560\" height=\"1440\" srcset=\"https:\/\/www.casaldelsinfants.org\/wp-content\/uploads\/DSC08967-scaled.webp 2560w, https:\/\/www.casaldelsinfants.org\/wp-content\/uploads\/DSC08967-1280x720.webp 1280w, https:\/\/www.casaldelsinfants.org\/wp-content\/uploads\/DSC08967-980x551.webp 980w, https:\/\/www.casaldelsinfants.org\/wp-content\/uploads\/DSC08967-480x270.webp 480w\" sizes=\"(min-width: 0px) and (max-width: 480px) 480px, (min-width: 481px) and (max-width: 980px) 980px, (min-width: 981px) and (max-width: 1280px) 1280px, (min-width: 1281px) 2560px, 100vw\" \/><\/p>\n<p>&nbsp;<\/p>\n<p>Estos y estas j\u00f3venes forman parte del STA, <strong>un servicio donde acompa\u00f1amos a j\u00f3venes mayores de 18 a\u00f1os sin referentes familiares, que no tienen acceso a una vivienda estable<\/strong>, y donde les garantizamos un piso compartido con otros j\u00f3venes, un itinerario de formaci\u00f3n e inserci\u00f3n laboral y una red de apoyo. Actualmente, el servicio dispone de siete pisos, uno llamado \u00abpiso puente\u00bb, creado para dar respuesta a las dificultades que se encuentran para conseguir alquiler como j\u00f3venes, algunos de ellos migrados, en plena crisis de la vivienda, y permitir a aquellos que ya tienen un trabajo poder ahorrar antes de afrontar la vida laboral y adulta por su cuenta. De \u00abvolar libremente y por su cuenta\u00bb, como dice Hammid Benhammou, educador responsable del STA.<\/p>\n<p>&nbsp;<\/p>\n<h2>Caras nuevas y caras conocidas<\/h2>\n<p>Esta noche han venido a la cena 18 chicos y chicas, del<strong> total de 27 participantes que tiene el servicio<\/strong> actualmente. Algunos y algunas no han podido venir, pero, por un buen motivo: porque est\u00e1n trabajando o estudiando. Y este es el objetivo del STA: <strong>acompa\u00f1ar estos j\u00f3venes en la b\u00fasqueda de oportunidades educativas, formativas y laborales, que les faciliten poderse emancipar<\/strong> y dejar la plaza libre para el pr\u00f3ximo joven que lo necesite.<\/p>\n<p>Cenas como esta, <span style=\"text-decoration: underline;\"><a href=\"https:\/\/www.casaldelsinfants.org\/es\/actualidad\/celebrar-en-familia-la-cena-de-los-y-las-jovenes-del-sta-con-el-equipo-educativo-y\/\" target=\"_blank\" rel=\"noopener\">que ya son toda una tradici\u00f3n<\/a><\/span>, son una <strong>oportunidad para juntar todos los chicos y chicas del STA<\/strong>, reencontrarse con los conocidos, y conocer las personas que han entrado hace poco. Como Hayat, de 21 a\u00f1os, que a penas lleva dos semanas viviendo en uno de los pisos para chicas del STA. Viene con sus compa\u00f1eras de piso, Judit, catalana, y Wisale, marroquina, ambas de 20 a\u00f1os. A pesar de haberse conocido recientemente, la confianza, las risas y la alegr\u00eda que comparten parece la de a\u00f1os de amistad, la de ya ser familia.<\/p>\n<p>&nbsp;<\/p>\n<p><img decoding=\"async\" class=\"size-full wp-image-30770 aligncenter\" src=\"https:\/\/www.casaldelsinfants.org\/wp-content\/uploads\/DSC08900-scaled.webp\" alt=\"Noies assegudes juntes i abra\u00e7ades.\" width=\"2560\" height=\"1440\" srcset=\"https:\/\/www.casaldelsinfants.org\/wp-content\/uploads\/DSC08900-scaled.webp 2560w, https:\/\/www.casaldelsinfants.org\/wp-content\/uploads\/DSC08900-1280x720.webp 1280w, https:\/\/www.casaldelsinfants.org\/wp-content\/uploads\/DSC08900-980x551.webp 980w, https:\/\/www.casaldelsinfants.org\/wp-content\/uploads\/DSC08900-480x270.webp 480w\" sizes=\"(min-width: 0px) and (max-width: 480px) 480px, (min-width: 481px) and (max-width: 980px) 980px, (min-width: 981px) and (max-width: 1280px) 1280px, (min-width: 1281px) 2560px, 100vw\" \/><\/p>\n<p>&nbsp;<\/p>\n<p>Hayat, proveniente de Algeria, pero ya conoce algunos y algunas de las j\u00f3venes con quien no comparte piso. Coincide con ellos en las clases de castellano y catal\u00e1n que el <span style=\"text-decoration: underline;\"><a href=\"https:\/\/www.casaldelsinfants.org\/actualitat\/visitamuseumaritim\/\" target=\"_blank\" rel=\"noopener\">Servei d\u2019Acollida<\/a><\/span> del Casal hace cada ma\u00f1ana de lunes a viernes. \u00ab<strong>Estoy muy contenta con las clases<\/strong>, y el profesor y los chicos y chicas son todos muy buenos\u00bb, explicaba. Y a quien no conoce, Judit y Wisale se encargan de present\u00e1rselos.<\/p>\n<p>&nbsp;<\/p>\n<h2>Compartir comida es hacer familia<\/h2>\n<p>La mesa de la cena de hoy luce <strong>las delicias que los y las j\u00f3venes han cocinado para celebrar el cierre de a\u00f1os juntos y juntas<\/strong>. Cada piso explica a los compa\u00f1eros y compa\u00f1eras el plato que han preparado y como lo han cocinado.<\/p>\n<p>Hayat, Judit y Wisale han tra\u00eddo a la cena <em>bistela<\/em>, una comida marroqu\u00ed hecha con hojaldre y relleno de queso y pollo. Amadou (19) ha tra\u00eddo\u00a0<em>chepa gen<\/em>, arroz con pez cocinado como lo hacen en Senegal. Nazar (19) ha cocinado dos platos t\u00edpicos de Ucrania: <em>vareniki<\/em>, el plato nacional del pa\u00eds, una pasta rellena de patatas y hervida, y <em>mlyntsi<\/em>, como una masa enrollada y rellena de queso dulce.<\/p>\n<p>&nbsp;<\/p>\n<p><img decoding=\"async\" class=\"alignnone size-full wp-image-30773\" src=\"https:\/\/www.casaldelsinfants.org\/wp-content\/uploads\/Diseno-sin-titulo-17-png.webp\" alt=\"Taula del sopar de Nadal i regals.\" width=\"940\" height=\"788\" srcset=\"https:\/\/www.casaldelsinfants.org\/wp-content\/uploads\/Diseno-sin-titulo-17-png.webp 940w, https:\/\/www.casaldelsinfants.org\/wp-content\/uploads\/Diseno-sin-titulo-17-480x402.webp 480w\" sizes=\"(min-width: 0px) and (max-width: 480px) 480px, (min-width: 481px) 940px, 100vw\" \/><\/p>\n<p>&nbsp;<\/p>\n<p>Con los platos escurados y las barrigas llenas, queda un detalle para celebrar las fiesta como es necesario: igual que los y las peque\u00f1as del Casal, <strong>a los y las j\u00f3venes tambi\u00e9n les toca abrir regalos<\/strong>. Cada uno recibe un altavoz nuevo, y cada piso, utensilios de cocina y un electrodom\u00e9stico por estrenar. Quiz\u00e1s algunos los utilizar\u00e1n para cocinar la cena del a\u00f1o que viene, quiz\u00e1s otros ya han podido dejar su plaza en el piso del STA. Lo que es seguro, es que todos y todas estar\u00e1n invitados y se podr\u00e1n reencontrar un a\u00f1o m\u00e1s.<\/p>\n<p>&nbsp;<\/p>\n","protected":false},"excerpt":{"rendered":"<p>Las persianas de los comercios de la calle Junta de Comer\u00e7, en el barrio del Raval, empiezan a bajar, menos una, la del Casal dels Infants. Son casi las nueve de la noche, y chicos y chicas caminan bajo las luces de colores de la calle, con motivo de las fiestas, para llegar hasta el [&hellip;]<\/p>\n","protected":false},"author":9,"featured_media":30766,"comment_status":"open","ping_status":"open","sticky":false,"template":"","format":"standard","meta":{"_acf_changed":false,"_et_pb_use_builder":"","_et_pb_old_content":"","_et_gb_content_width":"","inline_featured_image":false,"footnotes":""},"categories":[125],"tags":[],"seus":[],"eixos":[223],"class_list":["post-30778","post","type-post","status-publish","format-standard","has-post-thumbnail","hentry","category-noticias","eixos-joves-es"],"acf":[],"yoast_head":"<!-- This site is optimized with the Yoast SEO plugin v27.4 - https:\/\/yoast.com\/product\/yoast-seo-wordpress\/ -->\n<title>La cena de fin de a\u00f1o del STA - Casal dels Infants<\/title>\n<meta name=\"description\" content=\"Celebramos la cena de final de a\u00f1o del STA con los y las participantes, equipo educativo y personas voluntarias.\" \/>\n<meta name=\"robots\" content=\"index, follow, max-snippet:-1, max-image-preview:large, max-video-preview:-1\" \/>\n<link rel=\"canonical\" href=\"https:\/\/www.casaldelsinfants.org\/es\/actualidad\/cenafinaldeanosta\/\" \/>\n<meta property=\"og:locale\" content=\"es_ES\" \/>\n<meta property=\"og:type\" content=\"article\" \/>\n<meta property=\"og:title\" content=\"La cena de fin de a\u00f1o del STA - Casal dels Infants\" \/>\n<meta property=\"og:description\" content=\"Celebramos la cena de final de a\u00f1o del STA con los y las participantes, equipo educativo y personas voluntarias.\" \/>\n<meta property=\"og:url\" content=\"https:\/\/www.casaldelsinfants.org\/es\/actualidad\/cenafinaldeanosta\/\" \/>\n<meta property=\"og:site_name\" content=\"Casal dels Infants\" \/>\n<meta property=\"article:publisher\" content=\"https:\/\/www.facebook.com\/casalinfants\" \/>\n<meta property=\"article:published_time\" content=\"2024-12-23T11:34:26+00:00\" \/>\n<meta property=\"article:modified_time\" content=\"2024-12-23T12:14:05+00:00\" \/>\n<meta property=\"og:image\" content=\"https:\/\/www.casaldelsinfants.org\/wp-content\/uploads\/DSC08818-scaled.webp\" \/>\n\t<meta property=\"og:image:width\" content=\"2560\" \/>\n\t<meta property=\"og:image:height\" content=\"1440\" \/>\n\t<meta property=\"og:image:type\" content=\"image\/jpeg\" \/>\n<meta name=\"author\" content=\"julia\" \/>\n<meta name=\"twitter:card\" content=\"summary_large_image\" \/>\n<meta name=\"twitter:creator\" content=\"@casalinfants\" \/>\n<meta name=\"twitter:site\" content=\"@casalinfants\" \/>\n<meta name=\"twitter:label1\" content=\"Escrito por\" \/>\n\t<meta name=\"twitter:data1\" content=\"julia\" \/>\n\t<meta name=\"twitter:label2\" content=\"Tiempo de lectura\" \/>\n\t<meta name=\"twitter:data2\" content=\"5 minutos\" \/>\n<script type=\"application\/ld+json\" class=\"yoast-schema-graph\">{\"@context\":\"https:\\\/\\\/schema.org\",\"@graph\":[{\"@type\":\"Article\",\"@id\":\"https:\\\/\\\/www.casaldelsinfants.org\\\/es\\\/actualidad\\\/cenafinaldeanosta\\\/#article\",\"isPartOf\":{\"@id\":\"https:\\\/\\\/www.casaldelsinfants.org\\\/es\\\/actualidad\\\/cenafinaldeanosta\\\/\"},\"author\":{\"name\":\"julia\",\"@id\":\"https:\\\/\\\/www.casaldelsinfants.org\\\/es\\\/#\\\/schema\\\/person\\\/e870791b50f03fd60f872e1cd83910fc\"},\"headline\":\"Cerramos y celebramos el a\u00f1o con la familia del Casal\",\"datePublished\":\"2024-12-23T11:34:26+00:00\",\"dateModified\":\"2024-12-23T12:14:05+00:00\",\"mainEntityOfPage\":{\"@id\":\"https:\\\/\\\/www.casaldelsinfants.org\\\/es\\\/actualidad\\\/cenafinaldeanosta\\\/\"},\"wordCount\":778,\"commentCount\":0,\"publisher\":{\"@id\":\"https:\\\/\\\/www.casaldelsinfants.org\\\/es\\\/#organization\"},\"image\":{\"@id\":\"https:\\\/\\\/www.casaldelsinfants.org\\\/es\\\/actualidad\\\/cenafinaldeanosta\\\/#primaryimage\"},\"thumbnailUrl\":\"https:\\\/\\\/www.casaldelsinfants.org\\\/wp-content\\\/uploads\\\/DSC08818-scaled.webp\",\"articleSection\":[\"Noticia\"],\"inLanguage\":\"es\",\"potentialAction\":[{\"@type\":\"CommentAction\",\"name\":\"Comment\",\"target\":[\"https:\\\/\\\/www.casaldelsinfants.org\\\/es\\\/actualidad\\\/cenafinaldeanosta\\\/#respond\"]}]},{\"@type\":\"WebPage\",\"@id\":\"https:\\\/\\\/www.casaldelsinfants.org\\\/es\\\/actualidad\\\/cenafinaldeanosta\\\/\",\"url\":\"https:\\\/\\\/www.casaldelsinfants.org\\\/es\\\/actualidad\\\/cenafinaldeanosta\\\/\",\"name\":\"La cena de fin de a\u00f1o del STA - Casal dels Infants\",\"isPartOf\":{\"@id\":\"https:\\\/\\\/www.casaldelsinfants.org\\\/es\\\/#website\"},\"primaryImageOfPage\":{\"@id\":\"https:\\\/\\\/www.casaldelsinfants.org\\\/es\\\/actualidad\\\/cenafinaldeanosta\\\/#primaryimage\"},\"image\":{\"@id\":\"https:\\\/\\\/www.casaldelsinfants.org\\\/es\\\/actualidad\\\/cenafinaldeanosta\\\/#primaryimage\"},\"thumbnailUrl\":\"https:\\\/\\\/www.casaldelsinfants.org\\\/wp-content\\\/uploads\\\/DSC08818-scaled.webp\",\"datePublished\":\"2024-12-23T11:34:26+00:00\",\"dateModified\":\"2024-12-23T12:14:05+00:00\",\"description\":\"Celebramos la cena de final de a\u00f1o del STA con los y las participantes, equipo educativo y personas voluntarias.\",\"breadcrumb\":{\"@id\":\"https:\\\/\\\/www.casaldelsinfants.org\\\/es\\\/actualidad\\\/cenafinaldeanosta\\\/#breadcrumb\"},\"inLanguage\":\"es\",\"potentialAction\":[{\"@type\":\"ReadAction\",\"target\":[\"https:\\\/\\\/www.casaldelsinfants.org\\\/es\\\/actualidad\\\/cenafinaldeanosta\\\/\"]}]},{\"@type\":\"ImageObject\",\"inLanguage\":\"es\",\"@id\":\"https:\\\/\\\/www.casaldelsinfants.org\\\/es\\\/actualidad\\\/cenafinaldeanosta\\\/#primaryimage\",\"url\":\"https:\\\/\\\/www.casaldelsinfants.org\\\/wp-content\\\/uploads\\\/DSC08818-scaled.webp\",\"contentUrl\":\"https:\\\/\\\/www.casaldelsinfants.org\\\/wp-content\\\/uploads\\\/DSC08818-scaled.webp\",\"width\":2560,\"height\":1440,\"caption\":\"Nois i noies es serveixen els plats per sopar.\"},{\"@type\":\"BreadcrumbList\",\"@id\":\"https:\\\/\\\/www.casaldelsinfants.org\\\/es\\\/actualidad\\\/cenafinaldeanosta\\\/#breadcrumb\",\"itemListElement\":[{\"@type\":\"ListItem\",\"position\":1,\"name\":\"Inici\",\"item\":\"https:\\\/\\\/www.casaldelsinfants.org\\\/es\\\/\"},{\"@type\":\"ListItem\",\"position\":2,\"name\":\"Cerramos y celebramos el a\u00f1o con la familia del Casal\"}]},{\"@type\":\"WebSite\",\"@id\":\"https:\\\/\\\/www.casaldelsinfants.org\\\/es\\\/#website\",\"url\":\"https:\\\/\\\/www.casaldelsinfants.org\\\/es\\\/\",\"name\":\"Casal dels Infants\",\"description\":\"\",\"publisher\":{\"@id\":\"https:\\\/\\\/www.casaldelsinfants.org\\\/es\\\/#organization\"},\"potentialAction\":[{\"@type\":\"SearchAction\",\"target\":{\"@type\":\"EntryPoint\",\"urlTemplate\":\"https:\\\/\\\/www.casaldelsinfants.org\\\/es\\\/?s={search_term_string}\"},\"query-input\":{\"@type\":\"PropertyValueSpecification\",\"valueRequired\":true,\"valueName\":\"search_term_string\"}}],\"inLanguage\":\"es\"},{\"@type\":\"Organization\",\"@id\":\"https:\\\/\\\/www.casaldelsinfants.org\\\/es\\\/#organization\",\"name\":\"Casal dels Infants\",\"url\":\"https:\\\/\\\/www.casaldelsinfants.org\\\/es\\\/\",\"logo\":{\"@type\":\"ImageObject\",\"inLanguage\":\"es\",\"@id\":\"https:\\\/\\\/www.casaldelsinfants.org\\\/es\\\/#\\\/schema\\\/logo\\\/image\\\/\",\"url\":\"https:\\\/\\\/www.casaldelsinfants.org\\\/wp-content\\\/uploads\\\/logo-mail.png\",\"contentUrl\":\"https:\\\/\\\/www.casaldelsinfants.org\\\/wp-content\\\/uploads\\\/logo-mail.png\",\"width\":380,\"height\":158,\"caption\":\"Casal dels Infants\"},\"image\":{\"@id\":\"https:\\\/\\\/www.casaldelsinfants.org\\\/es\\\/#\\\/schema\\\/logo\\\/image\\\/\"},\"sameAs\":[\"https:\\\/\\\/www.facebook.com\\\/casalinfants\",\"https:\\\/\\\/x.com\\\/casalinfants\",\"https:\\\/\\\/www.youtube.com\\\/user\\\/CasaldelsInfants1\",\"https:\\\/\\\/www.instagram.com\\\/casalinfants\\\/\",\"https:\\\/\\\/www.linkedin.com\\\/company\\\/casaldelsinfants?trk=organization-update_share-update_actor-text\"]},{\"@type\":\"Person\",\"@id\":\"https:\\\/\\\/www.casaldelsinfants.org\\\/es\\\/#\\\/schema\\\/person\\\/e870791b50f03fd60f872e1cd83910fc\",\"name\":\"julia\"}]}<\/script>\n<!-- \/ Yoast SEO plugin. -->","yoast_head_json":{"title":"La cena de fin de a\u00f1o del STA - Casal dels Infants","description":"Celebramos la cena de final de a\u00f1o del STA con los y las participantes, equipo educativo y personas voluntarias.","robots":{"index":"index","follow":"follow","max-snippet":"max-snippet:-1","max-image-preview":"max-image-preview:large","max-video-preview":"max-video-preview:-1"},"canonical":"https:\/\/www.casaldelsinfants.org\/es\/actualidad\/cenafinaldeanosta\/","og_locale":"es_ES","og_type":"article","og_title":"La cena de fin de a\u00f1o del STA - Casal dels Infants","og_description":"Celebramos la cena de final de a\u00f1o del STA con los y las participantes, equipo educativo y personas voluntarias.","og_url":"https:\/\/www.casaldelsinfants.org\/es\/actualidad\/cenafinaldeanosta\/","og_site_name":"Casal dels Infants","article_publisher":"https:\/\/www.facebook.com\/casalinfants","article_published_time":"2024-12-23T11:34:26+00:00","article_modified_time":"2024-12-23T12:14:05+00:00","og_image":[{"width":2560,"height":1440,"url":"https:\/\/www.casaldelsinfants.org\/wp-content\/uploads\/DSC08818-scaled.webp","type":"image\/jpeg"}],"author":"julia","twitter_card":"summary_large_image","twitter_creator":"@casalinfants","twitter_site":"@casalinfants","twitter_misc":{"Escrito por":"julia","Tiempo de lectura":"5 minutos"},"schema":{"@context":"https:\/\/schema.org","@graph":[{"@type":"Article","@id":"https:\/\/www.casaldelsinfants.org\/es\/actualidad\/cenafinaldeanosta\/#article","isPartOf":{"@id":"https:\/\/www.casaldelsinfants.org\/es\/actualidad\/cenafinaldeanosta\/"},"author":{"name":"julia","@id":"https:\/\/www.casaldelsinfants.org\/es\/#\/schema\/person\/e870791b50f03fd60f872e1cd83910fc"},"headline":"Cerramos y celebramos el a\u00f1o con la familia del Casal","datePublished":"2024-12-23T11:34:26+00:00","dateModified":"2024-12-23T12:14:05+00:00","mainEntityOfPage":{"@id":"https:\/\/www.casaldelsinfants.org\/es\/actualidad\/cenafinaldeanosta\/"},"wordCount":778,"commentCount":0,"publisher":{"@id":"https:\/\/www.casaldelsinfants.org\/es\/#organization"},"image":{"@id":"https:\/\/www.casaldelsinfants.org\/es\/actualidad\/cenafinaldeanosta\/#primaryimage"},"thumbnailUrl":"https:\/\/www.casaldelsinfants.org\/wp-content\/uploads\/DSC08818-scaled.webp","articleSection":["Noticia"],"inLanguage":"es","potentialAction":[{"@type":"CommentAction","name":"Comment","target":["https:\/\/www.casaldelsinfants.org\/es\/actualidad\/cenafinaldeanosta\/#respond"]}]},{"@type":"WebPage","@id":"https:\/\/www.casaldelsinfants.org\/es\/actualidad\/cenafinaldeanosta\/","url":"https:\/\/www.casaldelsinfants.org\/es\/actualidad\/cenafinaldeanosta\/","name":"La cena de fin de a\u00f1o del STA - Casal dels Infants","isPartOf":{"@id":"https:\/\/www.casaldelsinfants.org\/es\/#website"},"primaryImageOfPage":{"@id":"https:\/\/www.casaldelsinfants.org\/es\/actualidad\/cenafinaldeanosta\/#primaryimage"},"image":{"@id":"https:\/\/www.casaldelsinfants.org\/es\/actualidad\/cenafinaldeanosta\/#primaryimage"},"thumbnailUrl":"https:\/\/www.casaldelsinfants.org\/wp-content\/uploads\/DSC08818-scaled.webp","datePublished":"2024-12-23T11:34:26+00:00","dateModified":"2024-12-23T12:14:05+00:00","description":"Celebramos la cena de final de a\u00f1o del STA con los y las participantes, equipo educativo y personas voluntarias.","breadcrumb":{"@id":"https:\/\/www.casaldelsinfants.org\/es\/actualidad\/cenafinaldeanosta\/#breadcrumb"},"inLanguage":"es","potentialAction":[{"@type":"ReadAction","target":["https:\/\/www.casaldelsinfants.org\/es\/actualidad\/cenafinaldeanosta\/"]}]},{"@type":"ImageObject","inLanguage":"es","@id":"https:\/\/www.casaldelsinfants.org\/es\/actualidad\/cenafinaldeanosta\/#primaryimage","url":"https:\/\/www.casaldelsinfants.org\/wp-content\/uploads\/DSC08818-scaled.webp","contentUrl":"https:\/\/www.casaldelsinfants.org\/wp-content\/uploads\/DSC08818-scaled.webp","width":2560,"height":1440,"caption":"Nois i noies es serveixen els plats per sopar."},{"@type":"BreadcrumbList","@id":"https:\/\/www.casaldelsinfants.org\/es\/actualidad\/cenafinaldeanosta\/#breadcrumb","itemListElement":[{"@type":"ListItem","position":1,"name":"Inici","item":"https:\/\/www.casaldelsinfants.org\/es\/"},{"@type":"ListItem","position":2,"name":"Cerramos y celebramos el a\u00f1o con la familia del Casal"}]},{"@type":"WebSite","@id":"https:\/\/www.casaldelsinfants.org\/es\/#website","url":"https:\/\/www.casaldelsinfants.org\/es\/","name":"Casal dels Infants","description":"","publisher":{"@id":"https:\/\/www.casaldelsinfants.org\/es\/#organization"},"potentialAction":[{"@type":"SearchAction","target":{"@type":"EntryPoint","urlTemplate":"https:\/\/www.casaldelsinfants.org\/es\/?s={search_term_string}"},"query-input":{"@type":"PropertyValueSpecification","valueRequired":true,"valueName":"search_term_string"}}],"inLanguage":"es"},{"@type":"Organization","@id":"https:\/\/www.casaldelsinfants.org\/es\/#organization","name":"Casal dels Infants","url":"https:\/\/www.casaldelsinfants.org\/es\/","logo":{"@type":"ImageObject","inLanguage":"es","@id":"https:\/\/www.casaldelsinfants.org\/es\/#\/schema\/logo\/image\/","url":"https:\/\/www.casaldelsinfants.org\/wp-content\/uploads\/logo-mail.png","contentUrl":"https:\/\/www.casaldelsinfants.org\/wp-content\/uploads\/logo-mail.png","width":380,"height":158,"caption":"Casal dels Infants"},"image":{"@id":"https:\/\/www.casaldelsinfants.org\/es\/#\/schema\/logo\/image\/"},"sameAs":["https:\/\/www.facebook.com\/casalinfants","https:\/\/x.com\/casalinfants","https:\/\/www.youtube.com\/user\/CasaldelsInfants1","https:\/\/www.instagram.com\/casalinfants\/","https:\/\/www.linkedin.com\/company\/casaldelsinfants?trk=organization-update_share-update_actor-text"]},{"@type":"Person","@id":"https:\/\/www.casaldelsinfants.org\/es\/#\/schema\/person\/e870791b50f03fd60f872e1cd83910fc","name":"julia"}]}},"publishpress_future_action":{"enabled":false,"date":"2026-05-06 12:44:38","action":"change-status","newStatus":"draft","terms":[],"taxonomy":"category","extraData":[]},"publishpress_future_workflow_manual_trigger":{"enabledWorkflows":[]},"_links":{"self":[{"href":"https:\/\/www.casaldelsinfants.org\/es\/wp-json\/wp\/v2\/posts\/30778","targetHints":{"allow":["GET"]}}],"collection":[{"href":"https:\/\/www.casaldelsinfants.org\/es\/wp-json\/wp\/v2\/posts"}],"about":[{"href":"https:\/\/www.casaldelsinfants.org\/es\/wp-json\/wp\/v2\/types\/post"}],"author":[{"embeddable":true,"href":"https:\/\/www.casaldelsinfants.org\/es\/wp-json\/wp\/v2\/users\/9"}],"replies":[{"embeddable":true,"href":"https:\/\/www.casaldelsinfants.org\/es\/wp-json\/wp\/v2\/comments?post=30778"}],"version-history":[{"count":2,"href":"https:\/\/www.casaldelsinfants.org\/es\/wp-json\/wp\/v2\/posts\/30778\/revisions"}],"predecessor-version":[{"id":30784,"href":"https:\/\/www.casaldelsinfants.org\/es\/wp-json\/wp\/v2\/posts\/30778\/revisions\/30784"}],"wp:featuredmedia":[{"embeddable":true,"href":"https:\/\/www.casaldelsinfants.org\/es\/wp-json\/wp\/v2\/media\/30766"}],"wp:attachment":[{"href":"https:\/\/www.casaldelsinfants.org\/es\/wp-json\/wp\/v2\/media?parent=30778"}],"wp:term":[{"taxonomy":"category","embeddable":true,"href":"https:\/\/www.casaldelsinfants.org\/es\/wp-json\/wp\/v2\/categories?post=30778"},{"taxonomy":"post_tag","embeddable":true,"href":"https:\/\/www.casaldelsinfants.org\/es\/wp-json\/wp\/v2\/tags?post=30778"},{"taxonomy":"seus","embeddable":true,"href":"https:\/\/www.casaldelsinfants.org\/es\/wp-json\/wp\/v2\/seus?post=30778"},{"taxonomy":"eixos","embeddable":true,"href":"https:\/\/www.casaldelsinfants.org\/es\/wp-json\/wp\/v2\/eixos?post=30778"}],"curies":[{"name":"wp","href":"https:\/\/api.w.org\/{rel}","templated":true}]}}