{"id":31782,"date":"2025-02-06T12:12:53","date_gmt":"2025-02-06T10:12:53","guid":{"rendered":"https:\/\/www.casaldelsinfants.org\/?p=31782"},"modified":"2025-02-06T12:12:53","modified_gmt":"2025-02-06T10:12:53","slug":"celia-ssjcomunitario","status":"publish","type":"post","link":"https:\/\/www.casaldelsinfants.org\/es\/actualidad\/celia-ssjcomunitario\/","title":{"rendered":"\u201cIntentamos ocupar los espacios donde la brecha idiom\u00e1tica, la brecha digital y las administraciones separan los participantes de conocer su tr\u00e1mito\u00bb"},"content":{"rendered":"<p><iframe loading=\"lazy\" title=\"&quot;Atendemos, sobre todo, temas de extranjer\u00eda, vivienda, derecho civil y derechos laborales&quot;\" width=\"1080\" height=\"608\" src=\"https:\/\/www.youtube.com\/embed\/bA8qLVyfI8U?feature=oembed&#038;enablejsapi=1&#038;origin=https:\/\/www.casaldelsinfants.org\"  allow=\"accelerometer; autoplay; clipboard-write; encrypted-media; gyroscope; picture-in-picture; web-share\" referrerpolicy=\"strict-origin-when-cross-origin\" allowfullscreen><\/iframe><\/p>\n<p>&nbsp;<\/p>\n<p>El <strong>Servicio Sociojur\u00eddico Comunitario del Casal dels Infants<\/strong>, creado el 2006 para acercar a nuestros participantes el <strong>suporte jur\u00eddico como factor de integraci\u00f3n social<\/strong>, vela por disminuir las situaciones de vulnerabilidad social por causas legales en personas en situaci\u00f3n de riesgo de exclusi\u00f3n social. Es un servicio transversal en todos los barrios donde act\u00faa en Casal: El Raval y el Bes\u00f2s i el Maresme (Barcelona), La Mina (Sant Adri\u00e0 de Bes\u00f2s), Sant Roc y Llefi\u00e0 (Badalona), Fondo, Santa Rosa y Raval (Santa Coloma de Gramenet) y en el municipio de Salt, en Girona.<\/p>\n<p>Aprendemos m\u00e1s sobre el servicio hablando con<strong> Celia Velasco<\/strong>, abogada y responsable del Servicio Sociojur\u00eddico Comunitario.<\/p>\n<p>&nbsp;<\/p>\n<p><span style=\"color: #00664f;\"><b>\u00bfQu\u00e9 es el Servicio Sociojur\u00eddico?\u00a0<\/b><\/span><b><\/b><\/p>\n<p><span style=\"font-weight: 400;\">El Servicio Sociojur\u00eddico Comunitario (SSJ) del Casal dels Infants es un proyecto comunitario y transversal. Intentamos identificar entre nuestros y nuestras participantes<strong> necesidades jur\u00eddicas o vulneraciones de derechos<\/strong>, para informarles de las posibilidades que tienen para afrontarlo, y hacerlos part\u00edcipes de las resoluciones de estes problemas. Durante el 2023, atendimos alrededor de m\u00e1s de 500 personas.<\/span><\/p>\n<p>El equipo del Sociojur\u00eddico se sostiene de un <strong>equipo de voluntarias<\/strong> supercompetente, que me da apoyo con tr\u00e1mites jur\u00eddicos y administrativos. Como el servicio es transversal, entre las voluntarias y yo nos podemos repartir entre los diferentes territorios donde act\u00faa el Casal.<\/p>\n<p><span style=\"font-weight: 400;\">L\u2019equip del Sociojur\u00eddic se sost\u00e9n d\u2019un <\/span><b>equip de volunt\u00e0ries<\/b><span style=\"font-weight: 400;\"> s\u00faper competent, que em dona suport amb tr\u00e0mits jur\u00eddics i administratius. Com que el servei \u00e9s transversal, entre les volunt\u00e0ries i jo ens podem repartir entre diferents territoris on actua el Casal.<\/span><\/p>\n<p>&nbsp;<\/p>\n<p><span style=\"color: #00664f;\"><b>\u00bfEn qu\u00e9 consiste la actividad y intervenci\u00f3n del Servicio Sociojur\u00eddico?<\/b><\/span><b><\/b><\/p>\n<p><span style=\"font-weight: 400;\">El SSJ se sostiene de tres ejes principales: uno de ellos es el<strong> trabajo en red<\/strong>, con entidades que trabajan en el sector jur\u00eddico en temas que nos influyen seg\u00fan el perfil de participantes que tenemos, y nos vamos dando apoyo entre nosotras.\u00a0<\/span><\/p>\n<p>El otro eje es la <strong>formaci\u00f3n<\/strong>. Dotamos de informaci\u00f3n <strong>tanto al equipo del Casal como los propios y propias participantes<\/strong>, para as\u00ed hacerlas conocedoras de los tr\u00e1mites que hacen y de los derechos que tienen. Hablamos de temas de <strong>extranjer\u00eda<\/strong>, de <strong>derecho civil<\/strong> (convenios, separaci\u00f3n, divorcio), de <strong>derechos laborales<\/strong> y, sobre todo, de <strong>vivienda<\/strong>. Incluso, tambi\u00e9n hacemos formaciones con algunas entidades alienas al Casal.<\/p>\n<p>El \u00faltimo eje, que es el grueso del servicio, es la<strong> atenci\u00f3n directa y asesoramiento a participantes<\/strong> sobre sus consultas jur\u00eddicas o sociojur\u00eddicas. Esta atenci\u00f3n directa tambi\u00e9n la hacemos al equipo educativo contratado, cuando tengan una consulta referente a uno o una de sus participantes.<\/p>\n<p>&nbsp;<\/p>\n<p><span style=\"color: #00664f;\"><b>\u00bfC\u00f3mo funciona este asesoramiento jur\u00eddico a participantes?\u00a0<\/b><\/span><b><\/b><\/p>\n<p><span style=\"font-weight: 400;\">El primer paso se da cuando el personal referente de cualquier participante vinculado al Casal identifica, o bien el o la participante le comunica, <strong>una duda, una necesidad o una consulta jur\u00eddica o sociojur\u00eddica<\/strong>. Este educador o educadora llena un formulario de derivaci\u00f3n, y nosotras recibimos la consulta y citamos a la persona, siempre de manera presencial. El equipo del SSJ la atiende y se hace un <strong>acompa\u00f1amiento o orientaci\u00f3n seg\u00fan la consulta<\/strong>. Si se requiere otra cita, se vuelve a contactar con ella. Todo este asesoramiento se reporta en una base de datos donde el educador o educadora referente pueda saber qu\u00e9 se ha hecho y trabajado.\u00a0<\/span><\/p>\n<p><strong>Cuando nosotras no podemos asumir alg\u00fan tr\u00e1mite, derivamos el o la participante<\/strong> a un abogado de oficio, o otros recursos, como los de Derechos Sociales, al s\u00edndic de greuges, a Inspecci\u00f3n de Trabajo&#8230; Nosotras derivamos, i como muchas veces lo necesitan, tambi\u00e9n les seguimos acompa\u00f1ando.<\/p>\n<p>&nbsp;<\/p>\n<p><span style=\"color: #00664f;\"><b>\u00bfCu\u00e1les son las consultas que m\u00e1s os encontr\u00e1is en el SSJ?<\/b><\/span><b><\/b><\/p>\n<p>La principal demanda responde a temas de <strong>extranjer\u00eda<\/strong>. Desde la obtenci\u00f3n del permiso de trabajo, la obtenci\u00f3n de la nacionalidad, de demandas de protecci\u00f3n internacional o asilo, etc. Otro tema importante es la <strong>vivienda<\/strong>. Nos encontramos casos donde tenemos que hacer de intermediarios entre inquilinos y propietarios, o casos de desahucios y ocupaci\u00f3n, que son bastante frecuentes. Tambi\u00e9n nos encontramos con <strong>madres de familias monomarentales<\/strong> que no reciben una pensi\u00f3n de alimentos.<\/p>\n<p>&nbsp;<\/p>\n<p><span style=\"color: #00664f;\"><b>\u00bfDe d\u00f3nde surge la necesidad de crear un servicio sociojur\u00eddico para los y las participantes y equipo del Casal?\u00a0<\/b><\/span><b><\/b><\/p>\n<p><span style=\"font-weight: 400;\">Desde los proyectos que tiene el Casal se hace un acompa\u00f1amiento socioeducativo, laboral, de inserci\u00f3n, y de muchas otras competencias y, al final, <strong>hay un aspecto jur\u00eddico o sociojur\u00eddico que interpela directamente a nuestros participantes<\/strong>. Es inherente que casi cualquier persona que tengamos le aparezca un tema de extranjer\u00eda o un aspecto econ\u00f3mico que va vinculado a un aspecto jur\u00eddico. Por tanto, para este acompa\u00f1amiento integral, el acompa\u00f1amiento jur\u00eddico tiene que estar.<\/span><\/p>\n<p>Adem\u00e1s, los tr\u00e1mites jur\u00eddicos o sociojur\u00eddicos tienen un <strong>l\u00e9xico bastante m\u00e1s complejo<\/strong>. Las personas con las cuales trabajamos tienen una <strong>brecha idiom\u00e1tica<\/strong> que les separa much\u00edsimo de conocer lo que hacemos, y tambi\u00e9n queremos hacerlos part\u00edcipes para que lo entiendan. Tambi\u00e9n, existe una <strong>brecha digital<\/strong> muy potente. Incluso despu\u00e9s de la pandemia, much\u00edsimos tr\u00e1mites se demandan que se hagan de manera telem\u00e1tica, y nuestros participantes muchas veces no tienen estas competencias ni las herramientas digitales para llevarlo a cabo.<\/p>\n<p>Tambi\u00e9n son complicados <strong>los tiempos de espera de la administraci\u00f3n, o algunas de sus respuestas<\/strong>. En general, no facilitan a los participantes que puedan conocer el proceso de su tr\u00e1mite. Entonces, nosotras intentamos ir ocupando estos espacio.<\/p>\n<p>&nbsp;<\/p>\n<p>Con el apoyo de:<\/p>\n<p><img decoding=\"async\" class=\"alignnone wp-image-31793\" src=\"https:\/\/www.casaldelsinfants.org\/wp-content\/uploads\/igualtat_h3-1-png.webp\" alt=\"Logo Departament d'Igualtat i Feminisme de la Generalitat de Catalunya\" width=\"299\" height=\"64\" \/>\u00a0 \u00a0<img decoding=\"async\" class=\"alignnone wp-image-31796\" src=\"https:\/\/www.casaldelsinfants.org\/wp-content\/uploads\/Llimes_reduides-15_CMYK-jpg.webp\" alt=\"Logo Ajuntament de Barcelona\" width=\"190\" height=\"71\" \/><\/p>\n","protected":false},"excerpt":{"rendered":"<p>&nbsp; El Servicio Sociojur\u00eddico Comunitario del Casal dels Infants, creado el 2006 para acercar a nuestros participantes el suporte jur\u00eddico como factor de integraci\u00f3n social, vela por disminuir las situaciones de vulnerabilidad social por causas legales en personas en situaci\u00f3n de riesgo de exclusi\u00f3n social. Es un servicio transversal en todos los barrios donde act\u00faa [&hellip;]<\/p>\n","protected":false},"author":9,"featured_media":0,"comment_status":"open","ping_status":"open","sticky":false,"template":"","format":"standard","meta":{"_acf_changed":false,"_et_pb_use_builder":"","_et_pb_old_content":"","_et_gb_content_width":"","inline_featured_image":false,"footnotes":""},"categories":[127],"tags":[],"seus":[],"eixos":[110],"class_list":["post-31782","post","type-post","status-publish","format-standard","hentry","category-entrevista","eixos-comunidad-casal-dels-infants"],"acf":[],"yoast_head":"<!-- This site is optimized with the Yoast SEO plugin v27.4 - https:\/\/yoast.com\/product\/yoast-seo-wordpress\/ -->\n<title>Atenci\u00f3n jur\u00eddica a equipo y participantes con Servicio Sociojur\u00eddico - Casal dels Infants<\/title>\n<meta name=\"description\" content=\"El Servicio Sociojur\u00eddico se creo el ____, y es un servicio de atenci\u00f3n jur\u00eddica transversal a todos los barrios donde act\u00faa el Casal.\" \/>\n<meta name=\"robots\" content=\"index, follow, max-snippet:-1, max-image-preview:large, max-video-preview:-1\" \/>\n<link rel=\"canonical\" href=\"https:\/\/www.casaldelsinfants.org\/es\/actualidad\/celia-ssjcomunitario\/\" \/>\n<meta property=\"og:locale\" content=\"es_ES\" \/>\n<meta property=\"og:type\" content=\"article\" \/>\n<meta property=\"og:title\" content=\"Atenci\u00f3n jur\u00eddica a equipo y participantes con Servicio Sociojur\u00eddico - Casal dels Infants\" \/>\n<meta property=\"og:description\" content=\"El Servicio Sociojur\u00eddico se creo el ____, y es un servicio de atenci\u00f3n jur\u00eddica transversal a todos los barrios donde act\u00faa el Casal.\" \/>\n<meta property=\"og:url\" content=\"https:\/\/www.casaldelsinfants.org\/es\/actualidad\/celia-ssjcomunitario\/\" \/>\n<meta property=\"og:site_name\" content=\"Casal dels Infants\" \/>\n<meta property=\"article:publisher\" content=\"https:\/\/www.facebook.com\/casalinfants\" \/>\n<meta property=\"article:published_time\" content=\"2025-02-06T10:12:53+00:00\" \/>\n<meta property=\"og:image\" content=\"https:\/\/www.casaldelsinfants.org\/wp-content\/uploads\/igualtat_h3-1-png.webp\" \/>\n<meta name=\"author\" content=\"julia\" \/>\n<meta name=\"twitter:card\" content=\"summary_large_image\" \/>\n<meta name=\"twitter:creator\" content=\"@casalinfants\" \/>\n<meta name=\"twitter:site\" content=\"@casalinfants\" \/>\n<meta name=\"twitter:label1\" content=\"Escrito por\" \/>\n\t<meta name=\"twitter:data1\" content=\"julia\" \/>\n\t<meta name=\"twitter:label2\" content=\"Tiempo de lectura\" \/>\n\t<meta name=\"twitter:data2\" content=\"6 minutos\" \/>\n<script type=\"application\/ld+json\" class=\"yoast-schema-graph\">{\"@context\":\"https:\\\/\\\/schema.org\",\"@graph\":[{\"@type\":\"Article\",\"@id\":\"https:\\\/\\\/www.casaldelsinfants.org\\\/es\\\/actualidad\\\/celia-ssjcomunitario\\\/#article\",\"isPartOf\":{\"@id\":\"https:\\\/\\\/www.casaldelsinfants.org\\\/es\\\/actualidad\\\/celia-ssjcomunitario\\\/\"},\"author\":{\"name\":\"julia\",\"@id\":\"https:\\\/\\\/www.casaldelsinfants.org\\\/es\\\/#\\\/schema\\\/person\\\/e870791b50f03fd60f872e1cd83910fc\"},\"headline\":\"\u201cIntentamos ocupar los espacios donde la brecha idiom\u00e1tica, la brecha digital y las administraciones separan los participantes de conocer su tr\u00e1mito\u00bb\",\"datePublished\":\"2025-02-06T10:12:53+00:00\",\"mainEntityOfPage\":{\"@id\":\"https:\\\/\\\/www.casaldelsinfants.org\\\/es\\\/actualidad\\\/celia-ssjcomunitario\\\/\"},\"wordCount\":1001,\"commentCount\":0,\"publisher\":{\"@id\":\"https:\\\/\\\/www.casaldelsinfants.org\\\/es\\\/#organization\"},\"image\":{\"@id\":\"https:\\\/\\\/www.casaldelsinfants.org\\\/es\\\/actualidad\\\/celia-ssjcomunitario\\\/#primaryimage\"},\"thumbnailUrl\":\"https:\\\/\\\/www.casaldelsinfants.org\\\/wp-content\\\/uploads\\\/igualtat_h3-1-png.webp\",\"articleSection\":[\"Entrevista\"],\"inLanguage\":\"es\",\"potentialAction\":[{\"@type\":\"CommentAction\",\"name\":\"Comment\",\"target\":[\"https:\\\/\\\/www.casaldelsinfants.org\\\/es\\\/actualidad\\\/celia-ssjcomunitario\\\/#respond\"]}]},{\"@type\":\"WebPage\",\"@id\":\"https:\\\/\\\/www.casaldelsinfants.org\\\/es\\\/actualidad\\\/celia-ssjcomunitario\\\/\",\"url\":\"https:\\\/\\\/www.casaldelsinfants.org\\\/es\\\/actualidad\\\/celia-ssjcomunitario\\\/\",\"name\":\"Atenci\u00f3n jur\u00eddica a equipo y participantes con Servicio Sociojur\u00eddico - Casal dels Infants\",\"isPartOf\":{\"@id\":\"https:\\\/\\\/www.casaldelsinfants.org\\\/es\\\/#website\"},\"primaryImageOfPage\":{\"@id\":\"https:\\\/\\\/www.casaldelsinfants.org\\\/es\\\/actualidad\\\/celia-ssjcomunitario\\\/#primaryimage\"},\"image\":{\"@id\":\"https:\\\/\\\/www.casaldelsinfants.org\\\/es\\\/actualidad\\\/celia-ssjcomunitario\\\/#primaryimage\"},\"thumbnailUrl\":\"https:\\\/\\\/www.casaldelsinfants.org\\\/wp-content\\\/uploads\\\/igualtat_h3-1-png.webp\",\"datePublished\":\"2025-02-06T10:12:53+00:00\",\"description\":\"El Servicio Sociojur\u00eddico se creo el ____, y es un servicio de atenci\u00f3n jur\u00eddica transversal a todos los barrios donde act\u00faa el Casal.\",\"breadcrumb\":{\"@id\":\"https:\\\/\\\/www.casaldelsinfants.org\\\/es\\\/actualidad\\\/celia-ssjcomunitario\\\/#breadcrumb\"},\"inLanguage\":\"es\",\"potentialAction\":[{\"@type\":\"ReadAction\",\"target\":[\"https:\\\/\\\/www.casaldelsinfants.org\\\/es\\\/actualidad\\\/celia-ssjcomunitario\\\/\"]}]},{\"@type\":\"ImageObject\",\"inLanguage\":\"es\",\"@id\":\"https:\\\/\\\/www.casaldelsinfants.org\\\/es\\\/actualidad\\\/celia-ssjcomunitario\\\/#primaryimage\",\"url\":\"https:\\\/\\\/www.casaldelsinfants.org\\\/wp-content\\\/uploads\\\/igualtat_h3-1-png.webp\",\"contentUrl\":\"https:\\\/\\\/www.casaldelsinfants.org\\\/wp-content\\\/uploads\\\/igualtat_h3-1-png.webp\"},{\"@type\":\"BreadcrumbList\",\"@id\":\"https:\\\/\\\/www.casaldelsinfants.org\\\/es\\\/actualidad\\\/celia-ssjcomunitario\\\/#breadcrumb\",\"itemListElement\":[{\"@type\":\"ListItem\",\"position\":1,\"name\":\"Inici\",\"item\":\"https:\\\/\\\/www.casaldelsinfants.org\\\/es\\\/\"},{\"@type\":\"ListItem\",\"position\":2,\"name\":\"\u201cIntentamos ocupar los espacios donde la brecha idiom\u00e1tica, la brecha digital y las administraciones separan los participantes de conocer su tr\u00e1mito&#8221;\"}]},{\"@type\":\"WebSite\",\"@id\":\"https:\\\/\\\/www.casaldelsinfants.org\\\/es\\\/#website\",\"url\":\"https:\\\/\\\/www.casaldelsinfants.org\\\/es\\\/\",\"name\":\"Casal dels Infants\",\"description\":\"\",\"publisher\":{\"@id\":\"https:\\\/\\\/www.casaldelsinfants.org\\\/es\\\/#organization\"},\"potentialAction\":[{\"@type\":\"SearchAction\",\"target\":{\"@type\":\"EntryPoint\",\"urlTemplate\":\"https:\\\/\\\/www.casaldelsinfants.org\\\/es\\\/?s={search_term_string}\"},\"query-input\":{\"@type\":\"PropertyValueSpecification\",\"valueRequired\":true,\"valueName\":\"search_term_string\"}}],\"inLanguage\":\"es\"},{\"@type\":\"Organization\",\"@id\":\"https:\\\/\\\/www.casaldelsinfants.org\\\/es\\\/#organization\",\"name\":\"Casal dels Infants\",\"url\":\"https:\\\/\\\/www.casaldelsinfants.org\\\/es\\\/\",\"logo\":{\"@type\":\"ImageObject\",\"inLanguage\":\"es\",\"@id\":\"https:\\\/\\\/www.casaldelsinfants.org\\\/es\\\/#\\\/schema\\\/logo\\\/image\\\/\",\"url\":\"https:\\\/\\\/www.casaldelsinfants.org\\\/wp-content\\\/uploads\\\/logo-mail.png\",\"contentUrl\":\"https:\\\/\\\/www.casaldelsinfants.org\\\/wp-content\\\/uploads\\\/logo-mail.png\",\"width\":380,\"height\":158,\"caption\":\"Casal dels Infants\"},\"image\":{\"@id\":\"https:\\\/\\\/www.casaldelsinfants.org\\\/es\\\/#\\\/schema\\\/logo\\\/image\\\/\"},\"sameAs\":[\"https:\\\/\\\/www.facebook.com\\\/casalinfants\",\"https:\\\/\\\/x.com\\\/casalinfants\",\"https:\\\/\\\/www.youtube.com\\\/user\\\/CasaldelsInfants1\",\"https:\\\/\\\/www.instagram.com\\\/casalinfants\\\/\",\"https:\\\/\\\/www.linkedin.com\\\/company\\\/casaldelsinfants?trk=organization-update_share-update_actor-text\"]},{\"@type\":\"Person\",\"@id\":\"https:\\\/\\\/www.casaldelsinfants.org\\\/es\\\/#\\\/schema\\\/person\\\/e870791b50f03fd60f872e1cd83910fc\",\"name\":\"julia\"}]}<\/script>\n<!-- \/ Yoast SEO plugin. -->","yoast_head_json":{"title":"Atenci\u00f3n jur\u00eddica a equipo y participantes con Servicio Sociojur\u00eddico - Casal dels Infants","description":"El Servicio Sociojur\u00eddico se creo el ____, y es un servicio de atenci\u00f3n jur\u00eddica transversal a todos los barrios donde act\u00faa el Casal.","robots":{"index":"index","follow":"follow","max-snippet":"max-snippet:-1","max-image-preview":"max-image-preview:large","max-video-preview":"max-video-preview:-1"},"canonical":"https:\/\/www.casaldelsinfants.org\/es\/actualidad\/celia-ssjcomunitario\/","og_locale":"es_ES","og_type":"article","og_title":"Atenci\u00f3n jur\u00eddica a equipo y participantes con Servicio Sociojur\u00eddico - Casal dels Infants","og_description":"El Servicio Sociojur\u00eddico se creo el ____, y es un servicio de atenci\u00f3n jur\u00eddica transversal a todos los barrios donde act\u00faa el Casal.","og_url":"https:\/\/www.casaldelsinfants.org\/es\/actualidad\/celia-ssjcomunitario\/","og_site_name":"Casal dels Infants","article_publisher":"https:\/\/www.facebook.com\/casalinfants","article_published_time":"2025-02-06T10:12:53+00:00","og_image":[{"url":"https:\/\/www.casaldelsinfants.org\/wp-content\/uploads\/igualtat_h3-1-png.webp","type":"","width":"","height":""}],"author":"julia","twitter_card":"summary_large_image","twitter_creator":"@casalinfants","twitter_site":"@casalinfants","twitter_misc":{"Escrito por":"julia","Tiempo de lectura":"6 minutos"},"schema":{"@context":"https:\/\/schema.org","@graph":[{"@type":"Article","@id":"https:\/\/www.casaldelsinfants.org\/es\/actualidad\/celia-ssjcomunitario\/#article","isPartOf":{"@id":"https:\/\/www.casaldelsinfants.org\/es\/actualidad\/celia-ssjcomunitario\/"},"author":{"name":"julia","@id":"https:\/\/www.casaldelsinfants.org\/es\/#\/schema\/person\/e870791b50f03fd60f872e1cd83910fc"},"headline":"\u201cIntentamos ocupar los espacios donde la brecha idiom\u00e1tica, la brecha digital y las administraciones separan los participantes de conocer su tr\u00e1mito\u00bb","datePublished":"2025-02-06T10:12:53+00:00","mainEntityOfPage":{"@id":"https:\/\/www.casaldelsinfants.org\/es\/actualidad\/celia-ssjcomunitario\/"},"wordCount":1001,"commentCount":0,"publisher":{"@id":"https:\/\/www.casaldelsinfants.org\/es\/#organization"},"image":{"@id":"https:\/\/www.casaldelsinfants.org\/es\/actualidad\/celia-ssjcomunitario\/#primaryimage"},"thumbnailUrl":"https:\/\/www.casaldelsinfants.org\/wp-content\/uploads\/igualtat_h3-1-png.webp","articleSection":["Entrevista"],"inLanguage":"es","potentialAction":[{"@type":"CommentAction","name":"Comment","target":["https:\/\/www.casaldelsinfants.org\/es\/actualidad\/celia-ssjcomunitario\/#respond"]}]},{"@type":"WebPage","@id":"https:\/\/www.casaldelsinfants.org\/es\/actualidad\/celia-ssjcomunitario\/","url":"https:\/\/www.casaldelsinfants.org\/es\/actualidad\/celia-ssjcomunitario\/","name":"Atenci\u00f3n jur\u00eddica a equipo y participantes con Servicio Sociojur\u00eddico - Casal dels Infants","isPartOf":{"@id":"https:\/\/www.casaldelsinfants.org\/es\/#website"},"primaryImageOfPage":{"@id":"https:\/\/www.casaldelsinfants.org\/es\/actualidad\/celia-ssjcomunitario\/#primaryimage"},"image":{"@id":"https:\/\/www.casaldelsinfants.org\/es\/actualidad\/celia-ssjcomunitario\/#primaryimage"},"thumbnailUrl":"https:\/\/www.casaldelsinfants.org\/wp-content\/uploads\/igualtat_h3-1-png.webp","datePublished":"2025-02-06T10:12:53+00:00","description":"El Servicio Sociojur\u00eddico se creo el ____, y es un servicio de atenci\u00f3n jur\u00eddica transversal a todos los barrios donde act\u00faa el Casal.","breadcrumb":{"@id":"https:\/\/www.casaldelsinfants.org\/es\/actualidad\/celia-ssjcomunitario\/#breadcrumb"},"inLanguage":"es","potentialAction":[{"@type":"ReadAction","target":["https:\/\/www.casaldelsinfants.org\/es\/actualidad\/celia-ssjcomunitario\/"]}]},{"@type":"ImageObject","inLanguage":"es","@id":"https:\/\/www.casaldelsinfants.org\/es\/actualidad\/celia-ssjcomunitario\/#primaryimage","url":"https:\/\/www.casaldelsinfants.org\/wp-content\/uploads\/igualtat_h3-1-png.webp","contentUrl":"https:\/\/www.casaldelsinfants.org\/wp-content\/uploads\/igualtat_h3-1-png.webp"},{"@type":"BreadcrumbList","@id":"https:\/\/www.casaldelsinfants.org\/es\/actualidad\/celia-ssjcomunitario\/#breadcrumb","itemListElement":[{"@type":"ListItem","position":1,"name":"Inici","item":"https:\/\/www.casaldelsinfants.org\/es\/"},{"@type":"ListItem","position":2,"name":"\u201cIntentamos ocupar los espacios donde la brecha idiom\u00e1tica, la brecha digital y las administraciones separan los participantes de conocer su tr\u00e1mito&#8221;"}]},{"@type":"WebSite","@id":"https:\/\/www.casaldelsinfants.org\/es\/#website","url":"https:\/\/www.casaldelsinfants.org\/es\/","name":"Casal dels Infants","description":"","publisher":{"@id":"https:\/\/www.casaldelsinfants.org\/es\/#organization"},"potentialAction":[{"@type":"SearchAction","target":{"@type":"EntryPoint","urlTemplate":"https:\/\/www.casaldelsinfants.org\/es\/?s={search_term_string}"},"query-input":{"@type":"PropertyValueSpecification","valueRequired":true,"valueName":"search_term_string"}}],"inLanguage":"es"},{"@type":"Organization","@id":"https:\/\/www.casaldelsinfants.org\/es\/#organization","name":"Casal dels Infants","url":"https:\/\/www.casaldelsinfants.org\/es\/","logo":{"@type":"ImageObject","inLanguage":"es","@id":"https:\/\/www.casaldelsinfants.org\/es\/#\/schema\/logo\/image\/","url":"https:\/\/www.casaldelsinfants.org\/wp-content\/uploads\/logo-mail.png","contentUrl":"https:\/\/www.casaldelsinfants.org\/wp-content\/uploads\/logo-mail.png","width":380,"height":158,"caption":"Casal dels Infants"},"image":{"@id":"https:\/\/www.casaldelsinfants.org\/es\/#\/schema\/logo\/image\/"},"sameAs":["https:\/\/www.facebook.com\/casalinfants","https:\/\/x.com\/casalinfants","https:\/\/www.youtube.com\/user\/CasaldelsInfants1","https:\/\/www.instagram.com\/casalinfants\/","https:\/\/www.linkedin.com\/company\/casaldelsinfants?trk=organization-update_share-update_actor-text"]},{"@type":"Person","@id":"https:\/\/www.casaldelsinfants.org\/es\/#\/schema\/person\/e870791b50f03fd60f872e1cd83910fc","name":"julia"}]}},"publishpress_future_action":{"enabled":false,"date":"2026-05-09 10:31:48","action":"change-status","newStatus":"draft","terms":[],"taxonomy":"category","extraData":[]},"publishpress_future_workflow_manual_trigger":{"enabledWorkflows":[]},"_links":{"self":[{"href":"https:\/\/www.casaldelsinfants.org\/es\/wp-json\/wp\/v2\/posts\/31782","targetHints":{"allow":["GET"]}}],"collection":[{"href":"https:\/\/www.casaldelsinfants.org\/es\/wp-json\/wp\/v2\/posts"}],"about":[{"href":"https:\/\/www.casaldelsinfants.org\/es\/wp-json\/wp\/v2\/types\/post"}],"author":[{"embeddable":true,"href":"https:\/\/www.casaldelsinfants.org\/es\/wp-json\/wp\/v2\/users\/9"}],"replies":[{"embeddable":true,"href":"https:\/\/www.casaldelsinfants.org\/es\/wp-json\/wp\/v2\/comments?post=31782"}],"version-history":[{"count":3,"href":"https:\/\/www.casaldelsinfants.org\/es\/wp-json\/wp\/v2\/posts\/31782\/revisions"}],"predecessor-version":[{"id":31800,"href":"https:\/\/www.casaldelsinfants.org\/es\/wp-json\/wp\/v2\/posts\/31782\/revisions\/31800"}],"wp:attachment":[{"href":"https:\/\/www.casaldelsinfants.org\/es\/wp-json\/wp\/v2\/media?parent=31782"}],"wp:term":[{"taxonomy":"category","embeddable":true,"href":"https:\/\/www.casaldelsinfants.org\/es\/wp-json\/wp\/v2\/categories?post=31782"},{"taxonomy":"post_tag","embeddable":true,"href":"https:\/\/www.casaldelsinfants.org\/es\/wp-json\/wp\/v2\/tags?post=31782"},{"taxonomy":"seus","embeddable":true,"href":"https:\/\/www.casaldelsinfants.org\/es\/wp-json\/wp\/v2\/seus?post=31782"},{"taxonomy":"eixos","embeddable":true,"href":"https:\/\/www.casaldelsinfants.org\/es\/wp-json\/wp\/v2\/eixos?post=31782"}],"curies":[{"name":"wp","href":"https:\/\/api.w.org\/{rel}","templated":true}]}}