{"id":32681,"date":"2025-02-13T12:31:34","date_gmt":"2025-02-13T10:31:34","guid":{"rendered":"https:\/\/www.casaldelsinfants.org\/?p=32681"},"modified":"2025-02-27T13:49:28","modified_gmt":"2025-02-27T11:49:28","slug":"markleo-conselldeciudad","status":"publish","type":"post","link":"https:\/\/www.casaldelsinfants.org\/es\/actualidad\/markleo-conselldeciudad\/","title":{"rendered":"Las propuestas de los y las j\u00f3venes del Casal llegan al Consell de Ciutat"},"content":{"rendered":"<p><iframe loading=\"lazy\" title=\"&quot;Los y las j\u00f3venes podemos aportar y construir una mejor sociedad&quot;\" width=\"1080\" height=\"608\" src=\"https:\/\/www.youtube.com\/embed\/BoSQBufQUIk?feature=oembed&#038;enablejsapi=1&#038;origin=https:\/\/www.casaldelsinfants.org\"  allow=\"accelerometer; autoplay; clipboard-write; encrypted-media; gyroscope; picture-in-picture; web-share\" referrerpolicy=\"strict-origin-when-cross-origin\" allowfullscreen><\/iframe><\/p>\n<p>&nbsp;<\/p>\n<p><span style=\"font-weight: 400;\">La <\/span><span style=\"text-decoration: underline;\"><a href=\"https:\/\/www.casaldelsinfants.org\/actualitat\/construir-conjuntament-el-casal-el-consell-de-participacio-del-casal-dels-infants-al-raval\/\" target=\"_blank\" rel=\"noopener\"><span style=\"font-weight: 400;\">participaci\u00f3n ciudadana<\/span><\/a><\/span><span style=\"font-weight: 400;\"> que impulsamos entre los ni\u00f1os, ni\u00f1as, adolescentes y j\u00f3venes participantes del Casal dels Infants ha traspasado las paredes del Casal y ha entrado dentro del Ayuntamiento de Barcelona. As\u00ed, <strong>las propuestas de los y las j\u00f3venes del Casal para mejorar su barrio, el Raval, y la ciudad han llegado al Consell de Ciutat<\/strong>, para incorporar la perspectiva y mirada de la juventud.\u00a0<\/span><\/p>\n<p>Todo empez\u00f3 cuando el grupo de trabajo de<span style=\"font-weight: 400;\"><strong>\u00a0\u2018<\/strong><\/span><strong><span style=\"text-decoration: underline;\"><a href=\"https:\/\/ajuntament.barcelona.cat\/personesgrans\/ca\/projectes-i-campanyes\/barcelona-ciutat-amigable\" target=\"_blank\" rel=\"noopener\">Barcelona, ciutat amigable<\/a><\/span><\/strong><span style=\"font-weight: 400;\"><strong>\u2019 invit\u00f3 a j\u00f3venes del Casal<\/strong> con la voluntad de contar con sus aportaciones, opiniones y sugerencias en el proyecto. Esta iniciativa se centra en las personas grandes y en trabajar en grupo para garantizar que el colectivo, en su diversidad, viva en seguridad, mantenga su salud y participen plenamente en la sociedad.\u00a0<\/span><\/p>\n<p><span style=\"font-weight: 400;\">\u00a0Los responsables de aportar la mirada joven fueron <strong>Mark Leo<\/strong>, de 15 a\u00f1os, y participante en el Centre Abierto Adolescente (COA) del Raval, y <strong>El\u00edas<\/strong>, de 18 a\u00f1os, del Casal Jove Atlas, ambos cumpliendo con su rol de delegados. Previamente, hab\u00edan recogido y consensuado las propuestas con sus compa\u00f1eros y compa\u00f1eras del Casal.\u00a0<\/span><\/p>\n<p>\u00abYa en el grupo de<span style=\"font-weight: 400;\"> \u2018Barcelona, ciutat amigable\u2019 estabas muy orgulloso de mi mismo por poder ir a estos sitios y estaba muy contento. <strong>Nunca hubiera pensado que ir\u00eda al Ayuntamiento a hacer esto<\/strong>\u201d, recuerda Mark Leo.<\/span><\/p>\n<p>&nbsp;<\/p>\n<h2><b>Despu\u00e9s de \u2018Barcelona, ciutat amigable\u2019, llegamos al Consell de Ciutat<\/b><\/h2>\n<p>&nbsp;<\/p>\n<p><span style=\"font-weight: 400;\">Posteriormente, y sin esper\u00e1rselo,<strong> los dos j\u00f3venes participantes del Casal fueron invitados a volver al Ayuntamiento para compartir sus propuestas, esta vez, al Consell de Ciutat<\/strong>. El\u00a0<\/span><span style=\"text-decoration: underline;\"><a href=\"https:\/\/www.conselldeciutat.barcelona\/ca\/que-es-el-consell-de-ciutat\" target=\"_blank\" rel=\"noopener\"><span style=\"font-weight: 400;\">Consell de Ciutat<\/span><\/a><\/span><span style=\"font-weight: 400;\"> es el m\u00e1ximo \u00f3rgano consultivo y de participaci\u00f3n del Ayuntamiento de Barcelona, en que los representantes del Ayuntamiento y la ciudadan\u00eda debaten los asuntos principales de la ciudad. Participan representantes pol\u00edticos, personas expertas, vecinos y vecinas.\u00a0<\/span><\/p>\n<p>As\u00ed, Mark Leo fue como portavoz en representaci\u00f3n de los y las j\u00f3venes del Casal, acompa\u00f1ado de Enric Canet, exdirector de Relaciones Ciudadanas del Casal dels Infants y miembro activo del Consell de Ciutat.<\/p>\n<p>&nbsp;<\/p>\n<h2><b>Cuatro propuestas para mejorar el barrio, desde el punto de vista de los y las j\u00f3venes<\/b><\/h2>\n<p>&nbsp;<\/p>\n<p><iframe loading=\"lazy\" title=\"Qu\u00e9 proponen los y las j\u00f3venes para mejorar su barrio y su ciudad\" width=\"1080\" height=\"608\" src=\"https:\/\/www.youtube.com\/embed\/eo5HTE4HUXE?feature=oembed&#038;enablejsapi=1&#038;origin=https:\/\/www.casaldelsinfants.org\"  allow=\"accelerometer; autoplay; clipboard-write; encrypted-media; gyroscope; picture-in-picture; web-share\" referrerpolicy=\"strict-origin-when-cross-origin\" allowfullscreen><\/iframe><\/p>\n<p>&nbsp;<\/p>\n<p><span style=\"font-weight: 400;\">En el Consell de Ciutat, Marl Leo present\u00f3 las siguientes propuestas, enfocadas a mejorar el d\u00eda a d\u00eda de los y las j\u00f3venes en el barrio del Raval y la ciudad.\u00a0<\/span><\/p>\n<p>&nbsp;<\/p>\n<h3><b>Educaci\u00f3n\u00a0<\/b><\/h3>\n<p><span style=\"font-weight: 400;\">La principal propuesta de los y las j\u00f3venes se centra en la educaci\u00f3n. Piden <strong>sitios espec\u00edficos en el barrio donde puedan recibir informaci\u00f3n, orientaci\u00f3n y asesoramiento<\/strong> sobre qu\u00e9 opciones tienen para <strong>seguir estudiando<\/strong>, y as\u00ed dirigir y empezar a dibujar su itinerario formativo. <\/span><\/p>\n<p>\u00abEn el Casal, nosotros tenemos orientaciones formativas, pero no todos los j\u00f3venes pueden ir al Casal. Por eso queremos pedir sitios espec\u00edficos donde los y las j\u00f3venes puedan preguntar y tener tutor\u00edas individuales\u00bb, apunta.<\/p>\n<p>&nbsp;<\/p>\n<h3><b>Ocio<\/b><\/h3>\n<p><a href=\"https:\/\/beteve.cat\/politica\/en-marxa-raval-promocio-44-habitatges-lloguer-social-fara-neixer-placa\/\"><span style=\"font-weight: 400;\"><span style=\"text-decoration: underline;\">Con la p\u00e9rdida de la Pista Negra<\/span><\/span><\/a><span style=\"font-weight: 400;\"> -una de las pocas instalaciones deportivas p\u00fablicas que quedaban en el barrio- para la construcci\u00f3n de vivienda social, los y las j\u00f3venes se encuentran con pocos espacios donde practicar deporte y pasar el rato. Por eso, pedimos <strong>equipamientos p\u00fablicos y con material deportivo en el barrio<\/strong>, para poder practicar deporte como el b\u00e1squet, el f\u00fatbol o el ping-pong. \u00abQueremos que los chicos y chicas puedan pasar m\u00e1s tiempo en los parques y pistas que en casa\u00bb, a\u00f1ade Mark Leo.\u00a0<\/span><\/p>\n<p>&nbsp;<\/p>\n<h3><b>Talleres en los centros c\u00edvicos<\/b><\/h3>\n<p><span style=\"font-weight: 400;\">Otra propuesta es que la oferta de los talleres de los centros c\u00edvicos sean m\u00e1s llamativas para los y las j\u00f3venes, como <strong>cursos orientados a descubrir alguna vocaci\u00f3n profesional<\/strong>, torneos deportivos, m\u00e1s conciertos gratuitos, y talleres sobre salud sexual y mental.<\/span><\/p>\n<p>&nbsp;<\/p>\n<h3><b>M\u00e1s luz en la calle<\/b><\/h3>\n<p><span style=\"font-weight: 400;\">Los y las j\u00f3venes tambi\u00e9n han expresado su necesidad para sentirse m\u00e1s seguros en su barrio. \u00abEn el Raval, y ahora que es invierno, se hace de noche muy r\u00e1pido, y hay muchos callejones donde no hay luz. Hay chicos y chicas que viven ah\u00ed y se sienten inseguros para llegar a su casa. Adem\u00e1s, las mujeres sienten mucha m\u00e1s inseguridad en la calle, y eso se puede ver en un mont\u00f3n de barrios de muchos sitios del mundo\u00bb, matiza Mark Leo.<\/span><\/p>\n<p>&nbsp;<\/p>\n","protected":false},"excerpt":{"rendered":"<p>&nbsp; La participaci\u00f3n ciudadana que impulsamos entre los ni\u00f1os, ni\u00f1as, adolescentes y j\u00f3venes participantes del Casal dels Infants ha traspasado las paredes del Casal y ha entrado dentro del Ayuntamiento de Barcelona. As\u00ed, las propuestas de los y las j\u00f3venes del Casal para mejorar su barrio, el Raval, y la ciudad han llegado al Consell [&hellip;]<\/p>\n","protected":false},"author":9,"featured_media":0,"comment_status":"open","ping_status":"open","sticky":false,"template":"","format":"standard","meta":{"_acf_changed":false,"_et_pb_use_builder":"","_et_pb_old_content":"","_et_gb_content_width":"","inline_featured_image":false,"footnotes":""},"categories":[125],"tags":[],"seus":[157],"eixos":[223],"class_list":["post-32681","post","type-post","status-publish","format-standard","hentry","category-noticias","seus-el-raval","eixos-joves-es"],"acf":[],"yoast_head":"<!-- This site is optimized with the Yoast SEO plugin v27.4 - https:\/\/yoast.com\/product\/yoast-seo-wordpress\/ -->\n<title>Las propuestas de los j\u00f3venes del Casal llegan al Consell de Ciutat - Casal dels Infants<\/title>\n<meta name=\"description\" content=\"Las propuestas de los y las j\u00f3venes del Casal para mejorar su barrio, el Raval, y la ciudad han llegado al Consell de Ciutat\" \/>\n<meta name=\"robots\" content=\"index, follow, max-snippet:-1, max-image-preview:large, max-video-preview:-1\" \/>\n<link rel=\"canonical\" href=\"https:\/\/www.casaldelsinfants.org\/es\/actualidad\/markleo-conselldeciudad\/\" \/>\n<meta property=\"og:locale\" content=\"es_ES\" \/>\n<meta property=\"og:type\" content=\"article\" \/>\n<meta property=\"og:title\" content=\"Las propuestas de los j\u00f3venes del Casal llegan al Consell de Ciutat - Casal dels Infants\" \/>\n<meta property=\"og:description\" content=\"Las propuestas de los y las j\u00f3venes del Casal para mejorar su barrio, el Raval, y la ciudad han llegado al Consell de Ciutat\" \/>\n<meta property=\"og:url\" content=\"https:\/\/www.casaldelsinfants.org\/es\/actualidad\/markleo-conselldeciudad\/\" \/>\n<meta property=\"og:site_name\" content=\"Casal dels Infants\" \/>\n<meta property=\"article:publisher\" content=\"https:\/\/www.facebook.com\/casalinfants\" \/>\n<meta property=\"article:published_time\" content=\"2025-02-13T10:31:34+00:00\" \/>\n<meta property=\"article:modified_time\" content=\"2025-02-27T11:49:28+00:00\" \/>\n<meta name=\"author\" content=\"julia\" \/>\n<meta name=\"twitter:card\" content=\"summary_large_image\" \/>\n<meta name=\"twitter:creator\" content=\"@casalinfants\" \/>\n<meta name=\"twitter:site\" content=\"@casalinfants\" \/>\n<meta name=\"twitter:label1\" content=\"Escrito por\" \/>\n\t<meta name=\"twitter:data1\" content=\"julia\" \/>\n\t<meta name=\"twitter:label2\" content=\"Tiempo de lectura\" \/>\n\t<meta name=\"twitter:data2\" content=\"4 minutos\" \/>\n<script type=\"application\/ld+json\" class=\"yoast-schema-graph\">{\"@context\":\"https:\\\/\\\/schema.org\",\"@graph\":[{\"@type\":\"Article\",\"@id\":\"https:\\\/\\\/www.casaldelsinfants.org\\\/es\\\/actualidad\\\/markleo-conselldeciudad\\\/#article\",\"isPartOf\":{\"@id\":\"https:\\\/\\\/www.casaldelsinfants.org\\\/es\\\/actualidad\\\/markleo-conselldeciudad\\\/\"},\"author\":{\"name\":\"julia\",\"@id\":\"https:\\\/\\\/www.casaldelsinfants.org\\\/es\\\/#\\\/schema\\\/person\\\/e870791b50f03fd60f872e1cd83910fc\"},\"headline\":\"Las propuestas de los y las j\u00f3venes del Casal llegan al Consell de Ciutat\",\"datePublished\":\"2025-02-13T10:31:34+00:00\",\"dateModified\":\"2025-02-27T11:49:28+00:00\",\"mainEntityOfPage\":{\"@id\":\"https:\\\/\\\/www.casaldelsinfants.org\\\/es\\\/actualidad\\\/markleo-conselldeciudad\\\/\"},\"wordCount\":771,\"commentCount\":0,\"publisher\":{\"@id\":\"https:\\\/\\\/www.casaldelsinfants.org\\\/es\\\/#organization\"},\"articleSection\":[\"Noticia\"],\"inLanguage\":\"es\",\"potentialAction\":[{\"@type\":\"CommentAction\",\"name\":\"Comment\",\"target\":[\"https:\\\/\\\/www.casaldelsinfants.org\\\/es\\\/actualidad\\\/markleo-conselldeciudad\\\/#respond\"]}]},{\"@type\":\"WebPage\",\"@id\":\"https:\\\/\\\/www.casaldelsinfants.org\\\/es\\\/actualidad\\\/markleo-conselldeciudad\\\/\",\"url\":\"https:\\\/\\\/www.casaldelsinfants.org\\\/es\\\/actualidad\\\/markleo-conselldeciudad\\\/\",\"name\":\"Las propuestas de los j\u00f3venes del Casal llegan al Consell de Ciutat - Casal dels Infants\",\"isPartOf\":{\"@id\":\"https:\\\/\\\/www.casaldelsinfants.org\\\/es\\\/#website\"},\"datePublished\":\"2025-02-13T10:31:34+00:00\",\"dateModified\":\"2025-02-27T11:49:28+00:00\",\"description\":\"Las propuestas de los y las j\u00f3venes del Casal para mejorar su barrio, el Raval, y la ciudad han llegado al Consell de Ciutat\",\"breadcrumb\":{\"@id\":\"https:\\\/\\\/www.casaldelsinfants.org\\\/es\\\/actualidad\\\/markleo-conselldeciudad\\\/#breadcrumb\"},\"inLanguage\":\"es\",\"potentialAction\":[{\"@type\":\"ReadAction\",\"target\":[\"https:\\\/\\\/www.casaldelsinfants.org\\\/es\\\/actualidad\\\/markleo-conselldeciudad\\\/\"]}]},{\"@type\":\"BreadcrumbList\",\"@id\":\"https:\\\/\\\/www.casaldelsinfants.org\\\/es\\\/actualidad\\\/markleo-conselldeciudad\\\/#breadcrumb\",\"itemListElement\":[{\"@type\":\"ListItem\",\"position\":1,\"name\":\"Inici\",\"item\":\"https:\\\/\\\/www.casaldelsinfants.org\\\/es\\\/\"},{\"@type\":\"ListItem\",\"position\":2,\"name\":\"Las propuestas de los y las j\u00f3venes del Casal llegan al Consell de Ciutat\"}]},{\"@type\":\"WebSite\",\"@id\":\"https:\\\/\\\/www.casaldelsinfants.org\\\/es\\\/#website\",\"url\":\"https:\\\/\\\/www.casaldelsinfants.org\\\/es\\\/\",\"name\":\"Casal dels Infants\",\"description\":\"\",\"publisher\":{\"@id\":\"https:\\\/\\\/www.casaldelsinfants.org\\\/es\\\/#organization\"},\"potentialAction\":[{\"@type\":\"SearchAction\",\"target\":{\"@type\":\"EntryPoint\",\"urlTemplate\":\"https:\\\/\\\/www.casaldelsinfants.org\\\/es\\\/?s={search_term_string}\"},\"query-input\":{\"@type\":\"PropertyValueSpecification\",\"valueRequired\":true,\"valueName\":\"search_term_string\"}}],\"inLanguage\":\"es\"},{\"@type\":\"Organization\",\"@id\":\"https:\\\/\\\/www.casaldelsinfants.org\\\/es\\\/#organization\",\"name\":\"Casal dels Infants\",\"url\":\"https:\\\/\\\/www.casaldelsinfants.org\\\/es\\\/\",\"logo\":{\"@type\":\"ImageObject\",\"inLanguage\":\"es\",\"@id\":\"https:\\\/\\\/www.casaldelsinfants.org\\\/es\\\/#\\\/schema\\\/logo\\\/image\\\/\",\"url\":\"https:\\\/\\\/www.casaldelsinfants.org\\\/wp-content\\\/uploads\\\/logo-mail.png\",\"contentUrl\":\"https:\\\/\\\/www.casaldelsinfants.org\\\/wp-content\\\/uploads\\\/logo-mail.png\",\"width\":380,\"height\":158,\"caption\":\"Casal dels Infants\"},\"image\":{\"@id\":\"https:\\\/\\\/www.casaldelsinfants.org\\\/es\\\/#\\\/schema\\\/logo\\\/image\\\/\"},\"sameAs\":[\"https:\\\/\\\/www.facebook.com\\\/casalinfants\",\"https:\\\/\\\/x.com\\\/casalinfants\",\"https:\\\/\\\/www.youtube.com\\\/user\\\/CasaldelsInfants1\",\"https:\\\/\\\/www.instagram.com\\\/casalinfants\\\/\",\"https:\\\/\\\/www.linkedin.com\\\/company\\\/casaldelsinfants?trk=organization-update_share-update_actor-text\"]},{\"@type\":\"Person\",\"@id\":\"https:\\\/\\\/www.casaldelsinfants.org\\\/es\\\/#\\\/schema\\\/person\\\/e870791b50f03fd60f872e1cd83910fc\",\"name\":\"julia\"}]}<\/script>\n<!-- \/ Yoast SEO plugin. -->","yoast_head_json":{"title":"Las propuestas de los j\u00f3venes del Casal llegan al Consell de Ciutat - Casal dels Infants","description":"Las propuestas de los y las j\u00f3venes del Casal para mejorar su barrio, el Raval, y la ciudad han llegado al Consell de Ciutat","robots":{"index":"index","follow":"follow","max-snippet":"max-snippet:-1","max-image-preview":"max-image-preview:large","max-video-preview":"max-video-preview:-1"},"canonical":"https:\/\/www.casaldelsinfants.org\/es\/actualidad\/markleo-conselldeciudad\/","og_locale":"es_ES","og_type":"article","og_title":"Las propuestas de los j\u00f3venes del Casal llegan al Consell de Ciutat - Casal dels Infants","og_description":"Las propuestas de los y las j\u00f3venes del Casal para mejorar su barrio, el Raval, y la ciudad han llegado al Consell de Ciutat","og_url":"https:\/\/www.casaldelsinfants.org\/es\/actualidad\/markleo-conselldeciudad\/","og_site_name":"Casal dels Infants","article_publisher":"https:\/\/www.facebook.com\/casalinfants","article_published_time":"2025-02-13T10:31:34+00:00","article_modified_time":"2025-02-27T11:49:28+00:00","author":"julia","twitter_card":"summary_large_image","twitter_creator":"@casalinfants","twitter_site":"@casalinfants","twitter_misc":{"Escrito por":"julia","Tiempo de lectura":"4 minutos"},"schema":{"@context":"https:\/\/schema.org","@graph":[{"@type":"Article","@id":"https:\/\/www.casaldelsinfants.org\/es\/actualidad\/markleo-conselldeciudad\/#article","isPartOf":{"@id":"https:\/\/www.casaldelsinfants.org\/es\/actualidad\/markleo-conselldeciudad\/"},"author":{"name":"julia","@id":"https:\/\/www.casaldelsinfants.org\/es\/#\/schema\/person\/e870791b50f03fd60f872e1cd83910fc"},"headline":"Las propuestas de los y las j\u00f3venes del Casal llegan al Consell de Ciutat","datePublished":"2025-02-13T10:31:34+00:00","dateModified":"2025-02-27T11:49:28+00:00","mainEntityOfPage":{"@id":"https:\/\/www.casaldelsinfants.org\/es\/actualidad\/markleo-conselldeciudad\/"},"wordCount":771,"commentCount":0,"publisher":{"@id":"https:\/\/www.casaldelsinfants.org\/es\/#organization"},"articleSection":["Noticia"],"inLanguage":"es","potentialAction":[{"@type":"CommentAction","name":"Comment","target":["https:\/\/www.casaldelsinfants.org\/es\/actualidad\/markleo-conselldeciudad\/#respond"]}]},{"@type":"WebPage","@id":"https:\/\/www.casaldelsinfants.org\/es\/actualidad\/markleo-conselldeciudad\/","url":"https:\/\/www.casaldelsinfants.org\/es\/actualidad\/markleo-conselldeciudad\/","name":"Las propuestas de los j\u00f3venes del Casal llegan al Consell de Ciutat - Casal dels Infants","isPartOf":{"@id":"https:\/\/www.casaldelsinfants.org\/es\/#website"},"datePublished":"2025-02-13T10:31:34+00:00","dateModified":"2025-02-27T11:49:28+00:00","description":"Las propuestas de los y las j\u00f3venes del Casal para mejorar su barrio, el Raval, y la ciudad han llegado al Consell de Ciutat","breadcrumb":{"@id":"https:\/\/www.casaldelsinfants.org\/es\/actualidad\/markleo-conselldeciudad\/#breadcrumb"},"inLanguage":"es","potentialAction":[{"@type":"ReadAction","target":["https:\/\/www.casaldelsinfants.org\/es\/actualidad\/markleo-conselldeciudad\/"]}]},{"@type":"BreadcrumbList","@id":"https:\/\/www.casaldelsinfants.org\/es\/actualidad\/markleo-conselldeciudad\/#breadcrumb","itemListElement":[{"@type":"ListItem","position":1,"name":"Inici","item":"https:\/\/www.casaldelsinfants.org\/es\/"},{"@type":"ListItem","position":2,"name":"Las propuestas de los y las j\u00f3venes del Casal llegan al Consell de Ciutat"}]},{"@type":"WebSite","@id":"https:\/\/www.casaldelsinfants.org\/es\/#website","url":"https:\/\/www.casaldelsinfants.org\/es\/","name":"Casal dels Infants","description":"","publisher":{"@id":"https:\/\/www.casaldelsinfants.org\/es\/#organization"},"potentialAction":[{"@type":"SearchAction","target":{"@type":"EntryPoint","urlTemplate":"https:\/\/www.casaldelsinfants.org\/es\/?s={search_term_string}"},"query-input":{"@type":"PropertyValueSpecification","valueRequired":true,"valueName":"search_term_string"}}],"inLanguage":"es"},{"@type":"Organization","@id":"https:\/\/www.casaldelsinfants.org\/es\/#organization","name":"Casal dels Infants","url":"https:\/\/www.casaldelsinfants.org\/es\/","logo":{"@type":"ImageObject","inLanguage":"es","@id":"https:\/\/www.casaldelsinfants.org\/es\/#\/schema\/logo\/image\/","url":"https:\/\/www.casaldelsinfants.org\/wp-content\/uploads\/logo-mail.png","contentUrl":"https:\/\/www.casaldelsinfants.org\/wp-content\/uploads\/logo-mail.png","width":380,"height":158,"caption":"Casal dels Infants"},"image":{"@id":"https:\/\/www.casaldelsinfants.org\/es\/#\/schema\/logo\/image\/"},"sameAs":["https:\/\/www.facebook.com\/casalinfants","https:\/\/x.com\/casalinfants","https:\/\/www.youtube.com\/user\/CasaldelsInfants1","https:\/\/www.instagram.com\/casalinfants\/","https:\/\/www.linkedin.com\/company\/casaldelsinfants?trk=organization-update_share-update_actor-text"]},{"@type":"Person","@id":"https:\/\/www.casaldelsinfants.org\/es\/#\/schema\/person\/e870791b50f03fd60f872e1cd83910fc","name":"julia"}]}},"publishpress_future_action":{"enabled":false,"date":"2026-05-09 10:27:06","action":"change-status","newStatus":"draft","terms":[],"taxonomy":"category","extraData":[]},"publishpress_future_workflow_manual_trigger":{"enabledWorkflows":[]},"_links":{"self":[{"href":"https:\/\/www.casaldelsinfants.org\/es\/wp-json\/wp\/v2\/posts\/32681","targetHints":{"allow":["GET"]}}],"collection":[{"href":"https:\/\/www.casaldelsinfants.org\/es\/wp-json\/wp\/v2\/posts"}],"about":[{"href":"https:\/\/www.casaldelsinfants.org\/es\/wp-json\/wp\/v2\/types\/post"}],"author":[{"embeddable":true,"href":"https:\/\/www.casaldelsinfants.org\/es\/wp-json\/wp\/v2\/users\/9"}],"replies":[{"embeddable":true,"href":"https:\/\/www.casaldelsinfants.org\/es\/wp-json\/wp\/v2\/comments?post=32681"}],"version-history":[{"count":3,"href":"https:\/\/www.casaldelsinfants.org\/es\/wp-json\/wp\/v2\/posts\/32681\/revisions"}],"predecessor-version":[{"id":34060,"href":"https:\/\/www.casaldelsinfants.org\/es\/wp-json\/wp\/v2\/posts\/32681\/revisions\/34060"}],"wp:attachment":[{"href":"https:\/\/www.casaldelsinfants.org\/es\/wp-json\/wp\/v2\/media?parent=32681"}],"wp:term":[{"taxonomy":"category","embeddable":true,"href":"https:\/\/www.casaldelsinfants.org\/es\/wp-json\/wp\/v2\/categories?post=32681"},{"taxonomy":"post_tag","embeddable":true,"href":"https:\/\/www.casaldelsinfants.org\/es\/wp-json\/wp\/v2\/tags?post=32681"},{"taxonomy":"seus","embeddable":true,"href":"https:\/\/www.casaldelsinfants.org\/es\/wp-json\/wp\/v2\/seus?post=32681"},{"taxonomy":"eixos","embeddable":true,"href":"https:\/\/www.casaldelsinfants.org\/es\/wp-json\/wp\/v2\/eixos?post=32681"}],"curies":[{"name":"wp","href":"https:\/\/api.w.org\/{rel}","templated":true}]}}