{"id":34052,"date":"2025-02-27T13:41:33","date_gmt":"2025-02-27T11:41:33","guid":{"rendered":"https:\/\/www.casaldelsinfants.org\/?p=34052"},"modified":"2025-02-27T13:46:45","modified_gmt":"2025-02-27T11:46:45","slug":"estrenorassifaescena2025","status":"publish","type":"post","link":"https:\/\/www.casaldelsinfants.org\/es\/actualidad\/estrenorassifaescena2025\/","title":{"rendered":"\u2018Nosotros, no los otros&#8217;: juventud migrada sube al escenario para protagonizar su relato"},"content":{"rendered":"<p>&nbsp;<\/p>\n<p>Se abre el tel\u00f3n y encima del escenario sale un grupo de veinte j\u00f3venes. Los chicos, la mayor\u00eda, con camisas blancas y dos chicas que las llevan negras. Al otro lado, los miran y los escucha un p\u00fablico callado y atento, entre emocionado, removido e incomodado. La obra se llama <strong>&#8216;Nosotros, no los otros&#8217;, representada y creada por j\u00f3venes que han migrado solos (la gran mayor\u00eda) o de familia migrada (en alg\u00fan caso puntual)<\/strong>, y se estren\u00f3 el s\u00e1bado 22 de febrero en el CCCB.<\/p>\n<p style=\"text-align: center;\"><a href=\"https:\/\/www.casaldelsinfants.org\/es\/rassif-escena\/\" target=\"_blank\" rel=\"noopener\"><strong><span style=\"text-decoration: underline;\"><span style=\"color: #00664f; text-decoration: underline;\">CONOCE A LOS Y LAS PROTAGONISTAS<\/span><\/span><\/strong><\/a><\/p>\n<p><span style=\"font-weight: 400;\">La pieza forma parte del proyecto teatral\u00a0<\/span><span style=\"font-weight: 400;\">\u2018Rassif a escena\u2019, impulsado por segundo a\u00f1o por<\/span><span style=\"font-weight: 400;\">\u00a0<\/span><span style=\"text-decoration: underline;\"><a href=\"https:\/\/www.laxixateatre.org\/\" target=\"_blank\" rel=\"noopener\"><span style=\"font-weight: 400;\">La Xixa<\/span><\/a><\/span><span style=\"font-weight: 400;\"> y el Casal dels Infants. El objetivo del proceso creativo es dar a <strong>conocer la realidad de los y las j\u00f3venes vinculados a procesos migratorios<\/strong>, a menudo sometidos a estigmas y discursos de odio. Ellos y ellas toman la palabra y ponen voz a sus historias, creando un <strong>discurso transformador<\/strong> y sensibilizando al p\u00fablico.\u00a0<\/span><\/p>\n<p>&nbsp;<\/p>\n<p><img decoding=\"async\" class=\" wp-image-34017 aligncenter\" src=\"https:\/\/www.casaldelsinfants.org\/wp-content\/uploads\/DSC00755-scaled.webp\" alt=\"Una llum blava banya els actors damunt de l'escenari, durant la representaci\u00f3 de 'Nosaltres, no els altres'\" width=\"597\" height=\"336\" \/><\/p>\n<p>&nbsp;<\/p>\n<p><span style=\"font-weight: 400;\">Y as\u00ed lo hicieron encima del escenario del Auditorio del CCCB. <strong>Con todas las entradas agotadas<\/strong> y delante de una sala llena, representaron escenas de momentos que han vivido y comparten, y que los han marcado en su trayecto vital como personas migradas, tanto en origen, tr\u00e1nsito y destino. La falta de oportunidades laborales y el nepotismo en su pa\u00eds de origen, el duro viaje para cruzar el Mediterr\u00e1neo y que muchos no acaban, las ganas de sacar adelante sus sue\u00f1os en Catalunya, de ser vistos como iguales y romper con la incomprensi\u00f3n y el racismo, son los ejes principales de la obra.\u00a0<\/span><\/p>\n<p>\u00abEstamos todos muy felices hoy. Hemos venido aqu\u00ed solos, no tenemos familia, y a veces lo que <strong>necesitamos es un lugar donde podamos expresar lo que sentimos y que alguien nos escuche y nos muestre empat\u00eda<\/strong>. Aqu\u00ed somos felices y m\u00e1s con el apoyo del p\u00fablico\u00bb, explicaba Moha, de 29 a\u00f1os y participante de &#8216;Rassif a escena&#8217;, en terminar la obra y abrir el espacio de reflexi\u00f3n y preguntas con el p\u00fablico.<\/p>\n<p>&nbsp;<\/p>\n<p><img decoding=\"async\" class=\"wp-image-34020 aligncenter\" src=\"https:\/\/www.casaldelsinfants.org\/wp-content\/uploads\/DSC00795-scaled.webp\" alt=\"En Moha respon a una pregunta del p\u00fablic despr\u00e9s de la representaci\u00f3 de 'Nosaltres, no els altres'\" width=\"574\" height=\"323\" \/><\/p>\n<h2><\/h2>\n<p>&nbsp;<\/p>\n<h2><b>Los y las protagonistas de su propia historia<\/b><\/h2>\n<p><span style=\"font-weight: 400;\">Moha ha repetido y este es el segundo a\u00f1o que participa en \u2018Rassif a escena\u2019. Con su experiencia, se convirti\u00f3 en uno de los <strong>tres mentores del grupo<\/strong>, junto con Bilal, de 28 a\u00f1os y tambi\u00e9n participante del proyecto teatral, y Taoufik, de 27 y voluntario de La Xixa.\u00a0<\/span><\/p>\n<p>Los dem\u00e1s j\u00f3venes que forman parte de &#8216;Rassif a escena&#8217; tienen entre 17 y 24 a\u00f1os, y provienen mayoritariamente de pa\u00edses africanos como <strong>Marruecos, Argelia, Gambia o Mali, pero tambi\u00e9n hay una participante de Colombia<\/strong>. La mayor\u00eda han llegado a Catalunya entre hace pocos meses y poco m\u00e1s de un a\u00f1o, y est\u00e1n vinculados a alguna entidad, asociaci\u00f3n o servicio de la ciudad que les acompa\u00f1a. En gran parte de los casos <strong>hicieron el viaje hasta aqu\u00ed sin referentes familiares<\/strong>, algunos incluso siendo menores.<\/p>\n<p>Al final, todos ellos y ellas recibieron un fuerte aplauso y la ovaci\u00f3n del p\u00fablico, entre los que se encontraban educadores, educadoras, referentes, amigos, amigas e incluso ni\u00f1os y ni\u00f1as de un espacio cuyo monitor es Bilal. Entre gente conocida y desconocida, y <strong>sonrisas permanentes en sus caras<\/strong>, los chicos recib\u00edan abrazos, encajadas de manos y felicitaciones.<\/p>\n<p>&nbsp;<\/p>\n<p><img decoding=\"async\" class=\" wp-image-34023 aligncenter\" src=\"https:\/\/www.casaldelsinfants.org\/wp-content\/uploads\/DSC00863-scaled.webp\" alt=\"El p\u00fablic aplaudeix els i les joves de Rassif a escena.\" width=\"585\" height=\"329\" \/><\/p>\n<p>&nbsp;<\/p>\n<h2><b>M\u00e1s representaciones durante el 2025<\/b><\/h2>\n<p><span style=\"font-weight: 400;\">\u2018Nosotros, no los otros\u2019 es el resultado de un proceso corto, pero intenso. <strong>En solo dos semanas<\/strong>, los y las j\u00f3venes se conocieron entre ellos, se introdujeron al mundo del teatro, a trav\u00e9s de diferentes din\u00e1micas para romper el hielo y empezar a conectar con su cuerpo y sus capacidades interpretativas, y montaron la obra final. Lo hicieron entre la <\/span><span style=\"font-weight: 400;\">Sala Paral\u00b7lel 62, el Casal de Barri del Raval, la Escola Pia Sant Antoni y KN60 Lab.\u00a0<\/span><\/p>\n<p>&nbsp;<\/p>\n<p><img decoding=\"async\" class=\" wp-image-34026 aligncenter\" src=\"https:\/\/www.casaldelsinfants.org\/wp-content\/uploads\/cb643870-0edd-4a96-b004-4e5cc88d6f82-scaled.webp\" alt=\"Din\u00e0mica d'improvitzaci\u00f3 durant un assaig de Rassif a escena.\" width=\"606\" height=\"340\" \/><\/p>\n<p>&nbsp;<\/p>\n<p><span style=\"font-weight: 400;\">Despu\u00e9s del estreno, <strong>el proyecto<\/strong><\/span><b> de \u2018Rassif a escena\u2019 contin\u00faa<\/b><span style=\"font-weight: 400;\">. A partir del mes de marzo, iremos a diferentes <strong>espacios ciudadanos<\/strong> de la ciudad de Barcelona para traer la obra y representarla delante de m\u00e1s vecinos y vecinas, porque sus historias y la movilizaci\u00f3n a favor de los derechos de la juventud migrada lleguen m\u00e1s lejos. <strong>\u00a1Pr\u00f3ximas fechas pronto!<\/strong><\/span><\/p>\n<p>&nbsp;<\/p>\n<blockquote><p><strong>\u00bfQuieres que representamos el proyecto &#8216;Rassif a escena&#8217; en tu centro? Escr\u00edbenos a <span style=\"text-decoration: underline;\">comunicacio@casaldelsinfants.org<\/span><\/strong><\/p><\/blockquote>\n<p>&nbsp;<\/p>\n","protected":false},"excerpt":{"rendered":"<p>&nbsp; Se abre el tel\u00f3n y encima del escenario sale un grupo de veinte j\u00f3venes. Los chicos, la mayor\u00eda, con camisas blancas y dos chicas que las llevan negras. Al otro lado, los miran y los escucha un p\u00fablico callado y atento, entre emocionado, removido e incomodado. La obra se llama &#8216;Nosotros, no los otros&#8217;, [&hellip;]<\/p>\n","protected":false},"author":9,"featured_media":34016,"comment_status":"open","ping_status":"open","sticky":false,"template":"","format":"standard","meta":{"_acf_changed":false,"_et_pb_use_builder":"","_et_pb_old_content":"","_et_gb_content_width":"","inline_featured_image":false,"footnotes":""},"categories":[125],"tags":[],"seus":[],"eixos":[223],"class_list":["post-34052","post","type-post","status-publish","format-standard","has-post-thumbnail","hentry","category-noticias","eixos-joves-es"],"acf":[],"yoast_head":"<!-- This site is optimized with the Yoast SEO plugin v27.4 - https:\/\/yoast.com\/product\/yoast-seo-wordpress\/ -->\n<title>Estrenamos &#039;Rassif a escena&#039; en el CCCB - Casal dels Infants<\/title>\n<meta name=\"description\" content=\"Estrenamos &#039;Nosotros, no los otros&#039;, del grupo &#039;Rassif a escena&#039;, representada y creada por j\u00f3venes que han migrado solos, al CCCB.\" \/>\n<meta name=\"robots\" content=\"index, follow, max-snippet:-1, max-image-preview:large, max-video-preview:-1\" \/>\n<link rel=\"canonical\" href=\"https:\/\/www.casaldelsinfants.org\/es\/actualidad\/estrenorassifaescena2025\/\" \/>\n<meta property=\"og:locale\" content=\"es_ES\" \/>\n<meta property=\"og:type\" content=\"article\" \/>\n<meta property=\"og:title\" content=\"Estrenamos &#039;Rassif a escena&#039; en el CCCB - Casal dels Infants\" \/>\n<meta property=\"og:description\" content=\"Estrenamos &#039;Nosotros, no los otros&#039;, del grupo &#039;Rassif a escena&#039;, representada y creada por j\u00f3venes que han migrado solos, al CCCB.\" \/>\n<meta property=\"og:url\" content=\"https:\/\/www.casaldelsinfants.org\/es\/actualidad\/estrenorassifaescena2025\/\" \/>\n<meta property=\"og:site_name\" content=\"Casal dels Infants\" \/>\n<meta property=\"article:publisher\" content=\"https:\/\/www.facebook.com\/casalinfants\" \/>\n<meta property=\"article:published_time\" content=\"2025-02-27T11:41:33+00:00\" \/>\n<meta property=\"article:modified_time\" content=\"2025-02-27T11:46:45+00:00\" \/>\n<meta property=\"og:image\" content=\"https:\/\/www.casaldelsinfants.org\/wp-content\/uploads\/DSC00770-scaled.webp\" \/>\n\t<meta property=\"og:image:width\" content=\"2560\" \/>\n\t<meta property=\"og:image:height\" content=\"1440\" \/>\n\t<meta property=\"og:image:type\" content=\"image\/jpeg\" \/>\n<meta name=\"author\" content=\"julia\" \/>\n<meta name=\"twitter:card\" content=\"summary_large_image\" \/>\n<meta name=\"twitter:creator\" content=\"@casalinfants\" \/>\n<meta name=\"twitter:site\" content=\"@casalinfants\" \/>\n<meta name=\"twitter:label1\" content=\"Escrito por\" \/>\n\t<meta name=\"twitter:data1\" content=\"julia\" \/>\n\t<meta name=\"twitter:label2\" content=\"Tiempo de lectura\" \/>\n\t<meta name=\"twitter:data2\" content=\"5 minutos\" \/>\n<script type=\"application\/ld+json\" class=\"yoast-schema-graph\">{\"@context\":\"https:\\\/\\\/schema.org\",\"@graph\":[{\"@type\":\"Article\",\"@id\":\"https:\\\/\\\/www.casaldelsinfants.org\\\/es\\\/actualidad\\\/estrenorassifaescena2025\\\/#article\",\"isPartOf\":{\"@id\":\"https:\\\/\\\/www.casaldelsinfants.org\\\/es\\\/actualidad\\\/estrenorassifaescena2025\\\/\"},\"author\":{\"name\":\"julia\",\"@id\":\"https:\\\/\\\/www.casaldelsinfants.org\\\/es\\\/#\\\/schema\\\/person\\\/e870791b50f03fd60f872e1cd83910fc\"},\"headline\":\"\u2018Nosotros, no los otros&#8217;: juventud migrada sube al escenario para protagonizar su relato\",\"datePublished\":\"2025-02-27T11:41:33+00:00\",\"dateModified\":\"2025-02-27T11:46:45+00:00\",\"mainEntityOfPage\":{\"@id\":\"https:\\\/\\\/www.casaldelsinfants.org\\\/es\\\/actualidad\\\/estrenorassifaescena2025\\\/\"},\"wordCount\":761,\"commentCount\":0,\"publisher\":{\"@id\":\"https:\\\/\\\/www.casaldelsinfants.org\\\/es\\\/#organization\"},\"image\":{\"@id\":\"https:\\\/\\\/www.casaldelsinfants.org\\\/es\\\/actualidad\\\/estrenorassifaescena2025\\\/#primaryimage\"},\"thumbnailUrl\":\"https:\\\/\\\/www.casaldelsinfants.org\\\/wp-content\\\/uploads\\\/DSC00770-scaled.webp\",\"articleSection\":[\"Noticia\"],\"inLanguage\":\"es\",\"potentialAction\":[{\"@type\":\"CommentAction\",\"name\":\"Comment\",\"target\":[\"https:\\\/\\\/www.casaldelsinfants.org\\\/es\\\/actualidad\\\/estrenorassifaescena2025\\\/#respond\"]}]},{\"@type\":\"WebPage\",\"@id\":\"https:\\\/\\\/www.casaldelsinfants.org\\\/es\\\/actualidad\\\/estrenorassifaescena2025\\\/\",\"url\":\"https:\\\/\\\/www.casaldelsinfants.org\\\/es\\\/actualidad\\\/estrenorassifaescena2025\\\/\",\"name\":\"Estrenamos 'Rassif a escena' en el CCCB - Casal dels Infants\",\"isPartOf\":{\"@id\":\"https:\\\/\\\/www.casaldelsinfants.org\\\/es\\\/#website\"},\"primaryImageOfPage\":{\"@id\":\"https:\\\/\\\/www.casaldelsinfants.org\\\/es\\\/actualidad\\\/estrenorassifaescena2025\\\/#primaryimage\"},\"image\":{\"@id\":\"https:\\\/\\\/www.casaldelsinfants.org\\\/es\\\/actualidad\\\/estrenorassifaescena2025\\\/#primaryimage\"},\"thumbnailUrl\":\"https:\\\/\\\/www.casaldelsinfants.org\\\/wp-content\\\/uploads\\\/DSC00770-scaled.webp\",\"datePublished\":\"2025-02-27T11:41:33+00:00\",\"dateModified\":\"2025-02-27T11:46:45+00:00\",\"description\":\"Estrenamos 'Nosotros, no los otros', del grupo 'Rassif a escena', representada y creada por j\u00f3venes que han migrado solos, al CCCB.\",\"breadcrumb\":{\"@id\":\"https:\\\/\\\/www.casaldelsinfants.org\\\/es\\\/actualidad\\\/estrenorassifaescena2025\\\/#breadcrumb\"},\"inLanguage\":\"es\",\"potentialAction\":[{\"@type\":\"ReadAction\",\"target\":[\"https:\\\/\\\/www.casaldelsinfants.org\\\/es\\\/actualidad\\\/estrenorassifaescena2025\\\/\"]}]},{\"@type\":\"ImageObject\",\"inLanguage\":\"es\",\"@id\":\"https:\\\/\\\/www.casaldelsinfants.org\\\/es\\\/actualidad\\\/estrenorassifaescena2025\\\/#primaryimage\",\"url\":\"https:\\\/\\\/www.casaldelsinfants.org\\\/wp-content\\\/uploads\\\/DSC00770-scaled.webp\",\"contentUrl\":\"https:\\\/\\\/www.casaldelsinfants.org\\\/wp-content\\\/uploads\\\/DSC00770-scaled.webp\",\"width\":2560,\"height\":1440,\"caption\":\"Nois i noies damunt d'un escenari en l'estrena de l'obra 'Nosaltres, no els altres'\"},{\"@type\":\"BreadcrumbList\",\"@id\":\"https:\\\/\\\/www.casaldelsinfants.org\\\/es\\\/actualidad\\\/estrenorassifaescena2025\\\/#breadcrumb\",\"itemListElement\":[{\"@type\":\"ListItem\",\"position\":1,\"name\":\"Inici\",\"item\":\"https:\\\/\\\/www.casaldelsinfants.org\\\/es\\\/\"},{\"@type\":\"ListItem\",\"position\":2,\"name\":\"\u2018Nosotros, no los otros&#8217;: juventud migrada sube al escenario para protagonizar su relato\"}]},{\"@type\":\"WebSite\",\"@id\":\"https:\\\/\\\/www.casaldelsinfants.org\\\/es\\\/#website\",\"url\":\"https:\\\/\\\/www.casaldelsinfants.org\\\/es\\\/\",\"name\":\"Casal dels Infants\",\"description\":\"\",\"publisher\":{\"@id\":\"https:\\\/\\\/www.casaldelsinfants.org\\\/es\\\/#organization\"},\"potentialAction\":[{\"@type\":\"SearchAction\",\"target\":{\"@type\":\"EntryPoint\",\"urlTemplate\":\"https:\\\/\\\/www.casaldelsinfants.org\\\/es\\\/?s={search_term_string}\"},\"query-input\":{\"@type\":\"PropertyValueSpecification\",\"valueRequired\":true,\"valueName\":\"search_term_string\"}}],\"inLanguage\":\"es\"},{\"@type\":\"Organization\",\"@id\":\"https:\\\/\\\/www.casaldelsinfants.org\\\/es\\\/#organization\",\"name\":\"Casal dels Infants\",\"url\":\"https:\\\/\\\/www.casaldelsinfants.org\\\/es\\\/\",\"logo\":{\"@type\":\"ImageObject\",\"inLanguage\":\"es\",\"@id\":\"https:\\\/\\\/www.casaldelsinfants.org\\\/es\\\/#\\\/schema\\\/logo\\\/image\\\/\",\"url\":\"https:\\\/\\\/www.casaldelsinfants.org\\\/wp-content\\\/uploads\\\/logo-mail.png\",\"contentUrl\":\"https:\\\/\\\/www.casaldelsinfants.org\\\/wp-content\\\/uploads\\\/logo-mail.png\",\"width\":380,\"height\":158,\"caption\":\"Casal dels Infants\"},\"image\":{\"@id\":\"https:\\\/\\\/www.casaldelsinfants.org\\\/es\\\/#\\\/schema\\\/logo\\\/image\\\/\"},\"sameAs\":[\"https:\\\/\\\/www.facebook.com\\\/casalinfants\",\"https:\\\/\\\/x.com\\\/casalinfants\",\"https:\\\/\\\/www.youtube.com\\\/user\\\/CasaldelsInfants1\",\"https:\\\/\\\/www.instagram.com\\\/casalinfants\\\/\",\"https:\\\/\\\/www.linkedin.com\\\/company\\\/casaldelsinfants?trk=organization-update_share-update_actor-text\"]},{\"@type\":\"Person\",\"@id\":\"https:\\\/\\\/www.casaldelsinfants.org\\\/es\\\/#\\\/schema\\\/person\\\/e870791b50f03fd60f872e1cd83910fc\",\"name\":\"julia\"}]}<\/script>\n<!-- \/ Yoast SEO plugin. -->","yoast_head_json":{"title":"Estrenamos 'Rassif a escena' en el CCCB - Casal dels Infants","description":"Estrenamos 'Nosotros, no los otros', del grupo 'Rassif a escena', representada y creada por j\u00f3venes que han migrado solos, al CCCB.","robots":{"index":"index","follow":"follow","max-snippet":"max-snippet:-1","max-image-preview":"max-image-preview:large","max-video-preview":"max-video-preview:-1"},"canonical":"https:\/\/www.casaldelsinfants.org\/es\/actualidad\/estrenorassifaescena2025\/","og_locale":"es_ES","og_type":"article","og_title":"Estrenamos 'Rassif a escena' en el CCCB - Casal dels Infants","og_description":"Estrenamos 'Nosotros, no los otros', del grupo 'Rassif a escena', representada y creada por j\u00f3venes que han migrado solos, al CCCB.","og_url":"https:\/\/www.casaldelsinfants.org\/es\/actualidad\/estrenorassifaescena2025\/","og_site_name":"Casal dels Infants","article_publisher":"https:\/\/www.facebook.com\/casalinfants","article_published_time":"2025-02-27T11:41:33+00:00","article_modified_time":"2025-02-27T11:46:45+00:00","og_image":[{"width":2560,"height":1440,"url":"https:\/\/www.casaldelsinfants.org\/wp-content\/uploads\/DSC00770-scaled.webp","type":"image\/jpeg"}],"author":"julia","twitter_card":"summary_large_image","twitter_creator":"@casalinfants","twitter_site":"@casalinfants","twitter_misc":{"Escrito por":"julia","Tiempo de lectura":"5 minutos"},"schema":{"@context":"https:\/\/schema.org","@graph":[{"@type":"Article","@id":"https:\/\/www.casaldelsinfants.org\/es\/actualidad\/estrenorassifaescena2025\/#article","isPartOf":{"@id":"https:\/\/www.casaldelsinfants.org\/es\/actualidad\/estrenorassifaescena2025\/"},"author":{"name":"julia","@id":"https:\/\/www.casaldelsinfants.org\/es\/#\/schema\/person\/e870791b50f03fd60f872e1cd83910fc"},"headline":"\u2018Nosotros, no los otros&#8217;: juventud migrada sube al escenario para protagonizar su relato","datePublished":"2025-02-27T11:41:33+00:00","dateModified":"2025-02-27T11:46:45+00:00","mainEntityOfPage":{"@id":"https:\/\/www.casaldelsinfants.org\/es\/actualidad\/estrenorassifaescena2025\/"},"wordCount":761,"commentCount":0,"publisher":{"@id":"https:\/\/www.casaldelsinfants.org\/es\/#organization"},"image":{"@id":"https:\/\/www.casaldelsinfants.org\/es\/actualidad\/estrenorassifaescena2025\/#primaryimage"},"thumbnailUrl":"https:\/\/www.casaldelsinfants.org\/wp-content\/uploads\/DSC00770-scaled.webp","articleSection":["Noticia"],"inLanguage":"es","potentialAction":[{"@type":"CommentAction","name":"Comment","target":["https:\/\/www.casaldelsinfants.org\/es\/actualidad\/estrenorassifaescena2025\/#respond"]}]},{"@type":"WebPage","@id":"https:\/\/www.casaldelsinfants.org\/es\/actualidad\/estrenorassifaescena2025\/","url":"https:\/\/www.casaldelsinfants.org\/es\/actualidad\/estrenorassifaescena2025\/","name":"Estrenamos 'Rassif a escena' en el CCCB - Casal dels Infants","isPartOf":{"@id":"https:\/\/www.casaldelsinfants.org\/es\/#website"},"primaryImageOfPage":{"@id":"https:\/\/www.casaldelsinfants.org\/es\/actualidad\/estrenorassifaescena2025\/#primaryimage"},"image":{"@id":"https:\/\/www.casaldelsinfants.org\/es\/actualidad\/estrenorassifaescena2025\/#primaryimage"},"thumbnailUrl":"https:\/\/www.casaldelsinfants.org\/wp-content\/uploads\/DSC00770-scaled.webp","datePublished":"2025-02-27T11:41:33+00:00","dateModified":"2025-02-27T11:46:45+00:00","description":"Estrenamos 'Nosotros, no los otros', del grupo 'Rassif a escena', representada y creada por j\u00f3venes que han migrado solos, al CCCB.","breadcrumb":{"@id":"https:\/\/www.casaldelsinfants.org\/es\/actualidad\/estrenorassifaescena2025\/#breadcrumb"},"inLanguage":"es","potentialAction":[{"@type":"ReadAction","target":["https:\/\/www.casaldelsinfants.org\/es\/actualidad\/estrenorassifaescena2025\/"]}]},{"@type":"ImageObject","inLanguage":"es","@id":"https:\/\/www.casaldelsinfants.org\/es\/actualidad\/estrenorassifaescena2025\/#primaryimage","url":"https:\/\/www.casaldelsinfants.org\/wp-content\/uploads\/DSC00770-scaled.webp","contentUrl":"https:\/\/www.casaldelsinfants.org\/wp-content\/uploads\/DSC00770-scaled.webp","width":2560,"height":1440,"caption":"Nois i noies damunt d'un escenari en l'estrena de l'obra 'Nosaltres, no els altres'"},{"@type":"BreadcrumbList","@id":"https:\/\/www.casaldelsinfants.org\/es\/actualidad\/estrenorassifaescena2025\/#breadcrumb","itemListElement":[{"@type":"ListItem","position":1,"name":"Inici","item":"https:\/\/www.casaldelsinfants.org\/es\/"},{"@type":"ListItem","position":2,"name":"\u2018Nosotros, no los otros&#8217;: juventud migrada sube al escenario para protagonizar su relato"}]},{"@type":"WebSite","@id":"https:\/\/www.casaldelsinfants.org\/es\/#website","url":"https:\/\/www.casaldelsinfants.org\/es\/","name":"Casal dels Infants","description":"","publisher":{"@id":"https:\/\/www.casaldelsinfants.org\/es\/#organization"},"potentialAction":[{"@type":"SearchAction","target":{"@type":"EntryPoint","urlTemplate":"https:\/\/www.casaldelsinfants.org\/es\/?s={search_term_string}"},"query-input":{"@type":"PropertyValueSpecification","valueRequired":true,"valueName":"search_term_string"}}],"inLanguage":"es"},{"@type":"Organization","@id":"https:\/\/www.casaldelsinfants.org\/es\/#organization","name":"Casal dels Infants","url":"https:\/\/www.casaldelsinfants.org\/es\/","logo":{"@type":"ImageObject","inLanguage":"es","@id":"https:\/\/www.casaldelsinfants.org\/es\/#\/schema\/logo\/image\/","url":"https:\/\/www.casaldelsinfants.org\/wp-content\/uploads\/logo-mail.png","contentUrl":"https:\/\/www.casaldelsinfants.org\/wp-content\/uploads\/logo-mail.png","width":380,"height":158,"caption":"Casal dels Infants"},"image":{"@id":"https:\/\/www.casaldelsinfants.org\/es\/#\/schema\/logo\/image\/"},"sameAs":["https:\/\/www.facebook.com\/casalinfants","https:\/\/x.com\/casalinfants","https:\/\/www.youtube.com\/user\/CasaldelsInfants1","https:\/\/www.instagram.com\/casalinfants\/","https:\/\/www.linkedin.com\/company\/casaldelsinfants?trk=organization-update_share-update_actor-text"]},{"@type":"Person","@id":"https:\/\/www.casaldelsinfants.org\/es\/#\/schema\/person\/e870791b50f03fd60f872e1cd83910fc","name":"julia"}]}},"publishpress_future_action":{"enabled":false,"date":"2026-05-09 10:27:06","action":"change-status","newStatus":"draft","terms":[],"taxonomy":"category","extraData":[]},"publishpress_future_workflow_manual_trigger":{"enabledWorkflows":[]},"_links":{"self":[{"href":"https:\/\/www.casaldelsinfants.org\/es\/wp-json\/wp\/v2\/posts\/34052","targetHints":{"allow":["GET"]}}],"collection":[{"href":"https:\/\/www.casaldelsinfants.org\/es\/wp-json\/wp\/v2\/posts"}],"about":[{"href":"https:\/\/www.casaldelsinfants.org\/es\/wp-json\/wp\/v2\/types\/post"}],"author":[{"embeddable":true,"href":"https:\/\/www.casaldelsinfants.org\/es\/wp-json\/wp\/v2\/users\/9"}],"replies":[{"embeddable":true,"href":"https:\/\/www.casaldelsinfants.org\/es\/wp-json\/wp\/v2\/comments?post=34052"}],"version-history":[{"count":4,"href":"https:\/\/www.casaldelsinfants.org\/es\/wp-json\/wp\/v2\/posts\/34052\/revisions"}],"predecessor-version":[{"id":34059,"href":"https:\/\/www.casaldelsinfants.org\/es\/wp-json\/wp\/v2\/posts\/34052\/revisions\/34059"}],"wp:featuredmedia":[{"embeddable":true,"href":"https:\/\/www.casaldelsinfants.org\/es\/wp-json\/wp\/v2\/media\/34016"}],"wp:attachment":[{"href":"https:\/\/www.casaldelsinfants.org\/es\/wp-json\/wp\/v2\/media?parent=34052"}],"wp:term":[{"taxonomy":"category","embeddable":true,"href":"https:\/\/www.casaldelsinfants.org\/es\/wp-json\/wp\/v2\/categories?post=34052"},{"taxonomy":"post_tag","embeddable":true,"href":"https:\/\/www.casaldelsinfants.org\/es\/wp-json\/wp\/v2\/tags?post=34052"},{"taxonomy":"seus","embeddable":true,"href":"https:\/\/www.casaldelsinfants.org\/es\/wp-json\/wp\/v2\/seus?post=34052"},{"taxonomy":"eixos","embeddable":true,"href":"https:\/\/www.casaldelsinfants.org\/es\/wp-json\/wp\/v2\/eixos?post=34052"}],"curies":[{"name":"wp","href":"https:\/\/api.w.org\/{rel}","templated":true}]}}