{"id":34711,"date":"2025-03-24T16:05:46","date_gmt":"2025-03-24T14:05:46","guid":{"rendered":"https:\/\/www.casaldelsinfants.org\/?p=34711"},"modified":"2025-04-30T17:49:08","modified_gmt":"2025-04-30T15:49:08","slug":"masinfancia","status":"publish","type":"post","link":"https:\/\/www.casaldelsinfants.org\/es\/actualidad\/masinfancia\/","title":{"rendered":"M\u00e1s Infancia: damos apoyo a la peque\u00f1a infancia en el Bes\u00f2s y el Maresme"},"content":{"rendered":"<p><iframe loading=\"lazy\" title=\"El espacio socioeducativo del servicio de M\u00e1s Infancia, en el barrio del Bes\u00f2s y el Maresme\" width=\"1080\" height=\"608\" src=\"https:\/\/www.youtube.com\/embed\/gM3wtVPvGP8?feature=oembed&#038;enablejsapi=1&#038;origin=https:\/\/www.casaldelsinfants.org\"  allow=\"accelerometer; autoplay; clipboard-write; encrypted-media; gyroscope; picture-in-picture; web-share\" referrerpolicy=\"strict-origin-when-cross-origin\" allowfullscreen><\/iframe><\/p>\n<p>&nbsp;<\/p>\n<p><b>M\u00e1s Infancia<\/b><span style=\"font-weight: 400;\"> es un nuevo servicio desde el\u00a0<\/span><span style=\"font-weight: 400;\"><span style=\"text-decoration: underline;\"><a href=\"https:\/\/www.casaldelsinfants.org\/es\/donde-trabajamos\/besos-la-mina\/\" target=\"_blank\" rel=\"noopener\">Casal dels Infants del Bes\u00f2s i La Mina<\/a><\/span>, iniciado el verano de 2024, y que implementamos en el barrio del Bes\u00f2s i el Maresme, en la ciudad de Barcelona. A trav\u00e9s del servicio desarrollamos dos proyectos: <strong>el espacio maternoinfantil por las ma\u00f1anas y el espacio socioeducativo por las tardes<\/strong>. Este \u00faltimo es el <strong>primer servicio de apoyo social y educativo del barrio<\/strong> que acompa\u00f1a a ni\u00f1os y ni\u00f1as de los 3 a los 5 a\u00f1os, y tambi\u00e9n participan ni\u00f1os y ni\u00f1as de los 6 a los 8 a\u00f1os.\u00a0<\/span><\/p>\n<p>El proyecto M\u00e1s Infancia, cofinanciado por la <b>Fundaci\u00f3n \u201cla Caixa\u201d y el Fondo Social Europeo<\/b>, lo implementamos en colaboraci\u00f3n con la <span style=\"text-decoration: underline;\"><a href=\"https:\/\/www.invia.cat\/ca\/\" target=\"_blank\" rel=\"noopener\">Asociaci\u00f3n Invia<\/a><\/span>, y tiene el objetivo de favorecer la integraci\u00f3n social de ni\u00f1os y ni\u00f1as y familias en riesgo de exclusi\u00f3n social.<\/p>\n<p><span style=\"font-weight: 400;\">El servicio se origina de la <strong>necesidad en el barrio de ofrecer espacios de refuerzo educativo, de relaci\u00f3n entre ni\u00f1os y ni\u00f1as y de apoyo social a las familias en la franja de los 3 a los 5 a\u00f1os<\/strong>. Esta falta se detect\u00f3 en la Taula d&#8217;Inf\u00e0ncia del Bes\u00f2s i el Maresme, de la que formamos parte con otras entidades y servicios del territorio. \u00abEs una edad donde este tipo de acompa\u00f1amiento es muy valioso\u00bb, explica Sara Lavi\u00f3s, educadora responsable del servicio M\u00e1s Infancia. \u00abAdem\u00e1s, es una <strong>etapa de la vida de los ni\u00f1os y ni\u00f1as, y de los padres, muy bonita y vulnerable a la vez<\/strong>\u00ab, a\u00f1ade.\u00a0<\/span><\/p>\n<p>&nbsp;<\/p>\n<h1><b>Las tardes en el espacio socioeducativo<\/b><\/h1>\n<p><span style=\"font-weight: 400;\">As\u00ed, el espacio socioeducativo est\u00e1 destinado a ni\u00f1os y ni\u00f1as del segundo ciclo de educaci\u00f3n infantil y del ciclo inicial de educaci\u00f3n primaria -es decir, <strong>de 3 a 8 a\u00f1os<\/strong>&#8211; en situaci\u00f3n de vulnerabilidad social. Al salir de la escuela, estos ni\u00f1os y ni\u00f1as vienen a la escuela Concepci\u00f3 Arenal, que cede los espacios para llevar a cabo el servicio, y pasan la tarde en el Casal.<\/span><\/p>\n<p>Por un lado, el proyecto consiste en garantizar un <strong>espacio seguro<\/strong>, donde los ni\u00f1os y ni\u00f1as pueden aprender a trav\u00e9s del juego y el ocio, relacionarse con otros ni\u00f1os y ni\u00f1as, y trabajar h\u00e1bitos saludables y competencias transversales de esta franja de edad. \u00abMi hijo es muy activo y le gusta mucho jugar. Cuando viene aqu\u00ed, juega, corre, hace de todo, y cuando llega a casa est\u00e1 tranquilo\u00bb, explica Fatima Zohra Chat, madre de Iyad, que tiene 8 a\u00f1os y participa en el M\u00e1s Infancia. \u00ab<strong>Antes, cuando ven\u00eda de la escuela a casa, quer\u00eda hacer muchas cosas y no ten\u00eda donde. Ahora, cuando viene aqu\u00ed, est\u00e1 muy contento<\/strong>\u00ab, a\u00f1ade.<\/p>\n<p>&nbsp;<\/p>\n<p><img decoding=\"async\" class=\" wp-image-34707 aligncenter\" src=\"https:\/\/www.casaldelsinfants.org\/wp-content\/uploads\/P1480242.MP4.00_00_11_26.Imagen-fija002-jpg.webp\" alt=\"Dos infants amb el seu educador repassant com escriure paraules.\" width=\"1188\" height=\"668\" srcset=\"https:\/\/www.casaldelsinfants.org\/wp-content\/uploads\/P1480242.MP4.00_00_11_26.Imagen-fija002-980x551.webp 980w, https:\/\/www.casaldelsinfants.org\/wp-content\/uploads\/P1480242.MP4.00_00_11_26.Imagen-fija002-480x270.webp 480w\" sizes=\"(min-width: 0px) and (max-width: 480px) 480px, (min-width: 481px) and (max-width: 980px) 980px, (min-width: 981px) 1188px, 100vw\" \/><\/p>\n<p>&nbsp;<\/p>\n<p><span style=\"font-weight: 400;\">Por otro lado, <strong>uno de los objetivos del servicio tambi\u00e9n es el \u00e9xito educativo<\/strong>, que en esta franja de edad se traduce en tener espacios donde reforzar lo que aprenden y trabajan a la escuela, sobre todo centrados en aprender a leer y escribir. Alan, de 7 a\u00f1os, que ja lee y escribe en letra de palo, presume de escribir su nombre con letra ligada.\u00a0<\/span><\/p>\n<p>Adem\u00e1s, para las familias de estos ni\u00f1os y ni\u00f1as, el servicio tambi\u00e9n es un <strong>espacio de proximidad<\/strong>. \u00abSomos una muleta m\u00e1s de todo el sistema social\u00bb, como explica Sara. Las educadoras son tambi\u00e9n sus referentes, con quienes encuentran <strong>apoyo social y emocional<\/strong>. \u00abPuedo hablar con Sara y Andrea como si fuesen mis hermanas, son como mi familia. Cuando les pido algo, siempre han estado aqu\u00ed para ayudarme\u00bb, confesa Fatima sobre las educadoras del M\u00e1s Infancia.<\/p>\n<p>&nbsp;<\/p>\n<h1><b>Las ma\u00f1anas en el espacio maternoinfantil<\/b><\/h1>\n<p><b>Fatima tambi\u00e9n participa en el servicio maternoinfantil del M\u00e1s Infancia con su hija <\/b><span style=\"font-weight: 400;\">Inas, de 2 a\u00f1os. \u201cCada lunes y mi\u00e9rcoles antes de ir a dormir, mi hija se va a dormir muy emocionada porque saber que ma\u00f1ana venimos al Casal y se podr\u00e1 ver con otros ni\u00f1os y ni\u00f1as\u00bb, explica con una sonrisa. <\/span><\/p>\n<p>&nbsp;<\/p>\n<p><iframe loading=\"lazy\" title=\"&quot;Podemos hablar, podemos llorar, podemos re\u00edr&quot;\" width=\"1080\" height=\"608\" src=\"https:\/\/www.youtube.com\/embed\/9rfauKAq3d8?feature=oembed&#038;enablejsapi=1&#038;origin=https:\/\/www.casaldelsinfants.org\"  allow=\"accelerometer; autoplay; clipboard-write; encrypted-media; gyroscope; picture-in-picture; web-share\" referrerpolicy=\"strict-origin-when-cross-origin\" allowfullscreen><\/iframe><\/p>\n<p>&nbsp;<\/p>\n<p><span style=\"font-weight: 400;\">El espacio maternoinfantil es un servicio diurno de proximidad, destinado a madres y padres con ni\u00f1os y ni\u00f1as de 0 a 3 a\u00f1os. El objetivo principal es <strong>prevenir e intervenir en las situaciones de riesgo social para reducir las desigualdades educativas que se originan en los primeros a\u00f1os de vida<\/strong>, determinantes en el desarrollo cognitivo y emocional de los ni\u00f1os y ni\u00f1as, as\u00ed como fomentar la promoci\u00f3n social de los ni\u00f1os, ni\u00f1as y familias.\u00a0<\/span><\/p>\n<p>Para los beb\u00e9s y ni\u00f1os y ni\u00f1as, se preparan juegos, peque\u00f1as din\u00e1micas y actividades para estimular los sentidos y el movimiento psicomotor, para relacionarse con otros beb\u00e9s. Para las madres, supone un espacio seguro donde compartir consejos y experiencias sobre la crianza, adquirir nuevos aprendizajes y conocer recursos p\u00fablicos, sociales, sanitarios y educativos que tienen a su alcance. Y, sobre todo, <strong>se refuerza el v\u00ednculo y la confianza entre ellas<\/strong>, ampliando as\u00ed su red de relaciones. \u00abUn lugar donde puedes llorar y re\u00edr\u00bb, resume Fatima.<\/p>\n<p>\u00abEs un espacio donde poder hablar, que nos parece algo muy obvio, pero no lo es tanto. Pueden decir lo que piensan y lo que sienten c\u00f3mo quieren, y d\u00f3nde pueden quejarse. Nos consta que muchas de ellas hablan y quedan para verse fuera del servicio\u00bb, celebra Sara.<\/p>\n<p>&nbsp;<\/p>\n","protected":false},"excerpt":{"rendered":"<p>&nbsp; M\u00e1s Infancia es un nuevo servicio desde el\u00a0Casal dels Infants del Bes\u00f2s i La Mina, iniciado el verano de 2024, y que implementamos en el barrio del Bes\u00f2s i el Maresme, en la ciudad de Barcelona. A trav\u00e9s del servicio desarrollamos dos proyectos: el espacio maternoinfantil por las ma\u00f1anas y el espacio socioeducativo por [&hellip;]<\/p>\n","protected":false},"author":9,"featured_media":0,"comment_status":"open","ping_status":"open","sticky":false,"template":"","format":"standard","meta":{"_acf_changed":false,"_et_pb_use_builder":"","_et_pb_old_content":"","_et_gb_content_width":"","inline_featured_image":false,"footnotes":""},"categories":[125],"tags":[],"seus":[208],"eixos":[107],"class_list":["post-34711","post","type-post","status-publish","format-standard","hentry","category-noticias","seus-el-casal-dels-infants-del-besos-i-la-mina-es","eixos-pequena-infancia"],"acf":[],"yoast_head":"<!-- This site is optimized with the Yoast SEO plugin v27.4 - https:\/\/yoast.com\/product\/yoast-seo-wordpress\/ -->\n<title>M\u00e1s Infancia: apoyo a la peque\u00f1a infancia en Bes\u00f2s y Maresme - Casal dels Infants<\/title>\n<meta name=\"description\" content=\"Con el servicio Mas Infancia, damos apoyo a la peque\u00f1a infancia en el barrio del Bes\u00f2s y el Maresme, en Barcelona.\" \/>\n<meta name=\"robots\" content=\"index, follow, max-snippet:-1, max-image-preview:large, max-video-preview:-1\" \/>\n<link rel=\"canonical\" href=\"https:\/\/www.casaldelsinfants.org\/es\/actualidad\/masinfancia\/\" \/>\n<meta property=\"og:locale\" content=\"es_ES\" \/>\n<meta property=\"og:type\" content=\"article\" \/>\n<meta property=\"og:title\" content=\"M\u00e1s Infancia: apoyo a la peque\u00f1a infancia en Bes\u00f2s y Maresme - Casal dels Infants\" \/>\n<meta property=\"og:description\" content=\"Con el servicio Mas Infancia, damos apoyo a la peque\u00f1a infancia en el barrio del Bes\u00f2s y el Maresme, en Barcelona.\" \/>\n<meta property=\"og:url\" content=\"https:\/\/www.casaldelsinfants.org\/es\/actualidad\/masinfancia\/\" \/>\n<meta property=\"og:site_name\" content=\"Casal dels Infants\" \/>\n<meta property=\"article:publisher\" content=\"https:\/\/www.facebook.com\/casalinfants\" \/>\n<meta property=\"article:published_time\" content=\"2025-03-24T14:05:46+00:00\" \/>\n<meta property=\"article:modified_time\" content=\"2025-04-30T15:49:08+00:00\" \/>\n<meta property=\"og:image\" content=\"https:\/\/www.casaldelsinfants.org\/wp-content\/uploads\/P1480242.MP4.00_00_11_26.Imagen-fija002-jpg.webp\" \/>\n<meta name=\"author\" content=\"julia\" \/>\n<meta name=\"twitter:card\" content=\"summary_large_image\" \/>\n<meta name=\"twitter:creator\" content=\"@casalinfants\" \/>\n<meta name=\"twitter:site\" content=\"@casalinfants\" \/>\n<meta name=\"twitter:label1\" content=\"Escrito por\" \/>\n\t<meta name=\"twitter:data1\" content=\"julia\" \/>\n\t<meta name=\"twitter:label2\" content=\"Tiempo de lectura\" \/>\n\t<meta name=\"twitter:data2\" content=\"5 minutos\" \/>\n<script type=\"application\/ld+json\" class=\"yoast-schema-graph\">{\"@context\":\"https:\\\/\\\/schema.org\",\"@graph\":[{\"@type\":\"Article\",\"@id\":\"https:\\\/\\\/www.casaldelsinfants.org\\\/es\\\/actualidad\\\/masinfancia\\\/#article\",\"isPartOf\":{\"@id\":\"https:\\\/\\\/www.casaldelsinfants.org\\\/es\\\/actualidad\\\/masinfancia\\\/\"},\"author\":{\"name\":\"julia\",\"@id\":\"https:\\\/\\\/www.casaldelsinfants.org\\\/es\\\/#\\\/schema\\\/person\\\/e870791b50f03fd60f872e1cd83910fc\"},\"headline\":\"M\u00e1s Infancia: damos apoyo a la peque\u00f1a infancia en el Bes\u00f2s y el Maresme\",\"datePublished\":\"2025-03-24T14:05:46+00:00\",\"dateModified\":\"2025-04-30T15:49:08+00:00\",\"mainEntityOfPage\":{\"@id\":\"https:\\\/\\\/www.casaldelsinfants.org\\\/es\\\/actualidad\\\/masinfancia\\\/\"},\"wordCount\":953,\"commentCount\":0,\"publisher\":{\"@id\":\"https:\\\/\\\/www.casaldelsinfants.org\\\/es\\\/#organization\"},\"image\":{\"@id\":\"https:\\\/\\\/www.casaldelsinfants.org\\\/es\\\/actualidad\\\/masinfancia\\\/#primaryimage\"},\"thumbnailUrl\":\"https:\\\/\\\/www.casaldelsinfants.org\\\/wp-content\\\/uploads\\\/P1480242.MP4.00_00_11_26.Imagen-fija002-jpg.webp\",\"articleSection\":[\"Noticia\"],\"inLanguage\":\"es\",\"potentialAction\":[{\"@type\":\"CommentAction\",\"name\":\"Comment\",\"target\":[\"https:\\\/\\\/www.casaldelsinfants.org\\\/es\\\/actualidad\\\/masinfancia\\\/#respond\"]}]},{\"@type\":\"WebPage\",\"@id\":\"https:\\\/\\\/www.casaldelsinfants.org\\\/es\\\/actualidad\\\/masinfancia\\\/\",\"url\":\"https:\\\/\\\/www.casaldelsinfants.org\\\/es\\\/actualidad\\\/masinfancia\\\/\",\"name\":\"M\u00e1s Infancia: apoyo a la peque\u00f1a infancia en Bes\u00f2s y Maresme - Casal dels Infants\",\"isPartOf\":{\"@id\":\"https:\\\/\\\/www.casaldelsinfants.org\\\/es\\\/#website\"},\"primaryImageOfPage\":{\"@id\":\"https:\\\/\\\/www.casaldelsinfants.org\\\/es\\\/actualidad\\\/masinfancia\\\/#primaryimage\"},\"image\":{\"@id\":\"https:\\\/\\\/www.casaldelsinfants.org\\\/es\\\/actualidad\\\/masinfancia\\\/#primaryimage\"},\"thumbnailUrl\":\"https:\\\/\\\/www.casaldelsinfants.org\\\/wp-content\\\/uploads\\\/P1480242.MP4.00_00_11_26.Imagen-fija002-jpg.webp\",\"datePublished\":\"2025-03-24T14:05:46+00:00\",\"dateModified\":\"2025-04-30T15:49:08+00:00\",\"description\":\"Con el servicio Mas Infancia, damos apoyo a la peque\u00f1a infancia en el barrio del Bes\u00f2s y el Maresme, en Barcelona.\",\"breadcrumb\":{\"@id\":\"https:\\\/\\\/www.casaldelsinfants.org\\\/es\\\/actualidad\\\/masinfancia\\\/#breadcrumb\"},\"inLanguage\":\"es\",\"potentialAction\":[{\"@type\":\"ReadAction\",\"target\":[\"https:\\\/\\\/www.casaldelsinfants.org\\\/es\\\/actualidad\\\/masinfancia\\\/\"]}]},{\"@type\":\"ImageObject\",\"inLanguage\":\"es\",\"@id\":\"https:\\\/\\\/www.casaldelsinfants.org\\\/es\\\/actualidad\\\/masinfancia\\\/#primaryimage\",\"url\":\"https:\\\/\\\/www.casaldelsinfants.org\\\/wp-content\\\/uploads\\\/P1480242.MP4.00_00_11_26.Imagen-fija002-jpg.webp\",\"contentUrl\":\"https:\\\/\\\/www.casaldelsinfants.org\\\/wp-content\\\/uploads\\\/P1480242.MP4.00_00_11_26.Imagen-fija002-jpg.webp\"},{\"@type\":\"BreadcrumbList\",\"@id\":\"https:\\\/\\\/www.casaldelsinfants.org\\\/es\\\/actualidad\\\/masinfancia\\\/#breadcrumb\",\"itemListElement\":[{\"@type\":\"ListItem\",\"position\":1,\"name\":\"Inici\",\"item\":\"https:\\\/\\\/www.casaldelsinfants.org\\\/es\\\/\"},{\"@type\":\"ListItem\",\"position\":2,\"name\":\"M\u00e1s Infancia: damos apoyo a la peque\u00f1a infancia en el Bes\u00f2s y el Maresme\"}]},{\"@type\":\"WebSite\",\"@id\":\"https:\\\/\\\/www.casaldelsinfants.org\\\/es\\\/#website\",\"url\":\"https:\\\/\\\/www.casaldelsinfants.org\\\/es\\\/\",\"name\":\"Casal dels Infants\",\"description\":\"\",\"publisher\":{\"@id\":\"https:\\\/\\\/www.casaldelsinfants.org\\\/es\\\/#organization\"},\"potentialAction\":[{\"@type\":\"SearchAction\",\"target\":{\"@type\":\"EntryPoint\",\"urlTemplate\":\"https:\\\/\\\/www.casaldelsinfants.org\\\/es\\\/?s={search_term_string}\"},\"query-input\":{\"@type\":\"PropertyValueSpecification\",\"valueRequired\":true,\"valueName\":\"search_term_string\"}}],\"inLanguage\":\"es\"},{\"@type\":\"Organization\",\"@id\":\"https:\\\/\\\/www.casaldelsinfants.org\\\/es\\\/#organization\",\"name\":\"Casal dels Infants\",\"url\":\"https:\\\/\\\/www.casaldelsinfants.org\\\/es\\\/\",\"logo\":{\"@type\":\"ImageObject\",\"inLanguage\":\"es\",\"@id\":\"https:\\\/\\\/www.casaldelsinfants.org\\\/es\\\/#\\\/schema\\\/logo\\\/image\\\/\",\"url\":\"https:\\\/\\\/www.casaldelsinfants.org\\\/wp-content\\\/uploads\\\/logo-mail.png\",\"contentUrl\":\"https:\\\/\\\/www.casaldelsinfants.org\\\/wp-content\\\/uploads\\\/logo-mail.png\",\"width\":380,\"height\":158,\"caption\":\"Casal dels Infants\"},\"image\":{\"@id\":\"https:\\\/\\\/www.casaldelsinfants.org\\\/es\\\/#\\\/schema\\\/logo\\\/image\\\/\"},\"sameAs\":[\"https:\\\/\\\/www.facebook.com\\\/casalinfants\",\"https:\\\/\\\/x.com\\\/casalinfants\",\"https:\\\/\\\/www.youtube.com\\\/user\\\/CasaldelsInfants1\",\"https:\\\/\\\/www.instagram.com\\\/casalinfants\\\/\",\"https:\\\/\\\/www.linkedin.com\\\/company\\\/casaldelsinfants?trk=organization-update_share-update_actor-text\"]},{\"@type\":\"Person\",\"@id\":\"https:\\\/\\\/www.casaldelsinfants.org\\\/es\\\/#\\\/schema\\\/person\\\/e870791b50f03fd60f872e1cd83910fc\",\"name\":\"julia\"}]}<\/script>\n<!-- \/ Yoast SEO plugin. -->","yoast_head_json":{"title":"M\u00e1s Infancia: apoyo a la peque\u00f1a infancia en Bes\u00f2s y Maresme - Casal dels Infants","description":"Con el servicio Mas Infancia, damos apoyo a la peque\u00f1a infancia en el barrio del Bes\u00f2s y el Maresme, en Barcelona.","robots":{"index":"index","follow":"follow","max-snippet":"max-snippet:-1","max-image-preview":"max-image-preview:large","max-video-preview":"max-video-preview:-1"},"canonical":"https:\/\/www.casaldelsinfants.org\/es\/actualidad\/masinfancia\/","og_locale":"es_ES","og_type":"article","og_title":"M\u00e1s Infancia: apoyo a la peque\u00f1a infancia en Bes\u00f2s y Maresme - Casal dels Infants","og_description":"Con el servicio Mas Infancia, damos apoyo a la peque\u00f1a infancia en el barrio del Bes\u00f2s y el Maresme, en Barcelona.","og_url":"https:\/\/www.casaldelsinfants.org\/es\/actualidad\/masinfancia\/","og_site_name":"Casal dels Infants","article_publisher":"https:\/\/www.facebook.com\/casalinfants","article_published_time":"2025-03-24T14:05:46+00:00","article_modified_time":"2025-04-30T15:49:08+00:00","og_image":[{"url":"https:\/\/www.casaldelsinfants.org\/wp-content\/uploads\/P1480242.MP4.00_00_11_26.Imagen-fija002-jpg.webp","type":"","width":"","height":""}],"author":"julia","twitter_card":"summary_large_image","twitter_creator":"@casalinfants","twitter_site":"@casalinfants","twitter_misc":{"Escrito por":"julia","Tiempo de lectura":"5 minutos"},"schema":{"@context":"https:\/\/schema.org","@graph":[{"@type":"Article","@id":"https:\/\/www.casaldelsinfants.org\/es\/actualidad\/masinfancia\/#article","isPartOf":{"@id":"https:\/\/www.casaldelsinfants.org\/es\/actualidad\/masinfancia\/"},"author":{"name":"julia","@id":"https:\/\/www.casaldelsinfants.org\/es\/#\/schema\/person\/e870791b50f03fd60f872e1cd83910fc"},"headline":"M\u00e1s Infancia: damos apoyo a la peque\u00f1a infancia en el Bes\u00f2s y el Maresme","datePublished":"2025-03-24T14:05:46+00:00","dateModified":"2025-04-30T15:49:08+00:00","mainEntityOfPage":{"@id":"https:\/\/www.casaldelsinfants.org\/es\/actualidad\/masinfancia\/"},"wordCount":953,"commentCount":0,"publisher":{"@id":"https:\/\/www.casaldelsinfants.org\/es\/#organization"},"image":{"@id":"https:\/\/www.casaldelsinfants.org\/es\/actualidad\/masinfancia\/#primaryimage"},"thumbnailUrl":"https:\/\/www.casaldelsinfants.org\/wp-content\/uploads\/P1480242.MP4.00_00_11_26.Imagen-fija002-jpg.webp","articleSection":["Noticia"],"inLanguage":"es","potentialAction":[{"@type":"CommentAction","name":"Comment","target":["https:\/\/www.casaldelsinfants.org\/es\/actualidad\/masinfancia\/#respond"]}]},{"@type":"WebPage","@id":"https:\/\/www.casaldelsinfants.org\/es\/actualidad\/masinfancia\/","url":"https:\/\/www.casaldelsinfants.org\/es\/actualidad\/masinfancia\/","name":"M\u00e1s Infancia: apoyo a la peque\u00f1a infancia en Bes\u00f2s y Maresme - Casal dels Infants","isPartOf":{"@id":"https:\/\/www.casaldelsinfants.org\/es\/#website"},"primaryImageOfPage":{"@id":"https:\/\/www.casaldelsinfants.org\/es\/actualidad\/masinfancia\/#primaryimage"},"image":{"@id":"https:\/\/www.casaldelsinfants.org\/es\/actualidad\/masinfancia\/#primaryimage"},"thumbnailUrl":"https:\/\/www.casaldelsinfants.org\/wp-content\/uploads\/P1480242.MP4.00_00_11_26.Imagen-fija002-jpg.webp","datePublished":"2025-03-24T14:05:46+00:00","dateModified":"2025-04-30T15:49:08+00:00","description":"Con el servicio Mas Infancia, damos apoyo a la peque\u00f1a infancia en el barrio del Bes\u00f2s y el Maresme, en Barcelona.","breadcrumb":{"@id":"https:\/\/www.casaldelsinfants.org\/es\/actualidad\/masinfancia\/#breadcrumb"},"inLanguage":"es","potentialAction":[{"@type":"ReadAction","target":["https:\/\/www.casaldelsinfants.org\/es\/actualidad\/masinfancia\/"]}]},{"@type":"ImageObject","inLanguage":"es","@id":"https:\/\/www.casaldelsinfants.org\/es\/actualidad\/masinfancia\/#primaryimage","url":"https:\/\/www.casaldelsinfants.org\/wp-content\/uploads\/P1480242.MP4.00_00_11_26.Imagen-fija002-jpg.webp","contentUrl":"https:\/\/www.casaldelsinfants.org\/wp-content\/uploads\/P1480242.MP4.00_00_11_26.Imagen-fija002-jpg.webp"},{"@type":"BreadcrumbList","@id":"https:\/\/www.casaldelsinfants.org\/es\/actualidad\/masinfancia\/#breadcrumb","itemListElement":[{"@type":"ListItem","position":1,"name":"Inici","item":"https:\/\/www.casaldelsinfants.org\/es\/"},{"@type":"ListItem","position":2,"name":"M\u00e1s Infancia: damos apoyo a la peque\u00f1a infancia en el Bes\u00f2s y el Maresme"}]},{"@type":"WebSite","@id":"https:\/\/www.casaldelsinfants.org\/es\/#website","url":"https:\/\/www.casaldelsinfants.org\/es\/","name":"Casal dels Infants","description":"","publisher":{"@id":"https:\/\/www.casaldelsinfants.org\/es\/#organization"},"potentialAction":[{"@type":"SearchAction","target":{"@type":"EntryPoint","urlTemplate":"https:\/\/www.casaldelsinfants.org\/es\/?s={search_term_string}"},"query-input":{"@type":"PropertyValueSpecification","valueRequired":true,"valueName":"search_term_string"}}],"inLanguage":"es"},{"@type":"Organization","@id":"https:\/\/www.casaldelsinfants.org\/es\/#organization","name":"Casal dels Infants","url":"https:\/\/www.casaldelsinfants.org\/es\/","logo":{"@type":"ImageObject","inLanguage":"es","@id":"https:\/\/www.casaldelsinfants.org\/es\/#\/schema\/logo\/image\/","url":"https:\/\/www.casaldelsinfants.org\/wp-content\/uploads\/logo-mail.png","contentUrl":"https:\/\/www.casaldelsinfants.org\/wp-content\/uploads\/logo-mail.png","width":380,"height":158,"caption":"Casal dels Infants"},"image":{"@id":"https:\/\/www.casaldelsinfants.org\/es\/#\/schema\/logo\/image\/"},"sameAs":["https:\/\/www.facebook.com\/casalinfants","https:\/\/x.com\/casalinfants","https:\/\/www.youtube.com\/user\/CasaldelsInfants1","https:\/\/www.instagram.com\/casalinfants\/","https:\/\/www.linkedin.com\/company\/casaldelsinfants?trk=organization-update_share-update_actor-text"]},{"@type":"Person","@id":"https:\/\/www.casaldelsinfants.org\/es\/#\/schema\/person\/e870791b50f03fd60f872e1cd83910fc","name":"julia"}]}},"publishpress_future_action":{"enabled":false,"date":"2026-05-08 10:13:11","action":"change-status","newStatus":"draft","terms":[],"taxonomy":"category","extraData":[]},"publishpress_future_workflow_manual_trigger":{"enabledWorkflows":[]},"_links":{"self":[{"href":"https:\/\/www.casaldelsinfants.org\/es\/wp-json\/wp\/v2\/posts\/34711","targetHints":{"allow":["GET"]}}],"collection":[{"href":"https:\/\/www.casaldelsinfants.org\/es\/wp-json\/wp\/v2\/posts"}],"about":[{"href":"https:\/\/www.casaldelsinfants.org\/es\/wp-json\/wp\/v2\/types\/post"}],"author":[{"embeddable":true,"href":"https:\/\/www.casaldelsinfants.org\/es\/wp-json\/wp\/v2\/users\/9"}],"replies":[{"embeddable":true,"href":"https:\/\/www.casaldelsinfants.org\/es\/wp-json\/wp\/v2\/comments?post=34711"}],"version-history":[{"count":2,"href":"https:\/\/www.casaldelsinfants.org\/es\/wp-json\/wp\/v2\/posts\/34711\/revisions"}],"predecessor-version":[{"id":35858,"href":"https:\/\/www.casaldelsinfants.org\/es\/wp-json\/wp\/v2\/posts\/34711\/revisions\/35858"}],"wp:attachment":[{"href":"https:\/\/www.casaldelsinfants.org\/es\/wp-json\/wp\/v2\/media?parent=34711"}],"wp:term":[{"taxonomy":"category","embeddable":true,"href":"https:\/\/www.casaldelsinfants.org\/es\/wp-json\/wp\/v2\/categories?post=34711"},{"taxonomy":"post_tag","embeddable":true,"href":"https:\/\/www.casaldelsinfants.org\/es\/wp-json\/wp\/v2\/tags?post=34711"},{"taxonomy":"seus","embeddable":true,"href":"https:\/\/www.casaldelsinfants.org\/es\/wp-json\/wp\/v2\/seus?post=34711"},{"taxonomy":"eixos","embeddable":true,"href":"https:\/\/www.casaldelsinfants.org\/es\/wp-json\/wp\/v2\/eixos?post=34711"}],"curies":[{"name":"wp","href":"https:\/\/api.w.org\/{rel}","templated":true}]}}