{"id":36393,"date":"2025-05-15T15:09:55","date_gmt":"2025-05-15T13:09:55","guid":{"rendered":"https:\/\/www.casaldelsinfants.org\/?p=36393"},"modified":"2025-05-15T15:09:55","modified_gmt":"2025-05-15T13:09:55","slug":"casal-riu-c","status":"publish","type":"post","link":"https:\/\/www.casaldelsinfants.org\/es\/actualidad\/casal-riu-c\/","title":{"rendered":"Ampliamos nuestra actividad en Santa Coloma de Gramenet, con el nuevo servicio Casal Riu"},"content":{"rendered":"<p><iframe loading=\"lazy\" title=\"Casal Riu, un nuevo servicio en el Casal dels Infants de Santa Coloma\" width=\"1080\" height=\"608\" src=\"https:\/\/www.youtube.com\/embed\/1l65n7kiQoQ?feature=oembed&#038;enablejsapi=1&#038;origin=https:\/\/www.casaldelsinfants.org\"  allow=\"accelerometer; autoplay; clipboard-write; encrypted-media; gyroscope; picture-in-picture; web-share\" referrerpolicy=\"strict-origin-when-cross-origin\" allowfullscreen><\/iframe><\/p>\n<p>&nbsp;<\/p>\n<p><span style=\"font-weight: 400;\">Desde finales del a\u00f1o 2024, en el <\/span><b>Casal dels Infants de Santa Coloma de Gramenet<\/b><span style=\"font-weight: 400;\"> desarrollamos el <strong>nuevo servicio Casal Riu<\/strong>, un centro abierto para dar atenci\u00f3n y acompa\u00f1amiento educativo a ni\u00f1os y adolescentes y sus familias en el barrio del Raval. <\/span><\/p>\n<p><span style=\"text-decoration: underline;\"><a href=\"https:\/\/www.social.cat\/noticia\/21304\/fundador-multimilionari-germina-tanca-centres-fundacio-catalunya-deixa-infants\" target=\"_blank\" rel=\"noopener\">A ra\u00edz del cierre de la Fundaci\u00f3n Germina en Santa Coloma y Badalona<\/a><\/span>, el Casal y el Centre Obert Rialles asumieron la continuidad de la intervenci\u00f3n para estos ni\u00f1os, ni\u00f1as y familias, para <strong>garantizarles un espacio de apoyo al estudio, de ocio educativo y de prevenci\u00f3n<\/strong> y detecci\u00f3n de situaciones de riesgo, como hab\u00edan tenido antes. <strong>Casal Riu atiende actualmente 60 participantes<\/strong>, unos 30 ni\u00f1os y ni\u00f1as de entre 6 y 12 a\u00f1os, y 30 adolescentes de entre 12 y 16-18 a\u00f1os.<\/p>\n<p>\u00abCada tarde de lunes a viernes, hacemos diferentes tipos de actividades: actividades l\u00fadicas, de refuerzo escolar, de h\u00e1bitos de higiene, educaci\u00f3n emocional\u00bb, explica Marta Tejada, responsable del <span style=\"font-weight: 400;\">Casal dels Infants de Santa Coloma. \u00ab<strong>El objetivo es continuar el trabajo que hacen las escuelas<\/strong>, pero de manera m\u00e1s l\u00fadica\u00bb, a\u00f1ade.\u00a0<\/span><\/p>\n<p>&nbsp;<\/p>\n<h2><b>Refuerzo escolar para la igualdad de oportunidades<\/b><\/h2>\n<p><iframe loading=\"lazy\" title=\"&quot;El Casal me ha ayudado mucho en casa, en la escuela y con los amigos&quot;\" width=\"1080\" height=\"608\" src=\"https:\/\/www.youtube.com\/embed\/FAwaeFFRcB8?feature=oembed&#038;enablejsapi=1&#038;origin=https:\/\/www.casaldelsinfants.org\"  allow=\"accelerometer; autoplay; clipboard-write; encrypted-media; gyroscope; picture-in-picture; web-share\" referrerpolicy=\"strict-origin-when-cross-origin\" allowfullscreen><\/iframe><\/p>\n<p>&nbsp;<\/p>\n<p><span style=\"font-weight: 400;\">As\u00ed, al salir de la escuela y del instituto, ni\u00f1os, ni\u00f1as y adolescentes vienen al Casal para pasar la tarde, <strong>siempre con el acompa\u00f1amiento del equipo educativo<\/strong> y sus referentes. \u00abLas educadoras son muy majas, muy buenas personas, nos escuchan y nos hacen caso\u00bb, explica Fatima, de 10 a\u00f1os, participante del Casal Riu.<\/span><\/p>\n<p><span style=\"font-weight: 400;\">Tambi\u00e9n cuentan con el equipo educativo en los <strong>espacios de refuerzo escolar<\/strong>, que en muchas ocasiones, por falta de un espacio de estudio \u00f3ptimo, falta de tiempo o barreras idiom\u00e1ticas por parte de los padres, no pueden llevar a cabo en buenas condiciones en su casa.\u00a0<\/span><\/p>\n<p>&nbsp;<\/p>\n<p><img decoding=\"async\" class=\" wp-image-36388 aligncenter\" src=\"https:\/\/www.casaldelsinfants.org\/wp-content\/uploads\/1470631-scaled.webp\" alt=\"Espai de suport a l'estudi al Casal Riu\" width=\"1323\" height=\"745\" srcset=\"https:\/\/www.casaldelsinfants.org\/wp-content\/uploads\/1470631-scaled.webp 1323w, https:\/\/www.casaldelsinfants.org\/wp-content\/uploads\/1470631-1280x721.webp 1280w, https:\/\/www.casaldelsinfants.org\/wp-content\/uploads\/1470631-980x552.webp 980w, https:\/\/www.casaldelsinfants.org\/wp-content\/uploads\/1470631-480x270.webp 480w\" sizes=\"(min-width: 0px) and (max-width: 480px) 480px, (min-width: 481px) and (max-width: 980px) 980px, (min-width: 981px) and (max-width: 1280px) 1280px, (min-width: 1281px) 1323px, 100vw\" \/><\/p>\n<p>&nbsp;<\/p>\n<p><b>Wiam<\/b><span style=\"font-weight: 400;\"> tiene 14 a\u00f1os, va al instituto y es participante del Casal Riu desde hace pocos meses. Con estos meses, pero, ya ha notado el cambio de tener un espacio de apoyo al estudio. \u00abAntes cuando sal\u00eda de la escuela llegaba a casa y no hac\u00eda los deberes. <strong>Desde que vengo aqu\u00ed, he empezado a hacer todos los deberes, y con la ayuda de los educadores me est\u00e1 yendo muy bien en la escuela<\/strong>\u00ab, explica.\u00a0<\/span><\/p>\n<p>Wiam nota una <strong>mejora en sus notas y<\/strong>, tambi\u00e9n, <strong>en su actitud<\/strong>, tanto en la escuela como en casa. \u00abEstoy aprendiendo a comportarme con los profesores, los educadores me recuerdan que tengo que estas m\u00e1s pendiente de m\u00ed que de lo que hacen mis compa\u00f1eros de clase, y me aconsejan como ayudar a mi madre y como hablar con mis hermanos\u00bb, apunta.<\/p>\n<p>A parte del refuerzo escolar y acad\u00e9mico, la actividad del centro abierto tambi\u00e9n contribuye al desarrollo de competencias y habilidades, facilita herramientas para la gesti\u00f3n de las emociones y el establecimiento de v\u00ednculos. <strong>Es un espacio para relacionarse con gente de la misma edad<\/strong>, como Wiam, que explica que est\u00e1 acostumbrada a quedar con chicos y chicas mayores que ella. \u00abEstoy aprendiendo a estar y socializar con gente de mi edad, de 14 y 15 a\u00f1os\u00bb, admite.<\/p>\n<p>&nbsp;<\/p>\n<h2><b>La implicaci\u00f3n de las familias\u00a0<\/b><\/h2>\n<p><span style=\"font-weight: 400;\">Otro de los pilares de la actividad del servicio es la <strong>implicaci\u00f3n de las familias<\/strong>. Los educadores y educadoras tambi\u00e9n son sus referentes, con quien hacen un seguimiento de cada familia, con acompa\u00f1amiento social y emocional. Adem\u00e1s, su implicaci\u00f3n en las actividades educativas de sus hijos e hijas es clave para el \u00e9xito escolar y el desarrollo de los ni\u00f1os y ni\u00f1as, les hace part\u00edcipes de su evoluci\u00f3n y crecimiento, y genera un ambiente de aprendizaje positivo que se traslada tambi\u00e9n a casa.\u00a0<\/span><\/p>\n<p>As\u00ed, las familias son invitadas a participar en las actividades del Casal una tarde a la semana con los ni\u00f1os y ni\u00f1as, y cada dos semanas en el caso de los adolescentes.<\/p>\n<p>\u00ab<strong>Apostamos por este trabajo con las familias para que puedan participar en un espacio compartido con sus hijos e hijas<\/strong>\u00ab, afirma Tejada. Este espacio les permite compartir una tarde amena en un ambiente tranquilo, relajado y divertido, y ayuda a reforzar el v\u00ednculo entre madres, padres, hijos e hijas y entre las familias del mismo barrio.<\/p>\n<p><span style=\"font-weight: 400;\">\u201c<\/span><b>Apostem per aquest treball amb les fam\u00edlies perqu\u00e8 puguin participar d\u2019un espai compartit amb els seus fills i filles<\/b><span style=\"font-weight: 400;\">\u201d, afirma Tejada. Aquest espai els permet compartir una tarda amena en un ambient tranquil, relaxat i divertit, i ajuda a refor\u00e7ar el vincle entre mares, pares, fills i filles i entre les fam\u00edlies del mateix barri.<\/span><\/p>\n","protected":false},"excerpt":{"rendered":"<p>&nbsp; Desde finales del a\u00f1o 2024, en el Casal dels Infants de Santa Coloma de Gramenet desarrollamos el nuevo servicio Casal Riu, un centro abierto para dar atenci\u00f3n y acompa\u00f1amiento educativo a ni\u00f1os y adolescentes y sus familias en el barrio del Raval. A ra\u00edz del cierre de la Fundaci\u00f3n Germina en Santa Coloma y [&hellip;]<\/p>\n","protected":false},"author":9,"featured_media":0,"comment_status":"open","ping_status":"open","sticky":false,"template":"","format":"standard","meta":{"_acf_changed":false,"_et_pb_use_builder":"","_et_pb_old_content":"","_et_gb_content_width":"","inline_featured_image":false,"footnotes":""},"categories":[125],"tags":[],"seus":[160],"eixos":[205],"class_list":["post-36393","post","type-post","status-publish","format-standard","hentry","category-noticias","seus-santa-coloma-de-gramenet","eixos-infancia-y-adolescencia-es"],"acf":[],"yoast_head":"<!-- This site is optimized with the Yoast SEO plugin v27.4 - https:\/\/yoast.com\/product\/yoast-seo-wordpress\/ -->\n<title>Casal Riu, nuevo servicio del Casal dels Infants de Santa Coloma - Casal dels Infants<\/title>\n<meta name=\"description\" content=\"Al Casal dels Infants de Santa Coloma de Gramenet desarrollamos el nuevo servicio Casal Riu para ni\u00f1os, ni\u00f1as, adolescentes y sus familias.\" \/>\n<meta name=\"robots\" content=\"index, follow, max-snippet:-1, max-image-preview:large, max-video-preview:-1\" \/>\n<link rel=\"canonical\" href=\"https:\/\/www.casaldelsinfants.org\/es\/actualidad\/casal-riu-c\/\" \/>\n<meta property=\"og:locale\" content=\"es_ES\" \/>\n<meta property=\"og:type\" content=\"article\" \/>\n<meta property=\"og:title\" content=\"Casal Riu, nuevo servicio del Casal dels Infants de Santa Coloma - Casal dels Infants\" \/>\n<meta property=\"og:description\" content=\"Al Casal dels Infants de Santa Coloma de Gramenet desarrollamos el nuevo servicio Casal Riu para ni\u00f1os, ni\u00f1as, adolescentes y sus familias.\" \/>\n<meta property=\"og:url\" content=\"https:\/\/www.casaldelsinfants.org\/es\/actualidad\/casal-riu-c\/\" \/>\n<meta property=\"og:site_name\" content=\"Casal dels Infants\" \/>\n<meta property=\"article:publisher\" content=\"https:\/\/www.facebook.com\/casalinfants\" \/>\n<meta property=\"article:published_time\" content=\"2025-05-15T13:09:55+00:00\" \/>\n<meta property=\"og:image\" content=\"https:\/\/www.casaldelsinfants.org\/wp-content\/uploads\/1470631-scaled.webp\" \/>\n<meta name=\"author\" content=\"julia\" \/>\n<meta name=\"twitter:card\" content=\"summary_large_image\" \/>\n<meta name=\"twitter:creator\" content=\"@casalinfants\" \/>\n<meta name=\"twitter:site\" content=\"@casalinfants\" \/>\n<meta name=\"twitter:label1\" content=\"Escrito por\" \/>\n\t<meta name=\"twitter:data1\" content=\"julia\" \/>\n\t<meta name=\"twitter:label2\" content=\"Tiempo de lectura\" \/>\n\t<meta name=\"twitter:data2\" content=\"5 minutos\" \/>\n<script type=\"application\/ld+json\" class=\"yoast-schema-graph\">{\"@context\":\"https:\\\/\\\/schema.org\",\"@graph\":[{\"@type\":\"Article\",\"@id\":\"https:\\\/\\\/www.casaldelsinfants.org\\\/es\\\/actualidad\\\/casal-riu-c\\\/#article\",\"isPartOf\":{\"@id\":\"https:\\\/\\\/www.casaldelsinfants.org\\\/es\\\/actualidad\\\/casal-riu-c\\\/\"},\"author\":{\"name\":\"julia\",\"@id\":\"https:\\\/\\\/www.casaldelsinfants.org\\\/es\\\/#\\\/schema\\\/person\\\/e870791b50f03fd60f872e1cd83910fc\"},\"headline\":\"Ampliamos nuestra actividad en Santa Coloma de Gramenet, con el nuevo servicio Casal Riu\",\"datePublished\":\"2025-05-15T13:09:55+00:00\",\"mainEntityOfPage\":{\"@id\":\"https:\\\/\\\/www.casaldelsinfants.org\\\/es\\\/actualidad\\\/casal-riu-c\\\/\"},\"wordCount\":804,\"commentCount\":0,\"publisher\":{\"@id\":\"https:\\\/\\\/www.casaldelsinfants.org\\\/es\\\/#organization\"},\"image\":{\"@id\":\"https:\\\/\\\/www.casaldelsinfants.org\\\/es\\\/actualidad\\\/casal-riu-c\\\/#primaryimage\"},\"thumbnailUrl\":\"https:\\\/\\\/www.casaldelsinfants.org\\\/wp-content\\\/uploads\\\/1470631-scaled.webp\",\"articleSection\":[\"Noticia\"],\"inLanguage\":\"es\",\"potentialAction\":[{\"@type\":\"CommentAction\",\"name\":\"Comment\",\"target\":[\"https:\\\/\\\/www.casaldelsinfants.org\\\/es\\\/actualidad\\\/casal-riu-c\\\/#respond\"]}]},{\"@type\":\"WebPage\",\"@id\":\"https:\\\/\\\/www.casaldelsinfants.org\\\/es\\\/actualidad\\\/casal-riu-c\\\/\",\"url\":\"https:\\\/\\\/www.casaldelsinfants.org\\\/es\\\/actualidad\\\/casal-riu-c\\\/\",\"name\":\"Casal Riu, nuevo servicio del Casal dels Infants de Santa Coloma - Casal dels Infants\",\"isPartOf\":{\"@id\":\"https:\\\/\\\/www.casaldelsinfants.org\\\/es\\\/#website\"},\"primaryImageOfPage\":{\"@id\":\"https:\\\/\\\/www.casaldelsinfants.org\\\/es\\\/actualidad\\\/casal-riu-c\\\/#primaryimage\"},\"image\":{\"@id\":\"https:\\\/\\\/www.casaldelsinfants.org\\\/es\\\/actualidad\\\/casal-riu-c\\\/#primaryimage\"},\"thumbnailUrl\":\"https:\\\/\\\/www.casaldelsinfants.org\\\/wp-content\\\/uploads\\\/1470631-scaled.webp\",\"datePublished\":\"2025-05-15T13:09:55+00:00\",\"description\":\"Al Casal dels Infants de Santa Coloma de Gramenet desarrollamos el nuevo servicio Casal Riu para ni\u00f1os, ni\u00f1as, adolescentes y sus familias.\",\"breadcrumb\":{\"@id\":\"https:\\\/\\\/www.casaldelsinfants.org\\\/es\\\/actualidad\\\/casal-riu-c\\\/#breadcrumb\"},\"inLanguage\":\"es\",\"potentialAction\":[{\"@type\":\"ReadAction\",\"target\":[\"https:\\\/\\\/www.casaldelsinfants.org\\\/es\\\/actualidad\\\/casal-riu-c\\\/\"]}]},{\"@type\":\"ImageObject\",\"inLanguage\":\"es\",\"@id\":\"https:\\\/\\\/www.casaldelsinfants.org\\\/es\\\/actualidad\\\/casal-riu-c\\\/#primaryimage\",\"url\":\"https:\\\/\\\/www.casaldelsinfants.org\\\/wp-content\\\/uploads\\\/1470631-scaled.webp\",\"contentUrl\":\"https:\\\/\\\/www.casaldelsinfants.org\\\/wp-content\\\/uploads\\\/1470631-scaled.webp\"},{\"@type\":\"BreadcrumbList\",\"@id\":\"https:\\\/\\\/www.casaldelsinfants.org\\\/es\\\/actualidad\\\/casal-riu-c\\\/#breadcrumb\",\"itemListElement\":[{\"@type\":\"ListItem\",\"position\":1,\"name\":\"Inici\",\"item\":\"https:\\\/\\\/www.casaldelsinfants.org\\\/es\\\/\"},{\"@type\":\"ListItem\",\"position\":2,\"name\":\"Ampliamos nuestra actividad en Santa Coloma de Gramenet, con el nuevo servicio Casal Riu\"}]},{\"@type\":\"WebSite\",\"@id\":\"https:\\\/\\\/www.casaldelsinfants.org\\\/es\\\/#website\",\"url\":\"https:\\\/\\\/www.casaldelsinfants.org\\\/es\\\/\",\"name\":\"Casal dels Infants\",\"description\":\"\",\"publisher\":{\"@id\":\"https:\\\/\\\/www.casaldelsinfants.org\\\/es\\\/#organization\"},\"potentialAction\":[{\"@type\":\"SearchAction\",\"target\":{\"@type\":\"EntryPoint\",\"urlTemplate\":\"https:\\\/\\\/www.casaldelsinfants.org\\\/es\\\/?s={search_term_string}\"},\"query-input\":{\"@type\":\"PropertyValueSpecification\",\"valueRequired\":true,\"valueName\":\"search_term_string\"}}],\"inLanguage\":\"es\"},{\"@type\":\"Organization\",\"@id\":\"https:\\\/\\\/www.casaldelsinfants.org\\\/es\\\/#organization\",\"name\":\"Casal dels Infants\",\"url\":\"https:\\\/\\\/www.casaldelsinfants.org\\\/es\\\/\",\"logo\":{\"@type\":\"ImageObject\",\"inLanguage\":\"es\",\"@id\":\"https:\\\/\\\/www.casaldelsinfants.org\\\/es\\\/#\\\/schema\\\/logo\\\/image\\\/\",\"url\":\"https:\\\/\\\/www.casaldelsinfants.org\\\/wp-content\\\/uploads\\\/logo-mail.png\",\"contentUrl\":\"https:\\\/\\\/www.casaldelsinfants.org\\\/wp-content\\\/uploads\\\/logo-mail.png\",\"width\":380,\"height\":158,\"caption\":\"Casal dels Infants\"},\"image\":{\"@id\":\"https:\\\/\\\/www.casaldelsinfants.org\\\/es\\\/#\\\/schema\\\/logo\\\/image\\\/\"},\"sameAs\":[\"https:\\\/\\\/www.facebook.com\\\/casalinfants\",\"https:\\\/\\\/x.com\\\/casalinfants\",\"https:\\\/\\\/www.youtube.com\\\/user\\\/CasaldelsInfants1\",\"https:\\\/\\\/www.instagram.com\\\/casalinfants\\\/\",\"https:\\\/\\\/www.linkedin.com\\\/company\\\/casaldelsinfants?trk=organization-update_share-update_actor-text\"]},{\"@type\":\"Person\",\"@id\":\"https:\\\/\\\/www.casaldelsinfants.org\\\/es\\\/#\\\/schema\\\/person\\\/e870791b50f03fd60f872e1cd83910fc\",\"name\":\"julia\"}]}<\/script>\n<!-- \/ Yoast SEO plugin. -->","yoast_head_json":{"title":"Casal Riu, nuevo servicio del Casal dels Infants de Santa Coloma - Casal dels Infants","description":"Al Casal dels Infants de Santa Coloma de Gramenet desarrollamos el nuevo servicio Casal Riu para ni\u00f1os, ni\u00f1as, adolescentes y sus familias.","robots":{"index":"index","follow":"follow","max-snippet":"max-snippet:-1","max-image-preview":"max-image-preview:large","max-video-preview":"max-video-preview:-1"},"canonical":"https:\/\/www.casaldelsinfants.org\/es\/actualidad\/casal-riu-c\/","og_locale":"es_ES","og_type":"article","og_title":"Casal Riu, nuevo servicio del Casal dels Infants de Santa Coloma - Casal dels Infants","og_description":"Al Casal dels Infants de Santa Coloma de Gramenet desarrollamos el nuevo servicio Casal Riu para ni\u00f1os, ni\u00f1as, adolescentes y sus familias.","og_url":"https:\/\/www.casaldelsinfants.org\/es\/actualidad\/casal-riu-c\/","og_site_name":"Casal dels Infants","article_publisher":"https:\/\/www.facebook.com\/casalinfants","article_published_time":"2025-05-15T13:09:55+00:00","og_image":[{"url":"https:\/\/www.casaldelsinfants.org\/wp-content\/uploads\/1470631-scaled.webp","type":"","width":"","height":""}],"author":"julia","twitter_card":"summary_large_image","twitter_creator":"@casalinfants","twitter_site":"@casalinfants","twitter_misc":{"Escrito por":"julia","Tiempo de lectura":"5 minutos"},"schema":{"@context":"https:\/\/schema.org","@graph":[{"@type":"Article","@id":"https:\/\/www.casaldelsinfants.org\/es\/actualidad\/casal-riu-c\/#article","isPartOf":{"@id":"https:\/\/www.casaldelsinfants.org\/es\/actualidad\/casal-riu-c\/"},"author":{"name":"julia","@id":"https:\/\/www.casaldelsinfants.org\/es\/#\/schema\/person\/e870791b50f03fd60f872e1cd83910fc"},"headline":"Ampliamos nuestra actividad en Santa Coloma de Gramenet, con el nuevo servicio Casal Riu","datePublished":"2025-05-15T13:09:55+00:00","mainEntityOfPage":{"@id":"https:\/\/www.casaldelsinfants.org\/es\/actualidad\/casal-riu-c\/"},"wordCount":804,"commentCount":0,"publisher":{"@id":"https:\/\/www.casaldelsinfants.org\/es\/#organization"},"image":{"@id":"https:\/\/www.casaldelsinfants.org\/es\/actualidad\/casal-riu-c\/#primaryimage"},"thumbnailUrl":"https:\/\/www.casaldelsinfants.org\/wp-content\/uploads\/1470631-scaled.webp","articleSection":["Noticia"],"inLanguage":"es","potentialAction":[{"@type":"CommentAction","name":"Comment","target":["https:\/\/www.casaldelsinfants.org\/es\/actualidad\/casal-riu-c\/#respond"]}]},{"@type":"WebPage","@id":"https:\/\/www.casaldelsinfants.org\/es\/actualidad\/casal-riu-c\/","url":"https:\/\/www.casaldelsinfants.org\/es\/actualidad\/casal-riu-c\/","name":"Casal Riu, nuevo servicio del Casal dels Infants de Santa Coloma - Casal dels Infants","isPartOf":{"@id":"https:\/\/www.casaldelsinfants.org\/es\/#website"},"primaryImageOfPage":{"@id":"https:\/\/www.casaldelsinfants.org\/es\/actualidad\/casal-riu-c\/#primaryimage"},"image":{"@id":"https:\/\/www.casaldelsinfants.org\/es\/actualidad\/casal-riu-c\/#primaryimage"},"thumbnailUrl":"https:\/\/www.casaldelsinfants.org\/wp-content\/uploads\/1470631-scaled.webp","datePublished":"2025-05-15T13:09:55+00:00","description":"Al Casal dels Infants de Santa Coloma de Gramenet desarrollamos el nuevo servicio Casal Riu para ni\u00f1os, ni\u00f1as, adolescentes y sus familias.","breadcrumb":{"@id":"https:\/\/www.casaldelsinfants.org\/es\/actualidad\/casal-riu-c\/#breadcrumb"},"inLanguage":"es","potentialAction":[{"@type":"ReadAction","target":["https:\/\/www.casaldelsinfants.org\/es\/actualidad\/casal-riu-c\/"]}]},{"@type":"ImageObject","inLanguage":"es","@id":"https:\/\/www.casaldelsinfants.org\/es\/actualidad\/casal-riu-c\/#primaryimage","url":"https:\/\/www.casaldelsinfants.org\/wp-content\/uploads\/1470631-scaled.webp","contentUrl":"https:\/\/www.casaldelsinfants.org\/wp-content\/uploads\/1470631-scaled.webp"},{"@type":"BreadcrumbList","@id":"https:\/\/www.casaldelsinfants.org\/es\/actualidad\/casal-riu-c\/#breadcrumb","itemListElement":[{"@type":"ListItem","position":1,"name":"Inici","item":"https:\/\/www.casaldelsinfants.org\/es\/"},{"@type":"ListItem","position":2,"name":"Ampliamos nuestra actividad en Santa Coloma de Gramenet, con el nuevo servicio Casal Riu"}]},{"@type":"WebSite","@id":"https:\/\/www.casaldelsinfants.org\/es\/#website","url":"https:\/\/www.casaldelsinfants.org\/es\/","name":"Casal dels Infants","description":"","publisher":{"@id":"https:\/\/www.casaldelsinfants.org\/es\/#organization"},"potentialAction":[{"@type":"SearchAction","target":{"@type":"EntryPoint","urlTemplate":"https:\/\/www.casaldelsinfants.org\/es\/?s={search_term_string}"},"query-input":{"@type":"PropertyValueSpecification","valueRequired":true,"valueName":"search_term_string"}}],"inLanguage":"es"},{"@type":"Organization","@id":"https:\/\/www.casaldelsinfants.org\/es\/#organization","name":"Casal dels Infants","url":"https:\/\/www.casaldelsinfants.org\/es\/","logo":{"@type":"ImageObject","inLanguage":"es","@id":"https:\/\/www.casaldelsinfants.org\/es\/#\/schema\/logo\/image\/","url":"https:\/\/www.casaldelsinfants.org\/wp-content\/uploads\/logo-mail.png","contentUrl":"https:\/\/www.casaldelsinfants.org\/wp-content\/uploads\/logo-mail.png","width":380,"height":158,"caption":"Casal dels Infants"},"image":{"@id":"https:\/\/www.casaldelsinfants.org\/es\/#\/schema\/logo\/image\/"},"sameAs":["https:\/\/www.facebook.com\/casalinfants","https:\/\/x.com\/casalinfants","https:\/\/www.youtube.com\/user\/CasaldelsInfants1","https:\/\/www.instagram.com\/casalinfants\/","https:\/\/www.linkedin.com\/company\/casaldelsinfants?trk=organization-update_share-update_actor-text"]},{"@type":"Person","@id":"https:\/\/www.casaldelsinfants.org\/es\/#\/schema\/person\/e870791b50f03fd60f872e1cd83910fc","name":"julia"}]}},"publishpress_future_action":{"enabled":false,"date":"2026-05-08 10:54:16","action":"change-status","newStatus":"draft","terms":[],"taxonomy":"category","extraData":[]},"publishpress_future_workflow_manual_trigger":{"enabledWorkflows":[]},"_links":{"self":[{"href":"https:\/\/www.casaldelsinfants.org\/es\/wp-json\/wp\/v2\/posts\/36393","targetHints":{"allow":["GET"]}}],"collection":[{"href":"https:\/\/www.casaldelsinfants.org\/es\/wp-json\/wp\/v2\/posts"}],"about":[{"href":"https:\/\/www.casaldelsinfants.org\/es\/wp-json\/wp\/v2\/types\/post"}],"author":[{"embeddable":true,"href":"https:\/\/www.casaldelsinfants.org\/es\/wp-json\/wp\/v2\/users\/9"}],"replies":[{"embeddable":true,"href":"https:\/\/www.casaldelsinfants.org\/es\/wp-json\/wp\/v2\/comments?post=36393"}],"version-history":[{"count":1,"href":"https:\/\/www.casaldelsinfants.org\/es\/wp-json\/wp\/v2\/posts\/36393\/revisions"}],"predecessor-version":[{"id":36395,"href":"https:\/\/www.casaldelsinfants.org\/es\/wp-json\/wp\/v2\/posts\/36393\/revisions\/36395"}],"wp:attachment":[{"href":"https:\/\/www.casaldelsinfants.org\/es\/wp-json\/wp\/v2\/media?parent=36393"}],"wp:term":[{"taxonomy":"category","embeddable":true,"href":"https:\/\/www.casaldelsinfants.org\/es\/wp-json\/wp\/v2\/categories?post=36393"},{"taxonomy":"post_tag","embeddable":true,"href":"https:\/\/www.casaldelsinfants.org\/es\/wp-json\/wp\/v2\/tags?post=36393"},{"taxonomy":"seus","embeddable":true,"href":"https:\/\/www.casaldelsinfants.org\/es\/wp-json\/wp\/v2\/seus?post=36393"},{"taxonomy":"eixos","embeddable":true,"href":"https:\/\/www.casaldelsinfants.org\/es\/wp-json\/wp\/v2\/eixos?post=36393"}],"curies":[{"name":"wp","href":"https:\/\/api.w.org\/{rel}","templated":true}]}}