{"id":38544,"date":"2025-07-07T16:04:13","date_gmt":"2025-07-07T14:04:13","guid":{"rendered":"https:\/\/www.casaldelsinfants.org\/?p=38544"},"modified":"2025-07-08T09:31:24","modified_gmt":"2025-07-08T07:31:24","slug":"urra-kids-dublin-cast","status":"publish","type":"post","link":"https:\/\/www.casaldelsinfants.org\/es\/actualidad\/urra-kids-dublin-cast\/","title":{"rendered":"Viajamos a Dubl\u00edn con URRA Kids, proyecto europeo para la participaci\u00f3n juvenil"},"content":{"rendered":"<p><span style=\"font-weight: 400;\">Este junio, parte del <strong>equipo del <span style=\"text-decoration: underline;\"><a href=\"https:\/\/www.casaldelsinfants.org\/es\/donde-trabajamos\/el-raval\/\" target=\"_blank\" rel=\"noopener\">Casal dels Infants del Raval<\/a><\/span> ha viajado a Dubl\u00edn<\/strong>, Irlanda, dentro del marco del <strong>proyecto\u00a0URRA Kids<\/strong>, una iniciativa impulsada por la <span style=\"text-decoration: underline;\"><a href=\"https:\/\/commission.europa.eu\/index_es\" target=\"_blank\" rel=\"noopener\">Comisi\u00f3n Europea<\/a><\/span>. Su objetivo es <strong>fomentar el compromiso c\u00edvico y la participaci\u00f3n de los y las j\u00f3venes de entre 13 y 17 a\u00f1os<\/strong>, en actividades centradas en la regeneraci\u00f3n urbana y la transici\u00f3n ecosocial, y se enfoca en involucrar j\u00f3venes de contextos vulnerables y de origen migrado.\u00a0<\/span><\/p>\n<p>Formamos parte de URRA Kids junto con otras <strong>entidades italianas, irlandesas y catalanas<\/strong>:\u00a0<span style=\"font-weight: 400;\">Esempio Onlus (Palermo), Arciragazzi Palermo (Palermo), Shannara coop (N\u00e1poles), La Paranza (N\u00e1poles), St. Michael\u2019s Parish Youth Project Dublin (Dubl\u00edn), Redial (Dubl\u00edn), y La Xixa (Barcelona).<\/span><\/p>\n<p><span style=\"font-weight: 400;\">Para empoderar la juventud y promover su compromiso c\u00edvico, se propone un itinerario educativo que les de herramientas y habilidades para <strong>convertirse en agentes activos en la creaci\u00f3n de espacios urbanos m\u00e1s sostenibles e inclusivos<\/strong>, con actividades de aprendizaje entre iguales y mapeo de los entornos locales, entre otros.\u00a0<\/span><\/p>\n<p>&nbsp;<\/p>\n<h2><b>Las fases del proyecto<\/b><\/h2>\n<p><span style=\"font-weight: 400;\">La primera fase tuvo lugar en <strong>Barcelona<\/strong> el mes de marzo, con un taller del Teatro del Oprimido dinamizado por La Xixa, para reforzar el aprendizaje socioemocional entre los y las j\u00f3venes y <strong>explorar nuevas maneras de imaginar futuros posibles<\/strong>.\u00a0<\/span><\/p>\n<p>&nbsp;<\/p>\n<p><img decoding=\"async\" class=\" wp-image-38539 aligncenter\" src=\"https:\/\/www.casaldelsinfants.org\/wp-content\/uploads\/DSC00954-scaled.webp\" alt=\"Primera fase d'URRA Kids, a Barcelona.\" width=\"866\" height=\"487\" \/><\/p>\n<p>&nbsp;<\/p>\n<p><span style=\"font-weight: 400;\">La estancia en <strong>Dubl\u00edn <\/strong>de este junio forma parte de la segunda fase del proyecto, donde los y las profesionales educativas del grupo motor aprendieron como implementar el modelo <strong>&#8216;Pocket City&#8217;, un proceso participativo d\u00f3nde los y las adolescentes tienen que construir la ciudad que quieren<\/strong>. \u00abEsta metodolog\u00eda nos abre muchas posibilidades de inspirarnos para poder desarrollar un trabajo m\u00e1s alargado en el tiempo, ya que tiene muchas potencialidades y posibilidades\u00bb, se\u00f1ala Maria Jos\u00e9 Garcia, directora del Casal dels Infants del Raval.\u00a0<\/span><\/p>\n<p>La tercera y cuarta fase van a cargo de las <strong>entidades italianas<\/strong>, que liderar\u00e1n la <strong>cocreaci\u00f3n de un modelo de regeneraci\u00f3n urbana<\/strong> para unas comunidades m\u00e1s verdes e inclusivas, y la campa\u00f1a de sensibilizaci\u00f3n.<\/p>\n<p>&nbsp;<\/p>\n<h2><b>Implementaci\u00f3n en el Casal dels Infants<\/b><\/h2>\n<p><span style=\"font-weight: 400;\">En octubre, se implementar\u00e1n las metodolog\u00edas y las din\u00e1micas de participaci\u00f3n juvenil aprendidas con el <strong>grupo de chicos y chicas del Centro Abierto Adolescente del Raval<\/strong>, dinamizados por La Xixa y el equipo educativo del Casal. En cinco d\u00edas, tendr\u00e1n que trabajar en equipo para crear su ciudad deseada.\u00a0<\/span><\/p>\n<p>Adem\u00e1s, <strong>se formar\u00e1 el resto del equipo educativo<\/strong> del Raval para traspasar estos aprendizajes y que lo puedan aplicar y llevar a la practica con sus grupos de ni\u00f1os, ni\u00f1as y adolescentes.<\/p>\n<p>Para el 2026, se planea una estancia en N\u00e1poles de cinco d\u00edas. Esta vez, tambi\u00e9n viajar\u00e1n un grupo de representantes de los adolescentes del Casal.<\/p>\n<p>&nbsp;<\/p>\n<p><img decoding=\"async\" class=\"alignnone  wp-image-38573\" src=\"https:\/\/www.casaldelsinfants.org\/wp-content\/uploads\/Youth-City-Logo-MAIN-R-W-png.webp\" alt=\"Logo Youth City\" width=\"202\" height=\"78\" \/> \u00a0\u00a0 <img decoding=\"async\" class=\"alignnone  wp-image-38577\" src=\"https:\/\/www.casaldelsinfants.org\/wp-content\/uploads\/EN_Co-fundedbytheEU_RGB_POS-png.webp\" alt=\"Logo Uni\u00f3 Europea\" width=\"345\" height=\"77\" \/><\/p>\n<p>&nbsp;<\/p>\n","protected":false},"excerpt":{"rendered":"<p>Este junio, parte del equipo del Casal dels Infants del Raval ha viajado a Dubl\u00edn, Irlanda, dentro del marco del proyecto\u00a0URRA Kids, una iniciativa impulsada por la Comisi\u00f3n Europea. Su objetivo es fomentar el compromiso c\u00edvico y la participaci\u00f3n de los y las j\u00f3venes de entre 13 y 17 a\u00f1os, en actividades centradas en la [&hellip;]<\/p>\n","protected":false},"author":9,"featured_media":38538,"comment_status":"open","ping_status":"open","sticky":false,"template":"","format":"standard","meta":{"_acf_changed":false,"_et_pb_use_builder":"","_et_pb_old_content":"","_et_gb_content_width":"","inline_featured_image":false,"footnotes":""},"categories":[125],"tags":[],"seus":[157],"eixos":[205],"class_list":["post-38544","post","type-post","status-publish","format-standard","has-post-thumbnail","hentry","category-noticias","seus-el-raval","eixos-infancia-y-adolescencia-es"],"acf":[],"yoast_head":"<!-- This site is optimized with the Yoast SEO plugin v27.4 - https:\/\/yoast.com\/product\/yoast-seo-wordpress\/ -->\n<title>Formamos parte del proyecto europeo URRA Kids - Casal dels Infants<\/title>\n<meta name=\"description\" content=\"Con el Casal dels Infants del Raval, y otras entidades catalanas, italianas y irlandesas, formamos parte del proyecto europeo URRA Kids.\" \/>\n<meta name=\"robots\" content=\"index, follow, max-snippet:-1, max-image-preview:large, max-video-preview:-1\" \/>\n<link rel=\"canonical\" href=\"https:\/\/www.casaldelsinfants.org\/es\/actualidad\/urra-kids-dublin-cast\/\" \/>\n<meta property=\"og:locale\" content=\"es_ES\" \/>\n<meta property=\"og:type\" content=\"article\" \/>\n<meta property=\"og:title\" content=\"Formamos parte del proyecto europeo URRA Kids - Casal dels Infants\" \/>\n<meta property=\"og:description\" content=\"Con el Casal dels Infants del Raval, y otras entidades catalanas, italianas y irlandesas, formamos parte del proyecto europeo URRA Kids.\" \/>\n<meta property=\"og:url\" content=\"https:\/\/www.casaldelsinfants.org\/es\/actualidad\/urra-kids-dublin-cast\/\" \/>\n<meta property=\"og:site_name\" content=\"Casal dels Infants\" \/>\n<meta property=\"article:publisher\" content=\"https:\/\/www.facebook.com\/casalinfants\" \/>\n<meta property=\"article:published_time\" content=\"2025-07-07T14:04:13+00:00\" \/>\n<meta property=\"article:modified_time\" content=\"2025-07-08T07:31:24+00:00\" \/>\n<meta property=\"og:image\" content=\"https:\/\/www.casaldelsinfants.org\/wp-content\/uploads\/ef92b2a9-d0ef-4dd8-8cdb-35f006c2ac0e-scaled.webp\" \/>\n\t<meta property=\"og:image:width\" content=\"2560\" \/>\n\t<meta property=\"og:image:height\" content=\"2048\" \/>\n\t<meta property=\"og:image:type\" content=\"image\/jpeg\" \/>\n<meta name=\"author\" content=\"julia\" \/>\n<meta name=\"twitter:card\" content=\"summary_large_image\" \/>\n<meta name=\"twitter:creator\" content=\"@casalinfants\" \/>\n<meta name=\"twitter:site\" content=\"@casalinfants\" \/>\n<meta name=\"twitter:label1\" content=\"Escrito por\" \/>\n\t<meta name=\"twitter:data1\" content=\"julia\" \/>\n\t<meta name=\"twitter:label2\" content=\"Tiempo de lectura\" \/>\n\t<meta name=\"twitter:data2\" content=\"4 minutos\" \/>\n<script type=\"application\/ld+json\" class=\"yoast-schema-graph\">{\"@context\":\"https:\\\/\\\/schema.org\",\"@graph\":[{\"@type\":\"Article\",\"@id\":\"https:\\\/\\\/www.casaldelsinfants.org\\\/es\\\/actualidad\\\/urra-kids-dublin-cast\\\/#article\",\"isPartOf\":{\"@id\":\"https:\\\/\\\/www.casaldelsinfants.org\\\/es\\\/actualidad\\\/urra-kids-dublin-cast\\\/\"},\"author\":{\"name\":\"julia\",\"@id\":\"https:\\\/\\\/www.casaldelsinfants.org\\\/es\\\/#\\\/schema\\\/person\\\/e870791b50f03fd60f872e1cd83910fc\"},\"headline\":\"Viajamos a Dubl\u00edn con URRA Kids, proyecto europeo para la participaci\u00f3n juvenil\",\"datePublished\":\"2025-07-07T14:04:13+00:00\",\"dateModified\":\"2025-07-08T07:31:24+00:00\",\"mainEntityOfPage\":{\"@id\":\"https:\\\/\\\/www.casaldelsinfants.org\\\/es\\\/actualidad\\\/urra-kids-dublin-cast\\\/\"},\"wordCount\":494,\"commentCount\":0,\"publisher\":{\"@id\":\"https:\\\/\\\/www.casaldelsinfants.org\\\/es\\\/#organization\"},\"image\":{\"@id\":\"https:\\\/\\\/www.casaldelsinfants.org\\\/es\\\/actualidad\\\/urra-kids-dublin-cast\\\/#primaryimage\"},\"thumbnailUrl\":\"https:\\\/\\\/www.casaldelsinfants.org\\\/wp-content\\\/uploads\\\/ef92b2a9-d0ef-4dd8-8cdb-35f006c2ac0e-scaled.webp\",\"articleSection\":[\"Noticia\"],\"inLanguage\":\"es\",\"potentialAction\":[{\"@type\":\"CommentAction\",\"name\":\"Comment\",\"target\":[\"https:\\\/\\\/www.casaldelsinfants.org\\\/es\\\/actualidad\\\/urra-kids-dublin-cast\\\/#respond\"]}]},{\"@type\":\"WebPage\",\"@id\":\"https:\\\/\\\/www.casaldelsinfants.org\\\/es\\\/actualidad\\\/urra-kids-dublin-cast\\\/\",\"url\":\"https:\\\/\\\/www.casaldelsinfants.org\\\/es\\\/actualidad\\\/urra-kids-dublin-cast\\\/\",\"name\":\"Formamos parte del proyecto europeo URRA Kids - Casal dels Infants\",\"isPartOf\":{\"@id\":\"https:\\\/\\\/www.casaldelsinfants.org\\\/es\\\/#website\"},\"primaryImageOfPage\":{\"@id\":\"https:\\\/\\\/www.casaldelsinfants.org\\\/es\\\/actualidad\\\/urra-kids-dublin-cast\\\/#primaryimage\"},\"image\":{\"@id\":\"https:\\\/\\\/www.casaldelsinfants.org\\\/es\\\/actualidad\\\/urra-kids-dublin-cast\\\/#primaryimage\"},\"thumbnailUrl\":\"https:\\\/\\\/www.casaldelsinfants.org\\\/wp-content\\\/uploads\\\/ef92b2a9-d0ef-4dd8-8cdb-35f006c2ac0e-scaled.webp\",\"datePublished\":\"2025-07-07T14:04:13+00:00\",\"dateModified\":\"2025-07-08T07:31:24+00:00\",\"description\":\"Con el Casal dels Infants del Raval, y otras entidades catalanas, italianas y irlandesas, formamos parte del proyecto europeo URRA Kids.\",\"breadcrumb\":{\"@id\":\"https:\\\/\\\/www.casaldelsinfants.org\\\/es\\\/actualidad\\\/urra-kids-dublin-cast\\\/#breadcrumb\"},\"inLanguage\":\"es\",\"potentialAction\":[{\"@type\":\"ReadAction\",\"target\":[\"https:\\\/\\\/www.casaldelsinfants.org\\\/es\\\/actualidad\\\/urra-kids-dublin-cast\\\/\"]}]},{\"@type\":\"ImageObject\",\"inLanguage\":\"es\",\"@id\":\"https:\\\/\\\/www.casaldelsinfants.org\\\/es\\\/actualidad\\\/urra-kids-dublin-cast\\\/#primaryimage\",\"url\":\"https:\\\/\\\/www.casaldelsinfants.org\\\/wp-content\\\/uploads\\\/ef92b2a9-d0ef-4dd8-8cdb-35f006c2ac0e-scaled.webp\",\"contentUrl\":\"https:\\\/\\\/www.casaldelsinfants.org\\\/wp-content\\\/uploads\\\/ef92b2a9-d0ef-4dd8-8cdb-35f006c2ac0e-scaled.webp\",\"width\":2560,\"height\":2048,\"caption\":\"Equip motor d'URRA Kids.\"},{\"@type\":\"BreadcrumbList\",\"@id\":\"https:\\\/\\\/www.casaldelsinfants.org\\\/es\\\/actualidad\\\/urra-kids-dublin-cast\\\/#breadcrumb\",\"itemListElement\":[{\"@type\":\"ListItem\",\"position\":1,\"name\":\"Inici\",\"item\":\"https:\\\/\\\/www.casaldelsinfants.org\\\/es\\\/\"},{\"@type\":\"ListItem\",\"position\":2,\"name\":\"Viajamos a Dubl\u00edn con URRA Kids, proyecto europeo para la participaci\u00f3n juvenil\"}]},{\"@type\":\"WebSite\",\"@id\":\"https:\\\/\\\/www.casaldelsinfants.org\\\/es\\\/#website\",\"url\":\"https:\\\/\\\/www.casaldelsinfants.org\\\/es\\\/\",\"name\":\"Casal dels Infants\",\"description\":\"\",\"publisher\":{\"@id\":\"https:\\\/\\\/www.casaldelsinfants.org\\\/es\\\/#organization\"},\"potentialAction\":[{\"@type\":\"SearchAction\",\"target\":{\"@type\":\"EntryPoint\",\"urlTemplate\":\"https:\\\/\\\/www.casaldelsinfants.org\\\/es\\\/?s={search_term_string}\"},\"query-input\":{\"@type\":\"PropertyValueSpecification\",\"valueRequired\":true,\"valueName\":\"search_term_string\"}}],\"inLanguage\":\"es\"},{\"@type\":\"Organization\",\"@id\":\"https:\\\/\\\/www.casaldelsinfants.org\\\/es\\\/#organization\",\"name\":\"Casal dels Infants\",\"url\":\"https:\\\/\\\/www.casaldelsinfants.org\\\/es\\\/\",\"logo\":{\"@type\":\"ImageObject\",\"inLanguage\":\"es\",\"@id\":\"https:\\\/\\\/www.casaldelsinfants.org\\\/es\\\/#\\\/schema\\\/logo\\\/image\\\/\",\"url\":\"https:\\\/\\\/www.casaldelsinfants.org\\\/wp-content\\\/uploads\\\/logo-mail.png\",\"contentUrl\":\"https:\\\/\\\/www.casaldelsinfants.org\\\/wp-content\\\/uploads\\\/logo-mail.png\",\"width\":380,\"height\":158,\"caption\":\"Casal dels Infants\"},\"image\":{\"@id\":\"https:\\\/\\\/www.casaldelsinfants.org\\\/es\\\/#\\\/schema\\\/logo\\\/image\\\/\"},\"sameAs\":[\"https:\\\/\\\/www.facebook.com\\\/casalinfants\",\"https:\\\/\\\/x.com\\\/casalinfants\",\"https:\\\/\\\/www.youtube.com\\\/user\\\/CasaldelsInfants1\",\"https:\\\/\\\/www.instagram.com\\\/casalinfants\\\/\",\"https:\\\/\\\/www.linkedin.com\\\/company\\\/casaldelsinfants?trk=organization-update_share-update_actor-text\"]},{\"@type\":\"Person\",\"@id\":\"https:\\\/\\\/www.casaldelsinfants.org\\\/es\\\/#\\\/schema\\\/person\\\/e870791b50f03fd60f872e1cd83910fc\",\"name\":\"julia\"}]}<\/script>\n<!-- \/ Yoast SEO plugin. -->","yoast_head_json":{"title":"Formamos parte del proyecto europeo URRA Kids - Casal dels Infants","description":"Con el Casal dels Infants del Raval, y otras entidades catalanas, italianas y irlandesas, formamos parte del proyecto europeo URRA Kids.","robots":{"index":"index","follow":"follow","max-snippet":"max-snippet:-1","max-image-preview":"max-image-preview:large","max-video-preview":"max-video-preview:-1"},"canonical":"https:\/\/www.casaldelsinfants.org\/es\/actualidad\/urra-kids-dublin-cast\/","og_locale":"es_ES","og_type":"article","og_title":"Formamos parte del proyecto europeo URRA Kids - Casal dels Infants","og_description":"Con el Casal dels Infants del Raval, y otras entidades catalanas, italianas y irlandesas, formamos parte del proyecto europeo URRA Kids.","og_url":"https:\/\/www.casaldelsinfants.org\/es\/actualidad\/urra-kids-dublin-cast\/","og_site_name":"Casal dels Infants","article_publisher":"https:\/\/www.facebook.com\/casalinfants","article_published_time":"2025-07-07T14:04:13+00:00","article_modified_time":"2025-07-08T07:31:24+00:00","og_image":[{"width":2560,"height":2048,"url":"https:\/\/www.casaldelsinfants.org\/wp-content\/uploads\/ef92b2a9-d0ef-4dd8-8cdb-35f006c2ac0e-scaled.webp","type":"image\/jpeg"}],"author":"julia","twitter_card":"summary_large_image","twitter_creator":"@casalinfants","twitter_site":"@casalinfants","twitter_misc":{"Escrito por":"julia","Tiempo de lectura":"4 minutos"},"schema":{"@context":"https:\/\/schema.org","@graph":[{"@type":"Article","@id":"https:\/\/www.casaldelsinfants.org\/es\/actualidad\/urra-kids-dublin-cast\/#article","isPartOf":{"@id":"https:\/\/www.casaldelsinfants.org\/es\/actualidad\/urra-kids-dublin-cast\/"},"author":{"name":"julia","@id":"https:\/\/www.casaldelsinfants.org\/es\/#\/schema\/person\/e870791b50f03fd60f872e1cd83910fc"},"headline":"Viajamos a Dubl\u00edn con URRA Kids, proyecto europeo para la participaci\u00f3n juvenil","datePublished":"2025-07-07T14:04:13+00:00","dateModified":"2025-07-08T07:31:24+00:00","mainEntityOfPage":{"@id":"https:\/\/www.casaldelsinfants.org\/es\/actualidad\/urra-kids-dublin-cast\/"},"wordCount":494,"commentCount":0,"publisher":{"@id":"https:\/\/www.casaldelsinfants.org\/es\/#organization"},"image":{"@id":"https:\/\/www.casaldelsinfants.org\/es\/actualidad\/urra-kids-dublin-cast\/#primaryimage"},"thumbnailUrl":"https:\/\/www.casaldelsinfants.org\/wp-content\/uploads\/ef92b2a9-d0ef-4dd8-8cdb-35f006c2ac0e-scaled.webp","articleSection":["Noticia"],"inLanguage":"es","potentialAction":[{"@type":"CommentAction","name":"Comment","target":["https:\/\/www.casaldelsinfants.org\/es\/actualidad\/urra-kids-dublin-cast\/#respond"]}]},{"@type":"WebPage","@id":"https:\/\/www.casaldelsinfants.org\/es\/actualidad\/urra-kids-dublin-cast\/","url":"https:\/\/www.casaldelsinfants.org\/es\/actualidad\/urra-kids-dublin-cast\/","name":"Formamos parte del proyecto europeo URRA Kids - Casal dels Infants","isPartOf":{"@id":"https:\/\/www.casaldelsinfants.org\/es\/#website"},"primaryImageOfPage":{"@id":"https:\/\/www.casaldelsinfants.org\/es\/actualidad\/urra-kids-dublin-cast\/#primaryimage"},"image":{"@id":"https:\/\/www.casaldelsinfants.org\/es\/actualidad\/urra-kids-dublin-cast\/#primaryimage"},"thumbnailUrl":"https:\/\/www.casaldelsinfants.org\/wp-content\/uploads\/ef92b2a9-d0ef-4dd8-8cdb-35f006c2ac0e-scaled.webp","datePublished":"2025-07-07T14:04:13+00:00","dateModified":"2025-07-08T07:31:24+00:00","description":"Con el Casal dels Infants del Raval, y otras entidades catalanas, italianas y irlandesas, formamos parte del proyecto europeo URRA Kids.","breadcrumb":{"@id":"https:\/\/www.casaldelsinfants.org\/es\/actualidad\/urra-kids-dublin-cast\/#breadcrumb"},"inLanguage":"es","potentialAction":[{"@type":"ReadAction","target":["https:\/\/www.casaldelsinfants.org\/es\/actualidad\/urra-kids-dublin-cast\/"]}]},{"@type":"ImageObject","inLanguage":"es","@id":"https:\/\/www.casaldelsinfants.org\/es\/actualidad\/urra-kids-dublin-cast\/#primaryimage","url":"https:\/\/www.casaldelsinfants.org\/wp-content\/uploads\/ef92b2a9-d0ef-4dd8-8cdb-35f006c2ac0e-scaled.webp","contentUrl":"https:\/\/www.casaldelsinfants.org\/wp-content\/uploads\/ef92b2a9-d0ef-4dd8-8cdb-35f006c2ac0e-scaled.webp","width":2560,"height":2048,"caption":"Equip motor d'URRA Kids."},{"@type":"BreadcrumbList","@id":"https:\/\/www.casaldelsinfants.org\/es\/actualidad\/urra-kids-dublin-cast\/#breadcrumb","itemListElement":[{"@type":"ListItem","position":1,"name":"Inici","item":"https:\/\/www.casaldelsinfants.org\/es\/"},{"@type":"ListItem","position":2,"name":"Viajamos a Dubl\u00edn con URRA Kids, proyecto europeo para la participaci\u00f3n juvenil"}]},{"@type":"WebSite","@id":"https:\/\/www.casaldelsinfants.org\/es\/#website","url":"https:\/\/www.casaldelsinfants.org\/es\/","name":"Casal dels Infants","description":"","publisher":{"@id":"https:\/\/www.casaldelsinfants.org\/es\/#organization"},"potentialAction":[{"@type":"SearchAction","target":{"@type":"EntryPoint","urlTemplate":"https:\/\/www.casaldelsinfants.org\/es\/?s={search_term_string}"},"query-input":{"@type":"PropertyValueSpecification","valueRequired":true,"valueName":"search_term_string"}}],"inLanguage":"es"},{"@type":"Organization","@id":"https:\/\/www.casaldelsinfants.org\/es\/#organization","name":"Casal dels Infants","url":"https:\/\/www.casaldelsinfants.org\/es\/","logo":{"@type":"ImageObject","inLanguage":"es","@id":"https:\/\/www.casaldelsinfants.org\/es\/#\/schema\/logo\/image\/","url":"https:\/\/www.casaldelsinfants.org\/wp-content\/uploads\/logo-mail.png","contentUrl":"https:\/\/www.casaldelsinfants.org\/wp-content\/uploads\/logo-mail.png","width":380,"height":158,"caption":"Casal dels Infants"},"image":{"@id":"https:\/\/www.casaldelsinfants.org\/es\/#\/schema\/logo\/image\/"},"sameAs":["https:\/\/www.facebook.com\/casalinfants","https:\/\/x.com\/casalinfants","https:\/\/www.youtube.com\/user\/CasaldelsInfants1","https:\/\/www.instagram.com\/casalinfants\/","https:\/\/www.linkedin.com\/company\/casaldelsinfants?trk=organization-update_share-update_actor-text"]},{"@type":"Person","@id":"https:\/\/www.casaldelsinfants.org\/es\/#\/schema\/person\/e870791b50f03fd60f872e1cd83910fc","name":"julia"}]}},"publishpress_future_action":{"enabled":false,"date":"2026-05-08 08:03:38","action":"change-status","newStatus":"draft","terms":[],"taxonomy":"category","extraData":[]},"publishpress_future_workflow_manual_trigger":{"enabledWorkflows":[]},"_links":{"self":[{"href":"https:\/\/www.casaldelsinfants.org\/es\/wp-json\/wp\/v2\/posts\/38544","targetHints":{"allow":["GET"]}}],"collection":[{"href":"https:\/\/www.casaldelsinfants.org\/es\/wp-json\/wp\/v2\/posts"}],"about":[{"href":"https:\/\/www.casaldelsinfants.org\/es\/wp-json\/wp\/v2\/types\/post"}],"author":[{"embeddable":true,"href":"https:\/\/www.casaldelsinfants.org\/es\/wp-json\/wp\/v2\/users\/9"}],"replies":[{"embeddable":true,"href":"https:\/\/www.casaldelsinfants.org\/es\/wp-json\/wp\/v2\/comments?post=38544"}],"version-history":[{"count":3,"href":"https:\/\/www.casaldelsinfants.org\/es\/wp-json\/wp\/v2\/posts\/38544\/revisions"}],"predecessor-version":[{"id":38579,"href":"https:\/\/www.casaldelsinfants.org\/es\/wp-json\/wp\/v2\/posts\/38544\/revisions\/38579"}],"wp:featuredmedia":[{"embeddable":true,"href":"https:\/\/www.casaldelsinfants.org\/es\/wp-json\/wp\/v2\/media\/38538"}],"wp:attachment":[{"href":"https:\/\/www.casaldelsinfants.org\/es\/wp-json\/wp\/v2\/media?parent=38544"}],"wp:term":[{"taxonomy":"category","embeddable":true,"href":"https:\/\/www.casaldelsinfants.org\/es\/wp-json\/wp\/v2\/categories?post=38544"},{"taxonomy":"post_tag","embeddable":true,"href":"https:\/\/www.casaldelsinfants.org\/es\/wp-json\/wp\/v2\/tags?post=38544"},{"taxonomy":"seus","embeddable":true,"href":"https:\/\/www.casaldelsinfants.org\/es\/wp-json\/wp\/v2\/seus?post=38544"},{"taxonomy":"eixos","embeddable":true,"href":"https:\/\/www.casaldelsinfants.org\/es\/wp-json\/wp\/v2\/eixos?post=38544"}],"curies":[{"name":"wp","href":"https:\/\/api.w.org\/{rel}","templated":true}]}}