{"id":39581,"date":"2025-08-07T15:46:22","date_gmt":"2025-08-07T13:46:22","guid":{"rendered":"https:\/\/www.casaldelsinfants.org\/?p=39581"},"modified":"2025-08-07T15:46:22","modified_gmt":"2025-08-07T13:46:22","slug":"verano2025marruecos","status":"publish","type":"post","link":"https:\/\/www.casaldelsinfants.org\/es\/actualidad\/verano2025marruecos\/","title":{"rendered":"El verano en el Casal, tambi\u00e9n en Marruecos"},"content":{"rendered":"<p><span style=\"font-weight: 400;\">La actividad de verano del Casal dels Infants se intensifica a los diferentes barrios y territorios de Catalunya donde actuamos y, como el resto del a\u00f1o, <strong>seguimos con nuestra acci\u00f3n social al otro lado del Mediterr\u00e1neo, en <a href=\"https:\/\/www.casaldelsinfants.org\/es\/donde-trabajamos\/marruecos\/\" target=\"_blank\" rel=\"noopener\"><span style=\"text-decoration: underline;\">Marruecos<\/span><\/a><\/strong>, con el proyecto Prodema.<\/span><\/p>\n<p>Durante todo el a\u00f1o, desarollamos en el pa\u00eds norte africano <strong>cuatro proyectos de apoyo social y educativo<\/strong>, y colaboramos con <strong>15 asociaciones marroquinas<\/strong>, en las ciudades de T\u00e1nger, Casablanca y Nador-Oujda. Trabajamos localmente con el objetivo de favorecer la participaci\u00f3n y la igualdad de g\u00e9nero, fomentar la empleabilidad de los colectivos vulnerables y defender los derechos de los ni\u00f1os, ni\u00f1as y j\u00f3venes en proceso migratorio.<\/p>\n<p>&nbsp;<\/p>\n<h2><b>Prodema, programa para los derechos de participaci\u00f3n e igualdad de g\u00e9nero de las mujeres<\/b><\/h2>\n<p><span style=\"font-weight: 400;\">Este verano ha tenido lugar la segunda fase del proyecto <strong>Prodema<\/strong>, a trav\u00e9s del cual promovemos los <strong>derechos de participaci\u00f3n e igualdad de g\u00e9nero de las mujeres<\/strong> en situaci\u00f3n de vulnerabilidad de los barrios perif\u00e9ricos de T\u00e1nger. <\/span><\/p>\n<p><img decoding=\"async\" class=\" wp-image-39572 aligncenter\" src=\"https:\/\/www.casaldelsinfants.org\/wp-content\/uploads\/0-1-jpeg.webp\" alt=\"Dones a classe en una aula.\" width=\"601\" height=\"451\" \/><\/p>\n<p><span style=\"font-weight: 400;\">Entre junio y julio tuvo lugar el <strong>primer ciclo de capacitaci\u00f3n parental y crianza positiva<\/strong> para 16 madres integrantes de las Unidades educativas de Madres (\u201c<i>Unit\u00e9s \u00e9ducatives de Mamans<\/i>\u201d, en franc\u00e9s) de las escuelas socias del proyecto.<\/span><\/p>\n<p>El ciclo se desarroll\u00f3 en tres sesiones, con el objetivo de fortalecer las habilidades parentales y <strong>promover el rol de las madres como agentes clave para el cambio<\/strong> y la transformaci\u00f3n social, tanto en los hogares como en las escuelas y comunidades.<\/p>\n<p><img decoding=\"async\" class=\" wp-image-39575 aligncenter\" src=\"https:\/\/www.casaldelsinfants.org\/wp-content\/uploads\/2-1-scaled.webp\" alt=\"Dones en un bosc ensenyant els seus dibuixos.\" width=\"626\" height=\"470\" \/><\/p>\n<p>&nbsp;<\/p>\n<h2><b>Actividades con ni\u00f1os, ni\u00f1as y j\u00f3venes<\/b><\/h2>\n<p><span style=\"font-weight: 400;\">Dentro del mismo programa, este verano tambi\u00e9n ha habido unas jornadas orientadas a ni\u00f1os, ni\u00f1as y j\u00f3venes. Del 8 al 10 de julio, tuvo lugar la primera caravana de <strong>sensibilizaci\u00f3n y participaci\u00f3n juvenil para 25 estudiantes<\/strong>.<\/span><\/p>\n<p>La iniciativa, con el lema \u00abConstruimos un entorno seguro: juntos contra el acoso escolar\u00bb <span style=\"font-weight: 400;\">(\u201c<\/span><i><span style=\"font-weight: 400;\">Construisons un environnement s\u00fbr : tous ensemble contre le harc\u00e8lement scolaire\u201d<\/span><\/i><span style=\"font-weight: 400;\">, en franc\u00e8s) se centraba en <strong>debatir y pensar en acciones para identificar, prevenir y combatir este tipo de violencia<\/strong> a\u00fan presente en los centros educativos.\u00a0<\/span><\/p>\n<p>As\u00ed, durante estos tres d\u00edas el alumnado particip\u00f3 en diferentes talleres que estimulaban la expresi\u00f3n art\u00edstica y la reflexi\u00f3n sobre el respeto al medio ambiente y el entorno escolar, y la gesti\u00f3n de conflictos y la igualdad de oportunidades.<\/p>\n<p>\u00abEstas acciones reflejan el <strong>impulso generado alrededor de la participaci\u00f3n juvenil y el fortalecimiento del rol de las familias<\/strong>, que han sido dos componentes clave\u00bb, afirma Kamelia Zaoui, coordinadora de proyectos en el Casal dels Infants de Marruecos.<\/p>\n<p>&nbsp;<\/p>\n<p>&nbsp;<\/p>\n","protected":false},"excerpt":{"rendered":"<p>La actividad de verano del Casal dels Infants se intensifica a los diferentes barrios y territorios de Catalunya donde actuamos y, como el resto del a\u00f1o, seguimos con nuestra acci\u00f3n social al otro lado del Mediterr\u00e1neo, en Marruecos, con el proyecto Prodema. Durante todo el a\u00f1o, desarollamos en el pa\u00eds norte africano cuatro proyectos de [&hellip;]<\/p>\n","protected":false},"author":9,"featured_media":39571,"comment_status":"open","ping_status":"open","sticky":false,"template":"","format":"standard","meta":{"_acf_changed":false,"_et_pb_use_builder":"","_et_pb_old_content":"","_et_gb_content_width":"","inline_featured_image":false,"footnotes":""},"categories":[125],"tags":[],"seus":[158],"eixos":[110],"class_list":["post-39581","post","type-post","status-publish","format-standard","has-post-thumbnail","hentry","category-noticias","seus-marruecos","eixos-comunidad-casal-dels-infants"],"acf":[],"yoast_head":"<!-- This site is optimized with the Yoast SEO plugin v27.4 - https:\/\/yoast.com\/product\/yoast-seo-wordpress\/ -->\n<title>El verano en el Casal, tambi\u00e9n en Marruecos - Casal dels Infants<\/title>\n<meta name=\"description\" content=\"El verano en el Casal tambi\u00e9n pasa en Marruecos, donde seguimos con nuestra acci\u00f3n social con el proyecto Prodemo, con ni\u00f1os, ni\u00f1as y madres.\" \/>\n<meta name=\"robots\" content=\"index, follow, max-snippet:-1, max-image-preview:large, max-video-preview:-1\" \/>\n<link rel=\"canonical\" href=\"https:\/\/www.casaldelsinfants.org\/es\/actualidad\/verano2025marruecos\/\" \/>\n<meta property=\"og:locale\" content=\"es_ES\" \/>\n<meta property=\"og:type\" content=\"article\" \/>\n<meta property=\"og:title\" content=\"El verano en el Casal, tambi\u00e9n en Marruecos - Casal dels Infants\" \/>\n<meta property=\"og:description\" content=\"El verano en el Casal tambi\u00e9n pasa en Marruecos, donde seguimos con nuestra acci\u00f3n social con el proyecto Prodemo, con ni\u00f1os, ni\u00f1as y madres.\" \/>\n<meta property=\"og:url\" content=\"https:\/\/www.casaldelsinfants.org\/es\/actualidad\/verano2025marruecos\/\" \/>\n<meta property=\"og:site_name\" content=\"Casal dels Infants\" \/>\n<meta property=\"article:publisher\" content=\"https:\/\/www.facebook.com\/casalinfants\" \/>\n<meta property=\"article:published_time\" content=\"2025-08-07T13:46:22+00:00\" \/>\n<meta property=\"og:image\" content=\"https:\/\/www.casaldelsinfants.org\/wp-content\/uploads\/7-1-jpeg.webp\" \/>\n\t<meta property=\"og:image:width\" content=\"960\" \/>\n\t<meta property=\"og:image:height\" content=\"768\" \/>\n\t<meta property=\"og:image:type\" content=\"image\/jpeg\" \/>\n<meta name=\"author\" content=\"julia\" \/>\n<meta name=\"twitter:card\" content=\"summary_large_image\" \/>\n<meta name=\"twitter:creator\" content=\"@casalinfants\" \/>\n<meta name=\"twitter:site\" content=\"@casalinfants\" \/>\n<meta name=\"twitter:label1\" content=\"Escrito por\" \/>\n\t<meta name=\"twitter:data1\" content=\"julia\" \/>\n\t<meta name=\"twitter:label2\" content=\"Tiempo de lectura\" \/>\n\t<meta name=\"twitter:data2\" content=\"3 minutos\" \/>\n<script type=\"application\/ld+json\" class=\"yoast-schema-graph\">{\"@context\":\"https:\\\/\\\/schema.org\",\"@graph\":[{\"@type\":\"Article\",\"@id\":\"https:\\\/\\\/www.casaldelsinfants.org\\\/es\\\/actualidad\\\/verano2025marruecos\\\/#article\",\"isPartOf\":{\"@id\":\"https:\\\/\\\/www.casaldelsinfants.org\\\/es\\\/actualidad\\\/verano2025marruecos\\\/\"},\"author\":{\"name\":\"julia\",\"@id\":\"https:\\\/\\\/www.casaldelsinfants.org\\\/es\\\/#\\\/schema\\\/person\\\/e870791b50f03fd60f872e1cd83910fc\"},\"headline\":\"El verano en el Casal, tambi\u00e9n en Marruecos\",\"datePublished\":\"2025-08-07T13:46:22+00:00\",\"mainEntityOfPage\":{\"@id\":\"https:\\\/\\\/www.casaldelsinfants.org\\\/es\\\/actualidad\\\/verano2025marruecos\\\/\"},\"wordCount\":455,\"commentCount\":0,\"publisher\":{\"@id\":\"https:\\\/\\\/www.casaldelsinfants.org\\\/es\\\/#organization\"},\"image\":{\"@id\":\"https:\\\/\\\/www.casaldelsinfants.org\\\/es\\\/actualidad\\\/verano2025marruecos\\\/#primaryimage\"},\"thumbnailUrl\":\"https:\\\/\\\/www.casaldelsinfants.org\\\/wp-content\\\/uploads\\\/7-1-jpeg.webp\",\"articleSection\":[\"Noticia\"],\"inLanguage\":\"es\",\"potentialAction\":[{\"@type\":\"CommentAction\",\"name\":\"Comment\",\"target\":[\"https:\\\/\\\/www.casaldelsinfants.org\\\/es\\\/actualidad\\\/verano2025marruecos\\\/#respond\"]}]},{\"@type\":\"WebPage\",\"@id\":\"https:\\\/\\\/www.casaldelsinfants.org\\\/es\\\/actualidad\\\/verano2025marruecos\\\/\",\"url\":\"https:\\\/\\\/www.casaldelsinfants.org\\\/es\\\/actualidad\\\/verano2025marruecos\\\/\",\"name\":\"El verano en el Casal, tambi\u00e9n en Marruecos - Casal dels Infants\",\"isPartOf\":{\"@id\":\"https:\\\/\\\/www.casaldelsinfants.org\\\/es\\\/#website\"},\"primaryImageOfPage\":{\"@id\":\"https:\\\/\\\/www.casaldelsinfants.org\\\/es\\\/actualidad\\\/verano2025marruecos\\\/#primaryimage\"},\"image\":{\"@id\":\"https:\\\/\\\/www.casaldelsinfants.org\\\/es\\\/actualidad\\\/verano2025marruecos\\\/#primaryimage\"},\"thumbnailUrl\":\"https:\\\/\\\/www.casaldelsinfants.org\\\/wp-content\\\/uploads\\\/7-1-jpeg.webp\",\"datePublished\":\"2025-08-07T13:46:22+00:00\",\"description\":\"El verano en el Casal tambi\u00e9n pasa en Marruecos, donde seguimos con nuestra acci\u00f3n social con el proyecto Prodemo, con ni\u00f1os, ni\u00f1as y madres.\",\"breadcrumb\":{\"@id\":\"https:\\\/\\\/www.casaldelsinfants.org\\\/es\\\/actualidad\\\/verano2025marruecos\\\/#breadcrumb\"},\"inLanguage\":\"es\",\"potentialAction\":[{\"@type\":\"ReadAction\",\"target\":[\"https:\\\/\\\/www.casaldelsinfants.org\\\/es\\\/actualidad\\\/verano2025marruecos\\\/\"]}]},{\"@type\":\"ImageObject\",\"inLanguage\":\"es\",\"@id\":\"https:\\\/\\\/www.casaldelsinfants.org\\\/es\\\/actualidad\\\/verano2025marruecos\\\/#primaryimage\",\"url\":\"https:\\\/\\\/www.casaldelsinfants.org\\\/wp-content\\\/uploads\\\/7-1-jpeg.webp\",\"contentUrl\":\"https:\\\/\\\/www.casaldelsinfants.org\\\/wp-content\\\/uploads\\\/7-1-jpeg.webp\",\"width\":960,\"height\":768,\"caption\":\"Nois i noies asseguts en rotllana en un tros de gespa davant del mar.\"},{\"@type\":\"BreadcrumbList\",\"@id\":\"https:\\\/\\\/www.casaldelsinfants.org\\\/es\\\/actualidad\\\/verano2025marruecos\\\/#breadcrumb\",\"itemListElement\":[{\"@type\":\"ListItem\",\"position\":1,\"name\":\"Inici\",\"item\":\"https:\\\/\\\/www.casaldelsinfants.org\\\/es\\\/\"},{\"@type\":\"ListItem\",\"position\":2,\"name\":\"El verano en el Casal, tambi\u00e9n en Marruecos\"}]},{\"@type\":\"WebSite\",\"@id\":\"https:\\\/\\\/www.casaldelsinfants.org\\\/es\\\/#website\",\"url\":\"https:\\\/\\\/www.casaldelsinfants.org\\\/es\\\/\",\"name\":\"Casal dels Infants\",\"description\":\"\",\"publisher\":{\"@id\":\"https:\\\/\\\/www.casaldelsinfants.org\\\/es\\\/#organization\"},\"potentialAction\":[{\"@type\":\"SearchAction\",\"target\":{\"@type\":\"EntryPoint\",\"urlTemplate\":\"https:\\\/\\\/www.casaldelsinfants.org\\\/es\\\/?s={search_term_string}\"},\"query-input\":{\"@type\":\"PropertyValueSpecification\",\"valueRequired\":true,\"valueName\":\"search_term_string\"}}],\"inLanguage\":\"es\"},{\"@type\":\"Organization\",\"@id\":\"https:\\\/\\\/www.casaldelsinfants.org\\\/es\\\/#organization\",\"name\":\"Casal dels Infants\",\"url\":\"https:\\\/\\\/www.casaldelsinfants.org\\\/es\\\/\",\"logo\":{\"@type\":\"ImageObject\",\"inLanguage\":\"es\",\"@id\":\"https:\\\/\\\/www.casaldelsinfants.org\\\/es\\\/#\\\/schema\\\/logo\\\/image\\\/\",\"url\":\"https:\\\/\\\/www.casaldelsinfants.org\\\/wp-content\\\/uploads\\\/logo-mail.png\",\"contentUrl\":\"https:\\\/\\\/www.casaldelsinfants.org\\\/wp-content\\\/uploads\\\/logo-mail.png\",\"width\":380,\"height\":158,\"caption\":\"Casal dels Infants\"},\"image\":{\"@id\":\"https:\\\/\\\/www.casaldelsinfants.org\\\/es\\\/#\\\/schema\\\/logo\\\/image\\\/\"},\"sameAs\":[\"https:\\\/\\\/www.facebook.com\\\/casalinfants\",\"https:\\\/\\\/x.com\\\/casalinfants\",\"https:\\\/\\\/www.youtube.com\\\/user\\\/CasaldelsInfants1\",\"https:\\\/\\\/www.instagram.com\\\/casalinfants\\\/\",\"https:\\\/\\\/www.linkedin.com\\\/company\\\/casaldelsinfants?trk=organization-update_share-update_actor-text\"]},{\"@type\":\"Person\",\"@id\":\"https:\\\/\\\/www.casaldelsinfants.org\\\/es\\\/#\\\/schema\\\/person\\\/e870791b50f03fd60f872e1cd83910fc\",\"name\":\"julia\"}]}<\/script>\n<!-- \/ Yoast SEO plugin. -->","yoast_head_json":{"title":"El verano en el Casal, tambi\u00e9n en Marruecos - Casal dels Infants","description":"El verano en el Casal tambi\u00e9n pasa en Marruecos, donde seguimos con nuestra acci\u00f3n social con el proyecto Prodemo, con ni\u00f1os, ni\u00f1as y madres.","robots":{"index":"index","follow":"follow","max-snippet":"max-snippet:-1","max-image-preview":"max-image-preview:large","max-video-preview":"max-video-preview:-1"},"canonical":"https:\/\/www.casaldelsinfants.org\/es\/actualidad\/verano2025marruecos\/","og_locale":"es_ES","og_type":"article","og_title":"El verano en el Casal, tambi\u00e9n en Marruecos - Casal dels Infants","og_description":"El verano en el Casal tambi\u00e9n pasa en Marruecos, donde seguimos con nuestra acci\u00f3n social con el proyecto Prodemo, con ni\u00f1os, ni\u00f1as y madres.","og_url":"https:\/\/www.casaldelsinfants.org\/es\/actualidad\/verano2025marruecos\/","og_site_name":"Casal dels Infants","article_publisher":"https:\/\/www.facebook.com\/casalinfants","article_published_time":"2025-08-07T13:46:22+00:00","og_image":[{"width":960,"height":768,"url":"https:\/\/www.casaldelsinfants.org\/wp-content\/uploads\/7-1-jpeg.webp","type":"image\/jpeg"}],"author":"julia","twitter_card":"summary_large_image","twitter_creator":"@casalinfants","twitter_site":"@casalinfants","twitter_misc":{"Escrito por":"julia","Tiempo de lectura":"3 minutos"},"schema":{"@context":"https:\/\/schema.org","@graph":[{"@type":"Article","@id":"https:\/\/www.casaldelsinfants.org\/es\/actualidad\/verano2025marruecos\/#article","isPartOf":{"@id":"https:\/\/www.casaldelsinfants.org\/es\/actualidad\/verano2025marruecos\/"},"author":{"name":"julia","@id":"https:\/\/www.casaldelsinfants.org\/es\/#\/schema\/person\/e870791b50f03fd60f872e1cd83910fc"},"headline":"El verano en el Casal, tambi\u00e9n en Marruecos","datePublished":"2025-08-07T13:46:22+00:00","mainEntityOfPage":{"@id":"https:\/\/www.casaldelsinfants.org\/es\/actualidad\/verano2025marruecos\/"},"wordCount":455,"commentCount":0,"publisher":{"@id":"https:\/\/www.casaldelsinfants.org\/es\/#organization"},"image":{"@id":"https:\/\/www.casaldelsinfants.org\/es\/actualidad\/verano2025marruecos\/#primaryimage"},"thumbnailUrl":"https:\/\/www.casaldelsinfants.org\/wp-content\/uploads\/7-1-jpeg.webp","articleSection":["Noticia"],"inLanguage":"es","potentialAction":[{"@type":"CommentAction","name":"Comment","target":["https:\/\/www.casaldelsinfants.org\/es\/actualidad\/verano2025marruecos\/#respond"]}]},{"@type":"WebPage","@id":"https:\/\/www.casaldelsinfants.org\/es\/actualidad\/verano2025marruecos\/","url":"https:\/\/www.casaldelsinfants.org\/es\/actualidad\/verano2025marruecos\/","name":"El verano en el Casal, tambi\u00e9n en Marruecos - Casal dels Infants","isPartOf":{"@id":"https:\/\/www.casaldelsinfants.org\/es\/#website"},"primaryImageOfPage":{"@id":"https:\/\/www.casaldelsinfants.org\/es\/actualidad\/verano2025marruecos\/#primaryimage"},"image":{"@id":"https:\/\/www.casaldelsinfants.org\/es\/actualidad\/verano2025marruecos\/#primaryimage"},"thumbnailUrl":"https:\/\/www.casaldelsinfants.org\/wp-content\/uploads\/7-1-jpeg.webp","datePublished":"2025-08-07T13:46:22+00:00","description":"El verano en el Casal tambi\u00e9n pasa en Marruecos, donde seguimos con nuestra acci\u00f3n social con el proyecto Prodemo, con ni\u00f1os, ni\u00f1as y madres.","breadcrumb":{"@id":"https:\/\/www.casaldelsinfants.org\/es\/actualidad\/verano2025marruecos\/#breadcrumb"},"inLanguage":"es","potentialAction":[{"@type":"ReadAction","target":["https:\/\/www.casaldelsinfants.org\/es\/actualidad\/verano2025marruecos\/"]}]},{"@type":"ImageObject","inLanguage":"es","@id":"https:\/\/www.casaldelsinfants.org\/es\/actualidad\/verano2025marruecos\/#primaryimage","url":"https:\/\/www.casaldelsinfants.org\/wp-content\/uploads\/7-1-jpeg.webp","contentUrl":"https:\/\/www.casaldelsinfants.org\/wp-content\/uploads\/7-1-jpeg.webp","width":960,"height":768,"caption":"Nois i noies asseguts en rotllana en un tros de gespa davant del mar."},{"@type":"BreadcrumbList","@id":"https:\/\/www.casaldelsinfants.org\/es\/actualidad\/verano2025marruecos\/#breadcrumb","itemListElement":[{"@type":"ListItem","position":1,"name":"Inici","item":"https:\/\/www.casaldelsinfants.org\/es\/"},{"@type":"ListItem","position":2,"name":"El verano en el Casal, tambi\u00e9n en Marruecos"}]},{"@type":"WebSite","@id":"https:\/\/www.casaldelsinfants.org\/es\/#website","url":"https:\/\/www.casaldelsinfants.org\/es\/","name":"Casal dels Infants","description":"","publisher":{"@id":"https:\/\/www.casaldelsinfants.org\/es\/#organization"},"potentialAction":[{"@type":"SearchAction","target":{"@type":"EntryPoint","urlTemplate":"https:\/\/www.casaldelsinfants.org\/es\/?s={search_term_string}"},"query-input":{"@type":"PropertyValueSpecification","valueRequired":true,"valueName":"search_term_string"}}],"inLanguage":"es"},{"@type":"Organization","@id":"https:\/\/www.casaldelsinfants.org\/es\/#organization","name":"Casal dels Infants","url":"https:\/\/www.casaldelsinfants.org\/es\/","logo":{"@type":"ImageObject","inLanguage":"es","@id":"https:\/\/www.casaldelsinfants.org\/es\/#\/schema\/logo\/image\/","url":"https:\/\/www.casaldelsinfants.org\/wp-content\/uploads\/logo-mail.png","contentUrl":"https:\/\/www.casaldelsinfants.org\/wp-content\/uploads\/logo-mail.png","width":380,"height":158,"caption":"Casal dels Infants"},"image":{"@id":"https:\/\/www.casaldelsinfants.org\/es\/#\/schema\/logo\/image\/"},"sameAs":["https:\/\/www.facebook.com\/casalinfants","https:\/\/x.com\/casalinfants","https:\/\/www.youtube.com\/user\/CasaldelsInfants1","https:\/\/www.instagram.com\/casalinfants\/","https:\/\/www.linkedin.com\/company\/casaldelsinfants?trk=organization-update_share-update_actor-text"]},{"@type":"Person","@id":"https:\/\/www.casaldelsinfants.org\/es\/#\/schema\/person\/e870791b50f03fd60f872e1cd83910fc","name":"julia"}]}},"publishpress_future_action":{"enabled":false,"date":"2026-05-07 11:34:18","action":"change-status","newStatus":"draft","terms":[],"taxonomy":"category","extraData":[]},"publishpress_future_workflow_manual_trigger":{"enabledWorkflows":[]},"_links":{"self":[{"href":"https:\/\/www.casaldelsinfants.org\/es\/wp-json\/wp\/v2\/posts\/39581","targetHints":{"allow":["GET"]}}],"collection":[{"href":"https:\/\/www.casaldelsinfants.org\/es\/wp-json\/wp\/v2\/posts"}],"about":[{"href":"https:\/\/www.casaldelsinfants.org\/es\/wp-json\/wp\/v2\/types\/post"}],"author":[{"embeddable":true,"href":"https:\/\/www.casaldelsinfants.org\/es\/wp-json\/wp\/v2\/users\/9"}],"replies":[{"embeddable":true,"href":"https:\/\/www.casaldelsinfants.org\/es\/wp-json\/wp\/v2\/comments?post=39581"}],"version-history":[{"count":2,"href":"https:\/\/www.casaldelsinfants.org\/es\/wp-json\/wp\/v2\/posts\/39581\/revisions"}],"predecessor-version":[{"id":39583,"href":"https:\/\/www.casaldelsinfants.org\/es\/wp-json\/wp\/v2\/posts\/39581\/revisions\/39583"}],"wp:featuredmedia":[{"embeddable":true,"href":"https:\/\/www.casaldelsinfants.org\/es\/wp-json\/wp\/v2\/media\/39571"}],"wp:attachment":[{"href":"https:\/\/www.casaldelsinfants.org\/es\/wp-json\/wp\/v2\/media?parent=39581"}],"wp:term":[{"taxonomy":"category","embeddable":true,"href":"https:\/\/www.casaldelsinfants.org\/es\/wp-json\/wp\/v2\/categories?post=39581"},{"taxonomy":"post_tag","embeddable":true,"href":"https:\/\/www.casaldelsinfants.org\/es\/wp-json\/wp\/v2\/tags?post=39581"},{"taxonomy":"seus","embeddable":true,"href":"https:\/\/www.casaldelsinfants.org\/es\/wp-json\/wp\/v2\/seus?post=39581"},{"taxonomy":"eixos","embeddable":true,"href":"https:\/\/www.casaldelsinfants.org\/es\/wp-json\/wp\/v2\/eixos?post=39581"}],"curies":[{"name":"wp","href":"https:\/\/api.w.org\/{rel}","templated":true}]}}