{"id":4202,"date":"2022-07-18T14:24:46","date_gmt":"2022-07-18T12:24:46","guid":{"rendered":"https:\/\/casal.puntzero.cat\/noticies\/collaboracio-amb-kavehome-accions-la-insercio-laboral\/"},"modified":"2023-05-23T13:50:37","modified_gmt":"2023-05-23T11:50:37","slug":"collaboracio-amb-kavehome-accions-la-insercio-laboral","status":"publish","type":"post","link":"https:\/\/www.casaldelsinfants.org\/es\/actualidad\/colaboracion-con-kavehome-acciones-para-la-insercion-laboral\/","title":{"rendered":"Colaboraci\u00f3n con Kavehome &#8211; Acciones para la inserci\u00f3n laboral."},"content":{"rendered":"<p>\u00a0<\/p>\n<p>Cuando creamos alianzas con las empresas, siempre intentamos sacarle el m\u00e1ximo valor teniendo en cuenta su actividad profesional. Buscamos encontrar el m\u00e1ximo encaje para transformar cada relaci\u00f3n en potenciales oportunidades de futuro.<\/p>\n<p b=\"\">\n<p>De este modo, durante el mes de junio hemos colaborado con Kave Home, la marca gerundense de muebles y decoraci\u00f3n de dise\u00f1o, situada en Sils (oficinas), Fogars de la Selva (almac\u00e9n) y con tienda f\u00edsica en la calle Jaume I de Girona, entre otros. Dado que el Casal dels Infants realiza actividad educativa en Girona, enseguida se detectaron posibilidades de colaboraci\u00f3n que pueden tener un impacto muy positivo para los j\u00f3venes y familias del Casal.<\/p>\n<p>Concretamente, las acciones se han enfocado en ampliar las oportunidades de inserci\u00f3n de los participantes a trav\u00e9s de diversas actividades lideradas por el equipo de RRHH de Kave Home.<\/p>\n<p>\u00a0<\/p>\n<p>En una primera fase de la colaboraci\u00f3n, los participantes del Casal, visitaron las oficinas de Kave Home en Sils, donde la directora de RRHH, Georgina Mart\u00ed, les cont\u00f3 la historia de la empresa, su proyecci\u00f3n y oportunidades laborales m\u00e1s solicitadas. La contextualizaci\u00f3n y el conocimiento del potencial de oportunidades laborales es una informaci\u00f3n clave para cualquier persona que se encuentra en proceso de b\u00fasqueda de empleo.<b id=\"docs-internal-guid-d6aeccd4-7fff-1aa2-d8cb-c2473620ed66\">\u00a0<\/b><\/p>\n<p>\u00a0<\/p>\n<p>A continuaci\u00f3n, se nos facilit\u00f3 el traslado al almac\u00e9n de Fogars de la Selva, donde se hizo un tour a los participantes mientras se detallaban las diferentes tareas del equipo que trabaja y c\u00f3mo se organiza toda la gesti\u00f3n log\u00edstica. Ver de primera mano c\u00f3mo los y las profesionales realizan sus tareas permite a las personas participantes proyectarse y\/o valorar si se ven haciendo ese trabajo en concreto.<br \/>\n<b id=\"docs-internal-guid-d6aeccd4-7fff-1aa2-d8cb-c2473620ed66\">\u00a0<\/b><\/p>\n<p>En la \u00faltima acci\u00f3n del d\u00eda, la responsable de selecci\u00f3n explic\u00f3 los perfiles profesionales de la empresa, las competencias necesarias para cada uno de ellos y las distintas oportunidades laborales disponibles. Los participantes resolvieron sus dudas y pudieron hacer una valoraci\u00f3n mucho m\u00e1s precisa de sus posibilidades para trabajar en algunos de los roles.<\/p>\n<p dir=\"ltr\"><b id=\"docs-internal-guid-d6aeccd4-7fff-1aa2-d8cb-c2473620ed66\">\u00a0<\/b><\/p>\n<p>La visita a la empresa es una de las acciones de mayor valor e impacto para los participantes del Casal, ya que ven que existen oportunidades a su alcance y permite enfocar hitos claros y concretos. Pueden visualizarse dentro de la empresa y conocer roles profesionales, que quiz\u00e1s nunca se hab\u00edan planteado.<\/p>\n<p dir=\"ltr\"><b id=\"docs-internal-guid-d6aeccd4-7fff-1aa2-d8cb-c2473620ed66\">\u00a0<\/b><\/p>\n<p>En la \u00faltima experiencia de esta colaboraci\u00f3n, que se realiz\u00f3 la siguiente semana, parte del equipo de RRHH de Kave Home visitaron el Casal para realizar una actividad de role play de entrevistas de trabajo a los participantes del Casal que se encuentran en b\u00fasqueda activa de trabajo, situ\u00e1ndolos en una din\u00e1mica que pueden encontrarse en cualquier proceso de selecci\u00f3n. Tambi\u00e9n tuvieron un feedback posterior por parte de Kave Home con consejos que, seguro, les facilitar\u00e1n conseguir sus objetivos.<\/p>\n<p dir=\"ltr\"><b id=\"docs-internal-guid-d6aeccd4-7fff-1aa2-d8cb-c2473620ed66\">\u00a0<\/b><\/p>\n<p>Ha sido una colaboraci\u00f3n completa, de gran valor, que ha implicado a muchas personas y ha ayudado sin duda al proceso de inserci\u00f3n de los participantes y tambi\u00e9n al sostenimiento de los proyectos educativos del Casal dels Infants en Girona.<\/p>\n<p dir=\"ltr\"><b id=\"docs-internal-guid-d6aeccd4-7fff-1aa2-d8cb-c2473620ed66\">\u00a0<\/b><\/p>\n<p>Esta colaboraci\u00f3n es un claro ejemplo de alianza con sentido, donde las necesidades y lo que puede ofrecer la empresa encaja tambi\u00e9n gracias al esfuerzo y flexibilidad que requiere la realizaci\u00f3n de acciones de estas caracter\u00edsticas.<\/p>\n","protected":false},"excerpt":{"rendered":"<p>\u00a0 Cuando creamos alianzas con las empresas, siempre intentamos sacarle el m\u00e1ximo valor teniendo en cuenta su actividad profesional. Buscamos encontrar el m\u00e1ximo encaje para transformar cada relaci\u00f3n en potenciales oportunidades de futuro. De este modo, durante el mes de junio hemos colaborado con Kave Home, la marca gerundense de muebles y decoraci\u00f3n de dise\u00f1o, [&hellip;]<\/p>\n","protected":false},"author":1,"featured_media":2894,"comment_status":"open","ping_status":"open","sticky":false,"template":"","format":"standard","meta":{"_acf_changed":false,"_et_pb_use_builder":"","_et_pb_old_content":"","_et_gb_content_width":"","inline_featured_image":false,"footnotes":""},"categories":[125],"tags":[],"seus":[],"eixos":[],"class_list":["post-4202","post","type-post","status-publish","format-standard","has-post-thumbnail","hentry","category-noticias"],"acf":[],"yoast_head":"<!-- This site is optimized with the Yoast SEO plugin v27.4 - https:\/\/yoast.com\/product\/yoast-seo-wordpress\/ -->\n<title>Colaboraci\u00f3n con Kavehome - Acciones para la inserci\u00f3n laboral. - Casal dels Infants<\/title>\n<meta name=\"robots\" content=\"index, follow, max-snippet:-1, max-image-preview:large, max-video-preview:-1\" \/>\n<link rel=\"canonical\" href=\"https:\/\/www.casaldelsinfants.org\/es\/actualidad\/colaboracion-con-kavehome-acciones-para-la-insercion-laboral\/\" \/>\n<meta property=\"og:locale\" content=\"es_ES\" \/>\n<meta property=\"og:type\" content=\"article\" \/>\n<meta property=\"og:title\" content=\"Colaboraci\u00f3n con Kavehome - Acciones para la inserci\u00f3n laboral. - Casal dels Infants\" \/>\n<meta property=\"og:description\" content=\"\u00a0 Cuando creamos alianzas con las empresas, siempre intentamos sacarle el m\u00e1ximo valor teniendo en cuenta su actividad profesional. Buscamos encontrar el m\u00e1ximo encaje para transformar cada relaci\u00f3n en potenciales oportunidades de futuro. De este modo, durante el mes de junio hemos colaborado con Kave Home, la marca gerundense de muebles y decoraci\u00f3n de dise\u00f1o, [&hellip;]\" \/>\n<meta property=\"og:url\" content=\"https:\/\/www.casaldelsinfants.org\/es\/actualidad\/colaboracion-con-kavehome-acciones-para-la-insercion-laboral\/\" \/>\n<meta property=\"og:site_name\" content=\"Casal dels Infants\" \/>\n<meta property=\"article:publisher\" content=\"https:\/\/www.facebook.com\/casalinfants\" \/>\n<meta property=\"article:published_time\" content=\"2022-07-18T12:24:46+00:00\" \/>\n<meta property=\"article:modified_time\" content=\"2023-05-23T11:50:37+00:00\" \/>\n<meta property=\"og:image\" content=\"https:\/\/www.casaldelsinfants.org\/wp-content\/uploads\/img-0993-scaled.jpg\" \/>\n\t<meta property=\"og:image:width\" content=\"2560\" \/>\n\t<meta property=\"og:image:height\" content=\"1920\" \/>\n\t<meta property=\"og:image:type\" content=\"image\/jpeg\" \/>\n<meta name=\"author\" content=\"cdiAdmin\" \/>\n<meta name=\"twitter:card\" content=\"summary_large_image\" \/>\n<meta name=\"twitter:creator\" content=\"@casalinfants\" \/>\n<meta name=\"twitter:site\" content=\"@casalinfants\" \/>\n<meta name=\"twitter:label1\" content=\"Escrito por\" \/>\n\t<meta name=\"twitter:data1\" content=\"cdiAdmin\" \/>\n\t<meta name=\"twitter:label2\" content=\"Tiempo de lectura\" \/>\n\t<meta name=\"twitter:data2\" content=\"3 minutos\" \/>\n<script type=\"application\/ld+json\" class=\"yoast-schema-graph\">{\"@context\":\"https:\\\/\\\/schema.org\",\"@graph\":[{\"@type\":\"Article\",\"@id\":\"https:\\\/\\\/www.casaldelsinfants.org\\\/es\\\/actualidad\\\/colaboracion-con-kavehome-acciones-para-la-insercion-laboral\\\/#article\",\"isPartOf\":{\"@id\":\"https:\\\/\\\/www.casaldelsinfants.org\\\/es\\\/actualidad\\\/colaboracion-con-kavehome-acciones-para-la-insercion-laboral\\\/\"},\"author\":{\"name\":\"cdiAdmin\",\"@id\":\"https:\\\/\\\/www.casaldelsinfants.org\\\/es\\\/#\\\/schema\\\/person\\\/97707fc8c64900cf36891127dbf9fba8\"},\"headline\":\"Colaboraci\u00f3n con Kavehome &#8211; Acciones para la inserci\u00f3n laboral.\",\"datePublished\":\"2022-07-18T12:24:46+00:00\",\"dateModified\":\"2023-05-23T11:50:37+00:00\",\"mainEntityOfPage\":{\"@id\":\"https:\\\/\\\/www.casaldelsinfants.org\\\/es\\\/actualidad\\\/colaboracion-con-kavehome-acciones-para-la-insercion-laboral\\\/\"},\"wordCount\":587,\"commentCount\":0,\"publisher\":{\"@id\":\"https:\\\/\\\/www.casaldelsinfants.org\\\/es\\\/#organization\"},\"image\":{\"@id\":\"https:\\\/\\\/www.casaldelsinfants.org\\\/es\\\/actualidad\\\/colaboracion-con-kavehome-acciones-para-la-insercion-laboral\\\/#primaryimage\"},\"thumbnailUrl\":\"https:\\\/\\\/www.casaldelsinfants.org\\\/wp-content\\\/uploads\\\/img-0993-scaled.jpg\",\"articleSection\":[\"Noticia\"],\"inLanguage\":\"es\",\"potentialAction\":[{\"@type\":\"CommentAction\",\"name\":\"Comment\",\"target\":[\"https:\\\/\\\/www.casaldelsinfants.org\\\/es\\\/actualidad\\\/colaboracion-con-kavehome-acciones-para-la-insercion-laboral\\\/#respond\"]}]},{\"@type\":\"WebPage\",\"@id\":\"https:\\\/\\\/www.casaldelsinfants.org\\\/es\\\/actualidad\\\/colaboracion-con-kavehome-acciones-para-la-insercion-laboral\\\/\",\"url\":\"https:\\\/\\\/www.casaldelsinfants.org\\\/es\\\/actualidad\\\/colaboracion-con-kavehome-acciones-para-la-insercion-laboral\\\/\",\"name\":\"Colaboraci\u00f3n con Kavehome - Acciones para la inserci\u00f3n laboral. - Casal dels Infants\",\"isPartOf\":{\"@id\":\"https:\\\/\\\/www.casaldelsinfants.org\\\/es\\\/#website\"},\"primaryImageOfPage\":{\"@id\":\"https:\\\/\\\/www.casaldelsinfants.org\\\/es\\\/actualidad\\\/colaboracion-con-kavehome-acciones-para-la-insercion-laboral\\\/#primaryimage\"},\"image\":{\"@id\":\"https:\\\/\\\/www.casaldelsinfants.org\\\/es\\\/actualidad\\\/colaboracion-con-kavehome-acciones-para-la-insercion-laboral\\\/#primaryimage\"},\"thumbnailUrl\":\"https:\\\/\\\/www.casaldelsinfants.org\\\/wp-content\\\/uploads\\\/img-0993-scaled.jpg\",\"datePublished\":\"2022-07-18T12:24:46+00:00\",\"dateModified\":\"2023-05-23T11:50:37+00:00\",\"breadcrumb\":{\"@id\":\"https:\\\/\\\/www.casaldelsinfants.org\\\/es\\\/actualidad\\\/colaboracion-con-kavehome-acciones-para-la-insercion-laboral\\\/#breadcrumb\"},\"inLanguage\":\"es\",\"potentialAction\":[{\"@type\":\"ReadAction\",\"target\":[\"https:\\\/\\\/www.casaldelsinfants.org\\\/es\\\/actualidad\\\/colaboracion-con-kavehome-acciones-para-la-insercion-laboral\\\/\"]}]},{\"@type\":\"ImageObject\",\"inLanguage\":\"es\",\"@id\":\"https:\\\/\\\/www.casaldelsinfants.org\\\/es\\\/actualidad\\\/colaboracion-con-kavehome-acciones-para-la-insercion-laboral\\\/#primaryimage\",\"url\":\"https:\\\/\\\/www.casaldelsinfants.org\\\/wp-content\\\/uploads\\\/img-0993-scaled.jpg\",\"contentUrl\":\"https:\\\/\\\/www.casaldelsinfants.org\\\/wp-content\\\/uploads\\\/img-0993-scaled.jpg\",\"width\":2560,\"height\":1920,\"caption\":\"Xerrada d'insersi\u00f3 laboral de joves amb Kave Home\"},{\"@type\":\"BreadcrumbList\",\"@id\":\"https:\\\/\\\/www.casaldelsinfants.org\\\/es\\\/actualidad\\\/colaboracion-con-kavehome-acciones-para-la-insercion-laboral\\\/#breadcrumb\",\"itemListElement\":[{\"@type\":\"ListItem\",\"position\":1,\"name\":\"Inici\",\"item\":\"https:\\\/\\\/www.casaldelsinfants.org\\\/es\\\/\"},{\"@type\":\"ListItem\",\"position\":2,\"name\":\"Colaboraci\u00f3n con Kavehome &#8211; Acciones para la inserci\u00f3n laboral.\"}]},{\"@type\":\"WebSite\",\"@id\":\"https:\\\/\\\/www.casaldelsinfants.org\\\/es\\\/#website\",\"url\":\"https:\\\/\\\/www.casaldelsinfants.org\\\/es\\\/\",\"name\":\"Casal dels Infants\",\"description\":\"\",\"publisher\":{\"@id\":\"https:\\\/\\\/www.casaldelsinfants.org\\\/es\\\/#organization\"},\"potentialAction\":[{\"@type\":\"SearchAction\",\"target\":{\"@type\":\"EntryPoint\",\"urlTemplate\":\"https:\\\/\\\/www.casaldelsinfants.org\\\/es\\\/?s={search_term_string}\"},\"query-input\":{\"@type\":\"PropertyValueSpecification\",\"valueRequired\":true,\"valueName\":\"search_term_string\"}}],\"inLanguage\":\"es\"},{\"@type\":\"Organization\",\"@id\":\"https:\\\/\\\/www.casaldelsinfants.org\\\/es\\\/#organization\",\"name\":\"Casal dels Infants\",\"url\":\"https:\\\/\\\/www.casaldelsinfants.org\\\/es\\\/\",\"logo\":{\"@type\":\"ImageObject\",\"inLanguage\":\"es\",\"@id\":\"https:\\\/\\\/www.casaldelsinfants.org\\\/es\\\/#\\\/schema\\\/logo\\\/image\\\/\",\"url\":\"https:\\\/\\\/www.casaldelsinfants.org\\\/wp-content\\\/uploads\\\/logo-mail.png\",\"contentUrl\":\"https:\\\/\\\/www.casaldelsinfants.org\\\/wp-content\\\/uploads\\\/logo-mail.png\",\"width\":380,\"height\":158,\"caption\":\"Casal dels Infants\"},\"image\":{\"@id\":\"https:\\\/\\\/www.casaldelsinfants.org\\\/es\\\/#\\\/schema\\\/logo\\\/image\\\/\"},\"sameAs\":[\"https:\\\/\\\/www.facebook.com\\\/casalinfants\",\"https:\\\/\\\/x.com\\\/casalinfants\",\"https:\\\/\\\/www.youtube.com\\\/user\\\/CasaldelsInfants1\",\"https:\\\/\\\/www.instagram.com\\\/casalinfants\\\/\",\"https:\\\/\\\/www.linkedin.com\\\/company\\\/casaldelsinfants?trk=organization-update_share-update_actor-text\"]},{\"@type\":\"Person\",\"@id\":\"https:\\\/\\\/www.casaldelsinfants.org\\\/es\\\/#\\\/schema\\\/person\\\/97707fc8c64900cf36891127dbf9fba8\",\"name\":\"cdiAdmin\",\"sameAs\":[\"https:\\\/\\\/casaldelsinfants.org\"]}]}<\/script>\n<!-- \/ Yoast SEO plugin. -->","yoast_head_json":{"title":"Colaboraci\u00f3n con Kavehome - Acciones para la inserci\u00f3n laboral. - Casal dels Infants","robots":{"index":"index","follow":"follow","max-snippet":"max-snippet:-1","max-image-preview":"max-image-preview:large","max-video-preview":"max-video-preview:-1"},"canonical":"https:\/\/www.casaldelsinfants.org\/es\/actualidad\/colaboracion-con-kavehome-acciones-para-la-insercion-laboral\/","og_locale":"es_ES","og_type":"article","og_title":"Colaboraci\u00f3n con Kavehome - Acciones para la inserci\u00f3n laboral. - Casal dels Infants","og_description":"\u00a0 Cuando creamos alianzas con las empresas, siempre intentamos sacarle el m\u00e1ximo valor teniendo en cuenta su actividad profesional. Buscamos encontrar el m\u00e1ximo encaje para transformar cada relaci\u00f3n en potenciales oportunidades de futuro. De este modo, durante el mes de junio hemos colaborado con Kave Home, la marca gerundense de muebles y decoraci\u00f3n de dise\u00f1o, [&hellip;]","og_url":"https:\/\/www.casaldelsinfants.org\/es\/actualidad\/colaboracion-con-kavehome-acciones-para-la-insercion-laboral\/","og_site_name":"Casal dels Infants","article_publisher":"https:\/\/www.facebook.com\/casalinfants","article_published_time":"2022-07-18T12:24:46+00:00","article_modified_time":"2023-05-23T11:50:37+00:00","og_image":[{"width":2560,"height":1920,"url":"https:\/\/www.casaldelsinfants.org\/wp-content\/uploads\/img-0993-scaled.jpg","type":"image\/jpeg"}],"author":"cdiAdmin","twitter_card":"summary_large_image","twitter_creator":"@casalinfants","twitter_site":"@casalinfants","twitter_misc":{"Escrito por":"cdiAdmin","Tiempo de lectura":"3 minutos"},"schema":{"@context":"https:\/\/schema.org","@graph":[{"@type":"Article","@id":"https:\/\/www.casaldelsinfants.org\/es\/actualidad\/colaboracion-con-kavehome-acciones-para-la-insercion-laboral\/#article","isPartOf":{"@id":"https:\/\/www.casaldelsinfants.org\/es\/actualidad\/colaboracion-con-kavehome-acciones-para-la-insercion-laboral\/"},"author":{"name":"cdiAdmin","@id":"https:\/\/www.casaldelsinfants.org\/es\/#\/schema\/person\/97707fc8c64900cf36891127dbf9fba8"},"headline":"Colaboraci\u00f3n con Kavehome &#8211; Acciones para la inserci\u00f3n laboral.","datePublished":"2022-07-18T12:24:46+00:00","dateModified":"2023-05-23T11:50:37+00:00","mainEntityOfPage":{"@id":"https:\/\/www.casaldelsinfants.org\/es\/actualidad\/colaboracion-con-kavehome-acciones-para-la-insercion-laboral\/"},"wordCount":587,"commentCount":0,"publisher":{"@id":"https:\/\/www.casaldelsinfants.org\/es\/#organization"},"image":{"@id":"https:\/\/www.casaldelsinfants.org\/es\/actualidad\/colaboracion-con-kavehome-acciones-para-la-insercion-laboral\/#primaryimage"},"thumbnailUrl":"https:\/\/www.casaldelsinfants.org\/wp-content\/uploads\/img-0993-scaled.jpg","articleSection":["Noticia"],"inLanguage":"es","potentialAction":[{"@type":"CommentAction","name":"Comment","target":["https:\/\/www.casaldelsinfants.org\/es\/actualidad\/colaboracion-con-kavehome-acciones-para-la-insercion-laboral\/#respond"]}]},{"@type":"WebPage","@id":"https:\/\/www.casaldelsinfants.org\/es\/actualidad\/colaboracion-con-kavehome-acciones-para-la-insercion-laboral\/","url":"https:\/\/www.casaldelsinfants.org\/es\/actualidad\/colaboracion-con-kavehome-acciones-para-la-insercion-laboral\/","name":"Colaboraci\u00f3n con Kavehome - Acciones para la inserci\u00f3n laboral. - Casal dels Infants","isPartOf":{"@id":"https:\/\/www.casaldelsinfants.org\/es\/#website"},"primaryImageOfPage":{"@id":"https:\/\/www.casaldelsinfants.org\/es\/actualidad\/colaboracion-con-kavehome-acciones-para-la-insercion-laboral\/#primaryimage"},"image":{"@id":"https:\/\/www.casaldelsinfants.org\/es\/actualidad\/colaboracion-con-kavehome-acciones-para-la-insercion-laboral\/#primaryimage"},"thumbnailUrl":"https:\/\/www.casaldelsinfants.org\/wp-content\/uploads\/img-0993-scaled.jpg","datePublished":"2022-07-18T12:24:46+00:00","dateModified":"2023-05-23T11:50:37+00:00","breadcrumb":{"@id":"https:\/\/www.casaldelsinfants.org\/es\/actualidad\/colaboracion-con-kavehome-acciones-para-la-insercion-laboral\/#breadcrumb"},"inLanguage":"es","potentialAction":[{"@type":"ReadAction","target":["https:\/\/www.casaldelsinfants.org\/es\/actualidad\/colaboracion-con-kavehome-acciones-para-la-insercion-laboral\/"]}]},{"@type":"ImageObject","inLanguage":"es","@id":"https:\/\/www.casaldelsinfants.org\/es\/actualidad\/colaboracion-con-kavehome-acciones-para-la-insercion-laboral\/#primaryimage","url":"https:\/\/www.casaldelsinfants.org\/wp-content\/uploads\/img-0993-scaled.jpg","contentUrl":"https:\/\/www.casaldelsinfants.org\/wp-content\/uploads\/img-0993-scaled.jpg","width":2560,"height":1920,"caption":"Xerrada d'insersi\u00f3 laboral de joves amb Kave Home"},{"@type":"BreadcrumbList","@id":"https:\/\/www.casaldelsinfants.org\/es\/actualidad\/colaboracion-con-kavehome-acciones-para-la-insercion-laboral\/#breadcrumb","itemListElement":[{"@type":"ListItem","position":1,"name":"Inici","item":"https:\/\/www.casaldelsinfants.org\/es\/"},{"@type":"ListItem","position":2,"name":"Colaboraci\u00f3n con Kavehome &#8211; Acciones para la inserci\u00f3n laboral."}]},{"@type":"WebSite","@id":"https:\/\/www.casaldelsinfants.org\/es\/#website","url":"https:\/\/www.casaldelsinfants.org\/es\/","name":"Casal dels Infants","description":"","publisher":{"@id":"https:\/\/www.casaldelsinfants.org\/es\/#organization"},"potentialAction":[{"@type":"SearchAction","target":{"@type":"EntryPoint","urlTemplate":"https:\/\/www.casaldelsinfants.org\/es\/?s={search_term_string}"},"query-input":{"@type":"PropertyValueSpecification","valueRequired":true,"valueName":"search_term_string"}}],"inLanguage":"es"},{"@type":"Organization","@id":"https:\/\/www.casaldelsinfants.org\/es\/#organization","name":"Casal dels Infants","url":"https:\/\/www.casaldelsinfants.org\/es\/","logo":{"@type":"ImageObject","inLanguage":"es","@id":"https:\/\/www.casaldelsinfants.org\/es\/#\/schema\/logo\/image\/","url":"https:\/\/www.casaldelsinfants.org\/wp-content\/uploads\/logo-mail.png","contentUrl":"https:\/\/www.casaldelsinfants.org\/wp-content\/uploads\/logo-mail.png","width":380,"height":158,"caption":"Casal dels Infants"},"image":{"@id":"https:\/\/www.casaldelsinfants.org\/es\/#\/schema\/logo\/image\/"},"sameAs":["https:\/\/www.facebook.com\/casalinfants","https:\/\/x.com\/casalinfants","https:\/\/www.youtube.com\/user\/CasaldelsInfants1","https:\/\/www.instagram.com\/casalinfants\/","https:\/\/www.linkedin.com\/company\/casaldelsinfants?trk=organization-update_share-update_actor-text"]},{"@type":"Person","@id":"https:\/\/www.casaldelsinfants.org\/es\/#\/schema\/person\/97707fc8c64900cf36891127dbf9fba8","name":"cdiAdmin","sameAs":["https:\/\/casaldelsinfants.org"]}]}},"publishpress_future_action":{"enabled":false,"date":"2026-05-09 04:57:35","action":"change-status","newStatus":"draft","terms":[],"taxonomy":"category","extraData":[]},"publishpress_future_workflow_manual_trigger":{"enabledWorkflows":[]},"_links":{"self":[{"href":"https:\/\/www.casaldelsinfants.org\/es\/wp-json\/wp\/v2\/posts\/4202","targetHints":{"allow":["GET"]}}],"collection":[{"href":"https:\/\/www.casaldelsinfants.org\/es\/wp-json\/wp\/v2\/posts"}],"about":[{"href":"https:\/\/www.casaldelsinfants.org\/es\/wp-json\/wp\/v2\/types\/post"}],"author":[{"embeddable":true,"href":"https:\/\/www.casaldelsinfants.org\/es\/wp-json\/wp\/v2\/users\/1"}],"replies":[{"embeddable":true,"href":"https:\/\/www.casaldelsinfants.org\/es\/wp-json\/wp\/v2\/comments?post=4202"}],"version-history":[{"count":1,"href":"https:\/\/www.casaldelsinfants.org\/es\/wp-json\/wp\/v2\/posts\/4202\/revisions"}],"predecessor-version":[{"id":6199,"href":"https:\/\/www.casaldelsinfants.org\/es\/wp-json\/wp\/v2\/posts\/4202\/revisions\/6199"}],"wp:featuredmedia":[{"embeddable":true,"href":"https:\/\/www.casaldelsinfants.org\/es\/wp-json\/wp\/v2\/media\/2894"}],"wp:attachment":[{"href":"https:\/\/www.casaldelsinfants.org\/es\/wp-json\/wp\/v2\/media?parent=4202"}],"wp:term":[{"taxonomy":"category","embeddable":true,"href":"https:\/\/www.casaldelsinfants.org\/es\/wp-json\/wp\/v2\/categories?post=4202"},{"taxonomy":"post_tag","embeddable":true,"href":"https:\/\/www.casaldelsinfants.org\/es\/wp-json\/wp\/v2\/tags?post=4202"},{"taxonomy":"seus","embeddable":true,"href":"https:\/\/www.casaldelsinfants.org\/es\/wp-json\/wp\/v2\/seus?post=4202"},{"taxonomy":"eixos","embeddable":true,"href":"https:\/\/www.casaldelsinfants.org\/es\/wp-json\/wp\/v2\/eixos?post=4202"}],"curies":[{"name":"wp","href":"https:\/\/api.w.org\/{rel}","templated":true}]}}