{"id":4204,"date":"2022-07-18T14:10:31","date_gmt":"2022-07-18T12:10:31","guid":{"rendered":"https:\/\/casal.puntzero.cat\/noticies\/aliances-amb-sentit\/"},"modified":"2023-05-23T13:30:58","modified_gmt":"2023-05-23T11:30:58","slug":"aliances-amb-sentit","status":"publish","type":"post","link":"https:\/\/www.casaldelsinfants.org\/es\/actualidad\/alianzas-con-sentido\/","title":{"rendered":"Alianzas con sentido"},"content":{"rendered":"<p>Desde hace ya un tiempo y cada vez de forma m\u00e1s visible, las empresas y organizaciones est\u00e1is haciendo crecer vuestro rol social y tom\u00e1is responsabilidad hacia un mundo m\u00e1s justo y comprometido con las personas. Como entidad social que somos, nos gusta mucho ver ese valor creciente y sabemos que cuando conseguimos trabajar juntos podemos evolucionar hacia nuevos modelos generadores de impacto real.<\/p>\n<p>\u00a0<\/p>\n<p dir=\"ltr\"><b>Las necesidades y los retos de nuestra sociedad son grandes y complicados. \u00bfC\u00f3mo nos encontramos las empresas y el Casal dels Infants? \u00a1Solo podemos hacerlo a trav\u00e9s de alianzas con sentido!<\/b><\/p>\n<p>\u00a0<\/p>\n<p>Para encontrar un encaje satisfactorio entre las empresas y el Casal es necesario, muchas veces, un trabajo artesanal, que acerca con cuidado las diferentes realidades, que fomenta el aprendizaje, la empat\u00eda y las ganas de tomar acci\u00f3n, que aprende una de la otra y que no deja indiferente a nadie.\u00a0<\/p>\n<p>\u00a0<\/p>\n<p dir=\"ltr\"><b>\u00a1Es un proceso que requiere sobre todo de observaci\u00f3n, flexibilidad y entusiasmo! Y es que en el Casal os ofrecemos nuevas oportunidades de participar, pensando en los ni\u00f1os y tambi\u00e9n en las personas que no conocen de primera mano las dificultades que se viven tan cerca suyo.<\/b><\/p>\n<p>\u00a0<\/p>\n<p>Son diversas las acciones que hemos dise\u00f1ado en el Casal para fomentar este enriquecedor acercamiento, entendiendo el gran valor que aporta a todas las personas participantes de la empresa as\u00ed como tambi\u00e9n trabajando para conseguir el apoyo necesario para garantizar la continuidad de los proyectos educativos que dan respuesta a las situaciones de desigualdad que los profesionales y voluntarios del Casal afrontan d\u00eda a d\u00eda.<\/p>\n<p>\u00a0<\/p>\n<p>El voluntariado corporativo, las visitas a empresas y los talleres especializados son algunas de las acciones que ya estamos llevando a cabo con algunas de ustedes.<\/p>\n<p>\u00a0<\/p>\n<p>\u00a1Esperamos poder continuar creando oportunidades de futuro con su apoyo!<\/p>\n<p>\u00a0<\/p>\n<p>Para dise\u00f1ar una experiencia solidaria ponte en contacto con<br \/>\n<a href=\"mailto:csavin@casaldelsinfants.org\">savin@casaldelsinfants.org<\/a><\/p>\n<p>\u00a0<\/p>\n<p>\u00a0<\/p>\n","protected":false},"excerpt":{"rendered":"<p>Desde hace ya un tiempo y cada vez de forma m\u00e1s visible, las empresas y organizaciones est\u00e1is haciendo crecer vuestro rol social y tom\u00e1is responsabilidad hacia un mundo m\u00e1s justo y comprometido con las personas. Como entidad social que somos, nos gusta mucho ver ese valor creciente y sabemos que cuando conseguimos trabajar juntos podemos [&hellip;]<\/p>\n","protected":false},"author":1,"featured_media":2900,"comment_status":"open","ping_status":"open","sticky":false,"template":"","format":"standard","meta":{"_acf_changed":false,"_et_pb_use_builder":"","_et_pb_old_content":"","_et_gb_content_width":"","inline_featured_image":false,"footnotes":""},"categories":[125],"tags":[],"seus":[],"eixos":[],"class_list":["post-4204","post","type-post","status-publish","format-standard","has-post-thumbnail","hentry","category-noticias"],"acf":[],"yoast_head":"<!-- This site is optimized with the Yoast SEO plugin v27.4 - https:\/\/yoast.com\/product\/yoast-seo-wordpress\/ -->\n<title>Alianzas con sentido - Casal dels Infants<\/title>\n<meta name=\"robots\" content=\"index, follow, max-snippet:-1, max-image-preview:large, max-video-preview:-1\" \/>\n<link rel=\"canonical\" href=\"https:\/\/www.casaldelsinfants.org\/es\/actualidad\/alianzas-con-sentido\/\" \/>\n<meta property=\"og:locale\" content=\"es_ES\" \/>\n<meta property=\"og:type\" content=\"article\" \/>\n<meta property=\"og:title\" content=\"Alianzas con sentido - Casal dels Infants\" \/>\n<meta property=\"og:description\" content=\"Desde hace ya un tiempo y cada vez de forma m\u00e1s visible, las empresas y organizaciones est\u00e1is haciendo crecer vuestro rol social y tom\u00e1is responsabilidad hacia un mundo m\u00e1s justo y comprometido con las personas. Como entidad social que somos, nos gusta mucho ver ese valor creciente y sabemos que cuando conseguimos trabajar juntos podemos [&hellip;]\" \/>\n<meta property=\"og:url\" content=\"https:\/\/www.casaldelsinfants.org\/es\/actualidad\/alianzas-con-sentido\/\" \/>\n<meta property=\"og:site_name\" content=\"Casal dels Infants\" \/>\n<meta property=\"article:publisher\" content=\"https:\/\/www.facebook.com\/casalinfants\" \/>\n<meta property=\"article:published_time\" content=\"2022-07-18T12:10:31+00:00\" \/>\n<meta property=\"article:modified_time\" content=\"2023-05-23T11:30:58+00:00\" \/>\n<meta property=\"og:image\" content=\"https:\/\/www.casaldelsinfants.org\/wp-content\/uploads\/whatsapp_image_2022-06-01_at_9.25.27_am_2_0.jpeg\" \/>\n\t<meta property=\"og:image:width\" content=\"1024\" \/>\n\t<meta property=\"og:image:height\" content=\"768\" \/>\n\t<meta property=\"og:image:type\" content=\"image\/jpeg\" \/>\n<meta name=\"author\" content=\"cdiAdmin\" \/>\n<meta name=\"twitter:card\" content=\"summary_large_image\" \/>\n<meta name=\"twitter:creator\" content=\"@casalinfants\" \/>\n<meta name=\"twitter:site\" content=\"@casalinfants\" \/>\n<meta name=\"twitter:label1\" content=\"Escrito por\" \/>\n\t<meta name=\"twitter:data1\" content=\"cdiAdmin\" \/>\n\t<meta name=\"twitter:label2\" content=\"Tiempo de lectura\" \/>\n\t<meta name=\"twitter:data2\" content=\"2 minutos\" \/>\n<script type=\"application\/ld+json\" class=\"yoast-schema-graph\">{\"@context\":\"https:\\\/\\\/schema.org\",\"@graph\":[{\"@type\":\"Article\",\"@id\":\"https:\\\/\\\/www.casaldelsinfants.org\\\/es\\\/actualidad\\\/alianzas-con-sentido\\\/#article\",\"isPartOf\":{\"@id\":\"https:\\\/\\\/www.casaldelsinfants.org\\\/es\\\/actualidad\\\/alianzas-con-sentido\\\/\"},\"author\":{\"name\":\"cdiAdmin\",\"@id\":\"https:\\\/\\\/www.casaldelsinfants.org\\\/es\\\/#\\\/schema\\\/person\\\/97707fc8c64900cf36891127dbf9fba8\"},\"headline\":\"Alianzas con sentido\",\"datePublished\":\"2022-07-18T12:10:31+00:00\",\"dateModified\":\"2023-05-23T11:30:58+00:00\",\"mainEntityOfPage\":{\"@id\":\"https:\\\/\\\/www.casaldelsinfants.org\\\/es\\\/actualidad\\\/alianzas-con-sentido\\\/\"},\"wordCount\":323,\"commentCount\":0,\"publisher\":{\"@id\":\"https:\\\/\\\/www.casaldelsinfants.org\\\/es\\\/#organization\"},\"image\":{\"@id\":\"https:\\\/\\\/www.casaldelsinfants.org\\\/es\\\/actualidad\\\/alianzas-con-sentido\\\/#primaryimage\"},\"thumbnailUrl\":\"https:\\\/\\\/www.casaldelsinfants.org\\\/wp-content\\\/uploads\\\/whatsapp_image_2022-06-01_at_9.25.27_am_2_0.jpeg\",\"articleSection\":[\"Noticia\"],\"inLanguage\":\"es\",\"potentialAction\":[{\"@type\":\"CommentAction\",\"name\":\"Comment\",\"target\":[\"https:\\\/\\\/www.casaldelsinfants.org\\\/es\\\/actualidad\\\/alianzas-con-sentido\\\/#respond\"]}]},{\"@type\":\"WebPage\",\"@id\":\"https:\\\/\\\/www.casaldelsinfants.org\\\/es\\\/actualidad\\\/alianzas-con-sentido\\\/\",\"url\":\"https:\\\/\\\/www.casaldelsinfants.org\\\/es\\\/actualidad\\\/alianzas-con-sentido\\\/\",\"name\":\"Alianzas con sentido - Casal dels Infants\",\"isPartOf\":{\"@id\":\"https:\\\/\\\/www.casaldelsinfants.org\\\/es\\\/#website\"},\"primaryImageOfPage\":{\"@id\":\"https:\\\/\\\/www.casaldelsinfants.org\\\/es\\\/actualidad\\\/alianzas-con-sentido\\\/#primaryimage\"},\"image\":{\"@id\":\"https:\\\/\\\/www.casaldelsinfants.org\\\/es\\\/actualidad\\\/alianzas-con-sentido\\\/#primaryimage\"},\"thumbnailUrl\":\"https:\\\/\\\/www.casaldelsinfants.org\\\/wp-content\\\/uploads\\\/whatsapp_image_2022-06-01_at_9.25.27_am_2_0.jpeg\",\"datePublished\":\"2022-07-18T12:10:31+00:00\",\"dateModified\":\"2023-05-23T11:30:58+00:00\",\"breadcrumb\":{\"@id\":\"https:\\\/\\\/www.casaldelsinfants.org\\\/es\\\/actualidad\\\/alianzas-con-sentido\\\/#breadcrumb\"},\"inLanguage\":\"es\",\"potentialAction\":[{\"@type\":\"ReadAction\",\"target\":[\"https:\\\/\\\/www.casaldelsinfants.org\\\/es\\\/actualidad\\\/alianzas-con-sentido\\\/\"]}]},{\"@type\":\"ImageObject\",\"inLanguage\":\"es\",\"@id\":\"https:\\\/\\\/www.casaldelsinfants.org\\\/es\\\/actualidad\\\/alianzas-con-sentido\\\/#primaryimage\",\"url\":\"https:\\\/\\\/www.casaldelsinfants.org\\\/wp-content\\\/uploads\\\/whatsapp_image_2022-06-01_at_9.25.27_am_2_0.jpeg\",\"contentUrl\":\"https:\\\/\\\/www.casaldelsinfants.org\\\/wp-content\\\/uploads\\\/whatsapp_image_2022-06-01_at_9.25.27_am_2_0.jpeg\",\"width\":1024,\"height\":768,\"caption\":\"Enric Canet parlant sobre el Casal dels Infants.\"},{\"@type\":\"BreadcrumbList\",\"@id\":\"https:\\\/\\\/www.casaldelsinfants.org\\\/es\\\/actualidad\\\/alianzas-con-sentido\\\/#breadcrumb\",\"itemListElement\":[{\"@type\":\"ListItem\",\"position\":1,\"name\":\"Inici\",\"item\":\"https:\\\/\\\/www.casaldelsinfants.org\\\/es\\\/\"},{\"@type\":\"ListItem\",\"position\":2,\"name\":\"Alianzas con sentido\"}]},{\"@type\":\"WebSite\",\"@id\":\"https:\\\/\\\/www.casaldelsinfants.org\\\/es\\\/#website\",\"url\":\"https:\\\/\\\/www.casaldelsinfants.org\\\/es\\\/\",\"name\":\"Casal dels Infants\",\"description\":\"\",\"publisher\":{\"@id\":\"https:\\\/\\\/www.casaldelsinfants.org\\\/es\\\/#organization\"},\"potentialAction\":[{\"@type\":\"SearchAction\",\"target\":{\"@type\":\"EntryPoint\",\"urlTemplate\":\"https:\\\/\\\/www.casaldelsinfants.org\\\/es\\\/?s={search_term_string}\"},\"query-input\":{\"@type\":\"PropertyValueSpecification\",\"valueRequired\":true,\"valueName\":\"search_term_string\"}}],\"inLanguage\":\"es\"},{\"@type\":\"Organization\",\"@id\":\"https:\\\/\\\/www.casaldelsinfants.org\\\/es\\\/#organization\",\"name\":\"Casal dels Infants\",\"url\":\"https:\\\/\\\/www.casaldelsinfants.org\\\/es\\\/\",\"logo\":{\"@type\":\"ImageObject\",\"inLanguage\":\"es\",\"@id\":\"https:\\\/\\\/www.casaldelsinfants.org\\\/es\\\/#\\\/schema\\\/logo\\\/image\\\/\",\"url\":\"https:\\\/\\\/www.casaldelsinfants.org\\\/wp-content\\\/uploads\\\/logo-mail.png\",\"contentUrl\":\"https:\\\/\\\/www.casaldelsinfants.org\\\/wp-content\\\/uploads\\\/logo-mail.png\",\"width\":380,\"height\":158,\"caption\":\"Casal dels Infants\"},\"image\":{\"@id\":\"https:\\\/\\\/www.casaldelsinfants.org\\\/es\\\/#\\\/schema\\\/logo\\\/image\\\/\"},\"sameAs\":[\"https:\\\/\\\/www.facebook.com\\\/casalinfants\",\"https:\\\/\\\/x.com\\\/casalinfants\",\"https:\\\/\\\/www.youtube.com\\\/user\\\/CasaldelsInfants1\",\"https:\\\/\\\/www.instagram.com\\\/casalinfants\\\/\",\"https:\\\/\\\/www.linkedin.com\\\/company\\\/casaldelsinfants?trk=organization-update_share-update_actor-text\"]},{\"@type\":\"Person\",\"@id\":\"https:\\\/\\\/www.casaldelsinfants.org\\\/es\\\/#\\\/schema\\\/person\\\/97707fc8c64900cf36891127dbf9fba8\",\"name\":\"cdiAdmin\",\"sameAs\":[\"https:\\\/\\\/casaldelsinfants.org\"]}]}<\/script>\n<!-- \/ Yoast SEO plugin. -->","yoast_head_json":{"title":"Alianzas con sentido - Casal dels Infants","robots":{"index":"index","follow":"follow","max-snippet":"max-snippet:-1","max-image-preview":"max-image-preview:large","max-video-preview":"max-video-preview:-1"},"canonical":"https:\/\/www.casaldelsinfants.org\/es\/actualidad\/alianzas-con-sentido\/","og_locale":"es_ES","og_type":"article","og_title":"Alianzas con sentido - Casal dels Infants","og_description":"Desde hace ya un tiempo y cada vez de forma m\u00e1s visible, las empresas y organizaciones est\u00e1is haciendo crecer vuestro rol social y tom\u00e1is responsabilidad hacia un mundo m\u00e1s justo y comprometido con las personas. Como entidad social que somos, nos gusta mucho ver ese valor creciente y sabemos que cuando conseguimos trabajar juntos podemos [&hellip;]","og_url":"https:\/\/www.casaldelsinfants.org\/es\/actualidad\/alianzas-con-sentido\/","og_site_name":"Casal dels Infants","article_publisher":"https:\/\/www.facebook.com\/casalinfants","article_published_time":"2022-07-18T12:10:31+00:00","article_modified_time":"2023-05-23T11:30:58+00:00","og_image":[{"width":1024,"height":768,"url":"https:\/\/www.casaldelsinfants.org\/wp-content\/uploads\/whatsapp_image_2022-06-01_at_9.25.27_am_2_0.jpeg","type":"image\/jpeg"}],"author":"cdiAdmin","twitter_card":"summary_large_image","twitter_creator":"@casalinfants","twitter_site":"@casalinfants","twitter_misc":{"Escrito por":"cdiAdmin","Tiempo de lectura":"2 minutos"},"schema":{"@context":"https:\/\/schema.org","@graph":[{"@type":"Article","@id":"https:\/\/www.casaldelsinfants.org\/es\/actualidad\/alianzas-con-sentido\/#article","isPartOf":{"@id":"https:\/\/www.casaldelsinfants.org\/es\/actualidad\/alianzas-con-sentido\/"},"author":{"name":"cdiAdmin","@id":"https:\/\/www.casaldelsinfants.org\/es\/#\/schema\/person\/97707fc8c64900cf36891127dbf9fba8"},"headline":"Alianzas con sentido","datePublished":"2022-07-18T12:10:31+00:00","dateModified":"2023-05-23T11:30:58+00:00","mainEntityOfPage":{"@id":"https:\/\/www.casaldelsinfants.org\/es\/actualidad\/alianzas-con-sentido\/"},"wordCount":323,"commentCount":0,"publisher":{"@id":"https:\/\/www.casaldelsinfants.org\/es\/#organization"},"image":{"@id":"https:\/\/www.casaldelsinfants.org\/es\/actualidad\/alianzas-con-sentido\/#primaryimage"},"thumbnailUrl":"https:\/\/www.casaldelsinfants.org\/wp-content\/uploads\/whatsapp_image_2022-06-01_at_9.25.27_am_2_0.jpeg","articleSection":["Noticia"],"inLanguage":"es","potentialAction":[{"@type":"CommentAction","name":"Comment","target":["https:\/\/www.casaldelsinfants.org\/es\/actualidad\/alianzas-con-sentido\/#respond"]}]},{"@type":"WebPage","@id":"https:\/\/www.casaldelsinfants.org\/es\/actualidad\/alianzas-con-sentido\/","url":"https:\/\/www.casaldelsinfants.org\/es\/actualidad\/alianzas-con-sentido\/","name":"Alianzas con sentido - Casal dels Infants","isPartOf":{"@id":"https:\/\/www.casaldelsinfants.org\/es\/#website"},"primaryImageOfPage":{"@id":"https:\/\/www.casaldelsinfants.org\/es\/actualidad\/alianzas-con-sentido\/#primaryimage"},"image":{"@id":"https:\/\/www.casaldelsinfants.org\/es\/actualidad\/alianzas-con-sentido\/#primaryimage"},"thumbnailUrl":"https:\/\/www.casaldelsinfants.org\/wp-content\/uploads\/whatsapp_image_2022-06-01_at_9.25.27_am_2_0.jpeg","datePublished":"2022-07-18T12:10:31+00:00","dateModified":"2023-05-23T11:30:58+00:00","breadcrumb":{"@id":"https:\/\/www.casaldelsinfants.org\/es\/actualidad\/alianzas-con-sentido\/#breadcrumb"},"inLanguage":"es","potentialAction":[{"@type":"ReadAction","target":["https:\/\/www.casaldelsinfants.org\/es\/actualidad\/alianzas-con-sentido\/"]}]},{"@type":"ImageObject","inLanguage":"es","@id":"https:\/\/www.casaldelsinfants.org\/es\/actualidad\/alianzas-con-sentido\/#primaryimage","url":"https:\/\/www.casaldelsinfants.org\/wp-content\/uploads\/whatsapp_image_2022-06-01_at_9.25.27_am_2_0.jpeg","contentUrl":"https:\/\/www.casaldelsinfants.org\/wp-content\/uploads\/whatsapp_image_2022-06-01_at_9.25.27_am_2_0.jpeg","width":1024,"height":768,"caption":"Enric Canet parlant sobre el Casal dels Infants."},{"@type":"BreadcrumbList","@id":"https:\/\/www.casaldelsinfants.org\/es\/actualidad\/alianzas-con-sentido\/#breadcrumb","itemListElement":[{"@type":"ListItem","position":1,"name":"Inici","item":"https:\/\/www.casaldelsinfants.org\/es\/"},{"@type":"ListItem","position":2,"name":"Alianzas con sentido"}]},{"@type":"WebSite","@id":"https:\/\/www.casaldelsinfants.org\/es\/#website","url":"https:\/\/www.casaldelsinfants.org\/es\/","name":"Casal dels Infants","description":"","publisher":{"@id":"https:\/\/www.casaldelsinfants.org\/es\/#organization"},"potentialAction":[{"@type":"SearchAction","target":{"@type":"EntryPoint","urlTemplate":"https:\/\/www.casaldelsinfants.org\/es\/?s={search_term_string}"},"query-input":{"@type":"PropertyValueSpecification","valueRequired":true,"valueName":"search_term_string"}}],"inLanguage":"es"},{"@type":"Organization","@id":"https:\/\/www.casaldelsinfants.org\/es\/#organization","name":"Casal dels Infants","url":"https:\/\/www.casaldelsinfants.org\/es\/","logo":{"@type":"ImageObject","inLanguage":"es","@id":"https:\/\/www.casaldelsinfants.org\/es\/#\/schema\/logo\/image\/","url":"https:\/\/www.casaldelsinfants.org\/wp-content\/uploads\/logo-mail.png","contentUrl":"https:\/\/www.casaldelsinfants.org\/wp-content\/uploads\/logo-mail.png","width":380,"height":158,"caption":"Casal dels Infants"},"image":{"@id":"https:\/\/www.casaldelsinfants.org\/es\/#\/schema\/logo\/image\/"},"sameAs":["https:\/\/www.facebook.com\/casalinfants","https:\/\/x.com\/casalinfants","https:\/\/www.youtube.com\/user\/CasaldelsInfants1","https:\/\/www.instagram.com\/casalinfants\/","https:\/\/www.linkedin.com\/company\/casaldelsinfants?trk=organization-update_share-update_actor-text"]},{"@type":"Person","@id":"https:\/\/www.casaldelsinfants.org\/es\/#\/schema\/person\/97707fc8c64900cf36891127dbf9fba8","name":"cdiAdmin","sameAs":["https:\/\/casaldelsinfants.org"]}]}},"publishpress_future_action":{"enabled":false,"date":"2026-05-09 04:56:03","action":"change-status","newStatus":"draft","terms":[],"taxonomy":"category","extraData":[]},"publishpress_future_workflow_manual_trigger":{"enabledWorkflows":[]},"_links":{"self":[{"href":"https:\/\/www.casaldelsinfants.org\/es\/wp-json\/wp\/v2\/posts\/4204","targetHints":{"allow":["GET"]}}],"collection":[{"href":"https:\/\/www.casaldelsinfants.org\/es\/wp-json\/wp\/v2\/posts"}],"about":[{"href":"https:\/\/www.casaldelsinfants.org\/es\/wp-json\/wp\/v2\/types\/post"}],"author":[{"embeddable":true,"href":"https:\/\/www.casaldelsinfants.org\/es\/wp-json\/wp\/v2\/users\/1"}],"replies":[{"embeddable":true,"href":"https:\/\/www.casaldelsinfants.org\/es\/wp-json\/wp\/v2\/comments?post=4204"}],"version-history":[{"count":1,"href":"https:\/\/www.casaldelsinfants.org\/es\/wp-json\/wp\/v2\/posts\/4204\/revisions"}],"predecessor-version":[{"id":6200,"href":"https:\/\/www.casaldelsinfants.org\/es\/wp-json\/wp\/v2\/posts\/4204\/revisions\/6200"}],"wp:featuredmedia":[{"embeddable":true,"href":"https:\/\/www.casaldelsinfants.org\/es\/wp-json\/wp\/v2\/media\/2900"}],"wp:attachment":[{"href":"https:\/\/www.casaldelsinfants.org\/es\/wp-json\/wp\/v2\/media?parent=4204"}],"wp:term":[{"taxonomy":"category","embeddable":true,"href":"https:\/\/www.casaldelsinfants.org\/es\/wp-json\/wp\/v2\/categories?post=4204"},{"taxonomy":"post_tag","embeddable":true,"href":"https:\/\/www.casaldelsinfants.org\/es\/wp-json\/wp\/v2\/tags?post=4204"},{"taxonomy":"seus","embeddable":true,"href":"https:\/\/www.casaldelsinfants.org\/es\/wp-json\/wp\/v2\/seus?post=4204"},{"taxonomy":"eixos","embeddable":true,"href":"https:\/\/www.casaldelsinfants.org\/es\/wp-json\/wp\/v2\/eixos?post=4204"}],"curies":[{"name":"wp","href":"https:\/\/api.w.org\/{rel}","templated":true}]}}