{"id":4205,"date":"2022-07-15T11:17:44","date_gmt":"2022-07-15T09:17:44","guid":{"rendered":"https:\/\/casal.puntzero.cat\/noticies\/joves-extutelats-i-extutelades-treballen-al-casal-dels-infants-facilitar-los-itineraris\/"},"modified":"2023-05-01T17:38:36","modified_gmt":"2023-05-01T15:38:36","slug":"joves-extutelats-i-extutelades-treballen-al-casal-dels-infants-facilitar-los-itineraris","status":"publish","type":"post","link":"https:\/\/www.casaldelsinfants.org\/es\/actualidad\/jovenes-extutelados-trabajan-casal-dels-infants\/","title":{"rendered":"J\u00f3venes ex tutelados y ex tuteladas trabajan en el Casal dels Infants para facilitarles itinerarios de inserci\u00f3n en el mundo laboral"},"content":{"rendered":"<p dir=\"ltr\"><span style=\"color:#000000;\">El equipo del Casal dels Infants est\u00e1 formado por m\u00e1s de 220 personas contratadas y cerca de 1.000 colaboradoras (la mayor\u00eda voluntarias y una parte en pr\u00e1cticas), que conjuntamente trabajamos de manera comprometida para que los ni\u00f1os, ni\u00f1as, j\u00f3venes y familias que acompa\u00f1amos superen el riesgo de exclusi\u00f3n social.\u00a0<\/span><\/p>\n<p dir=\"ltr\"><span style=\"color:#000000;\"><strong>Este a\u00f1o, se han unido\u00a0en el equipo seis j\u00f3venes<\/strong>, entre otras nuevas incorporaciones, gracias a una convocatoria del Programa Treball i Formaci\u00f3 del Servei d\u2019Ocupaci\u00f3 de Catalunya (SOC) para j\u00f3venes tutelados y ex tutelados por la Administraci\u00f3n de la Generalitat de Catalunya. El objetivo es facilitar experiencias profesionales a j\u00f3venes que, por haber sido tutelados, parten de una situaci\u00f3n de m\u00e1s vulnerabilidad. La intenci\u00f3n es que estas oportunidades les faciliten itinerarios de inserci\u00f3n en el mercado laboral.\u00a0<\/span><\/p>\n<p dir=\"ltr\"><span style=\"color:#000000;\">La poblaci\u00f3n joven hace a\u00f1os que encadena crisis, se ha precarizado el mercado laboral y es dif\u00edcil entrar sin experiencia previa. Seg\u00fan el Instituto de Estad\u00edstica de Catalunya (IDESCAT), <\/span><u><strong><a href=\"https:\/\/www.idescat.cat\/indicadors\/?id=conj&amp;n=10218&amp;lang=es\" target=\"_blank\" rel=\"noopener\">la tasa de desempleo entre j\u00f3venes de los 16 a los 24 a\u00f1os es del 25,33%<\/a><\/strong><\/u><span style=\"color:#000000;\">, es decir, una de cada cuatro j\u00f3venes no tiene trabajo. La situaci\u00f3n empeora si sumamos la vulnerabilidad de ser un o una joven ex tutelada, habiendo de asumir una emancipaci\u00f3n temprana, con las responsabilidades que eso conlleva y sin una red de apoyo cercana que ayude a hacer la transici\u00f3n hacia la edad adulta.\u00a0<\/span><\/p>\n<p dir=\"ltr\">\u00a0<\/p>\n<div class=\"video-embed-field-responsive-video form-group\"><iframe loading=\"lazy\" width=\"854\" height=\"480\" frameborder=\"0\" allowfullscreen=\"allowfullscreen\" src=\"https:\/\/www.youtube.com\/embed\/Tgvdp_dryGQ?autoplay=0&amp;start=0&amp;rel=0\"><\/iframe>\n<\/div>\n<p dir=\"ltr\">\u00a0<\/p>\n<p dir=\"ltr\"><span style=\"color:#000000;\">Los y las seis j\u00f3venes que ahora trabajan en el Casal empezaron a hacerlo el diciembre de 2021, y tienen <strong>un contrato a jornada completa durante 12 meses<\/strong>, un per\u00edodo en que tambi\u00e9n participan en acciones de formaci\u00f3n a cargo del SOC. Adem\u00e1s, cuentan con el acompa\u00f1amiento de una referente dentro del Casal, quien les da apoyo, les gu\u00eda y les facilita una mejor\u00a0adaptaci\u00f3n al puesto de trabajo y un refuerzo competencial. Estos y estas j\u00f3venes desarrollan sus tareas en el barrio del Raval, en Salt y en Badalona, y en los departamentos de Gerencia y Finanzas, Servicios Generales, y Comunicaci\u00f3n, incidencia y sensibilizaci\u00f3n.\u00a0<\/span><\/p>\n<p dir=\"ltr\"><meta charset=\"utf-8\" \/><span style=\"color:#000000;\"><strong>Aymane Gharrafi<\/strong> y <strong>Sara Toboso<\/strong> son dos de los j\u00f3venes que han sido\u00a0contratados gracias a esta convocatoria. Ayman tiene 21 a\u00f1os y trabaja en el barrio del <strong>Raval<\/strong>, dando apoyo al equipo con las tareas de gesti\u00f3n, administraci\u00f3n e intervenci\u00f3n en el Centro Abierto. Tambi\u00e9n ayuda con los cursos de castellano e inform\u00e1tica. El trabajo de Sara, de 22 a\u00f1os, es muy similar, pero la lleva a cabo en <strong>Badalona<\/strong>, con los Petits del Centro Abierto Infantil La Betsaida, que tienen entre 3 y 5 a\u00f1os, y en Vincles, el espacio maternoinfantil para madres y sus criaturas, durante el mes de julio.\u00a0<\/span><\/p>\n<p dir=\"ltr\">\u00a0<\/p>\n<div class=\"video-embed-field-responsive-video form-group\"><iframe loading=\"lazy\" width=\"854\" height=\"480\" frameborder=\"0\" allowfullscreen=\"allowfullscreen\" src=\"https:\/\/www.youtube.com\/embed\/El9KOO_Xp-0?autoplay=0&amp;start=0&amp;rel=0\"><\/iframe>\n<\/div>\n<p dir=\"ltr\">\u00a0<\/p>\n<p dir=\"ltr\"><span style=\"color:#000000;\">Ayman se march\u00f3 de T\u00e1nger cuando a\u00fan era menor, con 17 a\u00f1os. Pas\u00f3 por Andaluc\u00eda y acab\u00f3 en Catalunya, donde contin\u00faa viviendo y espera que as\u00ed sea durante mucho tiempo. Al cabo de seis meses de salir del centro de protecci\u00f3n de menores donde fue tutelado, pero, <strong>se le venci\u00f3 el permiso de residencia, que no pudo renovar pasados dos a\u00f1os<\/strong>, precisamente una semana antes que empezara a trabajar en el Casal. \u201cEs muy dif\u00edcil vivir el d\u00eda a d\u00eda pensando que no puedo trabajar legalmente, que no puedo jugar a f\u00fatbol, que no puedo tener una vida estable\u201d, recuerda. A pesar de encontrarse en una situaci\u00f3n de irregularidad durante casi tres a\u00f1os, gracias a su referente encontr\u00f3 un piso de personas ex tuteladas y pudo estudiar un curso de dinamizador deportivo, un grado medio de control de calidad de alimentos, y un curso de acceso a grado superior de Integraci\u00f3n Social.\u00a0<\/span><\/p>\n<p>\u00a0<\/p>\n<blockquote>\n<p dir=\"ltr\"><strong><span style=\"font-size:22px;\"><span style=\"color:#f1c40f;\">Aymane Gharrafi<\/span><span style=\"color:#000000;\">: \u201cEs muy dif\u00edcil vivir el d\u00eda a d\u00eda pensando que no puedo trabajar legalmente, que no puedo jugar a f\u00fatbol, que no puedo tener una vida estable\u201d<\/span><\/span><\/strong><\/p>\n<\/blockquote>\n<p>\u00a0<\/p>\n<p dir=\"ltr\"><span style=\"color:#000000;\">Sara es de Barcelona, y con 16 a\u00f1os pas\u00f3 a ser tutelada, lo que ella describe como una oportunidad. Desde que estaba en el centro de protecci\u00f3n, Sara ten\u00eda muy claro que ten\u00eda que ponerse a trabajar para conseguir una cierta estabilidad y autonom\u00eda. Actualmente, los y las j\u00f3venes ex tuteladas tienen derecho a <\/span><u><a href=\"https:\/\/portaljuridic.gencat.cat\/eli\/es-ct\/l\/2019\/07\/24\/4\" target=\"_blank\" rel=\"noopener\">una prestaci\u00f3n econ\u00f3mica hasta los 21 a\u00f1os, prorrogable hasta los 23, si han estado como m\u00ednimo un a\u00f1o bajo la tutela de la administraci\u00f3n<\/a><\/u><span style=\"color:#000000;\">; si es menos tiempo, tienen derecho a la prestaci\u00f3n durante 12 meses. Cuando Sara dej\u00f3 de ser tutelada, <strong>en haberlo sido menos de tres a\u00f1os, solo le correspond\u00edan 6 meses de prestaci\u00f3n<\/strong>. Entre trabajo y trabajo, Sara ha continuado estudiando, tiene el curso de monitora y est\u00e1 cursando el Ciclo Superior en Diet\u00e9tica. \u201cGracias al trabajo en el Casal tengo estabilidad econ\u00f3mica, que no da la felicidad, pero s\u00ed mucha tranquilidad\u201d, explica.\u00a0<\/span><\/p>\n<p>\u00a0<\/p>\n<blockquote>\n<p dir=\"ltr\"><span style=\"font-size:22px;\"><strong><span style=\"color:#f1c40f;\">Sara Toboso<\/span><span style=\"color:#000000;\">: \u201cGracias al trabajo en el Casal tengo estabilidad econ\u00f3mica, que no da la felicidad, pero s\u00ed mucha tranquilidad\u201d<\/span><\/strong><\/span><\/p>\n<\/blockquote>\n<p dir=\"ltr\">\u00a0<\/p>\n<p dir=\"ltr\"><span style=\"color:#000000;\">Ambos est\u00e1n <strong>agradecidos por la oportunidad y muy contentos con el trabajo y el equipo de educadores, educadoras y voluntarias<\/strong> con los que est\u00e1n trabajando. \u201cMe siento uno m\u00e1s del equipo, muy acogido y me encanta trabajar con ni\u00f1os y ni\u00f1as\u201d, dice Aymane sonriendo. Sara destaca la confianza, la libertad y el buen ambiente que se ha encontrado en el puesto de trabajo en el Casal.\u00a0<\/span><\/p>\n<p dir=\"ltr\"><span style=\"color:#000000;\">A los dos j\u00f3venes les quedan a\u00fan cinco meses de trabajo en el Casal por delante, donde continuar\u00e1n aprendiendo sobre intervenci\u00f3n y ocio educativo con ni\u00f1os, ni\u00f1as, j\u00f3venes y familias, y desarrollar\u00e1n su vocaci\u00f3n por el mundo social. Una vocaci\u00f3n que esperamos que puedan aplicar en sus futuros trabajos.\u00a0<\/span><\/p>\n<p>\u00a0<\/p>\n<blockquote>\n<p><strong>Haz\u00a0posible que continuemos\u00a0apoyando a ni\u00f1os, ni\u00f1as y familias en situaci\u00f3n de vulnerabilidad.\u00a0<\/strong><\/p>\n<p>Haz\u00a0<strong>voluntariado<\/strong>. Inf\u00f3rmate\u00a0<a href=\"https:\/\/www.casaldelsinfants.org\/es\/que-puedes-hacer-tu\/voluntariado\/\" target=\"_blank\" rel=\"noopener\"><u>aqu\u00ed<\/u><\/a>.<\/p>\n<p>Haz un\u00a0<strong>donativo<\/strong>\u00a0<a href=\"https:\/\/www.casaldelsinfants.org\/es\/dona-ahora-verano\/\" target=\"_blank\" rel=\"noopener\"><u>aqu\u00ed<\/u><\/a>.<\/p>\n<p dir=\"ltr\"><span style=\"color:#000000;\">\u00a0<\/span><\/p>\n<\/blockquote>\n","protected":false},"excerpt":{"rendered":"<p>El equipo del Casal dels Infants est\u00e1 formado por m\u00e1s de 220 personas contratadas y cerca de 1.000 colaboradoras (la mayor\u00eda voluntarias y una parte en pr\u00e1cticas), que conjuntamente trabajamos de manera comprometida para que los ni\u00f1os, ni\u00f1as, j\u00f3venes y familias que acompa\u00f1amos superen el riesgo de exclusi\u00f3n social.\u00a0 Este a\u00f1o, se han unido\u00a0en el [&hellip;]<\/p>\n","protected":false},"author":1,"featured_media":2903,"comment_status":"open","ping_status":"open","sticky":false,"template":"","format":"standard","meta":{"_acf_changed":false,"_et_pb_use_builder":"","_et_pb_old_content":"","_et_gb_content_width":"","inline_featured_image":false,"footnotes":""},"categories":[125],"tags":[],"seus":[],"eixos":[102],"class_list":["post-4205","post","type-post","status-publish","format-standard","has-post-thumbnail","hentry","category-noticias","eixos-jovenes"],"acf":[],"yoast_head":"<!-- This site is optimized with the Yoast SEO plugin v27.4 - https:\/\/yoast.com\/product\/yoast-seo-wordpress\/ -->\n<title>J\u00f3venes ex tutelados y ex tuteladas trabajan en el Casal dels Infants para facilitarles itinerarios de inserci\u00f3n en el mundo laboral<\/title>\n<meta name=\"description\" content=\"Este a\u00f1o se han unido al equipo del Casal dels Infants seis j\u00f3venes, entre otras nuevas incoporaciones, gracias a una convocatoria del Servei d\u2019Ocupaci\u00f3 de Catalunya (SOC) para j\u00f3venes tutelados y ex tutelados, repartidos entre los diferentes barrios donde actuamos con el Casal y en diferentes departamentos de gesti\u00f3n, durante 12 meses a jornada completa.\" \/>\n<meta name=\"robots\" content=\"index, follow, max-snippet:-1, max-image-preview:large, max-video-preview:-1\" \/>\n<link rel=\"canonical\" href=\"https:\/\/www.casaldelsinfants.org\/es\/actualidad\/jovenes-extutelados-trabajan-casal-dels-infants\/\" \/>\n<meta property=\"og:locale\" content=\"es_ES\" \/>\n<meta property=\"og:type\" content=\"article\" \/>\n<meta property=\"og:title\" content=\"J\u00f3venes ex tutelados y ex tuteladas trabajan en el Casal dels Infants para facilitarles itinerarios de inserci\u00f3n en el mundo laboral\" \/>\n<meta property=\"og:description\" content=\"Este a\u00f1o se han unido al equipo del Casal dels Infants seis j\u00f3venes, entre otras nuevas incoporaciones, gracias a una convocatoria del Servei d\u2019Ocupaci\u00f3 de Catalunya (SOC) para j\u00f3venes tutelados y ex tutelados, repartidos entre los diferentes barrios donde actuamos con el Casal y en diferentes departamentos de gesti\u00f3n, durante 12 meses a jornada completa.\" \/>\n<meta property=\"og:url\" content=\"https:\/\/www.casaldelsinfants.org\/es\/actualidad\/jovenes-extutelados-trabajan-casal-dels-infants\/\" \/>\n<meta property=\"og:site_name\" content=\"Casal dels Infants\" \/>\n<meta property=\"article:publisher\" content=\"https:\/\/www.facebook.com\/casalinfants\" \/>\n<meta property=\"article:published_time\" content=\"2022-07-15T09:17:44+00:00\" \/>\n<meta property=\"article:modified_time\" content=\"2023-05-01T15:38:36+00:00\" \/>\n<meta property=\"og:image\" content=\"https:\/\/www.casaldelsinfants.org\/wp-content\/uploads\/diseno_sin_titulo_1.png\" \/>\n\t<meta property=\"og:image:width\" content=\"1920\" \/>\n\t<meta property=\"og:image:height\" content=\"1080\" \/>\n\t<meta property=\"og:image:type\" content=\"image\/png\" \/>\n<meta name=\"author\" content=\"cdiAdmin\" \/>\n<meta name=\"twitter:card\" content=\"summary_large_image\" \/>\n<meta name=\"twitter:creator\" content=\"@casalinfants\" \/>\n<meta name=\"twitter:site\" content=\"@casalinfants\" \/>\n<meta name=\"twitter:label1\" content=\"Escrito por\" \/>\n\t<meta name=\"twitter:data1\" content=\"cdiAdmin\" \/>\n\t<meta name=\"twitter:label2\" content=\"Tiempo de lectura\" \/>\n\t<meta name=\"twitter:data2\" content=\"5 minutos\" \/>\n<script type=\"application\/ld+json\" class=\"yoast-schema-graph\">{\"@context\":\"https:\\\/\\\/schema.org\",\"@graph\":[{\"@type\":\"Article\",\"@id\":\"https:\\\/\\\/www.casaldelsinfants.org\\\/es\\\/actualidad\\\/jovenes-extutelados-trabajan-casal-dels-infants\\\/#article\",\"isPartOf\":{\"@id\":\"https:\\\/\\\/www.casaldelsinfants.org\\\/es\\\/actualidad\\\/jovenes-extutelados-trabajan-casal-dels-infants\\\/\"},\"author\":{\"name\":\"cdiAdmin\",\"@id\":\"https:\\\/\\\/www.casaldelsinfants.org\\\/es\\\/#\\\/schema\\\/person\\\/97707fc8c64900cf36891127dbf9fba8\"},\"headline\":\"J\u00f3venes ex tutelados y ex tuteladas trabajan en el Casal dels Infants para facilitarles itinerarios de inserci\u00f3n en el mundo laboral\",\"datePublished\":\"2022-07-15T09:17:44+00:00\",\"dateModified\":\"2023-05-01T15:38:36+00:00\",\"mainEntityOfPage\":{\"@id\":\"https:\\\/\\\/www.casaldelsinfants.org\\\/es\\\/actualidad\\\/jovenes-extutelados-trabajan-casal-dels-infants\\\/\"},\"wordCount\":1033,\"commentCount\":0,\"publisher\":{\"@id\":\"https:\\\/\\\/www.casaldelsinfants.org\\\/es\\\/#organization\"},\"image\":{\"@id\":\"https:\\\/\\\/www.casaldelsinfants.org\\\/es\\\/actualidad\\\/jovenes-extutelados-trabajan-casal-dels-infants\\\/#primaryimage\"},\"thumbnailUrl\":\"https:\\\/\\\/www.casaldelsinfants.org\\\/wp-content\\\/uploads\\\/diseno_sin_titulo_1.png\",\"articleSection\":[\"Noticia\"],\"inLanguage\":\"es\",\"potentialAction\":[{\"@type\":\"CommentAction\",\"name\":\"Comment\",\"target\":[\"https:\\\/\\\/www.casaldelsinfants.org\\\/es\\\/actualidad\\\/jovenes-extutelados-trabajan-casal-dels-infants\\\/#respond\"]}]},{\"@type\":\"WebPage\",\"@id\":\"https:\\\/\\\/www.casaldelsinfants.org\\\/es\\\/actualidad\\\/jovenes-extutelados-trabajan-casal-dels-infants\\\/\",\"url\":\"https:\\\/\\\/www.casaldelsinfants.org\\\/es\\\/actualidad\\\/jovenes-extutelados-trabajan-casal-dels-infants\\\/\",\"name\":\"J\u00f3venes ex tutelados y ex tuteladas trabajan en el Casal dels Infants para facilitarles itinerarios de inserci\u00f3n en el mundo laboral\",\"isPartOf\":{\"@id\":\"https:\\\/\\\/www.casaldelsinfants.org\\\/es\\\/#website\"},\"primaryImageOfPage\":{\"@id\":\"https:\\\/\\\/www.casaldelsinfants.org\\\/es\\\/actualidad\\\/jovenes-extutelados-trabajan-casal-dels-infants\\\/#primaryimage\"},\"image\":{\"@id\":\"https:\\\/\\\/www.casaldelsinfants.org\\\/es\\\/actualidad\\\/jovenes-extutelados-trabajan-casal-dels-infants\\\/#primaryimage\"},\"thumbnailUrl\":\"https:\\\/\\\/www.casaldelsinfants.org\\\/wp-content\\\/uploads\\\/diseno_sin_titulo_1.png\",\"datePublished\":\"2022-07-15T09:17:44+00:00\",\"dateModified\":\"2023-05-01T15:38:36+00:00\",\"description\":\"Este a\u00f1o se han unido al equipo del Casal dels Infants seis j\u00f3venes, entre otras nuevas incoporaciones, gracias a una convocatoria del Servei d\u2019Ocupaci\u00f3 de Catalunya (SOC) para j\u00f3venes tutelados y ex tutelados, repartidos entre los diferentes barrios donde actuamos con el Casal y en diferentes departamentos de gesti\u00f3n, durante 12 meses a jornada completa.\",\"breadcrumb\":{\"@id\":\"https:\\\/\\\/www.casaldelsinfants.org\\\/es\\\/actualidad\\\/jovenes-extutelados-trabajan-casal-dels-infants\\\/#breadcrumb\"},\"inLanguage\":\"es\",\"potentialAction\":[{\"@type\":\"ReadAction\",\"target\":[\"https:\\\/\\\/www.casaldelsinfants.org\\\/es\\\/actualidad\\\/jovenes-extutelados-trabajan-casal-dels-infants\\\/\"]}]},{\"@type\":\"ImageObject\",\"inLanguage\":\"es\",\"@id\":\"https:\\\/\\\/www.casaldelsinfants.org\\\/es\\\/actualidad\\\/jovenes-extutelados-trabajan-casal-dels-infants\\\/#primaryimage\",\"url\":\"https:\\\/\\\/www.casaldelsinfants.org\\\/wp-content\\\/uploads\\\/diseno_sin_titulo_1.png\",\"contentUrl\":\"https:\\\/\\\/www.casaldelsinfants.org\\\/wp-content\\\/uploads\\\/diseno_sin_titulo_1.png\",\"width\":1920,\"height\":1080,\"caption\":\"Joves extutelats i extutelades treballen al Casal dels Infants per facilitar-los itineraris d\u2019inserci\u00f3 en el m\u00f3n laboral\"},{\"@type\":\"BreadcrumbList\",\"@id\":\"https:\\\/\\\/www.casaldelsinfants.org\\\/es\\\/actualidad\\\/jovenes-extutelados-trabajan-casal-dels-infants\\\/#breadcrumb\",\"itemListElement\":[{\"@type\":\"ListItem\",\"position\":1,\"name\":\"Inici\",\"item\":\"https:\\\/\\\/www.casaldelsinfants.org\\\/es\\\/\"},{\"@type\":\"ListItem\",\"position\":2,\"name\":\"J\u00f3venes ex tutelados y ex tuteladas trabajan en el Casal dels Infants para facilitarles itinerarios de inserci\u00f3n en el mundo laboral\"}]},{\"@type\":\"WebSite\",\"@id\":\"https:\\\/\\\/www.casaldelsinfants.org\\\/es\\\/#website\",\"url\":\"https:\\\/\\\/www.casaldelsinfants.org\\\/es\\\/\",\"name\":\"Casal dels Infants\",\"description\":\"\",\"publisher\":{\"@id\":\"https:\\\/\\\/www.casaldelsinfants.org\\\/es\\\/#organization\"},\"potentialAction\":[{\"@type\":\"SearchAction\",\"target\":{\"@type\":\"EntryPoint\",\"urlTemplate\":\"https:\\\/\\\/www.casaldelsinfants.org\\\/es\\\/?s={search_term_string}\"},\"query-input\":{\"@type\":\"PropertyValueSpecification\",\"valueRequired\":true,\"valueName\":\"search_term_string\"}}],\"inLanguage\":\"es\"},{\"@type\":\"Organization\",\"@id\":\"https:\\\/\\\/www.casaldelsinfants.org\\\/es\\\/#organization\",\"name\":\"Casal dels Infants\",\"url\":\"https:\\\/\\\/www.casaldelsinfants.org\\\/es\\\/\",\"logo\":{\"@type\":\"ImageObject\",\"inLanguage\":\"es\",\"@id\":\"https:\\\/\\\/www.casaldelsinfants.org\\\/es\\\/#\\\/schema\\\/logo\\\/image\\\/\",\"url\":\"https:\\\/\\\/www.casaldelsinfants.org\\\/wp-content\\\/uploads\\\/logo-mail.png\",\"contentUrl\":\"https:\\\/\\\/www.casaldelsinfants.org\\\/wp-content\\\/uploads\\\/logo-mail.png\",\"width\":380,\"height\":158,\"caption\":\"Casal dels Infants\"},\"image\":{\"@id\":\"https:\\\/\\\/www.casaldelsinfants.org\\\/es\\\/#\\\/schema\\\/logo\\\/image\\\/\"},\"sameAs\":[\"https:\\\/\\\/www.facebook.com\\\/casalinfants\",\"https:\\\/\\\/x.com\\\/casalinfants\",\"https:\\\/\\\/www.youtube.com\\\/user\\\/CasaldelsInfants1\",\"https:\\\/\\\/www.instagram.com\\\/casalinfants\\\/\",\"https:\\\/\\\/www.linkedin.com\\\/company\\\/casaldelsinfants?trk=organization-update_share-update_actor-text\"]},{\"@type\":\"Person\",\"@id\":\"https:\\\/\\\/www.casaldelsinfants.org\\\/es\\\/#\\\/schema\\\/person\\\/97707fc8c64900cf36891127dbf9fba8\",\"name\":\"cdiAdmin\",\"sameAs\":[\"https:\\\/\\\/casaldelsinfants.org\"]}]}<\/script>\n<!-- \/ Yoast SEO plugin. -->","yoast_head_json":{"title":"J\u00f3venes ex tutelados y ex tuteladas trabajan en el Casal dels Infants para facilitarles itinerarios de inserci\u00f3n en el mundo laboral","description":"Este a\u00f1o se han unido al equipo del Casal dels Infants seis j\u00f3venes, entre otras nuevas incoporaciones, gracias a una convocatoria del Servei d\u2019Ocupaci\u00f3 de Catalunya (SOC) para j\u00f3venes tutelados y ex tutelados, repartidos entre los diferentes barrios donde actuamos con el Casal y en diferentes departamentos de gesti\u00f3n, durante 12 meses a jornada completa.","robots":{"index":"index","follow":"follow","max-snippet":"max-snippet:-1","max-image-preview":"max-image-preview:large","max-video-preview":"max-video-preview:-1"},"canonical":"https:\/\/www.casaldelsinfants.org\/es\/actualidad\/jovenes-extutelados-trabajan-casal-dels-infants\/","og_locale":"es_ES","og_type":"article","og_title":"J\u00f3venes ex tutelados y ex tuteladas trabajan en el Casal dels Infants para facilitarles itinerarios de inserci\u00f3n en el mundo laboral","og_description":"Este a\u00f1o se han unido al equipo del Casal dels Infants seis j\u00f3venes, entre otras nuevas incoporaciones, gracias a una convocatoria del Servei d\u2019Ocupaci\u00f3 de Catalunya (SOC) para j\u00f3venes tutelados y ex tutelados, repartidos entre los diferentes barrios donde actuamos con el Casal y en diferentes departamentos de gesti\u00f3n, durante 12 meses a jornada completa.","og_url":"https:\/\/www.casaldelsinfants.org\/es\/actualidad\/jovenes-extutelados-trabajan-casal-dels-infants\/","og_site_name":"Casal dels Infants","article_publisher":"https:\/\/www.facebook.com\/casalinfants","article_published_time":"2022-07-15T09:17:44+00:00","article_modified_time":"2023-05-01T15:38:36+00:00","og_image":[{"width":1920,"height":1080,"url":"https:\/\/www.casaldelsinfants.org\/wp-content\/uploads\/diseno_sin_titulo_1.png","type":"image\/png"}],"author":"cdiAdmin","twitter_card":"summary_large_image","twitter_creator":"@casalinfants","twitter_site":"@casalinfants","twitter_misc":{"Escrito por":"cdiAdmin","Tiempo de lectura":"5 minutos"},"schema":{"@context":"https:\/\/schema.org","@graph":[{"@type":"Article","@id":"https:\/\/www.casaldelsinfants.org\/es\/actualidad\/jovenes-extutelados-trabajan-casal-dels-infants\/#article","isPartOf":{"@id":"https:\/\/www.casaldelsinfants.org\/es\/actualidad\/jovenes-extutelados-trabajan-casal-dels-infants\/"},"author":{"name":"cdiAdmin","@id":"https:\/\/www.casaldelsinfants.org\/es\/#\/schema\/person\/97707fc8c64900cf36891127dbf9fba8"},"headline":"J\u00f3venes ex tutelados y ex tuteladas trabajan en el Casal dels Infants para facilitarles itinerarios de inserci\u00f3n en el mundo laboral","datePublished":"2022-07-15T09:17:44+00:00","dateModified":"2023-05-01T15:38:36+00:00","mainEntityOfPage":{"@id":"https:\/\/www.casaldelsinfants.org\/es\/actualidad\/jovenes-extutelados-trabajan-casal-dels-infants\/"},"wordCount":1033,"commentCount":0,"publisher":{"@id":"https:\/\/www.casaldelsinfants.org\/es\/#organization"},"image":{"@id":"https:\/\/www.casaldelsinfants.org\/es\/actualidad\/jovenes-extutelados-trabajan-casal-dels-infants\/#primaryimage"},"thumbnailUrl":"https:\/\/www.casaldelsinfants.org\/wp-content\/uploads\/diseno_sin_titulo_1.png","articleSection":["Noticia"],"inLanguage":"es","potentialAction":[{"@type":"CommentAction","name":"Comment","target":["https:\/\/www.casaldelsinfants.org\/es\/actualidad\/jovenes-extutelados-trabajan-casal-dels-infants\/#respond"]}]},{"@type":"WebPage","@id":"https:\/\/www.casaldelsinfants.org\/es\/actualidad\/jovenes-extutelados-trabajan-casal-dels-infants\/","url":"https:\/\/www.casaldelsinfants.org\/es\/actualidad\/jovenes-extutelados-trabajan-casal-dels-infants\/","name":"J\u00f3venes ex tutelados y ex tuteladas trabajan en el Casal dels Infants para facilitarles itinerarios de inserci\u00f3n en el mundo laboral","isPartOf":{"@id":"https:\/\/www.casaldelsinfants.org\/es\/#website"},"primaryImageOfPage":{"@id":"https:\/\/www.casaldelsinfants.org\/es\/actualidad\/jovenes-extutelados-trabajan-casal-dels-infants\/#primaryimage"},"image":{"@id":"https:\/\/www.casaldelsinfants.org\/es\/actualidad\/jovenes-extutelados-trabajan-casal-dels-infants\/#primaryimage"},"thumbnailUrl":"https:\/\/www.casaldelsinfants.org\/wp-content\/uploads\/diseno_sin_titulo_1.png","datePublished":"2022-07-15T09:17:44+00:00","dateModified":"2023-05-01T15:38:36+00:00","description":"Este a\u00f1o se han unido al equipo del Casal dels Infants seis j\u00f3venes, entre otras nuevas incoporaciones, gracias a una convocatoria del Servei d\u2019Ocupaci\u00f3 de Catalunya (SOC) para j\u00f3venes tutelados y ex tutelados, repartidos entre los diferentes barrios donde actuamos con el Casal y en diferentes departamentos de gesti\u00f3n, durante 12 meses a jornada completa.","breadcrumb":{"@id":"https:\/\/www.casaldelsinfants.org\/es\/actualidad\/jovenes-extutelados-trabajan-casal-dels-infants\/#breadcrumb"},"inLanguage":"es","potentialAction":[{"@type":"ReadAction","target":["https:\/\/www.casaldelsinfants.org\/es\/actualidad\/jovenes-extutelados-trabajan-casal-dels-infants\/"]}]},{"@type":"ImageObject","inLanguage":"es","@id":"https:\/\/www.casaldelsinfants.org\/es\/actualidad\/jovenes-extutelados-trabajan-casal-dels-infants\/#primaryimage","url":"https:\/\/www.casaldelsinfants.org\/wp-content\/uploads\/diseno_sin_titulo_1.png","contentUrl":"https:\/\/www.casaldelsinfants.org\/wp-content\/uploads\/diseno_sin_titulo_1.png","width":1920,"height":1080,"caption":"Joves extutelats i extutelades treballen al Casal dels Infants per facilitar-los itineraris d\u2019inserci\u00f3 en el m\u00f3n laboral"},{"@type":"BreadcrumbList","@id":"https:\/\/www.casaldelsinfants.org\/es\/actualidad\/jovenes-extutelados-trabajan-casal-dels-infants\/#breadcrumb","itemListElement":[{"@type":"ListItem","position":1,"name":"Inici","item":"https:\/\/www.casaldelsinfants.org\/es\/"},{"@type":"ListItem","position":2,"name":"J\u00f3venes ex tutelados y ex tuteladas trabajan en el Casal dels Infants para facilitarles itinerarios de inserci\u00f3n en el mundo laboral"}]},{"@type":"WebSite","@id":"https:\/\/www.casaldelsinfants.org\/es\/#website","url":"https:\/\/www.casaldelsinfants.org\/es\/","name":"Casal dels Infants","description":"","publisher":{"@id":"https:\/\/www.casaldelsinfants.org\/es\/#organization"},"potentialAction":[{"@type":"SearchAction","target":{"@type":"EntryPoint","urlTemplate":"https:\/\/www.casaldelsinfants.org\/es\/?s={search_term_string}"},"query-input":{"@type":"PropertyValueSpecification","valueRequired":true,"valueName":"search_term_string"}}],"inLanguage":"es"},{"@type":"Organization","@id":"https:\/\/www.casaldelsinfants.org\/es\/#organization","name":"Casal dels Infants","url":"https:\/\/www.casaldelsinfants.org\/es\/","logo":{"@type":"ImageObject","inLanguage":"es","@id":"https:\/\/www.casaldelsinfants.org\/es\/#\/schema\/logo\/image\/","url":"https:\/\/www.casaldelsinfants.org\/wp-content\/uploads\/logo-mail.png","contentUrl":"https:\/\/www.casaldelsinfants.org\/wp-content\/uploads\/logo-mail.png","width":380,"height":158,"caption":"Casal dels Infants"},"image":{"@id":"https:\/\/www.casaldelsinfants.org\/es\/#\/schema\/logo\/image\/"},"sameAs":["https:\/\/www.facebook.com\/casalinfants","https:\/\/x.com\/casalinfants","https:\/\/www.youtube.com\/user\/CasaldelsInfants1","https:\/\/www.instagram.com\/casalinfants\/","https:\/\/www.linkedin.com\/company\/casaldelsinfants?trk=organization-update_share-update_actor-text"]},{"@type":"Person","@id":"https:\/\/www.casaldelsinfants.org\/es\/#\/schema\/person\/97707fc8c64900cf36891127dbf9fba8","name":"cdiAdmin","sameAs":["https:\/\/casaldelsinfants.org"]}]}},"publishpress_future_action":{"enabled":false,"date":"2026-05-08 16:19:09","action":"change-status","newStatus":"draft","terms":[],"taxonomy":"category","extraData":[]},"publishpress_future_workflow_manual_trigger":{"enabledWorkflows":[]},"_links":{"self":[{"href":"https:\/\/www.casaldelsinfants.org\/es\/wp-json\/wp\/v2\/posts\/4205","targetHints":{"allow":["GET"]}}],"collection":[{"href":"https:\/\/www.casaldelsinfants.org\/es\/wp-json\/wp\/v2\/posts"}],"about":[{"href":"https:\/\/www.casaldelsinfants.org\/es\/wp-json\/wp\/v2\/types\/post"}],"author":[{"embeddable":true,"href":"https:\/\/www.casaldelsinfants.org\/es\/wp-json\/wp\/v2\/users\/1"}],"replies":[{"embeddable":true,"href":"https:\/\/www.casaldelsinfants.org\/es\/wp-json\/wp\/v2\/comments?post=4205"}],"version-history":[{"count":1,"href":"https:\/\/www.casaldelsinfants.org\/es\/wp-json\/wp\/v2\/posts\/4205\/revisions"}],"predecessor-version":[{"id":6201,"href":"https:\/\/www.casaldelsinfants.org\/es\/wp-json\/wp\/v2\/posts\/4205\/revisions\/6201"}],"wp:featuredmedia":[{"embeddable":true,"href":"https:\/\/www.casaldelsinfants.org\/es\/wp-json\/wp\/v2\/media\/2903"}],"wp:attachment":[{"href":"https:\/\/www.casaldelsinfants.org\/es\/wp-json\/wp\/v2\/media?parent=4205"}],"wp:term":[{"taxonomy":"category","embeddable":true,"href":"https:\/\/www.casaldelsinfants.org\/es\/wp-json\/wp\/v2\/categories?post=4205"},{"taxonomy":"post_tag","embeddable":true,"href":"https:\/\/www.casaldelsinfants.org\/es\/wp-json\/wp\/v2\/tags?post=4205"},{"taxonomy":"seus","embeddable":true,"href":"https:\/\/www.casaldelsinfants.org\/es\/wp-json\/wp\/v2\/seus?post=4205"},{"taxonomy":"eixos","embeddable":true,"href":"https:\/\/www.casaldelsinfants.org\/es\/wp-json\/wp\/v2\/eixos?post=4205"}],"curies":[{"name":"wp","href":"https:\/\/api.w.org\/{rel}","templated":true}]}}