{"id":4206,"date":"2022-07-07T13:15:03","date_gmt":"2022-07-07T11:15:03","guid":{"rendered":"https:\/\/casal.puntzero.cat\/noticies\/la-fundacio-tennis-barcelona-porta-el-tennis-al-casal-dels-infants-de-santa-coloma-de\/"},"modified":"2023-04-04T13:17:06","modified_gmt":"2023-04-04T11:17:06","slug":"la-fundacio-tennis-barcelona-porta-el-tennis-al-casal-dels-infants-de-santa-coloma-de","status":"publish","type":"post","link":"https:\/\/www.casaldelsinfants.org\/es\/actualidad\/la-fundacion-tenis-barcelona-trae-el-tenis-al-casal-dels-infants-de-santa-coloma-de\/","title":{"rendered":"La Fundaci\u00f3n Tenis Barcelona trae el tenis al Casal dels Infants de Santa Coloma de Gramenet"},"content":{"rendered":"<p>[et_pb_section fb_built=\u00bb1&#8243; admin_label=\u00bbsection\u00bb _builder_version=\u00bb4.16&#8243; global_colors_info=\u00bb{}\u00bb][et_pb_row admin_label=\u00bbrow\u00bb _builder_version=\u00bb4.16&#8243; background_size=\u00bbinitial\u00bb background_position=\u00bbtop_left\u00bb background_repeat=\u00bbrepeat\u00bb global_colors_info=\u00bb{}\u00bb][et_pb_column type=\u00bb4_4&#8243; _builder_version=\u00bb4.16&#8243; custom_padding=\u00bb|||\u00bb global_colors_info=\u00bb{}\u00bb custom_padding__hover=\u00bb|||\u00bb][et_pb_text admin_label=\u00bbText\u00bb _builder_version=\u00bb4.20.2&#8243; background_size=\u00bbinitial\u00bb background_position=\u00bbtop_left\u00bb background_repeat=\u00bbrepeat\u00bb hover_enabled=\u00bb0&#8243; global_colors_info=\u00bb{}\u00bb sticky_enabled=\u00bb0&#8243;]<\/p>\n<p><span style=\"color: #000000;\">La<\/span> <a href=\"https:\/\/www.fundaciotennisbarcelona.org\/\"><strong>Fundaci\u00f3n Tenis Barcelona<\/strong><\/a>, del Real Club de Tenis Barcelona-1899, ha tra\u00eddo al Casal dels Infants de Santa Coloma de Gramenet el proyecto \u00abTenis con Valores\u00bb, que permite que ni\u00f1os y ni\u00f1as en riesgo de exclusi\u00f3n social disfruten de clases semanales de tenis, acompa\u00f1ados de monitores y monitoras de la fundaci\u00f3n.<\/p>\n<p><span style=\"color: #000000;\">Desde el mes de mayo, 72 ni\u00f1os y ni\u00f1as de entre 6 y 12 a\u00f1os que participan en la asociaci\u00f3n reciben estas clases, lo har\u00e1n tambi\u00e9n en julio y seguir\u00e1n disfrut\u00e1ndolas el curso que viene. La actividad se realiza en el patio de la escuela Miguel de Unamuno una vez a la semana, y la Fundaci\u00f3n Tenis Barcelona aporta tanto el equipo de monitores y monitoras como el material.<\/span><\/p>\n<p class=\"destacat-noticia\"><span style=\"color: #000000;\">Anna Turull, directora de la Fundaci\u00f3n Tenis Barcelona: \u00abQueremos que el tenis sea un deporte m\u00e1s democr\u00e1tico, transmitir sus valores y mejorar la calidad de vida de los ni\u00f1os y ni\u00f1as en riesgo de exclusi\u00f3n\u00bb<\/span><\/p>\n<figure class=\"align-center\" role=\"group\"><img decoding=\"async\" src=\"\/wp-content\/uploads\/tennis-amb-valors-fundacio-tennis-barcelona-casal-dels-infants-1.webp\" alt=\"Ni\u00f1os y ni\u00f1as del Casal dels Infants de Santa Coloma de Gramenet durante la actividad Tenis con Valores\" width=\"480\" height=\"360\" data-entity-type=\"file\" data-entity-uuid=\"3be719f1-8e0d-4951-a5f9-c7ab9d21dfc6\" data-image-style=\"large\" \/><br \/><figcaption>Ni\u00f1os y ni\u00f1as del Casal dels Infants de Santa Coloma de Gramenet durante la actividad Tenis con Valores<\/figcaption><\/figure>\n<p class=\"destacat-noticia\"><span style=\"color: #000000;\">Sara Herranz, jefa\u00a0de Infancia del Casal dels Infants de Santa Coloma de Gramenet: \u00abTenis con Valores est\u00e1 siendo todo un \u00e9xito. El deporte es s\u00faper importante para promover el trabajo en equipo, la cooperaci\u00f3n y los h\u00e1bitos saludables\u00bb<\/span><\/p>\n<p><span style=\"color: #000000;\">Para los ni\u00f1os y ni\u00f1as en situaci\u00f3n de vulnerabilidad acceder a actividades extraescolares deportivas suele ser complicado, a ra\u00edz de los costes de matriculaci\u00f3n y del equipamiento. Otros deportes se pueden practicar en espacios p\u00fablicos y con poco material, pero para jugar a tenis se necesita material e instalaciones que no est\u00e1n al alcance de todo el mundo. El objetivo de la Fundaci\u00f3n Tenis Barcelona es acercar este deporte a ni\u00f1os, ni\u00f1as y j\u00f3venes que no tendr\u00edan la oportunidad de practicarlo, y de hacer del tenis un deporte m\u00e1s inclusivo.<\/span><\/p>\n<p>[\/et_pb_text][\/et_pb_column][\/et_pb_row][\/et_pb_section]<\/p>\n","protected":false},"excerpt":{"rendered":"<div class=\"video-embed-field-responsive-video form-group\"><iframe loading=\"lazy\" width=\"854\" height=\"480\" frameborder=\"0\" allowfullscreen=\"allowfullscreen\" src=\"https:\/\/www.youtube.com\/embed\/HliiE3aRxZ4?autoplay=0&amp;start=0&amp;rel=0\"><\/iframe>\n<\/div>\n","protected":false},"author":1,"featured_media":7580,"comment_status":"open","ping_status":"open","sticky":false,"template":"","format":"standard","meta":{"_acf_changed":false,"_et_pb_use_builder":"on","_et_pb_old_content":"<p><span style=\"color:#000000;\">La<\/span><strong> <\/strong><a href=\"https:\/\/www.fundaciotennisbarcelona.org\/\"><strong>Fundaci\u00f3n Tenis Barcelona<\/strong><\/a>, del Real Club de Tenis Barcelona-1899, ha tra\u00eddo al Casal dels Infants de Santa Coloma de Gramenet el proyecto \"Tenis con Valores\", que permite que ni\u00f1os y ni\u00f1as en riesgo de exclusi\u00f3n social disfruten de clases semanales de tenis, acompa\u00f1ados de monitores y monitoras de la fundaci\u00f3n.<\/p>\r\n\r\n<p><font color=\"#000000\">Desde el mes de mayo, 72 ni\u00f1os y ni\u00f1as de entre 6 y 12 a\u00f1os que participan en la asociaci\u00f3n reciben estas clases, lo har\u00e1n tambi\u00e9n en julio y seguir\u00e1n disfrut\u00e1ndolas el curso que viene. La actividad se realiza en el patio de la escuela Miguel de Unamuno una vez a la semana, y la Fundaci\u00f3n Tenis Barcelona aporta tanto el equipo de monitores y monitoras como el material.<\/font><\/p>\r\n\r\n<p class=\"destacat-noticia\"><span style=\"color:#000000;\">Anna Turull, directora de la Fundaci\u00f3n Tenis Barcelona: \"Queremos que el tenis sea un deporte m\u00e1s democr\u00e1tico, transmitir sus valores y mejorar la calidad de vida de los ni\u00f1os y ni\u00f1as en riesgo de exclusi\u00f3n\"<\/span><\/p>\r\n<figure role=\"group\" class=\"align-center\">\r\n<img alt=\"Ni\u00f1os y ni\u00f1as del Casal dels Infants de Santa Coloma de Gramenet durante la actividad Tenis con Valores\" data-entity-type=\"file\" data-entity-uuid=\"3be719f1-8e0d-4951-a5f9-c7ab9d21dfc6\" data-image-style=\"large\" height=\"360\" src=\"\/wp-content\/uploads\/inline-images\/Tennis%20amb%20Valors%20Fundaci%C3%B3%20Tennis%20Barcelona%20Casal%20dels%20Infants_0.JPG\" typeof=\"foaf:Image\" width=\"480\" \/>\r\n<figcaption>Ni\u00f1os y ni\u00f1as del Casal dels Infants de Santa Coloma de Gramenet durante la actividad Tenis con Valores<\/figcaption>\r\n<\/figure>\r\n\r\n<p class=\"destacat-noticia\"><span style=\"color:#000000;\">Sara Herranz, jefa\u00a0de Infancia del Casal dels Infants de Santa Coloma de Gramenet: \"Tenis con Valores est\u00e1 siendo todo un \u00e9xito. El deporte es s\u00faper importante para promover el trabajo en equipo, la cooperaci\u00f3n y los h\u00e1bitos saludables\"<\/span><\/p>\r\n\r\n<p><span style=\"color:#000000;\">Para los ni\u00f1os y ni\u00f1as en situaci\u00f3n de vulnerabilidad acceder a actividades extraescolares deportivas suele ser complicado, a ra\u00edz de los costes de matriculaci\u00f3n y del equipamiento. Otros deportes se pueden practicar en espacios p\u00fablicos y con poco material, pero para jugar a tenis se necesita material e instalaciones que no est\u00e1n al alcance de todo el mundo. El objetivo de la Fundaci\u00f3n Tenis Barcelona es acercar este deporte a ni\u00f1os, ni\u00f1as y j\u00f3venes que no tendr\u00edan la oportunidad de practicarlo, y de hacer del tenis un deporte m\u00e1s inclusivo.<\/span><\/p>","_et_gb_content_width":"","inline_featured_image":false,"footnotes":""},"categories":[105],"tags":[],"seus":[160],"eixos":[],"class_list":["post-4206","post","type-post","status-publish","format-standard","has-post-thumbnail","hentry","category-reportaje","seus-santa-coloma-de-gramenet"],"acf":[],"yoast_head":"<!-- This site is optimized with the Yoast SEO plugin v27.4 - https:\/\/yoast.com\/product\/yoast-seo-wordpress\/ -->\n<title>Fundaci\u00f3n Tenis Barcelona Tenis con Valores Casal dels Infants<\/title>\n<meta name=\"description\" content=\"La Fundaci\u00f3n Tenis Barcelona ha tra\u00eddo al Casal dels Infants de Santa Coloma de Gramenet el programa &quot;Tenis con Valores&quot;, que ofrece a ni\u00f1os y ni\u00f1as en riesgo de exclusi\u00f3n social clases semanales de tenis.\" \/>\n<meta name=\"robots\" content=\"index, follow, max-snippet:-1, max-image-preview:large, max-video-preview:-1\" \/>\n<link rel=\"canonical\" href=\"https:\/\/www.casaldelsinfants.org\/es\/actualidad\/la-fundacion-tenis-barcelona-trae-el-tenis-al-casal-dels-infants-de-santa-coloma-de\/\" \/>\n<meta property=\"og:locale\" content=\"es_ES\" \/>\n<meta property=\"og:type\" content=\"article\" \/>\n<meta property=\"og:title\" content=\"Fundaci\u00f3n Tenis Barcelona Tenis con Valores Casal dels Infants\" \/>\n<meta property=\"og:description\" content=\"La Fundaci\u00f3n Tenis Barcelona ha tra\u00eddo al Casal dels Infants de Santa Coloma de Gramenet el programa &quot;Tenis con Valores&quot;, que ofrece a ni\u00f1os y ni\u00f1as en riesgo de exclusi\u00f3n social clases semanales de tenis.\" \/>\n<meta property=\"og:url\" content=\"https:\/\/www.casaldelsinfants.org\/es\/actualidad\/la-fundacion-tenis-barcelona-trae-el-tenis-al-casal-dels-infants-de-santa-coloma-de\/\" \/>\n<meta property=\"og:site_name\" content=\"Casal dels Infants\" \/>\n<meta property=\"article:publisher\" content=\"https:\/\/www.facebook.com\/casalinfants\" \/>\n<meta property=\"article:published_time\" content=\"2022-07-07T11:15:03+00:00\" \/>\n<meta property=\"article:modified_time\" content=\"2023-04-04T11:17:06+00:00\" \/>\n<meta property=\"og:image\" content=\"https:\/\/www.casaldelsinfants.org\/wp-content\/uploads\/maxresdefault.webp\" \/>\n\t<meta property=\"og:image:width\" content=\"1280\" \/>\n\t<meta property=\"og:image:height\" content=\"720\" \/>\n\t<meta property=\"og:image:type\" content=\"image\/webp\" \/>\n<meta name=\"author\" content=\"cdiAdmin\" \/>\n<meta name=\"twitter:card\" content=\"summary_large_image\" \/>\n<meta name=\"twitter:creator\" content=\"@casalinfants\" \/>\n<meta name=\"twitter:site\" content=\"@casalinfants\" \/>\n<meta name=\"twitter:label1\" content=\"Escrito por\" \/>\n\t<meta name=\"twitter:data1\" content=\"cdiAdmin\" \/>\n\t<meta name=\"twitter:label2\" content=\"Tiempo de lectura\" \/>\n\t<meta name=\"twitter:data2\" content=\"2 minutos\" \/>\n<script type=\"application\/ld+json\" class=\"yoast-schema-graph\">{\"@context\":\"https:\\\/\\\/schema.org\",\"@graph\":[{\"@type\":\"Article\",\"@id\":\"https:\\\/\\\/www.casaldelsinfants.org\\\/es\\\/actualidad\\\/la-fundacion-tenis-barcelona-trae-el-tenis-al-casal-dels-infants-de-santa-coloma-de\\\/#article\",\"isPartOf\":{\"@id\":\"https:\\\/\\\/www.casaldelsinfants.org\\\/es\\\/actualidad\\\/la-fundacion-tenis-barcelona-trae-el-tenis-al-casal-dels-infants-de-santa-coloma-de\\\/\"},\"author\":{\"name\":\"cdiAdmin\",\"@id\":\"https:\\\/\\\/www.casaldelsinfants.org\\\/es\\\/#\\\/schema\\\/person\\\/97707fc8c64900cf36891127dbf9fba8\"},\"headline\":\"La Fundaci\u00f3n Tenis Barcelona trae el tenis al Casal dels Infants de Santa Coloma de Gramenet\",\"datePublished\":\"2022-07-07T11:15:03+00:00\",\"dateModified\":\"2023-04-04T11:17:06+00:00\",\"mainEntityOfPage\":{\"@id\":\"https:\\\/\\\/www.casaldelsinfants.org\\\/es\\\/actualidad\\\/la-fundacion-tenis-barcelona-trae-el-tenis-al-casal-dels-infants-de-santa-coloma-de\\\/\"},\"wordCount\":441,\"commentCount\":0,\"publisher\":{\"@id\":\"https:\\\/\\\/www.casaldelsinfants.org\\\/es\\\/#organization\"},\"image\":{\"@id\":\"https:\\\/\\\/www.casaldelsinfants.org\\\/es\\\/actualidad\\\/la-fundacion-tenis-barcelona-trae-el-tenis-al-casal-dels-infants-de-santa-coloma-de\\\/#primaryimage\"},\"thumbnailUrl\":\"https:\\\/\\\/www.casaldelsinfants.org\\\/wp-content\\\/uploads\\\/maxresdefault.webp\",\"articleSection\":[\"Reportaje\"],\"inLanguage\":\"es\",\"potentialAction\":[{\"@type\":\"CommentAction\",\"name\":\"Comment\",\"target\":[\"https:\\\/\\\/www.casaldelsinfants.org\\\/es\\\/actualidad\\\/la-fundacion-tenis-barcelona-trae-el-tenis-al-casal-dels-infants-de-santa-coloma-de\\\/#respond\"]}]},{\"@type\":\"WebPage\",\"@id\":\"https:\\\/\\\/www.casaldelsinfants.org\\\/es\\\/actualidad\\\/la-fundacion-tenis-barcelona-trae-el-tenis-al-casal-dels-infants-de-santa-coloma-de\\\/\",\"url\":\"https:\\\/\\\/www.casaldelsinfants.org\\\/es\\\/actualidad\\\/la-fundacion-tenis-barcelona-trae-el-tenis-al-casal-dels-infants-de-santa-coloma-de\\\/\",\"name\":\"Fundaci\u00f3n Tenis Barcelona Tenis con Valores Casal dels Infants\",\"isPartOf\":{\"@id\":\"https:\\\/\\\/www.casaldelsinfants.org\\\/es\\\/#website\"},\"primaryImageOfPage\":{\"@id\":\"https:\\\/\\\/www.casaldelsinfants.org\\\/es\\\/actualidad\\\/la-fundacion-tenis-barcelona-trae-el-tenis-al-casal-dels-infants-de-santa-coloma-de\\\/#primaryimage\"},\"image\":{\"@id\":\"https:\\\/\\\/www.casaldelsinfants.org\\\/es\\\/actualidad\\\/la-fundacion-tenis-barcelona-trae-el-tenis-al-casal-dels-infants-de-santa-coloma-de\\\/#primaryimage\"},\"thumbnailUrl\":\"https:\\\/\\\/www.casaldelsinfants.org\\\/wp-content\\\/uploads\\\/maxresdefault.webp\",\"datePublished\":\"2022-07-07T11:15:03+00:00\",\"dateModified\":\"2023-04-04T11:17:06+00:00\",\"description\":\"La Fundaci\u00f3n Tenis Barcelona ha tra\u00eddo al Casal dels Infants de Santa Coloma de Gramenet el programa \\\"Tenis con Valores\\\", que ofrece a ni\u00f1os y ni\u00f1as en riesgo de exclusi\u00f3n social clases semanales de tenis.\",\"breadcrumb\":{\"@id\":\"https:\\\/\\\/www.casaldelsinfants.org\\\/es\\\/actualidad\\\/la-fundacion-tenis-barcelona-trae-el-tenis-al-casal-dels-infants-de-santa-coloma-de\\\/#breadcrumb\"},\"inLanguage\":\"es\",\"potentialAction\":[{\"@type\":\"ReadAction\",\"target\":[\"https:\\\/\\\/www.casaldelsinfants.org\\\/es\\\/actualidad\\\/la-fundacion-tenis-barcelona-trae-el-tenis-al-casal-dels-infants-de-santa-coloma-de\\\/\"]}]},{\"@type\":\"ImageObject\",\"inLanguage\":\"es\",\"@id\":\"https:\\\/\\\/www.casaldelsinfants.org\\\/es\\\/actualidad\\\/la-fundacion-tenis-barcelona-trae-el-tenis-al-casal-dels-infants-de-santa-coloma-de\\\/#primaryimage\",\"url\":\"https:\\\/\\\/www.casaldelsinfants.org\\\/wp-content\\\/uploads\\\/maxresdefault.webp\",\"contentUrl\":\"https:\\\/\\\/www.casaldelsinfants.org\\\/wp-content\\\/uploads\\\/maxresdefault.webp\",\"width\":1280,\"height\":720,\"caption\":\"Infants jugant a tennis gr\u00e0cies a la Fundaci\u00f3 Tennis Barcelona\"},{\"@type\":\"BreadcrumbList\",\"@id\":\"https:\\\/\\\/www.casaldelsinfants.org\\\/es\\\/actualidad\\\/la-fundacion-tenis-barcelona-trae-el-tenis-al-casal-dels-infants-de-santa-coloma-de\\\/#breadcrumb\",\"itemListElement\":[{\"@type\":\"ListItem\",\"position\":1,\"name\":\"Inici\",\"item\":\"https:\\\/\\\/www.casaldelsinfants.org\\\/es\\\/\"},{\"@type\":\"ListItem\",\"position\":2,\"name\":\"La Fundaci\u00f3n Tenis Barcelona trae el tenis al Casal dels Infants de Santa Coloma de Gramenet\"}]},{\"@type\":\"WebSite\",\"@id\":\"https:\\\/\\\/www.casaldelsinfants.org\\\/es\\\/#website\",\"url\":\"https:\\\/\\\/www.casaldelsinfants.org\\\/es\\\/\",\"name\":\"Casal dels Infants\",\"description\":\"\",\"publisher\":{\"@id\":\"https:\\\/\\\/www.casaldelsinfants.org\\\/es\\\/#organization\"},\"potentialAction\":[{\"@type\":\"SearchAction\",\"target\":{\"@type\":\"EntryPoint\",\"urlTemplate\":\"https:\\\/\\\/www.casaldelsinfants.org\\\/es\\\/?s={search_term_string}\"},\"query-input\":{\"@type\":\"PropertyValueSpecification\",\"valueRequired\":true,\"valueName\":\"search_term_string\"}}],\"inLanguage\":\"es\"},{\"@type\":\"Organization\",\"@id\":\"https:\\\/\\\/www.casaldelsinfants.org\\\/es\\\/#organization\",\"name\":\"Casal dels Infants\",\"url\":\"https:\\\/\\\/www.casaldelsinfants.org\\\/es\\\/\",\"logo\":{\"@type\":\"ImageObject\",\"inLanguage\":\"es\",\"@id\":\"https:\\\/\\\/www.casaldelsinfants.org\\\/es\\\/#\\\/schema\\\/logo\\\/image\\\/\",\"url\":\"https:\\\/\\\/www.casaldelsinfants.org\\\/wp-content\\\/uploads\\\/logo-mail.png\",\"contentUrl\":\"https:\\\/\\\/www.casaldelsinfants.org\\\/wp-content\\\/uploads\\\/logo-mail.png\",\"width\":380,\"height\":158,\"caption\":\"Casal dels Infants\"},\"image\":{\"@id\":\"https:\\\/\\\/www.casaldelsinfants.org\\\/es\\\/#\\\/schema\\\/logo\\\/image\\\/\"},\"sameAs\":[\"https:\\\/\\\/www.facebook.com\\\/casalinfants\",\"https:\\\/\\\/x.com\\\/casalinfants\",\"https:\\\/\\\/www.youtube.com\\\/user\\\/CasaldelsInfants1\",\"https:\\\/\\\/www.instagram.com\\\/casalinfants\\\/\",\"https:\\\/\\\/www.linkedin.com\\\/company\\\/casaldelsinfants?trk=organization-update_share-update_actor-text\"]},{\"@type\":\"Person\",\"@id\":\"https:\\\/\\\/www.casaldelsinfants.org\\\/es\\\/#\\\/schema\\\/person\\\/97707fc8c64900cf36891127dbf9fba8\",\"name\":\"cdiAdmin\",\"sameAs\":[\"https:\\\/\\\/casaldelsinfants.org\"]}]}<\/script>\n<!-- \/ Yoast SEO plugin. -->","yoast_head_json":{"title":"Fundaci\u00f3n Tenis Barcelona Tenis con Valores Casal dels Infants","description":"La Fundaci\u00f3n Tenis Barcelona ha tra\u00eddo al Casal dels Infants de Santa Coloma de Gramenet el programa \"Tenis con Valores\", que ofrece a ni\u00f1os y ni\u00f1as en riesgo de exclusi\u00f3n social clases semanales de tenis.","robots":{"index":"index","follow":"follow","max-snippet":"max-snippet:-1","max-image-preview":"max-image-preview:large","max-video-preview":"max-video-preview:-1"},"canonical":"https:\/\/www.casaldelsinfants.org\/es\/actualidad\/la-fundacion-tenis-barcelona-trae-el-tenis-al-casal-dels-infants-de-santa-coloma-de\/","og_locale":"es_ES","og_type":"article","og_title":"Fundaci\u00f3n Tenis Barcelona Tenis con Valores Casal dels Infants","og_description":"La Fundaci\u00f3n Tenis Barcelona ha tra\u00eddo al Casal dels Infants de Santa Coloma de Gramenet el programa \"Tenis con Valores\", que ofrece a ni\u00f1os y ni\u00f1as en riesgo de exclusi\u00f3n social clases semanales de tenis.","og_url":"https:\/\/www.casaldelsinfants.org\/es\/actualidad\/la-fundacion-tenis-barcelona-trae-el-tenis-al-casal-dels-infants-de-santa-coloma-de\/","og_site_name":"Casal dels Infants","article_publisher":"https:\/\/www.facebook.com\/casalinfants","article_published_time":"2022-07-07T11:15:03+00:00","article_modified_time":"2023-04-04T11:17:06+00:00","og_image":[{"width":1280,"height":720,"url":"https:\/\/www.casaldelsinfants.org\/wp-content\/uploads\/maxresdefault.webp","type":"image\/webp"}],"author":"cdiAdmin","twitter_card":"summary_large_image","twitter_creator":"@casalinfants","twitter_site":"@casalinfants","twitter_misc":{"Escrito por":"cdiAdmin","Tiempo de lectura":"2 minutos"},"schema":{"@context":"https:\/\/schema.org","@graph":[{"@type":"Article","@id":"https:\/\/www.casaldelsinfants.org\/es\/actualidad\/la-fundacion-tenis-barcelona-trae-el-tenis-al-casal-dels-infants-de-santa-coloma-de\/#article","isPartOf":{"@id":"https:\/\/www.casaldelsinfants.org\/es\/actualidad\/la-fundacion-tenis-barcelona-trae-el-tenis-al-casal-dels-infants-de-santa-coloma-de\/"},"author":{"name":"cdiAdmin","@id":"https:\/\/www.casaldelsinfants.org\/es\/#\/schema\/person\/97707fc8c64900cf36891127dbf9fba8"},"headline":"La Fundaci\u00f3n Tenis Barcelona trae el tenis al Casal dels Infants de Santa Coloma de Gramenet","datePublished":"2022-07-07T11:15:03+00:00","dateModified":"2023-04-04T11:17:06+00:00","mainEntityOfPage":{"@id":"https:\/\/www.casaldelsinfants.org\/es\/actualidad\/la-fundacion-tenis-barcelona-trae-el-tenis-al-casal-dels-infants-de-santa-coloma-de\/"},"wordCount":441,"commentCount":0,"publisher":{"@id":"https:\/\/www.casaldelsinfants.org\/es\/#organization"},"image":{"@id":"https:\/\/www.casaldelsinfants.org\/es\/actualidad\/la-fundacion-tenis-barcelona-trae-el-tenis-al-casal-dels-infants-de-santa-coloma-de\/#primaryimage"},"thumbnailUrl":"https:\/\/www.casaldelsinfants.org\/wp-content\/uploads\/maxresdefault.webp","articleSection":["Reportaje"],"inLanguage":"es","potentialAction":[{"@type":"CommentAction","name":"Comment","target":["https:\/\/www.casaldelsinfants.org\/es\/actualidad\/la-fundacion-tenis-barcelona-trae-el-tenis-al-casal-dels-infants-de-santa-coloma-de\/#respond"]}]},{"@type":"WebPage","@id":"https:\/\/www.casaldelsinfants.org\/es\/actualidad\/la-fundacion-tenis-barcelona-trae-el-tenis-al-casal-dels-infants-de-santa-coloma-de\/","url":"https:\/\/www.casaldelsinfants.org\/es\/actualidad\/la-fundacion-tenis-barcelona-trae-el-tenis-al-casal-dels-infants-de-santa-coloma-de\/","name":"Fundaci\u00f3n Tenis Barcelona Tenis con Valores Casal dels Infants","isPartOf":{"@id":"https:\/\/www.casaldelsinfants.org\/es\/#website"},"primaryImageOfPage":{"@id":"https:\/\/www.casaldelsinfants.org\/es\/actualidad\/la-fundacion-tenis-barcelona-trae-el-tenis-al-casal-dels-infants-de-santa-coloma-de\/#primaryimage"},"image":{"@id":"https:\/\/www.casaldelsinfants.org\/es\/actualidad\/la-fundacion-tenis-barcelona-trae-el-tenis-al-casal-dels-infants-de-santa-coloma-de\/#primaryimage"},"thumbnailUrl":"https:\/\/www.casaldelsinfants.org\/wp-content\/uploads\/maxresdefault.webp","datePublished":"2022-07-07T11:15:03+00:00","dateModified":"2023-04-04T11:17:06+00:00","description":"La Fundaci\u00f3n Tenis Barcelona ha tra\u00eddo al Casal dels Infants de Santa Coloma de Gramenet el programa \"Tenis con Valores\", que ofrece a ni\u00f1os y ni\u00f1as en riesgo de exclusi\u00f3n social clases semanales de tenis.","breadcrumb":{"@id":"https:\/\/www.casaldelsinfants.org\/es\/actualidad\/la-fundacion-tenis-barcelona-trae-el-tenis-al-casal-dels-infants-de-santa-coloma-de\/#breadcrumb"},"inLanguage":"es","potentialAction":[{"@type":"ReadAction","target":["https:\/\/www.casaldelsinfants.org\/es\/actualidad\/la-fundacion-tenis-barcelona-trae-el-tenis-al-casal-dels-infants-de-santa-coloma-de\/"]}]},{"@type":"ImageObject","inLanguage":"es","@id":"https:\/\/www.casaldelsinfants.org\/es\/actualidad\/la-fundacion-tenis-barcelona-trae-el-tenis-al-casal-dels-infants-de-santa-coloma-de\/#primaryimage","url":"https:\/\/www.casaldelsinfants.org\/wp-content\/uploads\/maxresdefault.webp","contentUrl":"https:\/\/www.casaldelsinfants.org\/wp-content\/uploads\/maxresdefault.webp","width":1280,"height":720,"caption":"Infants jugant a tennis gr\u00e0cies a la Fundaci\u00f3 Tennis Barcelona"},{"@type":"BreadcrumbList","@id":"https:\/\/www.casaldelsinfants.org\/es\/actualidad\/la-fundacion-tenis-barcelona-trae-el-tenis-al-casal-dels-infants-de-santa-coloma-de\/#breadcrumb","itemListElement":[{"@type":"ListItem","position":1,"name":"Inici","item":"https:\/\/www.casaldelsinfants.org\/es\/"},{"@type":"ListItem","position":2,"name":"La Fundaci\u00f3n Tenis Barcelona trae el tenis al Casal dels Infants de Santa Coloma de Gramenet"}]},{"@type":"WebSite","@id":"https:\/\/www.casaldelsinfants.org\/es\/#website","url":"https:\/\/www.casaldelsinfants.org\/es\/","name":"Casal dels Infants","description":"","publisher":{"@id":"https:\/\/www.casaldelsinfants.org\/es\/#organization"},"potentialAction":[{"@type":"SearchAction","target":{"@type":"EntryPoint","urlTemplate":"https:\/\/www.casaldelsinfants.org\/es\/?s={search_term_string}"},"query-input":{"@type":"PropertyValueSpecification","valueRequired":true,"valueName":"search_term_string"}}],"inLanguage":"es"},{"@type":"Organization","@id":"https:\/\/www.casaldelsinfants.org\/es\/#organization","name":"Casal dels Infants","url":"https:\/\/www.casaldelsinfants.org\/es\/","logo":{"@type":"ImageObject","inLanguage":"es","@id":"https:\/\/www.casaldelsinfants.org\/es\/#\/schema\/logo\/image\/","url":"https:\/\/www.casaldelsinfants.org\/wp-content\/uploads\/logo-mail.png","contentUrl":"https:\/\/www.casaldelsinfants.org\/wp-content\/uploads\/logo-mail.png","width":380,"height":158,"caption":"Casal dels Infants"},"image":{"@id":"https:\/\/www.casaldelsinfants.org\/es\/#\/schema\/logo\/image\/"},"sameAs":["https:\/\/www.facebook.com\/casalinfants","https:\/\/x.com\/casalinfants","https:\/\/www.youtube.com\/user\/CasaldelsInfants1","https:\/\/www.instagram.com\/casalinfants\/","https:\/\/www.linkedin.com\/company\/casaldelsinfants?trk=organization-update_share-update_actor-text"]},{"@type":"Person","@id":"https:\/\/www.casaldelsinfants.org\/es\/#\/schema\/person\/97707fc8c64900cf36891127dbf9fba8","name":"cdiAdmin","sameAs":["https:\/\/casaldelsinfants.org"]}]}},"publishpress_future_action":{"enabled":false,"date":"2026-05-08 15:48:05","action":"change-status","newStatus":"draft","terms":[],"taxonomy":"category","extraData":[]},"publishpress_future_workflow_manual_trigger":{"enabledWorkflows":[]},"_links":{"self":[{"href":"https:\/\/www.casaldelsinfants.org\/es\/wp-json\/wp\/v2\/posts\/4206","targetHints":{"allow":["GET"]}}],"collection":[{"href":"https:\/\/www.casaldelsinfants.org\/es\/wp-json\/wp\/v2\/posts"}],"about":[{"href":"https:\/\/www.casaldelsinfants.org\/es\/wp-json\/wp\/v2\/types\/post"}],"author":[{"embeddable":true,"href":"https:\/\/www.casaldelsinfants.org\/es\/wp-json\/wp\/v2\/users\/1"}],"replies":[{"embeddable":true,"href":"https:\/\/www.casaldelsinfants.org\/es\/wp-json\/wp\/v2\/comments?post=4206"}],"version-history":[{"count":2,"href":"https:\/\/www.casaldelsinfants.org\/es\/wp-json\/wp\/v2\/posts\/4206\/revisions"}],"predecessor-version":[{"id":9587,"href":"https:\/\/www.casaldelsinfants.org\/es\/wp-json\/wp\/v2\/posts\/4206\/revisions\/9587"}],"wp:featuredmedia":[{"embeddable":true,"href":"https:\/\/www.casaldelsinfants.org\/es\/wp-json\/wp\/v2\/media\/7580"}],"wp:attachment":[{"href":"https:\/\/www.casaldelsinfants.org\/es\/wp-json\/wp\/v2\/media?parent=4206"}],"wp:term":[{"taxonomy":"category","embeddable":true,"href":"https:\/\/www.casaldelsinfants.org\/es\/wp-json\/wp\/v2\/categories?post=4206"},{"taxonomy":"post_tag","embeddable":true,"href":"https:\/\/www.casaldelsinfants.org\/es\/wp-json\/wp\/v2\/tags?post=4206"},{"taxonomy":"seus","embeddable":true,"href":"https:\/\/www.casaldelsinfants.org\/es\/wp-json\/wp\/v2\/seus?post=4206"},{"taxonomy":"eixos","embeddable":true,"href":"https:\/\/www.casaldelsinfants.org\/es\/wp-json\/wp\/v2\/eixos?post=4206"}],"curies":[{"name":"wp","href":"https:\/\/api.w.org\/{rel}","templated":true}]}}