{"id":4208,"date":"2022-07-06T09:51:23","date_gmt":"2022-07-06T07:51:23","guid":{"rendered":"https:\/\/casal.puntzero.cat\/noticies\/enric-canet-documenta-lorigen-menystingut-del-casal-dels-infants-del-raval-de-barcelona-en\/"},"modified":"2023-10-26T15:57:17","modified_gmt":"2023-10-26T13:57:17","slug":"enric-canet-documenta-lorigen-menystingut-del-casal-dels-infants-del-raval-de-barcelona-en","status":"publish","type":"post","link":"https:\/\/www.casaldelsinfants.org\/es\/actualidad\/enric-canet-documenta-lorigen-menystingut-del-casal-dels-infants-del-raval-de-barcelona-en\/","title":{"rendered":"Enric Canet documenta l\u2019origen menystingut del Casal dels Infants del Raval de Barcelona en un nou llibre, &#8216;El cel t\u00e9 pigues&#8217;"},"content":{"rendered":"<p><span style=\"color: #000000;\">&#8216;El cel t\u00e9 pigues.\u00a0L\u2019inici menystingut del Casal dels Infants del Raval 1978-1983&#8217;, d\u2019Enric Canet, \u00e9s una obra que rememora l\u2019origen no explicat d\u2019un projecte educatiu, el del Casal dels Infants, que com diu l\u2019autor, fa costat a les criatures que al\u00e7aven la mirada per mirar molt m\u00e9s lluny, un projecte d\u2019acompanyament i inclusi\u00f3 dels i les joves.\u00a0El llibre es presenta el 7 de juliol a l\u2019Auditori del CCCB de Barcelona amb l\u2019autor, Enric Canet, Joan Subirats, i diversos membres del Casal. Un acte que vol servir de tribut als protagonistes dels primers cinc anys del Casal dels Infants i que conduir\u00e0 la periodista M\u00f2nica Terribas.<\/span><\/p>\n<p><span style=\"color: #000000;\">Joan Subirats, doctor i actual Ministre d\u2019Universitats, fa el pr\u00f2leg al llibre de Canet i en destaca un valor molt clar: \u201cDarrera les perip\u00e8cies espec\u00edfiques del que seria l\u2019inici d\u2019una entitat avui central en les pol\u00edtiques educatives i socials de Barcelona i de la seva \u00e0rea d\u2019influ\u00e8ncia, hi trobem les especificitats del Raval, de la seva gent i del que expressen i simbolitzen m\u00e9s enll\u00e0 dels l\u00edmits del barri. I tamb\u00e9 hi trobem els batecs inicials del que representava la recuperaci\u00f3 democr\u00e0tica pels sectors socials m\u00e9s menystinguts i amb m\u00e9s car\u00e8ncies acumulades al llarg del franquisme\u201d.<\/span><\/p>\n<p><strong>El relat dels or\u00edgens ignorats<\/strong><\/p>\n<p><span style=\"color: #000000;\">A finals de 1977 els ve\u00efns del Districte Cinqu\u00e8 de Barcelona troben per atzar una fusteria expropiada. Gr\u00e0cies a una forta pressi\u00f3, aconsegueixen que l\u2019Ajuntament els hi cedeixi, ja que hi volen fer una casa per als infants que fan molta vida al carrer. \u00c9s l\u2019atzar que uneix aquest projecte d\u2019en Pitu Cunillera i gent del Raval amb un grup de joves d\u2019altres indrets que, sense por i fent-se seu el barri, construeixen plegats, l\u2019octubre de 1978, el primer Casal dels Infants i per als infants de Barcelona. L\u2019atzar buscat i desitjat pot transformar el m\u00f3n i la ciutat des del barri que havia estat sempre al marge. Aquest llibre \u00e9s un homenatge a en Pitu, la Roc\u00edo i tota aquella gent al Casal dels Infants i a molts altres indrets del pa\u00eds, que feien i fan costat als infants que alcen la mirada.<\/span><\/p>\n<p><strong>La presentaci\u00f3, condu\u00efda per M\u00f2nica Terribas<\/strong><\/p>\n<p><span style=\"color: #000000;\">L\u2019acte de llan\u00e7ament del llibre tindr\u00e0 lloc el 7 de juliol a les 19h al CCCB, moderat per M\u00f2nica Terribas. Es pret\u00e9n recuperar de l\u2019oblit els inicis del Casal, situar l\u2019entitat en el context de l\u2019atenci\u00f3 de la inf\u00e0ncia del barri del Raval a Barcelona i escoltar els protagonistes d\u2019aquells anys. Per aix\u00f2, Canet ha convidat molts dels primers activistes d\u2019aquells anys, les veus dels quals s\u2019intercalaran amb fotografies i altres elements gr\u00e0fics testimonis d\u2019aquell temps. A m\u00e9s, tamb\u00e9 s\u2019espera l\u2019assist\u00e8ncia de: Jordi Rabassa, regidor de districte, Violant Cervera, consellera de Drets Socials de Barcelona, Roser Rosell, presidenta del Casal dels Infants, Rosa Balaguer, directora del Casal dels Infants, Andreu Mayayo i Joan Subirats, ambd\u00f3s com a directors de la tesi d\u2019Enric Canet.<\/span><\/p>\n<p><strong>L\u2019autor<\/strong><\/p>\n<p><span style=\"color: #000000;\">Enric Canet i Capeta, nascut el 1957 al Baix Guinard\u00f3, al barri de Barcelona, ha viscut arreu: a Ca n\u2019Oriac de Sabadell, Les Arenes de Terrassa, banlieue est de Par\u00eds, Sicap Dieuppeul de Dakar, Can Serra de L\u2019Hospitalet, La Mina de Sant Adri\u00e0 de Bes\u00f2s\u2026 per\u00f2 est\u00e0 enamorat de Barcelona. En els darrers anys fa vida al Raval de Barcelona, per\u00f2 intenta escapar-se per l\u2019Alt Empord\u00e0 i el Pallars Sobir\u00e0.<\/span><\/p>\n<p>L\u2019any 1972 entra en el m\u00f3n de l\u2019esplai, l\u2019escoltisme, els moviments juvenils i associatius. Des de 1992 forma part de l\u2019Equip del Casal dels Infants i s\u2019implica en el teixit comunitari del Raval, de Barcelona i del Pa\u00eds. Va anar a escola als escolapis del carrer Diputaci\u00f3. T\u00e9 la llicenciatura en Ci\u00e8ncies Biol\u00f2giques a la UAB i estudis de Filosofia i Teologia. Va fer un M\u00e0ster de Pol\u00edtiques Socials i Acci\u00f3 Comunit\u00e0ria a l\u2019IGOP i, ara, \u00e9s Investigador-Doctorant del Departament d\u2019Hist\u00f2ria de la UB. Va fer de professor de prim\u00e0ria i sobretot de ci\u00e8ncies a secund\u00e0ria des de 1975 a 1999. Enamorat de la natura gr\u00e0cies a la Biologia, per\u00f2 sobretot agra\u00eft a les persones que han fet i fan cam\u00ed amb ell buscant el pregon que mou tot.<\/p>\n<p><strong>Un llibre ecoeditat i de producci\u00f3 local<\/strong><\/p>\n<p><span style=\"color: #000000;\">&#8216;El cel t\u00e9 pigues&#8217;, de la col\u00b7lecci\u00f3 L\u2019Observatori de Pol\u00b7len, inclou en les seves p\u00e0gines actes, difusions, fotografies i altra documentaci\u00f3 del Casal dels Infants.<\/span><\/p>\n<p>El llibre, que compta amb el segell Llibre Local que acredita que s\u2019ha produ\u00eft a Catalunya, est\u00e0 impr\u00e8s en paper certificat FSC, segueix els criteris de l\u2019ecoedici\u00f3, una forma de publicar innovadora que t\u00e9 en compte la minitmitzaci\u00f3 de l\u2019impacte ambiental dels llibres i la millora cont\u00ednua, un proc\u00e9s que realitza a partir de la reducci\u00f3 de l\u2019impacte, el c\u00e0lcul de la petjada (amb la motxilla ecol\u00f2gica Bookdaper) i la comunicaci\u00f3 ambiental de la mateixa.<\/p>\n<blockquote><p><strong>Ajuda&#8217;ns a seguir treballant per\u00a0acompanyar\u00a06.000 infants, joves i fam\u00edlies en situaci\u00f3 de vulnerabilitat cada any.<\/strong><\/p>\n<p><strong>Fes un donatiu <u><a href=\"https:\/\/www.casaldelsinfants.org\/es\/dona-ahora\/\" target=\"_blank\" rel=\"noopener\">aqu\u00ed<\/a><\/u>.\u00a0<\/strong><\/p>\n<p><strong>Fes voluntariat <u><a href=\"https:\/\/www.casaldelsinfants.org\/es\/que-puedes-hacer-tu\/voluntariado\/\" target=\"_blank\" rel=\"noopener\">aqu\u00ed<\/a><\/u>.<\/strong><\/p><\/blockquote>\n","protected":false},"excerpt":{"rendered":"<p>&#8216;El cel t\u00e9 pigues.\u00a0L\u2019inici menystingut del Casal dels Infants del Raval 1978-1983&#8217;, d\u2019Enric Canet, \u00e9s una obra que rememora l\u2019origen no explicat d\u2019un projecte educatiu, el del Casal dels Infants, que com diu l\u2019autor, fa costat a les criatures que al\u00e7aven la mirada per mirar molt m\u00e9s lluny, un projecte d\u2019acompanyament i inclusi\u00f3 dels i [&hellip;]<\/p>\n","protected":false},"author":1,"featured_media":2907,"comment_status":"open","ping_status":"open","sticky":false,"template":"","format":"standard","meta":{"_acf_changed":false,"_et_pb_use_builder":"","_et_pb_old_content":"","_et_gb_content_width":"","inline_featured_image":false,"footnotes":""},"categories":[125],"tags":[],"seus":[],"eixos":[],"class_list":["post-4208","post","type-post","status-publish","format-standard","has-post-thumbnail","hentry","category-noticias"],"acf":[],"yoast_head":"<!-- This site is optimized with the Yoast SEO plugin v27.4 - https:\/\/yoast.com\/product\/yoast-seo-wordpress\/ -->\n<title>Enric Canet documenta l\u2019origen menystingut del Casal dels Infants del Raval de Barcelona en un nou llibre, &#039;El cel t\u00e9 pigues&#039;<\/title>\n<meta name=\"robots\" content=\"index, follow, max-snippet:-1, max-image-preview:large, max-video-preview:-1\" \/>\n<link rel=\"canonical\" href=\"https:\/\/www.casaldelsinfants.org\/es\/actualidad\/enric-canet-documenta-lorigen-menystingut-del-casal-dels-infants-del-raval-de-barcelona-en\/\" \/>\n<meta property=\"og:locale\" content=\"es_ES\" \/>\n<meta property=\"og:type\" content=\"article\" \/>\n<meta property=\"og:title\" content=\"Enric Canet documenta l\u2019origen menystingut del Casal dels Infants del Raval de Barcelona en un nou llibre, &#039;El cel t\u00e9 pigues&#039;\" \/>\n<meta property=\"og:description\" content=\"&#8216;El cel t\u00e9 pigues.\u00a0L\u2019inici menystingut del Casal dels Infants del Raval 1978-1983&#8217;, d\u2019Enric Canet, \u00e9s una obra que rememora l\u2019origen no explicat d\u2019un projecte educatiu, el del Casal dels Infants, que com diu l\u2019autor, fa costat a les criatures que al\u00e7aven la mirada per mirar molt m\u00e9s lluny, un projecte d\u2019acompanyament i inclusi\u00f3 dels i [&hellip;]\" \/>\n<meta property=\"og:url\" content=\"https:\/\/www.casaldelsinfants.org\/es\/actualidad\/enric-canet-documenta-lorigen-menystingut-del-casal-dels-infants-del-raval-de-barcelona-en\/\" \/>\n<meta property=\"og:site_name\" content=\"Casal dels Infants\" \/>\n<meta property=\"article:publisher\" content=\"https:\/\/www.facebook.com\/casalinfants\" \/>\n<meta property=\"article:published_time\" content=\"2022-07-06T07:51:23+00:00\" \/>\n<meta property=\"article:modified_time\" content=\"2023-10-26T13:57:17+00:00\" \/>\n<meta property=\"og:image\" content=\"https:\/\/www.casaldelsinfants.org\/wp-content\/uploads\/diseno_sin_titulo_7.png\" \/>\n\t<meta property=\"og:image:width\" content=\"2048\" \/>\n\t<meta property=\"og:image:height\" content=\"1152\" \/>\n\t<meta property=\"og:image:type\" content=\"image\/png\" \/>\n<meta name=\"author\" content=\"cdiAdmin\" \/>\n<meta name=\"twitter:card\" content=\"summary_large_image\" \/>\n<meta name=\"twitter:creator\" content=\"@casalinfants\" \/>\n<meta name=\"twitter:site\" content=\"@casalinfants\" \/>\n<meta name=\"twitter:label1\" content=\"Escrito por\" \/>\n\t<meta name=\"twitter:data1\" content=\"cdiAdmin\" \/>\n\t<meta name=\"twitter:label2\" content=\"Tiempo de lectura\" \/>\n\t<meta name=\"twitter:data2\" content=\"5 minutos\" \/>\n<script type=\"application\/ld+json\" class=\"yoast-schema-graph\">{\"@context\":\"https:\\\/\\\/schema.org\",\"@graph\":[{\"@type\":\"Article\",\"@id\":\"https:\\\/\\\/www.casaldelsinfants.org\\\/es\\\/actualidad\\\/enric-canet-documenta-lorigen-menystingut-del-casal-dels-infants-del-raval-de-barcelona-en\\\/#article\",\"isPartOf\":{\"@id\":\"https:\\\/\\\/www.casaldelsinfants.org\\\/es\\\/actualidad\\\/enric-canet-documenta-lorigen-menystingut-del-casal-dels-infants-del-raval-de-barcelona-en\\\/\"},\"author\":{\"name\":\"cdiAdmin\",\"@id\":\"https:\\\/\\\/www.casaldelsinfants.org\\\/es\\\/#\\\/schema\\\/person\\\/97707fc8c64900cf36891127dbf9fba8\"},\"headline\":\"Enric Canet documenta l\u2019origen menystingut del Casal dels Infants del Raval de Barcelona en un nou llibre, &#8216;El cel t\u00e9 pigues&#8217;\",\"datePublished\":\"2022-07-06T07:51:23+00:00\",\"dateModified\":\"2023-10-26T13:57:17+00:00\",\"mainEntityOfPage\":{\"@id\":\"https:\\\/\\\/www.casaldelsinfants.org\\\/es\\\/actualidad\\\/enric-canet-documenta-lorigen-menystingut-del-casal-dels-infants-del-raval-de-barcelona-en\\\/\"},\"wordCount\":925,\"commentCount\":0,\"publisher\":{\"@id\":\"https:\\\/\\\/www.casaldelsinfants.org\\\/es\\\/#organization\"},\"image\":{\"@id\":\"https:\\\/\\\/www.casaldelsinfants.org\\\/es\\\/actualidad\\\/enric-canet-documenta-lorigen-menystingut-del-casal-dels-infants-del-raval-de-barcelona-en\\\/#primaryimage\"},\"thumbnailUrl\":\"https:\\\/\\\/www.casaldelsinfants.org\\\/wp-content\\\/uploads\\\/diseno_sin_titulo_7.png\",\"articleSection\":[\"Noticia\"],\"inLanguage\":\"es\",\"potentialAction\":[{\"@type\":\"CommentAction\",\"name\":\"Comment\",\"target\":[\"https:\\\/\\\/www.casaldelsinfants.org\\\/es\\\/actualidad\\\/enric-canet-documenta-lorigen-menystingut-del-casal-dels-infants-del-raval-de-barcelona-en\\\/#respond\"]}]},{\"@type\":\"WebPage\",\"@id\":\"https:\\\/\\\/www.casaldelsinfants.org\\\/es\\\/actualidad\\\/enric-canet-documenta-lorigen-menystingut-del-casal-dels-infants-del-raval-de-barcelona-en\\\/\",\"url\":\"https:\\\/\\\/www.casaldelsinfants.org\\\/es\\\/actualidad\\\/enric-canet-documenta-lorigen-menystingut-del-casal-dels-infants-del-raval-de-barcelona-en\\\/\",\"name\":\"Enric Canet documenta l\u2019origen menystingut del Casal dels Infants del Raval de Barcelona en un nou llibre, 'El cel t\u00e9 pigues'\",\"isPartOf\":{\"@id\":\"https:\\\/\\\/www.casaldelsinfants.org\\\/es\\\/#website\"},\"primaryImageOfPage\":{\"@id\":\"https:\\\/\\\/www.casaldelsinfants.org\\\/es\\\/actualidad\\\/enric-canet-documenta-lorigen-menystingut-del-casal-dels-infants-del-raval-de-barcelona-en\\\/#primaryimage\"},\"image\":{\"@id\":\"https:\\\/\\\/www.casaldelsinfants.org\\\/es\\\/actualidad\\\/enric-canet-documenta-lorigen-menystingut-del-casal-dels-infants-del-raval-de-barcelona-en\\\/#primaryimage\"},\"thumbnailUrl\":\"https:\\\/\\\/www.casaldelsinfants.org\\\/wp-content\\\/uploads\\\/diseno_sin_titulo_7.png\",\"datePublished\":\"2022-07-06T07:51:23+00:00\",\"dateModified\":\"2023-10-26T13:57:17+00:00\",\"breadcrumb\":{\"@id\":\"https:\\\/\\\/www.casaldelsinfants.org\\\/es\\\/actualidad\\\/enric-canet-documenta-lorigen-menystingut-del-casal-dels-infants-del-raval-de-barcelona-en\\\/#breadcrumb\"},\"inLanguage\":\"es\",\"potentialAction\":[{\"@type\":\"ReadAction\",\"target\":[\"https:\\\/\\\/www.casaldelsinfants.org\\\/es\\\/actualidad\\\/enric-canet-documenta-lorigen-menystingut-del-casal-dels-infants-del-raval-de-barcelona-en\\\/\"]}]},{\"@type\":\"ImageObject\",\"inLanguage\":\"es\",\"@id\":\"https:\\\/\\\/www.casaldelsinfants.org\\\/es\\\/actualidad\\\/enric-canet-documenta-lorigen-menystingut-del-casal-dels-infants-del-raval-de-barcelona-en\\\/#primaryimage\",\"url\":\"https:\\\/\\\/www.casaldelsinfants.org\\\/wp-content\\\/uploads\\\/diseno_sin_titulo_7.png\",\"contentUrl\":\"https:\\\/\\\/www.casaldelsinfants.org\\\/wp-content\\\/uploads\\\/diseno_sin_titulo_7.png\",\"width\":2048,\"height\":1152,\"caption\":\"Cartell 'El cel t\u00e9 pigues!'\"},{\"@type\":\"BreadcrumbList\",\"@id\":\"https:\\\/\\\/www.casaldelsinfants.org\\\/es\\\/actualidad\\\/enric-canet-documenta-lorigen-menystingut-del-casal-dels-infants-del-raval-de-barcelona-en\\\/#breadcrumb\",\"itemListElement\":[{\"@type\":\"ListItem\",\"position\":1,\"name\":\"Inici\",\"item\":\"https:\\\/\\\/www.casaldelsinfants.org\\\/es\\\/\"},{\"@type\":\"ListItem\",\"position\":2,\"name\":\"Enric Canet documenta l\u2019origen menystingut del Casal dels Infants del Raval de Barcelona en un nou llibre, &#8216;El cel t\u00e9 pigues&#8217;\"}]},{\"@type\":\"WebSite\",\"@id\":\"https:\\\/\\\/www.casaldelsinfants.org\\\/es\\\/#website\",\"url\":\"https:\\\/\\\/www.casaldelsinfants.org\\\/es\\\/\",\"name\":\"Casal dels Infants\",\"description\":\"\",\"publisher\":{\"@id\":\"https:\\\/\\\/www.casaldelsinfants.org\\\/es\\\/#organization\"},\"potentialAction\":[{\"@type\":\"SearchAction\",\"target\":{\"@type\":\"EntryPoint\",\"urlTemplate\":\"https:\\\/\\\/www.casaldelsinfants.org\\\/es\\\/?s={search_term_string}\"},\"query-input\":{\"@type\":\"PropertyValueSpecification\",\"valueRequired\":true,\"valueName\":\"search_term_string\"}}],\"inLanguage\":\"es\"},{\"@type\":\"Organization\",\"@id\":\"https:\\\/\\\/www.casaldelsinfants.org\\\/es\\\/#organization\",\"name\":\"Casal dels Infants\",\"url\":\"https:\\\/\\\/www.casaldelsinfants.org\\\/es\\\/\",\"logo\":{\"@type\":\"ImageObject\",\"inLanguage\":\"es\",\"@id\":\"https:\\\/\\\/www.casaldelsinfants.org\\\/es\\\/#\\\/schema\\\/logo\\\/image\\\/\",\"url\":\"https:\\\/\\\/www.casaldelsinfants.org\\\/wp-content\\\/uploads\\\/logo-mail.png\",\"contentUrl\":\"https:\\\/\\\/www.casaldelsinfants.org\\\/wp-content\\\/uploads\\\/logo-mail.png\",\"width\":380,\"height\":158,\"caption\":\"Casal dels Infants\"},\"image\":{\"@id\":\"https:\\\/\\\/www.casaldelsinfants.org\\\/es\\\/#\\\/schema\\\/logo\\\/image\\\/\"},\"sameAs\":[\"https:\\\/\\\/www.facebook.com\\\/casalinfants\",\"https:\\\/\\\/x.com\\\/casalinfants\",\"https:\\\/\\\/www.youtube.com\\\/user\\\/CasaldelsInfants1\",\"https:\\\/\\\/www.instagram.com\\\/casalinfants\\\/\",\"https:\\\/\\\/www.linkedin.com\\\/company\\\/casaldelsinfants?trk=organization-update_share-update_actor-text\"]},{\"@type\":\"Person\",\"@id\":\"https:\\\/\\\/www.casaldelsinfants.org\\\/es\\\/#\\\/schema\\\/person\\\/97707fc8c64900cf36891127dbf9fba8\",\"name\":\"cdiAdmin\",\"sameAs\":[\"https:\\\/\\\/casaldelsinfants.org\"]}]}<\/script>\n<!-- \/ Yoast SEO plugin. -->","yoast_head_json":{"title":"Enric Canet documenta l\u2019origen menystingut del Casal dels Infants del Raval de Barcelona en un nou llibre, 'El cel t\u00e9 pigues'","robots":{"index":"index","follow":"follow","max-snippet":"max-snippet:-1","max-image-preview":"max-image-preview:large","max-video-preview":"max-video-preview:-1"},"canonical":"https:\/\/www.casaldelsinfants.org\/es\/actualidad\/enric-canet-documenta-lorigen-menystingut-del-casal-dels-infants-del-raval-de-barcelona-en\/","og_locale":"es_ES","og_type":"article","og_title":"Enric Canet documenta l\u2019origen menystingut del Casal dels Infants del Raval de Barcelona en un nou llibre, 'El cel t\u00e9 pigues'","og_description":"&#8216;El cel t\u00e9 pigues.\u00a0L\u2019inici menystingut del Casal dels Infants del Raval 1978-1983&#8217;, d\u2019Enric Canet, \u00e9s una obra que rememora l\u2019origen no explicat d\u2019un projecte educatiu, el del Casal dels Infants, que com diu l\u2019autor, fa costat a les criatures que al\u00e7aven la mirada per mirar molt m\u00e9s lluny, un projecte d\u2019acompanyament i inclusi\u00f3 dels i [&hellip;]","og_url":"https:\/\/www.casaldelsinfants.org\/es\/actualidad\/enric-canet-documenta-lorigen-menystingut-del-casal-dels-infants-del-raval-de-barcelona-en\/","og_site_name":"Casal dels Infants","article_publisher":"https:\/\/www.facebook.com\/casalinfants","article_published_time":"2022-07-06T07:51:23+00:00","article_modified_time":"2023-10-26T13:57:17+00:00","og_image":[{"width":2048,"height":1152,"url":"https:\/\/www.casaldelsinfants.org\/wp-content\/uploads\/diseno_sin_titulo_7.png","type":"image\/png"}],"author":"cdiAdmin","twitter_card":"summary_large_image","twitter_creator":"@casalinfants","twitter_site":"@casalinfants","twitter_misc":{"Escrito por":"cdiAdmin","Tiempo de lectura":"5 minutos"},"schema":{"@context":"https:\/\/schema.org","@graph":[{"@type":"Article","@id":"https:\/\/www.casaldelsinfants.org\/es\/actualidad\/enric-canet-documenta-lorigen-menystingut-del-casal-dels-infants-del-raval-de-barcelona-en\/#article","isPartOf":{"@id":"https:\/\/www.casaldelsinfants.org\/es\/actualidad\/enric-canet-documenta-lorigen-menystingut-del-casal-dels-infants-del-raval-de-barcelona-en\/"},"author":{"name":"cdiAdmin","@id":"https:\/\/www.casaldelsinfants.org\/es\/#\/schema\/person\/97707fc8c64900cf36891127dbf9fba8"},"headline":"Enric Canet documenta l\u2019origen menystingut del Casal dels Infants del Raval de Barcelona en un nou llibre, &#8216;El cel t\u00e9 pigues&#8217;","datePublished":"2022-07-06T07:51:23+00:00","dateModified":"2023-10-26T13:57:17+00:00","mainEntityOfPage":{"@id":"https:\/\/www.casaldelsinfants.org\/es\/actualidad\/enric-canet-documenta-lorigen-menystingut-del-casal-dels-infants-del-raval-de-barcelona-en\/"},"wordCount":925,"commentCount":0,"publisher":{"@id":"https:\/\/www.casaldelsinfants.org\/es\/#organization"},"image":{"@id":"https:\/\/www.casaldelsinfants.org\/es\/actualidad\/enric-canet-documenta-lorigen-menystingut-del-casal-dels-infants-del-raval-de-barcelona-en\/#primaryimage"},"thumbnailUrl":"https:\/\/www.casaldelsinfants.org\/wp-content\/uploads\/diseno_sin_titulo_7.png","articleSection":["Noticia"],"inLanguage":"es","potentialAction":[{"@type":"CommentAction","name":"Comment","target":["https:\/\/www.casaldelsinfants.org\/es\/actualidad\/enric-canet-documenta-lorigen-menystingut-del-casal-dels-infants-del-raval-de-barcelona-en\/#respond"]}]},{"@type":"WebPage","@id":"https:\/\/www.casaldelsinfants.org\/es\/actualidad\/enric-canet-documenta-lorigen-menystingut-del-casal-dels-infants-del-raval-de-barcelona-en\/","url":"https:\/\/www.casaldelsinfants.org\/es\/actualidad\/enric-canet-documenta-lorigen-menystingut-del-casal-dels-infants-del-raval-de-barcelona-en\/","name":"Enric Canet documenta l\u2019origen menystingut del Casal dels Infants del Raval de Barcelona en un nou llibre, 'El cel t\u00e9 pigues'","isPartOf":{"@id":"https:\/\/www.casaldelsinfants.org\/es\/#website"},"primaryImageOfPage":{"@id":"https:\/\/www.casaldelsinfants.org\/es\/actualidad\/enric-canet-documenta-lorigen-menystingut-del-casal-dels-infants-del-raval-de-barcelona-en\/#primaryimage"},"image":{"@id":"https:\/\/www.casaldelsinfants.org\/es\/actualidad\/enric-canet-documenta-lorigen-menystingut-del-casal-dels-infants-del-raval-de-barcelona-en\/#primaryimage"},"thumbnailUrl":"https:\/\/www.casaldelsinfants.org\/wp-content\/uploads\/diseno_sin_titulo_7.png","datePublished":"2022-07-06T07:51:23+00:00","dateModified":"2023-10-26T13:57:17+00:00","breadcrumb":{"@id":"https:\/\/www.casaldelsinfants.org\/es\/actualidad\/enric-canet-documenta-lorigen-menystingut-del-casal-dels-infants-del-raval-de-barcelona-en\/#breadcrumb"},"inLanguage":"es","potentialAction":[{"@type":"ReadAction","target":["https:\/\/www.casaldelsinfants.org\/es\/actualidad\/enric-canet-documenta-lorigen-menystingut-del-casal-dels-infants-del-raval-de-barcelona-en\/"]}]},{"@type":"ImageObject","inLanguage":"es","@id":"https:\/\/www.casaldelsinfants.org\/es\/actualidad\/enric-canet-documenta-lorigen-menystingut-del-casal-dels-infants-del-raval-de-barcelona-en\/#primaryimage","url":"https:\/\/www.casaldelsinfants.org\/wp-content\/uploads\/diseno_sin_titulo_7.png","contentUrl":"https:\/\/www.casaldelsinfants.org\/wp-content\/uploads\/diseno_sin_titulo_7.png","width":2048,"height":1152,"caption":"Cartell 'El cel t\u00e9 pigues!'"},{"@type":"BreadcrumbList","@id":"https:\/\/www.casaldelsinfants.org\/es\/actualidad\/enric-canet-documenta-lorigen-menystingut-del-casal-dels-infants-del-raval-de-barcelona-en\/#breadcrumb","itemListElement":[{"@type":"ListItem","position":1,"name":"Inici","item":"https:\/\/www.casaldelsinfants.org\/es\/"},{"@type":"ListItem","position":2,"name":"Enric Canet documenta l\u2019origen menystingut del Casal dels Infants del Raval de Barcelona en un nou llibre, &#8216;El cel t\u00e9 pigues&#8217;"}]},{"@type":"WebSite","@id":"https:\/\/www.casaldelsinfants.org\/es\/#website","url":"https:\/\/www.casaldelsinfants.org\/es\/","name":"Casal dels Infants","description":"","publisher":{"@id":"https:\/\/www.casaldelsinfants.org\/es\/#organization"},"potentialAction":[{"@type":"SearchAction","target":{"@type":"EntryPoint","urlTemplate":"https:\/\/www.casaldelsinfants.org\/es\/?s={search_term_string}"},"query-input":{"@type":"PropertyValueSpecification","valueRequired":true,"valueName":"search_term_string"}}],"inLanguage":"es"},{"@type":"Organization","@id":"https:\/\/www.casaldelsinfants.org\/es\/#organization","name":"Casal dels Infants","url":"https:\/\/www.casaldelsinfants.org\/es\/","logo":{"@type":"ImageObject","inLanguage":"es","@id":"https:\/\/www.casaldelsinfants.org\/es\/#\/schema\/logo\/image\/","url":"https:\/\/www.casaldelsinfants.org\/wp-content\/uploads\/logo-mail.png","contentUrl":"https:\/\/www.casaldelsinfants.org\/wp-content\/uploads\/logo-mail.png","width":380,"height":158,"caption":"Casal dels Infants"},"image":{"@id":"https:\/\/www.casaldelsinfants.org\/es\/#\/schema\/logo\/image\/"},"sameAs":["https:\/\/www.facebook.com\/casalinfants","https:\/\/x.com\/casalinfants","https:\/\/www.youtube.com\/user\/CasaldelsInfants1","https:\/\/www.instagram.com\/casalinfants\/","https:\/\/www.linkedin.com\/company\/casaldelsinfants?trk=organization-update_share-update_actor-text"]},{"@type":"Person","@id":"https:\/\/www.casaldelsinfants.org\/es\/#\/schema\/person\/97707fc8c64900cf36891127dbf9fba8","name":"cdiAdmin","sameAs":["https:\/\/casaldelsinfants.org"]}]}},"publishpress_future_action":{"enabled":false,"date":"2026-05-08 23:08:43","action":"change-status","newStatus":"draft","terms":[],"taxonomy":"category","extraData":[]},"publishpress_future_workflow_manual_trigger":{"enabledWorkflows":[]},"_links":{"self":[{"href":"https:\/\/www.casaldelsinfants.org\/es\/wp-json\/wp\/v2\/posts\/4208","targetHints":{"allow":["GET"]}}],"collection":[{"href":"https:\/\/www.casaldelsinfants.org\/es\/wp-json\/wp\/v2\/posts"}],"about":[{"href":"https:\/\/www.casaldelsinfants.org\/es\/wp-json\/wp\/v2\/types\/post"}],"author":[{"embeddable":true,"href":"https:\/\/www.casaldelsinfants.org\/es\/wp-json\/wp\/v2\/users\/1"}],"replies":[{"embeddable":true,"href":"https:\/\/www.casaldelsinfants.org\/es\/wp-json\/wp\/v2\/comments?post=4208"}],"version-history":[{"count":2,"href":"https:\/\/www.casaldelsinfants.org\/es\/wp-json\/wp\/v2\/posts\/4208\/revisions"}],"predecessor-version":[{"id":14978,"href":"https:\/\/www.casaldelsinfants.org\/es\/wp-json\/wp\/v2\/posts\/4208\/revisions\/14978"}],"wp:featuredmedia":[{"embeddable":true,"href":"https:\/\/www.casaldelsinfants.org\/es\/wp-json\/wp\/v2\/media\/2907"}],"wp:attachment":[{"href":"https:\/\/www.casaldelsinfants.org\/es\/wp-json\/wp\/v2\/media?parent=4208"}],"wp:term":[{"taxonomy":"category","embeddable":true,"href":"https:\/\/www.casaldelsinfants.org\/es\/wp-json\/wp\/v2\/categories?post=4208"},{"taxonomy":"post_tag","embeddable":true,"href":"https:\/\/www.casaldelsinfants.org\/es\/wp-json\/wp\/v2\/tags?post=4208"},{"taxonomy":"seus","embeddable":true,"href":"https:\/\/www.casaldelsinfants.org\/es\/wp-json\/wp\/v2\/seus?post=4208"},{"taxonomy":"eixos","embeddable":true,"href":"https:\/\/www.casaldelsinfants.org\/es\/wp-json\/wp\/v2\/eixos?post=4208"}],"curies":[{"name":"wp","href":"https:\/\/api.w.org\/{rel}","templated":true}]}}