{"id":4209,"date":"2022-06-30T09:05:19","date_gmt":"2022-06-30T07:05:19","guid":{"rendered":"https:\/\/casal.puntzero.cat\/noticies\/garantim-un-gran-estiu-1600-infants-i-joves-en-situacio-de-vulnerabilitat\/"},"modified":"2022-08-17T11:15:27","modified_gmt":"2022-08-17T09:15:27","slug":"garantim-un-gran-estiu-1600-infants-i-joves-en-situacio-de-vulnerabilitat","status":"publish","type":"post","link":"https:\/\/www.casaldelsinfants.org\/es\/actualidad\/garantizamos-un-gran-verano-1600-ninos-ninas-y-jovenes-en-situacion-de-vulnerabilidad\/","title":{"rendered":"Garantizamos un gran verano a 1.600 ni\u00f1os, ni\u00f1as y j\u00f3venes en situaci\u00f3n de vulnerabilidad"},"content":{"rendered":"<p><span style=\"color:#000000;\">Necesitamos un gran verano, y desde hoy nos dedicamos a hacerlo posible organizando nuestros casals de verano, colonias, campamentos para adolescentes y campos de trabajo para j\u00f3venes. Acoger\u00e1n a chicos y chicas de 0 a 21 a\u00f1os que mayoritariamente ya eran participantes de la entidad durante el curso, en los barrios del Raval y el Bes\u00f2s i el Maresme\u00a0(Barcelona);\u00a0Llefi\u00e0 y Sant Roc\u00a0(Badalona);\u00a0Santa Rosa, Raval y Fondo\u00a0(Santa Coloma de Gramenet);\u00a0la Mina y el Bes\u00f2s\u00a0(Sant Adri\u00e0 de Bes\u00f2s) y el municipi de\u00a0Salt. Las inscripciones son de media para cuatro semanas, pero hay ni\u00f1os y ni\u00f1as que alargar\u00e1n su participaci\u00f3n, cuando el equipo valore que sus necesidades lo requieren.<\/span><\/p>\n<p><span style=\"color:#000000;\">Para garantizar este acompa\u00f1amiento, hemos lanzado el llamado \u201cNecesitamos un gran verano\u201d, con el objetivo de movilizar la ciudadan\u00eda y conseguir donativos que ayuden a cubrir la financiaci\u00f3n de las actividades de verano. A modo de ejemplo, un donativo de 50 euros garantizar\u00e1 que un ni\u00f1o o ni\u00f1a cuente con el servicio de comedor al mediod\u00eda durante dos semanas mientras hace las actividades del Casal dels Infants. Con una aportaci\u00f3n de 120 euros, un ni\u00f1o o ni\u00f1a realizar\u00e1 una semana de casal de verano con el almuerzo incluido, y con 300 podr\u00e1 irse de colonias durante cinco d\u00edas. <\/span><a href=\"https:\/\/www.casaldelsinfants.org\/es\/dona-ahora-verano\/\"><u><strong>Ya puedes hacer tu donativo de forma sencilla aqu\u00ed.<\/strong><\/u><\/a><br \/>\n\u00a0<\/p>\n<p><strong>Garantizar el derecho al ocio educativo<\/strong><\/p>\n<p><span style=\"color:#000000;\">La directora general del Casal dels Infants, Rosa Balaguer, ha destacado la necesidad de garantizar el derecho al ocio educativo de todos los ni\u00f1os, ni\u00f1s y j\u00f3venes, en igualdad de condiciones: \u201cNo se trata de un capricho, sino de un derecho de la infancia y una actividad clave para su desarrollo adecuado. Garantizarles espacios de juego, recreo y aprendizaje es especialmente necesario para los hijos e hijas de familias que no tienen recursos, tiempo ni espacios para que se lo pasen bien y aprendan\u201d.<\/span><\/p>\n<p><span style=\"color:#000000;\">Durante el verano tambi\u00e9n priorizamos acercar a los chicos y chicas a espacios naturales fuera de su entorno urbano, para que cojan aire, rompan con la rutina, disfruten de la naturaleza y conozcan el territorio que los rodea. Las colonias, campamentos y campos de trabajo tendr\u00e1n lugar en 12 municipios de nueve comarcas catalanas. \u201cHay que recordar que tres de cada diez familias en Catalunya no se pueden permitir irse una semana de vacaciones una veza al a\u00f1o. Si hablamos de los hogares que sufren la pobreza, es casi inimaginable que puedan hacerlo\u201d, ha se\u00f1alado Balaguer. Nuestra programaci\u00f3n tambi\u00e9n incluye actividades culturales que enriquecen las vacaciones de los ni\u00f1os, ni\u00f1as y j\u00f3venes, como visitas a museos y talleres creativos.<\/span><br \/>\n\u00a0<\/p>\n<p><strong>Prevenir situaciones de riesgo<\/strong><\/p>\n<p><span style=\"color:#000000;\">Por otro lado, durante el verano seguiremos haciendo un seguimiento de la situaci\u00f3n social de los ni\u00f1os, ni\u00f1as y j\u00f3venes que acompa\u00f1amos, como valora Balaguer: \u201cEl verano es muy largo y las desigualdades no hacen vacaciones. Con las escuelas y losinstitutos cerrados, en estos tres meses somos el \u00fanico espacio de referencia para los hicos y chicas que vela por su bienestar, fuera del n\u00facleo familiar. Nos coordinamos con las familias y los servicios sociales para seguir previniendo y atendiendo posibles riesgos\u201d. <\/span><\/p>\n<p><span style=\"color:#000000;\">Cabe tener en cuenta que en Catalunya medio mill\u00f3n de ni\u00f1os y ni\u00f1as se encuentran en riesgo de pobreza o exclusi\u00f3n social, uno de cada tres. Estos ni\u00f1os y ni\u00f1as son quienes m\u00e1s han sufrido los efectos de la pandemia, porque en muchos casos sus familias han visto agravada su situaci\u00f3n de falta de ingresos y sus condiciones de vida han empeorado.<\/span><\/p>\n<p>\u00a0<\/p>\n<p><strong>Refuerzo educativo y derecho a la alimentaci\u00f3n<\/strong><\/p>\n<p><span style=\"color:#000000;\">Otro de nuestros ejes de actuaci\u00f3n durante el verano es garantizar ratos de refuerzo educativo para que los ni\u00f1os, ni\u00f1as y j\u00f3venes consoliden lo que han aprendido durante el curso, y as\u00ed en septiembre retomen los estudios con garant\u00edas de \u00e9xito. De esta manera, pretende evitar que, por el hecho de no tener acceso a actividades de ocio educativo, durante el verano sufran una p\u00e9rdida de aprendizaje equivalente a dos o tres cursos de escolarizaci\u00f3n, seg\u00fan se\u00f1alan diversos estudios recogidos por la campa\u00f1a Verano Enriquecido de la alianza Educaci\u00f3 360, de la cual el Casal dels Infants formamos parte. En este sentido, el servicio CatEstiu, que impulsamos en el barrio del Raval de Barcelona, se centra en el refuerzo educativo de los ni\u00f1os y ni\u00f1as que m\u00e1s necesitan este apoyo en el aprendizaje durante el verano.<\/span><\/p>\n<p><span style=\"color:#000000;\">As\u00ed mismo, tambi\u00e9n queremos garantizamos el derecho a la alimentaci\u00f3n de los chicos y chicas que participan en el Casal durante el verano, garantiz\u00e1ndoles un almuerzo nutritivo, y todas las comidas cuando est\u00e1n de colonias, campamentos o campos de trabajo.<\/span><\/p>\n<p>\u00a0<\/p>\n<p><strong>Una escuela de verano comunitaria en el barrio de Llefi\u00e0<\/strong><\/p>\n<p><span style=\"color:#000000;\">En el Casal dels Infants de Badalona estrenamos este a\u00f1o la Escela de Verano, una apuesta de actividades, cursos competenciales, charlas y c\u00e1psulas laborales para j\u00f3venes, adultos y familios del barrio de Llefi\u00e0 y otros lim\u00edtrofes. LA escuela tendr\u00e1 lugar del 4 al 29 de julio en la sede badalonesa de la entidad, y surge del deseo de abrirnos al barrio y favorecer la participaci\u00f3n comunitaria, debilitada por la pandemia. Est\u00e1 dirigida a todo el vecindario, y entre las propuestas hay salidas ling\u00fc\u00edsticas para conocer la ciudad y practicar el catal\u00e1n, actividades l\u00fadicas en familia, cursos para fortalecer las competencias digitales y c\u00e1psulas para preparar procesos de selecci\u00f3n laboral. Tambi\u00e9n se ofrecer\u00e1n charlas con entidades del territorio para abordar temas de inter\u00e9s como los derechos de las mujeres, el derecho a la vivienda en Badalona, la salud infantil y c\u00f3mo actuar ante situaciones de emergencia en la calle.<\/span><\/p>\n<p>\n<strong>Campos de trabajo y apoyo maternoinfantil<\/strong><\/p>\n<p><span style=\"color:#000000;\">En estas semanas los chicos y chicas tendr\u00e1n la oportunidad de compartir un espacio de convivencia entre iguales, fortalecer valores como el compa\u00f1erismo, el respeto por los dem\u00e1s y el cuidado del entorno: \u201cEs clave para su bienestar emocional que recuperen espacios para relacionarse y compartir, tras muchos esfuerzos por seguir las restricciones de la pandemia en los \u00faltimos meses\u201d, ha valorado Balaguer. Saliendo de su entorno familiar durante las colonias, campamentos y campos de trabajo tambi\u00e9n reforzar\u00e1n su autonom\u00eda.<\/span><\/p>\n<p><span style=\"color:#000000;\">Este a\u00f1o recuperams el campo de trabajo en Olot, inactivo desde el inicio de la pandemia, gracias a la colaboraci\u00f3n con el Ayuntamiento de la ciudad y el Agrupament Escolta i Guia Nostra Dona d\u2019Olot. Una veintena de j\u00f3venes del Casal dels Infants de Santa Coloma de Gramenet, con el apoyo del Ayuntamiento y de t\u00e9cnicos del Parque Natural de la Zona Volc\u00e1nica de la Garrotxa, har\u00e1n tareas de limpieza de especies invasoras en los humedales de la Moixina, que amenazan la preservaci\u00f3n de la lib\u00e9lula azul aut\u00f3ctona. Tambi\u00e9n har\u00e1n salidas para conocer el territorio con el apoyo del Agrupament Escolta, y compartir\u00e1n actividades con j\u00f3venes con discapacidad f\u00edsica e intelectual participantes de la entidad Integra.<\/span><\/p>\n<p><span style=\"color:#000000;\">Por otro lado, volveremos a organizar un segundo campo de trabajo en los pueblos de Tavascan y Escal\u00f3, en el Pallars Sobir\u00e0. Con la colaboraci\u00f3n de los ayuntamientos de los municipios de Lladorre y la Guingueta d\u2019\u00c0neu, los hicos y chicas ayudar\u00e1n a la brigada municipal de cada municipio en tareas de adecuaci\u00f3n de espacios, caminos y patrimonio hist\u00f3rico del territorio. Tambi\u00e9n gozar\u00e1n de excursiones y actividades de ocio educativo en un entorno natural privilegiado.<\/span><\/p>\n<p><span style=\"color:#000000;\">Finalmente, mantendremos en funcionamiento durante el mes de julio el servicio maternoinfantil Vincles \u2014tambi\u00e9n en agosto en el Casal dels Infants de Santa Coloma de Gramenet\u2014, donde participan madres en situaci\u00f3n de vulnerabilidad con hijos e hijas menores de tres a\u00f1os. El objetivo es reforzar el v\u00ednculo entre madres e hijos, trabajar competencias con las mujeres para su inclusi\u00f3n social y dinamizar actividades para estimular el desarrollo cognitivo y psicomotriz de los ni\u00f1os y ni\u00f1as.<\/span><\/p>\n","protected":false},"excerpt":{"rendered":"<p class=\"text-align-center\">\u00a0<\/p>\n<p class=\"text-align-center\">En el Casal dels Infants hemos empezado este lunes nuestras actividades de verano, con las que garantizaremos espacios de ocio educativo gratuitos a 1.600 ni\u00f1os, ni\u00f1as y j\u00f3venes en situaci\u00f3n de vulnerabilidad hasta el 26 de agosto. Entre las novedades de este a\u00f1o, impulsamos por primera vez la Escuela de Verano en Badalona, una apuesta por la participaci\u00f3n comunitaria que ofrecer\u00e1 cursos competenciales, charlas y c\u00e1psulas laborales a j\u00f3venes, adultos y familias del barrio de Llefi\u00e0. Tambi\u00e9n recuperamos el campo de trabajo para j\u00f3venes en Olot, inactivo desde el inicio de la pandemia, que se suma a los de Tavasc\u00e1n y Escal\u00f3.<\/p>\n","protected":false},"author":1,"featured_media":2910,"comment_status":"open","ping_status":"open","sticky":false,"template":"","format":"standard","meta":{"_acf_changed":false,"_et_pb_use_builder":"","_et_pb_old_content":"","_et_gb_content_width":"","inline_featured_image":false,"footnotes":""},"categories":[105],"tags":[],"seus":[],"eixos":[],"class_list":["post-4209","post","type-post","status-publish","format-standard","has-post-thumbnail","hentry","category-reportaje"],"acf":[],"yoast_head":"<!-- This site is optimized with the Yoast SEO plugin v27.4 - https:\/\/yoast.com\/product\/yoast-seo-wordpress\/ -->\n<title>Garantizamos un gran verano a 1.600 ni\u00f1os, ni\u00f1as y j\u00f3venes en situaci\u00f3n de vulnerabilidad - Casal dels Infants<\/title>\n<meta name=\"robots\" content=\"index, follow, max-snippet:-1, max-image-preview:large, max-video-preview:-1\" \/>\n<link rel=\"canonical\" href=\"https:\/\/www.casaldelsinfants.org\/es\/actualidad\/garantizamos-un-gran-verano-1600-ninos-ninas-y-jovenes-en-situacion-de-vulnerabilidad\/\" \/>\n<meta property=\"og:locale\" content=\"es_ES\" \/>\n<meta property=\"og:type\" content=\"article\" \/>\n<meta property=\"og:title\" content=\"Garantizamos un gran verano a 1.600 ni\u00f1os, ni\u00f1as y j\u00f3venes en situaci\u00f3n de vulnerabilidad - Casal dels Infants\" \/>\n<meta property=\"og:description\" content=\"\u00a0 En el Casal dels Infants hemos empezado este lunes nuestras actividades de verano, con las que garantizaremos espacios de ocio educativo gratuitos a 1.600 ni\u00f1os, ni\u00f1as y j\u00f3venes en situaci\u00f3n de vulnerabilidad hasta el 26 de agosto. Entre las novedades de este a\u00f1o, impulsamos por primera vez la Escuela de Verano en Badalona, una apuesta por la participaci\u00f3n comunitaria que ofrecer\u00e1 cursos competenciales, charlas y c\u00e1psulas laborales a j\u00f3venes, adultos y familias del barrio de Llefi\u00e0. Tambi\u00e9n recuperamos el campo de trabajo para j\u00f3venes en Olot, inactivo desde el inicio de la pandemia, que se suma a los de Tavasc\u00e1n y Escal\u00f3.\" \/>\n<meta property=\"og:url\" content=\"https:\/\/www.casaldelsinfants.org\/es\/actualidad\/garantizamos-un-gran-verano-1600-ninos-ninas-y-jovenes-en-situacion-de-vulnerabilidad\/\" \/>\n<meta property=\"og:site_name\" content=\"Casal dels Infants\" \/>\n<meta property=\"article:publisher\" content=\"https:\/\/www.facebook.com\/casalinfants\" \/>\n<meta property=\"article:published_time\" content=\"2022-06-30T07:05:19+00:00\" \/>\n<meta property=\"article:modified_time\" content=\"2022-08-17T09:15:27+00:00\" \/>\n<meta property=\"og:image\" content=\"https:\/\/www.casaldelsinfants.org\/wp-content\/uploads\/1270439-scaled.jpg\" \/>\n\t<meta property=\"og:image:width\" content=\"2560\" \/>\n\t<meta property=\"og:image:height\" content=\"1937\" \/>\n\t<meta property=\"og:image:type\" content=\"image\/jpeg\" \/>\n<meta name=\"author\" content=\"cdiAdmin\" \/>\n<meta name=\"twitter:card\" content=\"summary_large_image\" \/>\n<meta name=\"twitter:creator\" content=\"@casalinfants\" \/>\n<meta name=\"twitter:site\" content=\"@casalinfants\" \/>\n<meta name=\"twitter:label1\" content=\"Escrito por\" \/>\n\t<meta name=\"twitter:data1\" content=\"cdiAdmin\" \/>\n\t<meta name=\"twitter:label2\" content=\"Tiempo de lectura\" \/>\n\t<meta name=\"twitter:data2\" content=\"7 minutos\" \/>\n<script type=\"application\/ld+json\" class=\"yoast-schema-graph\">{\"@context\":\"https:\\\/\\\/schema.org\",\"@graph\":[{\"@type\":\"Article\",\"@id\":\"https:\\\/\\\/www.casaldelsinfants.org\\\/es\\\/actualidad\\\/garantizamos-un-gran-verano-1600-ninos-ninas-y-jovenes-en-situacion-de-vulnerabilidad\\\/#article\",\"isPartOf\":{\"@id\":\"https:\\\/\\\/www.casaldelsinfants.org\\\/es\\\/actualidad\\\/garantizamos-un-gran-verano-1600-ninos-ninas-y-jovenes-en-situacion-de-vulnerabilidad\\\/\"},\"author\":{\"name\":\"cdiAdmin\",\"@id\":\"https:\\\/\\\/www.casaldelsinfants.org\\\/es\\\/#\\\/schema\\\/person\\\/97707fc8c64900cf36891127dbf9fba8\"},\"headline\":\"Garantizamos un gran verano a 1.600 ni\u00f1os, ni\u00f1as y j\u00f3venes en situaci\u00f3n de vulnerabilidad\",\"datePublished\":\"2022-06-30T07:05:19+00:00\",\"dateModified\":\"2022-08-17T09:15:27+00:00\",\"mainEntityOfPage\":{\"@id\":\"https:\\\/\\\/www.casaldelsinfants.org\\\/es\\\/actualidad\\\/garantizamos-un-gran-verano-1600-ninos-ninas-y-jovenes-en-situacion-de-vulnerabilidad\\\/\"},\"wordCount\":1392,\"commentCount\":0,\"publisher\":{\"@id\":\"https:\\\/\\\/www.casaldelsinfants.org\\\/es\\\/#organization\"},\"image\":{\"@id\":\"https:\\\/\\\/www.casaldelsinfants.org\\\/es\\\/actualidad\\\/garantizamos-un-gran-verano-1600-ninos-ninas-y-jovenes-en-situacion-de-vulnerabilidad\\\/#primaryimage\"},\"thumbnailUrl\":\"https:\\\/\\\/www.casaldelsinfants.org\\\/wp-content\\\/uploads\\\/1270439-scaled.jpg\",\"articleSection\":[\"Reportaje\"],\"inLanguage\":\"es\",\"potentialAction\":[{\"@type\":\"CommentAction\",\"name\":\"Comment\",\"target\":[\"https:\\\/\\\/www.casaldelsinfants.org\\\/es\\\/actualidad\\\/garantizamos-un-gran-verano-1600-ninos-ninas-y-jovenes-en-situacion-de-vulnerabilidad\\\/#respond\"]}]},{\"@type\":\"WebPage\",\"@id\":\"https:\\\/\\\/www.casaldelsinfants.org\\\/es\\\/actualidad\\\/garantizamos-un-gran-verano-1600-ninos-ninas-y-jovenes-en-situacion-de-vulnerabilidad\\\/\",\"url\":\"https:\\\/\\\/www.casaldelsinfants.org\\\/es\\\/actualidad\\\/garantizamos-un-gran-verano-1600-ninos-ninas-y-jovenes-en-situacion-de-vulnerabilidad\\\/\",\"name\":\"Garantizamos un gran verano a 1.600 ni\u00f1os, ni\u00f1as y j\u00f3venes en situaci\u00f3n de vulnerabilidad - Casal dels Infants\",\"isPartOf\":{\"@id\":\"https:\\\/\\\/www.casaldelsinfants.org\\\/es\\\/#website\"},\"primaryImageOfPage\":{\"@id\":\"https:\\\/\\\/www.casaldelsinfants.org\\\/es\\\/actualidad\\\/garantizamos-un-gran-verano-1600-ninos-ninas-y-jovenes-en-situacion-de-vulnerabilidad\\\/#primaryimage\"},\"image\":{\"@id\":\"https:\\\/\\\/www.casaldelsinfants.org\\\/es\\\/actualidad\\\/garantizamos-un-gran-verano-1600-ninos-ninas-y-jovenes-en-situacion-de-vulnerabilidad\\\/#primaryimage\"},\"thumbnailUrl\":\"https:\\\/\\\/www.casaldelsinfants.org\\\/wp-content\\\/uploads\\\/1270439-scaled.jpg\",\"datePublished\":\"2022-06-30T07:05:19+00:00\",\"dateModified\":\"2022-08-17T09:15:27+00:00\",\"breadcrumb\":{\"@id\":\"https:\\\/\\\/www.casaldelsinfants.org\\\/es\\\/actualidad\\\/garantizamos-un-gran-verano-1600-ninos-ninas-y-jovenes-en-situacion-de-vulnerabilidad\\\/#breadcrumb\"},\"inLanguage\":\"es\",\"potentialAction\":[{\"@type\":\"ReadAction\",\"target\":[\"https:\\\/\\\/www.casaldelsinfants.org\\\/es\\\/actualidad\\\/garantizamos-un-gran-verano-1600-ninos-ninas-y-jovenes-en-situacion-de-vulnerabilidad\\\/\"]}]},{\"@type\":\"ImageObject\",\"inLanguage\":\"es\",\"@id\":\"https:\\\/\\\/www.casaldelsinfants.org\\\/es\\\/actualidad\\\/garantizamos-un-gran-verano-1600-ninos-ninas-y-jovenes-en-situacion-de-vulnerabilidad\\\/#primaryimage\",\"url\":\"https:\\\/\\\/www.casaldelsinfants.org\\\/wp-content\\\/uploads\\\/1270439-scaled.jpg\",\"contentUrl\":\"https:\\\/\\\/www.casaldelsinfants.org\\\/wp-content\\\/uploads\\\/1270439-scaled.jpg\",\"width\":2560,\"height\":1937,\"caption\":\"Nens i educadors jugant al pati durant l'estiu\"},{\"@type\":\"BreadcrumbList\",\"@id\":\"https:\\\/\\\/www.casaldelsinfants.org\\\/es\\\/actualidad\\\/garantizamos-un-gran-verano-1600-ninos-ninas-y-jovenes-en-situacion-de-vulnerabilidad\\\/#breadcrumb\",\"itemListElement\":[{\"@type\":\"ListItem\",\"position\":1,\"name\":\"Inici\",\"item\":\"https:\\\/\\\/www.casaldelsinfants.org\\\/es\\\/\"},{\"@type\":\"ListItem\",\"position\":2,\"name\":\"Garantizamos un gran verano a 1.600 ni\u00f1os, ni\u00f1as y j\u00f3venes en situaci\u00f3n de vulnerabilidad\"}]},{\"@type\":\"WebSite\",\"@id\":\"https:\\\/\\\/www.casaldelsinfants.org\\\/es\\\/#website\",\"url\":\"https:\\\/\\\/www.casaldelsinfants.org\\\/es\\\/\",\"name\":\"Casal dels Infants\",\"description\":\"\",\"publisher\":{\"@id\":\"https:\\\/\\\/www.casaldelsinfants.org\\\/es\\\/#organization\"},\"potentialAction\":[{\"@type\":\"SearchAction\",\"target\":{\"@type\":\"EntryPoint\",\"urlTemplate\":\"https:\\\/\\\/www.casaldelsinfants.org\\\/es\\\/?s={search_term_string}\"},\"query-input\":{\"@type\":\"PropertyValueSpecification\",\"valueRequired\":true,\"valueName\":\"search_term_string\"}}],\"inLanguage\":\"es\"},{\"@type\":\"Organization\",\"@id\":\"https:\\\/\\\/www.casaldelsinfants.org\\\/es\\\/#organization\",\"name\":\"Casal dels Infants\",\"url\":\"https:\\\/\\\/www.casaldelsinfants.org\\\/es\\\/\",\"logo\":{\"@type\":\"ImageObject\",\"inLanguage\":\"es\",\"@id\":\"https:\\\/\\\/www.casaldelsinfants.org\\\/es\\\/#\\\/schema\\\/logo\\\/image\\\/\",\"url\":\"https:\\\/\\\/www.casaldelsinfants.org\\\/wp-content\\\/uploads\\\/logo-mail.png\",\"contentUrl\":\"https:\\\/\\\/www.casaldelsinfants.org\\\/wp-content\\\/uploads\\\/logo-mail.png\",\"width\":380,\"height\":158,\"caption\":\"Casal dels Infants\"},\"image\":{\"@id\":\"https:\\\/\\\/www.casaldelsinfants.org\\\/es\\\/#\\\/schema\\\/logo\\\/image\\\/\"},\"sameAs\":[\"https:\\\/\\\/www.facebook.com\\\/casalinfants\",\"https:\\\/\\\/x.com\\\/casalinfants\",\"https:\\\/\\\/www.youtube.com\\\/user\\\/CasaldelsInfants1\",\"https:\\\/\\\/www.instagram.com\\\/casalinfants\\\/\",\"https:\\\/\\\/www.linkedin.com\\\/company\\\/casaldelsinfants?trk=organization-update_share-update_actor-text\"]},{\"@type\":\"Person\",\"@id\":\"https:\\\/\\\/www.casaldelsinfants.org\\\/es\\\/#\\\/schema\\\/person\\\/97707fc8c64900cf36891127dbf9fba8\",\"name\":\"cdiAdmin\",\"sameAs\":[\"https:\\\/\\\/casaldelsinfants.org\"]}]}<\/script>\n<!-- \/ Yoast SEO plugin. -->","yoast_head_json":{"title":"Garantizamos un gran verano a 1.600 ni\u00f1os, ni\u00f1as y j\u00f3venes en situaci\u00f3n de vulnerabilidad - Casal dels Infants","robots":{"index":"index","follow":"follow","max-snippet":"max-snippet:-1","max-image-preview":"max-image-preview:large","max-video-preview":"max-video-preview:-1"},"canonical":"https:\/\/www.casaldelsinfants.org\/es\/actualidad\/garantizamos-un-gran-verano-1600-ninos-ninas-y-jovenes-en-situacion-de-vulnerabilidad\/","og_locale":"es_ES","og_type":"article","og_title":"Garantizamos un gran verano a 1.600 ni\u00f1os, ni\u00f1as y j\u00f3venes en situaci\u00f3n de vulnerabilidad - Casal dels Infants","og_description":"\u00a0 En el Casal dels Infants hemos empezado este lunes nuestras actividades de verano, con las que garantizaremos espacios de ocio educativo gratuitos a 1.600 ni\u00f1os, ni\u00f1as y j\u00f3venes en situaci\u00f3n de vulnerabilidad hasta el 26 de agosto. Entre las novedades de este a\u00f1o, impulsamos por primera vez la Escuela de Verano en Badalona, una apuesta por la participaci\u00f3n comunitaria que ofrecer\u00e1 cursos competenciales, charlas y c\u00e1psulas laborales a j\u00f3venes, adultos y familias del barrio de Llefi\u00e0. Tambi\u00e9n recuperamos el campo de trabajo para j\u00f3venes en Olot, inactivo desde el inicio de la pandemia, que se suma a los de Tavasc\u00e1n y Escal\u00f3.","og_url":"https:\/\/www.casaldelsinfants.org\/es\/actualidad\/garantizamos-un-gran-verano-1600-ninos-ninas-y-jovenes-en-situacion-de-vulnerabilidad\/","og_site_name":"Casal dels Infants","article_publisher":"https:\/\/www.facebook.com\/casalinfants","article_published_time":"2022-06-30T07:05:19+00:00","article_modified_time":"2022-08-17T09:15:27+00:00","og_image":[{"width":2560,"height":1937,"url":"https:\/\/www.casaldelsinfants.org\/wp-content\/uploads\/1270439-scaled.jpg","type":"image\/jpeg"}],"author":"cdiAdmin","twitter_card":"summary_large_image","twitter_creator":"@casalinfants","twitter_site":"@casalinfants","twitter_misc":{"Escrito por":"cdiAdmin","Tiempo de lectura":"7 minutos"},"schema":{"@context":"https:\/\/schema.org","@graph":[{"@type":"Article","@id":"https:\/\/www.casaldelsinfants.org\/es\/actualidad\/garantizamos-un-gran-verano-1600-ninos-ninas-y-jovenes-en-situacion-de-vulnerabilidad\/#article","isPartOf":{"@id":"https:\/\/www.casaldelsinfants.org\/es\/actualidad\/garantizamos-un-gran-verano-1600-ninos-ninas-y-jovenes-en-situacion-de-vulnerabilidad\/"},"author":{"name":"cdiAdmin","@id":"https:\/\/www.casaldelsinfants.org\/es\/#\/schema\/person\/97707fc8c64900cf36891127dbf9fba8"},"headline":"Garantizamos un gran verano a 1.600 ni\u00f1os, ni\u00f1as y j\u00f3venes en situaci\u00f3n de vulnerabilidad","datePublished":"2022-06-30T07:05:19+00:00","dateModified":"2022-08-17T09:15:27+00:00","mainEntityOfPage":{"@id":"https:\/\/www.casaldelsinfants.org\/es\/actualidad\/garantizamos-un-gran-verano-1600-ninos-ninas-y-jovenes-en-situacion-de-vulnerabilidad\/"},"wordCount":1392,"commentCount":0,"publisher":{"@id":"https:\/\/www.casaldelsinfants.org\/es\/#organization"},"image":{"@id":"https:\/\/www.casaldelsinfants.org\/es\/actualidad\/garantizamos-un-gran-verano-1600-ninos-ninas-y-jovenes-en-situacion-de-vulnerabilidad\/#primaryimage"},"thumbnailUrl":"https:\/\/www.casaldelsinfants.org\/wp-content\/uploads\/1270439-scaled.jpg","articleSection":["Reportaje"],"inLanguage":"es","potentialAction":[{"@type":"CommentAction","name":"Comment","target":["https:\/\/www.casaldelsinfants.org\/es\/actualidad\/garantizamos-un-gran-verano-1600-ninos-ninas-y-jovenes-en-situacion-de-vulnerabilidad\/#respond"]}]},{"@type":"WebPage","@id":"https:\/\/www.casaldelsinfants.org\/es\/actualidad\/garantizamos-un-gran-verano-1600-ninos-ninas-y-jovenes-en-situacion-de-vulnerabilidad\/","url":"https:\/\/www.casaldelsinfants.org\/es\/actualidad\/garantizamos-un-gran-verano-1600-ninos-ninas-y-jovenes-en-situacion-de-vulnerabilidad\/","name":"Garantizamos un gran verano a 1.600 ni\u00f1os, ni\u00f1as y j\u00f3venes en situaci\u00f3n de vulnerabilidad - Casal dels Infants","isPartOf":{"@id":"https:\/\/www.casaldelsinfants.org\/es\/#website"},"primaryImageOfPage":{"@id":"https:\/\/www.casaldelsinfants.org\/es\/actualidad\/garantizamos-un-gran-verano-1600-ninos-ninas-y-jovenes-en-situacion-de-vulnerabilidad\/#primaryimage"},"image":{"@id":"https:\/\/www.casaldelsinfants.org\/es\/actualidad\/garantizamos-un-gran-verano-1600-ninos-ninas-y-jovenes-en-situacion-de-vulnerabilidad\/#primaryimage"},"thumbnailUrl":"https:\/\/www.casaldelsinfants.org\/wp-content\/uploads\/1270439-scaled.jpg","datePublished":"2022-06-30T07:05:19+00:00","dateModified":"2022-08-17T09:15:27+00:00","breadcrumb":{"@id":"https:\/\/www.casaldelsinfants.org\/es\/actualidad\/garantizamos-un-gran-verano-1600-ninos-ninas-y-jovenes-en-situacion-de-vulnerabilidad\/#breadcrumb"},"inLanguage":"es","potentialAction":[{"@type":"ReadAction","target":["https:\/\/www.casaldelsinfants.org\/es\/actualidad\/garantizamos-un-gran-verano-1600-ninos-ninas-y-jovenes-en-situacion-de-vulnerabilidad\/"]}]},{"@type":"ImageObject","inLanguage":"es","@id":"https:\/\/www.casaldelsinfants.org\/es\/actualidad\/garantizamos-un-gran-verano-1600-ninos-ninas-y-jovenes-en-situacion-de-vulnerabilidad\/#primaryimage","url":"https:\/\/www.casaldelsinfants.org\/wp-content\/uploads\/1270439-scaled.jpg","contentUrl":"https:\/\/www.casaldelsinfants.org\/wp-content\/uploads\/1270439-scaled.jpg","width":2560,"height":1937,"caption":"Nens i educadors jugant al pati durant l'estiu"},{"@type":"BreadcrumbList","@id":"https:\/\/www.casaldelsinfants.org\/es\/actualidad\/garantizamos-un-gran-verano-1600-ninos-ninas-y-jovenes-en-situacion-de-vulnerabilidad\/#breadcrumb","itemListElement":[{"@type":"ListItem","position":1,"name":"Inici","item":"https:\/\/www.casaldelsinfants.org\/es\/"},{"@type":"ListItem","position":2,"name":"Garantizamos un gran verano a 1.600 ni\u00f1os, ni\u00f1as y j\u00f3venes en situaci\u00f3n de vulnerabilidad"}]},{"@type":"WebSite","@id":"https:\/\/www.casaldelsinfants.org\/es\/#website","url":"https:\/\/www.casaldelsinfants.org\/es\/","name":"Casal dels Infants","description":"","publisher":{"@id":"https:\/\/www.casaldelsinfants.org\/es\/#organization"},"potentialAction":[{"@type":"SearchAction","target":{"@type":"EntryPoint","urlTemplate":"https:\/\/www.casaldelsinfants.org\/es\/?s={search_term_string}"},"query-input":{"@type":"PropertyValueSpecification","valueRequired":true,"valueName":"search_term_string"}}],"inLanguage":"es"},{"@type":"Organization","@id":"https:\/\/www.casaldelsinfants.org\/es\/#organization","name":"Casal dels Infants","url":"https:\/\/www.casaldelsinfants.org\/es\/","logo":{"@type":"ImageObject","inLanguage":"es","@id":"https:\/\/www.casaldelsinfants.org\/es\/#\/schema\/logo\/image\/","url":"https:\/\/www.casaldelsinfants.org\/wp-content\/uploads\/logo-mail.png","contentUrl":"https:\/\/www.casaldelsinfants.org\/wp-content\/uploads\/logo-mail.png","width":380,"height":158,"caption":"Casal dels Infants"},"image":{"@id":"https:\/\/www.casaldelsinfants.org\/es\/#\/schema\/logo\/image\/"},"sameAs":["https:\/\/www.facebook.com\/casalinfants","https:\/\/x.com\/casalinfants","https:\/\/www.youtube.com\/user\/CasaldelsInfants1","https:\/\/www.instagram.com\/casalinfants\/","https:\/\/www.linkedin.com\/company\/casaldelsinfants?trk=organization-update_share-update_actor-text"]},{"@type":"Person","@id":"https:\/\/www.casaldelsinfants.org\/es\/#\/schema\/person\/97707fc8c64900cf36891127dbf9fba8","name":"cdiAdmin","sameAs":["https:\/\/casaldelsinfants.org"]}]}},"publishpress_future_action":{"enabled":false,"date":"2026-05-07 00:56:01","action":"change-status","newStatus":"draft","terms":[],"taxonomy":"category","extraData":[]},"publishpress_future_workflow_manual_trigger":{"enabledWorkflows":[]},"_links":{"self":[{"href":"https:\/\/www.casaldelsinfants.org\/es\/wp-json\/wp\/v2\/posts\/4209","targetHints":{"allow":["GET"]}}],"collection":[{"href":"https:\/\/www.casaldelsinfants.org\/es\/wp-json\/wp\/v2\/posts"}],"about":[{"href":"https:\/\/www.casaldelsinfants.org\/es\/wp-json\/wp\/v2\/types\/post"}],"author":[{"embeddable":true,"href":"https:\/\/www.casaldelsinfants.org\/es\/wp-json\/wp\/v2\/users\/1"}],"replies":[{"embeddable":true,"href":"https:\/\/www.casaldelsinfants.org\/es\/wp-json\/wp\/v2\/comments?post=4209"}],"version-history":[{"count":1,"href":"https:\/\/www.casaldelsinfants.org\/es\/wp-json\/wp\/v2\/posts\/4209\/revisions"}],"predecessor-version":[{"id":6203,"href":"https:\/\/www.casaldelsinfants.org\/es\/wp-json\/wp\/v2\/posts\/4209\/revisions\/6203"}],"wp:featuredmedia":[{"embeddable":true,"href":"https:\/\/www.casaldelsinfants.org\/es\/wp-json\/wp\/v2\/media\/2910"}],"wp:attachment":[{"href":"https:\/\/www.casaldelsinfants.org\/es\/wp-json\/wp\/v2\/media?parent=4209"}],"wp:term":[{"taxonomy":"category","embeddable":true,"href":"https:\/\/www.casaldelsinfants.org\/es\/wp-json\/wp\/v2\/categories?post=4209"},{"taxonomy":"post_tag","embeddable":true,"href":"https:\/\/www.casaldelsinfants.org\/es\/wp-json\/wp\/v2\/tags?post=4209"},{"taxonomy":"seus","embeddable":true,"href":"https:\/\/www.casaldelsinfants.org\/es\/wp-json\/wp\/v2\/seus?post=4209"},{"taxonomy":"eixos","embeddable":true,"href":"https:\/\/www.casaldelsinfants.org\/es\/wp-json\/wp\/v2\/eixos?post=4209"}],"curies":[{"name":"wp","href":"https:\/\/api.w.org\/{rel}","templated":true}]}}