{"id":4210,"date":"2022-06-29T15:41:56","date_gmt":"2022-06-29T13:41:56","guid":{"rendered":"https:\/\/casal.puntzero.cat\/noticies\/el-casal-dels-infants-participa-en-el-1r-barometre-dels-drets-dels-infants-i-adolescents\/"},"modified":"2023-06-08T12:27:15","modified_gmt":"2023-06-08T10:27:15","slug":"el-casal-dels-infants-participa-en-el-1r-barometre-dels-drets-dels-infants-i-adolescents","status":"publish","type":"post","link":"https:\/\/www.casaldelsinfants.org\/es\/actualidad\/casal-dels-infants-participa-1r-barometro-derechos-ninos\/","title":{"rendered":"El Casal dels Infants participa en el primer Bar\u00f3metro de los derechos de ni\u00f1os, ni\u00f1as y adolescentes de Badalona"},"content":{"rendered":"<p><meta charset=\"utf-8\" \/><\/p>\n<p dir=\"ltr\"><span style=\"color:#000000;\">El Casal dels Infants de Badalona ha participado en el <\/span><u><a href=\"https:\/\/tiab-badalona.cat\/wp-content\/uploads\/2022\/06\/informe-barometre-vfinal.pdf\" target=\"_blank\" rel=\"noopener\">primer Bar\u00f3metro de los derechos de los ni\u00f1os, ni\u00f1as y adolescentes de Badalona<\/a><\/u><span style=\"color:#000000;\">, un informe pionero centrado en visibilizar y sensibilizar sobre <strong>cu\u00e1l es la situaci\u00f3n en la ciudad desde el punto de vista del grado de cumplimiento de los derechos de los ni\u00f1os y ni\u00f1as<\/strong>, impulsado por la <\/span><u><a href=\"https:\/\/tiab-badalona.cat\/\" target=\"_blank\" rel=\"noopener\">Taula d\u2019Inf\u00e0ncia i Adolesc\u00e8ncia de Badalona (TIAB)<\/a><\/u><span style=\"color:#000000;\">.<\/span><\/p>\n<p dir=\"ltr\"><span style=\"color:#000000;\">El objetivo del Bar\u00f3metro es explorar y visibilizar el grado de garant\u00eda en Badalona de cuatro de los derechos de ni\u00f1os, ni\u00f1as y adolescentes &#8211;<strong>el derecho a un nivel de vida adecuado, el derecho a la salud mental, el derecho al juego y al descanso, y el derecho a la opini\u00f3n y la participaci\u00f3n<\/strong>-, as\u00ed como incidir en su mejora a partir de propuestas.\u00a0<\/span><\/p>\n<p dir=\"ltr\"><span style=\"color:#000000;\">El proceso de trabajo para conseguir los resultados del bar\u00f3metro empez\u00f3 hace un a\u00f1o. El primer paso, una vez escogidos los cuatro derechos en los que se centrar\u00eda el informe, fue <strong>investigar sobre el estado de la situaci\u00f3n asociado a cada uno de los derechos<\/strong> a trav\u00e9s de una recopilaci\u00f3n de datos cuantitativos y cualitativos. Se analiz\u00f3 la evoluci\u00f3n de los principales indicadores, y se compar\u00f3 en \u00e1mbito catal\u00e1n, estatal y europeo.\u00a0<\/span><\/p>\n<p dir=\"ltr\"><span style=\"color:#000000;\">Durante una de las jornadas de la <strong>Semana de los Derechos de la Infancia<\/strong>, se hizo un encuentro con trabajadores y trabajadoras de los agentes sociales de Badalona, donde trabajaron en cuatro grupos cada uno de los derechos, compartiendo reflexiones y an\u00e1lisis sobre el grado de garant\u00eda de los derechos de los ni\u00f1os y ni\u00f1as escogidos.\u00a0<\/span><\/p>\n<p dir=\"ltr\"><span style=\"color:#000000;\">La segunda fase fue una consulta abierta para recoger la visi\u00f3n de profesionales que trabajan con infancia y adolescencia, y de los mismos ni\u00f1os, ni\u00f1as y adolescentes, para conocer su valoraci\u00f3n sobre la cobertura de los derechos de los ni\u00f1os y ni\u00f1as y de las principales alertas y causas de esta situaci\u00f3n. En total, <strong>participaron en las encuestas online 593 ni\u00f1os, ni\u00f1as y adolescentes de entre 10 y 18 a\u00f1os y 133 profesionales<\/strong>.\u00a0<\/span><\/p>\n<p dir=\"ltr\"><span style=\"color:#000000;\">A partir del an\u00e1lisis de la recogida de datos y de las voces de profesionales, ni\u00f1os, ni\u00f1as y adolescentes, se ha redactado el <\/span><u><a href=\"https:\/\/tiab-badalona.cat\/wp-content\/uploads\/2022\/06\/informe-barometre-vfinal.pdf\" target=\"_blank\" rel=\"noopener\">informe<\/a><\/u><span style=\"color:#000000;\"> con los resultados de la investigaci\u00f3n. Tambi\u00e9n se incluyen las <strong>alertas detectadas respecto en cada derecho<\/strong>, como el riesgo de pobreza disminuye muy discretamente despu\u00e9s de las transferencias sociales o la insuficiente detecci\u00f3n de situaciones de riesgo durante la peque\u00f1a infancia, y se han hecho <strong>propuestas de mejora<\/strong>, como mejorar los sistemas de evaluaci\u00f3n sobre la eficacia y la cualidad de los apoyos prestados a las familias o incorporar perfiles profesionales de apoyo a los y las maestras y educadores y educadoras de los centros educativos, socioeducativos y de ocio. Las propuestas han sido comunicadas al Ayuntamiento de Badalona, y se har\u00e1 un seguimiento de los acuerdos y los resultados para ampliar la garant\u00eda del cumplimiento de los derechos de los ni\u00f1os, ni\u00f1as y adolescentes.\u00a0<\/span><\/p>\n<p dir=\"ltr\"><span style=\"color:#000000;\">El Bar\u00f3metro ha sido posible al trabajo conjunto de <strong>entidades<\/strong> (Fundaci\u00f3 Salut Alta, Creu Roja,\u00a0 Casal dels Infants, Fundaci\u00f3 Pere Closa, GEDI, Deixem de ser invisibles, Consell dels Infants), <strong>escuelas<\/strong> (Escola Planas i Casals, Escoles Educaci\u00f3 Especial (IMSP), Institut Escola Rafael Alberti, Centre recursos pedag\u00f2gics Badalona) y los <strong>servicios <\/strong>de educaci\u00f3n, de cultura y sociales del Ayuntamiento.<\/span><\/p>\n<p dir=\"ltr\">\u00a0<\/p>\n<blockquote>\n<p><strong>Haz\u00a0posible que continuemos\u00a0apoyando a ni\u00f1os, ni\u00f1as y familias en situaci\u00f3n de vulnerabilidad.\u00a0<\/strong><\/p>\n<p>Haz\u00a0<strong>voluntariado<\/strong>. Inf\u00f3rmate\u00a0<a href=\"https:\/\/www.casaldelsinfants.org\/es\/que-puedes-hacer-tu\/voluntariado\/\" target=\"_blank\" rel=\"noopener\"><u>aqu\u00ed<\/u><\/a>.<\/p>\n<p>Haz un\u00a0<strong>donativo<\/strong>\u00a0<a href=\"https:\/\/www.casaldelsinfants.org\/es\/dona-ahora-verano\/\" target=\"_blank\" rel=\"noopener\"><u>aqu\u00ed<\/u><\/a>.<\/p>\n<\/blockquote>\n","protected":false},"excerpt":{"rendered":"<p>El Casal dels Infants de Badalona ha participado en el primer Bar\u00f3metro de los derechos de los ni\u00f1os, ni\u00f1as y adolescentes de Badalona, un informe pionero centrado en visibilizar y sensibilizar sobre cu\u00e1l es la situaci\u00f3n en la ciudad desde el punto de vista del grado de cumplimiento de los derechos de los ni\u00f1os y [&hellip;]<\/p>\n","protected":false},"author":1,"featured_media":2913,"comment_status":"open","ping_status":"open","sticky":false,"template":"","format":"standard","meta":{"_acf_changed":false,"_et_pb_use_builder":"","_et_pb_old_content":"","_et_gb_content_width":"","inline_featured_image":false,"footnotes":""},"categories":[125],"tags":[],"seus":[155],"eixos":[107],"class_list":["post-4210","post","type-post","status-publish","format-standard","has-post-thumbnail","hentry","category-noticias","seus-badalona","eixos-pequena-infancia"],"acf":[],"yoast_head":"<!-- This site is optimized with the Yoast SEO plugin v27.4 - https:\/\/yoast.com\/product\/yoast-seo-wordpress\/ -->\n<title>El Casal dels Infants de Badalona participa en el primer Bar\u00f3metro de los derechos de ni\u00f1os, ni\u00f1as y adolescentes de Badalona<\/title>\n<meta name=\"robots\" content=\"index, follow, max-snippet:-1, max-image-preview:large, max-video-preview:-1\" \/>\n<link rel=\"canonical\" href=\"https:\/\/www.casaldelsinfants.org\/es\/actualidad\/casal-dels-infants-participa-1r-barometro-derechos-ninos\/\" \/>\n<meta property=\"og:locale\" content=\"es_ES\" \/>\n<meta property=\"og:type\" content=\"article\" \/>\n<meta property=\"og:title\" content=\"El Casal dels Infants de Badalona participa en el primer Bar\u00f3metro de los derechos de ni\u00f1os, ni\u00f1as y adolescentes de Badalona\" \/>\n<meta property=\"og:description\" content=\"El Casal dels Infants de Badalona ha participado en el primer Bar\u00f3metro de los derechos de los ni\u00f1os, ni\u00f1as y adolescentes de Badalona, un informe pionero centrado en visibilizar y sensibilizar sobre cu\u00e1l es la situaci\u00f3n en la ciudad desde el punto de vista del grado de cumplimiento de los derechos de los ni\u00f1os y [&hellip;]\" \/>\n<meta property=\"og:url\" content=\"https:\/\/www.casaldelsinfants.org\/es\/actualidad\/casal-dels-infants-participa-1r-barometro-derechos-ninos\/\" \/>\n<meta property=\"og:site_name\" content=\"Casal dels Infants\" \/>\n<meta property=\"article:publisher\" content=\"https:\/\/www.facebook.com\/casalinfants\" \/>\n<meta property=\"article:published_time\" content=\"2022-06-29T13:41:56+00:00\" \/>\n<meta property=\"article:modified_time\" content=\"2023-06-08T10:27:15+00:00\" \/>\n<meta property=\"og:image\" content=\"https:\/\/www.casaldelsinfants.org\/wp-content\/uploads\/g9a0358-scaled.jpg\" \/>\n\t<meta property=\"og:image:width\" content=\"2560\" \/>\n\t<meta property=\"og:image:height\" content=\"1707\" \/>\n\t<meta property=\"og:image:type\" content=\"image\/jpeg\" \/>\n<meta name=\"author\" content=\"cdiAdmin\" \/>\n<meta name=\"twitter:card\" content=\"summary_large_image\" \/>\n<meta name=\"twitter:creator\" content=\"@casalinfants\" \/>\n<meta name=\"twitter:site\" content=\"@casalinfants\" \/>\n<meta name=\"twitter:label1\" content=\"Escrito por\" \/>\n\t<meta name=\"twitter:data1\" content=\"cdiAdmin\" \/>\n\t<meta name=\"twitter:label2\" content=\"Tiempo de lectura\" \/>\n\t<meta name=\"twitter:data2\" content=\"4 minutos\" \/>\n<script type=\"application\/ld+json\" class=\"yoast-schema-graph\">{\"@context\":\"https:\\\/\\\/schema.org\",\"@graph\":[{\"@type\":\"Article\",\"@id\":\"https:\\\/\\\/www.casaldelsinfants.org\\\/es\\\/actualidad\\\/casal-dels-infants-participa-1r-barometro-derechos-ninos\\\/#article\",\"isPartOf\":{\"@id\":\"https:\\\/\\\/www.casaldelsinfants.org\\\/es\\\/actualidad\\\/casal-dels-infants-participa-1r-barometro-derechos-ninos\\\/\"},\"author\":{\"name\":\"cdiAdmin\",\"@id\":\"https:\\\/\\\/www.casaldelsinfants.org\\\/es\\\/#\\\/schema\\\/person\\\/97707fc8c64900cf36891127dbf9fba8\"},\"headline\":\"El Casal dels Infants participa en el primer Bar\u00f3metro de los derechos de ni\u00f1os, ni\u00f1as y adolescentes de Badalona\",\"datePublished\":\"2022-06-29T13:41:56+00:00\",\"dateModified\":\"2023-06-08T10:27:15+00:00\",\"mainEntityOfPage\":{\"@id\":\"https:\\\/\\\/www.casaldelsinfants.org\\\/es\\\/actualidad\\\/casal-dels-infants-participa-1r-barometro-derechos-ninos\\\/\"},\"wordCount\":634,\"commentCount\":0,\"publisher\":{\"@id\":\"https:\\\/\\\/www.casaldelsinfants.org\\\/es\\\/#organization\"},\"image\":{\"@id\":\"https:\\\/\\\/www.casaldelsinfants.org\\\/es\\\/actualidad\\\/casal-dels-infants-participa-1r-barometro-derechos-ninos\\\/#primaryimage\"},\"thumbnailUrl\":\"https:\\\/\\\/www.casaldelsinfants.org\\\/wp-content\\\/uploads\\\/g9a0358-scaled.jpg\",\"articleSection\":[\"Noticia\"],\"inLanguage\":\"es\",\"potentialAction\":[{\"@type\":\"CommentAction\",\"name\":\"Comment\",\"target\":[\"https:\\\/\\\/www.casaldelsinfants.org\\\/es\\\/actualidad\\\/casal-dels-infants-participa-1r-barometro-derechos-ninos\\\/#respond\"]}]},{\"@type\":\"WebPage\",\"@id\":\"https:\\\/\\\/www.casaldelsinfants.org\\\/es\\\/actualidad\\\/casal-dels-infants-participa-1r-barometro-derechos-ninos\\\/\",\"url\":\"https:\\\/\\\/www.casaldelsinfants.org\\\/es\\\/actualidad\\\/casal-dels-infants-participa-1r-barometro-derechos-ninos\\\/\",\"name\":\"El Casal dels Infants de Badalona participa en el primer Bar\u00f3metro de los derechos de ni\u00f1os, ni\u00f1as y adolescentes de Badalona\",\"isPartOf\":{\"@id\":\"https:\\\/\\\/www.casaldelsinfants.org\\\/es\\\/#website\"},\"primaryImageOfPage\":{\"@id\":\"https:\\\/\\\/www.casaldelsinfants.org\\\/es\\\/actualidad\\\/casal-dels-infants-participa-1r-barometro-derechos-ninos\\\/#primaryimage\"},\"image\":{\"@id\":\"https:\\\/\\\/www.casaldelsinfants.org\\\/es\\\/actualidad\\\/casal-dels-infants-participa-1r-barometro-derechos-ninos\\\/#primaryimage\"},\"thumbnailUrl\":\"https:\\\/\\\/www.casaldelsinfants.org\\\/wp-content\\\/uploads\\\/g9a0358-scaled.jpg\",\"datePublished\":\"2022-06-29T13:41:56+00:00\",\"dateModified\":\"2023-06-08T10:27:15+00:00\",\"breadcrumb\":{\"@id\":\"https:\\\/\\\/www.casaldelsinfants.org\\\/es\\\/actualidad\\\/casal-dels-infants-participa-1r-barometro-derechos-ninos\\\/#breadcrumb\"},\"inLanguage\":\"es\",\"potentialAction\":[{\"@type\":\"ReadAction\",\"target\":[\"https:\\\/\\\/www.casaldelsinfants.org\\\/es\\\/actualidad\\\/casal-dels-infants-participa-1r-barometro-derechos-ninos\\\/\"]}]},{\"@type\":\"ImageObject\",\"inLanguage\":\"es\",\"@id\":\"https:\\\/\\\/www.casaldelsinfants.org\\\/es\\\/actualidad\\\/casal-dels-infants-participa-1r-barometro-derechos-ninos\\\/#primaryimage\",\"url\":\"https:\\\/\\\/www.casaldelsinfants.org\\\/wp-content\\\/uploads\\\/g9a0358-scaled.jpg\",\"contentUrl\":\"https:\\\/\\\/www.casaldelsinfants.org\\\/wp-content\\\/uploads\\\/g9a0358-scaled.jpg\",\"width\":2560,\"height\":1707,\"caption\":\"Nens en rotllana al Casal dels Infants de Badalona\"},{\"@type\":\"BreadcrumbList\",\"@id\":\"https:\\\/\\\/www.casaldelsinfants.org\\\/es\\\/actualidad\\\/casal-dels-infants-participa-1r-barometro-derechos-ninos\\\/#breadcrumb\",\"itemListElement\":[{\"@type\":\"ListItem\",\"position\":1,\"name\":\"Inici\",\"item\":\"https:\\\/\\\/www.casaldelsinfants.org\\\/es\\\/\"},{\"@type\":\"ListItem\",\"position\":2,\"name\":\"El Casal dels Infants participa en el primer Bar\u00f3metro de los derechos de ni\u00f1os, ni\u00f1as y adolescentes de Badalona\"}]},{\"@type\":\"WebSite\",\"@id\":\"https:\\\/\\\/www.casaldelsinfants.org\\\/es\\\/#website\",\"url\":\"https:\\\/\\\/www.casaldelsinfants.org\\\/es\\\/\",\"name\":\"Casal dels Infants\",\"description\":\"\",\"publisher\":{\"@id\":\"https:\\\/\\\/www.casaldelsinfants.org\\\/es\\\/#organization\"},\"potentialAction\":[{\"@type\":\"SearchAction\",\"target\":{\"@type\":\"EntryPoint\",\"urlTemplate\":\"https:\\\/\\\/www.casaldelsinfants.org\\\/es\\\/?s={search_term_string}\"},\"query-input\":{\"@type\":\"PropertyValueSpecification\",\"valueRequired\":true,\"valueName\":\"search_term_string\"}}],\"inLanguage\":\"es\"},{\"@type\":\"Organization\",\"@id\":\"https:\\\/\\\/www.casaldelsinfants.org\\\/es\\\/#organization\",\"name\":\"Casal dels Infants\",\"url\":\"https:\\\/\\\/www.casaldelsinfants.org\\\/es\\\/\",\"logo\":{\"@type\":\"ImageObject\",\"inLanguage\":\"es\",\"@id\":\"https:\\\/\\\/www.casaldelsinfants.org\\\/es\\\/#\\\/schema\\\/logo\\\/image\\\/\",\"url\":\"https:\\\/\\\/www.casaldelsinfants.org\\\/wp-content\\\/uploads\\\/logo-mail.png\",\"contentUrl\":\"https:\\\/\\\/www.casaldelsinfants.org\\\/wp-content\\\/uploads\\\/logo-mail.png\",\"width\":380,\"height\":158,\"caption\":\"Casal dels Infants\"},\"image\":{\"@id\":\"https:\\\/\\\/www.casaldelsinfants.org\\\/es\\\/#\\\/schema\\\/logo\\\/image\\\/\"},\"sameAs\":[\"https:\\\/\\\/www.facebook.com\\\/casalinfants\",\"https:\\\/\\\/x.com\\\/casalinfants\",\"https:\\\/\\\/www.youtube.com\\\/user\\\/CasaldelsInfants1\",\"https:\\\/\\\/www.instagram.com\\\/casalinfants\\\/\",\"https:\\\/\\\/www.linkedin.com\\\/company\\\/casaldelsinfants?trk=organization-update_share-update_actor-text\"]},{\"@type\":\"Person\",\"@id\":\"https:\\\/\\\/www.casaldelsinfants.org\\\/es\\\/#\\\/schema\\\/person\\\/97707fc8c64900cf36891127dbf9fba8\",\"name\":\"cdiAdmin\",\"sameAs\":[\"https:\\\/\\\/casaldelsinfants.org\"]}]}<\/script>\n<!-- \/ Yoast SEO plugin. -->","yoast_head_json":{"title":"El Casal dels Infants de Badalona participa en el primer Bar\u00f3metro de los derechos de ni\u00f1os, ni\u00f1as y adolescentes de Badalona","robots":{"index":"index","follow":"follow","max-snippet":"max-snippet:-1","max-image-preview":"max-image-preview:large","max-video-preview":"max-video-preview:-1"},"canonical":"https:\/\/www.casaldelsinfants.org\/es\/actualidad\/casal-dels-infants-participa-1r-barometro-derechos-ninos\/","og_locale":"es_ES","og_type":"article","og_title":"El Casal dels Infants de Badalona participa en el primer Bar\u00f3metro de los derechos de ni\u00f1os, ni\u00f1as y adolescentes de Badalona","og_description":"El Casal dels Infants de Badalona ha participado en el primer Bar\u00f3metro de los derechos de los ni\u00f1os, ni\u00f1as y adolescentes de Badalona, un informe pionero centrado en visibilizar y sensibilizar sobre cu\u00e1l es la situaci\u00f3n en la ciudad desde el punto de vista del grado de cumplimiento de los derechos de los ni\u00f1os y [&hellip;]","og_url":"https:\/\/www.casaldelsinfants.org\/es\/actualidad\/casal-dels-infants-participa-1r-barometro-derechos-ninos\/","og_site_name":"Casal dels Infants","article_publisher":"https:\/\/www.facebook.com\/casalinfants","article_published_time":"2022-06-29T13:41:56+00:00","article_modified_time":"2023-06-08T10:27:15+00:00","og_image":[{"width":2560,"height":1707,"url":"https:\/\/www.casaldelsinfants.org\/wp-content\/uploads\/g9a0358-scaled.jpg","type":"image\/jpeg"}],"author":"cdiAdmin","twitter_card":"summary_large_image","twitter_creator":"@casalinfants","twitter_site":"@casalinfants","twitter_misc":{"Escrito por":"cdiAdmin","Tiempo de lectura":"4 minutos"},"schema":{"@context":"https:\/\/schema.org","@graph":[{"@type":"Article","@id":"https:\/\/www.casaldelsinfants.org\/es\/actualidad\/casal-dels-infants-participa-1r-barometro-derechos-ninos\/#article","isPartOf":{"@id":"https:\/\/www.casaldelsinfants.org\/es\/actualidad\/casal-dels-infants-participa-1r-barometro-derechos-ninos\/"},"author":{"name":"cdiAdmin","@id":"https:\/\/www.casaldelsinfants.org\/es\/#\/schema\/person\/97707fc8c64900cf36891127dbf9fba8"},"headline":"El Casal dels Infants participa en el primer Bar\u00f3metro de los derechos de ni\u00f1os, ni\u00f1as y adolescentes de Badalona","datePublished":"2022-06-29T13:41:56+00:00","dateModified":"2023-06-08T10:27:15+00:00","mainEntityOfPage":{"@id":"https:\/\/www.casaldelsinfants.org\/es\/actualidad\/casal-dels-infants-participa-1r-barometro-derechos-ninos\/"},"wordCount":634,"commentCount":0,"publisher":{"@id":"https:\/\/www.casaldelsinfants.org\/es\/#organization"},"image":{"@id":"https:\/\/www.casaldelsinfants.org\/es\/actualidad\/casal-dels-infants-participa-1r-barometro-derechos-ninos\/#primaryimage"},"thumbnailUrl":"https:\/\/www.casaldelsinfants.org\/wp-content\/uploads\/g9a0358-scaled.jpg","articleSection":["Noticia"],"inLanguage":"es","potentialAction":[{"@type":"CommentAction","name":"Comment","target":["https:\/\/www.casaldelsinfants.org\/es\/actualidad\/casal-dels-infants-participa-1r-barometro-derechos-ninos\/#respond"]}]},{"@type":"WebPage","@id":"https:\/\/www.casaldelsinfants.org\/es\/actualidad\/casal-dels-infants-participa-1r-barometro-derechos-ninos\/","url":"https:\/\/www.casaldelsinfants.org\/es\/actualidad\/casal-dels-infants-participa-1r-barometro-derechos-ninos\/","name":"El Casal dels Infants de Badalona participa en el primer Bar\u00f3metro de los derechos de ni\u00f1os, ni\u00f1as y adolescentes de Badalona","isPartOf":{"@id":"https:\/\/www.casaldelsinfants.org\/es\/#website"},"primaryImageOfPage":{"@id":"https:\/\/www.casaldelsinfants.org\/es\/actualidad\/casal-dels-infants-participa-1r-barometro-derechos-ninos\/#primaryimage"},"image":{"@id":"https:\/\/www.casaldelsinfants.org\/es\/actualidad\/casal-dels-infants-participa-1r-barometro-derechos-ninos\/#primaryimage"},"thumbnailUrl":"https:\/\/www.casaldelsinfants.org\/wp-content\/uploads\/g9a0358-scaled.jpg","datePublished":"2022-06-29T13:41:56+00:00","dateModified":"2023-06-08T10:27:15+00:00","breadcrumb":{"@id":"https:\/\/www.casaldelsinfants.org\/es\/actualidad\/casal-dels-infants-participa-1r-barometro-derechos-ninos\/#breadcrumb"},"inLanguage":"es","potentialAction":[{"@type":"ReadAction","target":["https:\/\/www.casaldelsinfants.org\/es\/actualidad\/casal-dels-infants-participa-1r-barometro-derechos-ninos\/"]}]},{"@type":"ImageObject","inLanguage":"es","@id":"https:\/\/www.casaldelsinfants.org\/es\/actualidad\/casal-dels-infants-participa-1r-barometro-derechos-ninos\/#primaryimage","url":"https:\/\/www.casaldelsinfants.org\/wp-content\/uploads\/g9a0358-scaled.jpg","contentUrl":"https:\/\/www.casaldelsinfants.org\/wp-content\/uploads\/g9a0358-scaled.jpg","width":2560,"height":1707,"caption":"Nens en rotllana al Casal dels Infants de Badalona"},{"@type":"BreadcrumbList","@id":"https:\/\/www.casaldelsinfants.org\/es\/actualidad\/casal-dels-infants-participa-1r-barometro-derechos-ninos\/#breadcrumb","itemListElement":[{"@type":"ListItem","position":1,"name":"Inici","item":"https:\/\/www.casaldelsinfants.org\/es\/"},{"@type":"ListItem","position":2,"name":"El Casal dels Infants participa en el primer Bar\u00f3metro de los derechos de ni\u00f1os, ni\u00f1as y adolescentes de Badalona"}]},{"@type":"WebSite","@id":"https:\/\/www.casaldelsinfants.org\/es\/#website","url":"https:\/\/www.casaldelsinfants.org\/es\/","name":"Casal dels Infants","description":"","publisher":{"@id":"https:\/\/www.casaldelsinfants.org\/es\/#organization"},"potentialAction":[{"@type":"SearchAction","target":{"@type":"EntryPoint","urlTemplate":"https:\/\/www.casaldelsinfants.org\/es\/?s={search_term_string}"},"query-input":{"@type":"PropertyValueSpecification","valueRequired":true,"valueName":"search_term_string"}}],"inLanguage":"es"},{"@type":"Organization","@id":"https:\/\/www.casaldelsinfants.org\/es\/#organization","name":"Casal dels Infants","url":"https:\/\/www.casaldelsinfants.org\/es\/","logo":{"@type":"ImageObject","inLanguage":"es","@id":"https:\/\/www.casaldelsinfants.org\/es\/#\/schema\/logo\/image\/","url":"https:\/\/www.casaldelsinfants.org\/wp-content\/uploads\/logo-mail.png","contentUrl":"https:\/\/www.casaldelsinfants.org\/wp-content\/uploads\/logo-mail.png","width":380,"height":158,"caption":"Casal dels Infants"},"image":{"@id":"https:\/\/www.casaldelsinfants.org\/es\/#\/schema\/logo\/image\/"},"sameAs":["https:\/\/www.facebook.com\/casalinfants","https:\/\/x.com\/casalinfants","https:\/\/www.youtube.com\/user\/CasaldelsInfants1","https:\/\/www.instagram.com\/casalinfants\/","https:\/\/www.linkedin.com\/company\/casaldelsinfants?trk=organization-update_share-update_actor-text"]},{"@type":"Person","@id":"https:\/\/www.casaldelsinfants.org\/es\/#\/schema\/person\/97707fc8c64900cf36891127dbf9fba8","name":"cdiAdmin","sameAs":["https:\/\/casaldelsinfants.org"]}]}},"publishpress_future_action":{"enabled":false,"date":"2026-05-09 04:58:00","action":"change-status","newStatus":"draft","terms":[],"taxonomy":"category","extraData":[]},"publishpress_future_workflow_manual_trigger":{"enabledWorkflows":[]},"_links":{"self":[{"href":"https:\/\/www.casaldelsinfants.org\/es\/wp-json\/wp\/v2\/posts\/4210","targetHints":{"allow":["GET"]}}],"collection":[{"href":"https:\/\/www.casaldelsinfants.org\/es\/wp-json\/wp\/v2\/posts"}],"about":[{"href":"https:\/\/www.casaldelsinfants.org\/es\/wp-json\/wp\/v2\/types\/post"}],"author":[{"embeddable":true,"href":"https:\/\/www.casaldelsinfants.org\/es\/wp-json\/wp\/v2\/users\/1"}],"replies":[{"embeddable":true,"href":"https:\/\/www.casaldelsinfants.org\/es\/wp-json\/wp\/v2\/comments?post=4210"}],"version-history":[{"count":2,"href":"https:\/\/www.casaldelsinfants.org\/es\/wp-json\/wp\/v2\/posts\/4210\/revisions"}],"predecessor-version":[{"id":11943,"href":"https:\/\/www.casaldelsinfants.org\/es\/wp-json\/wp\/v2\/posts\/4210\/revisions\/11943"}],"wp:featuredmedia":[{"embeddable":true,"href":"https:\/\/www.casaldelsinfants.org\/es\/wp-json\/wp\/v2\/media\/2913"}],"wp:attachment":[{"href":"https:\/\/www.casaldelsinfants.org\/es\/wp-json\/wp\/v2\/media?parent=4210"}],"wp:term":[{"taxonomy":"category","embeddable":true,"href":"https:\/\/www.casaldelsinfants.org\/es\/wp-json\/wp\/v2\/categories?post=4210"},{"taxonomy":"post_tag","embeddable":true,"href":"https:\/\/www.casaldelsinfants.org\/es\/wp-json\/wp\/v2\/tags?post=4210"},{"taxonomy":"seus","embeddable":true,"href":"https:\/\/www.casaldelsinfants.org\/es\/wp-json\/wp\/v2\/seus?post=4210"},{"taxonomy":"eixos","embeddable":true,"href":"https:\/\/www.casaldelsinfants.org\/es\/wp-json\/wp\/v2\/eixos?post=4210"}],"curies":[{"name":"wp","href":"https:\/\/api.w.org\/{rel}","templated":true}]}}